{"id":355091,"date":"2023-10-03T05:58:21","date_gmt":"2023-10-03T03:58:21","guid":{"rendered":"https:\/\/www.radiopiu.net\/wordpress\/?p=355091"},"modified":"2023-10-03T06:58:43","modified_gmt":"2023-10-03T04:58:43","slug":"dillo-a-radio-piu-ancora-disservizi-dolomitibus","status":"publish","type":"post","link":"https:\/\/www.radiopiu.net\/wordpress\/dillo-a-radio-piu-ancora-disservizi-dolomitibus\/","title":{"rendered":"DILLO A RADIO PIU&#8217;&#8230;ANCORA DISSERVIZI DOLOMITIBUS"},"content":{"rendered":"<p><strong><a class=\"dt-pswp-item\" href=\"https:\/\/www.radiopiu.net\/wordpress\/wp-content\/uploads\/2020\/06\/bac1e271-d4cb-4f10-b12b-dad19da85e7a.jpg\" data-dt-img-description=\"\" data-large_image_width=\"2048\" data-large_image_height=\"1536\"><img loading=\"lazy\" decoding=\"async\" class=\" wp-image-144901 alignleft\" src=\"https:\/\/www.radiopiu.net\/wordpress\/wp-content\/uploads\/2020\/06\/bac1e271-d4cb-4f10-b12b-dad19da85e7a-300x225.jpg\" alt=\"\" width=\"184\" height=\"138\" srcset=\"https:\/\/www.radiopiu.net\/wordpress\/wp-content\/uploads\/2020\/06\/bac1e271-d4cb-4f10-b12b-dad19da85e7a-300x225.jpg 300w, https:\/\/www.radiopiu.net\/wordpress\/wp-content\/uploads\/2020\/06\/bac1e271-d4cb-4f10-b12b-dad19da85e7a-1024x768.jpg 1024w, https:\/\/www.radiopiu.net\/wordpress\/wp-content\/uploads\/2020\/06\/bac1e271-d4cb-4f10-b12b-dad19da85e7a-768x576.jpg 768w, https:\/\/www.radiopiu.net\/wordpress\/wp-content\/uploads\/2020\/06\/bac1e271-d4cb-4f10-b12b-dad19da85e7a-1536x1152.jpg 1536w, https:\/\/www.radiopiu.net\/wordpress\/wp-content\/uploads\/2020\/06\/bac1e271-d4cb-4f10-b12b-dad19da85e7a.jpg 2048w\" sizes=\"auto, (max-width: 184px) 100vw, 184px\" \/><\/a>RICEVIAMO E PUBBLICHIAMO<\/strong><\/p>\n<p>Iniziamo bene la settimana. Non \u00e8 certo una novit\u00e0 che la Dolomitibus pi\u00f9 che dare dei servizi \u00e8 maestra nei disservizi. Tanto per cambiare da inizio anno scolastico sulla tratta Agordo-Belluno e viceversa i problemi sono all&#8217;ordine del giorno. Studenti lasciati a piedi, fermate non rispettate e, anche oggi, sulla corsa delle 7 Agordo-Belluno chi aspettava di salire alle Campe in Comune di La Valle Agordina ha solo visto passare i mezzi ed \u00e8 rimasto a piedi, nessun bus si \u00e8 fermato. Voglio anche accennare al sovrannumero dei passeggeri sui mezzi, ammucchiati come sardine in scatola, alla faccia della sicurezza. Mi risulta per\u00f2 che l&#8217;abbonamento noi genitori lo abbiamo pagato e anche non poco e per tanto si pretende di avere un servizio adeguato. Oggi ho dovuto fare da taxi a mia figlia ed altri ragazzi rimasti a piedi alle Campe e al Mas di Sedico entrando a scuola alla seconda ora. Rivolgo anche un appello agli amministratori locali e provinciali se avete a cuore il vostro\/nostro territorio e la gente che rappresentate provate ad alzare\u00a0 la voce perch\u00e9 ormai in tutta la vallata Agordina il servizio di autotrasporto \u00e8 alla frutta.<\/p>\n<p>Massimo Sommariva<\/p>\n<p>&nbsp;<\/p>\n<p>&nbsp;<\/p>\n<p>*******<\/p>\n","protected":false},"excerpt":{"rendered":"<p>RICEVIAMO E PUBBLICHIAMO Iniziamo bene la settimana. Non \u00e8 certo una novit\u00e0 che la Dolomitibus pi\u00f9 che dare dei servizi \u00e8 maestra nei disservizi. Tanto per cambiare da inizio anno scolastico sulla tratta Agordo-Belluno e viceversa i problemi sono all&#8217;ordine del giorno. Studenti lasciati a piedi, fermate non rispettate e, anche oggi, sulla corsa delle&hellip;<\/p>\n","protected":false},"author":4,"featured_media":144901,"comment_status":"closed","ping_status":"closed","sticky":false,"template":"","format":"standard","meta":{"_monsterinsights_skip_tracking":false,"_monsterinsights_sitenote_active":false,"_monsterinsights_sitenote_note":"","_monsterinsights_sitenote_category":0,"footnotes":""},"categories":[51,49],"tags":[],"class_list":["post-355091","post","type-post","status-publish","format-standard","has-post-thumbnail","hentry","category-evidenza-top","category-news-18","category-51","category-49","description-off"],"img_url":"https:\/\/www.radiopiu.net\/wordpress\/wp-content\/uploads\/2020\/06\/bac1e271-d4cb-4f10-b12b-dad19da85e7a.jpg","_links":{"self":[{"href":"https:\/\/www.radiopiu.net\/wordpress\/wp-json\/wp\/v2\/posts\/355091","targetHints":{"allow":["GET"]}}],"collection":[{"href":"https:\/\/www.radiopiu.net\/wordpress\/wp-json\/wp\/v2\/posts"}],"about":[{"href":"https:\/\/www.radiopiu.net\/wordpress\/wp-json\/wp\/v2\/types\/post"}],"author":[{"embeddable":true,"href":"https:\/\/www.radiopiu.net\/wordpress\/wp-json\/wp\/v2\/users\/4"}],"replies":[{"embeddable":true,"href":"https:\/\/www.radiopiu.net\/wordpress\/wp-json\/wp\/v2\/comments?post=355091"}],"version-history":[{"count":0,"href":"https:\/\/www.radiopiu.net\/wordpress\/wp-json\/wp\/v2\/posts\/355091\/revisions"}],"wp:featuredmedia":[{"embeddable":true,"href":"https:\/\/www.radiopiu.net\/wordpress\/wp-json\/wp\/v2\/media\/144901"}],"wp:attachment":[{"href":"https:\/\/www.radiopiu.net\/wordpress\/wp-json\/wp\/v2\/media?parent=355091"}],"wp:term":[{"taxonomy":"category","embeddable":true,"href":"https:\/\/www.radiopiu.net\/wordpress\/wp-json\/wp\/v2\/categories?post=355091"},{"taxonomy":"post_tag","embeddable":true,"href":"https:\/\/www.radiopiu.net\/wordpress\/wp-json\/wp\/v2\/tags?post=355091"}],"curies":[{"name":"wp","href":"https:\/\/api.w.org\/{rel}","templated":true}]}}