{"id":355137,"date":"2023-10-03T05:23:06","date_gmt":"2023-10-03T03:23:06","guid":{"rendered":"https:\/\/www.radiopiu.net\/wordpress\/?p=355137"},"modified":"2023-10-03T05:23:06","modified_gmt":"2023-10-03T03:23:06","slug":"auguri-amabile-107-anni-di-vita-vissuta","status":"publish","type":"post","link":"https:\/\/www.radiopiu.net\/wordpress\/auguri-amabile-107-anni-di-vita-vissuta\/","title":{"rendered":"AUGURI AMABILE! 107 ANNI DI VITA VISSUTA"},"content":{"rendered":"<div class=\"flex-1 overflow-hidden\">\n<div class=\"react-scroll-to-bottom--css-chpme-79elbk h-full dark:bg-gray-800\">\n<div class=\"react-scroll-to-bottom--css-chpme-1n7m0yu\">\n<div class=\"flex flex-col text-sm dark:bg-gray-800\">\n<div class=\"group w-full text-token-text-primary border-b border-black\/10 gizmo:border-0 dark:border-gray-900\/50 gizmo:dark:border-0 bg-gray-50 gizmo:bg-transparent dark:bg-[#444654] gizmo:dark:bg-transparent\" data-testid=\"conversation-turn-5\">\n<div class=\"p-4 justify-center text-base md:gap-6 md:py-6 m-auto\">\n<div class=\"flex flex-1 gap-4 text-base mx-auto md:gap-6 gizmo:gap-3 gizmo:md:px-5 gizmo:lg:px-1 gizmo:xl:px-5 md:max-w-2xl lg:max-w-[38rem] gizmo:md:max-w-3xl gizmo:lg:max-w-[40rem] gizmo:xl:max-w-[48rem] xl:max-w-3xl }\">\n<div class=\"relative flex w-[calc(100%-50px)] flex-col gap-1 gizmo:w-full md:gap-3 lg:w-[calc(100%-115px)] agent-turn\">\n<div class=\"flex flex-grow flex-col gap-3 max-w-full\">\n<div class=\"min-h-[20px] flex flex-col items-start gap-3 overflow-x-auto whitespace-pre-wrap break-words\">\n<div class=\"markdown prose w-full break-words dark:prose-invert light\">\n<p><strong><img decoding=\"async\" class=\"alignleft\" src=\"https:\/\/www.radiopiu.net\/wordpress\/wp-content\/uploads\/2023\/10\/Senza-nome-4.png\" \/>BORGO VALBELLUNA <\/strong>Amabile Deola ha festeggiato il suo 107\u00ba compleanno, attribuisce il suo segreto per una lunga vita al mangiare con gusto, dormire fino alle 10 del mattino e affrontare la vita con tranquillit\u00e0. Nonostante la sua et\u00e0, ha vissuto una vita avventurosa, attraversando due guerre mondiali, periodi di emigrazione, leggi razziali e bombardamenti. Cresciuta in una famiglia numerosa, ha imparato a leggere e scrivere durante gli anni Venti. Successivamente, \u00e8 stata mandata a Napoli per lavorare come domestica, un&#8217;esperienza che le ha lasciato un ricordo positivo della citt\u00e0. Amabile,\u00a0 la donna pi\u00f9 anziana di Borgo Valbelluna e una delle pi\u00f9 anziane della provincia. La sua vita attuale trascorre a Nave, dove \u00e8 accudita dalla sua famiglia. \u00c8 una donna energica che ama leggere, guardare la televisione e seguire programmi di cucina.<\/p>\n<\/div>\n<p>::::<\/p>\n<\/div>\n<\/div>\n<\/div>\n<\/div>\n<\/div>\n<\/div>\n<\/div>\n<\/div>\n<\/div>\n<\/div>\n","protected":false},"excerpt":{"rendered":"<p>BORGO VALBELLUNA Amabile Deola ha festeggiato il suo 107\u00ba compleanno, attribuisce il suo segreto per una lunga vita al mangiare con gusto, dormire fino alle 10 del mattino e affrontare la vita con tranquillit\u00e0. Nonostante la sua et\u00e0, ha vissuto una vita avventurosa, attraversando due guerre mondiali, periodi di emigrazione, leggi razziali e bombardamenti. Cresciuta&hellip;<\/p>\n","protected":false},"author":4,"featured_media":355136,"comment_status":"closed","ping_status":"closed","sticky":false,"template":"","format":"standard","meta":{"_monsterinsights_skip_tracking":false,"_monsterinsights_sitenote_active":false,"_monsterinsights_sitenote_note":"","_monsterinsights_sitenote_category":0,"footnotes":""},"categories":[104,49],"tags":[],"class_list":["post-355137","post","type-post","status-publish","format-standard","has-post-thumbnail","hentry","category-evidenza_3","category-news-18","category-104","category-49","description-off"],"img_url":"https:\/\/www.radiopiu.net\/wordpress\/wp-content\/uploads\/2023\/10\/Senza-nome-4.png","_links":{"self":[{"href":"https:\/\/www.radiopiu.net\/wordpress\/wp-json\/wp\/v2\/posts\/355137","targetHints":{"allow":["GET"]}}],"collection":[{"href":"https:\/\/www.radiopiu.net\/wordpress\/wp-json\/wp\/v2\/posts"}],"about":[{"href":"https:\/\/www.radiopiu.net\/wordpress\/wp-json\/wp\/v2\/types\/post"}],"author":[{"embeddable":true,"href":"https:\/\/www.radiopiu.net\/wordpress\/wp-json\/wp\/v2\/users\/4"}],"replies":[{"embeddable":true,"href":"https:\/\/www.radiopiu.net\/wordpress\/wp-json\/wp\/v2\/comments?post=355137"}],"version-history":[{"count":0,"href":"https:\/\/www.radiopiu.net\/wordpress\/wp-json\/wp\/v2\/posts\/355137\/revisions"}],"wp:featuredmedia":[{"embeddable":true,"href":"https:\/\/www.radiopiu.net\/wordpress\/wp-json\/wp\/v2\/media\/355136"}],"wp:attachment":[{"href":"https:\/\/www.radiopiu.net\/wordpress\/wp-json\/wp\/v2\/media?parent=355137"}],"wp:term":[{"taxonomy":"category","embeddable":true,"href":"https:\/\/www.radiopiu.net\/wordpress\/wp-json\/wp\/v2\/categories?post=355137"},{"taxonomy":"post_tag","embeddable":true,"href":"https:\/\/www.radiopiu.net\/wordpress\/wp-json\/wp\/v2\/tags?post=355137"}],"curies":[{"name":"wp","href":"https:\/\/api.w.org\/{rel}","templated":true}]}}