{"id":355151,"date":"2023-10-03T07:55:20","date_gmt":"2023-10-03T05:55:20","guid":{"rendered":"https:\/\/www.radiopiu.net\/wordpress\/?p=355151"},"modified":"2023-10-03T08:34:07","modified_gmt":"2023-10-03T06:34:07","slug":"dal-1983-la-rassegna-stampa-locale-loriginale-alle-705-tutti-i-giorni-le-anticipazioni-per-chi-va-di-fretta","status":"publish","type":"post","link":"https:\/\/www.radiopiu.net\/wordpress\/dal-1983-la-rassegna-stampa-locale-loriginale-alle-705-tutti-i-giorni-le-anticipazioni-per-chi-va-di-fretta\/","title":{"rendered":"DAL 1983 LA RASSEGNA STAMPA LOCALE, L&#8217;ORIGINALE. alle 705 tutti i giorni le anticipazioni per chi va di fretta"},"content":{"rendered":"<p>&nbsp;<\/p>\n<p><iframe loading=\"lazy\" title=\"DAL 1983 LA RASSEGNA STAMPA LOCALE, L&#039;ORIGINALE. alle 705 tutti i giorni le anticipazioni per chi va\" width=\"1200\" height=\"675\" src=\"https:\/\/www.youtube.com\/embed\/xOFYT5zCr0g?feature=oembed\" frameborder=\"0\" allow=\"accelerometer; autoplay; clipboard-write; encrypted-media; gyroscope; picture-in-picture; web-share\" allowfullscreen><\/iframe><\/p>\n<p>&nbsp;<\/p>\n<p>&nbsp;<\/p>\n<p>&nbsp;<\/p>\n<p>BELLUNO Una provincia protesta e il Governo non l&#8217;ascolta, anzi stanzia altri 20 milioni per la pista da bob di Cortina per rendere pi\u00f9 appetibile l&#8217;offerta alla ditta che si prender\u00e0 la &#8220;grana&#8221;, il 2026 \u00e8 vicino. Anche il sindaco di Cortina insiste &#8220;S&#8217;ha da fare qui&#8221;. FERMI I CANTIERI OLIMPICI E I SERVIZI ALLA POPOLAZIONE. IL COMITATO CIVICO NON CI STA. A TORINO LUCA ZAIA INSISTE PER GLI INVESTIMENTI A CORTINA E BOCCIA CESANA.<br \/>\nAURONZO Ritiro della Lazio con sanzione. Il Comune dovr\u00e0 pagare 21 mila euro per non aver rispettato gli accordi non garantendo ospitalit\u00e0 all&#8217;Under 16.<br \/>\nBELLUNO Tecnico olistico con 3500 clienti, evasore totale per almeno mezzo milione di euro. Tanti i clienti anche da fuori provincia. Operazione della Guardia di Finanza.<br \/>\nAGORDO Medico spiava i dati della ex, \u00e8 accusato di accesso abusivo al sistema informatico, sospeso per sei mesi e poi reintegrato.<br \/>\nEMERGENZA MIGRANTI, I SOLITI 13 DAL PREFETTO. GLI ALTRI GIRANO L&#8217;ANGOLO<br \/>\n203 agordina SEDICO &#8211; ALLEGHE SEDICO 203 agordina senso unico Fino al 20 ottobre, esclusi sabati e domeniche,\u00a0 tra Peron e La Stanga. ALLEGHE in centro:\u00a0 Interdizione totale nel corso della notte, dalle 20.30 alle 5.30, deviazioni sulla viabilit\u00e0 comunale in riva al lago (con semaforo) divieto ai mezzi oltre 7,5 tonnellate)<br \/>\nTRASPORTI K.O. A BELLUNO. LA UIL DENUNCIA IL PROBLEMA<br \/>\nINAUGURATA LA TERZA EDIZIONE HORECA A LONGARONE FIERE<\/p>\n<p>MEL Festeggia 107 anni, Amabile la nonna dell&#8217;intera provincia. &#8220;A ballare non vado, ma dormo fino alle 10 e prendo la vita con tranquillit\u00e0&#8221;.<\/p>\n<p>LONGARONE Horeca, sar\u00e0 un altro successo di Longarone Fiere, attesi almeno 6000 visitatori.<br \/>\nIERI SERA CONSIGLIO DELL&#8217;UNIONE MONTANA AGORDINA, LE ULTIME NOVITA&#8217; SULLA QUESTIONE &#8220;CASA DI SOGGIORNO DI TAIBON AGORDINO&#8221; in podcast su tutti i canali social di radiopiu LA POLITICA DEL &#8220;VOLEMOSE BEN&#8221; CONSIDERAZIONI DI UN SINDACO, ANDREA DE BERNARDIN<br \/>\nOGGI CONSIGLIO COMUNALE A FALCADE<br \/>\nLA FANFARA CONGEDATI DELLA BRIGATA ALPINA CADORE TORNA AD AGORDO, SABATO ALLE 15.30 SFILATA IN PIAZZA E ALLE 20.30 IL CONCERTO AL PALALUXOTTICA ingresso gratuito.\u00a0 OGGI ALLE 13.00\u00a0 E QUESTA SERA ALLE 20.30 LO SPECIALE ALLA RADIO CON ALESSANDRO SAVIO E GIOVANNI DA PRA<br \/>\nDAL 13 AL 15 OTTOBRE RIVA L&#8217;OKTOBERFEST A RIVAMONTE OGGI ALLE 16.30 LO SPECIALE ALLA RADIO CON GIACOMO BRESSAN<br \/>\nLIVINALLONGO Grande festa a Villa San Giuseppe di Livinallongo. Sabato 14 ottobre sar\u00e0 un lungo pomeriggio tra cultura, musica e convivialit\u00e0. Ad aprire l&#8217;evento l&#8217;intervista a Manolo, Maurizio Zanolla si racconter\u00e0 al pubblico. Dalle 18 la musica dei Tirataie e alle 19 l&#8217;apricena con piatti tipici.<\/p>\n<p>OGGI ALLA RADIO, il nuovo palinsesto autunnale tante novit\u00e0: ALLE 7.05 LA RASSEGNA STAMPA FLASH PER CHI VA DI FRETTA, GLI APPRODONDIMENTI ALLE 8.05 NELLA STORICA RASSEGNA STAMPA LOCALE, L&#8217;ORIGINALE. ALLE 9.50 Alex CON IL COUNTRY ALLE 10.30 E 1900 VOCI RIBELLI CON Alessia E AMICI ALLE 13.05 E 2030 SPECIALE FANFARA AD AGORDO CON Giovanni Da Pra E Alessandro Savio ALLE 16.30 OKTOBERFEST A RIVAMONTE CON Giacomo Bressan radio piu&#8217;&#8230;. immagina non ci fosse&#8230;..<\/p>\n<p>HOCKEY SU GHIACCIO GLI MVP DI ALLEGHE &#8211; CORTINA: GABRIEL VINATZER E ALESSANDRO FRESCURA<br \/>\nMOTORI ALLA CIVIDALE CASTELMONTE UN&#8217;ALTRO PODIO PER DENIS MEZZACASA<br \/>\nCORSA RITORNA LA 24 ORE DI SAN MARTINO DELLA PRO LOCO PIEVE CASTIONESE<\/p>\n","protected":false},"excerpt":{"rendered":"<p>&nbsp; &nbsp; &nbsp; &nbsp; BELLUNO Una provincia protesta e il Governo non l&#8217;ascolta, anzi stanzia altri 20 milioni per la pista da bob di Cortina per rendere pi\u00f9 appetibile l&#8217;offerta alla ditta che si prender\u00e0 la &#8220;grana&#8221;, il 2026 \u00e8 vicino. Anche il sindaco di Cortina insiste &#8220;S&#8217;ha da fare qui&#8221;. FERMI I CANTIERI OLIMPICI&hellip;<\/p>\n","protected":false},"author":4,"featured_media":355152,"comment_status":"closed","ping_status":"closed","sticky":false,"template":"","format":"standard","meta":{"_monsterinsights_skip_tracking":false,"_monsterinsights_sitenote_active":false,"_monsterinsights_sitenote_note":"","_monsterinsights_sitenote_category":0,"footnotes":""},"categories":[51,49,142],"tags":[],"class_list":["post-355151","post","type-post","status-publish","format-standard","has-post-thumbnail","hentry","category-evidenza-top","category-news-18","category-rassegna-stampa","category-51","category-49","category-142","description-off"],"img_url":"https:\/\/www.radiopiu.net\/wordpress\/wp-content\/uploads\/2023\/10\/copertina.png","_links":{"self":[{"href":"https:\/\/www.radiopiu.net\/wordpress\/wp-json\/wp\/v2\/posts\/355151","targetHints":{"allow":["GET"]}}],"collection":[{"href":"https:\/\/www.radiopiu.net\/wordpress\/wp-json\/wp\/v2\/posts"}],"about":[{"href":"https:\/\/www.radiopiu.net\/wordpress\/wp-json\/wp\/v2\/types\/post"}],"author":[{"embeddable":true,"href":"https:\/\/www.radiopiu.net\/wordpress\/wp-json\/wp\/v2\/users\/4"}],"replies":[{"embeddable":true,"href":"https:\/\/www.radiopiu.net\/wordpress\/wp-json\/wp\/v2\/comments?post=355151"}],"version-history":[{"count":0,"href":"https:\/\/www.radiopiu.net\/wordpress\/wp-json\/wp\/v2\/posts\/355151\/revisions"}],"wp:featuredmedia":[{"embeddable":true,"href":"https:\/\/www.radiopiu.net\/wordpress\/wp-json\/wp\/v2\/media\/355152"}],"wp:attachment":[{"href":"https:\/\/www.radiopiu.net\/wordpress\/wp-json\/wp\/v2\/media?parent=355151"}],"wp:term":[{"taxonomy":"category","embeddable":true,"href":"https:\/\/www.radiopiu.net\/wordpress\/wp-json\/wp\/v2\/categories?post=355151"},{"taxonomy":"post_tag","embeddable":true,"href":"https:\/\/www.radiopiu.net\/wordpress\/wp-json\/wp\/v2\/tags?post=355151"}],"curies":[{"name":"wp","href":"https:\/\/api.w.org\/{rel}","templated":true}]}}