{"id":355157,"date":"2023-10-03T07:58:33","date_gmt":"2023-10-03T05:58:33","guid":{"rendered":"https:\/\/www.radiopiu.net\/wordpress\/?p=355157"},"modified":"2023-10-03T08:34:52","modified_gmt":"2023-10-03T06:34:52","slug":"regionale-203-agordina-cantiere-peron-la-stanga-il-mistero-del-semaforo-che-non-ce","status":"publish","type":"post","link":"https:\/\/www.radiopiu.net\/wordpress\/regionale-203-agordina-cantiere-peron-la-stanga-il-mistero-del-semaforo-che-non-ce\/","title":{"rendered":"REGIONALE 203 AGORDINA, CANTIERE PERON-LA STANGA &#8220;IL MISTERO DEL SEMAFORO CHE NON C&#8217;E'&#8221;"},"content":{"rendered":"<p>&nbsp;<\/p>\n<h1><\/h1>\n<div class=\"chat-input chat-input-main\">\n<div class=\"chat-input-container chat-input-main-container\">\n<div class=\"rows-wrapper-wrapper\">\n<div class=\"rows-wrapper chat-input-wrapper chat-input-main-wrapper\">\n<div class=\"new-message-wrapper rows-wrapper-row\"><\/div>\n<\/div>\n<\/div>\n<\/div>\n<\/div>\n<p><strong><img loading=\"lazy\" decoding=\"async\" class=\"alignleft\" src=\"https:\/\/www.radiopiu.net\/wordpress\/wp-content\/uploads\/2018\/06\/semaforo.jpg\" width=\"348\" height=\"232\" \/>BELLUNO<\/strong> La fonte \u00e8 garantita, perch\u00e9 Roberto questa mattina\u00a0 ha\u00a0 accompagnare la figlia a Belluno, inevitabile il viaggio lungo la nota regionale 203 agordina in questi giorni &#8220;frantumata&#8221; in parTe per l&#8217;ennesimo cantiere. Il raCconto di Roberto \u00e8 di quelli su cui riflettere, almeno perch\u00e9 la situazione non si ripeta.<\/p>\n<p>&nbsp;<\/p>\n<p>&#8220;Questa mattina erano le 5:40 quando sono sceso e 6:25 quando son sono risalito e garantisco che non c&#8217;\u00e8 semaforo in senso verso Agordo, solo una perdita di tempo per noi che scendevamo. Ho accompagnato mia figlia a Belluno alla stazione, in localit\u00e0 la Stanga precisamente 150 metri dopo, direzione Belluno c&#8217;era il semaforo rosso e io e altri veicoli abbiamo rispettato lo stop,nel frattempo nel senso opposto di marcia direzione Agordo \u00e8 passato qualcuno, poi il semaforo \u00e8 diventato verde e siamo partiti tranquilli, peccato per\u00f2 che nel senso opposto continuavano a passare auto. Mi sono chiesto il perch\u00e9, mi sono fermato e sorpresa:\u00a0 dall&#8217;altra parte nessun semaforo&#8230;, non c&#8217;era proprio non che fosse spento&#8221;.<\/p>\n<p><strong>ORE 8.15 203 Agordina, localit\u00e0 Candaten &#8211; Stanga l&#8217;unico semaforo presente risulta spento, operai presenti sul posto, si passa in entrambi i sensi di marcia<\/strong><\/p>\n<p>&nbsp;<\/p>\n<p>____<\/p>\n","protected":false},"excerpt":{"rendered":"<p>&nbsp; BELLUNO La fonte \u00e8 garantita, perch\u00e9 Roberto questa mattina\u00a0 ha\u00a0 accompagnare la figlia a Belluno, inevitabile il viaggio lungo la nota regionale 203 agordina in questi giorni &#8220;frantumata&#8221; in parTe per l&#8217;ennesimo cantiere. Il raCconto di Roberto \u00e8 di quelli su cui riflettere, almeno perch\u00e9 la situazione non si ripeta. &nbsp; &#8220;Questa mattina erano&hellip;<\/p>\n","protected":false},"author":4,"featured_media":51229,"comment_status":"closed","ping_status":"closed","sticky":false,"template":"","format":"standard","meta":{"_monsterinsights_skip_tracking":false,"_monsterinsights_sitenote_active":false,"_monsterinsights_sitenote_note":"","_monsterinsights_sitenote_category":0,"footnotes":""},"categories":[51,49],"tags":[],"class_list":["post-355157","post","type-post","status-publish","format-standard","has-post-thumbnail","hentry","category-evidenza-top","category-news-18","category-51","category-49","description-off"],"img_url":"https:\/\/www.radiopiu.net\/wordpress\/wp-content\/uploads\/2018\/06\/semaforo.jpg","_links":{"self":[{"href":"https:\/\/www.radiopiu.net\/wordpress\/wp-json\/wp\/v2\/posts\/355157","targetHints":{"allow":["GET"]}}],"collection":[{"href":"https:\/\/www.radiopiu.net\/wordpress\/wp-json\/wp\/v2\/posts"}],"about":[{"href":"https:\/\/www.radiopiu.net\/wordpress\/wp-json\/wp\/v2\/types\/post"}],"author":[{"embeddable":true,"href":"https:\/\/www.radiopiu.net\/wordpress\/wp-json\/wp\/v2\/users\/4"}],"replies":[{"embeddable":true,"href":"https:\/\/www.radiopiu.net\/wordpress\/wp-json\/wp\/v2\/comments?post=355157"}],"version-history":[{"count":0,"href":"https:\/\/www.radiopiu.net\/wordpress\/wp-json\/wp\/v2\/posts\/355157\/revisions"}],"wp:featuredmedia":[{"embeddable":true,"href":"https:\/\/www.radiopiu.net\/wordpress\/wp-json\/wp\/v2\/media\/51229"}],"wp:attachment":[{"href":"https:\/\/www.radiopiu.net\/wordpress\/wp-json\/wp\/v2\/media?parent=355157"}],"wp:term":[{"taxonomy":"category","embeddable":true,"href":"https:\/\/www.radiopiu.net\/wordpress\/wp-json\/wp\/v2\/categories?post=355157"},{"taxonomy":"post_tag","embeddable":true,"href":"https:\/\/www.radiopiu.net\/wordpress\/wp-json\/wp\/v2\/tags?post=355157"}],"curies":[{"name":"wp","href":"https:\/\/api.w.org\/{rel}","templated":true}]}}