{"id":355279,"date":"2023-10-05T08:01:01","date_gmt":"2023-10-05T06:01:01","guid":{"rendered":"https:\/\/www.radiopiu.net\/wordpress\/?p=355279"},"modified":"2023-10-05T08:59:25","modified_gmt":"2023-10-05T06:59:25","slug":"giornale-radiopiu-05-ottobre-2023-direttore-mirko-mezzacasada-40-anni-25-giugno-1983-25-giugno-2023","status":"publish","type":"post","link":"https:\/\/www.radiopiu.net\/wordpress\/giornale-radiopiu-05-ottobre-2023-direttore-mirko-mezzacasada-40-anni-25-giugno-1983-25-giugno-2023\/","title":{"rendered":"GIORNALE RADIOPIU 05 OTTOBRE 2023 DIRETTORE MIRKO MEZZACASA\u2026DA 40 ANNI 25 GIUGNO 1983-25 GIUGNO 2023"},"content":{"rendered":"<h1 class=\"entry-title photoswipe-wrapper\"><a class=\"dt-pswp-item pspw-wrap-ready\" href=\"https:\/\/www.radiopiu.net\/wordpress\/wp-content\/uploads\/2023\/09\/34f4cfc6-e863-46e9-9695-8df44be63421-1.jpg\" data-dt-img-description=\"\" data-large_image_width=\"1200\" data-large_image_height=\"1200\"><img loading=\"lazy\" decoding=\"async\" class=\"wp-image-354561 alignleft\" src=\"https:\/\/www.radiopiu.net\/wordpress\/wp-content\/uploads\/2023\/09\/34f4cfc6-e863-46e9-9695-8df44be63421-1-300x300.jpg\" sizes=\"auto, (max-width: 124px) 100vw, 124px\" srcset=\"https:\/\/www.radiopiu.net\/wordpress\/wp-content\/uploads\/2023\/09\/34f4cfc6-e863-46e9-9695-8df44be63421-1-300x300.jpg 300w, https:\/\/www.radiopiu.net\/wordpress\/wp-content\/uploads\/2023\/09\/34f4cfc6-e863-46e9-9695-8df44be63421-1-1024x1024.jpg 1024w, https:\/\/www.radiopiu.net\/wordpress\/wp-content\/uploads\/2023\/09\/34f4cfc6-e863-46e9-9695-8df44be63421-1-150x150.jpg 150w, https:\/\/www.radiopiu.net\/wordpress\/wp-content\/uploads\/2023\/09\/34f4cfc6-e863-46e9-9695-8df44be63421-1-768x768.jpg 768w, https:\/\/www.radiopiu.net\/wordpress\/wp-content\/uploads\/2023\/09\/34f4cfc6-e863-46e9-9695-8df44be63421-1.jpg 1200w\" alt=\"\" width=\"124\" height=\"124\" \/><\/a>40esimo di RADIOPIU\u2026. LA VOCE DELL\u2019EMOZIONE<\/h1>\n<h2><span style=\"color: #ff0000;\">ISCRIVITI AL NOSTRO CANALE\u00a0\u00a0YOUTUBE PER SEGUIRE IN DIRETTA I PRINCIPALI PROGRAMMI DI RADIO PIU\u2019 E LE FUTURE DIRETTE IN ESTERNA. PER ISCRIVERTI\u00a0<a style=\"color: #ff0000;\" href=\"https:\/\/youtube.com\/@radiopiu1527\">CLICCA QUI\u00a0<\/a>E PREMI\u00a0 \u201cIscriviti\u201d\u00a0\u00a0<\/span><\/h2>\n<div class=\"x1e56ztr\" data-block=\"true\" data-editor=\"anf16\" data-offset-key=\"2k083-0-0\">\n<div class=\"_1mf _1mj\" data-offset-key=\"2k083-0-0\"><b>\u00a0<\/b><\/div>\n<div data-offset-key=\"2k083-0-0\"><strong>OGGI ALLA RADIO, il nuovo palinsesto autunnale tante novit\u00e0:<span style=\"color: #ff00ff;\"> ALLE 7.05 LA RASSEGNA STAMPA FLASH PER CHI VA DI FRETTA<\/span>, GLI APPROFONDIMENTI ALLE 8.05 NELLA STORICA RASSEGNA STAMPA LOCALE, L&#8217;ORIGINALE. ALLE 9.10 ALEX NASCINBEN, IL COUNTRY.\u00a0 <\/strong><strong>Alle 10.30 e 1900\u00a0 SPI CGIL BELLUNO CON MARIA RITA GENTILIN. ALLE 13.10 E 20 30 EL DI DEL TRATOR A CANALE D&#8217;AGORDO. ALLE 18.30 SALUTE E SOCIETA&#8217; CON IL DOTTOR MARCO CARACCIOLO. ALLE 20:30 SERATA CON ALEX E LE CANZONI CHE CI HANNO TENUTO COMPAGNIA IN QUESTI ANNI<\/strong><\/div>\n<div data-offset-key=\"2k083-0-0\"><\/div>\n<div data-offset-key=\"2k083-0-0\"><\/div>\n<div data-offset-key=\"2k083-0-0\">\n<hr \/>\n<\/div>\n<blockquote>\n<h3 data-offset-key=\"2k083-0-0\"><a class=\"dt-pswp-item\" href=\"https:\/\/www.radiopiu.net\/wordpress\/wp-content\/uploads\/2021\/04\/cortina_guide_bob-1.jpg\" data-dt-img-description=\"\" data-large_image_width=\"600\" data-large_image_height=\"300\"><img loading=\"lazy\" decoding=\"async\" class=\"wp-image-204667 alignleft\" src=\"https:\/\/www.radiopiu.net\/wordpress\/wp-content\/uploads\/2021\/04\/cortina_guide_bob-1-300x150.jpg\" alt=\"\" width=\"238\" height=\"119\" srcset=\"https:\/\/www.radiopiu.net\/wordpress\/wp-content\/uploads\/2021\/04\/cortina_guide_bob-1-300x150.jpg 300w, https:\/\/www.radiopiu.net\/wordpress\/wp-content\/uploads\/2021\/04\/cortina_guide_bob-1.jpg 600w\" sizes=\"auto, (max-width: 238px) 100vw, 238px\" \/><\/a>\u00a0LE 48 ORE SONO SCADUTE\u00a0 L&#8217;IMPRESSIONE E&#8217; CHE IL MINISTRO ABODI &#8220;NAVIGHI&#8221; A VISTA<\/h3>\n<\/blockquote>\n<div data-offset-key=\"2k083-0-0\"><strong>REDAZIONE<\/strong> Ma come? Il Governo non doveva decidere in 48 ore sulla pista da Bob. A quanto pare idee ben confuse, almeno sui tempi. Due giorni sono passati ma non \u00e8 arrivata alcuna indicazione politica sulla contestata pista da Bob ormai da oltre 140 milioni d&#8217;euro per poco pi\u00f9 di 30 atleti e un evento olimpico. Il Ministro Abodi sbotta &#8220;Ci prendiamo un&#8217;altra settimana&#8221;.<\/div>\n<div data-offset-key=\"2k083-0-0\"><\/div>\n<div data-offset-key=\"2k083-0-0\">\n<hr \/>\n<hr \/>\n<hr \/>\n<hr \/>\n<hr \/>\n<hr \/>\n<hr \/>\n<hr \/>\n<hr \/>\n<hr \/>\n<hr \/>\n<hr \/>\n<hr \/>\n<hr \/>\n<hr \/>\n<hr \/>\n<hr \/>\n<hr \/>\n<hr \/>\n<hr \/>\n<hr \/>\n<hr \/>\n<hr \/>\n<hr \/>\n<hr \/>\n<\/div>\n<div data-offset-key=\"2k083-0-0\">\n<hr \/>\n<\/div>\n<div data-offset-key=\"2k083-0-0\"><\/div>\n<div data-offset-key=\"2k083-0-0\">\n<blockquote>\n<h3><b>PROBLEMI PERSISTENTI NEI TRASPORTI: 66 BUS TAGLIATI E INCERTEZZA SUL FUTURO, DIRIGENTI E RESPONSABILI DEI DISSERVIZI SEMPRE AL LORO POSTO, ANCHE IERI NESSUNA LETTERA DI DIMISSIONI.\u00a0<\/b><\/h3>\n<p><em><a class=\"dt-pswp-item\" href=\"https:\/\/www.radiopiu.net\/wordpress\/wp-content\/uploads\/2020\/06\/80c303ed-9a2e-49f0-8b20-3dd5e061bbf3.jpg\" data-dt-img-description=\"\" data-large_image_width=\"1280\" data-large_image_height=\"960\"><img loading=\"lazy\" decoding=\"async\" class=\"wp-image-145520 alignleft\" src=\"https:\/\/www.radiopiu.net\/wordpress\/wp-content\/uploads\/2020\/06\/80c303ed-9a2e-49f0-8b20-3dd5e061bbf3-300x225.jpg\" alt=\"\" width=\"227\" height=\"170\" srcset=\"https:\/\/www.radiopiu.net\/wordpress\/wp-content\/uploads\/2020\/06\/80c303ed-9a2e-49f0-8b20-3dd5e061bbf3-300x225.jpg 300w, https:\/\/www.radiopiu.net\/wordpress\/wp-content\/uploads\/2020\/06\/80c303ed-9a2e-49f0-8b20-3dd5e061bbf3-1024x768.jpg 1024w, https:\/\/www.radiopiu.net\/wordpress\/wp-content\/uploads\/2020\/06\/80c303ed-9a2e-49f0-8b20-3dd5e061bbf3-768x576.jpg 768w, https:\/\/www.radiopiu.net\/wordpress\/wp-content\/uploads\/2020\/06\/80c303ed-9a2e-49f0-8b20-3dd5e061bbf3.jpg 1280w\" sizes=\"auto, (max-width: 227px) 100vw, 227px\" \/><\/a>Pentolone sempre pi\u00f9 in ebollizione. La situazione sta diventando sempre pi\u00f9 critica, con le proteste dei genitori degli studenti che si intensificano.\u00a0 In alcuni casi, gli studenti arrivano a casa con ore di ritardo.<\/em><\/p><\/blockquote>\n<p><strong>BELLUNO<\/strong> E avanti con la forbice. Sempre pi\u00f9 &#8220;sarti&#8221; i dirigenti del Trasporto Pubblico Locale, sempre pi\u00f9 incazzati i &#8220;sudditi&#8221; vessati dagli aumenti e lasciati a piedi, al loro destino, tanto l&#8217;abbonamento si paga in anticipo e per le associazioni dei consumatori pare sia tutto normale, ma le attendiamo al varco per capire cosa deve succedere perch\u00e9 si facciano sentire. Nella giornata odierna, si \u00e8 assistito al taglio di ulteriori 66 bus dai servizi di trasporto, alimentando preoccupazioni sulla continuit\u00e0 del servizio offerto da Dolomitibus. La situazione \u00e8 resa ancora pi\u00f9 incerta dalla costante revisione delle corse non effettuate. Un esempio lampante di questa problematica si \u00e8 verificato ieri quando numerosi autobus non hanno svolto le loro corse programmate, lasciando gli studenti delle scuole di Belluno a piedi.Rispetto alle previsioni iniziali di 65 corse non effettuate, ieri sono saltate ben 79 corse. Il prefetto di Belluno sta seguendo da vicino la situazione e pianifica incontri futuri con la societ\u00e0 per cercare soluzioni.<\/p>\n<\/div>\n<div data-offset-key=\"2k083-0-0\">\n<div class=\"flex-1 overflow-hidden\">\n<div class=\"react-scroll-to-bottom--css-eonaj-79elbk h-full dark:bg-gray-800\">\n<div class=\"react-scroll-to-bottom--css-eonaj-1n7m0yu\">\n<div class=\"flex flex-col text-sm dark:bg-gray-800\">\n<div class=\"group w-full text-token-text-primary border-b border-black\/10 gizmo:border-0 dark:border-gray-900\/50 gizmo:dark:border-0 bg-gray-50 gizmo:bg-transparent dark:bg-[#444654] gizmo:dark:bg-transparent\" data-testid=\"conversation-turn-5\">\n<div class=\"p-4 justify-center text-base md:gap-6 md:py-6 m-auto\">\n<div class=\"flex flex-1 gap-4 text-base mx-auto md:gap-6 gizmo:gap-3 gizmo:md:px-5 gizmo:lg:px-1 gizmo:xl:px-5 md:max-w-2xl lg:max-w-[38rem] gizmo:md:max-w-3xl gizmo:lg:max-w-[40rem] gizmo:xl:max-w-[48rem] xl:max-w-3xl }\">\n<div class=\"relative flex w-[calc(100%-50px)] flex-col gap-1 gizmo:w-full md:gap-3 lg:w-[calc(100%-115px)] agent-turn\">\n<div class=\"flex justify-between empty:hidden lg:block\">\n<div class=\"text-gray-400 flex self-end lg:self-center justify-center gizmo:lg:justify-start mt-2 gizmo:mt-0 visible lg:gap-1 lg:absolute lg:top-0 lg:translate-x-full lg:right-0 lg:mt-0 lg:pl-2 gap-2 md:gap-3\">\n<p>&nbsp;<\/p>\n<div class=\"flex gap-1 gizmo:gap-3\">\n<blockquote>\n<h3>&#8220;DEFEZIONI&#8221; DEGLI AUTISTI, UN TERMINE DISPREGIATIVO CHE NON PIACE ALLE SIGLE SINDACALI<\/h3>\n<\/blockquote>\n<p><strong><a class=\"dt-pswp-item\" href=\"https:\/\/www.radiopiu.net\/wordpress\/wp-content\/uploads\/2020\/06\/80c303ed-9a2e-49f0-8b20-3dd5e061bbf3.jpg\" data-dt-img-description=\"\" data-large_image_width=\"1280\" data-large_image_height=\"960\"><img loading=\"lazy\" decoding=\"async\" class=\" wp-image-145520 alignleft\" src=\"https:\/\/www.radiopiu.net\/wordpress\/wp-content\/uploads\/2020\/06\/80c303ed-9a2e-49f0-8b20-3dd5e061bbf3-300x225.jpg\" alt=\"\" width=\"173\" height=\"130\" srcset=\"https:\/\/www.radiopiu.net\/wordpress\/wp-content\/uploads\/2020\/06\/80c303ed-9a2e-49f0-8b20-3dd5e061bbf3-300x225.jpg 300w, https:\/\/www.radiopiu.net\/wordpress\/wp-content\/uploads\/2020\/06\/80c303ed-9a2e-49f0-8b20-3dd5e061bbf3-1024x768.jpg 1024w, https:\/\/www.radiopiu.net\/wordpress\/wp-content\/uploads\/2020\/06\/80c303ed-9a2e-49f0-8b20-3dd5e061bbf3-768x576.jpg 768w, https:\/\/www.radiopiu.net\/wordpress\/wp-content\/uploads\/2020\/06\/80c303ed-9a2e-49f0-8b20-3dd5e061bbf3.jpg 1280w\" sizes=\"auto, (max-width: 173px) 100vw, 173px\" \/><\/a>BELLUNO\u00a0<\/strong>Con un comunicato stampa congiunto le sigle sindacali della FILT CGIL, FIT CISL, UIL Trasporti e FAISA CISAL tornano a parlare delle corse non garantite di DolomitiBus e dei comunicati dell&#8217;azienda nei quali viene usata la parola &#8220;defezione&#8221;.<\/p>\n<blockquote><p><strong>IL COMUNICATO STAMPA CONGIUNTO<\/strong><\/p><\/blockquote>\n<div class=\"page\" title=\"Page 1\">\n<div class=\"layoutArea\">\n<div class=\"column\">\n<blockquote><p>Anche oggi l\u2019azienda ha pubblicato l\u2019ennesimo comunicato dando la responsabilita\u0300 delle corse saltate alle \u201cdefezioni\u201d degli autisti. Era nostra intenzione oggi, a Longarone, chiedere all\u2019azienda un passo indietro a riguardo, pretendendo le scuse formali verso chi, quotidianamente, sta comunque continuando a svolgere il proprio lavoro. Avremmo spiegato come l\u2019espressione \u201cdefezione\u201d , testualmente, indichi un venire meno ai propri impegni, alla parola data, alla fede. In termini militari invece riporta alla diserzione. Avremmo chiarito come questo sia offensivo, spregiativo e tradisca ancora una volta la non volonta\u0300 aziendale di trovare una risposta sinergica al problema del trasporto pubblico locale. Ma, a differenza dell\u2019azienda, per noi oggi e\u0300 il giorno del silenzio, del lutto. La disastrosa tragedia che si e\u0300 consumata ieri a Mestre ci ha lasciato attoniti e ci stringiamo forte ai colleghi, in un lutto collettivo che va oltre. Oggi non prenderemo posizione sui giornali, non pubblicheremo sui social, non replicheremo a questo vergognoso attacco aziendale. Chi ha disertato, ha abbandonato, tradito e\u0300 l\u2019azienda, ieri e, ancor piu\u0300 oggi.<\/p>\n<hr \/>\n<\/blockquote>\n<hr \/>\n<hr \/>\n<hr \/>\n<hr \/>\n<hr \/>\n<hr \/>\n<hr \/>\n<hr \/>\n<hr \/>\n<hr \/>\n<hr \/>\n<hr \/>\n<hr \/>\n<hr \/>\n<hr \/>\n<hr \/>\n<hr \/>\n<p>&nbsp;<\/p>\n<blockquote>\n<h3>&#8220;SOS CERCASI STRUTTURE&#8221;: L&#8217;APPELLO DEL PREFETTO DI BELLUNO PER ACCOGLIERE I MIGRANTI<\/h3>\n<\/blockquote>\n<p><strong><a class=\"dt-pswp-item\" href=\"https:\/\/www.radiopiu.net\/wordpress\/wp-content\/uploads\/2023\/10\/db6780e1-5e1e-48e3-b6b2-907a2d81f5f4.jpg\" data-dt-img-description=\"\" data-large_image_width=\"2048\" data-large_image_height=\"1536\"><img loading=\"lazy\" decoding=\"async\" class=\" wp-image-355398 alignleft\" src=\"https:\/\/www.radiopiu.net\/wordpress\/wp-content\/uploads\/2023\/10\/db6780e1-5e1e-48e3-b6b2-907a2d81f5f4-300x225.jpg\" alt=\"\" width=\"200\" height=\"150\" srcset=\"https:\/\/www.radiopiu.net\/wordpress\/wp-content\/uploads\/2023\/10\/db6780e1-5e1e-48e3-b6b2-907a2d81f5f4-300x225.jpg 300w, https:\/\/www.radiopiu.net\/wordpress\/wp-content\/uploads\/2023\/10\/db6780e1-5e1e-48e3-b6b2-907a2d81f5f4-1024x768.jpg 1024w, https:\/\/www.radiopiu.net\/wordpress\/wp-content\/uploads\/2023\/10\/db6780e1-5e1e-48e3-b6b2-907a2d81f5f4-768x576.jpg 768w, https:\/\/www.radiopiu.net\/wordpress\/wp-content\/uploads\/2023\/10\/db6780e1-5e1e-48e3-b6b2-907a2d81f5f4-1536x1152.jpg 1536w, https:\/\/www.radiopiu.net\/wordpress\/wp-content\/uploads\/2023\/10\/db6780e1-5e1e-48e3-b6b2-907a2d81f5f4.jpg 2048w\" sizes=\"auto, (max-width: 200px) 100vw, 200px\" \/><\/a>BELLUNO<\/strong> \u201cSOS cercasi strutture\u201d: questo l&#8217;appello lanciato in serata dal Prefetto di Belluno, alla ricerca di spazi dove poter accogliere i prossimi migranti in arrivo in provincia. Nel pomeriggio, incontro con i sindaci dei comuni pi\u00f9 numerosi per affrontare il tema dei minori.<\/p>\n<p><strong>di Daniele Dalvit<\/strong><\/p>\n<audio class=\"wp-audio-shortcode\" id=\"audio-355279-1\" preload=\"none\" style=\"width: 100%;\" controls=\"controls\"><source type=\"audio\/mpeg\" src=\"https:\/\/www.radiopiu.net\/wordpress\/wp-content\/uploads\/2023\/10\/Radio-Piu-Servizio-Prefettura-migranti.mp3?_=1\" \/><a href=\"https:\/\/www.radiopiu.net\/wordpress\/wp-content\/uploads\/2023\/10\/Radio-Piu-Servizio-Prefettura-migranti.mp3\">https:\/\/www.radiopiu.net\/wordpress\/wp-content\/uploads\/2023\/10\/Radio-Piu-Servizio-Prefettura-migranti.mp3<\/a><\/audio>\n<p>&nbsp;<\/p>\n<blockquote>\n<hr \/>\n<\/blockquote>\n<\/div>\n<\/div>\n<\/div>\n<\/div>\n<div>\n<hr \/>\n<hr \/>\n<hr \/>\n<hr \/>\n<hr \/>\n<hr \/>\n<hr \/>\n<hr \/>\n<hr \/>\n<hr \/>\n<hr \/>\n<hr \/>\n<hr \/>\n<hr \/>\n<hr \/>\n<hr \/>\n<hr \/>\n<hr \/>\n<hr \/>\n<hr \/>\n<hr \/>\n<hr \/>\n<hr \/>\n<hr \/>\n<\/div>\n<div>\n<div class=\"page-title-head hgroup\">\n<blockquote>\n<h3 class=\"entry-title\">FURTO IN UNA ABITAZIONE DELLE MASIERE: DUE PERSONE RICERCATE<\/h3>\n<\/blockquote>\n<\/div>\n<\/div>\n<div>\n<p><strong><img loading=\"lazy\" decoding=\"async\" class=\"alignleft\" src=\"https:\/\/www.radiopiu.net\/wordpress\/wp-content\/uploads\/2018\/07\/SOSPIROLO.jpg\" width=\"140\" height=\"100\" \/>SOSPIROLO<\/strong> La tranquilla comunit\u00e0 delle Masiere \u00e8 stata scossa da un audace furto avvenuto ieri mattina presto, intorno alle 9. Due individui, vestiti con abiti chiari, sono entrati in azione mentre i proprietari della casa erano fuori. La polizia \u00e8 ora sulle tracce dei presunti autori, che sono stati visti fuggire a bordo di un&#8217;auto grigia, probabilmente un fuoristrada. I ladri sono riusciti ad entrare nella residenza grazie all&#8217;effrazione di una finestra e hanno razziato tutto ci\u00f2 che potevano trovare. Al momento, l&#8217;entit\u00e0 esatta del bottino \u00e8 in corso di valutazione da parte delle autorit\u00e0 investigative.<\/p>\n<\/div>\n<\/div>\n<\/div>\n<\/div>\n<\/div>\n<\/div>\n<\/div>\n<hr \/>\n<hr \/>\n<hr \/>\n<hr \/>\n<hr \/>\n<hr \/>\n<hr \/>\n<hr \/>\n<hr \/>\n<hr \/>\n<hr \/>\n<hr \/>\n<hr \/>\n<hr \/>\n<hr \/>\n<hr \/>\n<hr \/>\n<hr \/>\n<\/div>\n<\/div>\n<\/div>\n<\/div>\n<div class=\"absolute bottom-0 left-0 w-full border-t md:border-t-0 dark:border-white\/20 md:border-transparent md:dark:border-transparent md:bg-vert-light-gradient bg-white dark:bg-gray-800 md:!bg-transparent dark:md:bg-vert-dark-gradient pt-2 md:pl-2 md:w-[calc(100%-.5rem)]\">\n<form class=\"stretch mx-2 flex flex-row gap-3 last:mb-2 md:mx-4 md:last:mb-6 lg:mx-auto lg:max-w-2xl xl:max-w-3xl\">\n<div class=\"relative flex h-full flex-1 items-stretch md:flex-col\">\n<div>\n<div><\/div>\n<div>\n<p><a class=\"dt-pswp-item\" href=\"https:\/\/www.radiopiu.net\/wordpress\/wp-content\/uploads\/2023\/10\/Senza-nome-9.png\" data-dt-img-description=\"\" data-large_image_width=\"245\" data-large_image_height=\"213\"><img loading=\"lazy\" decoding=\"async\" class=\" wp-image-355426 alignleft\" src=\"https:\/\/www.radiopiu.net\/wordpress\/wp-content\/uploads\/2023\/10\/Senza-nome-9.png\" alt=\"\" width=\"156\" height=\"136\" \/><\/a><\/p>\n<p><strong>\u00a0<\/strong><\/p>\n<p><strong>\u00a0<\/strong><strong>L&#8217;ADDIO A SARA DEOLA<\/strong><\/p>\n<p><strong>BORGO VALBELLUNA\u00a0<\/strong> Comunit\u00e0 zumellese in lutto\u00a0 per la scomparsa a 48 anni di Sara Deola sconfitta dalla malattia. Architetto con una brillante carriera iniziata a Venezia e poi consolidatasi all&#8217;estero, Sara Deola aveva ormai messo radici in Danimarca, dove operava come project manager nella capitale Copenhagen. L&#8217;ultimo saluto a Sara Deola verr\u00e0 dato domani alle 11 nella chiesa arcipretale di Mel<\/p>\n<\/div>\n<div><\/div>\n<\/div>\n<div><\/div>\n<div>\n<hr \/>\n<hr \/>\n<hr \/>\n<hr \/>\n<hr \/>\n<hr \/>\n<hr \/>\n<hr \/>\n<hr \/>\n<hr \/>\n<hr \/>\n<hr \/>\n<hr \/>\n<hr \/>\n<hr \/>\n<hr \/>\n<hr \/>\n<hr \/>\n<hr \/>\n<\/div>\n<div><\/div>\n<div><\/div>\n<div>\n<hr \/>\n<\/div>\n<div><\/div>\n<div>\n<blockquote>\n<h1 class=\"articlePlainTitle\">Video diffamatorio sulla morte di Kaos: una multa e i danni<\/h1>\n<\/blockquote>\n<div class=\"addthis_sharing_toolbox\" data-url=\"http:\/\/sfoglio.corrierealpi.gelocal.it\/share_article.php?article_id=13125513\" data-title=\"Video diffamatorio sulla morte di Kaos: una multa e i danni\">oggi sul Corriere delle Alpi<\/div>\n<div class=\"addthis_sharing_toolbox\" data-url=\"http:\/\/sfoglio.corrierealpi.gelocal.it\/share_article.php?article_id=13125513\" data-title=\"Video diffamatorio sulla morte di Kaos: una multa e i danni\">di GIGI SOSSO<\/div>\n<div data-url=\"http:\/\/sfoglio.corrierealpi.gelocal.it\/share_article.php?article_id=13125513\" data-title=\"Video diffamatorio sulla morte di Kaos: una multa e i danni\"><\/div>\n<div class=\"addthis_sharing_toolbox\" data-url=\"http:\/\/sfoglio.corrierealpi.gelocal.it\/share_article.php?article_id=13125513\" data-title=\"Video diffamatorio sulla morte di Kaos: una multa e i danni\"><strong>AGORDO<\/strong> Diffamazione sui social dopo l&#8217;uccisione del suo cane. La sera del venerd\u00ec santo 2019 il pitbull Kaos era appena stato strangolato con il suo guinzaglio da tre persone. Pur ferito e sanguinante a un braccio e sconvolto per la perdita del suo quattrozampe nero, il proprietario Amine Bendaoud aveva girato un video con il telefonino a Simone Vabba, nel quale lo accusava di essere l&#8217;esecutore materiale, pubblicandolo poi sul proprio profilo Facebook e su You Tube. Vabba l&#8217;ha querelato e ieri si \u00e8 arrivati alla sentenza: 700 euro di multa, a fronte dei sei mesi chiesti dal pm Gulli e 500 euro di risarcimento.\u00a0 Vabba \u00e8 arrivato in tribunale da Verona, mentre Bendaoud \u00e8 detenuto per altra causa nel carcere di Baldenich. Non c&#8217;\u00e8 stato verso di ritirare la querela. Nelle dichiarazioni spontanee, l&#8217;imputato ha invocato la responsabilit\u00e0 indiretta di Vabba e l&#8217;attenuante della provocazione.<\/div>\n<div data-url=\"http:\/\/sfoglio.corrierealpi.gelocal.it\/share_article.php?article_id=13125513\" data-title=\"Video diffamatorio sulla morte di Kaos: una multa e i danni\"><\/div>\n<\/div>\n<div>\n<blockquote>\n<h3 class=\"articlePlainTitle\">Lite davanti a un film: accoltellato dall&#8217;amico durante una vacanza<\/h3>\n<\/blockquote>\n<div class=\"articlePlainText\"><strong>CORTINA <\/strong>Vacanza a Cortina con accoltellamento. Due giovani turisti milanesi erano amici, tanto \u00e8 vero che dividevano lo stesso alloggio, ma adesso Luca Alberto Granocchia \u00e8 a processo per lesioni aggravate dall&#8217;uso dell&#8217;arma bianca, dopo aver pagato un risarcimento danni non precisato. Costituzione di parte civile ritirata e sentenza fissata per il prossimo 24 gennaio.<\/div>\n<\/div>\n<div><\/div>\n<div>\n<hr \/>\n<hr \/>\n<hr \/>\n<hr \/>\n<hr \/>\n<hr \/>\n<hr \/>\n<hr \/>\n<hr \/>\n<hr \/>\n<\/div>\n<\/div>\n<\/form>\n<\/div>\n<\/div>\n<div data-offset-key=\"2k083-0-0\"><\/div>\n<\/div>\n<hr \/>\n<p><strong>\u00a0 \u00a0\u00a0<\/strong><\/p>\n<p>&nbsp;<\/p>\n<p><img loading=\"lazy\" decoding=\"async\" class=\"alignleft\" src=\"https:\/\/www.radiopiu.net\/wordpress\/wp-content\/uploads\/2022\/05\/download-2.jpg\" width=\"74\" height=\"74\" \/>Gestione Servizi Pubblici informa che a <strong>TAIBON <\/strong>nelle localit\u00e0 RONCH DE BOS e NOGAROLA ad <strong>AGORDO<\/strong> nelle localit\u00e0 VERAN, CROSTOLIN, PRA GRANDE, COL DI FOGLIA, CASE NAGOL, POLANE E VIA FAION l&#8217;acqua erogata dall&#8217;acquedotto non \u00e8 potabile e pu\u00f2 essere usata per scopi alimentari SOLO PREVIA bollitura<\/p>\n<p>&nbsp;<\/p>\n<p>&nbsp;<\/p>\n<hr \/>\n<p>&nbsp;<\/p>\n<blockquote>\n<h3>SALTA LA FERMATA A SAN CIPRIANO DI TAIBON PER DOLOMITIBUS<\/h3>\n<\/blockquote>\n<p><strong>TAIBON<\/strong> Fino alle 18 del 18 ottobre, e comunque fino al termine dei lavori, la fermata Dolomitibus di San Cipriano a Taibon Agordino sar\u00e0 soppressa. Sono state attivate due fermate alternative per coloro che devono utilizzare i mezzi. Per coloro che devono salire verso Cencenighe la fermata provvisoria si trova di fronte al cimitero. Chi deve scendere verso Agordo potr\u00e0 salire sui mezzi alla fermata provvisoria posta proprio di fronte a Radio Pi\u00f9. Per quanto riguarda la linea 7 VILLANOVA &#8211; AGORDO &#8211; LA VALLE percorso e fermate saranno regolari.<\/p>\n<p>&nbsp;<\/p>\n<p>&nbsp;<\/p>\n<hr \/>\n<p>&nbsp;<\/p>\n<blockquote>\n<h3>203 agordina SEDICO &#8211; ALLEGHE<\/h3>\n<\/blockquote>\n<p><strong>SEDICO<\/strong> 203 agordina senso unico Fino al 20 ottobre<span style=\"color: #ff0000;\">, esclusi sabati e domeniche<\/span>,\u00a0 tra Peron e La Stanga.<\/p>\n<blockquote>\n<h3><\/h3>\n<\/blockquote>\n<p><strong><img loading=\"lazy\" decoding=\"async\" class=\"alignleft\" src=\"https:\/\/www.radiopiu.net\/wordpress\/wp-content\/uploads\/2023\/09\/download.jpg\" width=\"212\" height=\"121\" \/><\/strong><\/p>\n<p><strong>\u00a0<\/strong><\/p>\n<p><strong>ALLEGHE in centro:\u00a0<\/strong> Interdizione totale nel corso della notte, dalle 20.30 alle 5.30, deviazioni sulla viabilit\u00e0 comunale in riva al lago (con semaforo) divieto ai mezzi oltre 7,5 tonnellate).<strong> Durante il giorno CANTIERE FERMO il transito di tutti i veicoli sar\u00e0 regolare e garantito.<\/strong><\/p>\n<p>&nbsp;<\/p>\n<p>&nbsp;<\/p>\n<p>&nbsp;<\/p>\n<blockquote>\n<h2>Via Trento a Caviola chiusa da luned\u00ec<\/h2>\n<\/blockquote>\n<p>&nbsp;<\/p>\n<p><strong>FALCADE\u00a0<\/strong> Via Trento, nella frazione di Caviola, rimarr\u00e0 chiusa da luned\u00ec fino a sabato 18 novembre nel tratto da civico 55 fino all&#8217;intersezione con via de San Doane. La chiusura del tratto di strada a Caviola rimarr\u00e0 in vigore 24 ore su 24, sabati e festivi inclusi, fino al 18 novembre, salvo eventuale proroga o revoca dell&#8217;ordinanza.<\/p>\n<p>&nbsp;<\/p>\n<p>&nbsp;<\/p>\n<hr \/>\n<p>&nbsp;<\/p>\n<p>&nbsp;<\/p>\n<blockquote>\n<h3>DILLO A RADIO PIU&#8217;&#8230; UN ALTRO INVERNO A CARACOI CON UNA VIABILITA&#8217; DISCUTIBILE<\/h3>\n<\/blockquote>\n<p><a class=\"dt-pswp-item\" href=\"https:\/\/www.radiopiu.net\/wordpress\/wp-content\/uploads\/2020\/01\/Caracoi-2.jpeg\" data-dt-img-description=\"\" data-large_image_width=\"2032\" data-large_image_height=\"1208\"><img loading=\"lazy\" decoding=\"async\" class=\"wp-image-112021 alignleft\" src=\"https:\/\/www.radiopiu.net\/wordpress\/wp-content\/uploads\/2020\/01\/Caracoi-2-300x178.jpeg\" alt=\"\" width=\"228\" height=\"135\" srcset=\"https:\/\/www.radiopiu.net\/wordpress\/wp-content\/uploads\/2020\/01\/Caracoi-2-300x178.jpeg 300w, https:\/\/www.radiopiu.net\/wordpress\/wp-content\/uploads\/2020\/01\/Caracoi-2-1024x609.jpeg 1024w, https:\/\/www.radiopiu.net\/wordpress\/wp-content\/uploads\/2020\/01\/Caracoi-2-768x457.jpeg 768w, https:\/\/www.radiopiu.net\/wordpress\/wp-content\/uploads\/2020\/01\/Caracoi-2-1536x913.jpeg 1536w, https:\/\/www.radiopiu.net\/wordpress\/wp-content\/uploads\/2020\/01\/Caracoi-2.jpeg 2032w\" sizes=\"auto, (max-width: 228px) 100vw, 228px\" \/><\/a>P. rende nota la situazione della strada per Caracoi Cimai a poche settimane dall&#8217;inizio del vero inverno. Le perplessit\u00e0 soprattutto legate ad eventuali interventi in emergenza.<\/p>\n<div class=\"__fb-light-mode x1n2onr6\" role=\"row\">\n<div class=\"\">\n<div class=\"x78zum5 xdt5ytf x1n2onr6\" tabindex=\"-1\" role=\"gridcell\" data-release-focus-from=\"CLICK\" data-scope=\"messages_table\">\n<div class=\"x78zum5\" role=\"none\">\n<div class=\"x78zum5 x1iyjqo2 xs83m0k xeuugli\" role=\"none\">\n<div class=\"x1h91t0o xkh2ocl x78zum5 xdt5ytf x13a6bvl xcrg951 x1r145dm\" role=\"none\">\n<div class=\"x78zum5 xh8yej3\" role=\"none\">\n<div class=\"x1cy8zhl x78zum5 xdt5ytf x193iq5w x1n2onr6\">\n<div class=\"x78zum5 xh8yej3\" role=\"none\">\n<div class=\"x1tlxs6b x1g8br2z x1gn5b1j x230xth x14ctfv x1okitfd x6ikm8r x10wlt62 x1mzt3pk x1y1aw1k xn6708d xwib8y2 x1ye3gou x1n2onr6 x13faqbe x1vjfegm\" role=\"none\">\n<div class=\"x9f619 x1n2onr6 x1ja2u2z __fb-light-mode\" role=\"none\">\n<div dir=\"auto\" role=\"none\"><\/div>\n<\/div>\n<\/div>\n<\/div>\n<\/div>\n<\/div>\n<\/div>\n<\/div>\n<\/div>\n<\/div>\n<\/div>\n<\/div>\n<div class=\"__fb-light-mode x1n2onr6\" role=\"row\">\n<div class=\"\">\n<div class=\"x78zum5 xdt5ytf x1n2onr6\" tabindex=\"-1\" role=\"gridcell\" data-release-focus-from=\"CLICK\" data-scope=\"messages_table\">\n<div class=\"x78zum5\" role=\"none\">\n<div class=\"x78zum5 x1iyjqo2 xs83m0k xeuugli\" role=\"none\">\n<div class=\"x1h91t0o xkh2ocl x78zum5 xdt5ytf x13a6bvl xcrg951 x1r145dm\" role=\"none\">\n<div class=\"x78zum5 xh8yej3\" role=\"none\">\n<div class=\"x1cy8zhl x78zum5 xdt5ytf x193iq5w x1n2onr6\">\n<div class=\"x78zum5 xh8yej3\" role=\"none\">\n<div class=\"x1tlxs6b x1g8br2z x1gn5b1j x230xth x14ctfv x1okitfd x6ikm8r x10wlt62 x1mzt3pk x1y1aw1k xn6708d xwib8y2 x1ye3gou x1n2onr6 x13faqbe x1vjfegm\" role=\"none\">\n<div class=\"x9f619 x1n2onr6 x1ja2u2z __fb-light-mode\" role=\"none\">\n<div class=\"x6prxxf x1fc57z9 x1yc453h x126k92a xzsf02u\" dir=\"auto\" role=\"none\"><em>&#8220;Scrivo perch\u00e9 sono passata con l&#8217;auto per andare a farmi un giro sul Sasso Bianco e ho notato questa situazione nota da tempo,\u00a0 l&#8217;altra strada nuova che doveva essere terminata da tempo non lo \u00e8 &#8230; quindi credo che una soluzione in merito la devono trovare non credo che per gli abitanti di Caracaoi la situazione sia piacevole.\u00a0<\/em><\/div>\n<div dir=\"auto\" role=\"none\"><\/div>\n<\/div>\n<\/div>\n<\/div>\n<\/div>\n<\/div>\n<\/div>\n<\/div>\n<\/div>\n<\/div>\n<\/div>\n<\/div>\n<p>&nbsp;<\/p>\n<hr \/>\n<p>&nbsp;<\/p>\n<blockquote>\n<h3>CERCATRICE DI FUNGHI SCIVOLA E SI FA MALE<\/h3>\n<\/blockquote>\n<p><strong>TAMBRE<\/strong> Una cercatrice di funghi si \u00e8\u00a0 fatta male dopo essere scivolata sul limitare del bosco vicino alla Chiesetta di Sant&#8217;Anna. Una squadra ha raggiunto la 64enne di Reggio Emilia, che era in compagnia di un&#8217;altra persona e lamentava un dolore alla spalla e al ginocchio. l&#8217;ambulanza l&#8217;ha trasferita all&#8217;ospedale San Martino.<\/p>\n<p>&nbsp;<\/p>\n<hr \/>\n<p>&nbsp;<\/p>\n<blockquote>\n<h3>TERREMOTO MAGNITUDO 5, DIVERSI FERITI: L&#8217;ESERCITAZIONE AL DAL PIAZ<\/h3>\n<\/blockquote>\n<p><strong>FELTRE<\/strong> &#8220;Oggi si \u00e8 trattato di un&#8217;esercitazione, ma le cose che avete appreso vi potranno servire per la vita&#8221; cos\u00ec ha esordito l&#8217;assessore regionale Gianpaolo Bottacin rivolgendosi agli alunni dell&#8217;Istituto Dal Piaz nella prima tappa autunnale della nuova edizione di Scuola Sicura Veneto, il format ideato dall&#8217;Assessorato regionale alla Protezione Civile. <strong>LA TEORIA DA APPLICARE ALL&#8217;EVENTUALE PRATICA\u00a0<\/strong>Un terremoto di magnitudo 5.0 ha interessato il Bellunese, provocando alcuni cedimenti localizzati all\u2019interno dell\u2019Istituto \u201cDal Piaz\u201d di Feltre. A causa dei danni all&#8217;edificio uno studente \u00e8 rimasto bloccato all\u2019interno della biblioteca. Scendendo le scale un insegnante invece \u00e8 caduto infortunandosi a una gamba e di conseguenza non \u00e8 riuscito a uscire autonomamente. Questi i contenuti della simulazione che \u00e8 andata in scena. Sono state spiegate le procedure in caso di terremoto e si sono svolte diverse prove: allarme, avvio procedure, evacuazione. Sono state quindi presentate le funzionalit\u00e0 dei diversi mezzi d&#8217;emergenza intervenuti, tra cui l&#8217;elicottero del Suem 118. Al termine della giornata a tutti i ragazzi \u00e8 stato consegnato un volumetto, scritto con un linguaggio semplice, con le principali regole e i rischi da conoscere e anche con i riferimenti locali di Protezione Civile.<\/p>\n<p><strong>L&#8217;ASSESSORE REGIONALE GIANPAOLO BOTTACIN<\/strong><\/p>\n<div style=\"width: 848px;\" class=\"wp-video\"><video class=\"wp-video-shortcode\" id=\"video-355279-1\" width=\"848\" height=\"480\" preload=\"metadata\" controls=\"controls\"><source type=\"video\/mp4\" src=\"https:\/\/www.radiopiu.net\/wordpress\/wp-content\/uploads\/2023\/10\/WhatsApp-Video-2023-10-04-at-13.13.10-1.mp4?_=1\" \/><a href=\"https:\/\/www.radiopiu.net\/wordpress\/wp-content\/uploads\/2023\/10\/WhatsApp-Video-2023-10-04-at-13.13.10-1.mp4\">https:\/\/www.radiopiu.net\/wordpress\/wp-content\/uploads\/2023\/10\/WhatsApp-Video-2023-10-04-at-13.13.10-1.mp4<\/a><\/video><\/div>\n<p>&nbsp;<\/p>\n\n\t\t\t<style type='text\/css'>\n\t\t\t\t#gallery-1 {\n\t\t\t\t\tmargin: auto;\n\t\t\t\t}\n\t\t\t\t#gallery-1 .gallery-item {\n\t\t\t\t\tfloat: left;\n\t\t\t\t\tmargin-top: 10px;\n\t\t\t\t\ttext-align: center;\n\t\t\t\t\twidth: 25%;\n\t\t\t\t}\n\t\t\t\t#gallery-1 img {\n\t\t\t\t\tborder: 2px solid #cfcfcf;\n\t\t\t\t}\n\t\t\t\t#gallery-1 .gallery-caption {\n\t\t\t\t\tmargin-left: 0;\n\t\t\t\t}\n\t\t\t\t\/* see gallery_shortcode() in wp-includes\/media.php *\/\n\t\t\t<\/style>\n\t\t<div id='gallery-1' class='dt-gallery-container gallery galleryid-355279 gallery-columns-4 gallery-size-thumbnail'><dl class='gallery-item'>\n\t\t\t\t<dt class='gallery-icon landscape'>\n\t\t\t\t\t<a class=\"rollover\" href='https:\/\/www.radiopiu.net\/wordpress\/terremoto-magnitudo-5-diversi-feriti-lesercitazione-al-dal-piaz\/49479aea-813f-4655-861c-8eed9199667f\/'><img loading=\"lazy\" decoding=\"async\" width=\"150\" height=\"150\" src=\"https:\/\/www.radiopiu.net\/wordpress\/wp-content\/uploads\/2023\/10\/49479aea-813f-4655-861c-8eed9199667f-150x150.jpg\" class=\"attachment-thumbnail size-thumbnail\" alt=\"\" \/><\/a>\n\t\t\t\t<\/dt><\/dl><dl class='gallery-item'>\n\t\t\t\t<dt class='gallery-icon landscape'>\n\t\t\t\t\t<a class=\"rollover\" href='https:\/\/www.radiopiu.net\/wordpress\/terremoto-magnitudo-5-diversi-feriti-lesercitazione-al-dal-piaz\/b4fd8cc9-b780-45c0-aff3-6e363b98616b\/'><img loading=\"lazy\" decoding=\"async\" width=\"150\" height=\"150\" src=\"https:\/\/www.radiopiu.net\/wordpress\/wp-content\/uploads\/2023\/10\/b4fd8cc9-b780-45c0-aff3-6e363b98616b-150x150.jpg\" class=\"attachment-thumbnail size-thumbnail\" alt=\"\" \/><\/a>\n\t\t\t\t<\/dt><\/dl><dl class='gallery-item'>\n\t\t\t\t<dt class='gallery-icon landscape'>\n\t\t\t\t\t<a class=\"rollover\" href='https:\/\/www.radiopiu.net\/wordpress\/terremoto-magnitudo-5-diversi-feriti-lesercitazione-al-dal-piaz\/57df64aa-96db-4f0c-a199-098c5c51bd98\/'><img loading=\"lazy\" decoding=\"async\" width=\"150\" height=\"150\" src=\"https:\/\/www.radiopiu.net\/wordpress\/wp-content\/uploads\/2023\/10\/57df64aa-96db-4f0c-a199-098c5c51bd98-150x150.jpg\" class=\"attachment-thumbnail size-thumbnail\" alt=\"\" \/><\/a>\n\t\t\t\t<\/dt><\/dl><dl class='gallery-item'>\n\t\t\t\t<dt class='gallery-icon portrait'>\n\t\t\t\t\t<a class=\"rollover\" href='https:\/\/www.radiopiu.net\/wordpress\/terremoto-magnitudo-5-diversi-feriti-lesercitazione-al-dal-piaz\/0dde7b56-f3df-469e-a7e8-6a0b9192c06a\/'><img loading=\"lazy\" decoding=\"async\" width=\"150\" height=\"150\" src=\"https:\/\/www.radiopiu.net\/wordpress\/wp-content\/uploads\/2023\/10\/0dde7b56-f3df-469e-a7e8-6a0b9192c06a-150x150.jpg\" class=\"attachment-thumbnail size-thumbnail\" alt=\"\" \/><\/a>\n\t\t\t\t<\/dt><\/dl><br style=\"clear: both\" \/>\n\t\t\t<\/div>\n\n<p>&nbsp;<\/p>\n<p>&nbsp;<\/p>\n<blockquote>\n<h3>IERI SERA TG ANTENNA 3 (19.30) CANALE 10 DIGITALE TERRESTRE, OGNI SERA ALLE 19.10 LE ANTICIPAZIONI DEL TG SU RADIO PIU&#8217;.<br \/>\n<span style=\"color: #ff0000;\">IL SERVIZIO DI TIZIANA BOLOGNANI\u00a0<\/span><\/h3>\n<\/blockquote>\n<p>Intervistati GIANPAOLO BOTTACIN (ASSESSORE PROTEZIONE CIVILE REGIONE VENETO), MAURIZIO ZATTA (ASSESSORE PROTEZIONE CIVILE COMUNE DI FELTRE), LORENZA DE KUNOVICH (ASSESSORA PROTEZIONE CIVILE COMUNE DI BELLUNO ) (Servizio di Tiziana Bolognani) &#8211; Segui Antenna Tre anche sul digitale terrestre! Visita il sito www.antennatre.it<\/p>\n<p>&nbsp;<\/p>\n<p><iframe loading=\"lazy\" title=\"AL VIA LA SESSIONE AUTUNNALE DI &#039;SCUOLA SICURA&#039; | 04\/10\/2023\" width=\"1200\" height=\"675\" src=\"https:\/\/www.youtube.com\/embed\/aKBMEmMP_tY?start=101&#038;feature=oembed\" frameborder=\"0\" allow=\"accelerometer; autoplay; clipboard-write; encrypted-media; gyroscope; picture-in-picture; web-share\" allowfullscreen><\/iframe><\/p>\n<p>&nbsp;<\/p>\n<p>&nbsp;<\/p>\n<hr \/>\n<p>&nbsp;<\/p>\n<blockquote>\n<h3>SALA GREMITA PER LA LEZIONE DI PROTEZIONE CIVILE<\/h3>\n<\/blockquote>\n<p><strong>BELLUNO <\/strong>Hanno ascoltato in silenzio, hanno alzato le mani, posto domande, e poi meticolosamente hanno risposto al questionario consegnato loro a fine mattinata. L\u2019evento \u201cLa Protezione Civile incontra la scuola\u201d di ieri mattina in Sala Bianchi (Viale Fantuzzi) \u00e8 stata una bella lezione per tutti. Per i volontari del gruppo comunale di Protezione Civile che hanno trovato un giovane pubblico attento e ben predisposto e per i ragazzi delle classi quarte dell\u2019IIS Segato che hanno ricevuto un\u2019infarinatura su ruoli, ambiti di azione, esperienze e tecniche di PC.<\/p>\n<p><strong>L&#8217;ASSESSORE DEL COMUNE DI BELLUNO LORENZA DE KUNOVIC<\/strong><\/p>\n<p><iframe loading=\"lazy\" title=\"DE KUNOVIC LEZIONE PROTEZIONE CIVILE\" width=\"1200\" height=\"675\" src=\"https:\/\/www.youtube.com\/embed\/PXIrWyByzMc?feature=oembed\" frameborder=\"0\" allow=\"accelerometer; autoplay; clipboard-write; encrypted-media; gyroscope; picture-in-picture; web-share\" allowfullscreen><\/iframe><\/p>\n<p>&nbsp;<\/p>\n\n\t\t\t<style type='text\/css'>\n\t\t\t\t#gallery-2 {\n\t\t\t\t\tmargin: auto;\n\t\t\t\t}\n\t\t\t\t#gallery-2 .gallery-item {\n\t\t\t\t\tfloat: left;\n\t\t\t\t\tmargin-top: 10px;\n\t\t\t\t\ttext-align: center;\n\t\t\t\t\twidth: 20%;\n\t\t\t\t}\n\t\t\t\t#gallery-2 img {\n\t\t\t\t\tborder: 2px solid #cfcfcf;\n\t\t\t\t}\n\t\t\t\t#gallery-2 .gallery-caption {\n\t\t\t\t\tmargin-left: 0;\n\t\t\t\t}\n\t\t\t\t\/* see gallery_shortcode() in wp-includes\/media.php *\/\n\t\t\t<\/style>\n\t\t<div id='gallery-2' class='dt-gallery-container gallery galleryid-355279 gallery-columns-5 gallery-size-thumbnail'><dl class='gallery-item'>\n\t\t\t\t<dt class='gallery-icon landscape'>\n\t\t\t\t\t<a class=\"rollover rollover-zoom dt-pswp-item\" title=\"image00005\" data-dt-img-description=\"\" data-large_image_width=\"2560\" data-large_image_height=\"1920\"href='https:\/\/www.radiopiu.net\/wordpress\/wp-content\/uploads\/2023\/10\/image00005-scaled.jpeg'><img loading=\"lazy\" decoding=\"async\" width=\"150\" height=\"150\" src=\"https:\/\/www.radiopiu.net\/wordpress\/wp-content\/uploads\/2023\/10\/image00005-150x150.jpeg\" class=\"attachment-thumbnail size-thumbnail\" alt=\"\" \/><\/a>\n\t\t\t\t<\/dt><\/dl><dl class='gallery-item'>\n\t\t\t\t<dt class='gallery-icon landscape'>\n\t\t\t\t\t<a class=\"rollover rollover-zoom dt-pswp-item\" title=\"image00001\" data-dt-img-description=\"\" data-large_image_width=\"1024\" data-large_image_height=\"1024\"href='https:\/\/www.radiopiu.net\/wordpress\/wp-content\/uploads\/2023\/10\/image00001.jpeg'><img loading=\"lazy\" decoding=\"async\" width=\"150\" height=\"150\" src=\"https:\/\/www.radiopiu.net\/wordpress\/wp-content\/uploads\/2023\/10\/image00001-150x150.jpeg\" class=\"attachment-thumbnail size-thumbnail\" alt=\"\" srcset=\"https:\/\/www.radiopiu.net\/wordpress\/wp-content\/uploads\/2023\/10\/image00001-150x150.jpeg 150w, https:\/\/www.radiopiu.net\/wordpress\/wp-content\/uploads\/2023\/10\/image00001-300x300.jpeg 300w, https:\/\/www.radiopiu.net\/wordpress\/wp-content\/uploads\/2023\/10\/image00001-768x768.jpeg 768w, https:\/\/www.radiopiu.net\/wordpress\/wp-content\/uploads\/2023\/10\/image00001.jpeg 1024w\" sizes=\"auto, (max-width: 150px) 100vw, 150px\" \/><\/a>\n\t\t\t\t<\/dt><\/dl><dl class='gallery-item'>\n\t\t\t\t<dt class='gallery-icon landscape'>\n\t\t\t\t\t<a class=\"rollover rollover-zoom dt-pswp-item\" title=\"image00002\" data-dt-img-description=\"\" data-large_image_width=\"1024\" data-large_image_height=\"1024\"href='https:\/\/www.radiopiu.net\/wordpress\/wp-content\/uploads\/2023\/10\/image00002.jpeg'><img loading=\"lazy\" decoding=\"async\" width=\"150\" height=\"150\" src=\"https:\/\/www.radiopiu.net\/wordpress\/wp-content\/uploads\/2023\/10\/image00002-150x150.jpeg\" class=\"attachment-thumbnail size-thumbnail\" alt=\"\" srcset=\"https:\/\/www.radiopiu.net\/wordpress\/wp-content\/uploads\/2023\/10\/image00002-150x150.jpeg 150w, https:\/\/www.radiopiu.net\/wordpress\/wp-content\/uploads\/2023\/10\/image00002-300x300.jpeg 300w, https:\/\/www.radiopiu.net\/wordpress\/wp-content\/uploads\/2023\/10\/image00002-768x768.jpeg 768w, https:\/\/www.radiopiu.net\/wordpress\/wp-content\/uploads\/2023\/10\/image00002.jpeg 1024w\" sizes=\"auto, (max-width: 150px) 100vw, 150px\" \/><\/a>\n\t\t\t\t<\/dt><\/dl><dl class='gallery-item'>\n\t\t\t\t<dt class='gallery-icon landscape'>\n\t\t\t\t\t<a class=\"rollover rollover-zoom dt-pswp-item\" title=\"image00003\" data-dt-img-description=\"\" data-large_image_width=\"2560\" data-large_image_height=\"1920\"href='https:\/\/www.radiopiu.net\/wordpress\/wp-content\/uploads\/2023\/10\/image00003-scaled.jpeg'><img loading=\"lazy\" decoding=\"async\" width=\"150\" height=\"150\" src=\"https:\/\/www.radiopiu.net\/wordpress\/wp-content\/uploads\/2023\/10\/image00003-150x150.jpeg\" class=\"attachment-thumbnail size-thumbnail\" alt=\"\" \/><\/a>\n\t\t\t\t<\/dt><\/dl><dl class='gallery-item'>\n\t\t\t\t<dt class='gallery-icon landscape'>\n\t\t\t\t\t<a class=\"rollover rollover-zoom dt-pswp-item\" title=\"image00004\" data-dt-img-description=\"\" data-large_image_width=\"2560\" data-large_image_height=\"1920\"href='https:\/\/www.radiopiu.net\/wordpress\/wp-content\/uploads\/2023\/10\/image00004-scaled.jpeg'><img loading=\"lazy\" decoding=\"async\" width=\"150\" height=\"150\" src=\"https:\/\/www.radiopiu.net\/wordpress\/wp-content\/uploads\/2023\/10\/image00004-150x150.jpeg\" class=\"attachment-thumbnail size-thumbnail\" alt=\"\" \/><\/a>\n\t\t\t\t<\/dt><\/dl><br style=\"clear: both\" \/>\n\t\t\t<\/div>\n\n<div class=\"page\" title=\"Page 1\">\n<div class=\"layoutArea\">\n<div class=\"column\">\n<blockquote><p>&nbsp;<\/p><\/blockquote>\n<p>&nbsp;<\/p>\n<hr \/>\n<p>&nbsp;<\/p>\n<p>&nbsp;<\/p>\n<blockquote>\n<h3>SENTIERO MONTAGNA DIMENTICATA, GLI ENTI LOCALI SI ALLEANO<\/h3>\n<\/blockquote>\n<p><strong><img decoding=\"async\" class=\"alignleft\" src=\"https:\/\/www.radiopiu.net\/wordpress\/wp-content\/uploads\/2018\/03\/GOSALDO.jpg\" \/>GOSALDO<\/strong><\/p>\n<p><strong>DI GIANNI SANTOMASO<\/strong><\/p>\n<audio class=\"wp-audio-shortcode\" id=\"audio-355279-2\" preload=\"none\" style=\"width: 100%;\" controls=\"controls\"><source type=\"audio\/wav\" src=\"https:\/\/www.radiopiu.net\/wordpress\/wp-content\/uploads\/2023\/10\/GOSALDO-GIANI.wav?_=2\" \/><a href=\"https:\/\/www.radiopiu.net\/wordpress\/wp-content\/uploads\/2023\/10\/GOSALDO-GIANI.wav\">https:\/\/www.radiopiu.net\/wordpress\/wp-content\/uploads\/2023\/10\/GOSALDO-GIANI.wav<\/a><\/audio>\n<p>&nbsp;<\/p>\n<p>&nbsp;<\/p>\n<hr \/>\n<p>&nbsp;<\/p>\n<\/div>\n<\/div>\n<\/div>\n<blockquote>\n<h3>UNA FINESTRA APERTA SULLA SANITA\u2019<\/h3>\n<\/blockquote>\n<p><strong><a class=\"dt-pswp-item\" href=\"https:\/\/www.radiopiu.net\/wordpress\/wp-content\/uploads\/2023\/10\/27e5c5ab-fc15-4f08-bb3f-d85f15febe4b.jpg\" data-dt-img-description=\"\" data-large_image_width=\"1024\" data-large_image_height=\"768\"><img loading=\"lazy\" decoding=\"async\" class=\" wp-image-355381 alignleft\" src=\"https:\/\/www.radiopiu.net\/wordpress\/wp-content\/uploads\/2023\/10\/27e5c5ab-fc15-4f08-bb3f-d85f15febe4b-300x225.jpg\" alt=\"\" width=\"167\" height=\"125\" srcset=\"https:\/\/www.radiopiu.net\/wordpress\/wp-content\/uploads\/2023\/10\/27e5c5ab-fc15-4f08-bb3f-d85f15febe4b-300x225.jpg 300w, https:\/\/www.radiopiu.net\/wordpress\/wp-content\/uploads\/2023\/10\/27e5c5ab-fc15-4f08-bb3f-d85f15febe4b-768x576.jpg 768w, https:\/\/www.radiopiu.net\/wordpress\/wp-content\/uploads\/2023\/10\/27e5c5ab-fc15-4f08-bb3f-d85f15febe4b.jpg 1024w\" sizes=\"auto, (max-width: 167px) 100vw, 167px\" \/><\/a>FELTRE<\/strong> Non c\u2019\u00e8 dubbio che il tema della sanit\u00e0 si collochi al centro dell\u2019attenzione delle persone. Per motivi diversi, certo; ma essenzialmente perch\u00e9 c\u2019\u00e8 una gran voglia di sapere, di capire, di trovare soluzioni &#8211; possibili e praticabili \u2013 per il proprio bene-essere. Con l\u2019obiettivo di provare a fornire almeno qualcuna di queste risposte, e specificamente sul tema dei disturbi gastroenterologici, Fabio Bona, presidente della Confraternita del Formaggio Piave DOP ha invitato \u2013 per la sua riunione mensile \u2013 Marianna Franco, giovane neo laureata, Andrea Buda, responsabile della Gastroenterologia all\u2019ospedale di Feltre, Antonio Bortoli, presidente dell\u2019Associazione \u2018Il filo di Arianna\u2019 e la sindaca di Feltre, Viviana Fusaro.<\/p>\n<p>&nbsp;<\/p>\n<p>&nbsp;<\/p>\n<hr \/>\n<p>&nbsp;<\/p>\n<blockquote>\n<h3><strong>Bando di Concorso per 1673 Allievi Finanzieri &#8211; 2023<\/strong><\/h3>\n<\/blockquote>\n<p><strong>BELLUNO<\/strong> La Guardia di Finanza ha aperto il concorso per 1673 allievi finanzieri nel 2023, suddivisi tra il contingente ordinario e il contingente di mare con varie specializzazioni. I requisiti di et\u00e0 variano, ma il termine per la presentazione delle domande \u00e8 il 21 ottobre 2023 tramite il portale ufficiale. \u00c8 un&#8217;opportunit\u00e0 significativa per coloro che desiderano unirsi alla Guardia di Finanza. E&#8217;\u00a0disponibile un&#8217;app mobile per ulteriori informazioni e per la presentazione delle domande.<\/p>\n<p>&nbsp;<\/p>\n<hr \/>\n<p>&nbsp;<\/p>\n<blockquote>\n<h3>LA REGIONE RICORDA IL VAJONT<\/h3>\n<\/blockquote>\n<p><strong>LONGARONE <\/strong>A pochi giorni dal 9 ottobre, nel 60\u00b0 anniversario del disastro del Vajont, il consiglio regionale del Veneto ha voluto ricordare le vittime.\u00a0 La seduta straordinaria del consiglio, convocata per il pomeriggio di ieri, \u00e8 stata rinviata a seguito del tragico incidente del pullman a Mestre. Una delegazione, per\u00f2, in testa il presidente del consiglio regionale Roberto Ciambetti, ha voluto essere presente ugualmente al Cimitero monumentale di Fortogna per deporre una corona a ricordo delle vittime.\u00a0 Erano presenti i consiglieri regionali bellunesi Silvia Cestaro e Giovanni Puppato, insieme al consigliere Filippo Rigo e al segretario generale del consiglio veneto Roberto Valente.<\/p>\n\n\t\t\t<style type='text\/css'>\n\t\t\t\t#gallery-3 {\n\t\t\t\t\tmargin: auto;\n\t\t\t\t}\n\t\t\t\t#gallery-3 .gallery-item {\n\t\t\t\t\tfloat: left;\n\t\t\t\t\tmargin-top: 10px;\n\t\t\t\t\ttext-align: center;\n\t\t\t\t\twidth: 33%;\n\t\t\t\t}\n\t\t\t\t#gallery-3 img {\n\t\t\t\t\tborder: 2px solid #cfcfcf;\n\t\t\t\t}\n\t\t\t\t#gallery-3 .gallery-caption {\n\t\t\t\t\tmargin-left: 0;\n\t\t\t\t}\n\t\t\t\t\/* see gallery_shortcode() in wp-includes\/media.php *\/\n\t\t\t<\/style>\n\t\t<div id='gallery-3' class='dt-gallery-container gallery galleryid-355279 gallery-columns-3 gallery-size-medium'><dl class='gallery-item'>\n\t\t\t\t<dt class='gallery-icon landscape'>\n\t\t\t\t\t<a class=\"rollover rollover-zoom dt-pswp-item\" title=\"IMG_2735\" data-dt-img-description=\"\" data-large_image_width=\"2016\" data-large_image_height=\"1512\"href='https:\/\/www.radiopiu.net\/wordpress\/wp-content\/uploads\/2023\/10\/IMG_2735.jpg'><img loading=\"lazy\" decoding=\"async\" width=\"300\" height=\"225\" src=\"https:\/\/www.radiopiu.net\/wordpress\/wp-content\/uploads\/2023\/10\/IMG_2735-300x225.jpg\" class=\"attachment-medium size-medium\" alt=\"\" srcset=\"https:\/\/www.radiopiu.net\/wordpress\/wp-content\/uploads\/2023\/10\/IMG_2735-300x225.jpg 300w, https:\/\/www.radiopiu.net\/wordpress\/wp-content\/uploads\/2023\/10\/IMG_2735-1024x768.jpg 1024w, https:\/\/www.radiopiu.net\/wordpress\/wp-content\/uploads\/2023\/10\/IMG_2735-768x576.jpg 768w, https:\/\/www.radiopiu.net\/wordpress\/wp-content\/uploads\/2023\/10\/IMG_2735-1536x1152.jpg 1536w, https:\/\/www.radiopiu.net\/wordpress\/wp-content\/uploads\/2023\/10\/IMG_2735.jpg 2016w\" sizes=\"auto, (max-width: 300px) 100vw, 300px\" \/><\/a>\n\t\t\t\t<\/dt><\/dl><dl class='gallery-item'>\n\t\t\t\t<dt class='gallery-icon landscape'>\n\t\t\t\t\t<a class=\"rollover rollover-zoom dt-pswp-item\" title=\"IMG_2748\" data-dt-img-description=\"\" data-large_image_width=\"2016\" data-large_image_height=\"1512\"href='https:\/\/www.radiopiu.net\/wordpress\/wp-content\/uploads\/2023\/10\/IMG_2748.jpg'><img loading=\"lazy\" decoding=\"async\" width=\"300\" height=\"225\" src=\"https:\/\/www.radiopiu.net\/wordpress\/wp-content\/uploads\/2023\/10\/IMG_2748-300x225.jpg\" class=\"attachment-medium size-medium\" alt=\"\" srcset=\"https:\/\/www.radiopiu.net\/wordpress\/wp-content\/uploads\/2023\/10\/IMG_2748-300x225.jpg 300w, https:\/\/www.radiopiu.net\/wordpress\/wp-content\/uploads\/2023\/10\/IMG_2748-1024x768.jpg 1024w, https:\/\/www.radiopiu.net\/wordpress\/wp-content\/uploads\/2023\/10\/IMG_2748-768x576.jpg 768w, https:\/\/www.radiopiu.net\/wordpress\/wp-content\/uploads\/2023\/10\/IMG_2748-1536x1152.jpg 1536w, https:\/\/www.radiopiu.net\/wordpress\/wp-content\/uploads\/2023\/10\/IMG_2748.jpg 2016w\" sizes=\"auto, (max-width: 300px) 100vw, 300px\" \/><\/a>\n\t\t\t\t<\/dt><\/dl><dl class='gallery-item'>\n\t\t\t\t<dt class='gallery-icon landscape'>\n\t\t\t\t\t<a class=\"rollover rollover-zoom dt-pswp-item\" title=\"IMG_2753\" data-dt-img-description=\"\" data-large_image_width=\"2016\" data-large_image_height=\"1512\"href='https:\/\/www.radiopiu.net\/wordpress\/wp-content\/uploads\/2023\/10\/IMG_2753.jpg'><img loading=\"lazy\" decoding=\"async\" width=\"300\" height=\"225\" src=\"https:\/\/www.radiopiu.net\/wordpress\/wp-content\/uploads\/2023\/10\/IMG_2753-300x225.jpg\" class=\"attachment-medium size-medium\" alt=\"\" srcset=\"https:\/\/www.radiopiu.net\/wordpress\/wp-content\/uploads\/2023\/10\/IMG_2753-300x225.jpg 300w, https:\/\/www.radiopiu.net\/wordpress\/wp-content\/uploads\/2023\/10\/IMG_2753-1024x768.jpg 1024w, https:\/\/www.radiopiu.net\/wordpress\/wp-content\/uploads\/2023\/10\/IMG_2753-768x576.jpg 768w, https:\/\/www.radiopiu.net\/wordpress\/wp-content\/uploads\/2023\/10\/IMG_2753-1536x1152.jpg 1536w, https:\/\/www.radiopiu.net\/wordpress\/wp-content\/uploads\/2023\/10\/IMG_2753.jpg 2016w\" sizes=\"auto, (max-width: 300px) 100vw, 300px\" \/><\/a>\n\t\t\t\t<\/dt><\/dl><br style=\"clear: both\" \/>\n\t\t\t<\/div>\n\n<p>&nbsp;<\/p>\n<p>&nbsp;<\/p>\n<hr \/>\n<p>&nbsp;<\/p>\n<blockquote>\n<h3><b>VAJONT, 60 ANNI DOPO &#8211; UN DIPINTO MURARIO IN ZONA INDUSTRIALE A LONGARONE RICORDA LA TRAGEDIA<\/b><\/h3>\n<\/blockquote>\n<p><strong><a class=\"dt-pswp-item\" href=\"https:\/\/www.radiopiu.net\/wordpress\/wp-content\/uploads\/2023\/10\/opera_60_Vajont_Ceb_cabina_elettrica.jpg\" data-dt-img-description=\"\" data-large_image_width=\"2048\" data-large_image_height=\"1536\"><img loading=\"lazy\" decoding=\"async\" class=\" wp-image-355351 alignleft\" src=\"https:\/\/www.radiopiu.net\/wordpress\/wp-content\/uploads\/2023\/10\/opera_60_Vajont_Ceb_cabina_elettrica-300x225.jpg\" alt=\"\" width=\"176\" height=\"132\" srcset=\"https:\/\/www.radiopiu.net\/wordpress\/wp-content\/uploads\/2023\/10\/opera_60_Vajont_Ceb_cabina_elettrica-300x225.jpg 300w, https:\/\/www.radiopiu.net\/wordpress\/wp-content\/uploads\/2023\/10\/opera_60_Vajont_Ceb_cabina_elettrica-1024x768.jpg 1024w, https:\/\/www.radiopiu.net\/wordpress\/wp-content\/uploads\/2023\/10\/opera_60_Vajont_Ceb_cabina_elettrica-768x576.jpg 768w, https:\/\/www.radiopiu.net\/wordpress\/wp-content\/uploads\/2023\/10\/opera_60_Vajont_Ceb_cabina_elettrica-1536x1152.jpg 1536w, https:\/\/www.radiopiu.net\/wordpress\/wp-content\/uploads\/2023\/10\/opera_60_Vajont_Ceb_cabina_elettrica.jpg 2048w\" sizes=\"auto, (max-width: 176px) 100vw, 176px\" \/><\/a>LONGARONE <\/strong>Quella che era una semplice cabina elettrica, da oggi \u00e8 un&#8217;opera d&#8217;arte che vuole ricordare una delle pagine pi\u00f9 dolorose della storia italiana. \u00c8 stato \u201csvelato\u201d ieri, nel cuore della zona industriale di Longarone, il dipinto murario che l&#8217;azienda Ceb ha voluto dedicare alla tragedia del Vajont nel suo sessantesimo anniversario. L&#8217;opera \u00e8 stata commissionata al maestro agordino Vico Calabr\u00f2, uno degli artisti pi\u00f9 noti e apprezzati della scena contemporanea italiana. A dominare sono i colori del blu e dell&#8217;azzurro, che rappresentano gli elementi, l&#8217;acqua e l&#8217;aria; bianco \u00e8 invece il colore delle colombe a raffigurare le vittime.<\/p>\n<p>&nbsp;<\/p>\n<p>&nbsp;<\/p>\n<hr \/>\n<p>&nbsp;<\/p>\n<blockquote>\n<h3><a class=\"dt-pswp-item\" href=\"https:\/\/www.radiopiu.net\/wordpress\/wp-content\/uploads\/2022\/03\/ABM.jpg\" data-dt-img-description=\"\" data-large_image_width=\"400\" data-large_image_height=\"400\"><img loading=\"lazy\" decoding=\"async\" class=\"wp-image-264723 alignleft\" src=\"https:\/\/www.radiopiu.net\/wordpress\/wp-content\/uploads\/2022\/03\/ABM-300x300.jpg\" alt=\"\" width=\"116\" height=\"116\" srcset=\"https:\/\/www.radiopiu.net\/wordpress\/wp-content\/uploads\/2022\/03\/ABM-300x300.jpg 300w, https:\/\/www.radiopiu.net\/wordpress\/wp-content\/uploads\/2022\/03\/ABM-150x150.jpg 150w, https:\/\/www.radiopiu.net\/wordpress\/wp-content\/uploads\/2022\/03\/ABM.jpg 400w\" sizes=\"auto, (max-width: 116px) 100vw, 116px\" \/><\/a>VAJONT 60 ANNI FA, DAI BANCHI DI SCUOLA ALLE LACRIME<\/h3>\n<\/blockquote>\n<p><strong>LONGARONE\u00a0<\/strong> Tre Professori \u2013 uno di Padova il Prof, Enzo Croatto &#8211; e 30 alunni sopravissuti alla catastrofe del Vajont 1963, saranno presenti venerd\u00ec 6 ottobre alla manifestazione pubblica organizzata dalla Famiglia Bellunese di Padova. I tre professori superstiti insieme agli alunni rivivranno, con i loro ricordi, quel lontano 9 ottobre 1963. Due documenti inediti verranno presentati insieme a molte foto &#8211; mai pubblicate &#8211; degli alunni dell\u2019epoca. L&#8217;incontro ina sala Popoli d&#8217;Europa\u00a0 venerdi alle 10.<\/p>\n<p>&nbsp;<\/p>\n<p>&nbsp;<\/p>\n<hr \/>\n<p>&nbsp;<\/p>\n<p>&nbsp;<\/p>\n<blockquote>\n<h3>RACCONTARE LA TRAGEDIA DEL VAJONT<\/h3>\n<\/blockquote>\n<p><strong>BELLUNO<\/strong> Sabato alle 9:30<b>\u00a0<\/b>la tavola rotonda &#8220;Raccontare la tragedia del Vajont. Da Tina Merlin a Dino Buzzati, tra inchieste, polemiche e memoria&#8221;\u00a0organizzata dall<span style=\"font-family: Arial;\">\u2019Associazione Villa Buzzati S. Pellegrino il Granaio<\/span>\u00a0in collaborazione con il Centro Studi Internazionale Dino Buzzati di Feltre, il Comune di Borgo Valbelluna\u00a0e il contributo del Comune di Longarone e la Fondazione Vajont.<\/p>\n<p>&nbsp;<\/p>\n<p>&nbsp;<\/p>\n<hr \/>\n<p>&nbsp;<\/p>\n<blockquote>\n<h3 class=\"entry-title\">\u00a0\u201cOLTRE LE VETTE\u201d A BELLUNO<\/h3>\n<\/blockquote>\n<p><strong class=\"photoswipe-wrapper\"><a class=\"dt-pswp-item pspw-wrap-ready\" href=\"https:\/\/www.radiopiu.net\/wordpress\/wp-content\/uploads\/2023\/10\/download.jpg\" data-dt-img-description=\"\" data-large_image_width=\"1024\" data-large_image_height=\"512\"><img loading=\"lazy\" decoding=\"async\" class=\" wp-image-355200 alignleft\" src=\"https:\/\/www.radiopiu.net\/wordpress\/wp-content\/uploads\/2023\/10\/download-300x150.jpg\" sizes=\"auto, (max-width: 224px) 100vw, 224px\" srcset=\"https:\/\/www.radiopiu.net\/wordpress\/wp-content\/uploads\/2023\/10\/download-300x150.jpg 300w, https:\/\/www.radiopiu.net\/wordpress\/wp-content\/uploads\/2023\/10\/download-768x384.jpg 768w, https:\/\/www.radiopiu.net\/wordpress\/wp-content\/uploads\/2023\/10\/download.jpg 1024w\" alt=\"\" width=\"224\" height=\"112\" \/><\/a>BELLUNO<\/strong>\u00a0Ritorna, dal 6 al 15 ottobre, il festival OLTRE LE VETTE, che fa di Belluno la capitale italiana della cultura di montagna. In programma, pi\u00f9 di 30 eventi tra incontri con alpinisti e protagonisti della montagna, film e spettacoli, presentazioni di libri, mostre ed eventi all\u2019aperto. Tutti a ingresso gratuito. Tante le novit\u00e0 di questa 27esima edizione e i nomi importanti in arrivo a Belluno: scopri il programma completo su www.oltrelevette.it e prenota il tuo posto.<\/p>\n<p>LO SPOT ALLA RADIO, VOCE _valentina<\/p>\n<audio class=\"wp-audio-shortcode\" id=\"audio-355279-3\" preload=\"none\" style=\"width: 100%;\" controls=\"controls\"><source type=\"audio\/mpeg\" src=\"https:\/\/www.radiopiu.net\/wordpress\/wp-content\/uploads\/2023\/10\/VALENTINA-OLTRE-LE-VETTE.mp3?_=3\" \/><a href=\"https:\/\/www.radiopiu.net\/wordpress\/wp-content\/uploads\/2023\/10\/VALENTINA-OLTRE-LE-VETTE.mp3\">https:\/\/www.radiopiu.net\/wordpress\/wp-content\/uploads\/2023\/10\/VALENTINA-OLTRE-LE-VETTE.mp3<\/a><\/audio>\n<p>&nbsp;<\/p>\n<p>&nbsp;<\/p>\n<p>&nbsp;<\/p>\n<hr \/>\n<p>&nbsp;<\/p>\n<blockquote>\n<h3>EDUCAZIONE AMBIENTALE: AL VIA I PROGETTI DIDATTICI ACQUA&amp;ENERGIA<\/h3>\n<\/blockquote>\n<p><strong>BELLUNO <\/strong>Con l\u2019inizio del nuovo anno scolastico sono ripartiti anche i progetti didattici di educazione ambientale \u201cCome ti salvo l\u2019acqua\u201d e \u201cA scuola di\u2026energia!\u201d di Bim Gsp e Bim Belluno Infrastrutture. I progetti, giunti rispettivamente alla ventesima e decima edizione con oltre 20mila studenti formati, sono rivolti alle scuole primarie e secondarie di primo grado della provincia di Belluno e hanno lo scopo di far conoscere a ragazzi e insegnanti il complesso e variegato mondo dell\u2019acqua e dell\u2019energia, per diffondere comportamenti e stili di vita pi\u00f9 attenti alla tutela dell\u2019ambiente e delle sue risorse. Laboratori in aula, condotti da educatori qualificati, visite agli impianti, con tecnici esperti, piattaforma online Scuolapark, ricca di materiali multimediali, video e minigames: questo e molto altro nell\u2019offerta formativa di Bim Gsp e Bim Infrastrutture, da decenni al fianco delle scuole bellunesi con percorsi gratuiti finalizzati ad accrescere le competenze individuali dei ragazzi, stimolare la riflessione, contribuire alla creazione di una nuova coscienza e cultura della sostenibilit\u00e0.<\/p>\n\n\t\t\t<style type='text\/css'>\n\t\t\t\t#gallery-4 {\n\t\t\t\t\tmargin: auto;\n\t\t\t\t}\n\t\t\t\t#gallery-4 .gallery-item {\n\t\t\t\t\tfloat: left;\n\t\t\t\t\tmargin-top: 10px;\n\t\t\t\t\ttext-align: center;\n\t\t\t\t\twidth: 25%;\n\t\t\t\t}\n\t\t\t\t#gallery-4 img {\n\t\t\t\t\tborder: 2px solid #cfcfcf;\n\t\t\t\t}\n\t\t\t\t#gallery-4 .gallery-caption {\n\t\t\t\t\tmargin-left: 0;\n\t\t\t\t}\n\t\t\t\t\/* see gallery_shortcode() in wp-includes\/media.php *\/\n\t\t\t<\/style>\n\t\t<div id='gallery-4' class='dt-gallery-container gallery galleryid-355279 gallery-columns-4 gallery-size-thumbnail'><dl class='gallery-item'>\n\t\t\t\t<dt class='gallery-icon landscape'>\n\t\t\t\t\t<a class=\"rollover rollover-zoom dt-pswp-item\" title=\"1_laboratori in aula\" data-dt-img-description=\"\" data-large_image_width=\"1899\" data-large_image_height=\"1022\"href='https:\/\/www.radiopiu.net\/wordpress\/wp-content\/uploads\/2023\/10\/1_laboratori-in-aula.jpg'><img loading=\"lazy\" decoding=\"async\" width=\"150\" height=\"150\" src=\"https:\/\/www.radiopiu.net\/wordpress\/wp-content\/uploads\/2023\/10\/1_laboratori-in-aula-150x150.jpg\" class=\"attachment-thumbnail size-thumbnail\" alt=\"\" \/><\/a>\n\t\t\t\t<\/dt><\/dl><dl class='gallery-item'>\n\t\t\t\t<dt class='gallery-icon landscape'>\n\t\t\t\t\t<a class=\"rollover rollover-zoom dt-pswp-item\" title=\"2_visite agli impianti\" data-dt-img-description=\"\" data-large_image_width=\"1624\" data-large_image_height=\"1365\"href='https:\/\/www.radiopiu.net\/wordpress\/wp-content\/uploads\/2023\/10\/2_visite-agli-impianti.jpg'><img loading=\"lazy\" decoding=\"async\" width=\"150\" height=\"150\" src=\"https:\/\/www.radiopiu.net\/wordpress\/wp-content\/uploads\/2023\/10\/2_visite-agli-impianti-150x150.jpg\" class=\"attachment-thumbnail size-thumbnail\" alt=\"\" \/><\/a>\n\t\t\t\t<\/dt><\/dl><dl class='gallery-item'>\n\t\t\t\t<dt class='gallery-icon landscape'>\n\t\t\t\t\t<a class=\"rollover rollover-zoom dt-pswp-item\" title=\"3_visite agli impianti\" data-dt-img-description=\"\" data-large_image_width=\"1181\" data-large_image_height=\"1128\"href='https:\/\/www.radiopiu.net\/wordpress\/wp-content\/uploads\/2023\/10\/3_visite-agli-impianti.jpg'><img loading=\"lazy\" decoding=\"async\" width=\"150\" height=\"150\" src=\"https:\/\/www.radiopiu.net\/wordpress\/wp-content\/uploads\/2023\/10\/3_visite-agli-impianti-150x150.jpg\" class=\"attachment-thumbnail size-thumbnail\" alt=\"\" \/><\/a>\n\t\t\t\t<\/dt><\/dl><dl class='gallery-item'>\n\t\t\t\t<dt class='gallery-icon portrait'>\n\t\t\t\t\t<a class=\"rollover rollover-zoom dt-pswp-item\" title=\"4_visite agli impianti\" data-dt-img-description=\"\" data-large_image_width=\"945\" data-large_image_height=\"1260\"href='https:\/\/www.radiopiu.net\/wordpress\/wp-content\/uploads\/2023\/10\/4_visite-agli-impianti.jpg'><img loading=\"lazy\" decoding=\"async\" width=\"150\" height=\"150\" src=\"https:\/\/www.radiopiu.net\/wordpress\/wp-content\/uploads\/2023\/10\/4_visite-agli-impianti-150x150.jpg\" class=\"attachment-thumbnail size-thumbnail\" alt=\"\" \/><\/a>\n\t\t\t\t<\/dt><\/dl><br style=\"clear: both\" \/>\n\t\t\t<\/div>\n\n<p>&nbsp;<\/p>\n<hr \/>\n<p>&nbsp;<\/p>\n<blockquote>\n<h3>PICCOLE PRODUZIONI LOCALI (PPL): PRIMO INCONTRO CON GLI OPERATORI<\/h3>\n<\/blockquote>\n<p><strong><a class=\"dt-pswp-item\" href=\"https:\/\/www.radiopiu.net\/wordpress\/wp-content\/uploads\/2023\/10\/LOGYHSUH.png\" data-dt-img-description=\"\" data-large_image_width=\"813\" data-large_image_height=\"471\"><img loading=\"lazy\" decoding=\"async\" class=\" wp-image-355356 alignleft\" src=\"https:\/\/www.radiopiu.net\/wordpress\/wp-content\/uploads\/2023\/10\/LOGYHSUH-300x174.png\" alt=\"\" width=\"183\" height=\"106\" srcset=\"https:\/\/www.radiopiu.net\/wordpress\/wp-content\/uploads\/2023\/10\/LOGYHSUH-300x174.png 300w, https:\/\/www.radiopiu.net\/wordpress\/wp-content\/uploads\/2023\/10\/LOGYHSUH-768x445.png 768w, https:\/\/www.radiopiu.net\/wordpress\/wp-content\/uploads\/2023\/10\/LOGYHSUH.png 813w\" sizes=\"auto, (max-width: 183px) 100vw, 183px\" \/><\/a>BELLUNO<\/strong> Marted\u00ec 10 ottobre 2023, a partire dalle 15.00, nella Sala Conferenze del Polo Culturale di Sedico (Via Alcide De Gasperi, 20), si terr\u00e0 un incontro dedicato agli operatori della provincia di Belluno del settore alimentare, aderenti al progetto Piccole Produzioni Locali (PPL). Si tratta del primo incontro PPL del territorio Bellunese, promosso dal Dipartimento di Prevenzione dell\u2019Ulss Dolomiti, con il patrocinio del Comune di Sedico. L\u2019iniziativa vuole essere un momento di confronto tra operatori, autorit\u00e0 competenti locali e regionali e un&#8217;occasione per condividere programmi e progetti futuri.<\/p>\n<p>&nbsp;<\/p>\n<p>&nbsp;<\/p>\n<hr \/>\n<p>&nbsp;<\/p>\n<blockquote>\n<h3>CLIVET CREDE NELLA FORMAZIONE<\/h3>\n<\/blockquote>\n<p><strong><a class=\"dt-pswp-item\" href=\"https:\/\/www.radiopiu.net\/wordpress\/wp-content\/uploads\/2023\/10\/inaugurazioneClivetUniversity_0410.jpg\" data-dt-img-description=\"\" data-large_image_width=\"1600\" data-large_image_height=\"1200\"><img loading=\"lazy\" decoding=\"async\" class=\" wp-image-355379 alignleft\" src=\"https:\/\/www.radiopiu.net\/wordpress\/wp-content\/uploads\/2023\/10\/inaugurazioneClivetUniversity_0410-300x225.jpg\" alt=\"\" width=\"167\" height=\"125\" srcset=\"https:\/\/www.radiopiu.net\/wordpress\/wp-content\/uploads\/2023\/10\/inaugurazioneClivetUniversity_0410-300x225.jpg 300w, https:\/\/www.radiopiu.net\/wordpress\/wp-content\/uploads\/2023\/10\/inaugurazioneClivetUniversity_0410-1024x768.jpg 1024w, https:\/\/www.radiopiu.net\/wordpress\/wp-content\/uploads\/2023\/10\/inaugurazioneClivetUniversity_0410-768x576.jpg 768w, https:\/\/www.radiopiu.net\/wordpress\/wp-content\/uploads\/2023\/10\/inaugurazioneClivetUniversity_0410-1536x1152.jpg 1536w, https:\/\/www.radiopiu.net\/wordpress\/wp-content\/uploads\/2023\/10\/inaugurazioneClivetUniversity_0410.jpg 1600w\" sizes=\"auto, (max-width: 167px) 100vw, 167px\" \/><\/a>FELTRE <\/strong>\u00c8 stata inaugurata a Feltre la nuova Clivet University, da oggi dotata di due aule per la formazione, un&#8217;area attrezzata per la preparazione pratica e un&#8217;area accoglienza. Un&#8217;esperienza formativa a 360\u00b0 in cui i partecipanti ai corsi possono studiare e sperimentare in prima persona il comfort e il benessere dei sistemi Clivet.<\/p>\n<p>&nbsp;<\/p>\n<p>&nbsp;<\/p>\n<p>&nbsp;<\/p>\n<hr \/>\n<p>&nbsp;<\/p>\n<blockquote>\n<h3>VERSO LA FIERA DEL BESTIAM&#8230;CON FORMAI E VIN. pagina in aggiornamento quotidiano<\/h3>\n<\/blockquote>\n<p><a class=\"dt-pswp-item\" href=\"https:\/\/www.radiopiu.net\/wordpress\/wp-content\/uploads\/2023\/10\/Senza-nome-5.png\" data-dt-img-description=\"\" data-large_image_width=\"1005\" data-large_image_height=\"255\"><img loading=\"lazy\" decoding=\"async\" class=\"alignnone wp-image-355323 size-full\" src=\"https:\/\/www.radiopiu.net\/wordpress\/wp-content\/uploads\/2023\/10\/Senza-nome-5.png\" alt=\"\" width=\"1005\" height=\"255\" srcset=\"https:\/\/www.radiopiu.net\/wordpress\/wp-content\/uploads\/2023\/10\/Senza-nome-5.png 1005w, https:\/\/www.radiopiu.net\/wordpress\/wp-content\/uploads\/2023\/10\/Senza-nome-5-300x76.png 300w, https:\/\/www.radiopiu.net\/wordpress\/wp-content\/uploads\/2023\/10\/Senza-nome-5-768x195.png 768w\" sizes=\"auto, (max-width: 1005px) 100vw, 1005px\" \/><\/a><\/p>\n<p>&nbsp;<\/p>\n<p><strong>AUDIO, con DANIELE GALLIGANI, PRESIDENTE PROLOCO AGORDO &#8211; PRIMA PUNTATA &#8211;\u00a0<\/strong><\/p>\n<audio class=\"wp-audio-shortcode\" id=\"audio-355279-4\" preload=\"none\" style=\"width: 100%;\" controls=\"controls\"><source type=\"audio\/mpeg\" src=\"https:\/\/www.radiopiu.net\/wordpress\/wp-content\/uploads\/2023\/10\/DANIELE1.mp3?_=4\" \/><a href=\"https:\/\/www.radiopiu.net\/wordpress\/wp-content\/uploads\/2023\/10\/DANIELE1.mp3\">https:\/\/www.radiopiu.net\/wordpress\/wp-content\/uploads\/2023\/10\/DANIELE1.mp3<\/a><\/audio>\n<p>&nbsp;<\/p>\n<p>&nbsp;<\/p>\n<hr \/>\n<p>&nbsp;<\/p>\n<p>&nbsp;<\/p>\n<blockquote>\n<h2>CISL LA VOCE PER I LAVORATORI, APPUNTAMENTO SETTIMANALE ALLA RADIO mercoledi ore 10.10<\/h2>\n<\/blockquote>\n<p><a class=\"dt-pswp-item\" href=\"https:\/\/www.radiopiu.net\/wordpress\/wp-content\/uploads\/2023\/10\/Senza-nome-7.png\" data-dt-img-description=\"\" data-large_image_width=\"235\" data-large_image_height=\"378\"><img loading=\"lazy\" decoding=\"async\" class=\"wp-image-355326 alignleft\" src=\"https:\/\/www.radiopiu.net\/wordpress\/wp-content\/uploads\/2023\/10\/Senza-nome-7-187x300.png\" alt=\"\" width=\"109\" height=\"175\" srcset=\"https:\/\/www.radiopiu.net\/wordpress\/wp-content\/uploads\/2023\/10\/Senza-nome-7-187x300.png 187w, https:\/\/www.radiopiu.net\/wordpress\/wp-content\/uploads\/2023\/10\/Senza-nome-7.png 235w\" sizes=\"auto, (max-width: 109px) 100vw, 109px\" \/><\/a><\/p>\n<p>&nbsp;<\/p>\n<p>puntata 04 ottobre 2023<\/p>\n<p><strong>AUDIO, CON ALESSIO PICCOLI CISL_BELLUNO TREVISO<\/strong><\/p>\n<audio class=\"wp-audio-shortcode\" id=\"audio-355279-5\" preload=\"none\" style=\"width: 100%;\" controls=\"controls\"><source type=\"audio\/mpeg\" src=\"https:\/\/www.radiopiu.net\/wordpress\/wp-content\/uploads\/2023\/10\/FEMCA-CISL.mp3?_=5\" \/><a href=\"https:\/\/www.radiopiu.net\/wordpress\/wp-content\/uploads\/2023\/10\/FEMCA-CISL.mp3\">https:\/\/www.radiopiu.net\/wordpress\/wp-content\/uploads\/2023\/10\/FEMCA-CISL.mp3<\/a><\/audio>\n<p>&nbsp;<\/p>\n<h1>LA RACCOLTA COMPLETA <span style=\"color: #0000ff;\"><strong><a style=\"color: #0000ff;\" href=\"https:\/\/www.radiopiu.net\/wordpress\/cisl-e-femca-cisl-la-vocef\/\">CLICCA QUI<\/a><\/strong><\/span><\/h1>\n<p>&nbsp;<\/p>\n<hr \/>\n<p>&nbsp;<\/p>\n<blockquote class=\"wp-embedded-content\" data-secret=\"aw07iOqIZy\"><p><a href=\"https:\/\/www.radiopiu.net\/wordpress\/rimasti-piu-avanti-p14\/\">&#8220;RIMASTI PIU&#8217; AVANTI&#8221;, ALLA SCOPERTA DELLA MUSICA BELLUNESE CON MARCO V. DAL FARRA<\/a><\/p><\/blockquote>\n<p><iframe loading=\"lazy\" class=\"wp-embedded-content\" sandbox=\"allow-scripts\" security=\"restricted\" style=\"position: absolute; clip: rect(1px, 1px, 1px, 1px);\" title=\"&#8220;&#8220;RIMASTI PIU&#8217; AVANTI&#8221;, ALLA SCOPERTA DELLA MUSICA BELLUNESE CON MARCO V. DAL FARRA&#8221; &#8212; Radio Pi\u00f9\" src=\"https:\/\/www.radiopiu.net\/wordpress\/rimasti-piu-avanti-p14\/embed\/#?secret=NFGodbA1Rr#?secret=aw07iOqIZy\" data-secret=\"aw07iOqIZy\" width=\"600\" height=\"338\" frameborder=\"0\" marginwidth=\"0\" marginheight=\"0\" scrolling=\"no\"><\/iframe><\/p>\n<p>&nbsp;<\/p>\n<p>&nbsp;<\/p>\n<hr \/>\n<p>&nbsp;<\/p>\n<h3><em><strong>SABATO ALLE 15.30 SFILATA IN PIAZZA E ALLE 20.30 IL CONCERTO AL PALALUXOTTICA ingresso gratuito.<\/strong><\/em><\/h3>\n<h3><span style=\"font-size: 14px; font-weight: normal;\"><a class=\"dt-pswp-item\" href=\"https:\/\/www.radiopiu.net\/wordpress\/wp-content\/uploads\/2023\/10\/h.jpg\" data-dt-img-description=\"\" data-large_image_width=\"203\" data-large_image_height=\"114\"><img loading=\"lazy\" decoding=\"async\" class=\"size-full wp-image-355073 alignleft\" src=\"https:\/\/www.radiopiu.net\/wordpress\/wp-content\/uploads\/2023\/10\/h.jpg\" alt=\"\" width=\"203\" height=\"114\" \/><\/a>LA FANFARA CONGEDATI BRIGATA ALPINA CADORE TORNA AD AGORDO. SABATO 7 OTTOBRE, ALLE 15.30 CAROSELLO IN PIAZZA LIBERTA&#8217;, ALLE 20.30 IL CONCERTO AL PALALUXOTTICA DIRETTO DAL MAESTRO DOMENICA VELLO. INGRESSO GRATUITO, EVENTUALE OFFERTE SARANNO DEVOLUTE ALLA RICOSTRUZIONE DEL TERRITORIO COLPITO DALL&#8217;ALLUVIONE IN EMILIA ROMAGNA. LA FANFARA CONGEDATI BRIGATA ALPINA CADORE, IL 7 OTTOBRE AD AGORDO, CON IL GRUPPO ALPINI AGORDO-TAIBON E RIVAMONTE.<\/span><\/h3>\n<p><strong>L&#8217;INTERVISTA AD ALESSANDRO SAVIO E GIOVANNI DA PRA<\/strong><\/p>\n<p>AUDIO<\/p>\n<audio class=\"wp-audio-shortcode\" id=\"audio-355279-6\" preload=\"none\" style=\"width: 100%;\" controls=\"controls\"><source type=\"audio\/mpeg\" src=\"https:\/\/www.radiopiu.net\/wordpress\/wp-content\/uploads\/2023\/10\/fanfara-intervista-giovanni-da-pra-e-alessandro-savio.mp3?_=6\" \/><a href=\"https:\/\/www.radiopiu.net\/wordpress\/wp-content\/uploads\/2023\/10\/fanfara-intervista-giovanni-da-pra-e-alessandro-savio.mp3\">https:\/\/www.radiopiu.net\/wordpress\/wp-content\/uploads\/2023\/10\/fanfara-intervista-giovanni-da-pra-e-alessandro-savio.mp3<\/a><\/audio>\n<p>&nbsp;<\/p>\n<p>&nbsp;<\/p>\n<hr \/>\n<p>&nbsp;<\/p>\n<blockquote>\n<h3>SE NON LA SMETTI&#8230; TI MANDO DAL PRESIDE &#8211; 4^ PUNTATA CON LA PROF. MARIA ROSA SALMAZO<\/h3>\n<\/blockquote>\n<p><img loading=\"lazy\" decoding=\"async\" class=\"alignleft\" src=\"https:\/\/www.radiopiu.net\/wordpress\/wp-content\/uploads\/2023\/06\/Scuola_Don_Zalivani.jpg\" width=\"298\" height=\"199\" \/><\/p>\n<p>&nbsp;<\/p>\n<p>&nbsp;<\/p>\n<p>&nbsp;<\/p>\n<p>&nbsp;<\/p>\n<p>&nbsp;<\/p>\n<p>&nbsp;<\/p>\n<p><strong>AUDIO<\/strong><\/p>\n<audio class=\"wp-audio-shortcode\" id=\"audio-355279-7\" preload=\"none\" style=\"width: 100%;\" controls=\"controls\"><source type=\"audio\/mpeg\" src=\"https:\/\/www.radiopiu.net\/wordpress\/wp-content\/uploads\/2023\/10\/se-non-la-smetti-4-2023.mp3?_=7\" \/><a href=\"https:\/\/www.radiopiu.net\/wordpress\/wp-content\/uploads\/2023\/10\/se-non-la-smetti-4-2023.mp3\">https:\/\/www.radiopiu.net\/wordpress\/wp-content\/uploads\/2023\/10\/se-non-la-smetti-4-2023.mp3<\/a><\/audio>\n<h1><\/h1>\n<h1>LA RACCOLTA COMPLETA <span style=\"color: #0000ff;\"><strong><a style=\"color: #0000ff;\" href=\"https:\/\/www.radiopiu.net\/wordpress\/se-non-la-smetti-di-mando-dal-preside\/\">CLICCA QUI<\/a><\/strong><\/span><\/h1>\n<p>&nbsp;<\/p>\n<p>&nbsp;<\/p>\n<hr \/>\n<p>&nbsp;<\/p>\n<blockquote>\n<h3><a class=\"dt-pswp-item\" href=\"https:\/\/www.radiopiu.net\/wordpress\/wp-content\/uploads\/2023\/10\/francesco_dazzi.jpg\" data-dt-img-description=\"\" data-large_image_width=\"1500\" data-large_image_height=\"2005\"><img loading=\"lazy\" decoding=\"async\" class=\" wp-image-355354 alignleft\" src=\"https:\/\/www.radiopiu.net\/wordpress\/wp-content\/uploads\/2023\/10\/francesco_dazzi-224x300.jpg\" alt=\"\" width=\"108\" height=\"145\" srcset=\"https:\/\/www.radiopiu.net\/wordpress\/wp-content\/uploads\/2023\/10\/francesco_dazzi-224x300.jpg 224w, https:\/\/www.radiopiu.net\/wordpress\/wp-content\/uploads\/2023\/10\/francesco_dazzi-766x1024.jpg 766w, https:\/\/www.radiopiu.net\/wordpress\/wp-content\/uploads\/2023\/10\/francesco_dazzi-768x1027.jpg 768w, https:\/\/www.radiopiu.net\/wordpress\/wp-content\/uploads\/2023\/10\/francesco_dazzi-1149x1536.jpg 1149w, https:\/\/www.radiopiu.net\/wordpress\/wp-content\/uploads\/2023\/10\/francesco_dazzi.jpg 1500w\" sizes=\"auto, (max-width: 108px) 100vw, 108px\" \/><\/a>FRANCESCO DAZZI VINCE IL CHAPTER CIRCLE PRESIDENT&#8217;S AWARD<\/h3>\n<\/blockquote>\n<p><strong>BELLUNO<\/strong> Francesco Dazzi ha vinto l&#8217;INCOSE Chapter Circle President&#8217;s Award, un prestigioso riconoscimento nell&#8217;ambito dell&#8217;ingegneria dei sistemi. In qualit\u00e0 di presidente dell&#8217;Associazione Italiana di Systems Engineering (AISE), Dazzi \u00e8 stato premiato da INCOSE, l&#8217;associazione leader a livello globale nell&#8217;ingegneria dei sistemi. Questa vittoria riflette il suo impegno personale e la crescente rilevanza dell&#8217;Italia nella comunit\u00e0 internazionale di professionisti dell&#8217;ingegneria dei sistemi.<\/p>\n<p>&nbsp;<\/p>\n<p>&nbsp;<\/p>\n<hr \/>\n<p>&nbsp;<\/p>\n<blockquote>\n<h2><a class=\"dt-pswp-item\" href=\"https:\/\/www.radiopiu.net\/wordpress\/wp-content\/uploads\/2023\/10\/IMG-lnbe8fw8.jpg\" data-dt-img-description=\"\" data-large_image_width=\"972\" data-large_image_height=\"2048\"><img loading=\"lazy\" decoding=\"async\" class=\"wp-image-355334 alignleft\" src=\"https:\/\/www.radiopiu.net\/wordpress\/wp-content\/uploads\/2023\/10\/IMG-lnbe8fw8-142x300.jpg\" alt=\"\" width=\"106\" height=\"224\" srcset=\"https:\/\/www.radiopiu.net\/wordpress\/wp-content\/uploads\/2023\/10\/IMG-lnbe8fw8-142x300.jpg 142w, https:\/\/www.radiopiu.net\/wordpress\/wp-content\/uploads\/2023\/10\/IMG-lnbe8fw8-486x1024.jpg 486w, https:\/\/www.radiopiu.net\/wordpress\/wp-content\/uploads\/2023\/10\/IMG-lnbe8fw8-768x1618.jpg 768w, https:\/\/www.radiopiu.net\/wordpress\/wp-content\/uploads\/2023\/10\/IMG-lnbe8fw8-729x1536.jpg 729w, https:\/\/www.radiopiu.net\/wordpress\/wp-content\/uploads\/2023\/10\/IMG-lnbe8fw8.jpg 972w\" sizes=\"auto, (max-width: 106px) 100vw, 106px\" \/><\/a>La Campagna Informativa delle Sezioni Bellunesi di Ados e Lilt: Ottobre in Rosa per la Prevenzione del Cancro al Seno<\/h2>\n<\/blockquote>\n<p><strong>BELLUNO<\/strong> Un ottobre\u2026 in rosa. Ados Belluno e Lilt Belluno uniscono le forze per un obiettivo comune: essere al fianco delle donne che si trovano ad affrontare la difficile esperienza della malattia tumorale al seno. Lo fanno attraverso una campagna informativa che si terr\u00e0 durante la rassegna \u201cOttobre in rosa\u201d, mese dedicato a livello nazionale alla promozione della prevenzione contro il cancro alla mammella. Oltre a diversi fiocchi che coloreranno le vie del centro, venerd\u00ec 6 ottobre dalle ore 17.30, ci sar\u00e0, vicino alla fontana illuminata, un gazebo allestito per offrire materiale informativo cos\u00ec da promuovere ulteriormente i messaggi dell\u2019iniziativa.<\/p>\n<p>&nbsp;<\/p>\n<p>&nbsp;<\/p>\n<hr \/>\n<p>&nbsp;<\/p>\n<blockquote>\n<h3>A ROCCA PIETORE GLI INCONTRI CON I VIGILI DEL FUOCO VOLONTARI DI CAPRILE<\/h3>\n<\/blockquote>\n<p><strong>ROCCA PIETORE<\/strong> Dopo gli incontri che si sono svolti ad Alleghe alcune settimane fa, i Vigili del Fuoco Volontari di Caprile tornano in piazza per incontrare la popolazione e per istruire sui comportamenti da tenere in caso di emergenze. Stasera alle 20:30 su tutto il territorio di Rocca Pietore gli incontri. Questi i luoghi d&#8217;incontro: parcheggio nuovo di Pallue, Piazza di Rocca Pietore, sede dei Vigili del Fuoco a Laste e in Piazza a Santa Maria Delle Grazie.<\/p>\n<p>&nbsp;<\/p>\n<p>&nbsp;<\/p>\n<hr \/>\n<p>&nbsp;<\/p>\n<blockquote>\n<h3>DA DOMANI AD AGORDO E PER TUTTO IL MESE: SERE D&#8217;AUTUNNO AL VENERDI<\/h3>\n<\/blockquote>\n<p>l&#8217;intervista a Dario Dell&#8217;Osbel, Antonello Cibien e Gianpaolo Soratroi<\/p>\n<audio class=\"wp-audio-shortcode\" id=\"audio-355279-8\" preload=\"none\" style=\"width: 100%;\" controls=\"controls\"><source type=\"audio\/mpeg\" src=\"https:\/\/www.radiopiu.net\/wordpress\/wp-content\/uploads\/2023\/10\/SERE-DAUTUNNO-CAI-AGORDO-definitivo.mp3?_=8\" \/><a href=\"https:\/\/www.radiopiu.net\/wordpress\/wp-content\/uploads\/2023\/10\/SERE-DAUTUNNO-CAI-AGORDO-definitivo.mp3\">https:\/\/www.radiopiu.net\/wordpress\/wp-content\/uploads\/2023\/10\/SERE-DAUTUNNO-CAI-AGORDO-definitivo.mp3<\/a><\/audio>\n<p>&nbsp;<\/p>\n<p><a class=\"dt-pswp-item\" href=\"https:\/\/www.radiopiu.net\/wordpress\/wp-content\/uploads\/2023\/10\/cb91eeee-9069-4046-a296-8ddb51b50662.jpg\" data-dt-img-description=\"\" data-large_image_width=\"2048\" data-large_image_height=\"1152\"><img loading=\"lazy\" decoding=\"async\" class=\"size-medium wp-image-355412 aligncenter\" src=\"https:\/\/www.radiopiu.net\/wordpress\/wp-content\/uploads\/2023\/10\/cb91eeee-9069-4046-a296-8ddb51b50662-300x169.jpg\" alt=\"\" width=\"300\" height=\"169\" srcset=\"https:\/\/www.radiopiu.net\/wordpress\/wp-content\/uploads\/2023\/10\/cb91eeee-9069-4046-a296-8ddb51b50662-300x169.jpg 300w, https:\/\/www.radiopiu.net\/wordpress\/wp-content\/uploads\/2023\/10\/cb91eeee-9069-4046-a296-8ddb51b50662-1024x576.jpg 1024w, https:\/\/www.radiopiu.net\/wordpress\/wp-content\/uploads\/2023\/10\/cb91eeee-9069-4046-a296-8ddb51b50662-768x432.jpg 768w, https:\/\/www.radiopiu.net\/wordpress\/wp-content\/uploads\/2023\/10\/cb91eeee-9069-4046-a296-8ddb51b50662-1536x864.jpg 1536w, https:\/\/www.radiopiu.net\/wordpress\/wp-content\/uploads\/2023\/10\/cb91eeee-9069-4046-a296-8ddb51b50662.jpg 2048w\" sizes=\"auto, (max-width: 300px) 100vw, 300px\" \/><\/a><\/p>\n<p>&nbsp;<\/p>\n<blockquote>\n<h3>SERE D&#8217;AUTUNNO<\/h3>\n<p><em><strong><a class=\"dt-pswp-item\" href=\"https:\/\/www.radiopiu.net\/wordpress\/wp-content\/uploads\/2023\/09\/Senza-nome-75.png\" data-dt-img-description=\"\" data-large_image_width=\"478\" data-large_image_height=\"179\"><img loading=\"lazy\" decoding=\"async\" class=\"size-medium wp-image-354485 alignleft\" src=\"https:\/\/www.radiopiu.net\/wordpress\/wp-content\/uploads\/2023\/09\/Senza-nome-75-300x112.png\" alt=\"\" width=\"300\" height=\"112\" srcset=\"https:\/\/www.radiopiu.net\/wordpress\/wp-content\/uploads\/2023\/09\/Senza-nome-75-300x112.png 300w, https:\/\/www.radiopiu.net\/wordpress\/wp-content\/uploads\/2023\/09\/Senza-nome-75.png 478w\" sizes=\"auto, (max-width: 300px) 100vw, 300px\" \/><\/a>SERE D&#8217;AUTUNNO, SERATE DI INCONTRI, DIBATTITI, IMMAGINI FILMATI E MULTIVISIONI. AD AGORDO TUTTI I VENERDI DI OTTOBRE, IN SALA DON TAMIS ALLE 20.45, INGRESSO LIBERO. PRESENTA GIANPAOLO SORATROI.\u00a0<\/strong><\/em><\/p>\n<p>&nbsp;<\/p>\n<p>Interessante serie di incontri, dibattiti, proiezioni inerenti al mondo della montagna &#8211; ma\u00a0non solo &#8211; che si svolgono tutti i venerd\u00ec di ottobre nella prestigiosa e capiente Sala don\u00a0F. Tamis messaci a disposizione per l\u2019occasione dall\u2019Unione Montana Agordina. Nato nel\u00a02007, quest\u2019anno, raggiunge la 15\u00b0 edizione; i temi trattati durante le serate sono diversi\u00a0tra loro per offrire una visione della montagna a 360\u00b0. Questa edizione \u00e8\u00a0dedicata interamente alle donne con quattro ospiti femminili.<\/p><\/blockquote>\n<p><strong>VENERDI 6 OTTOBRE, ANTONELLA GIACOMINI &#8211; VOLEVO VEDERE LA TUNDRA dalla groenlandia alla patagonia<\/strong><\/p>\n<p>VENERDI 13 OTTOBRE, ALESSANDRA MASI &#8211; ATMOSFERE E VISIONI DI LUOGHI VICINI E LONTANI una fotografa, un percorso emozionale<\/p>\n<p>VENERDI 20 OTTOBRE MARIKA FAE&#8217; &#8211; SPORT E MONTAGNA, SCELTA DI VITA Marika, maestra di sci e guida alpina<\/p>\n<p>VENERDI 27 OTTOBRE ANGELIKA RAINER, SOGNI VERTICALI. arrampicando su fantasie divenute realt\u00e0<\/p>\n<p>&nbsp;<\/p>\n<p>&nbsp;<\/p>\n<hr \/>\n<p>&nbsp;<\/p>\n<p>&nbsp;<\/p>\n<div class=\"page-title-head hgroup\">\n<blockquote>\n<h3 class=\"entry-title\">2\u00b0 CERTAMEN FOCOBON: EVENTO DI ORIENTEERING A FALCADE<\/h3>\n<\/blockquote>\n<\/div>\n<div class=\"page-title-breadcrumbs\"><\/div>\n<div class=\"flex-1 overflow-hidden\">\n<div class=\"react-scroll-to-bottom--css-tbyku-79elbk h-full dark:bg-gray-800\">\n<div class=\"react-scroll-to-bottom--css-tbyku-1n7m0yu\">\n<div class=\"flex flex-col text-sm dark:bg-gray-800\">\n<div class=\"group w-full text-token-text-primary border-b border-black\/10 gizmo:border-0 dark:border-gray-900\/50 gizmo:dark:border-0 bg-gray-50 gizmo:bg-transparent dark:bg-[#444654] gizmo:dark:bg-transparent\" data-testid=\"conversation-turn-7\">\n<div class=\"p-4 justify-center text-base md:gap-6 md:py-6 m-auto\">\n<div class=\"flex flex-1 gap-4 text-base mx-auto md:gap-6 gizmo:gap-3 gizmo:md:px-5 gizmo:lg:px-1 gizmo:xl:px-5 md:max-w-2xl lg:max-w-[38rem] gizmo:md:max-w-3xl gizmo:lg:max-w-[40rem] gizmo:xl:max-w-[48rem] xl:max-w-3xl }\">\n<div class=\"relative flex w-[calc(100%-50px)] flex-col gap-1 gizmo:w-full md:gap-3 lg:w-[calc(100%-115px)] agent-turn\">\n<div class=\"flex flex-grow flex-col gap-3 max-w-full\">\n<div class=\"min-h-[20px] flex flex-col items-start gap-3 whitespace-pre-wrap break-words overflow-x-auto\">\n<div class=\"markdown prose w-full break-words dark:prose-invert light\">\n<p><a class=\"dt-pswp-item\" href=\"https:\/\/www.radiopiu.net\/wordpress\/wp-content\/uploads\/2023\/10\/certamen-Focobon.jpg\" data-dt-img-description=\"\" data-large_image_width=\"1754\" data-large_image_height=\"2480\"><img loading=\"lazy\" decoding=\"async\" class=\"size-medium wp-image-355416 alignleft\" src=\"https:\/\/www.radiopiu.net\/wordpress\/wp-content\/uploads\/2023\/10\/certamen-Focobon-212x300.jpg\" alt=\"\" width=\"212\" height=\"300\" srcset=\"https:\/\/www.radiopiu.net\/wordpress\/wp-content\/uploads\/2023\/10\/certamen-Focobon-212x300.jpg 212w, https:\/\/www.radiopiu.net\/wordpress\/wp-content\/uploads\/2023\/10\/certamen-Focobon-724x1024.jpg 724w, https:\/\/www.radiopiu.net\/wordpress\/wp-content\/uploads\/2023\/10\/certamen-Focobon-768x1086.jpg 768w, https:\/\/www.radiopiu.net\/wordpress\/wp-content\/uploads\/2023\/10\/certamen-Focobon-1086x1536.jpg 1086w, https:\/\/www.radiopiu.net\/wordpress\/wp-content\/uploads\/2023\/10\/certamen-Focobon-1448x2048.jpg 1448w, https:\/\/www.radiopiu.net\/wordpress\/wp-content\/uploads\/2023\/10\/certamen-Focobon.jpg 1754w\" sizes=\"auto, (max-width: 212px) 100vw, 212px\" \/><\/a>FALCADE Il 7 ottobre a Falcade si terr\u00e0 la tappa finale del Circuito Orientamento delle Terre Alte, un evento organizzato tra le Valli di Biois e di Fiemme. Marco Aldo Rosa, esperto di orienteering, coordina il Comitato Organizzatore con il supporto di PromoFalcade Dolomiti.La gara si svolger\u00e0 nella Piana di Falcade, un&#8217;area di grande valore paesaggistico, alle 14:00. \u00c8 un evento motorio e culturale che permette di scoprire angoli del territorio. La partecipazione \u00e8 possibile in coppie o squadre fino a un massimo di 4 persone. \u00c8 possibile iscriversi via e-mail entro il 6 ottobre o direttamente all&#8217;evento il 7 ottobre. La gara avr\u00e0 un tempo limite di un&#8217;ora e inizier\u00e0 alle 15:00. Le tappe del percorso possono essere affrontate nell&#8217;ordine preferito, con l&#8217;ausilio di mappa e bussola. \u00c8 un&#8217;opportunit\u00e0 divertente per esplorare il territorio in compagnia.L&#8217;evento \u00e8 adatto a persone di tutte le et\u00e0, anche a chi non conosce l&#8217;orienteering. Esperti saranno disponibili per spiegare i concetti di base del \u200b\u200blo sport tra le ore 14:00 e le 14:50 il giorno dell&#8217;evento. L&#8217;evento \u00e8 anche un omaggio a Paola Giacomuzzi, un&#8217;ex atleta di sci orienteering, originaria di Castello di Fiemme, che aveva in mente di promuovere l&#8217;orienteering a Falcade. Il Circuito Orientamento delle Terre Alte avr\u00e0 una cerimonia finale entro la fine di ottobre, con premi speciali per i partecipanti che hanno preso parte a almeno due delle tre tappe. Altri premi saranno assegnati tramite estrazione tra coloro che hanno partecipato a una sola prova dell&#8217;intero circuito. La data e il luogo della cerimonia finale saranno comunicati dal Comitato Organizzatore nei prossimi giorni.<\/p>\n<p>&nbsp;<\/p>\n<\/div>\n<\/div>\n<\/div>\n<div class=\"flex justify-between empty:hidden lg:block\">\n<div class=\"text-gray-400 flex self-end lg:self-center justify-center gizmo:lg:justify-start mt-2 gizmo:mt-0 visible lg:gap-1 lg:absolute lg:top-0 lg:translate-x-full lg:right-0 lg:mt-0 lg:pl-2 gap-2 md:gap-3\"><\/div>\n<\/div>\n<\/div>\n<\/div>\n<\/div>\n<\/div>\n<\/div>\n<\/div>\n<\/div>\n<\/div>\n<p>&nbsp;<\/p>\n<hr \/>\n<p>&nbsp;<\/p>\n<blockquote>\n<h3><a class=\"dt-pswp-item\" href=\"https:\/\/www.radiopiu.net\/wordpress\/wp-content\/uploads\/2023\/10\/Senza-nome-8.png\" data-dt-img-description=\"\" data-large_image_width=\"896\" data-large_image_height=\"502\"><img loading=\"lazy\" decoding=\"async\" class=\" wp-image-355337 alignleft\" src=\"https:\/\/www.radiopiu.net\/wordpress\/wp-content\/uploads\/2023\/10\/Senza-nome-8-300x168.png\" alt=\"\" width=\"218\" height=\"122\" srcset=\"https:\/\/www.radiopiu.net\/wordpress\/wp-content\/uploads\/2023\/10\/Senza-nome-8-300x168.png 300w, https:\/\/www.radiopiu.net\/wordpress\/wp-content\/uploads\/2023\/10\/Senza-nome-8-768x430.png 768w, https:\/\/www.radiopiu.net\/wordpress\/wp-content\/uploads\/2023\/10\/Senza-nome-8.png 896w\" sizes=\"auto, (max-width: 218px) 100vw, 218px\" \/><\/a>PERCHE&#8217; ALL&#8217;ITALIA L&#8217;ECCELLENZA NON BASTA<\/h3>\n<\/blockquote>\n<p><strong>FELTRE<\/strong>\u00a0 Sabato\u00a0 a Villa Guarnieri\u00a0 alle 16.00, Paolo Manfredi e il direttore di Confindustria Belluno Dolomiti, Andrea Ferrazzi, discuteranno dell\u2019impatto dell\u2019economia della conoscenza su un territorio considerato di frontiera come il Bellunese. Nella tensione tra \u2018millenarismo\u2019 da fine dei tempi imminente e il suo opposto, la retorica dell\u2019\u2019andr\u00e0 tutto bene\u2019, una trappola in cui spesso cade l\u2019opinione pubblica, ci sono molte azioni che possono indicare una terza via. Secondo Manfredi: <em>\u00abL\u2019Italia \u00e8 un Paese affaticato, un tessuto un po\u2019 liso, puntinato di meraviglia. Non certo l\u2019unico Paese a versare in una condizione poco brillante nell\u2019era della crisi permanente, certamente per\u00f2 il principale dell\u2019Occidente a dare da pi\u00f9 di trent\u2019anni la solida impressione di avere il futuro alle spalle\u00bb.<\/em><\/p>\n<p>&nbsp;<\/p>\n<p>&nbsp;<\/p>\n<hr \/>\n<p>&nbsp;<\/p>\n<blockquote>\n<h3><a class=\"dt-pswp-item\" href=\"https:\/\/www.radiopiu.net\/wordpress\/wp-content\/uploads\/2022\/09\/MELA.png\" data-dt-img-description=\"\" data-large_image_width=\"1824\" data-large_image_height=\"1296\"><img loading=\"lazy\" decoding=\"async\" class=\"wp-image-296200 alignleft\" src=\"https:\/\/www.radiopiu.net\/wordpress\/wp-content\/uploads\/2022\/09\/MELA-300x213.png\" alt=\"\" width=\"137\" height=\"97\" srcset=\"https:\/\/www.radiopiu.net\/wordpress\/wp-content\/uploads\/2022\/09\/MELA-300x213.png 300w, https:\/\/www.radiopiu.net\/wordpress\/wp-content\/uploads\/2022\/09\/MELA-1024x728.png 1024w, https:\/\/www.radiopiu.net\/wordpress\/wp-content\/uploads\/2022\/09\/MELA-768x546.png 768w, https:\/\/www.radiopiu.net\/wordpress\/wp-content\/uploads\/2022\/09\/MELA-1536x1091.png 1536w, https:\/\/www.radiopiu.net\/wordpress\/wp-content\/uploads\/2022\/09\/MELA.png 1824w\" sizes=\"auto, (max-width: 137px) 100vw, 137px\" \/><\/a>TORNA MELE A MEL<\/h3>\n<\/blockquote>\n<p><strong>BORGO VALBELLUNA<\/strong><\/p>\n<p>DI ROBERTO BONA<\/p>\n<audio class=\"wp-audio-shortcode\" id=\"audio-355279-9\" preload=\"none\" style=\"width: 100%;\" controls=\"controls\"><source type=\"audio\/mpeg\" src=\"https:\/\/www.radiopiu.net\/wordpress\/wp-content\/uploads\/2023\/10\/BONA-MELE-A-MEL.mp3?_=9\" \/><a href=\"https:\/\/www.radiopiu.net\/wordpress\/wp-content\/uploads\/2023\/10\/BONA-MELE-A-MEL.mp3\">https:\/\/www.radiopiu.net\/wordpress\/wp-content\/uploads\/2023\/10\/BONA-MELE-A-MEL.mp3<\/a><\/audio>\n<p>&nbsp;<\/p>\n<hr \/>\n<p>&nbsp;<\/p>\n<h2><span style=\"color: #ff0000;\">GLI APPUNTAMENTI DELLA SETTIMANA\u00a0<\/span><\/h2>\n<blockquote>\n<h3>IL NUOVO LIBRO DI PAOLA FARAON<\/h3>\n<\/blockquote>\n<p><strong>SOSPIROLO\u00a0<\/strong>Si terr\u00e0 stasera alle 20.30, presso il ristorante Bacchetti di Piz di Sospirolo, la presentazione del libro \u201cUn giorno come tanti\u201d, nuova opera dell\u2019autrice sospirolese Paola Faraon.<\/p>\n<p>&nbsp;<\/p>\n<p>LA FANFARA CONGEDATI BRIGATA ALPINA CADORE TORNA AD AGORDO. SABATO 7 OTTOBRE, ALLE 15.30 CAROSELLO IN PIAZZA LIBERTA\u2019, ALLE 20.30 IL CONCERTO AL PALALUXOTTICA DIRETTO DAL MAESTRO DOMENICO VELLO. INGRESSO GRATUITO, EVENTUALE OFFERTE SARANNO DEVOLUTE ALLA RICOSTRUZIONE DEL TERRITORIO COLPITO DALL\u2019ALLUVIONE IN EMILIA ROMAGNA. LA FANFARA CONGEDATI BRIGATA ALPINA CADORE, IL 7 OTTOBRE AD AGORDO, CON IL GRUPPO ALPINI AGORDO-TAIBON E RIVAMONTE.<\/p>\n<p><strong>\u00a0<\/strong><\/p>\n<div id=\"gallery-1\" class=\"dt-gallery-container gallery galleryid-354999 gallery-columns-3 gallery-size-thumbnail\">\n<dl class=\"gallery-item\">\n<dt class=\"gallery-icon landscape\"><a class=\"rollover rollover-zoom dt-pswp-item pspw-wrap-ready this-ready\" title=\"th\" href=\"https:\/\/www.radiopiu.net\/wordpress\/wp-content\/uploads\/2023\/10\/th.jpg\" data-dt-img-description=\"\" data-large_image_width=\"203\" data-large_image_height=\"114\"><img loading=\"lazy\" decoding=\"async\" class=\"attachment-thumbnail size-thumbnail\" src=\"https:\/\/www.radiopiu.net\/wordpress\/wp-content\/uploads\/2023\/10\/th-150x114.jpg\" alt=\"\" width=\"150\" height=\"114\" \/><i><\/i><\/a><\/dt>\n<\/dl>\n<dl class=\"gallery-item\">\n<dt class=\"gallery-icon landscape\"><a class=\"rollover rollover-zoom dt-pswp-item pspw-wrap-ready this-ready\" title=\"h\" href=\"https:\/\/www.radiopiu.net\/wordpress\/wp-content\/uploads\/2023\/10\/h.jpg\" data-dt-img-description=\"\" data-large_image_width=\"203\" data-large_image_height=\"114\"><img loading=\"lazy\" decoding=\"async\" class=\"attachment-thumbnail size-thumbnail\" src=\"https:\/\/www.radiopiu.net\/wordpress\/wp-content\/uploads\/2023\/10\/h-150x114.jpg\" alt=\"\" width=\"150\" height=\"114\" \/><i><\/i><\/a><\/dt>\n<\/dl>\n<dl class=\"gallery-item\">\n<dt class=\"gallery-icon landscape\"><a class=\"rollover rollover-zoom dt-pswp-item pspw-wrap-ready this-ready\" title=\"3-300x169\" href=\"https:\/\/www.radiopiu.net\/wordpress\/wp-content\/uploads\/2023\/10\/3-300x169-1.jpg\" data-dt-img-description=\"\" data-large_image_width=\"300\" data-large_image_height=\"169\"><img loading=\"lazy\" decoding=\"async\" class=\"attachment-thumbnail size-thumbnail\" src=\"https:\/\/www.radiopiu.net\/wordpress\/wp-content\/uploads\/2023\/10\/3-300x169-1-150x150.jpg\" alt=\"\" width=\"150\" height=\"150\" \/><\/a><\/dt>\n<\/dl>\n<\/div>\n<p>&nbsp;<\/p>\n<blockquote>\n<h1>A Canale d&#8217;Agordo, domenica 8 ottobre: sfilate, pranzo sotto al tendone, premiazioni, premi a sorteggio musica con Oscar.<br \/>\nOGGI LO SPECIALE ALLA RADIO ALLE 13.10<\/h1>\n<\/blockquote>\n<p><a class=\"dt-pswp-item\" href=\"https:\/\/www.radiopiu.net\/wordpress\/wp-content\/uploads\/2023\/09\/377708261_637996701838723_408931542616663239_n.jpg\" data-dt-img-description=\"\" data-large_image_width=\"526\" data-large_image_height=\"275\"><img loading=\"lazy\" decoding=\"async\" class=\"size-medium wp-image-354560 aligncenter\" src=\"https:\/\/www.radiopiu.net\/wordpress\/wp-content\/uploads\/2023\/09\/377708261_637996701838723_408931542616663239_n-300x157.jpg\" alt=\"\" width=\"300\" height=\"157\" srcset=\"https:\/\/www.radiopiu.net\/wordpress\/wp-content\/uploads\/2023\/09\/377708261_637996701838723_408931542616663239_n-300x157.jpg 300w, https:\/\/www.radiopiu.net\/wordpress\/wp-content\/uploads\/2023\/09\/377708261_637996701838723_408931542616663239_n.jpg 526w\" sizes=\"auto, (max-width: 300px) 100vw, 300px\" \/><\/a><\/p>\n<p>&nbsp;<\/p>\n<p>&nbsp;<\/p>\n<p>&nbsp;<\/p>\n<blockquote>\n<h3>DOMENICA AL TEATRO COMUNALE DI BELLUNO SI RICORDA UGO NERI<\/h3>\n<\/blockquote>\n<p><strong><a class=\"dt-pswp-item\" href=\"https:\/\/www.radiopiu.net\/wordpress\/wp-content\/uploads\/2023\/10\/foto-di-ugo-neri.jpg\" data-dt-img-description=\"\" data-large_image_width=\"1536\" data-large_image_height=\"1837\"><img loading=\"lazy\" decoding=\"async\" class=\" wp-image-355222 alignleft\" src=\"https:\/\/www.radiopiu.net\/wordpress\/wp-content\/uploads\/2023\/10\/foto-di-ugo-neri-251x300.jpg\" alt=\"\" width=\"81\" height=\"97\" srcset=\"https:\/\/www.radiopiu.net\/wordpress\/wp-content\/uploads\/2023\/10\/foto-di-ugo-neri-251x300.jpg 251w, https:\/\/www.radiopiu.net\/wordpress\/wp-content\/uploads\/2023\/10\/foto-di-ugo-neri-856x1024.jpg 856w, https:\/\/www.radiopiu.net\/wordpress\/wp-content\/uploads\/2023\/10\/foto-di-ugo-neri-768x919.jpg 768w, https:\/\/www.radiopiu.net\/wordpress\/wp-content\/uploads\/2023\/10\/foto-di-ugo-neri-1284x1536.jpg 1284w, https:\/\/www.radiopiu.net\/wordpress\/wp-content\/uploads\/2023\/10\/foto-di-ugo-neri.jpg 1536w\" sizes=\"auto, (max-width: 81px) 100vw, 81px\" \/><\/a>BELLUNO<\/strong> Agli inizi di ottobre del 1993 la comunit\u00e0 bellunese perdeva una delle sue voci pi\u00f9 amate ed apprezzate, il poeta dialettale Ugo Neri. A trent\u2019anni dalla scomparsa un gruppo di amici e di suoi estimatori, d\u2019intesa con i figli ed i fratelli di Ugo, hanno allestito un recital-concerto che si terr\u00e0 domenica 8 ottobre alle 21 al Teatro Comunale di Belluno. L\u2019evento \u00e8 stato promosso nell\u2019ambito della rassegna \u201cOltre le vette\u201d con il patrocinio di Comune di Belluno e Fondazione Teatri delle Dolomiti.<\/p>\n<p>&nbsp;<\/p>\n<p><strong>\u00a0 \u00a0<\/strong><\/p>\n<hr \/>\n<p>&nbsp;<\/p>\n<p>&nbsp;<\/p>\n<blockquote>\n<h3>IL CONSIGLIO COMUNALE DI FALCADE<\/h3>\n<\/blockquote>\n<p><strong>LA DIRETTA RADIO PIU&#8217;<\/strong><\/p>\n<p><iframe loading=\"lazy\" title=\"Falcade - Consiglio Comunale 03\/10\/2023\" width=\"1200\" height=\"675\" src=\"https:\/\/www.youtube.com\/embed\/yiXYGE9CBJw?feature=oembed\" frameborder=\"0\" allow=\"accelerometer; autoplay; clipboard-write; encrypted-media; gyroscope; picture-in-picture; web-share\" allowfullscreen><\/iframe><\/p>\n<p>&nbsp;<\/p>\n<hr \/>\n<p>&nbsp;<\/p>\n<p><strong>di SERENA SOPPERA &#8230; A RICORDO<\/strong><\/p>\n<p><iframe loading=\"lazy\" title=\"SE DESMONTEGHEA 2023 (smonticazione Falcade) #viralvideo\" width=\"1200\" height=\"675\" src=\"https:\/\/www.youtube.com\/embed\/2a7SrxaGcWc?feature=oembed\" frameborder=\"0\" allow=\"accelerometer; autoplay; clipboard-write; encrypted-media; gyroscope; picture-in-picture; web-share\" allowfullscreen><\/iframe><\/p>\n<p>&nbsp;<\/p>\n<p>&nbsp;<\/p>\n<p>&nbsp;<\/p>\n<h2><span style=\"color: #ff0000;\">PROSSIMAMENTE&#8230;\u00a0 \u00a0<\/span><\/h2>\n<blockquote>\n<h3>MARTEDI&#8217; IL CONCERTO IN PREFETTURA<\/h3>\n<\/blockquote>\n<p><strong>BELLUNO <\/strong>Si apre nel cinquecentesco Palazzo dei Rettori, ospiti della Prefettura di Belluno, lo <em>Scrigno barocco<\/em> di Fabiano Martignago flauto dolce e Angelica Selmo clavicembalo, marted\u00ec 10 ottobre, alle ore 20:30.<\/p>\n<p>&nbsp;<\/p>\n<blockquote>\n<h3>DAL 13 AL 15 OTTOBRE RIVA L&#8217;OKTOBERFEST A RIVAMONTE<\/h3>\n<\/blockquote>\n<p><strong><a class=\"dt-pswp-item\" href=\"https:\/\/www.radiopiu.net\/wordpress\/wp-content\/uploads\/2023\/10\/30a2544f-ee8d-4a49-ae09-855f2b5d3400.jpg\" data-dt-img-description=\"\" data-large_image_width=\"1131\" data-large_image_height=\"1600\"><img loading=\"lazy\" decoding=\"async\" class=\" wp-image-355102 alignleft\" src=\"https:\/\/www.radiopiu.net\/wordpress\/wp-content\/uploads\/2023\/10\/30a2544f-ee8d-4a49-ae09-855f2b5d3400-212x300.jpg\" alt=\"\" width=\"136\" height=\"192\" srcset=\"https:\/\/www.radiopiu.net\/wordpress\/wp-content\/uploads\/2023\/10\/30a2544f-ee8d-4a49-ae09-855f2b5d3400-212x300.jpg 212w, https:\/\/www.radiopiu.net\/wordpress\/wp-content\/uploads\/2023\/10\/30a2544f-ee8d-4a49-ae09-855f2b5d3400-724x1024.jpg 724w, https:\/\/www.radiopiu.net\/wordpress\/wp-content\/uploads\/2023\/10\/30a2544f-ee8d-4a49-ae09-855f2b5d3400-768x1086.jpg 768w, https:\/\/www.radiopiu.net\/wordpress\/wp-content\/uploads\/2023\/10\/30a2544f-ee8d-4a49-ae09-855f2b5d3400-1086x1536.jpg 1086w, https:\/\/www.radiopiu.net\/wordpress\/wp-content\/uploads\/2023\/10\/30a2544f-ee8d-4a49-ae09-855f2b5d3400.jpg 1131w\" sizes=\"auto, (max-width: 136px) 100vw, 136px\" \/><\/a>RIVAMONTE<\/strong> Torna &#8220;Riva L&#8217;Oktoberfest&#8221; a Rivamonte. L&#8217;Associazione Pro Loco Rivamonte organizza un fine settimana di festa in stile bavarese sotto al tendone. Si inizia venerd\u00ec 13 ottobre. Alle 18 l&#8217;happy hour, dalle 19 apertura dello stand gastronomico e a seguire musica con Spritz Band. Sabato 14 ottobre apertura del tendone alle 17 e alle 19 al via con i piatti tipici bavaresi. Alla sera &#8220;Suona il Fusto&#8221;, ogni volta che finisce un fusto suona la campana e chi sta aspettando la birra riceve un buono pranzo pi\u00f9 birra per la domenica. Alla sera musica con Koa Quintett e dalla mezzanotte DJ Luca. Domenica 15 dalle 10 apertura del tendone e dimostrazione dei lavori di una volta. Alle 12 pranzo con porchetta allo spiedo e piatti bavaresi. Intrattenimento musicale con Letemar Quintett. E&#8217; gradita la presenza in abito tradizionale tirolese.<\/p>\n<p><span style=\"color: #ff0000;\"><strong>l&#8217;intervista di mirko mezzacasa<\/strong><\/span><\/p>\n<p><strong>PUNTATA 3 OTTOBRE &#8211; OKTOBER FEST . Giacomo Bressan presidente Pro loco Rivamonte.<\/strong><\/p>\n<audio class=\"wp-audio-shortcode\" id=\"audio-355279-10\" preload=\"none\" style=\"width: 100%;\" controls=\"controls\"><source type=\"audio\/mpeg\" src=\"https:\/\/www.radiopiu.net\/wordpress\/wp-content\/uploads\/2023\/10\/GIACOMO-BRESSAN.mp3?_=10\" \/><a href=\"https:\/\/www.radiopiu.net\/wordpress\/wp-content\/uploads\/2023\/10\/GIACOMO-BRESSAN.mp3\">https:\/\/www.radiopiu.net\/wordpress\/wp-content\/uploads\/2023\/10\/GIACOMO-BRESSAN.mp3<\/a><\/audio>\n<p>&nbsp;<\/p>\n<p>&nbsp;<\/p>\n<p>&nbsp;<\/p>\n<hr \/>\n<p>&nbsp;<\/p>\n<h3>LE MINIERE DELL&#8217;ALTA VAL DEL MIS<br \/>\nPresentazione del film documentario con l&#8217;introduzione di Manuel Conedera. Sabato 14 ottobre alle 20.30 nella sala conferenze del Polo Culturale di Sedico con Speleo Cai Feltre.<\/h3>\n<p><a class=\"dt-pswp-item\" href=\"https:\/\/www.radiopiu.net\/wordpress\/wp-content\/uploads\/2023\/09\/6cb03d14-50c0-4391-9537-f6e817a51572.jpg\" data-dt-img-description=\"\" data-large_image_width=\"1132\" data-large_image_height=\"1600\"><img loading=\"lazy\" decoding=\"async\" class=\"size-medium wp-image-354501 aligncenter\" src=\"https:\/\/www.radiopiu.net\/wordpress\/wp-content\/uploads\/2023\/09\/6cb03d14-50c0-4391-9537-f6e817a51572-212x300.jpg\" alt=\"\" width=\"212\" height=\"300\" srcset=\"https:\/\/www.radiopiu.net\/wordpress\/wp-content\/uploads\/2023\/09\/6cb03d14-50c0-4391-9537-f6e817a51572-212x300.jpg 212w, https:\/\/www.radiopiu.net\/wordpress\/wp-content\/uploads\/2023\/09\/6cb03d14-50c0-4391-9537-f6e817a51572-724x1024.jpg 724w, https:\/\/www.radiopiu.net\/wordpress\/wp-content\/uploads\/2023\/09\/6cb03d14-50c0-4391-9537-f6e817a51572-768x1086.jpg 768w, https:\/\/www.radiopiu.net\/wordpress\/wp-content\/uploads\/2023\/09\/6cb03d14-50c0-4391-9537-f6e817a51572-1087x1536.jpg 1087w, https:\/\/www.radiopiu.net\/wordpress\/wp-content\/uploads\/2023\/09\/6cb03d14-50c0-4391-9537-f6e817a51572.jpg 1132w\" sizes=\"auto, (max-width: 212px) 100vw, 212px\" \/><\/a><\/p>\n<p>&nbsp;<\/p>\n<p>&nbsp;<\/p>\n<p>GALA&#8217; BOLLICINA, QUARTA EDIZIONE. DOMENICA 22 OTTOBRE DALLE 11 ALLE 17 AL NOF FILO&#8217; DI CENCENIGHE. OSPITE D&#8217;ONORE IL SOMMELIER PLURIPREMIATO, LUCA GARDINI, MIGLIOR SOMMELIER AL MONDO 2020 E OGGI AMBASCIATORE DEL METODO CLASSICO. UN EVENTO &#8220;OH PER BACCO, VINI E SAPORI DELLE DOLOMITI.<br \/>\nGALA&#8217; BOLLICINA, DOMENICA 22 OTTOBRE DALLE 11 ALLE 17 AL NOF FILO&#8217; DI CENCENIGHE: 80 BOLLICINE IN DEGUSTAZIONE, 60 AZIENDE PRESENTI, CICCHETTERIA OH PER BACCO, FINGER FOOD E CUCINA &#8220;COSTA&#8221; (o chiusa, come costicina). diretta su radio piu&#8217; E DALLE 17 ALL&#8217;OH PER BACCO AFTER PARTY CON MORGAN DJ info 348 2779135<\/p>\n<p>&nbsp;<\/p>\n<p><a class=\"dt-pswp-item\" href=\"https:\/\/www.radiopiu.net\/wordpress\/wp-content\/uploads\/2023\/09\/880aa720-47e8-48f2-a5b8-7382d84557b2.jpg\" data-dt-img-description=\"\" data-large_image_width=\"1080\" data-large_image_height=\"1533\"><img loading=\"lazy\" decoding=\"async\" class=\"size-medium wp-image-353010 aligncenter\" src=\"https:\/\/www.radiopiu.net\/wordpress\/wp-content\/uploads\/2023\/09\/880aa720-47e8-48f2-a5b8-7382d84557b2-211x300.jpg\" alt=\"\" width=\"211\" height=\"300\" srcset=\"https:\/\/www.radiopiu.net\/wordpress\/wp-content\/uploads\/2023\/09\/880aa720-47e8-48f2-a5b8-7382d84557b2-211x300.jpg 211w, https:\/\/www.radiopiu.net\/wordpress\/wp-content\/uploads\/2023\/09\/880aa720-47e8-48f2-a5b8-7382d84557b2-721x1024.jpg 721w, https:\/\/www.radiopiu.net\/wordpress\/wp-content\/uploads\/2023\/09\/880aa720-47e8-48f2-a5b8-7382d84557b2-768x1090.jpg 768w, https:\/\/www.radiopiu.net\/wordpress\/wp-content\/uploads\/2023\/09\/880aa720-47e8-48f2-a5b8-7382d84557b2.jpg 1080w\" sizes=\"auto, (max-width: 211px) 100vw, 211px\" \/><\/a><\/p>\n<p>&nbsp;<\/p>\n<h2><\/h2>\n<h2><strong><a class=\"dt-pswp-item\" href=\"https:\/\/www.radiopiu.net\/wordpress\/wp-content\/uploads\/2023\/09\/db8bfdca-6229-438e-95d5-3e4f5f945da0.jpg\" data-dt-img-description=\"\" data-large_image_width=\"1599\" data-large_image_height=\"1187\"><img loading=\"lazy\" decoding=\"async\" class=\" wp-image-354438 alignleft\" src=\"https:\/\/www.radiopiu.net\/wordpress\/wp-content\/uploads\/2023\/09\/db8bfdca-6229-438e-95d5-3e4f5f945da0-300x223.jpg\" alt=\"\" width=\"180\" height=\"134\" srcset=\"https:\/\/www.radiopiu.net\/wordpress\/wp-content\/uploads\/2023\/09\/db8bfdca-6229-438e-95d5-3e4f5f945da0-300x223.jpg 300w, https:\/\/www.radiopiu.net\/wordpress\/wp-content\/uploads\/2023\/09\/db8bfdca-6229-438e-95d5-3e4f5f945da0-1024x760.jpg 1024w, https:\/\/www.radiopiu.net\/wordpress\/wp-content\/uploads\/2023\/09\/db8bfdca-6229-438e-95d5-3e4f5f945da0-768x570.jpg 768w, https:\/\/www.radiopiu.net\/wordpress\/wp-content\/uploads\/2023\/09\/db8bfdca-6229-438e-95d5-3e4f5f945da0-1536x1140.jpg 1536w, https:\/\/www.radiopiu.net\/wordpress\/wp-content\/uploads\/2023\/09\/db8bfdca-6229-438e-95d5-3e4f5f945da0.jpg 1599w\" sizes=\"auto, (max-width: 180px) 100vw, 180px\" \/><\/a><span style=\"color: #339966;\">100 DI QUESTI GIORNI: LA FESTA A VILLA SAN GIUSEPPE DI LIVINALLONGO DEL COL DI LANA<\/span><\/strong><\/h2>\n<p><strong>LIVINALLONGO<\/strong> Grande festa a Villa San Giuseppe di Livinallongo. Sabato 14 ottobre sar\u00e0 un lungo pomeriggio tra cultura, musica e convivialit\u00e0. Ad aprire l&#8217;evento l&#8217;intervista a Manolo, Maurizio Zanolla si racconter\u00e0 al pubblico. Dalle 18 la musica dei Tirataie e alle 19 l&#8217;apricena con piatti tipici.<\/p>\n<p><strong>L&#8217;INTERVISTA ALLA RADIO<\/strong><\/p>\n<audio class=\"wp-audio-shortcode\" id=\"audio-355279-11\" preload=\"none\" style=\"width: 100%;\" controls=\"controls\"><source type=\"audio\/mpeg\" src=\"https:\/\/www.radiopiu.net\/wordpress\/wp-content\/uploads\/2023\/06\/CENTO-DI-QUESTI-GIORNI-14-OTTOBRE.mp3?_=11\" \/><a href=\"https:\/\/www.radiopiu.net\/wordpress\/wp-content\/uploads\/2023\/06\/CENTO-DI-QUESTI-GIORNI-14-OTTOBRE.mp3\">https:\/\/www.radiopiu.net\/wordpress\/wp-content\/uploads\/2023\/06\/CENTO-DI-QUESTI-GIORNI-14-OTTOBRE.mp3<\/a><\/audio>\n<p>&nbsp;<\/p>\n<blockquote>\n<h3>IN VAL ROSANDRA CON IL CAI DI BELLUNO<\/h3>\n<\/blockquote>\n<p><strong>BELLUNO <\/strong>La sezione CAI di Belluno organizza una gita aperta a tutti per domenica 29 ottobre in VAL ROSANDRA. L\u2019escursione alla nota ma poco conosciuta Val Rosandra si svilupper\u00e0 partendo dalla chiesetta di S.Lorenzo per scendere sul fondo della valle e risalire verso il punto centrale e molto panoramico dove \u00e8 stato collocato il cippo a memoria di Comici, il pi\u00f9 famoso degli alpinisti triestini. Per informazioni e iscrizioni <a href=\"http:\/\/www.caibelluno.it\">www.caibelluno.it<\/a><\/p>\n<p>&nbsp;<\/p>\n<p>&nbsp;<\/p>\n<hr \/>\n<p>&nbsp;<\/p>\n<div class=\"message spoilers-container\" dir=\"auto\">\n<div class=\"column\">\n<div class=\"message spoilers-container\" dir=\"auto\">\n<div class=\"column\">\n<p><img loading=\"lazy\" decoding=\"async\" class=\"aligncenter wp-image-61954 size-full\" src=\"https:\/\/www.radiopiu.net\/wordpress\/wp-content\/uploads\/2018\/09\/viabilita.jpeg\" sizes=\"auto, (max-width: 800px) 100vw, 800px\" srcset=\"https:\/\/www.radiopiu.net\/wordpress\/wp-content\/uploads\/2018\/09\/viabilita.jpeg 800w, https:\/\/www.radiopiu.net\/wordpress\/wp-content\/uploads\/2018\/09\/viabilita-300x38.jpeg 300w, https:\/\/www.radiopiu.net\/wordpress\/wp-content\/uploads\/2018\/09\/viabilita-768x96.jpeg 768w\" alt=\"\" width=\"800\" height=\"100\" \/><\/p>\n<\/div>\n<\/div>\n<div class=\"message spoilers-container\" dir=\"auto\">\n<div class=\"column\">\n<p>&nbsp;<\/p>\n<\/div>\n<\/div>\n<\/div>\n<\/div>\n<blockquote class=\"wp-embedded-content\" data-secret=\"MYbdSASlJh\"><p><a href=\"https:\/\/www.radiopiu.net\/wordpress\/viabilita\/\">viabilita<\/a><\/p><\/blockquote>\n<p><iframe loading=\"lazy\" class=\"wp-embedded-content\" sandbox=\"allow-scripts\" security=\"restricted\" style=\"position: absolute; clip: rect(1px, 1px, 1px, 1px);\" title=\"&#8220;viabilita&#8221; &#8212; Radio Pi\u00f9\" src=\"https:\/\/www.radiopiu.net\/wordpress\/viabilita\/embed\/#?secret=IrR8XuLWY0#?secret=MYbdSASlJh\" data-secret=\"MYbdSASlJh\" width=\"600\" height=\"338\" frameborder=\"0\" marginwidth=\"0\" marginheight=\"0\" scrolling=\"no\"><\/iframe><\/p>\n<div class=\"message spoilers-container\" dir=\"auto\">\n<div class=\"column\">\n<div class=\"message spoilers-container\" dir=\"auto\">\n<div class=\"column\">\n<div>\n<div dir=\"ltr\">\n<div class=\"gmail_quote\">\n<div dir=\"ltr\">\n<div><\/div>\n<div><\/div>\n<div><\/div>\n<\/div>\n<\/div>\n<\/div>\n<\/div>\n<hr \/>\n<p>&nbsp;<\/p>\n<p><a class=\"dt-pswp-item\" href=\"https:\/\/www.radiopiu.net\/wordpress\/wp-content\/uploads\/2018\/09\/WhatsApp-Image-2018-09-20-at-16.04.06.jpeg\" data-dt-img-description=\"\" data-large_image_width=\"800\" data-large_image_height=\"100\"><img loading=\"lazy\" decoding=\"async\" class=\"wp-image-61378 size-full aligncenter\" src=\"https:\/\/www.radiopiu.net\/wordpress\/wp-content\/uploads\/2018\/09\/WhatsApp-Image-2018-09-20-at-16.04.06.jpeg\" alt=\"\" width=\"800\" height=\"100\" srcset=\"https:\/\/www.radiopiu.net\/wordpress\/wp-content\/uploads\/2018\/09\/WhatsApp-Image-2018-09-20-at-16.04.06.jpeg 800w, https:\/\/www.radiopiu.net\/wordpress\/wp-content\/uploads\/2018\/09\/WhatsApp-Image-2018-09-20-at-16.04.06-300x38.jpeg 300w, https:\/\/www.radiopiu.net\/wordpress\/wp-content\/uploads\/2018\/09\/WhatsApp-Image-2018-09-20-at-16.04.06-768x96.jpeg 768w\" sizes=\"auto, (max-width: 800px) 100vw, 800px\" \/><\/a><\/p>\n<\/div>\n<\/div>\n<p>&nbsp;<\/p>\n<p style=\"text-align: center;\"><strong>OGGI<\/strong><\/p>\n<\/div>\n<\/div>\n<div id=\"dolomitimeteo_div_testi\">\n<p><b><\/b>Fino al mattino residua nuvolosit\u00e0 anche con nubi basse o nebbie in alcuni fondovalle, poi schiarite via via pi\u00f9 ampie in giornata con cielo da poco a tratti parzialmente nuvoloso per passaggio di nubi medio-alte specie nel pomeriggio.<br \/>\n<b>Precipitazioni: <\/b>Assenti (0%)<br \/>\n<b>Temperature: <\/b>Temperature generalmente stazionarie o in lieve aumento le massime e in calo le minime nelle valli in caso di schiarite notturne<\/p>\n<hr \/>\n<p><center><b>DOMANI<\/b><\/center>Al mattino poco o a tratti parzialmente nuvoloso per nubi alte, durante le ore centrali sereno o poco nuvoloso. Verso sera nuova comparsa di sottili nubi alte da nordovest. Fino al primo mattino possibili nubi basse o nebbie in alcuni fondovalle.<br \/>\n<b>Precipitazioni: <\/b>Assenti<br \/>\n<b>Temperature: <\/b>stazionarie.<\/p>\n<hr \/>\n<p><center><b>SABATO<\/b><\/center>Tempo stabile con cielo sereno o poco nuvoloso per qualche sottile velatura specie al mattino Fino al primo mattino qualche nebbia o nube bassa in Valbelluna. Temperature minime stazionarie, massime in ulteriore lieve aumento e su valori nuovamente molto superiori alla media del periodo<\/p>\n<hr \/>\n<p><center><b>DOMENICA<\/b><\/center>Cielo sereno o poco nuvoloso per sottili velature. Temperature massime in ulteriore aumento su valori che potranno risultare estremamente elevati rispetto alla media del periodo specie a fondovalle<\/p>\n<\/div>\n<p>&nbsp;<\/p>\n<div class=\"message spoilers-container\" dir=\"auto\">\n<hr \/>\n<p>&nbsp;<\/p>\n<p><img loading=\"lazy\" decoding=\"async\" class=\"wp-image-60761 size-full aligncenter\" src=\"https:\/\/www.radiopiu.net\/wordpress\/wp-content\/uploads\/2018\/09\/sport.jpg\" alt=\"\" width=\"800\" height=\"100\" srcset=\"https:\/\/www.radiopiu.net\/wordpress\/wp-content\/uploads\/2018\/09\/sport.jpg 800w, https:\/\/www.radiopiu.net\/wordpress\/wp-content\/uploads\/2018\/09\/sport-300x38.jpg 300w, https:\/\/www.radiopiu.net\/wordpress\/wp-content\/uploads\/2018\/09\/sport-768x96.jpg 768w\" sizes=\"auto, (max-width: 800px) 100vw, 800px\" \/><\/p>\n<p>&nbsp;<\/p>\n<p><span style=\"color: #0000ff;\"><strong>CALCIO<\/strong><\/span><\/p>\n<blockquote>\n<h3>DOPO LE PRIME TRE GIORNATE IL LE VILLE E&#8217; IN TESTA AL CAMPIONATO CSI OPEN<\/h3>\n<\/blockquote>\n<p><strong><a class=\"dt-pswp-item\" href=\"https:\/\/www.radiopiu.net\/wordpress\/wp-content\/uploads\/2020\/09\/US-LE-VILLE.jpg\" data-dt-img-description=\"\" data-large_image_width=\"585\" data-large_image_height=\"576\"><img loading=\"lazy\" decoding=\"async\" class=\" wp-image-163077 alignleft\" src=\"https:\/\/www.radiopiu.net\/wordpress\/wp-content\/uploads\/2020\/09\/US-LE-VILLE-300x295.jpg\" alt=\"\" width=\"158\" height=\"155\" srcset=\"https:\/\/www.radiopiu.net\/wordpress\/wp-content\/uploads\/2020\/09\/US-LE-VILLE-300x295.jpg 300w, https:\/\/www.radiopiu.net\/wordpress\/wp-content\/uploads\/2020\/09\/US-LE-VILLE-488x480.jpg 488w, https:\/\/www.radiopiu.net\/wordpress\/wp-content\/uploads\/2020\/09\/US-LE-VILLE.jpg 585w\" sizes=\"auto, (max-width: 158px) 100vw, 158px\" \/><\/a>di Marco Gaz<\/strong><\/p>\n<p><strong>REDAZIONE<\/strong> E&#8217; iniziato da tre settimane il campionato provinciale CSI Open di calcio e il Le Ville si sta comportando bene. La squadra allenata da Gianni Farenzena non ha mai perso fino ad ora e si sta contendendo il primo posto in classifica con la Virtus Nemeggio. La compagine di Agordo, unica formazione agordina iscritta al torneo, dopo le due vittorie nelle prime due sfide dell&#8217;anno \u00e8 arrivato un pareggio domenica scorsa contro la Bellunese Calcio. Un ottimo inizio di stagione per i ragazzi di Farenzena che sabato prossimo saranno di nuovo in campo per la trasferta a Ponte Nelle Alpi contro il Soccher.<\/p>\n<p>&nbsp;<\/p>\n<p>PALLAVOLO<\/p>\n<div class=\"moz-text-html\" lang=\"x-unicode\">\n<div dir=\"ltr\">\n<blockquote>\n<h2><b><a class=\"dt-pswp-item\" href=\"https:\/\/www.radiopiu.net\/wordpress\/wp-content\/uploads\/2023\/10\/Foto_di_gruppo_nel_post_partita_di_Feltre.jpg\" data-dt-img-description=\"\" data-large_image_width=\"1305\" data-large_image_height=\"889\"><img loading=\"lazy\" decoding=\"async\" class=\"size-medium wp-image-355418 alignleft\" src=\"https:\/\/www.radiopiu.net\/wordpress\/wp-content\/uploads\/2023\/10\/Foto_di_gruppo_nel_post_partita_di_Feltre-300x204.jpg\" alt=\"\" width=\"300\" height=\"204\" srcset=\"https:\/\/www.radiopiu.net\/wordpress\/wp-content\/uploads\/2023\/10\/Foto_di_gruppo_nel_post_partita_di_Feltre-300x204.jpg 300w, https:\/\/www.radiopiu.net\/wordpress\/wp-content\/uploads\/2023\/10\/Foto_di_gruppo_nel_post_partita_di_Feltre-1024x698.jpg 1024w, https:\/\/www.radiopiu.net\/wordpress\/wp-content\/uploads\/2023\/10\/Foto_di_gruppo_nel_post_partita_di_Feltre-768x523.jpg 768w, https:\/\/www.radiopiu.net\/wordpress\/wp-content\/uploads\/2023\/10\/Foto_di_gruppo_nel_post_partita_di_Feltre.jpg 1305w\" sizes=\"auto, (max-width: 300px) 100vw, 300px\" \/><\/a>BELLUNESI CORSARE A FELTRE NEL CAMPIONATO DI SERIE D\u00a0<\/b><\/h2>\n<p><b>CASSA RURALE DOLOMITI FELTRE- BELLUNO 0-3<\/b><\/p>\n<p><b>PARZIALI: <\/b>13-25, 25-27, 24-26.<span class=\"gmail-Apple-converted-space\">\u00a0<\/span><\/p><\/blockquote>\n<div>\n<p>Terza partita, terza vittoria, nove set all\u2019attivo. E nessuno lasciato per strada. Le ragazze del Belluno<b>\u00a0Volley<\/b> confezionano un inizio di stagione impeccabile. Dopo aver superato il Limana e le \u201csorelle\u201d di serie D, le ragazze di Josh De Salvador si impongono pure alla <b>Luzzo di Feltre<\/b>. E lo fanno al termine di una bella prestazione corale.<span class=\"gmail-Apple-converted-space\"> \u00a0<\/span> \u00abSiamo stati un po\u2019 altalenanti, ma va bene cos\u00ec &#8211;\u00a0 dice il tecnico De Salvador &#8211; C\u2019\u00e8 una maggior consapevolezza, stanno crescendo quasi tutte all\u2019unisono\u00bb.<\/p>\n<p>&nbsp;<\/p>\n<p>&nbsp;<\/p>\n<h2><b><a class=\"dt-pswp-item\" href=\"https:\/\/www.radiopiu.net\/wordpress\/wp-content\/uploads\/2023\/10\/Serie_D_piegata_dalla_Scp_Limana.jpg\" data-dt-img-description=\"\" data-large_image_width=\"1210\" data-large_image_height=\"853\"><img loading=\"lazy\" decoding=\"async\" class=\"size-medium wp-image-355419 alignleft\" src=\"https:\/\/www.radiopiu.net\/wordpress\/wp-content\/uploads\/2023\/10\/Serie_D_piegata_dalla_Scp_Limana-300x211.jpg\" alt=\"\" width=\"300\" height=\"211\" srcset=\"https:\/\/www.radiopiu.net\/wordpress\/wp-content\/uploads\/2023\/10\/Serie_D_piegata_dalla_Scp_Limana-300x211.jpg 300w, https:\/\/www.radiopiu.net\/wordpress\/wp-content\/uploads\/2023\/10\/Serie_D_piegata_dalla_Scp_Limana-1024x722.jpg 1024w, https:\/\/www.radiopiu.net\/wordpress\/wp-content\/uploads\/2023\/10\/Serie_D_piegata_dalla_Scp_Limana-768x541.jpg 768w, https:\/\/www.radiopiu.net\/wordpress\/wp-content\/uploads\/2023\/10\/Serie_D_piegata_dalla_Scp_Limana.jpg 1210w\" sizes=\"auto, (max-width: 300px) 100vw, 300px\" \/><\/a><\/b><\/h2>\n<h3><b>IL LIMANA LA SPUNTA AL TERMINE DELLA DOPPIA RIMONTA<\/b><\/h3>\n<p><b>BELLUNO-SCP LIMANA 2-3<span class=\"gmail-Apple-converted-space\">\u00a0<\/span><\/b><\/p>\n<p><b>PARZIALI: <\/b>29-27, 18-25, 25-17, 22-25, 14-16.<span class=\"gmail-Apple-converted-space\">\u00a0<\/span><\/p>\n<p>Sfuma di un soffio la prima vittoria stagionale per la formazione di serie D: al palasport De Mas va in scena un\u2019autentica maratona pallavolistica contro una Scp Limana che ha il merito di risalire due volte da situazioni di svantaggio. E di aggiudicarsi poi un tie-break, caratterizzato dai troppi errori al servizio dalle padrone di casa: ben sei.<span class=\"gmail-Apple-converted-space\"> \u00a0<\/span>\u00abNon abbiamo demeritato &#8211; afferma il dirigente Claudio Casanova &#8211; ma in campo dobbiamo essere pi\u00f9 ordinate e cose. Pecchiamo ancora un po\u2019 in termini di continuit\u00e0\u00bb. \u00a0Da evidenziare, inoltre, le tre attaccanti in doppia cifra: Silvia Costa (13), Veronica Buzzatti (10). E Giulia Zambon, abile a confezionare 12 punti, entrando dalla panchina.<span class=\"gmail-Apple-converted-space\"><br \/>\n<\/span><\/p>\n<\/div>\n<\/div>\n<\/div>\n<p>&nbsp;<\/p>\n<hr \/>\n<p>&nbsp;<\/p>\n<\/div>\n","protected":false},"excerpt":{"rendered":"<p>40esimo di RADIOPIU\u2026. LA VOCE DELL\u2019EMOZIONE ISCRIVITI AL NOSTRO CANALE\u00a0\u00a0YOUTUBE PER SEGUIRE IN DIRETTA I PRINCIPALI PROGRAMMI DI RADIO PIU\u2019 E LE FUTURE DIRETTE IN ESTERNA. PER ISCRIVERTI\u00a0CLICCA QUI\u00a0E PREMI\u00a0 \u201cIscriviti\u201d\u00a0\u00a0 \u00a0 OGGI ALLA RADIO, il nuovo palinsesto autunnale tante novit\u00e0: ALLE 7.05 LA RASSEGNA STAMPA FLASH PER CHI VA DI FRETTA, GLI APPROFONDIMENTI ALLE&hellip;<\/p>\n","protected":false},"author":4,"featured_media":355341,"comment_status":"closed","ping_status":"closed","sticky":false,"template":"","format":"standard","meta":{"_monsterinsights_skip_tracking":false,"_monsterinsights_sitenote_active":false,"_monsterinsights_sitenote_note":"","_monsterinsights_sitenote_category":0,"footnotes":""},"categories":[51,86,49],"tags":[],"class_list":["post-355279","post","type-post","status-publish","format-standard","has-post-thumbnail","hentry","category-evidenza-top","category-gr","category-news-18","category-51","category-86","category-49","description-off"],"img_url":"https:\/\/www.radiopiu.net\/wordpress\/wp-content\/uploads\/2023\/10\/b4fd8cc9-b780-45c0-aff3-6e363b98616b.jpg","_links":{"self":[{"href":"https:\/\/www.radiopiu.net\/wordpress\/wp-json\/wp\/v2\/posts\/355279","targetHints":{"allow":["GET"]}}],"collection":[{"href":"https:\/\/www.radiopiu.net\/wordpress\/wp-json\/wp\/v2\/posts"}],"about":[{"href":"https:\/\/www.radiopiu.net\/wordpress\/wp-json\/wp\/v2\/types\/post"}],"author":[{"embeddable":true,"href":"https:\/\/www.radiopiu.net\/wordpress\/wp-json\/wp\/v2\/users\/4"}],"replies":[{"embeddable":true,"href":"https:\/\/www.radiopiu.net\/wordpress\/wp-json\/wp\/v2\/comments?post=355279"}],"version-history":[{"count":0,"href":"https:\/\/www.radiopiu.net\/wordpress\/wp-json\/wp\/v2\/posts\/355279\/revisions"}],"wp:featuredmedia":[{"embeddable":true,"href":"https:\/\/www.radiopiu.net\/wordpress\/wp-json\/wp\/v2\/media\/355341"}],"wp:attachment":[{"href":"https:\/\/www.radiopiu.net\/wordpress\/wp-json\/wp\/v2\/media?parent=355279"}],"wp:term":[{"taxonomy":"category","embeddable":true,"href":"https:\/\/www.radiopiu.net\/wordpress\/wp-json\/wp\/v2\/categories?post=355279"},{"taxonomy":"post_tag","embeddable":true,"href":"https:\/\/www.radiopiu.net\/wordpress\/wp-json\/wp\/v2\/tags?post=355279"}],"curies":[{"name":"wp","href":"https:\/\/api.w.org\/{rel}","templated":true}]}}