{"id":355303,"date":"2023-10-04T07:55:45","date_gmt":"2023-10-04T05:55:45","guid":{"rendered":"https:\/\/www.radiopiu.net\/wordpress\/?p=355303"},"modified":"2023-10-04T08:00:54","modified_gmt":"2023-10-04T06:00:54","slug":"dal-1983-la-rassegna-stampa-locale-loriginale-e-alle-7-05-le-anticipazioni-per-chi-va-di-fretta","status":"publish","type":"post","link":"https:\/\/www.radiopiu.net\/wordpress\/dal-1983-la-rassegna-stampa-locale-loriginale-e-alle-7-05-le-anticipazioni-per-chi-va-di-fretta\/","title":{"rendered":"DAL 1983 LA RASSEGNA STAMPA LOCALE, L&#8217;ORIGINALE. e alle 7 05 le anticipazioni per chi va di fretta"},"content":{"rendered":"<p>&nbsp;<\/p>\n<p><iframe loading=\"lazy\" title=\"DAL 1983 LA RASSEGNA STAMPA LOCALE, L&#039;ORIGINALE. e alle 7 05 le anticipazioni per chi va di fretta\" width=\"1200\" height=\"675\" src=\"https:\/\/www.youtube.com\/embed\/nFWVrpPQMj4?feature=oembed\" frameborder=\"0\" allow=\"accelerometer; autoplay; clipboard-write; encrypted-media; gyroscope; picture-in-picture; web-share\" allowfullscreen><\/iframe><\/p>\n<p>Strage a Mestre, bus cade dal cavalcavia: 21 morti, tra cui 2 bambini, 18 feriti. Incidente alle 19:45, il pullman \u00e8 caduto da 15 metri. A bordo c\u2019erano numerose persone. Fra le vittime anche due bambini. Ipotesi, malore dell\u2019autista. Sospesa la linea ferroviaria fra Mestre e Venezia<\/p>\n<p>CORTINA Violentata in casa da suo padre per cinque anni, terminate le indagini la Procura di Belluno chiede il processo per l&#8217;uomo. Il Tribunale dei minori di Venezia ha nominato una tutrice per la ragazzina.<br \/>\nBELLUNO Fiducia tradita, gli incassi negli slip dei dipendenti infedeli, dall&#8217;inchiesta del Corriere delle Alpi i negozianti raccontano e si difendono con le casse automatiche.<br \/>\nDOLOMITIBUS Imbarazzante, ogni giorno di pi\u00f9. Continue le proteste alla nostra redazione e la segnalazione di episodi incredibili.<br \/>\nDOLOMITIBUS: Il Silenzio delle Istituzioni, oggi tagliate 62 corse, mancano 23 autisti. Studenti appiedati, dirigenti incollati sulle ambite sedie.<br \/>\nE DA OGGI SALTA LA FERMATA A SAN CIPRIANO DI TAIBON<br \/>\nMILANO CORTINA, ABODI: \u00abENTRO 48 ORE DECISIONE SU PISTA BOB.<br \/>\nBELLUNO Un emigrante minorenne \u00e8 stato portato in casa di soggiorno di Sedico.<br \/>\nROCCA PIETORE Una nuova via sulla Marmolada, Matteo Della Bordella e la giovanissima Iris Bielli hanno aperto la &#8220;Madre Roccia&#8221; lungo la sud della Regina.<br \/>\nBELLUNO Tra rifugi e Ulss1 c&#8217;\u00e8 l&#8217;accordo. L&#8217;accordo permetter\u00e0 di gestire in sicurezza i rifugi, servizio migliore per valligiani e turisti.<br \/>\n100 DI QUESTI GIORNI: LA FESTA A VILLA SAN GIUSEPPE DI LIVINALLONGO DEL COL DI LANA LIVINALLONGO Grande festa a Villa San Giuseppe di Livinallongo. Sabato 14 ottobre sar\u00e0 un lungo pomeriggio tra cultura, musica e convivialit\u00e0. Ad aprire l&#8217;evento l&#8217;intervista a Manolo, Maurizio Zanolla si racconter\u00e0 al pubblico. Dalle 18 la musica dei Tirataie e alle 19 l&#8217;apricena con piatti tipici.<br \/>\nFALCADE Domani dalle 13 alle 17, verr\u00e0 sospesa l\u2019erogazione dell\u2019acqua in via DEGLI ARTIGIANI.<br \/>\n203 AGORDINA&#8230;. UN SEMAFORO ANCHE OGGI TRA LA STANGA E CANDATEN MA SOLO PER CHI SCENDE. E PER CHI SALE CHE QUALCUNO GLIELA MANDI BUONA.<br \/>\nOGGI A FELTRE SCUOLA SICURA Esercitazione di Protezione Civile &#8220;Scuola Sicura Veneto&#8221; al Dal Piaz. Il momento clou sar\u00e0 alle 11, con interventi, esposizione mezzi e arrivo elicottero.<br \/>\nOGGI IL PRESIDENTE ZAIA A LONGARONE PER LA SEDUTA DEL CONSIGLIO REGIONALE IN RICORDO DELLA TRAGEDIA DEL VAJONT<br \/>\nFELTRE RICORDA IL 60ESIMO DEL DISASTRO DEL VAJONI CON UNA MOSTRA DEGLI STUDENTI DELL&#8217;ISTITUTO CANOSSIANO AL MONTE DI PIETA&#8217;<br \/>\nIERI LA FESTA DEI NONNI A VALLADA<br \/>\nAGORDO LA PISCINA DI AGORDO HA RIPRESO LE ATTIVITA&#8217;<br \/>\nDOMENICA AL TEATRO COMUNALE DI BELLUNO SI RICORDA UGO NERI<br \/>\nDAL 6 AL 15 OTTOBRE RITORNA \u201cOLTRE LE VETTE\u201d A BELLUNO<br \/>\nLA FANFARA DELLA CADORE SABATO ALLE 15.30 SFILATA IN PIAZZA E ALLE 20.30 IL CONCERTO AL PALALUXOTTICA ingresso gratuito.<br \/>\nDOMENICA A CANALE D&#8217;AGORDO EL DI DEL TRATOR&#8230; QUELLO VERO<br \/>\nDAL 13 AL 15 OTTOBRE RIVA L&#8217;OKTOBERFEST A RIVAMONTE<\/p>\n<p>HOCKEY SU GHIACCIO ANCORA UNA VITTORIA PER L&#8217;UNDER 16 DEL CORTINA\/ALLEGHE<br \/>\nPALLAVOLO BELLUNO VOLLEY: L&#8217;ATTEGGIAMENTO E&#8217; QUELLO GIUSTO<br \/>\nCORSA SU STRADA DA VIA&#8217; IN AZZURRO<br \/>\nKARATE NATALY REVEANE ARGENTO REGIONALE E ACCEDE ALLE FINALI NAZIONALI<\/p>\n<p>&nbsp;<\/p>\n","protected":false},"excerpt":{"rendered":"<p>&nbsp; Strage a Mestre, bus cade dal cavalcavia: 21 morti, tra cui 2 bambini, 18 feriti. Incidente alle 19:45, il pullman \u00e8 caduto da 15 metri. A bordo c\u2019erano numerose persone. Fra le vittime anche due bambini. Ipotesi, malore dell\u2019autista. Sospesa la linea ferroviaria fra Mestre e Venezia CORTINA Violentata in casa da suo padre&hellip;<\/p>\n","protected":false},"author":4,"featured_media":355304,"comment_status":"closed","ping_status":"closed","sticky":false,"template":"","format":"standard","meta":{"_monsterinsights_skip_tracking":false,"_monsterinsights_sitenote_active":false,"_monsterinsights_sitenote_note":"","_monsterinsights_sitenote_category":0,"footnotes":""},"categories":[104,49,142],"tags":[],"class_list":["post-355303","post","type-post","status-publish","format-standard","has-post-thumbnail","hentry","category-evidenza_3","category-news-18","category-rassegna-stampa","category-104","category-49","category-142","description-off"],"img_url":"https:\/\/www.radiopiu.net\/wordpress\/wp-content\/uploads\/2023\/10\/COPERTINA-1.png","_links":{"self":[{"href":"https:\/\/www.radiopiu.net\/wordpress\/wp-json\/wp\/v2\/posts\/355303","targetHints":{"allow":["GET"]}}],"collection":[{"href":"https:\/\/www.radiopiu.net\/wordpress\/wp-json\/wp\/v2\/posts"}],"about":[{"href":"https:\/\/www.radiopiu.net\/wordpress\/wp-json\/wp\/v2\/types\/post"}],"author":[{"embeddable":true,"href":"https:\/\/www.radiopiu.net\/wordpress\/wp-json\/wp\/v2\/users\/4"}],"replies":[{"embeddable":true,"href":"https:\/\/www.radiopiu.net\/wordpress\/wp-json\/wp\/v2\/comments?post=355303"}],"version-history":[{"count":0,"href":"https:\/\/www.radiopiu.net\/wordpress\/wp-json\/wp\/v2\/posts\/355303\/revisions"}],"wp:featuredmedia":[{"embeddable":true,"href":"https:\/\/www.radiopiu.net\/wordpress\/wp-json\/wp\/v2\/media\/355304"}],"wp:attachment":[{"href":"https:\/\/www.radiopiu.net\/wordpress\/wp-json\/wp\/v2\/media?parent=355303"}],"wp:term":[{"taxonomy":"category","embeddable":true,"href":"https:\/\/www.radiopiu.net\/wordpress\/wp-json\/wp\/v2\/categories?post=355303"},{"taxonomy":"post_tag","embeddable":true,"href":"https:\/\/www.radiopiu.net\/wordpress\/wp-json\/wp\/v2\/tags?post=355303"}],"curies":[{"name":"wp","href":"https:\/\/api.w.org\/{rel}","templated":true}]}}