{"id":355338,"date":"2023-10-05T05:53:01","date_gmt":"2023-10-05T03:53:01","guid":{"rendered":"https:\/\/www.radiopiu.net\/wordpress\/?p=355338"},"modified":"2023-10-05T07:42:32","modified_gmt":"2023-10-05T05:42:32","slug":"terremoto-magnitudo-5-diversi-feriti-lesercitazione-al-dal-piaz","status":"publish","type":"post","link":"https:\/\/www.radiopiu.net\/wordpress\/terremoto-magnitudo-5-diversi-feriti-lesercitazione-al-dal-piaz\/","title":{"rendered":"TERREMOTO MAGNITUDO 5, DIVERSI FERITI: L&#8217;ESERCITAZIONE AL DAL PIAZ"},"content":{"rendered":"<p><strong>FELTRE<\/strong> &#8220;Oggi si \u00e8 trattato di un&#8217;esercitazione, ma le cose che avete appreso vi potranno servire per la vita&#8221; cos\u00ec ha esordito l&#8217;assessore regionale Gianpaolo Bottacin rivolgendosi agli alunni dell&#8217;Istituto Dal Piaz nella prima tappa autunnale della nuova edizione di Scuola Sicura Veneto, il format ideato dall&#8217;Assessorato regionale alla Protezione Civile. <strong>LA TEORIA DA APPLICARE ALL&#8217;EVENTUALE PRATICA\u00a0<\/strong>Un terremoto di magnitudo 5.0 ha interessato il Bellunese, provocando alcuni cedimenti localizzati all\u2019interno dell\u2019Istituto \u201cDal Piaz\u201d di Feltre. A causa dei danni all&#8217;edificio uno studente \u00e8 rimasto bloccato all\u2019interno della biblioteca. Scendendo le scale un insegnante invece \u00e8 caduto infortunandosi a una gamba e di conseguenza non \u00e8 riuscito a uscire autonomamente. Questi i contenuti della simulazione che \u00e8 andata in scena. Sono state spiegate le procedure in caso di terremoto e si sono svolte diverse prove: allarme, avvio procedure, evacuazione. Sono state quindi presentate le funzionalit\u00e0 dei diversi mezzi d&#8217;emergenza intervenuti, tra cui l&#8217;elicottero del Suem 118. Al termine della giornata a tutti i ragazzi \u00e8 stato consegnato un volumetto, scritto con un linguaggio semplice, con le principali regole e i rischi da conoscere e anche con i riferimenti locali di Protezione Civile.<\/p>\n<p><strong>L&#8217;ASSESSORE REGIONALE GIANPAOLO BOTTACIN<\/strong><\/p>\n<div style=\"width: 848px;\" class=\"wp-video\"><video class=\"wp-video-shortcode\" id=\"video-355338-1\" width=\"848\" height=\"480\" preload=\"metadata\" controls=\"controls\"><source type=\"video\/mp4\" src=\"https:\/\/www.radiopiu.net\/wordpress\/wp-content\/uploads\/2023\/10\/WhatsApp-Video-2023-10-04-at-13.13.10-1.mp4?_=1\" \/><a href=\"https:\/\/www.radiopiu.net\/wordpress\/wp-content\/uploads\/2023\/10\/WhatsApp-Video-2023-10-04-at-13.13.10-1.mp4\">https:\/\/www.radiopiu.net\/wordpress\/wp-content\/uploads\/2023\/10\/WhatsApp-Video-2023-10-04-at-13.13.10-1.mp4<\/a><\/video><\/div>\n<p>&nbsp;<\/p>\n\n\t\t\t<style type='text\/css'>\n\t\t\t\t#gallery-1 {\n\t\t\t\t\tmargin: auto;\n\t\t\t\t}\n\t\t\t\t#gallery-1 .gallery-item {\n\t\t\t\t\tfloat: left;\n\t\t\t\t\tmargin-top: 10px;\n\t\t\t\t\ttext-align: center;\n\t\t\t\t\twidth: 25%;\n\t\t\t\t}\n\t\t\t\t#gallery-1 img {\n\t\t\t\t\tborder: 2px solid #cfcfcf;\n\t\t\t\t}\n\t\t\t\t#gallery-1 .gallery-caption {\n\t\t\t\t\tmargin-left: 0;\n\t\t\t\t}\n\t\t\t\t\/* see gallery_shortcode() in wp-includes\/media.php *\/\n\t\t\t<\/style>\n\t\t<div id='gallery-1' class='dt-gallery-container gallery galleryid-355338 gallery-columns-4 gallery-size-thumbnail'><dl class='gallery-item'>\n\t\t\t\t<dt class='gallery-icon landscape'>\n\t\t\t\t\t<a class=\"rollover\" href='https:\/\/www.radiopiu.net\/wordpress\/terremoto-magnitudo-5-diversi-feriti-lesercitazione-al-dal-piaz\/49479aea-813f-4655-861c-8eed9199667f\/'><img loading=\"lazy\" decoding=\"async\" width=\"150\" height=\"150\" src=\"https:\/\/www.radiopiu.net\/wordpress\/wp-content\/uploads\/2023\/10\/49479aea-813f-4655-861c-8eed9199667f-150x150.jpg\" class=\"attachment-thumbnail size-thumbnail\" alt=\"\" \/><\/a>\n\t\t\t\t<\/dt><\/dl><dl class='gallery-item'>\n\t\t\t\t<dt class='gallery-icon landscape'>\n\t\t\t\t\t<a class=\"rollover\" href='https:\/\/www.radiopiu.net\/wordpress\/terremoto-magnitudo-5-diversi-feriti-lesercitazione-al-dal-piaz\/b4fd8cc9-b780-45c0-aff3-6e363b98616b\/'><img loading=\"lazy\" decoding=\"async\" width=\"150\" height=\"150\" src=\"https:\/\/www.radiopiu.net\/wordpress\/wp-content\/uploads\/2023\/10\/b4fd8cc9-b780-45c0-aff3-6e363b98616b-150x150.jpg\" class=\"attachment-thumbnail size-thumbnail\" alt=\"\" \/><\/a>\n\t\t\t\t<\/dt><\/dl><dl class='gallery-item'>\n\t\t\t\t<dt class='gallery-icon landscape'>\n\t\t\t\t\t<a class=\"rollover\" href='https:\/\/www.radiopiu.net\/wordpress\/terremoto-magnitudo-5-diversi-feriti-lesercitazione-al-dal-piaz\/57df64aa-96db-4f0c-a199-098c5c51bd98\/'><img loading=\"lazy\" decoding=\"async\" width=\"150\" height=\"150\" src=\"https:\/\/www.radiopiu.net\/wordpress\/wp-content\/uploads\/2023\/10\/57df64aa-96db-4f0c-a199-098c5c51bd98-150x150.jpg\" class=\"attachment-thumbnail size-thumbnail\" alt=\"\" \/><\/a>\n\t\t\t\t<\/dt><\/dl><dl class='gallery-item'>\n\t\t\t\t<dt class='gallery-icon portrait'>\n\t\t\t\t\t<a class=\"rollover\" href='https:\/\/www.radiopiu.net\/wordpress\/terremoto-magnitudo-5-diversi-feriti-lesercitazione-al-dal-piaz\/0dde7b56-f3df-469e-a7e8-6a0b9192c06a\/'><img loading=\"lazy\" decoding=\"async\" width=\"150\" height=\"150\" src=\"https:\/\/www.radiopiu.net\/wordpress\/wp-content\/uploads\/2023\/10\/0dde7b56-f3df-469e-a7e8-6a0b9192c06a-150x150.jpg\" class=\"attachment-thumbnail size-thumbnail\" alt=\"\" \/><\/a>\n\t\t\t\t<\/dt><\/dl><br style=\"clear: both\" \/>\n\t\t\t<\/div>\n\n","protected":false},"excerpt":{"rendered":"<p>FELTRE &#8220;Oggi si \u00e8 trattato di un&#8217;esercitazione, ma le cose che avete appreso vi potranno servire per la vita&#8221; cos\u00ec ha esordito l&#8217;assessore regionale Gianpaolo Bottacin rivolgendosi agli alunni dell&#8217;Istituto Dal Piaz nella prima tappa autunnale della nuova edizione di Scuola Sicura Veneto, il format ideato dall&#8217;Assessorato regionale alla Protezione Civile. LA TEORIA DA APPLICARE&hellip;<\/p>\n","protected":false},"author":4,"featured_media":355342,"comment_status":"closed","ping_status":"closed","sticky":false,"template":"","format":"standard","meta":{"_monsterinsights_skip_tracking":false,"_monsterinsights_sitenote_active":false,"_monsterinsights_sitenote_note":"","_monsterinsights_sitenote_category":0,"footnotes":""},"categories":[51,49],"tags":[],"class_list":["post-355338","post","type-post","status-publish","format-standard","has-post-thumbnail","hentry","category-evidenza-top","category-news-18","category-51","category-49","description-off"],"img_url":"https:\/\/www.radiopiu.net\/wordpress\/wp-content\/uploads\/2023\/10\/57df64aa-96db-4f0c-a199-098c5c51bd98.jpg","_links":{"self":[{"href":"https:\/\/www.radiopiu.net\/wordpress\/wp-json\/wp\/v2\/posts\/355338","targetHints":{"allow":["GET"]}}],"collection":[{"href":"https:\/\/www.radiopiu.net\/wordpress\/wp-json\/wp\/v2\/posts"}],"about":[{"href":"https:\/\/www.radiopiu.net\/wordpress\/wp-json\/wp\/v2\/types\/post"}],"author":[{"embeddable":true,"href":"https:\/\/www.radiopiu.net\/wordpress\/wp-json\/wp\/v2\/users\/4"}],"replies":[{"embeddable":true,"href":"https:\/\/www.radiopiu.net\/wordpress\/wp-json\/wp\/v2\/comments?post=355338"}],"version-history":[{"count":0,"href":"https:\/\/www.radiopiu.net\/wordpress\/wp-json\/wp\/v2\/posts\/355338\/revisions"}],"wp:featuredmedia":[{"embeddable":true,"href":"https:\/\/www.radiopiu.net\/wordpress\/wp-json\/wp\/v2\/media\/355342"}],"wp:attachment":[{"href":"https:\/\/www.radiopiu.net\/wordpress\/wp-json\/wp\/v2\/media?parent=355338"}],"wp:term":[{"taxonomy":"category","embeddable":true,"href":"https:\/\/www.radiopiu.net\/wordpress\/wp-json\/wp\/v2\/categories?post=355338"},{"taxonomy":"post_tag","embeddable":true,"href":"https:\/\/www.radiopiu.net\/wordpress\/wp-json\/wp\/v2\/tags?post=355338"}],"curies":[{"name":"wp","href":"https:\/\/api.w.org\/{rel}","templated":true}]}}