{"id":355414,"date":"2023-10-05T05:49:16","date_gmt":"2023-10-05T03:49:16","guid":{"rendered":"https:\/\/www.radiopiu.net\/wordpress\/?p=355414"},"modified":"2023-10-05T07:43:39","modified_gmt":"2023-10-05T05:43:39","slug":"2-certamen-focobon-evento-di-orienteering-a-falcade","status":"publish","type":"post","link":"https:\/\/www.radiopiu.net\/wordpress\/2-certamen-focobon-evento-di-orienteering-a-falcade\/","title":{"rendered":"2\u00b0 CERTAMEN FOCOBON: EVENTO DI ORIENTEERING A FALCADE"},"content":{"rendered":"<p><a class=\"dt-pswp-item\" href=\"https:\/\/www.radiopiu.net\/wordpress\/wp-content\/uploads\/2023\/10\/PHOTO-2023-09-04-10-57-23.jpg\" data-dt-img-description=\"\" data-large_image_width=\"2048\" data-large_image_height=\"1536\"><img loading=\"lazy\" decoding=\"async\" class=\"size-medium wp-image-355415 alignleft\" src=\"https:\/\/www.radiopiu.net\/wordpress\/wp-content\/uploads\/2023\/10\/PHOTO-2023-09-04-10-57-23-300x225.jpg\" alt=\"\" width=\"300\" height=\"225\" srcset=\"https:\/\/www.radiopiu.net\/wordpress\/wp-content\/uploads\/2023\/10\/PHOTO-2023-09-04-10-57-23-300x225.jpg 300w, https:\/\/www.radiopiu.net\/wordpress\/wp-content\/uploads\/2023\/10\/PHOTO-2023-09-04-10-57-23-1024x768.jpg 1024w, https:\/\/www.radiopiu.net\/wordpress\/wp-content\/uploads\/2023\/10\/PHOTO-2023-09-04-10-57-23-768x576.jpg 768w, https:\/\/www.radiopiu.net\/wordpress\/wp-content\/uploads\/2023\/10\/PHOTO-2023-09-04-10-57-23-1536x1152.jpg 1536w, https:\/\/www.radiopiu.net\/wordpress\/wp-content\/uploads\/2023\/10\/PHOTO-2023-09-04-10-57-23.jpg 2048w\" sizes=\"auto, (max-width: 300px) 100vw, 300px\" \/><\/a><strong>FALCADE<\/strong> Sabato 7 ottobre si terr\u00e0 la tappa finale del Circuito Orientamento delle Terre Alte organizzato tra le Valli di Biois e di Fiemme, grazie ad un Comitato Organizzatore coordinato da Marco Aldo Rosa, esperto di orienteering con il supporto di PromoFalcade Dolomiti. Questo sport ormai vicino al mezzo secolo di vita in Italia (nel 1974 ricorre il 50\u00b0 dalla prima manifestazione ufficiale), \u00e8 alla portata di tutti e permette di andare alla scoperta del territorio, sia individualmente che in compagnia. Con la mappa e la bussola, dopo averne scoperto \u201ci segreti\u201d, si pu\u00f2 davvero compiere un itinerario insolito in un abitato in ambiente naturale. Il partecipante \u00e8 invitato a leggere la mappa, ad osservare la realt\u00e0, a ideare una strategia per raggiungere i punti di controllo e a divenire sempre pi\u00f9 capace di compiere scelte, aumenta cos\u00ec la precisione e la responsabilizzazione. La gara si svolger\u00e0 nella Piana di Falcade in un contesto di alto valore paesaggistico e avr\u00e0 inizio alle ore 14.00. Si tratta di un evento ludico motorio a valenza anche culturale poich\u00e9 si andranno a scoprire angoli del territorio. La gara si svolge a coppie o squadre fino ad un massimo di 4 componenti. Ci si pu\u00f2 preiscrivere entro\u00a0venerd\u00ec 06\/10\/23 via e-mail a <a href=\"mailto:oriterrealte@gmail.com\">oriterrealte@gmail.com<\/a> (indicando nomi e cognomi dei membri della <a class=\"dt-pswp-item\" href=\"https:\/\/www.radiopiu.net\/wordpress\/wp-content\/uploads\/2023\/10\/certamen-Focobon.jpg\" data-dt-img-description=\"\" data-large_image_width=\"1754\" data-large_image_height=\"2480\"><img loading=\"lazy\" decoding=\"async\" class=\"size-medium wp-image-355416 alignright\" src=\"https:\/\/www.radiopiu.net\/wordpress\/wp-content\/uploads\/2023\/10\/certamen-Focobon-212x300.jpg\" alt=\"\" width=\"212\" height=\"300\" srcset=\"https:\/\/www.radiopiu.net\/wordpress\/wp-content\/uploads\/2023\/10\/certamen-Focobon-212x300.jpg 212w, https:\/\/www.radiopiu.net\/wordpress\/wp-content\/uploads\/2023\/10\/certamen-Focobon-724x1024.jpg 724w, https:\/\/www.radiopiu.net\/wordpress\/wp-content\/uploads\/2023\/10\/certamen-Focobon-768x1086.jpg 768w, https:\/\/www.radiopiu.net\/wordpress\/wp-content\/uploads\/2023\/10\/certamen-Focobon-1086x1536.jpg 1086w, https:\/\/www.radiopiu.net\/wordpress\/wp-content\/uploads\/2023\/10\/certamen-Focobon-1448x2048.jpg 1448w, https:\/\/www.radiopiu.net\/wordpress\/wp-content\/uploads\/2023\/10\/certamen-Focobon.jpg 1754w\" sizes=\"auto, (max-width: 212px) 100vw, 212px\" \/><\/a>coppia o della squadra) ciascun partecipante compiler\u00e0 il modulo apposito con tutti i dati richiesti e la composizione della coppia o squadra oppure direttamente all\u2019evento, sabato 7 ottobre dalle 14:00 alle 14:50 presso il ritrovo davanti a piazza municipio, presso la sedia di legno dell\u2019artista Marco Valt. La quota di partecipazione \u00e8 di 4,00 \u20ac a persona e ci sar\u00e0 un riconoscimento a tutti i partecipanti. Alle tre squadre che si avvicineranno al tempo segreto stabilito dagli organizzatori, alla coppia o squadra proveniente da pi\u00f9 lontano, alla squadra &#8220;pi\u00f9 giovane&#8221; per somma di et\u00e0 componenti, alla squadra &#8220;pi\u00f9 adulta&#8221; per somma di et\u00e0 componenti ed estrazione di 5 premi speciali, tra i soli presenti. La gara inizier\u00e0 alle 15.00 e avr\u00e0 il tempo limite di un\u2019ora. Le tappe del percorso, possono essere ricercate nell&#8217;ordine preferito, con l&#8217;aiuto della mappa e della bussola. Ogni coppia o squadra, sar\u00e0 chiamata a ideare una strategia per raggiungerle, camminando o correndo! Una bella occasione per stare in compagnia e (ri)scoprire il territorio! L&#8217;evento \u00e8 adatto a persone di ogni et\u00e0, pure a chi non conosce l&#8217;orienteering, esperti saranno a disposizione per spiegare le &#8220;basi&#8221; di questo sport, tra le ore 14:00 e le ore 14:50 del giorno dell&#8217;evento. Nel vedere l\u2019inizio di legame con la Val di Fiemme, va ricordata Paola Giacomuzzi (scomparsa improvvisamente nel 2009 \u2013 nel passato atleta e azzurra di sci orienteering tra la fine degli anni ottanta e l\u2019inizio degli anni novanta), originaria di Castello di Fiemme e poi trasferitasi a Canale d\u2019Agordo ove lavorava nel Corpo Forestale dello Stato. Lei aveva in mente un progetto per \u201clanciare\u201d l\u2019orienteering proprio a Falcade e sulla Piana. A distanza di anni, ci\u00f2 sta avvenendo a piccoli passi. Per il Circuito Orientamento delle Terre Alte, ci sar\u00e0 una cerimonia finale entro la fine di ottobre: un premio speciale sar\u00e0 assegnato a coloro che hanno preso parte ad almeno due delle tre tappe, poi vi sar\u00e0 un\u2019estrazione di particolari premi tra quanti hanno partecipato anche ad una sola prova dell\u2019intero circuito, altri riconoscimenti saranno assegnati. Il Comitato Organizzatore comunicher\u00e0 data, luogo e ora della cerimonia finale, aperta a tutti, nei prossimi giorni.<\/p>\n","protected":false},"excerpt":{"rendered":"<p>FALCADE Sabato 7 ottobre si terr\u00e0 la tappa finale del Circuito Orientamento delle Terre Alte organizzato tra le Valli di Biois e di Fiemme, grazie ad un Comitato Organizzatore coordinato da Marco Aldo Rosa, esperto di orienteering con il supporto di PromoFalcade Dolomiti. Questo sport ormai vicino al mezzo secolo di vita in Italia (nel&hellip;<\/p>\n","protected":false},"author":4,"featured_media":355415,"comment_status":"closed","ping_status":"closed","sticky":false,"template":"","format":"standard","meta":{"_monsterinsights_skip_tracking":false,"_monsterinsights_sitenote_active":false,"_monsterinsights_sitenote_note":"","_monsterinsights_sitenote_category":0,"footnotes":""},"categories":[51,49],"tags":[],"class_list":["post-355414","post","type-post","status-publish","format-standard","has-post-thumbnail","hentry","category-evidenza-top","category-news-18","category-51","category-49","description-off"],"img_url":"https:\/\/www.radiopiu.net\/wordpress\/wp-content\/uploads\/2023\/10\/PHOTO-2023-09-04-10-57-23.jpg","_links":{"self":[{"href":"https:\/\/www.radiopiu.net\/wordpress\/wp-json\/wp\/v2\/posts\/355414","targetHints":{"allow":["GET"]}}],"collection":[{"href":"https:\/\/www.radiopiu.net\/wordpress\/wp-json\/wp\/v2\/posts"}],"about":[{"href":"https:\/\/www.radiopiu.net\/wordpress\/wp-json\/wp\/v2\/types\/post"}],"author":[{"embeddable":true,"href":"https:\/\/www.radiopiu.net\/wordpress\/wp-json\/wp\/v2\/users\/4"}],"replies":[{"embeddable":true,"href":"https:\/\/www.radiopiu.net\/wordpress\/wp-json\/wp\/v2\/comments?post=355414"}],"version-history":[{"count":0,"href":"https:\/\/www.radiopiu.net\/wordpress\/wp-json\/wp\/v2\/posts\/355414\/revisions"}],"wp:featuredmedia":[{"embeddable":true,"href":"https:\/\/www.radiopiu.net\/wordpress\/wp-json\/wp\/v2\/media\/355415"}],"wp:attachment":[{"href":"https:\/\/www.radiopiu.net\/wordpress\/wp-json\/wp\/v2\/media?parent=355414"}],"wp:term":[{"taxonomy":"category","embeddable":true,"href":"https:\/\/www.radiopiu.net\/wordpress\/wp-json\/wp\/v2\/categories?post=355414"},{"taxonomy":"post_tag","embeddable":true,"href":"https:\/\/www.radiopiu.net\/wordpress\/wp-json\/wp\/v2\/tags?post=355414"}],"curies":[{"name":"wp","href":"https:\/\/api.w.org\/{rel}","templated":true}]}}