{"id":355422,"date":"2023-10-05T05:54:49","date_gmt":"2023-10-05T03:54:49","guid":{"rendered":"https:\/\/www.radiopiu.net\/wordpress\/?p=355422"},"modified":"2023-10-05T07:42:11","modified_gmt":"2023-10-05T05:42:11","slug":"furto-in-una-abitazione-delle-masiere-due-persone-ricercate-dopo-raffica-criminale","status":"publish","type":"post","link":"https:\/\/www.radiopiu.net\/wordpress\/furto-in-una-abitazione-delle-masiere-due-persone-ricercate-dopo-raffica-criminale\/","title":{"rendered":"FURTO IN UNA ABITAZIONE DELLE MASIERE: DUE PERSONE RICERCATE DOPO RAFFICA CRIMINALE"},"content":{"rendered":"<p><strong><img decoding=\"async\" class=\"alignleft\" src=\"https:\/\/www.radiopiu.net\/wordpress\/wp-content\/uploads\/2018\/07\/SOSPIROLO.jpg\" \/>SOSPIROLO<\/strong> La tranquilla comunit\u00e0 delle Masiere \u00e8 stata scossa da un audace furto avvenuto ieri mattina presto, intorno alle 9. Due individui, vestiti con abiti chiari, sono entrati in azione mentre i proprietari della casa erano fuori. La polizia \u00e8 ora sulle tracce dei presunti autori, che sono stati visti fuggire a bordo di un&#8217;auto grigia, probabilmente un fuoristrada. I ladri sono riusciti ad entrare nella residenza grazie all&#8217;effrazione di una finestra e hanno razziato tutto ci\u00f2 che potevano trovare. Al momento, l&#8217;entit\u00e0 esatta del bottino \u00e8 in corso di valutazione da parte delle autorit\u00e0 investigative. La polizia scientifica e la squadra mobile hanno avviato le indagini per identificare gli sconosciuti responsabili di questo audace colpo. I proprietari della casa stanno collaborando con le autorit\u00e0, fornendo informazioni e un inventario dettagliato degli oggetti mancanti.<\/p>\n<div class=\"flex-1 overflow-hidden\">\n<div class=\"react-scroll-to-bottom--css-wmqzr-79elbk h-full dark:bg-gray-800\">\n<div class=\"react-scroll-to-bottom--css-wmqzr-1n7m0yu\">\n<div class=\"flex flex-col text-sm dark:bg-gray-800\">\n<div class=\"group w-full text-token-text-primary border-b border-black\/10 gizmo:border-0 dark:border-gray-900\/50 gizmo:dark:border-0 bg-gray-50 gizmo:bg-transparent dark:bg-[#444654] gizmo:dark:bg-transparent\" data-testid=\"conversation-turn-3\">\n<div class=\"p-4 justify-center text-base md:gap-6 md:py-6 m-auto\">\n<div class=\"flex flex-1 gap-4 text-base mx-auto md:gap-6 gizmo:gap-3 gizmo:md:px-5 gizmo:lg:px-1 gizmo:xl:px-5 md:max-w-2xl lg:max-w-[38rem] gizmo:md:max-w-3xl gizmo:lg:max-w-[40rem] gizmo:xl:max-w-[48rem] xl:max-w-3xl }\">\n<div class=\"relative flex w-[calc(100%-50px)] flex-col gap-1 gizmo:w-full md:gap-3 lg:w-[calc(100%-115px)] agent-turn\">\n<div class=\"flex flex-grow flex-col gap-3 max-w-full\">\n<div class=\"min-h-[20px] flex flex-col items-start gap-3 whitespace-pre-wrap break-words overflow-x-auto\">\n<div class=\"markdown prose w-full break-words dark:prose-invert light\">\n<p>Tra gli oggetti rubati si trovano un orologio, monili e preziosi di valore. Ancora non \u00e8 stato possibile stabilire il valore totale del bottino. Le autorit\u00e0 sono state all&#8217;opera sin da subito per rintracciare la vettura grigia segnalata nei dintorni e sono alla ricerca di testimoni che possano fornire informazioni cruciali per l&#8217;indagine. La Squadra mobile ha effettuato rilievi nell&#8217;appartamento per trovare tracce biologiche o impronte degli sconosciuti.<\/p>\n<blockquote><p><em>La notizia del furto ha rapidamente circolato nella frazione delle Masiere, scatenando allarme tra i residenti. Si \u00e8 istituita un&#8217;alta allerta nella zona per prevenire ulteriori intrusioni nelle abitazioni e per raccogliere segnalazioni riguardo all&#8217;auto grigia avvistata allontanarsi dalla zona.Le autorit\u00e0 invitano chiunque abbia informazioni utili a contattare la polizia al pi\u00f9 presto possibile per contribuire all&#8217;identificazione e all&#8217;arresto dei sospettati.<\/em><\/p><\/blockquote>\n<\/div>\n<\/div>\n<\/div>\n<div class=\"flex justify-between empty:hidden lg:block\">\n<div class=\"text-gray-400 flex self-end lg:self-center justify-center gizmo:lg:justify-start mt-2 gizmo:mt-0 visible lg:gap-1 lg:absolute lg:top-0 lg:translate-x-full lg:right-0 lg:mt-0 lg:pl-2 gap-2 md:gap-3\">\n<p>&nbsp;<\/p>\n<div class=\"flex gap-1 gizmo:gap-3\"><\/div>\n<\/div>\n<\/div>\n<\/div>\n<\/div>\n<\/div>\n<\/div>\n<div class=\"h-32 md:h-48 flex-shrink-0\"><\/div>\n<p>&nbsp;<\/p>\n<\/div>\n<\/div>\n<\/div>\n<\/div>\n<div class=\"absolute bottom-0 left-0 w-full border-t md:border-t-0 dark:border-white\/20 md:border-transparent md:dark:border-transparent md:bg-vert-light-gradient bg-white dark:bg-gray-800 md:!bg-transparent dark:md:bg-vert-dark-gradient pt-2 md:pl-2 md:w-[calc(100%-.5rem)]\">\n<form class=\"stretch mx-2 flex flex-row gap-3 last:mb-2 md:mx-4 md:last:mb-6 lg:mx-auto lg:max-w-2xl xl:max-w-3xl\">\n<div class=\"relative flex h-full flex-1 items-stretch md:flex-col\">\n<div>\n<div class=\"h-full flex ml-1 md:w-full md:m-auto md:mb-4 gap-0 md:gap-2 justify-center\"><\/div>\n<\/div>\n<\/div>\n<\/form>\n<\/div>\n","protected":false},"excerpt":{"rendered":"<p>SOSPIROLO La tranquilla comunit\u00e0 delle Masiere \u00e8 stata scossa da un audace furto avvenuto ieri mattina presto, intorno alle 9. Due individui, vestiti con abiti chiari, sono entrati in azione mentre i proprietari della casa erano fuori. La polizia \u00e8 ora sulle tracce dei presunti autori, che sono stati visti fuggire a bordo di un&#8217;auto&hellip;<\/p>\n","protected":false},"author":4,"featured_media":54927,"comment_status":"closed","ping_status":"closed","sticky":false,"template":"","format":"standard","meta":{"_monsterinsights_skip_tracking":false,"_monsterinsights_sitenote_active":false,"_monsterinsights_sitenote_note":"","_monsterinsights_sitenote_category":0,"footnotes":""},"categories":[51,49],"tags":[],"class_list":["post-355422","post","type-post","status-publish","format-standard","has-post-thumbnail","hentry","category-evidenza-top","category-news-18","category-51","category-49","description-off"],"img_url":"https:\/\/www.radiopiu.net\/wordpress\/wp-content\/uploads\/2018\/07\/SOSPIROLO.jpg","_links":{"self":[{"href":"https:\/\/www.radiopiu.net\/wordpress\/wp-json\/wp\/v2\/posts\/355422","targetHints":{"allow":["GET"]}}],"collection":[{"href":"https:\/\/www.radiopiu.net\/wordpress\/wp-json\/wp\/v2\/posts"}],"about":[{"href":"https:\/\/www.radiopiu.net\/wordpress\/wp-json\/wp\/v2\/types\/post"}],"author":[{"embeddable":true,"href":"https:\/\/www.radiopiu.net\/wordpress\/wp-json\/wp\/v2\/users\/4"}],"replies":[{"embeddable":true,"href":"https:\/\/www.radiopiu.net\/wordpress\/wp-json\/wp\/v2\/comments?post=355422"}],"version-history":[{"count":0,"href":"https:\/\/www.radiopiu.net\/wordpress\/wp-json\/wp\/v2\/posts\/355422\/revisions"}],"wp:featuredmedia":[{"embeddable":true,"href":"https:\/\/www.radiopiu.net\/wordpress\/wp-json\/wp\/v2\/media\/54927"}],"wp:attachment":[{"href":"https:\/\/www.radiopiu.net\/wordpress\/wp-json\/wp\/v2\/media?parent=355422"}],"wp:term":[{"taxonomy":"category","embeddable":true,"href":"https:\/\/www.radiopiu.net\/wordpress\/wp-json\/wp\/v2\/categories?post=355422"},{"taxonomy":"post_tag","embeddable":true,"href":"https:\/\/www.radiopiu.net\/wordpress\/wp-json\/wp\/v2\/tags?post=355422"}],"curies":[{"name":"wp","href":"https:\/\/api.w.org\/{rel}","templated":true}]}}