{"id":355460,"date":"2023-10-06T05:25:50","date_gmt":"2023-10-06T03:25:50","guid":{"rendered":"https:\/\/www.radiopiu.net\/wordpress\/?p=355460"},"modified":"2023-10-06T05:40:26","modified_gmt":"2023-10-06T03:40:26","slug":"da-lunedi-chiude-per-un-mese-via-trento-a-caviola","status":"publish","type":"post","link":"https:\/\/www.radiopiu.net\/wordpress\/da-lunedi-chiude-per-un-mese-via-trento-a-caviola\/","title":{"rendered":"DA LUNEDI&#8217; CHIUDE PER UN MESE VIA TRENTO A CAVIOLA"},"content":{"rendered":"<p><strong><a class=\"dt-pswp-item\" href=\"https:\/\/www.radiopiu.net\/wordpress\/wp-content\/uploads\/2021\/04\/6db80eb8-d49d-421d-9599-beba92ea41dc.jpg\" data-dt-img-description=\"\" data-large_image_width=\"1600\" data-large_image_height=\"898\"><img loading=\"lazy\" decoding=\"async\" class=\" wp-image-200811 alignleft\" src=\"https:\/\/www.radiopiu.net\/wordpress\/wp-content\/uploads\/2021\/04\/6db80eb8-d49d-421d-9599-beba92ea41dc-300x168.jpg\" alt=\"\" width=\"223\" height=\"125\" srcset=\"https:\/\/www.radiopiu.net\/wordpress\/wp-content\/uploads\/2021\/04\/6db80eb8-d49d-421d-9599-beba92ea41dc-300x168.jpg 300w, https:\/\/www.radiopiu.net\/wordpress\/wp-content\/uploads\/2021\/04\/6db80eb8-d49d-421d-9599-beba92ea41dc-1024x575.jpg 1024w, https:\/\/www.radiopiu.net\/wordpress\/wp-content\/uploads\/2021\/04\/6db80eb8-d49d-421d-9599-beba92ea41dc-768x431.jpg 768w, https:\/\/www.radiopiu.net\/wordpress\/wp-content\/uploads\/2021\/04\/6db80eb8-d49d-421d-9599-beba92ea41dc-1536x862.jpg 1536w, https:\/\/www.radiopiu.net\/wordpress\/wp-content\/uploads\/2021\/04\/6db80eb8-d49d-421d-9599-beba92ea41dc.jpg 1600w\" sizes=\"auto, (max-width: 223px) 100vw, 223px\" \/><\/a>FALCADE<\/strong> Il comune di Falcade comunica che dalle 7 di luned\u00ec 9 ottobre e fino alle 18 di sabato 18 novembre verr\u00e0 chiusa al traffico Via Trento a Caviola. La chiusura avverr\u00e0 24 ore su 24 compresi sabati, domeniche e festivi. L&#8217;interdizione alla circolazione \u00e8 resa necessaria per lavori di riqualificazione alla rete acquedottistica. Nel periodo di chiusura della strada l&#8217;autobus di linea transiter\u00e0 sulla SP 346 del Passo San Pellegrino e verr\u00e0 istituita una fermata provvisoria in entrambi i sensi di marcia in Via Pineta.<\/p>\n<p>&nbsp;<\/p>\n<p>&nbsp;<\/p>\n<p>*******<\/p>\n<p>&nbsp;<\/p>\n<p>&nbsp;<\/p>\n<p>&nbsp;<\/p>\n","protected":false},"excerpt":{"rendered":"<p>FALCADE Il comune di Falcade comunica che dalle 7 di luned\u00ec 9 ottobre e fino alle 18 di sabato 18 novembre verr\u00e0 chiusa al traffico Via Trento a Caviola. La chiusura avverr\u00e0 24 ore su 24 compresi sabati, domeniche e festivi. L&#8217;interdizione alla circolazione \u00e8 resa necessaria per lavori di riqualificazione alla rete acquedottistica. Nel&hellip;<\/p>\n","protected":false},"author":4,"featured_media":200811,"comment_status":"closed","ping_status":"closed","sticky":false,"template":"","format":"standard","meta":{"_monsterinsights_skip_tracking":false,"_monsterinsights_sitenote_active":false,"_monsterinsights_sitenote_note":"","_monsterinsights_sitenote_category":0,"footnotes":""},"categories":[51,49],"tags":[],"class_list":["post-355460","post","type-post","status-publish","format-standard","has-post-thumbnail","hentry","category-evidenza-top","category-news-18","category-51","category-49","description-off"],"img_url":"https:\/\/www.radiopiu.net\/wordpress\/wp-content\/uploads\/2021\/04\/6db80eb8-d49d-421d-9599-beba92ea41dc.jpg","_links":{"self":[{"href":"https:\/\/www.radiopiu.net\/wordpress\/wp-json\/wp\/v2\/posts\/355460","targetHints":{"allow":["GET"]}}],"collection":[{"href":"https:\/\/www.radiopiu.net\/wordpress\/wp-json\/wp\/v2\/posts"}],"about":[{"href":"https:\/\/www.radiopiu.net\/wordpress\/wp-json\/wp\/v2\/types\/post"}],"author":[{"embeddable":true,"href":"https:\/\/www.radiopiu.net\/wordpress\/wp-json\/wp\/v2\/users\/4"}],"replies":[{"embeddable":true,"href":"https:\/\/www.radiopiu.net\/wordpress\/wp-json\/wp\/v2\/comments?post=355460"}],"version-history":[{"count":0,"href":"https:\/\/www.radiopiu.net\/wordpress\/wp-json\/wp\/v2\/posts\/355460\/revisions"}],"wp:featuredmedia":[{"embeddable":true,"href":"https:\/\/www.radiopiu.net\/wordpress\/wp-json\/wp\/v2\/media\/200811"}],"wp:attachment":[{"href":"https:\/\/www.radiopiu.net\/wordpress\/wp-json\/wp\/v2\/media?parent=355460"}],"wp:term":[{"taxonomy":"category","embeddable":true,"href":"https:\/\/www.radiopiu.net\/wordpress\/wp-json\/wp\/v2\/categories?post=355460"},{"taxonomy":"post_tag","embeddable":true,"href":"https:\/\/www.radiopiu.net\/wordpress\/wp-json\/wp\/v2\/tags?post=355460"}],"curies":[{"name":"wp","href":"https:\/\/api.w.org\/{rel}","templated":true}]}}