{"id":355486,"date":"2023-10-06T05:27:18","date_gmt":"2023-10-06T03:27:18","guid":{"rendered":"https:\/\/www.radiopiu.net\/wordpress\/?p=355486"},"modified":"2023-10-06T05:39:52","modified_gmt":"2023-10-06T03:39:52","slug":"i-ladini-una-macchia-indelebile-il-convegno-a-cortina","status":"publish","type":"post","link":"https:\/\/www.radiopiu.net\/wordpress\/i-ladini-una-macchia-indelebile-il-convegno-a-cortina\/","title":{"rendered":"I LADINI: UNA MACCHIA INDELEBILE. IL CONVEGNO A CORTINA"},"content":{"rendered":"<p><strong><a class=\"dt-pswp-item\" href=\"https:\/\/www.radiopiu.net\/wordpress\/wp-content\/uploads\/2023\/10\/GROSUIGHeP.png\" data-dt-img-description=\"\" data-large_image_width=\"653\" data-large_image_height=\"346\"><img loading=\"lazy\" decoding=\"async\" class=\" wp-image-355488 alignleft\" src=\"https:\/\/www.radiopiu.net\/wordpress\/wp-content\/uploads\/2023\/10\/GROSUIGHeP-300x159.png\" alt=\"\" width=\"209\" height=\"111\" srcset=\"https:\/\/www.radiopiu.net\/wordpress\/wp-content\/uploads\/2023\/10\/GROSUIGHeP-300x159.png 300w, https:\/\/www.radiopiu.net\/wordpress\/wp-content\/uploads\/2023\/10\/GROSUIGHeP.png 653w\" sizes=\"auto, (max-width: 209px) 100vw, 209px\" \/><\/a>CORTINA<\/strong> Si svolger\u00e0 domani e dopodomani il Convegno Nazionale dal titolo &#8220;I Ladini: Una Macchia Indelebile&#8221;. La location che ospiter\u00e0 gli incontri sar\u00e0 l&#8217;Alexander Girardi Hall di Cortina. Questo il programma. Venerd\u00ec: 15:30 Accreditamento ed entrata, 16:00 Apertura del Convegno e saluto delle Autorit\u00e0. 16:30 QUADRO STORICO Le valli ladine tra Impero asburgico e Regno d\u2019Italia. Un profilo politico-istituzionale Maurizio Cau (Istituto Storico Italo-Germanico Fondazione Bruno Kessler) Ettore Tolomei e la questione ladina. Una quasi monografia nel numero di Archivio per l\u2019Alto Adige del 1913 Maurizio Ferrandi Rappresentazioni identitarie ai confini: tedeschi, italiani e ladini tra nazionalismi e fascismi Andrea Di Michele (Libera Universit\u00e0 di Bolzano). 1923-2023: cento anni di storia della popolazione ladina dolomitica Luciana Palla. 18:00 TAVOLA ROTONDA | PODIUMSDISKUSSION moderatore Werner Pescosta (Istitut Ladin Micur\u00e1 de R\u00fc) 19:30 Cena c\/o Parkhotel Franceschi (offerta dagli organizzatori ai soli iscritti). 21:00 GRAN CONCERTO LADINO Corpo Musicale di Cortina d\u2019Ampezzo (BL) \u2013 M\u00fcjiga San Ciascian (BZ) &#8211; Musega Auta Fascia (TN). Sabato: alle 9 QUADRO ANTROPOLOGICO Elementi antropologici e socioculturali dei ladini nel contesto museale Katharina Moling (Museum Ladin Ciastel de Tor) I ladini: \u201cmacchia grigia da grattar via\u201d vs. popolazione da tutelare. Un\u2019analisi del percorso che ha portato al riconoscimento istituzionale della minoranza Werner Pescosta (Istitut Ladin Micur\u00e1 de R\u00fc) Le valli ladine e la Diocesi di Bressanone. Una lunga storia fra appartenenza e identit\u00e0, attenzioni e divisioni Cesare Bernard. 10:30 QUADRO SOCIOLINGUISTICO L\u2019evoluzione del contesto socio-demografico della Ladinia \u201cbrissino-tirolese\u201d Diego Cason (ISBREC Istituto Storico Bellunese della Resistenza e dell\u2019Et\u00e0 Contemporanea) Cortina 2020-2040. Storia di una comunit\u00e0 al tramonto? Stefano Lorenzi (Regole d\u2019Anpezo &#8211; Consulta Nazionale della Propriet\u00e0 Collettiva) La comunit\u00e0 linguistica ladina ieri, oggi e domani Ruth Videsott (Universit\u00e9 L\u00ebdia de Balsan | Libera Universit\u00e0 di Bolzano | Freie Universit\u00e4t Bozen) Quale futuro per le minoranze linguistiche Europee? Proposte per una politica linguistica equa Vicent Climent Ferrando (Universitat Pompeu Fabra, Barcelona). 12 TAVOLA ROTONDA moderatrice Sabrina Rasom. 13 PRANZO (offerto dagli organizzatori ai soli iscritti). 14:30 LADINIA 2050 Il futuro della comunit\u00e0 ladina vista dai giovani con Milly Crepaz. 15:30 QUADRO GIURIDICO-ISTITUZIONALE Gli accordi tra i ladini oltre i confini Pierluigi Mantini (Politecnico di Milano). Prospettive giuridiche e istituzionali per Fodom, Col e Anpezo Francesco Palermo (Universit\u00e0 degli Studi di Verona &#8211; Eurac Research). 16:30 TAVOLA ROTONDA con Denni Dorigo. 17:30 CHIUSURA DEL CONVEGNO.<\/p>\n<p>&nbsp;<\/p>\n<p>&nbsp;<\/p>\n<p>*******<\/p>\n","protected":false},"excerpt":{"rendered":"<p>CORTINA Si svolger\u00e0 domani e dopodomani il Convegno Nazionale dal titolo &#8220;I Ladini: Una Macchia Indelebile&#8221;. La location che ospiter\u00e0 gli incontri sar\u00e0 l&#8217;Alexander Girardi Hall di Cortina. Questo il programma. Venerd\u00ec: 15:30 Accreditamento ed entrata, 16:00 Apertura del Convegno e saluto delle Autorit\u00e0. 16:30 QUADRO STORICO Le valli ladine tra Impero asburgico e Regno&hellip;<\/p>\n","protected":false},"author":4,"featured_media":355488,"comment_status":"closed","ping_status":"closed","sticky":false,"template":"","format":"standard","meta":{"_monsterinsights_skip_tracking":false,"_monsterinsights_sitenote_active":false,"_monsterinsights_sitenote_note":"","_monsterinsights_sitenote_category":0,"footnotes":""},"categories":[104,49],"tags":[],"class_list":["post-355486","post","type-post","status-publish","format-standard","has-post-thumbnail","hentry","category-evidenza_3","category-news-18","category-104","category-49","description-off"],"img_url":"https:\/\/www.radiopiu.net\/wordpress\/wp-content\/uploads\/2023\/10\/GROSUIGHeP.png","_links":{"self":[{"href":"https:\/\/www.radiopiu.net\/wordpress\/wp-json\/wp\/v2\/posts\/355486","targetHints":{"allow":["GET"]}}],"collection":[{"href":"https:\/\/www.radiopiu.net\/wordpress\/wp-json\/wp\/v2\/posts"}],"about":[{"href":"https:\/\/www.radiopiu.net\/wordpress\/wp-json\/wp\/v2\/types\/post"}],"author":[{"embeddable":true,"href":"https:\/\/www.radiopiu.net\/wordpress\/wp-json\/wp\/v2\/users\/4"}],"replies":[{"embeddable":true,"href":"https:\/\/www.radiopiu.net\/wordpress\/wp-json\/wp\/v2\/comments?post=355486"}],"version-history":[{"count":0,"href":"https:\/\/www.radiopiu.net\/wordpress\/wp-json\/wp\/v2\/posts\/355486\/revisions"}],"wp:featuredmedia":[{"embeddable":true,"href":"https:\/\/www.radiopiu.net\/wordpress\/wp-json\/wp\/v2\/media\/355488"}],"wp:attachment":[{"href":"https:\/\/www.radiopiu.net\/wordpress\/wp-json\/wp\/v2\/media?parent=355486"}],"wp:term":[{"taxonomy":"category","embeddable":true,"href":"https:\/\/www.radiopiu.net\/wordpress\/wp-json\/wp\/v2\/categories?post=355486"},{"taxonomy":"post_tag","embeddable":true,"href":"https:\/\/www.radiopiu.net\/wordpress\/wp-json\/wp\/v2\/tags?post=355486"}],"curies":[{"name":"wp","href":"https:\/\/api.w.org\/{rel}","templated":true}]}}