{"id":355537,"date":"2023-10-07T05:35:27","date_gmt":"2023-10-07T03:35:27","guid":{"rendered":"https:\/\/www.radiopiu.net\/wordpress\/?p=355537"},"modified":"2023-10-07T09:20:36","modified_gmt":"2023-10-07T07:20:36","slug":"giornale-radiopiu-07-ottobre-2023-direttore-mirko-mezzacasada-40-anni-25-giugno-1983-25-giugno-2023","status":"publish","type":"post","link":"https:\/\/www.radiopiu.net\/wordpress\/giornale-radiopiu-07-ottobre-2023-direttore-mirko-mezzacasada-40-anni-25-giugno-1983-25-giugno-2023\/","title":{"rendered":"GIORNALE RADIOPIU 07 OTTOBRE 2023 DIRETTORE MIRKO MEZZACASA\u2026DA 40 ANNI 25 GIUGNO 1983-25 GIUGNO 2023"},"content":{"rendered":"<div data-offset-key=\"2k083-0-0\">\n<h3 data-offset-key=\"2k083-0-0\"><span style=\"color: #ff0000;\"><span class=\" fc-falcon\">06 ottobre 2023.<\/span><\/span><\/h3>\n<\/div>\n<h3 data-offset-key=\"2k083-0-0\">FOTO COPERTINA<br \/>\nLONGARONE Poche ore e saranno 60 anni dalla strage del 9 ottobre 2023. Una foto simbolo, l&#8217;amato e indimenticato fotografo Bepi Zanfron tra gli alpini e i volontari. <span class=\" fc-falcon\">Quando il progresso \u00e8 asservito al profitto.\u00a0 La storia del <b>Vajont<\/b>\u00a0\u00e8 una storia di\u00a0<b>incuria e<\/b>\u00a0di imperizia<\/span><\/h3>\n<div data-offset-key=\"2k083-0-0\"><img decoding=\"async\" src=\"https:\/\/www.radiopiu.net\/wordpress\/wp-content\/uploads\/2023\/10\/Bepi-Zanfron.jpg\" \/><\/div>\n<div data-offset-key=\"2k083-0-0\"><\/div>\n<div data-offset-key=\"2k083-0-0\"><\/div>\n<div data-offset-key=\"2k083-0-0\"><\/div>\n<div data-offset-key=\"2k083-0-0\"><\/div>\n<div data-offset-key=\"2k083-0-0\"><\/div>\n<div data-offset-key=\"2k083-0-0\">\n<hr \/>\n<\/div>\n<blockquote>\n<h3 data-offset-key=\"2k083-0-0\"><\/h3>\n<h3 data-offset-key=\"2k083-0-0\"><span style=\"color: #ff0000; font-size: 14px; font-weight: normal;\">\u00a0<\/span><\/h3>\n<\/blockquote>\n<div class=\"x1e56ztr\" data-block=\"true\" data-editor=\"anf16\" data-offset-key=\"2k083-0-0\">\n<div data-offset-key=\"2k083-0-0\">\n<h1 class=\"entry-title photoswipe-wrapper\"><a class=\"dt-pswp-item pspw-wrap-ready\" href=\"https:\/\/www.radiopiu.net\/wordpress\/wp-content\/uploads\/2023\/09\/34f4cfc6-e863-46e9-9695-8df44be63421-1.jpg\" data-dt-img-description=\"\" data-large_image_width=\"1200\" data-large_image_height=\"1200\"><img loading=\"lazy\" decoding=\"async\" class=\"wp-image-354561 alignleft\" src=\"https:\/\/www.radiopiu.net\/wordpress\/wp-content\/uploads\/2023\/09\/34f4cfc6-e863-46e9-9695-8df44be63421-1-300x300.jpg\" sizes=\"auto, (max-width: 124px) 100vw, 124px\" srcset=\"https:\/\/www.radiopiu.net\/wordpress\/wp-content\/uploads\/2023\/09\/34f4cfc6-e863-46e9-9695-8df44be63421-1-300x300.jpg 300w, https:\/\/www.radiopiu.net\/wordpress\/wp-content\/uploads\/2023\/09\/34f4cfc6-e863-46e9-9695-8df44be63421-1-1024x1024.jpg 1024w, https:\/\/www.radiopiu.net\/wordpress\/wp-content\/uploads\/2023\/09\/34f4cfc6-e863-46e9-9695-8df44be63421-1-150x150.jpg 150w, https:\/\/www.radiopiu.net\/wordpress\/wp-content\/uploads\/2023\/09\/34f4cfc6-e863-46e9-9695-8df44be63421-1-768x768.jpg 768w, https:\/\/www.radiopiu.net\/wordpress\/wp-content\/uploads\/2023\/09\/34f4cfc6-e863-46e9-9695-8df44be63421-1.jpg 1200w\" alt=\"\" width=\"124\" height=\"124\" \/><\/a><\/h1>\n<p><strong>OGGI ALLA RADIO, il nuovo palinsesto autunnale tante novit\u00e0:<span style=\"color: #ff00ff;\"> ALLE 7.05 LA RASSEGNA STAMPA FLASH PER CHI VA DI FRETTA<\/span>, GLI APPROFONDIMENTI ALLE 8.05 NELLA STORICA RASSEGNA STAMPA LOCALE, L&#8217;ORIGINALE.\u00a0\u00a0<\/strong><\/p>\n<\/div>\n<\/div>\n<div data-offset-key=\"2k083-0-0\"><strong>9.00<\/strong> speciale FANFARA AD AGORDO oggi in piazza, questa sera al PalaLuxottica<br \/>\n<strong>10.30<\/strong> la rassegna stampa di Gianni Santomaso dall&#8217;Amico del Popolo, ospite Luisa Manfroi<br \/>\n<strong>12.30<\/strong> giornale radio edizione principale<br \/>\n<strong>13.10<\/strong> SPECIALE domani el di del trator a Canale d&#8217;Agordo<br \/>\n<span style=\"color: #0000ff;\">NUOVA PROGRAMMAZIONE. giornale radio locale in onda alle: 10.10, 11.10, 16.00, 18.00<\/span><br \/>\n<strong>16-30<\/strong> lo sport<\/div>\n<div data-offset-key=\"2k083-0-0\"><strong>1900<\/strong> i titoli dal Tg di Antenna 3 di Tiziana Bolognani<\/div>\n<div data-offset-key=\"2k083-0-0\"><\/div>\n<div data-offset-key=\"2k083-0-0\"><\/div>\n<div data-offset-key=\"2k083-0-0\"><\/div>\n<div class=\"x1e56ztr\" data-block=\"true\" data-editor=\"anf16\" data-offset-key=\"2k083-0-0\">\n<div data-offset-key=\"2k083-0-0\"><\/div>\n<div data-offset-key=\"2k083-0-0\">\n<hr \/>\n<\/div>\n<blockquote>\n<hr \/>\n<hr \/>\n<hr \/>\n<hr \/>\n<hr \/>\n<hr \/>\n<hr \/>\n<hr \/>\n<hr \/>\n<hr \/>\n<hr \/>\n<hr \/>\n<hr \/>\n<hr \/>\n<hr \/>\n<hr \/>\n<hr \/>\n<hr \/>\n<hr \/>\n<hr \/>\n<hr \/>\n<hr \/>\n<hr \/>\n<h3 data-offset-key=\"2k083-0-0\"><\/h3>\n<\/blockquote>\n<hr \/>\n<h3 data-offset-key=\"2k083-0-0\"><\/h3>\n<blockquote>\n<h3 data-offset-key=\"2k083-0-0\">DOLOMTIBUS&#8230; QUANDO I BELLUNESI PRENDONO LE DISTANZE DALL&#8217;ATTUALE GRUPPO DIRIGENZIALE e da una societ\u00e0 che offre un servizio IMBARAZZANTE<\/h3>\n<p>DI MIRKO MEZZACASA<\/p><\/blockquote>\n<div data-offset-key=\"2k083-0-0\">\n<h3 data-offset-key=\"2k083-0-0\"><a class=\"dt-pswp-item\" href=\"https:\/\/www.radiopiu.net\/wordpress\/wp-content\/uploads\/2023\/10\/Senza-nome-13.png\" data-dt-img-description=\"\" data-large_image_width=\"321\" data-large_image_height=\"138\"><img loading=\"lazy\" decoding=\"async\" class=\"size-medium wp-image-355723 alignleft\" src=\"https:\/\/www.radiopiu.net\/wordpress\/wp-content\/uploads\/2023\/10\/Senza-nome-13-300x129.png\" alt=\"\" width=\"300\" height=\"129\" srcset=\"https:\/\/www.radiopiu.net\/wordpress\/wp-content\/uploads\/2023\/10\/Senza-nome-13-300x129.png 300w, https:\/\/www.radiopiu.net\/wordpress\/wp-content\/uploads\/2023\/10\/Senza-nome-13.png 321w\" sizes=\"auto, (max-width: 300px) 100vw, 300px\" \/><\/a><\/h3>\n<p><strong>REDAZIONE<\/strong> Basta andare in piazza per capire quanto non piaccia la Dolomitibus ai bellunesi. Ci fosse un metodo per misurare il gradimento del servizio, ma soprattutto dei &#8220;vertici&#8221;\u00a0 (si badi bene non degli autisti), la scala dovrebbe iniziare a meno cento. Un solo esempio, uno dei &#8220;collaboratori&#8221; della\u00a0 gi\u00e0 invidiata societ\u00e0 dei trasporti bellunesi ne \u00e8 un esempio: &#8220;Dolomitibus? Servizio inesistente, basta i loro biglietti io non li vendo pi\u00f9&#8221; sbotta l&#8217;edicolante Stefano De Toffol dal punto vendita di Piazza Vittorio Emanuele,\u00a0 ha reso noto il suo malumore ai bellunesi tramite un cartello. Finalmente qualcuno che ha il coraggio di alzare la voce, tutti gli altri pare si limitino a sfogarsi sui social, intanto prendono la macchina e accompagnano i figli a scuola. Dopo un mese di disagi anche il consigliere Dario Scopel (in Provincia con la delega dei trasporti) decide di dire la sua. Contro i dirigenti Dolomitibus? No, chiedendo alla Regione e al Governo soluzioni, specificando <em>&#8220;che non si tratta di volere scaricare le responsabilit\u00e0..<\/em>.&#8221; Evidentemente chi siede sugli scranni della Provincia non \u00e8 in grado di porre limiti al peggio mentre si rischia che la situazione esploda e le famiglie entrino alzando la voce negli uffici della Dolomitibus almeno per chiedere la restituzione del denaro &#8220;tolto&#8221; con i recenti aumenti,\u00a0 a fronte di un servizio imbarazzante tra il silenzio (allora) di sindacati, politica, associazione di categoria, associazioni dei consumatori.<br \/>\nmm<\/p>\n<\/div>\n<div data-offset-key=\"2k083-0-0\"><\/div>\n<div data-offset-key=\"2k083-0-0\">\n<div data-offset-key=\"2k083-0-0\"><\/div>\n<div data-offset-key=\"2k083-0-0\"><\/div>\n<div class=\"x1e56ztr\" data-block=\"true\" data-editor=\"anf16\" data-offset-key=\"2k083-0-0\">\n<div data-offset-key=\"2k083-0-0\"><\/div>\n<div data-offset-key=\"2k083-0-0\">\n<hr \/>\n<\/div>\n<blockquote>\n<hr \/>\n<hr \/>\n<hr \/>\n<hr \/>\n<hr \/>\n<hr \/>\n<hr \/>\n<hr \/>\n<hr \/>\n<hr \/>\n<hr \/>\n<hr \/>\n<hr \/>\n<hr \/>\n<hr \/>\n<hr \/>\n<hr \/>\n<hr \/>\n<hr \/>\n<hr \/>\n<hr \/>\n<hr \/>\n<hr \/>\n<h3 data-offset-key=\"2k083-0-0\"><\/h3>\n<\/blockquote>\n<hr \/>\n<h3 data-offset-key=\"2k083-0-0\"><\/h3>\n<blockquote>\n<h3 data-offset-key=\"2k083-0-0\"><\/h3>\n<\/blockquote>\n<\/div>\n<\/div>\n<div data-offset-key=\"2k083-0-0\">\n<hr \/>\n<\/div>\n<blockquote>\n<h3 data-offset-key=\"2k083-0-0\"><\/h3>\n<h3 data-offset-key=\"2k083-0-0\">DILLO A RADIO PIU&#8217;&#8230; LE DOMANDE LECITE<\/h3>\n<\/blockquote>\n<div data-offset-key=\"2k083-0-0\"><strong>VALLADA<\/strong> Stefano cortesemente chiede:<em> &#8220;A chi spetta la manutenzione del tratto della SP 346 tra Cencenighe e la frazione di Mas, in cui da sempre, \u00e8 presente una ringhiera arrugginita, fatiscente e non sicura che confina con la scarpata che immette sul greto del torrente Biois, al posto di un decente\u00a0 guard-rail a norma&#8221;.\u00a0<\/em><\/div>\n<div data-offset-key=\"2k083-0-0\"><\/div>\n<div data-offset-key=\"2k083-0-0\"><\/div>\n<\/div>\n<hr \/>\n<p><strong>\u00a0 \u00a0\u00a0<\/strong><\/p>\n<p>&nbsp;<\/p>\n<p><img loading=\"lazy\" decoding=\"async\" class=\"alignleft\" src=\"https:\/\/www.radiopiu.net\/wordpress\/wp-content\/uploads\/2022\/05\/download-2.jpg\" width=\"74\" height=\"74\" \/>Gestione Servizi Pubblici informa che ad <strong>AGORDO<\/strong> nelle localit\u00e0 VERAN, CROSTOLIN, PRA GRANDE, COL DI FOGLIA, CASE NAGOL, POLANE E VIA FAION\u00a0 e a <strong>FALCADE<\/strong> nelle localit\u00e0 FALCADE ALTO, VILLOTTA, LA FOCA E VIA MAS DE LE MOLE l&#8217;acqua erogata dall&#8217;acquedotto non \u00e8 potabile e pu\u00f2 essere usata per scopi alimentari SOLO PREVIA bollitura.<\/p>\n<p><strong>TAIBON <\/strong>\u00a0nelle localit\u00e0 RONCH DE BOS e NOGAROLA e a <strong>LIVINALLONGO DEL COL DI LANA<\/strong> in localit\u00e0 LARZONEI, l&#8217;acqua erogata dall&#8217;acquedotto \u00e8 di nuovo potabile.<\/p>\n<p><strong>FALCADE\u00a0<\/strong> per lavori alla rete idrica comunale, LUNEDI\u00a0 dalle 8 a fine lavori, verr\u00e0 sospesa l\u2019erogazione dell\u2019acqua in CORSO ROMA, CORSO ITALIA e nelle vie MANDRA DEI ROCHI, RONCH, TRIESTE, DEGLI ARTIGIANI e DEGLI EMIGRANTI.<\/p>\n<p>&nbsp;<\/p>\n<hr \/>\n<p>&nbsp;<\/p>\n<blockquote>\n<h3>SCONTRO AUTO-BICICLETTA, FERITO UN BIMBO, ma non in pericolo di vita.<\/h3>\n<\/blockquote>\n<div class=\"flex-1 overflow-hidden\">\n<div class=\"react-scroll-to-bottom--css-wyrnq-79elbk h-full dark:bg-gray-800\">\n<div class=\"react-scroll-to-bottom--css-wyrnq-1n7m0yu\">\n<div class=\"flex flex-col text-sm dark:bg-gray-800\">\n<div class=\"group w-full text-token-text-primary border-b border-black\/10 gizmo:border-0 dark:border-gray-900\/50 gizmo:dark:border-0 bg-gray-50 gizmo:bg-transparent dark:bg-[#444654] gizmo:dark:bg-transparent\" data-testid=\"conversation-turn-5\">\n<div class=\"p-4 justify-center text-base md:gap-6 md:py-6 m-auto\">\n<div class=\"flex flex-1 gap-4 text-base mx-auto md:gap-6 gizmo:gap-3 gizmo:md:px-5 gizmo:lg:px-1 gizmo:xl:px-5 md:max-w-2xl lg:max-w-[38rem] gizmo:md:max-w-3xl gizmo:lg:max-w-[40rem] gizmo:xl:max-w-[48rem] xl:max-w-3xl }\">\n<div class=\"relative flex w-[calc(100%-50px)] flex-col gap-1 gizmo:w-full md:gap-3 lg:w-[calc(100%-115px)] agent-turn\">\n<div class=\"flex flex-grow flex-col gap-3 max-w-full\">\n<div class=\"min-h-[20px] flex flex-col items-start gap-3 whitespace-pre-wrap break-words overflow-x-auto\">\n<div class=\"markdown prose w-full break-words dark:prose-invert dark\">\n<p><strong><a class=\"dt-pswp-item\" href=\"https:\/\/www.radiopiu.net\/wordpress\/wp-content\/uploads\/2023\/10\/FELTRE-6.jpg\" data-dt-img-description=\"\" data-large_image_width=\"1920\" data-large_image_height=\"1080\"><img loading=\"lazy\" decoding=\"async\" class=\" wp-image-355727 alignleft\" src=\"https:\/\/www.radiopiu.net\/wordpress\/wp-content\/uploads\/2023\/10\/FELTRE-6-300x169.jpg\" alt=\"\" width=\"225\" height=\"127\" srcset=\"https:\/\/www.radiopiu.net\/wordpress\/wp-content\/uploads\/2023\/10\/FELTRE-6-300x169.jpg 300w, https:\/\/www.radiopiu.net\/wordpress\/wp-content\/uploads\/2023\/10\/FELTRE-6-1024x576.jpg 1024w, https:\/\/www.radiopiu.net\/wordpress\/wp-content\/uploads\/2023\/10\/FELTRE-6-768x432.jpg 768w, https:\/\/www.radiopiu.net\/wordpress\/wp-content\/uploads\/2023\/10\/FELTRE-6-1536x864.jpg 1536w, https:\/\/www.radiopiu.net\/wordpress\/wp-content\/uploads\/2023\/10\/FELTRE-6.jpg 1920w\" sizes=\"auto, (max-width: 225px) 100vw, 225px\" \/><\/a>FELTRE<\/strong> Un bambino di dodici anni ha subito un trauma cranico in un incidente\u00a0 avvenuto poco dopo le 17 in viale Farra. Mentre percorreva la strada in direzione dello stop, ha svoltato a sinistra per rimanere sul marciapiede di fronte al negozio Crai. In quel momento, un residente di una corte vicina stava uscendo dalla sua propriet\u00e0 a bordo di una Ford Mondeo per entrare in viale Farra e si \u00e8 verificato l&#8217;impatto tra la bicicletta del bambino e la parte anteriore della vettura. Nonostante la collisione sia avvenuta a una velocit\u00e0 moderata, il bambino \u00e8 caduto e ha battuto la testa. Il proprietario del negozio\u00a0 \u00e8 stato il primo a soccorrere il bambino, chiamando immediatamente il 118.\u00a0 Dopo una serie di esami, \u00e8 stato deciso di tenere il bambino in osservazione. Sebbene il trauma sia serio, fortunatamente non corre pericolo di vita.<\/p>\n<\/div>\n<\/div>\n<\/div>\n<\/div>\n<\/div>\n<\/div>\n<\/div>\n<\/div>\n<\/div>\n<\/div>\n<\/div>\n<div class=\"absolute bottom-0 left-0 w-full border-t md:border-t-0 dark:border-white\/20 md:border-transparent md:dark:border-transparent md:bg-vert-light-gradient bg-white dark:bg-gray-800 md:!bg-transparent dark:md:bg-vert-dark-gradient pt-2 md:pl-2 md:w-[calc(100%-.5rem)]\">\n<form class=\"stretch mx-2 flex flex-row gap-3 last:mb-2 md:mx-4 md:last:mb-6 lg:mx-auto lg:max-w-2xl xl:max-w-3xl\">\n<div class=\"relative flex h-full flex-1 items-stretch md:flex-col\">\n<div>\n<div class=\"h-full flex ml-1 md:w-full md:m-auto md:mb-4 gap-0 md:gap-2 justify-center\">\n<div data-offset-key=\"2k083-0-0\"><\/div>\n<div data-offset-key=\"2k083-0-0\"><\/div>\n<div class=\"x1e56ztr\" data-block=\"true\" data-editor=\"anf16\" data-offset-key=\"2k083-0-0\">\n<div data-offset-key=\"2k083-0-0\"><\/div>\n<div data-offset-key=\"2k083-0-0\">\n<hr \/>\n<\/div>\n<blockquote>\n<hr \/>\n<hr \/>\n<hr \/>\n<hr \/>\n<hr \/>\n<hr \/>\n<hr \/>\n<hr \/>\n<hr \/>\n<hr \/>\n<hr \/>\n<hr \/>\n<hr \/>\n<hr \/>\n<hr \/>\n<hr \/>\n<hr \/>\n<hr \/>\n<hr \/>\n<hr \/>\n<hr \/>\n<hr \/>\n<hr \/>\n<h3 data-offset-key=\"2k083-0-0\"><\/h3>\n<\/blockquote>\n<hr \/>\n<h3 data-offset-key=\"2k083-0-0\"><\/h3>\n<blockquote>\n<h3 data-offset-key=\"2k083-0-0\"><\/h3>\n<\/blockquote>\n<\/div>\n<\/div>\n<\/div>\n<\/div>\n<\/form>\n<\/div>\n<hr \/>\n<p>&nbsp;<\/p>\n<blockquote>\n<h3><a class=\"dt-pswp-item\" href=\"https:\/\/www.radiopiu.net\/wordpress\/wp-content\/uploads\/2023\/10\/Mola_da_macina.jpg\" data-dt-img-description=\"\" data-large_image_width=\"1200\" data-large_image_height=\"1600\"><img loading=\"lazy\" decoding=\"async\" class=\"wp-image-355647 alignleft\" src=\"https:\/\/www.radiopiu.net\/wordpress\/wp-content\/uploads\/2023\/10\/Mola_da_macina-225x300.jpg\" alt=\"\" width=\"106\" height=\"141\" srcset=\"https:\/\/www.radiopiu.net\/wordpress\/wp-content\/uploads\/2023\/10\/Mola_da_macina-225x300.jpg 225w, https:\/\/www.radiopiu.net\/wordpress\/wp-content\/uploads\/2023\/10\/Mola_da_macina-768x1024.jpg 768w, https:\/\/www.radiopiu.net\/wordpress\/wp-content\/uploads\/2023\/10\/Mola_da_macina-1152x1536.jpg 1152w, https:\/\/www.radiopiu.net\/wordpress\/wp-content\/uploads\/2023\/10\/Mola_da_macina.jpg 1200w\" sizes=\"auto, (max-width: 106px) 100vw, 106px\" \/><\/a>lunedi 9 ottobre 1963-2023, Vajont, 60 anni dopo<\/h3>\n<\/blockquote>\n<p><strong>VAJONT <\/strong> In merito al programma commemorativo, oggi alle 10.30, a Nuova Erto, si svolger\u00e0 la cerimonia solenne in memoria delle vittime e della tragedia. Nel 2004, l\u2019amministrazione comunale di Ponte nelle Alpi pose un monumento in pietra rossa di Erto, al centro del paese per ricordare la corrispondenza e l\u2019amicizia tra la comunit\u00e0 di Nuova Erto e quella di Erto-Casso.<span class=\"gmail-Apple-converted-space\">\u00a0 Intanto\u00a0 all\u2019entrata del municipio di Ponte nelle Alpi\u00a0 \u00e8 stata posta una \u201cmola\u201d da macina di 12 quintali in pietra di Soccher. Il manufatto fu trasportato dall\u2019onda d\u2019acqua e ritrovato nel greto del Piave da Angelo Pierobon. Iniziativa dell&#8217;Ecomuseo del Piave del presidente Italo Pierobon.<\/span><\/p>\n<p>&nbsp;<\/p>\n<p><strong>STRASBURGO<\/strong> La Presidente del Parlamento Europeo, Roberta Metsola, ha accettato l&#8217;invito per le celebrazioni dei 60 anni dalla tragedia del Vajont. Non potendo essere presente alla cerimonia per impegni istituzionali gi\u00e0 assunti, la stessa Presidente ha accettato la richiesta dei due europarlamentari di farsi ambasciatori dell\u2019intero Parlamento Europeo presso le comunit\u00e0 colpite dalla tragedia, esprimendo loro la forte vicinanza delle Istituzioni europee. La lettera della Presidente Metsola verr\u00e0 letta in occasione della cerimonia stessa.<\/p>\n<p>&nbsp;<\/p>\n<p><strong>VENEZIA<\/strong> Il Presidente della Regione Veneto, Luca Zaia, interverr\u00e0 alle celebrazioni per l\u2019anniversario della tragedia del Vajont, che si terranno a Longarone <strong>luned\u00ec <\/strong>alla presenza del Presidente della Repubblica Sergio Mattarella. Il programma avr\u00e0 inizio al cimitero di Fortogna, dove Zaia arriver\u00e0 alle <strong>ore 10.00<\/strong> per attendere e accogliere il Capo dello Stato. <strong>Attorno alle 11.30<\/strong> le autorit\u00e0 si sposteranno sulla diga del Vajont (Erto e Casso). Interventi istituzionali nella tensostruttura in piazzale Paolini &#8220;area teatro&#8221;<\/p>\n<p>&nbsp;<\/p>\n<hr \/>\n<p>&nbsp;<\/p>\n<blockquote>\n<h3>ANNIVERSARIO TRAGEDIA DEL VAJONT: IL RICORDO DI ANGELO COSTA, CHE AVEVA LAVORATO SULLA DIGA<\/h3>\n<\/blockquote>\n<p><strong><a class=\"dt-pswp-item\" href=\"https:\/\/www.radiopiu.net\/wordpress\/wp-content\/uploads\/2023\/10\/5906d8e0-eb64-402f-b0e7-299cfdc1ebfa.jpg\" data-dt-img-description=\"\" data-large_image_width=\"2000\" data-large_image_height=\"1500\"><img loading=\"lazy\" decoding=\"async\" class=\" wp-image-355718 alignleft\" src=\"https:\/\/www.radiopiu.net\/wordpress\/wp-content\/uploads\/2023\/10\/5906d8e0-eb64-402f-b0e7-299cfdc1ebfa-300x225.jpg\" alt=\"\" width=\"168\" height=\"126\" srcset=\"https:\/\/www.radiopiu.net\/wordpress\/wp-content\/uploads\/2023\/10\/5906d8e0-eb64-402f-b0e7-299cfdc1ebfa-300x225.jpg 300w, https:\/\/www.radiopiu.net\/wordpress\/wp-content\/uploads\/2023\/10\/5906d8e0-eb64-402f-b0e7-299cfdc1ebfa-1024x768.jpg 1024w, https:\/\/www.radiopiu.net\/wordpress\/wp-content\/uploads\/2023\/10\/5906d8e0-eb64-402f-b0e7-299cfdc1ebfa-768x576.jpg 768w, https:\/\/www.radiopiu.net\/wordpress\/wp-content\/uploads\/2023\/10\/5906d8e0-eb64-402f-b0e7-299cfdc1ebfa-1536x1152.jpg 1536w, https:\/\/www.radiopiu.net\/wordpress\/wp-content\/uploads\/2023\/10\/5906d8e0-eb64-402f-b0e7-299cfdc1ebfa.jpg 2000w\" sizes=\"auto, (max-width: 168px) 100vw, 168px\" \/><\/a>AGORDO<\/strong><\/p>\n<p>DI GIANNI SANTOMASO<\/p>\n<audio class=\"wp-audio-shortcode\" id=\"audio-355537-1\" preload=\"none\" style=\"width: 100%;\" controls=\"controls\"><source type=\"audio\/mpeg\" src=\"https:\/\/www.radiopiu.net\/wordpress\/wp-content\/uploads\/2023\/10\/GIANNI-ANNIVERSARIO-DEL-VAJONT-IL-RICORDO-DI-ANGELO-COSTA.mp3?_=1\" \/><a href=\"https:\/\/www.radiopiu.net\/wordpress\/wp-content\/uploads\/2023\/10\/GIANNI-ANNIVERSARIO-DEL-VAJONT-IL-RICORDO-DI-ANGELO-COSTA.mp3\">https:\/\/www.radiopiu.net\/wordpress\/wp-content\/uploads\/2023\/10\/GIANNI-ANNIVERSARIO-DEL-VAJONT-IL-RICORDO-DI-ANGELO-COSTA.mp3<\/a><\/audio>\n<p>&nbsp;<\/p>\n<hr \/>\n<p>&nbsp;<\/p>\n<blockquote>\n<h3>VAJONT: IL PENSIERO DI MASSIMILIANO PAGLINI, SEGRETARIO GENERALE CISL BELLUNO-TREVISO<\/h3>\n<p><a class=\"dt-pswp-item\" href=\"https:\/\/www.radiopiu.net\/wordpress\/wp-content\/uploads\/2022\/02\/Paglini-relazione.jpeg\" data-dt-img-description=\"\" data-large_image_width=\"1368\" data-large_image_height=\"912\"><img loading=\"lazy\" decoding=\"async\" class=\"size-medium wp-image-258793 alignleft\" src=\"https:\/\/www.radiopiu.net\/wordpress\/wp-content\/uploads\/2022\/02\/Paglini-relazione-300x200.jpeg\" alt=\"\" width=\"300\" height=\"200\" srcset=\"https:\/\/www.radiopiu.net\/wordpress\/wp-content\/uploads\/2022\/02\/Paglini-relazione-300x200.jpeg 300w, https:\/\/www.radiopiu.net\/wordpress\/wp-content\/uploads\/2022\/02\/Paglini-relazione-1024x683.jpeg 1024w, https:\/\/www.radiopiu.net\/wordpress\/wp-content\/uploads\/2022\/02\/Paglini-relazione-768x512.jpeg 768w, https:\/\/www.radiopiu.net\/wordpress\/wp-content\/uploads\/2022\/02\/Paglini-relazione.jpeg 1368w\" sizes=\"auto, (max-width: 300px) 100vw, 300px\" \/><\/a>La pubblicazione del libro \u201c<em>Vajont. La prima sentenza \u2013 L\u2019istruttoria del giudice Mario Fabbri<\/em>\u201d, oltre ad essere una grande occasione per tutti per conoscere e capire il prima e il dopo del disastro del Vajont, rappresenta anche una opportunit\u00e0 per ribadire l\u2019impegno di ognuno di noi nel proprio ruolo di responsabilit\u00e0 sociale, istituzionale, politica e\/o di cittadino nell\u2019adoperarsi perch\u00e9 non si ripeta mai pi\u00f9 una tragedia come questa. Don Milani, di cui quest\u2019anno ricorre il centenario della nascita, affermava che \u201cil motore del cambiamento sono: la parola, la coerenza, la testimonianza\u201d o &#8211; per dirla come don Mazzolari &#8211; \u201cnon serve avere le mani pulite, se si tengono in tasca\u201d. Certamente i responsabili di 1.910 morti e 2.400 feriti per la frana di 266 milioni di metri cubi del Monte Toc che gener\u00f2 un\u2019onda di 50 milioni di metri cubi non ebbero le mani pulite nel progettare, commissionare e realizzare quella sciagurata diga. Ma neppure oggi possiamo pensare che per evitare tragedie come questa sia sufficiente tenere le mani in tasca, soprattutto quando in ballo vi \u00e8 la tutela della montagna dolomitica e del suo delicato eco-sistema, che rischia di essere compromesso certamente dai cambiamenti climatici, ma anche per l\u2019incapacit\u00e0 di mettere in sicurezza un territorio fragilissimo. Per questo il sessantesimo triste anniversario della tragedia del Vajont, oltre alle giuste celebrazioni, deve ribadire a tutti noi, alla nostra comunit\u00e0 bellunese e all\u2019intero Paese la pi\u00f9 sacrosanta delle verit\u00e0: il pericolo non si nasconde tra le pieghe del territorio e delle sue montagne, ma nella mano dell\u2019uomo, che se tenuta in tasca o utilizzata male pu\u00f2 generare enormi danni al territorio e alle persone che lo abitano.<\/p>\n<p><em>Massimiliano Paglini &#8211; <\/em><em>Segretario generale Cisl Belluno Treviso<\/em><\/p><\/blockquote>\n<p>&nbsp;<\/p>\n<p>&nbsp;<\/p>\n<hr \/>\n<p>&nbsp;<\/p>\n<blockquote>\n<h3>203 agordina SEDICO &#8211; ALLEGHE<\/h3>\n<\/blockquote>\n<p><strong>SEDICO<\/strong> 203 agordina senso unico Fino al 20 ottobre<span style=\"color: #ff0000;\">, esclusi sabati e domeniche<\/span>,\u00a0 tra Peron e La Stanga.<\/p>\n<blockquote>\n<h3><\/h3>\n<\/blockquote>\n<p><strong><img loading=\"lazy\" decoding=\"async\" class=\"alignleft\" src=\"https:\/\/www.radiopiu.net\/wordpress\/wp-content\/uploads\/2023\/09\/download.jpg\" width=\"212\" height=\"121\" \/><\/strong><\/p>\n<p><strong>\u00a0<\/strong><\/p>\n<p><strong>ALLEGHE in centro:\u00a0<\/strong> Interdizione totale nel corso della notte, dalle 20.30 alle 5.30, deviazioni sulla viabilit\u00e0 comunale in riva al lago (con semaforo) divieto ai mezzi oltre 7,5 tonnellate).<strong> Durante il giorno CANTIERE FERMO il transito di tutti i veicoli sar\u00e0 regolare e garantito.<\/strong><\/p>\n<p>&nbsp;<\/p>\n<p>&nbsp;<\/p>\n<hr \/>\n<p>&nbsp;<\/p>\n<blockquote>\n<h3>DA LUNEDI&#8217; CHIUDE PER UN MESE VIA TRENTO A CAVIOLA<\/h3>\n<\/blockquote>\n<p><strong><a class=\"dt-pswp-item\" href=\"https:\/\/www.radiopiu.net\/wordpress\/wp-content\/uploads\/2021\/04\/6db80eb8-d49d-421d-9599-beba92ea41dc.jpg\" data-dt-img-description=\"\" data-large_image_width=\"1600\" data-large_image_height=\"898\"><img loading=\"lazy\" decoding=\"async\" class=\" wp-image-200811 alignleft\" src=\"https:\/\/www.radiopiu.net\/wordpress\/wp-content\/uploads\/2021\/04\/6db80eb8-d49d-421d-9599-beba92ea41dc-300x168.jpg\" alt=\"\" width=\"223\" height=\"125\" srcset=\"https:\/\/www.radiopiu.net\/wordpress\/wp-content\/uploads\/2021\/04\/6db80eb8-d49d-421d-9599-beba92ea41dc-300x168.jpg 300w, https:\/\/www.radiopiu.net\/wordpress\/wp-content\/uploads\/2021\/04\/6db80eb8-d49d-421d-9599-beba92ea41dc-1024x575.jpg 1024w, https:\/\/www.radiopiu.net\/wordpress\/wp-content\/uploads\/2021\/04\/6db80eb8-d49d-421d-9599-beba92ea41dc-768x431.jpg 768w, https:\/\/www.radiopiu.net\/wordpress\/wp-content\/uploads\/2021\/04\/6db80eb8-d49d-421d-9599-beba92ea41dc-1536x862.jpg 1536w, https:\/\/www.radiopiu.net\/wordpress\/wp-content\/uploads\/2021\/04\/6db80eb8-d49d-421d-9599-beba92ea41dc.jpg 1600w\" sizes=\"auto, (max-width: 223px) 100vw, 223px\" \/><\/a>FALCADE<\/strong> Il comune di Falcade comunica che dalle 7 di luned\u00ec 9 ottobre e fino alle 18 di sabato 18 novembre verr\u00e0 chiusa al traffico Via Trento a Caviola. La chiusura avverr\u00e0 24 ore su 24 compresi sabati, domeniche e festivi. L&#8217;interdizione alla circolazione \u00e8 resa necessaria per lavori di riqualificazione alla rete acquedottistica. Nel periodo di chiusura della strada l&#8217;autobus di linea transiter\u00e0 sulla SP 346 del Passo San Pellegrino e verr\u00e0 istituita una fermata provvisoria in entrambi i sensi di marcia in Via Pineta.<\/p>\n<p>&nbsp;<\/p>\n<hr \/>\n<p>&nbsp;<\/p>\n<blockquote>\n<h3>REVOCATA L&#8217;ORDINANZA PER L&#8217;ALTA VIA NUMERO 1<\/h3>\n<\/blockquote>\n<p><strong>LA VALLE <\/strong>Il comune di La Valle ha revocato l&#8217;ordinanza della chiusura al transito dell&#8217;Alta Via Numero 1 nel tratto tra Pian de Caleda e Forcella Dagarei. I lavori di esbosco al momento sono fermi e la ditta esecutrice ha spostato i mezzi in un altro cantiere. Per questo, dopo il sopralluogo della Polizia Locale, si \u00e8 deciso di revocare l&#8217;ordinanza e riaprire la strada.<\/p>\n<p>&nbsp;<\/p>\n<p>&nbsp;<\/p>\n<hr \/>\n<p>&nbsp;<\/p>\n<blockquote>\n<h3>COPPIA IN DIFFICOLTA&#8217; SUL SENTIERO CHE PORTA AL VANDELLI<\/h3>\n<\/blockquote>\n<p><strong>CORTINA<\/strong> Attorno alle 18 di ieri l&#8217;elicottero del Suem di Pieve di Cadore \u00e8 volato sul sentiero che scende al Vandelli, per una coppia di escursionisti cinesi, un uomo e una donna di 32 e 33 anni, che, impaurita, non era pi\u00f9 in grado di proseguire. Risaliti alla posizione dalle coordinate, l&#8217;eliambulanza ha sbarcato in hovering nelle vicinanze il tecnico di elisoccorso. Dopo averli raggiunti, il soccorritore li ha spostati in un punto agevole per l&#8217;imbarco. La coppia \u00e8 stata lasciata al Passo Tre Croci.<\/p>\n<p>&nbsp;<\/p>\n<p>&nbsp;<\/p>\n<hr \/>\n<p>&nbsp;<\/p>\n<blockquote>\n<h3>TRENO DELLE DOLOMITI E AGORDINO&#8230; &#8220;GENTILE ASSESSORE QUALI GLI SVILUPPI?&#8221;<\/h3>\n<\/blockquote>\n<p><strong><a class=\"dt-pswp-item\" href=\"https:\/\/www.radiopiu.net\/wordpress\/wp-content\/uploads\/2023\/10\/Foto-05-150x150-1.jpg\" data-dt-img-description=\"\" data-large_image_width=\"150\" data-large_image_height=\"150\"><img loading=\"lazy\" decoding=\"async\" class=\" wp-image-355606 alignleft\" src=\"https:\/\/www.radiopiu.net\/wordpress\/wp-content\/uploads\/2023\/10\/Foto-05-150x150-1.jpg\" alt=\"\" width=\"167\" height=\"167\" \/><\/a>REDAZIONE<\/strong> Che ne \u00e8 del progetto del treno delle Dolomiti e in particolare di quello per l&#8217;Agordino? Non ce n&#8217;\u00e8, \u00e8 lapalissiana la risposta e le responsabilit\u00e0 sono anche dell&#8217;assessore regionale ai trasporti Elisa De Berti\u00a0 che dopo aver ascoltato i referenti dell&#8217;Agordino, sindaci compresi, ha avuto altro a cui pensare probabilmente, visto che di risposte dalla Laguna non ne sono arrivate. Il tavolo tecnico risale al marzo del 2021, importante perch\u00e9 valutava il \u00a0possibile collegamento ferroviario con l\u2019Agordino.\u00a0 \u00a0<em>&#8220;Nell\u2019attesa di notizie &#8211; spiega il Comitato Ferrovia Dolomiti Bellunesi &#8211;\u00a0 siamo rimasti attivi sostenendo la nostra proposta di una ferrovia che da Belluno possa raggiungere Agordo, per proseguire eventualmente come via di penetrazione diretta nel cuore delle Dolomiti, attraverso una ormai indispensabile forma di mobilit\u00e0 sostenibile e a basso impatto ambientale, coadiuvata e integrata da altre modalit\u00e0 di trasporto&#8221;. <\/em>Progetto ambizioso che guarda al futuro, antidoto contro lo spopolamento della montagna perch\u00e9 chi crede nel progetto ferrovia nell&#8217;Agordino sa della presenza di un importante Polo dell\u2019Occhialeria presente nella Conca Agordina,\u00a0 ma anche\u00a0 degli impianti \u00a0funiviari delle Dolomiti.<em> &#8220;Abbiamo anche avuto il modo di conoscere importanti proposte nelle realt\u00e0 a noi <\/em><em>contermini &#8211; continua il Comitato presieduto da Paolo Selva Moretti &#8211;\u00a0 attraverso la partecipazione a\u00a0 convegni, dove sono stati presentati <\/em><em>importanti studi ferroviari che si intrecciano in forma trasversale su ampi territori montani, compresa la Svizzera&#8221;.\u00a0<\/em>Una cosa \u00e8 certa, gli agordini non mollano l&#8217;osso e difronte alle mancate risposte dell&#8217;assessore De Berti\u00a0 \u00a0hanno inviato una lettera alla stessa a Venezia chiedendo notizie circa l\u2019evoluzione della determina tecnica-istituzionale dell&#8217;ormai datato tavolo del quale allo stato attuale non si \u00e8 avuto modo di conoscerne gli sviluppi.<br \/>\nMM<\/p>\n<p><strong>DI GIANNI SANTOMASO<\/strong><\/p>\n<audio class=\"wp-audio-shortcode\" id=\"audio-355537-2\" preload=\"none\" style=\"width: 100%;\" controls=\"controls\"><source type=\"audio\/mpeg\" src=\"https:\/\/www.radiopiu.net\/wordpress\/wp-content\/uploads\/2023\/10\/GIANNI-TORNA-ALLA-RIBALTA-IL-TRENO-DELLE-DOLOMITI.mp3?_=2\" \/><a href=\"https:\/\/www.radiopiu.net\/wordpress\/wp-content\/uploads\/2023\/10\/GIANNI-TORNA-ALLA-RIBALTA-IL-TRENO-DELLE-DOLOMITI.mp3\">https:\/\/www.radiopiu.net\/wordpress\/wp-content\/uploads\/2023\/10\/GIANNI-TORNA-ALLA-RIBALTA-IL-TRENO-DELLE-DOLOMITI.mp3<\/a><\/audio>\n<p>&nbsp;<\/p>\n<hr \/>\n<p>&nbsp;<\/p>\n<blockquote>\n<h3>CASSA SOLIDARIETA&#8217; AZIENDALE LAVORATORI LUXOTTICA. 2680 ASSOCIATI E 327 MILA EURO DI CONTRIBUTI EROGATI NEL 2022<\/h3>\n<\/blockquote>\n<p><strong><a class=\"dt-pswp-item\" href=\"https:\/\/www.radiopiu.net\/wordpress\/wp-content\/uploads\/2023\/10\/c1065741-3d69-4665-9327-ed708441ec77.jpg\" data-dt-img-description=\"\" data-large_image_width=\"2048\" data-large_image_height=\"1536\"><img loading=\"lazy\" decoding=\"async\" class=\" wp-image-355659 alignleft\" src=\"https:\/\/www.radiopiu.net\/wordpress\/wp-content\/uploads\/2023\/10\/c1065741-3d69-4665-9327-ed708441ec77-300x225.jpg\" alt=\"\" width=\"153\" height=\"115\" srcset=\"https:\/\/www.radiopiu.net\/wordpress\/wp-content\/uploads\/2023\/10\/c1065741-3d69-4665-9327-ed708441ec77-300x225.jpg 300w, https:\/\/www.radiopiu.net\/wordpress\/wp-content\/uploads\/2023\/10\/c1065741-3d69-4665-9327-ed708441ec77-1024x768.jpg 1024w, https:\/\/www.radiopiu.net\/wordpress\/wp-content\/uploads\/2023\/10\/c1065741-3d69-4665-9327-ed708441ec77-768x576.jpg 768w, https:\/\/www.radiopiu.net\/wordpress\/wp-content\/uploads\/2023\/10\/c1065741-3d69-4665-9327-ed708441ec77-1536x1152.jpg 1536w, https:\/\/www.radiopiu.net\/wordpress\/wp-content\/uploads\/2023\/10\/c1065741-3d69-4665-9327-ed708441ec77.jpg 2048w\" sizes=\"auto, (max-width: 153px) 100vw, 153px\" \/><\/a>BELLUNO<\/strong> Continua a crescere il numeri di iscritti alla cassa solidariet\u00e0 aziendale dei lavoratori di Luxottica, che in estate ha eletto il nuovo consiglio d&#8217;amministrazione. Tanti i contributi erogati nel 2022, ma c&#8217;\u00e8 preoccupazione per il futuro demografico.<\/p>\n<p><strong>DI DANIELE DALVIT<\/strong><\/p>\n<audio class=\"wp-audio-shortcode\" id=\"audio-355537-3\" preload=\"none\" style=\"width: 100%;\" controls=\"controls\"><source type=\"audio\/mpeg\" src=\"https:\/\/www.radiopiu.net\/wordpress\/wp-content\/uploads\/2023\/10\/Radio-Piu-Servizio-Bilancio-CSA-Luxottica-2023.mp3?_=3\" \/><a href=\"https:\/\/www.radiopiu.net\/wordpress\/wp-content\/uploads\/2023\/10\/Radio-Piu-Servizio-Bilancio-CSA-Luxottica-2023.mp3\">https:\/\/www.radiopiu.net\/wordpress\/wp-content\/uploads\/2023\/10\/Radio-Piu-Servizio-Bilancio-CSA-Luxottica-2023.mp3<\/a><\/audio>\n<p>&nbsp;<\/p>\n<hr \/>\n<p>&nbsp;<\/p>\n<blockquote>\n<h3>TRE GIORNI DUE MULTE, 120 EURO TOLTI AL BILANCIO DI UNA FAMIGLIA<\/h3>\n<\/blockquote>\n<p><strong><a class=\"dt-pswp-item\" href=\"https:\/\/www.radiopiu.net\/wordpress\/wp-content\/uploads\/2023\/10\/2a3d2b65-4911-4ce1-b740-2c0c339b0a60.jpg\" data-dt-img-description=\"\" data-large_image_width=\"1600\" data-large_image_height=\"1197\"><img loading=\"lazy\" decoding=\"async\" class=\" wp-image-355611 alignleft\" src=\"https:\/\/www.radiopiu.net\/wordpress\/wp-content\/uploads\/2023\/10\/2a3d2b65-4911-4ce1-b740-2c0c339b0a60-300x224.jpg\" alt=\"\" width=\"229\" height=\"171\" srcset=\"https:\/\/www.radiopiu.net\/wordpress\/wp-content\/uploads\/2023\/10\/2a3d2b65-4911-4ce1-b740-2c0c339b0a60-300x224.jpg 300w, https:\/\/www.radiopiu.net\/wordpress\/wp-content\/uploads\/2023\/10\/2a3d2b65-4911-4ce1-b740-2c0c339b0a60-1024x766.jpg 1024w, https:\/\/www.radiopiu.net\/wordpress\/wp-content\/uploads\/2023\/10\/2a3d2b65-4911-4ce1-b740-2c0c339b0a60-768x575.jpg 768w, https:\/\/www.radiopiu.net\/wordpress\/wp-content\/uploads\/2023\/10\/2a3d2b65-4911-4ce1-b740-2c0c339b0a60-1536x1149.jpg 1536w, https:\/\/www.radiopiu.net\/wordpress\/wp-content\/uploads\/2023\/10\/2a3d2b65-4911-4ce1-b740-2c0c339b0a60.jpg 1600w\" sizes=\"auto, (max-width: 229px) 100vw, 229px\" \/><\/a>AGORDO<\/strong> Invoca il buon senso Cristian, quello al quale Orso Grigio a Sois ha dedicato un Monumento visto che spesso rimane nell&#8217;angolo dei ricordi di una volta. Invoca il buon senso e invita a riflettere perche&#8217; quei 120 euro sono stati tolti alla famiglia, significa aver lavorato 2 giorni senza compenso. <em>&#8220;In localit\u00e1 Valcozzena &#8211; dice Cristian &#8211;\u00a0 ho collezionato due\u00a0 multe, perch\u00e9 \u00e9 da una settimana che entro al lavoro alle 10 per problemi personali. Mi sono impegnato per trovare un posto dove lasciare la macchina che non intralciasse n\u00e9 il traffico n\u00e9 qualsiasi lavoratore o mezzo della zona industriale. L&#8217;ho parcheggiata nella salita che va verso la frazione Giove, perch\u00e9 tutti e dico tutti i parcheggi erano saturi! Se la macchina la mettevo pi\u00f9 a sinistra rischiavo di andare gi\u00f9 per il fosso .\u00a0 Io la vedo una cosa assurda e ho scritto personalmente ai vigili&#8221;.\u00a0<\/em><\/p>\n<p><a class=\"dt-pswp-item\" href=\"https:\/\/www.radiopiu.net\/wordpress\/wp-content\/uploads\/2023\/10\/25619a21-6c68-4779-b971-83440d78acda.jpg\" data-dt-img-description=\"\" data-large_image_width=\"1080\" data-large_image_height=\"1194\"><img loading=\"lazy\" decoding=\"async\" class=\"size-medium wp-image-355610 aligncenter\" src=\"https:\/\/www.radiopiu.net\/wordpress\/wp-content\/uploads\/2023\/10\/25619a21-6c68-4779-b971-83440d78acda-271x300.jpg\" alt=\"\" width=\"271\" height=\"300\" srcset=\"https:\/\/www.radiopiu.net\/wordpress\/wp-content\/uploads\/2023\/10\/25619a21-6c68-4779-b971-83440d78acda-271x300.jpg 271w, https:\/\/www.radiopiu.net\/wordpress\/wp-content\/uploads\/2023\/10\/25619a21-6c68-4779-b971-83440d78acda-926x1024.jpg 926w, https:\/\/www.radiopiu.net\/wordpress\/wp-content\/uploads\/2023\/10\/25619a21-6c68-4779-b971-83440d78acda-768x849.jpg 768w, https:\/\/www.radiopiu.net\/wordpress\/wp-content\/uploads\/2023\/10\/25619a21-6c68-4779-b971-83440d78acda.jpg 1080w\" sizes=\"auto, (max-width: 271px) 100vw, 271px\" \/><\/a><\/p>\n<p>&nbsp;<\/p>\n<hr \/>\n<p>&nbsp;<\/p>\n<blockquote>\n<h3>DALLA PROVINCIA UNA PRESA DI POSIZIONE DEL CONSIGLIERE COMPETENTE, A DIFESA DEGLI AUTISTI<\/h3>\n<\/blockquote>\n<p><strong>di Dario Scopel consigliere provinciale con delega ai trasporti<\/strong><\/p>\n<p><em><img loading=\"lazy\" decoding=\"async\" class=\"alignleft\" src=\"https:\/\/www.radiopiu.net\/wordpress\/wp-content\/uploads\/2021\/10\/9396bbfc-2818-4225-b55d-9a56c39206f1.jpg\" width=\"212\" height=\"119\" \/>\u00abLa situazione del trasporto pubblico ha assunto contorni di criticit\u00e0 inimmaginabili. Dopo l\u2019avvio della scuola, pensavamo &#8211; anche a seguito di alcune interlocuzioni con Dolomitibus &#8211; che il problema potesse essere maggiormente contenuto. Invece la carenza di autisti \u00e8 diventata sempre pi\u00f9 grande, con notevoli disagi per gli utenti, in particolare studenti e lavoratori. Non si vuole scaricare la responsabilit\u00e0 di quanto accade in queste settimane sugli autisti, a cui invece va il ringraziamento per l\u2019impegno che li vede portare avanti con estrema fatica i loro turni di lavoro, facendo fronte anche a lavoro extra per cercare di coprire, nei limiti del possibile, le carenze di personale. A questo punto per\u00f2 \u00e8 quanto mai necessario che Governo e Regione si attivino con urgenza e trovino una soluzione che non pu\u00f2 non partire da risorse certe per le aziende del tpl, tali da consentire di lavorare sulla leva degli stipendi per trattenere e attrarre nuovi autisti. Il trasporto pubblico \u00e8 vitale. E in un territorio di montagna \u00e8 ancora pi\u00f9 essenziale\u00bb.\u00a0<\/em><\/p>\n<p>&nbsp;<\/p>\n<p>&nbsp;<\/p>\n<hr \/>\n<p>&nbsp;<\/p>\n<blockquote>\n<h3>INAUGURATO IL PONTE SUL GRESAL<\/h3>\n<\/blockquote>\n<p><strong>BELLUNO<\/strong> E&#8217; stato inaugurato ieri mattina il ponte sul Gresal a Belluno. Presenti all&#8217;inaugurazione il sindaco di Belluno Oscar De Pellegrin, l&#8217;assessore ai lavori pubblici Franco Roccon.<\/p>\n<p><strong>IL SINDACO DI BELLUNO OSCAR DE PELLEGRIN<\/strong><\/p>\n<p><iframe loading=\"lazy\" title=\"PONTE GRESAL - DE PELLEGRIN\" width=\"1200\" height=\"675\" src=\"https:\/\/www.youtube.com\/embed\/GRZBsb_zeW4?feature=oembed\" frameborder=\"0\" allow=\"accelerometer; autoplay; clipboard-write; encrypted-media; gyroscope; picture-in-picture; web-share\" allowfullscreen><\/iframe><\/p>\n<p>&nbsp;<\/p>\n<hr \/>\n<p>&nbsp;<\/p>\n<blockquote>\n<h3>Al via dal 17 ottobre il nuovo bando dedicato alla rottamazione delle vecchie auto<\/h3>\n<\/blockquote>\n<p><strong><a class=\"dt-pswp-item\" href=\"https:\/\/www.radiopiu.net\/wordpress\/wp-content\/uploads\/2023\/10\/th-5.jpg\" data-dt-img-description=\"\" data-large_image_width=\"239\" data-large_image_height=\"180\"><img loading=\"lazy\" decoding=\"async\" class=\"size-full wp-image-355618 alignleft\" src=\"https:\/\/www.radiopiu.net\/wordpress\/wp-content\/uploads\/2023\/10\/th-5.jpg\" alt=\"\" width=\"239\" height=\"180\" \/><\/a>VENEZIA<\/strong> A partire dal 17 ottobre, i veneti avranno l&#8217;opportunit\u00e0 di partecipare al nuovo bando 2023 per la rottamazione delle vecchie auto. L&#8217;iniziativa, promossa dall&#8217;assessore all&#8217;Ambiente Gianpaolo Bottacin, mette a disposizione un fondo di 7 milioni di euro per incentivare la sostituzione dei veicoli pi\u00f9 inquinanti con quelli a basso impatto ambientale, contribuendo cos\u00ec al miglioramento della qualit\u00e0 dell&#8217;aria. I cittadini con un ISEE non superiore a 50.000 euro che acquisteranno un veicolo di classe ambientale Euro 6D o superiore potranno presentare istanza per ottenere il contributo. Per ulteriori informazioni e dettagli sul bando, \u00e8 possibile contattare la Direzione Ambiente e Transizione Ecologica della Regione del Veneto tramite telefono (tel. 041\/2792143-2186) o email (mail: <a href=\"mailto:ambiente@regione.veneto.it\" target=\"_new\" rel=\"noopener\">ambiente@regione.veneto.it<\/a>). La pubblicazione completa del bando sar\u00e0 presto disponibile sul Bollettino Ufficiale della Regione Veneto (BURV). Presentazione manifestsazioni d&#8217;interesse entro il 29 dicembre 2023, documentazione con prova da acquisto da presentare entro il 17 maggio 2024<\/p>\n<p><strong>L&#8217;ASSESSORE GIANPAOLO BOTTACIN<\/strong><\/p>\n<div class=\"flex-1 overflow-hidden\">\n<div class=\"react-scroll-to-bottom--css-hhdmx-79elbk h-full dark:bg-gray-800\">\n<div class=\"react-scroll-to-bottom--css-hhdmx-1n7m0yu\">\n<div class=\"flex flex-col text-sm dark:bg-gray-800\">\n<div class=\"p-4 justify-center text-base md:gap-6 md:py-6 m-auto\">\n<div class=\"flex flex-1 gap-4 text-base mx-auto md:gap-6 gizmo:gap-3 gizmo:md:px-5 gizmo:lg:px-1 gizmo:xl:px-5 md:max-w-2xl lg:max-w-[38rem] gizmo:md:max-w-3xl gizmo:lg:max-w-[40rem] gizmo:xl:max-w-[48rem] xl:max-w-3xl }\">\n<div class=\"relative flex w-[calc(100%-50px)] flex-col gap-1 gizmo:w-full md:gap-3 lg:w-[calc(100%-115px)] agent-turn\">\n<div class=\"flex justify-between empty:hidden lg:block\">\n<div class=\"text-gray-400 flex self-end lg:self-center justify-center gizmo:lg:justify-start mt-2 gizmo:mt-0 visible lg:gap-1 lg:absolute lg:top-0 lg:translate-x-full lg:right-0 lg:mt-0 lg:pl-2 gap-2 md:gap-3\">\n<div class=\"flex gap-1 gizmo:gap-3\">\n<div style=\"width: 848px;\" class=\"wp-video\"><video class=\"wp-video-shortcode\" id=\"video-355537-1\" width=\"848\" height=\"480\" preload=\"metadata\" controls=\"controls\"><source type=\"video\/mp4\" src=\"https:\/\/www.radiopiu.net\/wordpress\/wp-content\/uploads\/2023\/10\/WhatsApp-Video-2023-10-06-at-09.40.13.mp4?_=1\" \/><a href=\"https:\/\/www.radiopiu.net\/wordpress\/wp-content\/uploads\/2023\/10\/WhatsApp-Video-2023-10-06-at-09.40.13.mp4\">https:\/\/www.radiopiu.net\/wordpress\/wp-content\/uploads\/2023\/10\/WhatsApp-Video-2023-10-06-at-09.40.13.mp4<\/a><\/video><\/div>\n<\/div>\n<\/div>\n<\/div>\n<\/div>\n<\/div>\n<\/div>\n<hr \/>\n<p>&nbsp;<\/p>\n<p>&nbsp;<\/p>\n<h2>LA PROVINCIA RINUNCIA AL TERZO LOTTO DEI LAVORI AL SEGATO<\/h2>\n<p><strong><a class=\"dt-pswp-item\" href=\"https:\/\/www.radiopiu.net\/wordpress\/wp-content\/uploads\/2023\/10\/th-6.jpg\" data-dt-img-description=\"\" data-large_image_width=\"279\" data-large_image_height=\"180\"><img loading=\"lazy\" decoding=\"async\" class=\" wp-image-355648 alignleft\" src=\"https:\/\/www.radiopiu.net\/wordpress\/wp-content\/uploads\/2023\/10\/th-6.jpg\" alt=\"\" width=\"225\" height=\"145\" \/><\/a>BELLUNO<\/strong> La Provincia\u00a0 a seguito delle numerose e forti proteste da parte di insegnanti e operatori scolastici, ha deciso di rinunciare formalmente al finanziamento Pnrr vinto per la progettazione dell\u2019intervento all&#8217;Istituto Segato. Contestualmente chiede di spostare le risorse &#8211; 7,1 milioni di euro &#8211; scorrendo la graduatoria che vede in posizione utile un\u2019altra scuola bellunese, il liceo Renier.<\/p>\n<p><em>\u00abLe perplessit\u00e0 degli insegnanti riguardano il periodo di cantiere e la difficolt\u00e0 a spostare i macchinari delle officine, che rappresentano la specificit\u00e0 e il fiore all\u2019occhiello dell\u2019offerta formativa del Segato\u00bb<\/em> spiega il presidente Padrin. <em>\u00abAnche a fronte di rassicurazioni sul rispetto dei tempi e su soluzioni alternative per garantire la didattica laboratoriale di officina, non c\u2019\u00e8 stato modo di superare i dubbi e le contrariet\u00e0\u00bb.<\/em><\/p>\n<p>&nbsp;<\/p>\n<p>&nbsp;<\/p>\n<p>&nbsp;<\/p>\n<p>&nbsp;<\/p>\n<hr \/>\n<p>&nbsp;<\/p>\n<p>&nbsp;<\/p>\n<p>&nbsp;<\/p>\n<blockquote>\n<h3>L&#8217;ARTIGLIERE GIUSTO MOTTES NEL RICORDO DEL VAJONT<\/h3>\n<\/blockquote>\n<p><strong>TAIBON<\/strong> Nella giornata del 60esimo anniversario della tragedia del Vajont, Radio Pi\u00f9 propone un&#8217;intervista a Giusto Mottes, artigliere degli alpini di Feltre che nelle ore successive al disastro ha vissuto in prima persona quella tragedia.<\/p>\n<p><strong>GIUSTO MOTTES<\/strong><\/p>\n<div style=\"width: 1200px;\" class=\"wp-video\"><video class=\"wp-video-shortcode\" id=\"video-355537-2\" width=\"1200\" height=\"675\" preload=\"metadata\" controls=\"controls\"><source type=\"video\/mp4\" src=\"https:\/\/www.radiopiu.net\/wordpress\/wp-content\/uploads\/2022\/10\/GIUSTO-MOTTES-VAJONT.mp4?_=2\" \/><a href=\"https:\/\/www.radiopiu.net\/wordpress\/wp-content\/uploads\/2022\/10\/GIUSTO-MOTTES-VAJONT.mp4\">https:\/\/www.radiopiu.net\/wordpress\/wp-content\/uploads\/2022\/10\/GIUSTO-MOTTES-VAJONT.mp4<\/a><\/video><\/div>\n<p>&nbsp;<\/p>\n<blockquote>\n<h3>VAJONT: IL RICORDO DI ANTONIO MORO NEL 60ESIMO DELLA TRAGEDIA<\/h3>\n<\/blockquote>\n<p><strong>BELLUNO<\/strong> La testimonianza di Antonio Moro a 60\u00a0 anni dalla tragedia del Vajont<\/p>\n<p><strong>L&#8217;INTERVISTA DI RADIO PIU&#8217;<\/strong><\/p>\n<p>https:\/\/www.facebook.com\/marco.baghy.1\/videos\/482434273808944<\/p>\n<p>&nbsp;<\/p>\n<p>&nbsp;<\/p>\n<p>&nbsp;<\/p>\n<p><a class=\"dt-pswp-item\" href=\"https:\/\/www.radiopiu.net\/wordpress\/wp-content\/uploads\/2022\/10\/AGORDO-Il-prof.-Valerio-Spagna-ad-Agordo-nellesatte-2021.jpg\" data-dt-img-description=\"\" data-large_image_width=\"984\" data-large_image_height=\"1254\"><img loading=\"lazy\" decoding=\"async\" class=\"wp-image-300793 alignleft\" src=\"https:\/\/www.radiopiu.net\/wordpress\/wp-content\/uploads\/2022\/10\/AGORDO-Il-prof.-Valerio-Spagna-ad-Agordo-nellesatte-2021-235x300.jpg\" alt=\"\" width=\"129\" height=\"165\" srcset=\"https:\/\/www.radiopiu.net\/wordpress\/wp-content\/uploads\/2022\/10\/AGORDO-Il-prof.-Valerio-Spagna-ad-Agordo-nellesatte-2021-235x300.jpg 235w, https:\/\/www.radiopiu.net\/wordpress\/wp-content\/uploads\/2022\/10\/AGORDO-Il-prof.-Valerio-Spagna-ad-Agordo-nellesatte-2021-804x1024.jpg 804w, https:\/\/www.radiopiu.net\/wordpress\/wp-content\/uploads\/2022\/10\/AGORDO-Il-prof.-Valerio-Spagna-ad-Agordo-nellesatte-2021-768x979.jpg 768w, https:\/\/www.radiopiu.net\/wordpress\/wp-content\/uploads\/2022\/10\/AGORDO-Il-prof.-Valerio-Spagna-ad-Agordo-nellesatte-2021.jpg 984w\" sizes=\"auto, (max-width: 129px) 100vw, 129px\" \/><\/a><strong>REDAZIONE<\/strong> \u201cIl nonno si racconta\u201d , il libro di Valerio Spagna gi\u00e0 insegnante di geologia all&#8217;Istituto Minerario\u00a0 \u201cUmberto Follador\u201d negli anni dal 1962 al 1966, Valerio Spagna,\u00a0 \u00a0classe 1936, oggi vive a Padova, molto apprezzato e ancor oggi ricordato con stima da tanti ex allievi, come anche la moglie Leda Minuzzo, pure insegnante al Follador, purtroppo morta ormai da diversi anni. Nel racconto della sua vita e dell\u2019intensa e lunga attivit\u00e0 professionale svolta ad alti livelli, anche dopo il periodo Agordino, ha dedicato un commovente e sentito capitolo con il suo personale diretto ricordo del disastro del Vajont.<\/p>\n<p><strong>DALL&#8217;ARCHIVIO DI LORIS SANTOMASO LA TESTIMONIANZA &#8211; AUDIO<\/strong><\/p>\n<audio class=\"wp-audio-shortcode\" id=\"audio-355537-4\" preload=\"none\" style=\"width: 100%;\" controls=\"controls\"><source type=\"audio\/mpeg\" src=\"https:\/\/www.radiopiu.net\/wordpress\/wp-content\/uploads\/2022\/10\/2022_10_05_Vajont-Testimonianza-di-Valerio-Spagna.mp3?_=4\" \/><a href=\"https:\/\/www.radiopiu.net\/wordpress\/wp-content\/uploads\/2022\/10\/2022_10_05_Vajont-Testimonianza-di-Valerio-Spagna.mp3\">https:\/\/www.radiopiu.net\/wordpress\/wp-content\/uploads\/2022\/10\/2022_10_05_Vajont-Testimonianza-di-Valerio-Spagna.mp3<\/a><\/audio>\n<p>&nbsp;<\/p>\n<p>&nbsp;<\/p>\n<p>&nbsp;<\/p>\n<blockquote>\n<h3><span style=\"color: #0000ff;\"><a class=\"dt-pswp-item\" href=\"https:\/\/www.radiopiu.net\/wordpress\/wp-content\/uploads\/2022\/10\/a820af24-7000-4b2f-bf75-a59efd0c4657.jpg\" data-dt-img-description=\"\" data-large_image_width=\"696\" data-large_image_height=\"960\"><img loading=\"lazy\" decoding=\"async\" class=\"wp-image-300903 alignleft\" src=\"https:\/\/www.radiopiu.net\/wordpress\/wp-content\/uploads\/2022\/10\/a820af24-7000-4b2f-bf75-a59efd0c4657-218x300.jpg\" alt=\"\" width=\"164\" height=\"226\" srcset=\"https:\/\/www.radiopiu.net\/wordpress\/wp-content\/uploads\/2022\/10\/a820af24-7000-4b2f-bf75-a59efd0c4657-218x300.jpg 218w, https:\/\/www.radiopiu.net\/wordpress\/wp-content\/uploads\/2022\/10\/a820af24-7000-4b2f-bf75-a59efd0c4657.jpg 696w\" sizes=\"auto, (max-width: 164px) 100vw, 164px\" \/><\/a>DINO BUZZATI-TINA MERLIN. ENTRAMBI HANNO SCRITTO SUL VAJONT. DALLE BANALITA&#8217; ALL&#8217;UOMO CHE CONCORSE A PRODURRE LA TRAGEDIA.<br \/>\nROMANO BRISTOT: TECNICO DELLA SADE E&#8217; ANCORA SOSPESO NELL&#8217;ARIA. MARIO FABBRI CONTRO LE BUGIE DEL SISTEMA<\/span><\/h3>\n<p>DI FABIO RUFUS BRISTOT<\/p>\n<p>FOTO, i genitori di Romano Bristot<\/p><\/blockquote>\n<audio class=\"wp-audio-shortcode\" id=\"audio-355537-5\" preload=\"none\" style=\"width: 100%;\" controls=\"controls\"><source type=\"audio\/mpeg\" src=\"https:\/\/www.radiopiu.net\/wordpress\/wp-content\/uploads\/2022\/10\/RUFUS-BRISTOT-VAJONT.mp3?_=5\" \/><a href=\"https:\/\/www.radiopiu.net\/wordpress\/wp-content\/uploads\/2022\/10\/RUFUS-BRISTOT-VAJONT.mp3\">https:\/\/www.radiopiu.net\/wordpress\/wp-content\/uploads\/2022\/10\/RUFUS-BRISTOT-VAJONT.mp3<\/a><\/audio>\n<p>&nbsp;<\/p>\n<p>&nbsp;<\/p>\n<p>&nbsp;<\/p>\n<hr \/>\n<p>&nbsp;<\/p>\n<blockquote>\n<h3>20 BUYER INTERNAZIONALI AL BUY VENETO SPECIALE MONTAGNA<\/h3>\n<\/blockquote>\n<p><strong><a class=\"dt-pswp-item\" href=\"https:\/\/www.radiopiu.net\/wordpress\/wp-content\/uploads\/2023\/10\/LGASDHH-scaled.jpg\" data-dt-img-description=\"\" data-large_image_width=\"2560\" data-large_image_height=\"1696\"><img loading=\"lazy\" decoding=\"async\" class=\" wp-image-355654 alignleft\" src=\"https:\/\/www.radiopiu.net\/wordpress\/wp-content\/uploads\/2023\/10\/LGASDHH-300x199.jpg\" alt=\"\" width=\"214\" height=\"142\" srcset=\"https:\/\/www.radiopiu.net\/wordpress\/wp-content\/uploads\/2023\/10\/LGASDHH-300x199.jpg 300w, https:\/\/www.radiopiu.net\/wordpress\/wp-content\/uploads\/2023\/10\/LGASDHH-1024x678.jpg 1024w, https:\/\/www.radiopiu.net\/wordpress\/wp-content\/uploads\/2023\/10\/LGASDHH-768x509.jpg 768w, https:\/\/www.radiopiu.net\/wordpress\/wp-content\/uploads\/2023\/10\/LGASDHH-1536x1018.jpg 1536w, https:\/\/www.radiopiu.net\/wordpress\/wp-content\/uploads\/2023\/10\/LGASDHH-2048x1357.jpg 2048w\" sizes=\"auto, (max-width: 214px) 100vw, 214px\" \/><\/a>BELLUNO <\/strong>Alla sua settima edizione Dolomiti Show, la fiera della montagna, propone l\u2019evento dedicato alle strutture ricettive e operatori turistici. Si tratta del \u201cBuy Veneto Speciale Montagna\u201d che si \u00e8 tenuto il 6 ottobre in una location esclusiva, Villa Gaggia. L\u2019evento ha ospitato 20 buyer internazionali interessati ad acquistare offerte turistiche da vivere nel territorio bellunese. I buyer stranieri hanno incontrato i rappresentanti di strutture ricettive, operatori e consorzi turistici, agenzie di viaggio specializzate in incoming, B&amp;B, wedding planner, campeggi, agenzie immobiliari, servizi sportivi, organizzatori di eventi e servizi di trasporto operanti nel territorio delle Dolomiti che desiderano proporre e commercializzare ai mercati esteri la propria offerta turistica<strong>.\u00a0 <\/strong>\u201cBuy Veneto Speciale Montagna\u201d \u00e8 un\u2019iniziativa fortemente voluta dalla Regione Veneto e dalla Provincia di Belluno ed \u00e8 organizzata da Dolomiti Show, in collaborazione con Longarone Fiere e Dolomiti HoReCa, con l\u2019obiettivo di incrementare il numero degli arrivi e delle presenze dei turisti nella provincia di Belluno.<\/p>\n<p>&nbsp;<\/p>\n<p>&nbsp;<\/p>\n<p>&nbsp;<\/p>\n<p>&nbsp;<\/p>\n<hr \/>\n<p>&nbsp;<\/p>\n<blockquote>\n<h3 data-offset-key=\"2k083-0-0\">FINE SETTIMANA DA&#8230; MONTAGNA<\/h3>\n<p>BELLUNO Ieri sera a Palazzo Bembo pienone per la vernice della 27esima edizione di Oltre le Vette, ospite Giorgio Vazza dall&#8217;Alpago, un grande artista della montagna. Cultura di montagna: 35 EVENTI IN 9 GIORNI<\/p>\n<blockquote><p><span style=\"color: #ff0000;\">L&#8217;ASSESSORE RAFFAELE ADDAMIANO<\/span><\/p><\/blockquote>\n<div data-offset-key=\"2k083-0-0\">\n<audio class=\"wp-audio-shortcode\" id=\"audio-355537-6\" preload=\"none\" style=\"width: 100%;\" controls=\"controls\"><source type=\"audio\/mpeg\" src=\"https:\/\/www.radiopiu.net\/wordpress\/wp-content\/uploads\/2023\/10\/RAFFAELE.mp3?_=6\" \/><a href=\"https:\/\/www.radiopiu.net\/wordpress\/wp-content\/uploads\/2023\/10\/RAFFAELE.mp3\">https:\/\/www.radiopiu.net\/wordpress\/wp-content\/uploads\/2023\/10\/RAFFAELE.mp3<\/a><\/audio>\n<\/div>\n<div data-offset-key=\"2k083-0-0\"><\/div>\n\n\t\t\t<style type='text\/css'>\n\t\t\t\t#gallery-1 {\n\t\t\t\t\tmargin: auto;\n\t\t\t\t}\n\t\t\t\t#gallery-1 .gallery-item {\n\t\t\t\t\tfloat: left;\n\t\t\t\t\tmargin-top: 10px;\n\t\t\t\t\ttext-align: center;\n\t\t\t\t\twidth: 50%;\n\t\t\t\t}\n\t\t\t\t#gallery-1 img {\n\t\t\t\t\tborder: 2px solid #cfcfcf;\n\t\t\t\t}\n\t\t\t\t#gallery-1 .gallery-caption {\n\t\t\t\t\tmargin-left: 0;\n\t\t\t\t}\n\t\t\t\t\/* see gallery_shortcode() in wp-includes\/media.php *\/\n\t\t\t<\/style>\n\t\t<div id='gallery-1' class='dt-gallery-container gallery galleryid-355537 gallery-columns-2 gallery-size-thumbnail'><dl class='gallery-item'>\n\t\t\t\t<dt class='gallery-icon portrait'>\n\t\t\t\t\t<a class=\"rollover rollover-zoom dt-pswp-item\" title=\"786c53b3-6150-4a03-b582-8ebbb803da8e\" data-dt-img-description=\"\" data-large_image_width=\"899\" data-large_image_height=\"1599\"href='https:\/\/www.radiopiu.net\/wordpress\/wp-content\/uploads\/2023\/10\/786c53b3-6150-4a03-b582-8ebbb803da8e.jpg'><img loading=\"lazy\" decoding=\"async\" width=\"150\" height=\"150\" src=\"https:\/\/www.radiopiu.net\/wordpress\/wp-content\/uploads\/2023\/10\/786c53b3-6150-4a03-b582-8ebbb803da8e-150x150.jpg\" class=\"attachment-thumbnail size-thumbnail\" alt=\"\" \/><\/a>\n\t\t\t\t<\/dt><\/dl><dl class='gallery-item'>\n\t\t\t\t<dt class='gallery-icon portrait'>\n\t\t\t\t\t<a class=\"rollover rollover-zoom dt-pswp-item\" title=\"cf9e01be-d406-4425-98dd-c490d8b425fd\" data-dt-img-description=\"\" data-large_image_width=\"899\" data-large_image_height=\"1599\"href='https:\/\/www.radiopiu.net\/wordpress\/wp-content\/uploads\/2023\/10\/cf9e01be-d406-4425-98dd-c490d8b425fd.jpg'><img loading=\"lazy\" decoding=\"async\" width=\"150\" height=\"150\" src=\"https:\/\/www.radiopiu.net\/wordpress\/wp-content\/uploads\/2023\/10\/cf9e01be-d406-4425-98dd-c490d8b425fd-150x150.jpg\" class=\"attachment-thumbnail size-thumbnail\" alt=\"\" \/><\/a>\n\t\t\t\t<\/dt><\/dl><br style=\"clear: both\" \/>\n\t\t\t<\/div>\n\n<h3 data-offset-key=\"2k083-0-0\">AGORDO Ieri sera in Sala Don Tamis tutto esaurito per la prima di &#8220;Sere d&#8217;Autunno&#8221; del Club Alpino Italiano sezione Agordina, applausi per Antonella Giacomini che voleva vedere la Tundra.<\/h3>\n<\/blockquote>\n<div data-offset-key=\"2k083-0-0\">\n\n\t\t\t<style type='text\/css'>\n\t\t\t\t#gallery-2 {\n\t\t\t\t\tmargin: auto;\n\t\t\t\t}\n\t\t\t\t#gallery-2 .gallery-item {\n\t\t\t\t\tfloat: left;\n\t\t\t\t\tmargin-top: 10px;\n\t\t\t\t\ttext-align: center;\n\t\t\t\t\twidth: 33%;\n\t\t\t\t}\n\t\t\t\t#gallery-2 img {\n\t\t\t\t\tborder: 2px solid #cfcfcf;\n\t\t\t\t}\n\t\t\t\t#gallery-2 .gallery-caption {\n\t\t\t\t\tmargin-left: 0;\n\t\t\t\t}\n\t\t\t\t\/* see gallery_shortcode() in wp-includes\/media.php *\/\n\t\t\t<\/style>\n\t\t<div id='gallery-2' class='dt-gallery-container gallery galleryid-355537 gallery-columns-3 gallery-size-thumbnail'><dl class='gallery-item'>\n\t\t\t\t<dt class='gallery-icon landscape'>\n\t\t\t\t\t<a class=\"rollover rollover-zoom dt-pswp-item\" title=\"387150029_3707532039533427_4212883343410981628_n\" data-dt-img-description=\"\" data-large_image_width=\"600\" data-large_image_height=\"450\"href='https:\/\/www.radiopiu.net\/wordpress\/wp-content\/uploads\/2023\/10\/387150029_3707532039533427_4212883343410981628_n.jpg'><img loading=\"lazy\" decoding=\"async\" width=\"150\" height=\"150\" src=\"https:\/\/www.radiopiu.net\/wordpress\/wp-content\/uploads\/2023\/10\/387150029_3707532039533427_4212883343410981628_n-150x150.jpg\" class=\"attachment-thumbnail size-thumbnail\" alt=\"\" \/><\/a>\n\t\t\t\t<\/dt><\/dl><dl class='gallery-item'>\n\t\t\t\t<dt class='gallery-icon landscape'>\n\t\t\t\t\t<a class=\"rollover rollover-zoom dt-pswp-item\" title=\"387177206_3707532136200084_3126912372097943522_n\" data-dt-img-description=\"\" data-large_image_width=\"2048\" data-large_image_height=\"1536\"href='https:\/\/www.radiopiu.net\/wordpress\/wp-content\/uploads\/2023\/10\/387177206_3707532136200084_3126912372097943522_n.jpg'><img loading=\"lazy\" decoding=\"async\" width=\"150\" height=\"150\" src=\"https:\/\/www.radiopiu.net\/wordpress\/wp-content\/uploads\/2023\/10\/387177206_3707532136200084_3126912372097943522_n-150x150.jpg\" class=\"attachment-thumbnail size-thumbnail\" alt=\"\" \/><\/a>\n\t\t\t\t<\/dt><\/dl><dl class='gallery-item'>\n\t\t\t\t<dt class='gallery-icon landscape'>\n\t\t\t\t\t<a class=\"rollover rollover-zoom dt-pswp-item\" title=\"385783190_3707532172866747_7363165011291391697_n\" data-dt-img-description=\"\" data-large_image_width=\"600\" data-large_image_height=\"450\"href='https:\/\/www.radiopiu.net\/wordpress\/wp-content\/uploads\/2023\/10\/385783190_3707532172866747_7363165011291391697_n.jpg'><img loading=\"lazy\" decoding=\"async\" width=\"150\" height=\"150\" src=\"https:\/\/www.radiopiu.net\/wordpress\/wp-content\/uploads\/2023\/10\/385783190_3707532172866747_7363165011291391697_n-150x150.jpg\" class=\"attachment-thumbnail size-thumbnail\" alt=\"\" \/><\/a>\n\t\t\t\t<\/dt><\/dl><br style=\"clear: both\" \/>\n\t\t\t<\/div>\n\n<p>&nbsp;<\/p>\n<p>&nbsp;<\/p>\n<\/div>\n<div data-offset-key=\"2k083-0-0\">\n<hr \/>\n<\/div>\n<p>&nbsp;<\/p>\n<p><strong>IERI SERA, TG ANTENNA 3 &#8211; CANALE 10 DIGITALE TERRESTRE &#8211; E OGNI SERA ALLE 19.10 LE ANTICIPAZIONI ALLA RADIO PIU&#8217; DI TIZIANA BOLOGNANI\u00a0 \u00a0<\/strong><\/p>\n<h1 class=\"_title post-title entry-title\">ALLA CASA DEI BENI COMUNI DA DOMANI PARTE CLOROFILLA FESTIVAL 2023<\/h1>\n<p><iframe loading=\"lazy\" title=\"ALLA CASA DEI BENI COMUNI DA DOMANI PARTE CLOROFILLA FESTIVAL 2023 | 06\/10\/2023\" width=\"1200\" height=\"675\" src=\"https:\/\/www.youtube.com\/embed\/ygQN_cqe9Sc?start=1&#038;feature=oembed\" frameborder=\"0\" allow=\"accelerometer; autoplay; clipboard-write; encrypted-media; gyroscope; picture-in-picture; web-share\" allowfullscreen><\/iframe><\/p>\n<p>Intervistati MARIANNA MARGIO (CLOROFILLA FESTIVAL 2023), VALENTINA REOLON (CLOROFILLA FESTIVAL 2023)<\/p>\n<p>&nbsp;<\/p>\n<p>&nbsp;<\/p>\n<hr \/>\n<p>&nbsp;<\/p>\n<blockquote>\n<h1>STREET ART SULLA 203 AGORDINA<\/h1>\n<p><img loading=\"lazy\" decoding=\"async\" class=\"aligncenter\" src=\"https:\/\/www.radiopiu.net\/wordpress\/wp-content\/uploads\/2023\/10\/9c328f23-135d-407e-9fa7-7a983bda467e.jpg\" width=\"385\" height=\"263\" \/><\/p><\/blockquote>\n<p>&nbsp;<\/p>\n<p><strong>REDAZIONE<\/strong> Prossimamente la tangenziale di Agordo sulla 203 Agordina avr\u00e0 la sua street art. Un&#8217;artista, Sofia Fiorese, sta preparando il muro accanto alla caserma dei Vigili del Fuoco per decorarlo con un dipinto.<\/p>\n<p><strong>IL VIDEO DI DANIEL SIRENA<\/strong><\/p>\n<div style=\"width: 848px;\" class=\"wp-video\"><video class=\"wp-video-shortcode\" id=\"video-355537-3\" width=\"848\" height=\"480\" preload=\"metadata\" controls=\"controls\"><source type=\"video\/mp4\" src=\"https:\/\/www.radiopiu.net\/wordpress\/wp-content\/uploads\/2023\/10\/WhatsApp-Video-2023-10-06-at-20.55.44.mp4?_=3\" \/><a href=\"https:\/\/www.radiopiu.net\/wordpress\/wp-content\/uploads\/2023\/10\/WhatsApp-Video-2023-10-06-at-20.55.44.mp4\">https:\/\/www.radiopiu.net\/wordpress\/wp-content\/uploads\/2023\/10\/WhatsApp-Video-2023-10-06-at-20.55.44.mp4<\/a><\/video><\/div>\n<p>&nbsp;<\/p>\n<p>&nbsp;<\/p>\n<p>&nbsp;<\/p>\n<p>&nbsp;<\/p>\n<hr \/>\n<p>&nbsp;<\/p>\n<blockquote>\n<h3>IL MENINGO-B DAY<\/h3>\n<\/blockquote>\n<p><strong>BELLUNO<\/strong> L&#8217;Ulss Dolomiti organizza un open day chiamato &#8220;MENINGO B-DAY&#8221; per le vaccinazioni Anti-Meningococco B rivolte a coloro nati nel 2002 e nel 2005. L&#8217;evento si terr\u00e0 il marted\u00ec 10 ottobre 2023 presso il Centro Vaccinale di Salce (CVP) a Belluno, dalle 14:00 alle 18:00. La vaccinazione sar\u00e0 gratuita, e i partecipanti dovranno portare con s\u00e9 la tessera sanitaria e una delega per i minori non accompagnati dai genitori.<\/p>\n<p>&nbsp;<\/p>\n<p>&nbsp;<\/p>\n<hr \/>\n<p>&nbsp;<\/p>\n<blockquote>\n<h3>LUNEDI&#8217; VERRANNO ILLUSTRATI GLI AVANZAMENTI DEI LAVORI DEL NUOVO CCS<\/h3>\n<\/blockquote>\n<p><strong>BELLUNO<\/strong> Luned\u00ec alle 16:30 il prefetto di Belluno Mariano Savastano e il comandante dei vigili del fuoco Antonio del Gallo, illustreranno gli avanzamenti dei lavori del nuovo CCS (Centro Coordinamento Soccorsi), in un\u2019area della sede del comando provinciale di Via Col Da Ren. Saranno presenti il capo dipartimento e capo del corpo dei vigili del fuoco Laura Lega e Carlo Dall\u2019Oppio, il capo dipartimento della protezione civile nazionale Fabrizio Curcio.<\/p>\n<p>&nbsp;<\/p>\n<p>&nbsp;<\/p>\n<hr \/>\n<blockquote>\n<h3>I LADINI: UNA MACCHIA INDELEBILE. IL CONVEGNO A CORTINA<\/h3>\n<\/blockquote>\n<p><strong><a class=\"dt-pswp-item\" href=\"https:\/\/www.radiopiu.net\/wordpress\/wp-content\/uploads\/2023\/10\/GROSUIGHeP.png\" data-dt-img-description=\"\" data-large_image_width=\"653\" data-large_image_height=\"346\"><img loading=\"lazy\" decoding=\"async\" class=\" wp-image-355488 alignleft\" src=\"https:\/\/www.radiopiu.net\/wordpress\/wp-content\/uploads\/2023\/10\/GROSUIGHeP-300x159.png\" alt=\"\" width=\"209\" height=\"111\" srcset=\"https:\/\/www.radiopiu.net\/wordpress\/wp-content\/uploads\/2023\/10\/GROSUIGHeP-300x159.png 300w, https:\/\/www.radiopiu.net\/wordpress\/wp-content\/uploads\/2023\/10\/GROSUIGHeP.png 653w\" sizes=\"auto, (max-width: 209px) 100vw, 209px\" \/><\/a>CORTINA<\/strong> Si svolger\u00e0 oggi la seconda giornata\u00a0 del Convegno Nazionale dal titolo &#8220;I Ladini: Una Macchia Indelebile&#8221;. La location che ospiter\u00e0 gli incontri sar\u00e0 l&#8217;Alexander Girardi Hall di Cortina.<br \/>\nIl compito di tirare le somme e chiudere il convegno \u00e8 affidato a Denni Dorigo, direttore dell&#8217;Istituto Ladin Cesa de Jan di Colle Santa Lucia.<\/p>\n<p>&nbsp;<\/p>\n<p>&nbsp;<\/p>\n<hr \/>\n<p>&nbsp;<\/p>\n<h1><span style=\"color: #ff0000;\">AGORDINO&#8230;. FINE SETTIMANA DI EVENTI<\/span><\/h1>\n<blockquote>\n<h1 class=\"articlePlainTitle\">La Pro loco in festa: spegne le 50 candeline<\/h1>\n<\/blockquote>\n<div class=\"articlePlainText\"><strong><img decoding=\"async\" src=\"https:\/\/www.radiopiu.net\/wordpress\/wp-content\/uploads\/2021\/04\/NOF-FILO.jpg\" \/> <\/strong><\/div>\n<div class=\"articlePlainText\"><strong>\u00a0<\/strong><\/div>\n<div class=\"articlePlainText\"><strong>CENCENIGHE<\/strong> Oggi alle 17. 30 al Nof Fil\u00f2 di Cencenighe si svolger\u00e0 un evento per festeggiare i 50 anni dalla fondazione ufficiale della Pro loco del paese, oggi guidata da Antonella De Nardin.<\/div>\n<div class=\"articlePlainText\">\u00abUna storia\u00bb, come spiega Luisa Manfroi, studiosa della storia locale, \u00abche ha le sue radici nella seconda met\u00e0 degli anni Quaranta, sebbene lo statuto ufficiale sia stato firmato solo nel 1973\u00bb.<\/div>\n<div class=\"articlePlainText\">L&#8217;evento \u00e8 organizzato dalla Pro loco in collaborazione con la biblioteca e con il patrocinio del Comune e vedr\u00e0 un excursus sulla storia dell&#8217;associazione seguito (a partire dalle ore 20) da un music party con protagonista dj Jack; il tutto con ingresso libero.\u00a0\u2014<\/div>\n<p>&nbsp;<\/p>\n<blockquote>\n<h3 class=\"articlePlainSubHead\">Il rifugio Passo Valles celebra i novant&#8217;anni<\/h3>\n<\/blockquote>\n<div class=\"addthis_sharing_toolbox\" data-url=\"http:\/\/sfoglio.corrierealpi.gelocal.it\/share_article.php?article_id=13135873\" data-title=\"La Pro loco in festa: spegne le 50 candelineIl rifugio Passo Valles celebra i novant'anni\"><strong>FALCADE\u00a0<\/strong> Novant&#8217;anni in splendida forma. Il rifugio Capanna Passo Valles celebra oggi l&#8217;anniversario e la famiglia Cemin, proprietaria della struttura al confine tra Veneto e Trentino, ha organizzato un weekend di festa per solennizzare l&#8217;avvenimento. L&#8217;appuntamento inizia questo pomeriggio alle 17 con l&#8217;apertura del bar con bruschette e birra &#8220;Flaim Bier&#8221; Val di Fiemme. Alle 19 aprir\u00e0 la cucina, che proporr\u00e0 pietanze tipiche.Domani si torna a far festa al Rifugio Capanna Passo Valles a partire da mezzogiorno, con il piatto del Barba e trippe alla parmigiana. Un appuntamento da non perdere, dunque, per celebrare i novant&#8217;anni di attivit\u00e0 della struttura al servizio della ski area Tre Valli.\u00a0\u2014<\/div>\n<div class=\"articlePlainText\"><\/div>\n<blockquote><p>&nbsp;<\/p>\n<h3><em><strong>OGGI ALLE 15.30 SFILATA IN PIAZZA E ALLE 20.30 IL CONCERTO AL PALALUXOTTICA ingresso gratuito.<\/strong><\/em><\/h3>\n<h3><span style=\"font-size: 14px; font-weight: normal;\"><a class=\"dt-pswp-item\" href=\"https:\/\/www.radiopiu.net\/wordpress\/wp-content\/uploads\/2023\/10\/h.jpg\" data-dt-img-description=\"\" data-large_image_width=\"203\" data-large_image_height=\"114\"><img loading=\"lazy\" decoding=\"async\" class=\"size-full wp-image-355073 alignleft\" src=\"https:\/\/www.radiopiu.net\/wordpress\/wp-content\/uploads\/2023\/10\/h.jpg\" alt=\"\" width=\"203\" height=\"114\" \/><\/a>LA FANFARA CONGEDATI BRIGATA ALPINA CADORE TORNA AD AGORDO. OGGI, ALLE 15.30 CAROSELLO IN PIAZZA LIBERTA&#8217;, ALLE 20.30 IL CONCERTO AL PALALUXOTTICA DIRETTO DAL MAESTRO DOMENICA VELLO. INGRESSO GRATUITO, EVENTUALE OFFERTE SARANNO DEVOLUTE ALLA RICOSTRUZIONE DEL TERRITORIO COLPITO DALL&#8217;ALLUVIONE IN EMILIA ROMAGNA. LA FANFARA CONGEDATI BRIGATA ALPINA CADORE, IL 7 OTTOBRE AD AGORDO, CON IL GRUPPO ALPINI AGORDO-TAIBON E RIVAMONTE.<\/span><\/h3>\n<p><strong>L&#8217;INTERVISTA AD ALESSANDRO SAVIO E GIOVANNI DA PRA<\/strong><\/p>\n<p>AUDIO<\/p>\n<audio class=\"wp-audio-shortcode\" id=\"audio-355537-7\" preload=\"none\" style=\"width: 100%;\" controls=\"controls\"><source type=\"audio\/mpeg\" src=\"https:\/\/www.radiopiu.net\/wordpress\/wp-content\/uploads\/2023\/10\/fanfara-intervista-giovanni-da-pra-e-alessandro-savio.mp3?_=7\" \/><a href=\"https:\/\/www.radiopiu.net\/wordpress\/wp-content\/uploads\/2023\/10\/fanfara-intervista-giovanni-da-pra-e-alessandro-savio.mp3\">https:\/\/www.radiopiu.net\/wordpress\/wp-content\/uploads\/2023\/10\/fanfara-intervista-giovanni-da-pra-e-alessandro-savio.mp3<\/a><\/audio>\n<p>&nbsp;<\/p>\n<p>&nbsp;<\/p>\n<hr \/>\n<p>&nbsp;<\/p>\n<h2><strong><a class=\"dt-pswp-item\" href=\"https:\/\/www.radiopiu.net\/wordpress\/wp-content\/uploads\/2023\/10\/8477525e-d05a-491d-98f4-75b343120670.jpg\" data-dt-img-description=\"\" data-large_image_width=\"1920\" data-large_image_height=\"1080\"><img loading=\"lazy\" decoding=\"async\" class=\" wp-image-355493 alignleft\" src=\"https:\/\/www.radiopiu.net\/wordpress\/wp-content\/uploads\/2023\/10\/8477525e-d05a-491d-98f4-75b343120670-300x169.jpg\" alt=\"\" width=\"201\" height=\"113\" srcset=\"https:\/\/www.radiopiu.net\/wordpress\/wp-content\/uploads\/2023\/10\/8477525e-d05a-491d-98f4-75b343120670-300x169.jpg 300w, https:\/\/www.radiopiu.net\/wordpress\/wp-content\/uploads\/2023\/10\/8477525e-d05a-491d-98f4-75b343120670-1024x576.jpg 1024w, https:\/\/www.radiopiu.net\/wordpress\/wp-content\/uploads\/2023\/10\/8477525e-d05a-491d-98f4-75b343120670-768x432.jpg 768w, https:\/\/www.radiopiu.net\/wordpress\/wp-content\/uploads\/2023\/10\/8477525e-d05a-491d-98f4-75b343120670-1536x864.jpg 1536w, https:\/\/www.radiopiu.net\/wordpress\/wp-content\/uploads\/2023\/10\/8477525e-d05a-491d-98f4-75b343120670.jpg 1920w\" sizes=\"auto, (max-width: 201px) 100vw, 201px\" \/><\/a><\/strong><span style=\"color: #993300;\">DOMANI A CANALE D&#8217;AGORDO EL DI DEL TRATOR<\/span><\/h2>\n<p><strong>DI MARCO GAZ<\/strong><\/p>\n<p>OSPITI: Nicol\u00f2 Bogo e Manfredi De Bernardo<\/p>\n<audio class=\"wp-audio-shortcode\" id=\"audio-355537-8\" preload=\"none\" style=\"width: 100%;\" controls=\"controls\"><source type=\"audio\/mpeg\" src=\"https:\/\/www.radiopiu.net\/wordpress\/wp-content\/uploads\/2023\/10\/DI-DEL-TRATOR-2023-NICOLO-BOGO-E-MANFREDI-DE-BERNARDO.mp3?_=8\" \/><a href=\"https:\/\/www.radiopiu.net\/wordpress\/wp-content\/uploads\/2023\/10\/DI-DEL-TRATOR-2023-NICOLO-BOGO-E-MANFREDI-DE-BERNARDO.mp3\">https:\/\/www.radiopiu.net\/wordpress\/wp-content\/uploads\/2023\/10\/DI-DEL-TRATOR-2023-NICOLO-BOGO-E-MANFREDI-DE-BERNARDO.mp3<\/a><\/audio>\n<p>&nbsp;<\/p><\/blockquote>\n<div><\/div>\n<div><\/div>\n<hr \/>\n<p>&nbsp;<\/p>\n<blockquote>\n<h3>DAL VAJONT ALL&#8217;ALLUVIONE IN EMILIA ROMAGNA: LA MOSTRA FOTOGRAFICA &#8220;TESTIMONI DEL TEMPO<\/h3>\n<\/blockquote>\n<p><strong><a class=\"dt-pswp-item\" href=\"https:\/\/www.radiopiu.net\/wordpress\/wp-content\/uploads\/2023\/10\/mostra_vajont_milano.jpg\" data-dt-img-description=\"\" data-large_image_width=\"1498\" data-large_image_height=\"615\"><img loading=\"lazy\" decoding=\"async\" class=\"size-medium wp-image-355084 alignleft\" src=\"https:\/\/www.radiopiu.net\/wordpress\/wp-content\/uploads\/2023\/10\/mostra_vajont_milano-300x123.jpg\" alt=\"\" width=\"300\" height=\"123\" srcset=\"https:\/\/www.radiopiu.net\/wordpress\/wp-content\/uploads\/2023\/10\/mostra_vajont_milano-300x123.jpg 300w, https:\/\/www.radiopiu.net\/wordpress\/wp-content\/uploads\/2023\/10\/mostra_vajont_milano-1024x420.jpg 1024w, https:\/\/www.radiopiu.net\/wordpress\/wp-content\/uploads\/2023\/10\/mostra_vajont_milano-768x315.jpg 768w, https:\/\/www.radiopiu.net\/wordpress\/wp-content\/uploads\/2023\/10\/mostra_vajont_milano.jpg 1498w\" sizes=\"auto, (max-width: 300px) 100vw, 300px\" \/><\/a>LONGARONE<\/strong> Il Centro culturale &#8220;Parri&#8221; di Longarone ospiter\u00e0 la mostra fotografica &#8220;Testimoni del tempo &#8211; Quando le immagini raccontano la storia,&#8221; che ricorda la tragedia del Vajont del 9 ottobre 1963 e l&#8217;alluvione dell&#8217;Emilia Romagna del maggio scorso attraverso le fotografie di Giuseppe &#8220;Bepi&#8221; Zanfron e della giovane fotografa Nicoletta Valla. L&#8217;inaugurazione \u00e8 prevista per venerd\u00ec 13 ottobre alle ore 18, e la mostra sar\u00e0 aperta fino alla fine del mese. L&#8217;iniziativa, promossa da Assostampa Belluno e Sindacato giornalisti Veneto in collaborazione con Pro loco e Comune di Longarone e Fondazione Vajont, vuole stimolare riflessioni sul racconto dei disastri attraverso il fotogiornalismo e promuovere la memoria delle tragedie. La mostra presenter\u00e0 le immagini storiche di Zanfron, il primo fotoreporter ad arrivare sul luogo del disastro del Vajont, insieme alle fotografie di Nicoletta Valla, che hanno documentato l&#8217;alluvione dell&#8217;Emilia Romagna e sono state pubblicate su Il Resto del Carlino e nel libro &#8220;Quello che abbiamo perduto. Quello che abbiamo salvato&#8221; scritto insieme a Maurizio Maggiani.<\/p>\n<p>&nbsp;<\/p>\n<p>&nbsp;<\/p>\n<hr \/>\n<p>&nbsp;<\/p>\n<blockquote>\n<h3>URBAN LAB: GIOVANI VISIONARI PER LA RIGENERAZIONE URBANA<\/h3>\n<\/blockquote>\n<p><strong><a class=\"dt-pswp-item\" href=\"https:\/\/www.radiopiu.net\/wordpress\/wp-content\/uploads\/2023\/10\/367421265_606027291727702_3827954424659594081_n.jpeg\" data-dt-img-description=\"\" data-large_image_width=\"2048\" data-large_image_height=\"1365\"><img loading=\"lazy\" decoding=\"async\" class=\" wp-image-355668 alignleft\" src=\"https:\/\/www.radiopiu.net\/wordpress\/wp-content\/uploads\/2023\/10\/367421265_606027291727702_3827954424659594081_n-300x200.jpeg\" alt=\"\" width=\"219\" height=\"146\" srcset=\"https:\/\/www.radiopiu.net\/wordpress\/wp-content\/uploads\/2023\/10\/367421265_606027291727702_3827954424659594081_n-300x200.jpeg 300w, https:\/\/www.radiopiu.net\/wordpress\/wp-content\/uploads\/2023\/10\/367421265_606027291727702_3827954424659594081_n-1024x683.jpeg 1024w, https:\/\/www.radiopiu.net\/wordpress\/wp-content\/uploads\/2023\/10\/367421265_606027291727702_3827954424659594081_n-768x512.jpeg 768w, https:\/\/www.radiopiu.net\/wordpress\/wp-content\/uploads\/2023\/10\/367421265_606027291727702_3827954424659594081_n-1536x1024.jpeg 1536w, https:\/\/www.radiopiu.net\/wordpress\/wp-content\/uploads\/2023\/10\/367421265_606027291727702_3827954424659594081_n.jpeg 2048w\" sizes=\"auto, (max-width: 219px) 100vw, 219px\" \/><\/a>BELLUNO<\/strong> Il progetto &#8220;Urban Lab,&#8221; promosso da &#8220;Sustainable Vibes APS&#8221; con il sostegno della Regione Veneto, mira a trasformare Feltre in un laboratorio di rigenerazione urbana e partecipazione comunitaria. L&#8217;iniziativa prevede una formazione per i giovani locali nell&#8217;autunno 2023, che si immergeranno nell&#8217;urbanistica tattica, un approccio alla pianificazione urbana basato su interventi temporanei e sperimentali nello spazio pubblico per migliorare l&#8217;ambiente urbano. Gli studenti lavoreranno a progetti concreti di urbanistica tattica, come arredi urbani temporanei, casette di book crossing e panchine realizzate con materiali di recupero. Cruciale \u00e8 l&#8217;interazione con la comunit\u00e0 locale, che parteciper\u00e0 alla mappatura delle esigenze e delle opportunit\u00e0 nella citt\u00e0. Il progetto si concluder\u00e0 con un evento finale in cui gli studenti presenteranno i risultati delle loro attivit\u00e0 alla comunit\u00e0 e ai decisori politici.<\/p>\n<p>&nbsp;<\/p>\n<p>&nbsp;<\/p>\n<hr \/>\n<p>&nbsp;<\/p>\n<blockquote>\n<h3>MORENO PESCE AFFRONTA LA FERRATA DELLA MEMORIA. IN RICORDO DELLA TRAGEDIA DEL VAJONT<\/h3>\n<\/blockquote>\n<p><strong>LONGARONE <\/strong>\u00a0Moreno Pesce, atleta paralimpico, ha deciso di affrontare l\u2019impegnativa Ferrata della Memoria in ricordo della tragedia del Vajont, proprio di fronte a dove \u00e8 avvenuto il crollo. Moreno Pesce, salir\u00e0\u00a0 domani, accompagnato dalla guida emerita Lio De Nes e dal video maker Jacopo Bernard. Il tracciato della Ferrata della Memoria, ha uno sviluppo aereo verticale di 700 m. e per un atleta amputato richiede un buon allenamento e soprattutto forza<\/p>\n<p><strong>moreno alla radio pi\u00f9<\/strong><\/p>\n<audio class=\"wp-audio-shortcode\" id=\"audio-355537-9\" preload=\"none\" style=\"width: 100%;\" controls=\"controls\"><source type=\"audio\/mpeg\" src=\"https:\/\/www.radiopiu.net\/wordpress\/wp-content\/uploads\/2023\/10\/moreno-pesce.mp3?_=9\" \/><a href=\"https:\/\/www.radiopiu.net\/wordpress\/wp-content\/uploads\/2023\/10\/moreno-pesce.mp3\">https:\/\/www.radiopiu.net\/wordpress\/wp-content\/uploads\/2023\/10\/moreno-pesce.mp3<\/a><\/audio>\n<p>&nbsp;<\/p>\n\n\t\t\t<style type='text\/css'>\n\t\t\t\t#gallery-3 {\n\t\t\t\t\tmargin: auto;\n\t\t\t\t}\n\t\t\t\t#gallery-3 .gallery-item {\n\t\t\t\t\tfloat: left;\n\t\t\t\t\tmargin-top: 10px;\n\t\t\t\t\ttext-align: center;\n\t\t\t\t\twidth: 50%;\n\t\t\t\t}\n\t\t\t\t#gallery-3 img {\n\t\t\t\t\tborder: 2px solid #cfcfcf;\n\t\t\t\t}\n\t\t\t\t#gallery-3 .gallery-caption {\n\t\t\t\t\tmargin-left: 0;\n\t\t\t\t}\n\t\t\t\t\/* see gallery_shortcode() in wp-includes\/media.php *\/\n\t\t\t<\/style>\n\t\t<div id='gallery-3' class='dt-gallery-container gallery galleryid-355537 gallery-columns-2 gallery-size-thumbnail'><dl class='gallery-item'>\n\t\t\t\t<dt class='gallery-icon portrait'>\n\t\t\t\t\t<a class=\"rollover rollover-zoom dt-pswp-item\" title=\"ab5fd581-387c-4481-995c-dd919f53fc5c\" data-dt-img-description=\"\" data-large_image_width=\"960\" data-large_image_height=\"1280\"href='https:\/\/www.radiopiu.net\/wordpress\/wp-content\/uploads\/2023\/10\/ab5fd581-387c-4481-995c-dd919f53fc5c.jpeg'><img loading=\"lazy\" decoding=\"async\" width=\"150\" height=\"150\" src=\"https:\/\/www.radiopiu.net\/wordpress\/wp-content\/uploads\/2023\/10\/ab5fd581-387c-4481-995c-dd919f53fc5c-150x150.jpeg\" class=\"attachment-thumbnail size-thumbnail\" alt=\"\" \/><\/a>\n\t\t\t\t<\/dt><\/dl><dl class='gallery-item'>\n\t\t\t\t<dt class='gallery-icon portrait'>\n\t\t\t\t\t<a class=\"rollover rollover-zoom dt-pswp-item\" title=\"751d883e-4659-41c7-8cdb-a600a16ffe93\" data-dt-img-description=\"\" data-large_image_width=\"960\" data-large_image_height=\"1280\"href='https:\/\/www.radiopiu.net\/wordpress\/wp-content\/uploads\/2023\/10\/751d883e-4659-41c7-8cdb-a600a16ffe93.jpeg'><img loading=\"lazy\" decoding=\"async\" width=\"150\" height=\"150\" src=\"https:\/\/www.radiopiu.net\/wordpress\/wp-content\/uploads\/2023\/10\/751d883e-4659-41c7-8cdb-a600a16ffe93-150x150.jpeg\" class=\"attachment-thumbnail size-thumbnail\" alt=\"\" \/><\/a>\n\t\t\t\t<\/dt><\/dl><br style=\"clear: both\" \/>\n\t\t\t<\/div>\n\n<p>&nbsp;<\/p>\n<\/div>\n<\/div>\n<\/div>\n<\/div>\n<p>&nbsp;<\/p>\n<hr \/>\n<p>&nbsp;<\/p>\n<blockquote>\n<h3>LA POLIZIA DI STATO PUBBLICA UN BANDO PER L&#8217;ASSUNZIONE DI 48 MEDICI<\/h3>\n<\/blockquote>\n<p><strong>BELLUNO <\/strong>Sul Portale Unico del reclutamento, disponibile all\u2019indirizzo <a href=\"http:\/\/www.inpa.gov.it\">www.inpa.gov.it<\/a> nonch\u00e9 sul sito <a href=\"http:\/\/www.poliziadistato.it\">www.poliziadistato.it<\/a>, in data 29 settembre 2023, \u00e8 stato pubblicato il bando di <strong>concorso pubblico, per titoli ed esami, per l\u2019assunzione di 48 medici della carriera dei medici della Polizia di Stato. <\/strong>Le domande di partecipazione potranno essere presentate dalle ore 00.00 del 30 settembre 2023 alle ore 23.59 del 30 ottobre 2023, utilizzando la procedura informatica disponibile all\u2019indirizzo <a href=\"https:\/\/concorsionline.poliziadistato.it\">https:\/\/concorsionline.poliziadistato.it<\/a>.<\/p>\n<p>&nbsp;<\/p>\n<p>&nbsp;<\/p>\n<hr \/>\n<p>&nbsp;<\/p>\n<p><a class=\"dt-pswp-item\" href=\"https:\/\/www.radiopiu.net\/wordpress\/wp-content\/uploads\/2020\/09\/solidarieta-veneto.jpg\" data-dt-img-description=\"\" data-large_image_width=\"600\" data-large_image_height=\"100\"><img loading=\"lazy\" decoding=\"async\" class=\"size-medium wp-image-160520 aligncenter\" src=\"https:\/\/www.radiopiu.net\/wordpress\/wp-content\/uploads\/2020\/09\/solidarieta-veneto-300x50.jpg\" alt=\"\" width=\"300\" height=\"50\" srcset=\"https:\/\/www.radiopiu.net\/wordpress\/wp-content\/uploads\/2020\/09\/solidarieta-veneto-300x50.jpg 300w, https:\/\/www.radiopiu.net\/wordpress\/wp-content\/uploads\/2020\/09\/solidarieta-veneto.jpg 600w\" sizes=\"auto, (max-width: 300px) 100vw, 300px\" \/><\/a><\/p>\n<p><strong>IERI ALLA RADIO, SOLIDARIETA&#8217; VENETO FONDO PENSIONE CON IL DIRETTORE, PAOLO STEFAN, APPUNTAMENTO MENSILE OGNI PRIMO VENERDI DEL MESE ALLA RADIO.<\/strong><\/p>\n<p><span style=\"color: #ff0000;\">AUDIO<\/span><\/p>\n<audio class=\"wp-audio-shortcode\" id=\"audio-355537-10\" preload=\"none\" style=\"width: 100%;\" controls=\"controls\"><source type=\"audio\/mpeg\" src=\"https:\/\/www.radiopiu.net\/wordpress\/wp-content\/uploads\/2023\/10\/PAOLO-STEFAN-OTTOBRE23.mp3?_=10\" \/><a href=\"https:\/\/www.radiopiu.net\/wordpress\/wp-content\/uploads\/2023\/10\/PAOLO-STEFAN-OTTOBRE23.mp3\">https:\/\/www.radiopiu.net\/wordpress\/wp-content\/uploads\/2023\/10\/PAOLO-STEFAN-OTTOBRE23.mp3<\/a><\/audio>\n<blockquote>\n<h3>LA RACCOLTA COMPLETA, <span style=\"color: #0000ff;\"><strong><a style=\"color: #0000ff;\" href=\"https:\/\/www.radiopiu.net\/wordpress\/solidarieta-veneto\/\">CLICCA QUI<\/a><\/strong><\/span><\/h3>\n<\/blockquote>\n<p>&nbsp;<\/p>\n<hr \/>\n<p>&nbsp;<\/p>\n<blockquote>\n<h3 class=\"entry-title\">DAL 6 AL 15 OTTOBRE RITORNA \u201cOLTRE LE VETTE\u201d A BELLUNO<\/h3>\n<\/blockquote>\n<p><strong class=\"photoswipe-wrapper\"><a class=\"dt-pswp-item pspw-wrap-ready\" href=\"https:\/\/www.radiopiu.net\/wordpress\/wp-content\/uploads\/2023\/10\/download.jpg\" data-dt-img-description=\"\" data-large_image_width=\"1024\" data-large_image_height=\"512\"><img loading=\"lazy\" decoding=\"async\" class=\" wp-image-355200 alignleft\" src=\"https:\/\/www.radiopiu.net\/wordpress\/wp-content\/uploads\/2023\/10\/download-300x150.jpg\" sizes=\"auto, (max-width: 224px) 100vw, 224px\" srcset=\"https:\/\/www.radiopiu.net\/wordpress\/wp-content\/uploads\/2023\/10\/download-300x150.jpg 300w, https:\/\/www.radiopiu.net\/wordpress\/wp-content\/uploads\/2023\/10\/download-768x384.jpg 768w, https:\/\/www.radiopiu.net\/wordpress\/wp-content\/uploads\/2023\/10\/download.jpg 1024w\" alt=\"\" width=\"224\" height=\"112\" \/><\/a>BELLUNO<\/strong>\u00a0Ritorna, dal 6 al 15 ottobre, il festival OLTRE LE VETTE, che fa di Belluno la capitale italiana della cultura di montagna. In programma, pi\u00f9 di 30 eventi tra incontri con alpinisti e protagonisti della montagna, film e spettacoli, presentazioni di libri, mostre ed eventi all\u2019aperto. Tutti a ingresso gratuito. Tante le novit\u00e0 di questa 27esima edizione e i nomi importanti in arrivo a Belluno: scopri il programma completo su www.oltrelevette.it e prenota il tuo posto.<\/p>\n<p>LO SPOT ALLA RADIO, VOCE _valentina<\/p>\n<audio class=\"wp-audio-shortcode\" id=\"audio-355537-11\" preload=\"none\" style=\"width: 100%;\" controls=\"controls\"><source type=\"audio\/mpeg\" src=\"https:\/\/www.radiopiu.net\/wordpress\/wp-content\/uploads\/2023\/10\/VALENTINA-OLTRE-LE-VETTE.mp3?_=11\" \/><a href=\"https:\/\/www.radiopiu.net\/wordpress\/wp-content\/uploads\/2023\/10\/VALENTINA-OLTRE-LE-VETTE.mp3\">https:\/\/www.radiopiu.net\/wordpress\/wp-content\/uploads\/2023\/10\/VALENTINA-OLTRE-LE-VETTE.mp3<\/a><\/audio>\n<p>&nbsp;<\/p>\n<p>&nbsp;<\/p>\n<p>&nbsp;<\/p>\n<hr \/>\n<p>&nbsp;<\/p>\n<blockquote>\n<h3>\u00a0&#8220;DINTORN E FORA VIA&#8221;\u00a0 IL PROGRAMMA\u00a0 A CURA DEL MUSLA<\/h3>\n<h1 style=\"text-align: center;\"><strong><span style=\"color: #ff0000;\">SECONDO ANNO\u00a0 \u00a0<\/span><\/strong><\/h1>\n<p>&nbsp;<\/p>\n<p><strong><a class=\"dt-pswp-item\" href=\"https:\/\/www.radiopiu.net\/wordpress\/wp-content\/uploads\/2023\/10\/d93d60e8-684c-463f-9478-b7ef703f3f65.jpg\" data-dt-img-description=\"\" data-large_image_width=\"231\" data-large_image_height=\"218\"><img loading=\"lazy\" decoding=\"async\" class=\"wp-image-355625 alignleft\" src=\"https:\/\/www.radiopiu.net\/wordpress\/wp-content\/uploads\/2023\/10\/d93d60e8-684c-463f-9478-b7ef703f3f65.jpg\" alt=\"\" width=\"100\" height=\"94\" \/><\/a>PUNTATA 06 OTTOBRE- DAVIDE CONEDERA\u00a0<\/strong><\/p>\n<p>Liete dal Davide da Agort con nuove da dalonz su l&#8217;Armenia nte la CPI, l goern spagnol, la situazion peso\u0107a de Haiti e la malora de la coriera a Mestre. Da vesin, l convegn de Toponomastica Alpina e l aniversar del Vajont. Co la rubrica geologica se descor de le parole ladine agordine che revarda i inom dei sas\u00a0e\u00a0le forme de crode e mont&#x1faa8;&#x1f3d4;&#xfe0f;&#x1f5fb;<br \/>\n(cfr. dizionar del Rossi e Pallabazzer)<\/p>\n<audio class=\"wp-audio-shortcode\" id=\"audio-355537-12\" preload=\"none\" style=\"width: 100%;\" controls=\"controls\"><source type=\"audio\/mpeg\" src=\"https:\/\/www.radiopiu.net\/wordpress\/wp-content\/uploads\/2023\/10\/Davide_6otober2023.mp3?_=12\" \/><a href=\"https:\/\/www.radiopiu.net\/wordpress\/wp-content\/uploads\/2023\/10\/Davide_6otober2023.mp3\">https:\/\/www.radiopiu.net\/wordpress\/wp-content\/uploads\/2023\/10\/Davide_6otober2023.mp3<\/a><\/audio>\n<p>&nbsp;<\/p>\n<h1><strong>RACCOLTA COMPLETA<\/strong> <span style=\"color: #0000ff;\"><strong>CLICCA QUI\u00a0<\/strong><\/span><\/h1>\n<p>&nbsp;<\/p><\/blockquote>\n<hr \/>\n<p>&nbsp;<\/p>\n<blockquote>\n<h3>L&#8217;IDENTIFICAZIONE NEL DISASTRO: TRA DIRITTI E SCIENZA<\/h3>\n<\/blockquote>\n<p><strong><a class=\"dt-pswp-item\" href=\"https:\/\/www.radiopiu.net\/wordpress\/wp-content\/uploads\/2023\/10\/bfa1447a-0fd5-4355-a70c-2fd45fb0838e.jpg\" data-dt-img-description=\"\" data-large_image_width=\"1600\" data-large_image_height=\"900\"><img loading=\"lazy\" decoding=\"async\" class=\" wp-image-355676 alignleft\" src=\"https:\/\/www.radiopiu.net\/wordpress\/wp-content\/uploads\/2023\/10\/bfa1447a-0fd5-4355-a70c-2fd45fb0838e-300x169.jpg\" alt=\"\" width=\"238\" height=\"134\" srcset=\"https:\/\/www.radiopiu.net\/wordpress\/wp-content\/uploads\/2023\/10\/bfa1447a-0fd5-4355-a70c-2fd45fb0838e-300x169.jpg 300w, https:\/\/www.radiopiu.net\/wordpress\/wp-content\/uploads\/2023\/10\/bfa1447a-0fd5-4355-a70c-2fd45fb0838e-1024x576.jpg 1024w, https:\/\/www.radiopiu.net\/wordpress\/wp-content\/uploads\/2023\/10\/bfa1447a-0fd5-4355-a70c-2fd45fb0838e-768x432.jpg 768w, https:\/\/www.radiopiu.net\/wordpress\/wp-content\/uploads\/2023\/10\/bfa1447a-0fd5-4355-a70c-2fd45fb0838e-1536x864.jpg 1536w, https:\/\/www.radiopiu.net\/wordpress\/wp-content\/uploads\/2023\/10\/bfa1447a-0fd5-4355-a70c-2fd45fb0838e.jpg 1600w\" sizes=\"auto, (max-width: 238px) 100vw, 238px\" \/><\/a>PONTE NELLE ALPI<\/strong> &#8221; Organizzata dalla Accademia Medicogiuridica Delle Venezie e dalla Associazione Pig&amp;menti, nell&#8217;ambito delle manifestazioni per 60\u00b0 della Tragedia del Vajont, con il patrocinio del Comune di Ponte Nelle Alpi e del Comune di Longarone, dell&#8217;Ordine Avvocati di Belluno, dell&#8217;Universit\u00e0 Popolare-Auser di Belluno, della AICS Belluno, il giorno venerd\u00ec 6 ottobre alle ore 17.30 presso la Sala conferenze David Sassoli del Parco comunale ex Casa Rossa Alessandro Mares Viale Roma n. 70, a Ponte nelle Alpi, la Professoressa Cristina Cattaneo terr\u00e0 una relazione su &#8220;l&#8217;identificazione nel disastro: tra diritti e scienza&#8221; e il Professor Francesco Maria Avato una relazione su \u201cPersone scomparse e certezza del decesso. Ricerca, attesa, lutto, memoria\u201d. L&#8217;iniziativa \u00e8 stata possibile grazie alle erogazioni liberali della Banca Prealpi San Biagio, dei Dottori Tarascio Marco e Barbini Silvia della farmacia san Valentino di Limana, della Famiglia Conz di Limana e della Giannini Patrizia&#8221;<\/p>\n<p><strong>LA DIRETTA RADIO PIU&#8217;<\/strong><\/p>\n<p><iframe loading=\"lazy\" title=\"Pig&amp;Menti da Ponte nelle Alpi\" width=\"1200\" height=\"675\" src=\"https:\/\/www.youtube.com\/embed\/8rOGUskS0oQ?feature=oembed\" frameborder=\"0\" allow=\"accelerometer; autoplay; clipboard-write; encrypted-media; gyroscope; picture-in-picture; web-share\" allowfullscreen><\/iframe><\/p>\n<p>&nbsp;<\/p>\n<hr \/>\n<p>&nbsp;<\/p>\n<blockquote>\n<h3>OGGI SI FESTEGGIANO I 50 ANNI DELLA PRO LOCO DI CENCENIGHE<\/h3>\n<\/blockquote>\n<p><strong><a class=\"dt-pswp-item\" href=\"https:\/\/www.radiopiu.net\/wordpress\/wp-content\/uploads\/2021\/09\/Nof-Filo-scaled.jpg\" data-dt-img-description=\"\" data-large_image_width=\"2560\" data-large_image_height=\"1440\"><img loading=\"lazy\" decoding=\"async\" class=\" wp-image-232764 alignleft\" src=\"https:\/\/www.radiopiu.net\/wordpress\/wp-content\/uploads\/2021\/09\/Nof-Filo-300x169.jpg\" alt=\"\" width=\"209\" height=\"118\" srcset=\"https:\/\/www.radiopiu.net\/wordpress\/wp-content\/uploads\/2021\/09\/Nof-Filo-300x169.jpg 300w, https:\/\/www.radiopiu.net\/wordpress\/wp-content\/uploads\/2021\/09\/Nof-Filo-1024x576.jpg 1024w, https:\/\/www.radiopiu.net\/wordpress\/wp-content\/uploads\/2021\/09\/Nof-Filo-768x432.jpg 768w, https:\/\/www.radiopiu.net\/wordpress\/wp-content\/uploads\/2021\/09\/Nof-Filo-1536x864.jpg 1536w, https:\/\/www.radiopiu.net\/wordpress\/wp-content\/uploads\/2021\/09\/Nof-Filo-2048x1152.jpg 2048w\" sizes=\"auto, (max-width: 209px) 100vw, 209px\" \/><\/a>CENCENIGHE<\/strong><\/p>\n<p>DI GIANNI SANTOMASO<\/p>\n<audio class=\"wp-audio-shortcode\" id=\"audio-355537-13\" preload=\"none\" style=\"width: 100%;\" controls=\"controls\"><source type=\"audio\/mpeg\" src=\"https:\/\/www.radiopiu.net\/wordpress\/wp-content\/uploads\/2023\/10\/GIANNI-OGGI-SI-FESTEGGIANO-I-50-ANNI-DELLA-PRO-LOCO-DI-CENCENIGHE.mp3?_=13\" \/><a href=\"https:\/\/www.radiopiu.net\/wordpress\/wp-content\/uploads\/2023\/10\/GIANNI-OGGI-SI-FESTEGGIANO-I-50-ANNI-DELLA-PRO-LOCO-DI-CENCENIGHE.mp3\">https:\/\/www.radiopiu.net\/wordpress\/wp-content\/uploads\/2023\/10\/GIANNI-OGGI-SI-FESTEGGIANO-I-50-ANNI-DELLA-PRO-LOCO-DI-CENCENIGHE.mp3<\/a><\/audio>\n<p>&nbsp;<\/p>\n<hr \/>\n<p>&nbsp;<\/p>\n<h2><span style=\"color: #ff0000;\">GLI APPUNTAMENTI DELLA SETTIMANA\u00a0<\/span><\/h2>\n<blockquote>\n<h3>90ESIMO ANNIVERSARIO DI FONDAZIONE DEL RIFUGIO CAPANNA PASSO VALLES<\/h3>\n<\/blockquote>\n<p>Oggi e domani si festeggiano i 90 anni del Rifugio Capanna Passo Valles. Una due giorni di festa per la Famiglia Cemin. Si inizia il sabato a mezzogiorno con il momento dedicato alle autorit\u00e0. Alla sera bar aperto con bruschette e birra e dalle 19 apertura della cucina con piatti tipici. Domenica a pranzo il piatto del Barba e trippe alla parmiggiana<\/p>\n<p><strong>DI GIANNI SANTOMASO<\/strong><\/p>\n<audio class=\"wp-audio-shortcode\" id=\"audio-355537-14\" preload=\"none\" style=\"width: 100%;\" controls=\"controls\"><source type=\"audio\/mpeg\" src=\"https:\/\/www.radiopiu.net\/wordpress\/wp-content\/uploads\/2023\/10\/GIANNI-RIFUGIO-CAPANNA-VALLES.mp3?_=14\" \/><a href=\"https:\/\/www.radiopiu.net\/wordpress\/wp-content\/uploads\/2023\/10\/GIANNI-RIFUGIO-CAPANNA-VALLES.mp3\">https:\/\/www.radiopiu.net\/wordpress\/wp-content\/uploads\/2023\/10\/GIANNI-RIFUGIO-CAPANNA-VALLES.mp3<\/a><\/audio>\n<p>&nbsp;<\/p>\n<blockquote>\n<h3>PERCHE&#8217; ALL&#8217;ITALIA L&#8217;ECCELLENZA NON BASTA<\/h3>\n<\/blockquote>\n<p><strong>FELTRE<\/strong>\u00a0 Oggi\u00a0 a Villa Guarnieri\u00a0 alle 16.00, Paolo Manfredi e il direttore di Confindustria Belluno Dolomiti, Andrea Ferrazzi, discuteranno dell\u2019impatto dell\u2019economia della conoscenza su un territorio considerato di frontiera come il Bellunese.<\/p>\n<p>&nbsp;<\/p>\n<blockquote>\n<h3>RACCONTARE LA TRAGEDIA DEL VAJONT<\/h3>\n<\/blockquote>\n<p><strong>BELLUNO<\/strong> Oggi alle 9:30<b>\u00a0<\/b>la tavola rotonda &#8220;Raccontare la tragedia del Vajont. Da Tina Merlin a Dino Buzzati, tra inchieste, polemiche e memoria&#8221;\u00a0organizzata dall<span style=\"font-family: Arial;\">\u2019Associazione Villa Buzzati S. Pellegrino il Granaio<\/span>\u00a0in collaborazione con il Centro Studi Internazionale Dino Buzzati di Feltre, il Comune di Borgo Valbelluna\u00a0e il contributo del Comune di Longarone e la Fondazione Vajont.<\/p>\n<p>&nbsp;<\/p>\n<p>LA FANFARA CONGEDATI BRIGATA ALPINA CADORE TORNA AD AGORDO. OGGI, ALLE 15.30 CAROSELLO IN PIAZZA LIBERTA\u2019, ALLE 20.30 IL CONCERTO AL PALALUXOTTICA DIRETTO DAL MAESTRO DOMENICO VELLO. INGRESSO GRATUITO, EVENTUALE OFFERTE SARANNO DEVOLUTE ALLA RICOSTRUZIONE DEL TERRITORIO COLPITO DALL\u2019ALLUVIONE IN EMILIA ROMAGNA. LA FANFARA CONGEDATI BRIGATA ALPINA CADORE, IL 7 OTTOBRE AD AGORDO, CON IL GRUPPO ALPINI AGORDO-TAIBON E RIVAMONTE.<\/p>\n<p><strong>\u00a0<\/strong><\/p>\n<div id=\"gallery-1\" class=\"dt-gallery-container gallery galleryid-354999 gallery-columns-3 gallery-size-thumbnail\">\n<dl class=\"gallery-item\">\n<dt class=\"gallery-icon landscape\"><a class=\"rollover rollover-zoom dt-pswp-item pspw-wrap-ready this-ready\" title=\"th\" href=\"https:\/\/www.radiopiu.net\/wordpress\/wp-content\/uploads\/2023\/10\/th.jpg\" data-dt-img-description=\"\" data-large_image_width=\"203\" data-large_image_height=\"114\"><img loading=\"lazy\" decoding=\"async\" class=\"attachment-thumbnail size-thumbnail\" src=\"https:\/\/www.radiopiu.net\/wordpress\/wp-content\/uploads\/2023\/10\/th-150x114.jpg\" alt=\"\" width=\"150\" height=\"114\" \/><i><\/i><\/a><\/dt>\n<\/dl>\n<dl class=\"gallery-item\">\n<dt class=\"gallery-icon landscape\"><a class=\"rollover rollover-zoom dt-pswp-item pspw-wrap-ready this-ready\" title=\"h\" href=\"https:\/\/www.radiopiu.net\/wordpress\/wp-content\/uploads\/2023\/10\/h.jpg\" data-dt-img-description=\"\" data-large_image_width=\"203\" data-large_image_height=\"114\"><img loading=\"lazy\" decoding=\"async\" class=\"attachment-thumbnail size-thumbnail\" src=\"https:\/\/www.radiopiu.net\/wordpress\/wp-content\/uploads\/2023\/10\/h-150x114.jpg\" alt=\"\" width=\"150\" height=\"114\" \/><i><\/i><\/a><\/dt>\n<\/dl>\n<dl class=\"gallery-item\">\n<dt class=\"gallery-icon landscape\"><a class=\"rollover rollover-zoom dt-pswp-item pspw-wrap-ready this-ready\" title=\"3-300x169\" href=\"https:\/\/www.radiopiu.net\/wordpress\/wp-content\/uploads\/2023\/10\/3-300x169-1.jpg\" data-dt-img-description=\"\" data-large_image_width=\"300\" data-large_image_height=\"169\"><img loading=\"lazy\" decoding=\"async\" class=\"attachment-thumbnail size-thumbnail\" src=\"https:\/\/www.radiopiu.net\/wordpress\/wp-content\/uploads\/2023\/10\/3-300x169-1-150x150.jpg\" alt=\"\" width=\"150\" height=\"150\" \/><\/a><\/dt>\n<\/dl>\n<\/div>\n<hr \/>\n<hr \/>\n<hr \/>\n<hr \/>\n<hr \/>\n<hr \/>\n<hr \/>\n<hr \/>\n<hr \/>\n<hr \/>\n<hr \/>\n<hr \/>\n<p>&nbsp;<\/p>\n<p>A Canale d&#8217;Agordo, domani: sfilate, pranzo sotto al tendone, premiazioni, premi a sorteggio musica con Oscar<\/p>\n<p><a class=\"dt-pswp-item\" href=\"https:\/\/www.radiopiu.net\/wordpress\/wp-content\/uploads\/2023\/09\/377708261_637996701838723_408931542616663239_n.jpg\" data-dt-img-description=\"\" data-large_image_width=\"526\" data-large_image_height=\"275\"><img loading=\"lazy\" decoding=\"async\" class=\"size-medium wp-image-354560 aligncenter\" src=\"https:\/\/www.radiopiu.net\/wordpress\/wp-content\/uploads\/2023\/09\/377708261_637996701838723_408931542616663239_n-300x157.jpg\" alt=\"\" width=\"300\" height=\"157\" srcset=\"https:\/\/www.radiopiu.net\/wordpress\/wp-content\/uploads\/2023\/09\/377708261_637996701838723_408931542616663239_n-300x157.jpg 300w, https:\/\/www.radiopiu.net\/wordpress\/wp-content\/uploads\/2023\/09\/377708261_637996701838723_408931542616663239_n.jpg 526w\" sizes=\"auto, (max-width: 300px) 100vw, 300px\" \/><\/a><\/p>\n<p>&nbsp;<\/p>\n<blockquote>\n<h3>AL TEATRO COMUNALE DI BELLUNO SI RICORDA UGO NERI<\/h3>\n<\/blockquote>\n<p><strong><a class=\"dt-pswp-item\" href=\"https:\/\/www.radiopiu.net\/wordpress\/wp-content\/uploads\/2023\/10\/foto-di-ugo-neri.jpg\" data-dt-img-description=\"\" data-large_image_width=\"1536\" data-large_image_height=\"1837\"><img loading=\"lazy\" decoding=\"async\" class=\" wp-image-355222 alignleft\" src=\"https:\/\/www.radiopiu.net\/wordpress\/wp-content\/uploads\/2023\/10\/foto-di-ugo-neri-251x300.jpg\" alt=\"\" width=\"81\" height=\"97\" srcset=\"https:\/\/www.radiopiu.net\/wordpress\/wp-content\/uploads\/2023\/10\/foto-di-ugo-neri-251x300.jpg 251w, https:\/\/www.radiopiu.net\/wordpress\/wp-content\/uploads\/2023\/10\/foto-di-ugo-neri-856x1024.jpg 856w, https:\/\/www.radiopiu.net\/wordpress\/wp-content\/uploads\/2023\/10\/foto-di-ugo-neri-768x919.jpg 768w, https:\/\/www.radiopiu.net\/wordpress\/wp-content\/uploads\/2023\/10\/foto-di-ugo-neri-1284x1536.jpg 1284w, https:\/\/www.radiopiu.net\/wordpress\/wp-content\/uploads\/2023\/10\/foto-di-ugo-neri.jpg 1536w\" sizes=\"auto, (max-width: 81px) 100vw, 81px\" \/><\/a>BELLUNO<\/strong> Agli inizi di ottobre del 1993 la comunit\u00e0 bellunese perdeva una delle sue voci pi\u00f9 amate ed apprezzate, il poeta dialettale Ugo Neri. A trent\u2019anni dalla scomparsa un gruppo di amici e di suoi estimatori, d\u2019intesa con i figli ed i fratelli di Ugo, hanno allestito un recital-concerto che si terr\u00e0 domani alle 21 al Teatro Comunale di Belluno. L\u2019evento \u00e8 stato promosso nell\u2019ambito della rassegna \u201cOltre le vette\u201d con il patrocinio di Comune di Belluno e Fondazione Teatri delle Dolomiti.<\/p>\n<p>&nbsp;<\/p>\n<p>&nbsp;<\/p>\n<hr \/>\n<p>&nbsp;<\/p>\n<blockquote>\n<h3>oggi A FALCADE L&#8217;ULTIMA TAPPA DI ORIENTAMENTO DELLE TERRE ALTE<\/h3>\n<\/blockquote>\n<p><strong><a class=\"dt-pswp-item\" href=\"https:\/\/www.radiopiu.net\/wordpress\/wp-content\/uploads\/2021\/05\/DALLA-PIANA-DI-FALCADE.jpeg\" data-dt-img-description=\"\" data-large_image_width=\"1600\" data-large_image_height=\"1200\"><img loading=\"lazy\" decoding=\"async\" class=\" wp-image-210517 alignleft\" src=\"https:\/\/www.radiopiu.net\/wordpress\/wp-content\/uploads\/2021\/05\/DALLA-PIANA-DI-FALCADE-300x225.jpeg\" alt=\"\" width=\"167\" height=\"125\" srcset=\"https:\/\/www.radiopiu.net\/wordpress\/wp-content\/uploads\/2021\/05\/DALLA-PIANA-DI-FALCADE-300x225.jpeg 300w, https:\/\/www.radiopiu.net\/wordpress\/wp-content\/uploads\/2021\/05\/DALLA-PIANA-DI-FALCADE-1024x768.jpeg 1024w, https:\/\/www.radiopiu.net\/wordpress\/wp-content\/uploads\/2021\/05\/DALLA-PIANA-DI-FALCADE-768x576.jpeg 768w, https:\/\/www.radiopiu.net\/wordpress\/wp-content\/uploads\/2021\/05\/DALLA-PIANA-DI-FALCADE-1536x1152.jpeg 1536w, https:\/\/www.radiopiu.net\/wordpress\/wp-content\/uploads\/2021\/05\/DALLA-PIANA-DI-FALCADE.jpeg 1600w\" sizes=\"auto, (max-width: 167px) 100vw, 167px\" \/><\/a>FALCADE<\/strong><\/p>\n<p>DI GIANNI SANTOMASO<\/p>\n<audio class=\"wp-audio-shortcode\" id=\"audio-355537-15\" preload=\"none\" style=\"width: 100%;\" controls=\"controls\"><source type=\"audio\/mpeg\" src=\"https:\/\/www.radiopiu.net\/wordpress\/wp-content\/uploads\/2023\/10\/GIANNI-DOMANI-A-FALCADE-LULTIMA-TAPPA-DI-ORIENTAMENTO-DELLE-TERRE-ALTE.mp3?_=15\" \/><a href=\"https:\/\/www.radiopiu.net\/wordpress\/wp-content\/uploads\/2023\/10\/GIANNI-DOMANI-A-FALCADE-LULTIMA-TAPPA-DI-ORIENTAMENTO-DELLE-TERRE-ALTE.mp3\">https:\/\/www.radiopiu.net\/wordpress\/wp-content\/uploads\/2023\/10\/GIANNI-DOMANI-A-FALCADE-LULTIMA-TAPPA-DI-ORIENTAMENTO-DELLE-TERRE-ALTE.mp3<\/a><\/audio>\n<p>&nbsp;<\/p>\n<hr \/>\n<p>&nbsp;<\/p>\n<h2><span style=\"color: #ff0000;\">PROSSIMAMENTE&#8230;\u00a0 \u00a0<\/span><\/h2>\n<blockquote>\n<h3>MARTEDI&#8217; IL CONCERTO IN PREFETTURA<\/h3>\n<\/blockquote>\n<p><strong>BELLUNO <\/strong>Si apre nel cinquecentesco Palazzo dei Rettori, ospiti della Prefettura di Belluno, lo <em>Scrigno barocco<\/em> di Fabiano Martignago flauto dolce e Angelica Selmo clavicembalo, marted\u00ec 10 ottobre, alle ore 20:30.<\/p>\n<p>&nbsp;<\/p>\n<blockquote>\n<h3>SERE D&#8217;AUTUNNO<\/h3>\n<p><em><strong><a class=\"dt-pswp-item\" href=\"https:\/\/www.radiopiu.net\/wordpress\/wp-content\/uploads\/2023\/09\/Senza-nome-75.png\" data-dt-img-description=\"\" data-large_image_width=\"478\" data-large_image_height=\"179\"><img loading=\"lazy\" decoding=\"async\" class=\"size-medium wp-image-354485 alignleft\" src=\"https:\/\/www.radiopiu.net\/wordpress\/wp-content\/uploads\/2023\/09\/Senza-nome-75-300x112.png\" alt=\"\" width=\"300\" height=\"112\" srcset=\"https:\/\/www.radiopiu.net\/wordpress\/wp-content\/uploads\/2023\/09\/Senza-nome-75-300x112.png 300w, https:\/\/www.radiopiu.net\/wordpress\/wp-content\/uploads\/2023\/09\/Senza-nome-75.png 478w\" sizes=\"auto, (max-width: 300px) 100vw, 300px\" \/><\/a>SERE D&#8217;AUTUNNO, SERATE DI INCONTRI, DIBATTITI, IMMAGINI FILMATI E MULTIVISIONI. AD AGORDO TUTTI I VENERDI DI OTTOBRE, IN SALA DON TAMIS ALLE 20.45, INGRESSO LIBERO. PRESENTA GIANPAOLO SORATROI.\u00a0<\/strong><\/em><\/p>\n<p>Interessante serie di incontri, dibattiti, proiezioni inerenti al mondo della montagna &#8211; ma non solo &#8211; che si svolgono tutti i venerd\u00ec di ottobre nella prestigiosa e capiente Sala don F. Tamis messaci a disposizione per l\u2019occasione dall\u2019Unione Montana Agordina. Nato nel 2007, quest\u2019anno, raggiunge la 15\u00b0 edizione; i temi trattati durante le serate sono diversi tra loro per offrire una visione della montagna a 360\u00b0. Questa edizione \u00e8 dedicata interamente alle donne con quattro ospiti femminili.<\/p><\/blockquote>\n<p><strong>VENERDI 13 OTTOBRE, ALESSANDRA MASI &#8211; ATMOSFERE E VISIONI DI LUOGHI VICINI E LONTANI una fotografa, un percorso emozionale<\/strong><\/p>\n<p>VENERDI 20 OTTOBRE MARIKA FAVE&#8217; &#8211; SPORT E MONTAGNA, SCELTA DI VITA Marika, maestra di sci e guida alpina<\/p>\n<p>VENERDI 27 OTTOBRE ANGELIKA RAINER, SOGNI VERTICALI. arrampicando su fantasie divenute realt\u00e0<\/p>\n<p>&nbsp;<\/p>\n<blockquote>\n<h3>DAL 13 AL 15 OTTOBRE RIVA L&#8217;OKTOBERFEST A RIVAMONTE<\/h3>\n<\/blockquote>\n<p><strong><a class=\"dt-pswp-item\" href=\"https:\/\/www.radiopiu.net\/wordpress\/wp-content\/uploads\/2023\/10\/30a2544f-ee8d-4a49-ae09-855f2b5d3400.jpg\" data-dt-img-description=\"\" data-large_image_width=\"1131\" data-large_image_height=\"1600\"><img loading=\"lazy\" decoding=\"async\" class=\" wp-image-355102 alignleft\" src=\"https:\/\/www.radiopiu.net\/wordpress\/wp-content\/uploads\/2023\/10\/30a2544f-ee8d-4a49-ae09-855f2b5d3400-212x300.jpg\" alt=\"\" width=\"136\" height=\"192\" srcset=\"https:\/\/www.radiopiu.net\/wordpress\/wp-content\/uploads\/2023\/10\/30a2544f-ee8d-4a49-ae09-855f2b5d3400-212x300.jpg 212w, https:\/\/www.radiopiu.net\/wordpress\/wp-content\/uploads\/2023\/10\/30a2544f-ee8d-4a49-ae09-855f2b5d3400-724x1024.jpg 724w, https:\/\/www.radiopiu.net\/wordpress\/wp-content\/uploads\/2023\/10\/30a2544f-ee8d-4a49-ae09-855f2b5d3400-768x1086.jpg 768w, https:\/\/www.radiopiu.net\/wordpress\/wp-content\/uploads\/2023\/10\/30a2544f-ee8d-4a49-ae09-855f2b5d3400-1086x1536.jpg 1086w, https:\/\/www.radiopiu.net\/wordpress\/wp-content\/uploads\/2023\/10\/30a2544f-ee8d-4a49-ae09-855f2b5d3400.jpg 1131w\" sizes=\"auto, (max-width: 136px) 100vw, 136px\" \/><\/a>RIVAMONTE<\/strong> Torna &#8220;Riva L&#8217;Oktoberfest&#8221; a Rivamonte. L&#8217;Associazione Pro Loco Rivamonte organizza un fine settimana di festa in stile bavarese sotto al tendone. Si inizia venerd\u00ec 13 ottobre. Alle 18 l&#8217;happy hour, dalle 19 apertura dello stand gastronomico e a seguire musica con Spritz Band. Sabato 14 ottobre apertura del tendone alle 17 e alle 19 al via con i piatti tipici bavaresi. Alla sera &#8220;Suona il Fusto&#8221;, ogni volta che finisce un fusto suona la campana e chi sta aspettando la birra riceve un buono pranzo pi\u00f9 birra per la domenica. Alla sera musica con Koa Quintett e dalla mezzanotte DJ Luca. Domenica 15 dalle 10 apertura del tendone e dimostrazione dei lavori di una volta. Alle 12 pranzo con porchetta allo spiedo e piatti bavaresi. Intrattenimento musicale con Letemar Quintett. E&#8217; gradita la presenza in abito tradizionale tirolese.<\/p>\n<p><span style=\"color: #ff0000;\"><strong>l&#8217;intervista di mirko mezzacasa<\/strong><\/span><\/p>\n<p><strong>PUNTATA 3 OTTOBRE &#8211; OKTOBER FEST . Giacomo Bressan presidente Pro loco Rivamonte.<\/strong><\/p>\n<audio class=\"wp-audio-shortcode\" id=\"audio-355537-16\" preload=\"none\" style=\"width: 100%;\" controls=\"controls\"><source type=\"audio\/mpeg\" src=\"https:\/\/www.radiopiu.net\/wordpress\/wp-content\/uploads\/2023\/10\/GIACOMO-BRESSAN.mp3?_=16\" \/><a href=\"https:\/\/www.radiopiu.net\/wordpress\/wp-content\/uploads\/2023\/10\/GIACOMO-BRESSAN.mp3\">https:\/\/www.radiopiu.net\/wordpress\/wp-content\/uploads\/2023\/10\/GIACOMO-BRESSAN.mp3<\/a><\/audio>\n<p>&nbsp;<\/p>\n<p>&nbsp;<\/p>\n<p>&nbsp;<\/p>\n<hr \/>\n<p>&nbsp;<\/p>\n<h3>LE MINIERE DELL&#8217;ALTA VAL DEL MIS<br \/>\nPresentazione del film documentario con l&#8217;introduzione di Manuel Conedera. Sabato 14 ottobre alle 20.30 nella sala conferenze del Polo Culturale di Sedico con Speleo Cai Feltre.<\/h3>\n<p><a class=\"dt-pswp-item\" href=\"https:\/\/www.radiopiu.net\/wordpress\/wp-content\/uploads\/2023\/09\/6cb03d14-50c0-4391-9537-f6e817a51572.jpg\" data-dt-img-description=\"\" data-large_image_width=\"1132\" data-large_image_height=\"1600\"><img loading=\"lazy\" decoding=\"async\" class=\"size-medium wp-image-354501 aligncenter\" src=\"https:\/\/www.radiopiu.net\/wordpress\/wp-content\/uploads\/2023\/09\/6cb03d14-50c0-4391-9537-f6e817a51572-212x300.jpg\" alt=\"\" width=\"212\" height=\"300\" srcset=\"https:\/\/www.radiopiu.net\/wordpress\/wp-content\/uploads\/2023\/09\/6cb03d14-50c0-4391-9537-f6e817a51572-212x300.jpg 212w, https:\/\/www.radiopiu.net\/wordpress\/wp-content\/uploads\/2023\/09\/6cb03d14-50c0-4391-9537-f6e817a51572-724x1024.jpg 724w, https:\/\/www.radiopiu.net\/wordpress\/wp-content\/uploads\/2023\/09\/6cb03d14-50c0-4391-9537-f6e817a51572-768x1086.jpg 768w, https:\/\/www.radiopiu.net\/wordpress\/wp-content\/uploads\/2023\/09\/6cb03d14-50c0-4391-9537-f6e817a51572-1087x1536.jpg 1087w, https:\/\/www.radiopiu.net\/wordpress\/wp-content\/uploads\/2023\/09\/6cb03d14-50c0-4391-9537-f6e817a51572.jpg 1132w\" sizes=\"auto, (max-width: 212px) 100vw, 212px\" \/><\/a><\/p>\n<p>&nbsp;<\/p>\n<p>&nbsp;<\/p>\n<p>GALA&#8217; BOLLICINA, QUARTA EDIZIONE. DOMENICA 22 OTTOBRE DALLE 11 ALLE 17 AL NOF FILO&#8217; DI CENCENIGHE. OSPITE D&#8217;ONORE IL SOMMELIER PLURIPREMIATO, LUCA GARDINI, MIGLIOR SOMMELIER AL MONDO 2020 E OGGI AMBASCIATORE DEL METODO CLASSICO. UN EVENTO &#8220;OH PER BACCO, VINI E SAPORI DELLE DOLOMITI.<br \/>\nGALA&#8217; BOLLICINA, DOMENICA 22 OTTOBRE DALLE 11 ALLE 17 AL NOF FILO&#8217; DI CENCENIGHE: 80 BOLLICINE IN DEGUSTAZIONE, 60 AZIENDE PRESENTI, CICCHETTERIA OH PER BACCO, FINGER FOOD E CUCINA &#8220;COSTA&#8221; (o chiusa, come costicina). diretta su radio piu&#8217; E DALLE 17 ALL&#8217;OH PER BACCO AFTER PARTY CON MORGAN DJ info 348 2779135<\/p>\n<p>&nbsp;<\/p>\n<p><a class=\"dt-pswp-item\" href=\"https:\/\/www.radiopiu.net\/wordpress\/wp-content\/uploads\/2023\/09\/880aa720-47e8-48f2-a5b8-7382d84557b2.jpg\" data-dt-img-description=\"\" data-large_image_width=\"1080\" data-large_image_height=\"1533\"><img loading=\"lazy\" decoding=\"async\" class=\"size-medium wp-image-353010 aligncenter\" src=\"https:\/\/www.radiopiu.net\/wordpress\/wp-content\/uploads\/2023\/09\/880aa720-47e8-48f2-a5b8-7382d84557b2-211x300.jpg\" alt=\"\" width=\"211\" height=\"300\" srcset=\"https:\/\/www.radiopiu.net\/wordpress\/wp-content\/uploads\/2023\/09\/880aa720-47e8-48f2-a5b8-7382d84557b2-211x300.jpg 211w, https:\/\/www.radiopiu.net\/wordpress\/wp-content\/uploads\/2023\/09\/880aa720-47e8-48f2-a5b8-7382d84557b2-721x1024.jpg 721w, https:\/\/www.radiopiu.net\/wordpress\/wp-content\/uploads\/2023\/09\/880aa720-47e8-48f2-a5b8-7382d84557b2-768x1090.jpg 768w, https:\/\/www.radiopiu.net\/wordpress\/wp-content\/uploads\/2023\/09\/880aa720-47e8-48f2-a5b8-7382d84557b2.jpg 1080w\" sizes=\"auto, (max-width: 211px) 100vw, 211px\" \/><\/a><\/p>\n<p>&nbsp;<\/p>\n<h2><\/h2>\n<h2><strong><a class=\"dt-pswp-item\" href=\"https:\/\/www.radiopiu.net\/wordpress\/wp-content\/uploads\/2023\/09\/db8bfdca-6229-438e-95d5-3e4f5f945da0.jpg\" data-dt-img-description=\"\" data-large_image_width=\"1599\" data-large_image_height=\"1187\"><img loading=\"lazy\" decoding=\"async\" class=\" wp-image-354438 alignleft\" src=\"https:\/\/www.radiopiu.net\/wordpress\/wp-content\/uploads\/2023\/09\/db8bfdca-6229-438e-95d5-3e4f5f945da0-300x223.jpg\" alt=\"\" width=\"180\" height=\"134\" srcset=\"https:\/\/www.radiopiu.net\/wordpress\/wp-content\/uploads\/2023\/09\/db8bfdca-6229-438e-95d5-3e4f5f945da0-300x223.jpg 300w, https:\/\/www.radiopiu.net\/wordpress\/wp-content\/uploads\/2023\/09\/db8bfdca-6229-438e-95d5-3e4f5f945da0-1024x760.jpg 1024w, https:\/\/www.radiopiu.net\/wordpress\/wp-content\/uploads\/2023\/09\/db8bfdca-6229-438e-95d5-3e4f5f945da0-768x570.jpg 768w, https:\/\/www.radiopiu.net\/wordpress\/wp-content\/uploads\/2023\/09\/db8bfdca-6229-438e-95d5-3e4f5f945da0-1536x1140.jpg 1536w, https:\/\/www.radiopiu.net\/wordpress\/wp-content\/uploads\/2023\/09\/db8bfdca-6229-438e-95d5-3e4f5f945da0.jpg 1599w\" sizes=\"auto, (max-width: 180px) 100vw, 180px\" \/><\/a><span style=\"color: #339966;\">100 DI QUESTI GIORNI: LA FESTA A VILLA SAN GIUSEPPE DI LIVINALLONGO DEL COL DI LANA<\/span><\/strong><\/h2>\n<p><strong>LIVINALLONGO<\/strong> Grande festa a Villa San Giuseppe di Livinallongo. Sabato 14 ottobre sar\u00e0 un lungo pomeriggio tra cultura, musica e convivialit\u00e0. Ad aprire l&#8217;evento l&#8217;intervista a Manolo, Maurizio Zanolla si racconter\u00e0 al pubblico. Dalle 18 la musica dei Tirataie e alle 19 l&#8217;apricena con piatti tipici.<\/p>\n<p><strong>L&#8217;INTERVISTA ALLA RADIO<\/strong><\/p>\n<audio class=\"wp-audio-shortcode\" id=\"audio-355537-17\" preload=\"none\" style=\"width: 100%;\" controls=\"controls\"><source type=\"audio\/mpeg\" src=\"https:\/\/www.radiopiu.net\/wordpress\/wp-content\/uploads\/2023\/06\/CENTO-DI-QUESTI-GIORNI-14-OTTOBRE.mp3?_=17\" \/><a href=\"https:\/\/www.radiopiu.net\/wordpress\/wp-content\/uploads\/2023\/06\/CENTO-DI-QUESTI-GIORNI-14-OTTOBRE.mp3\">https:\/\/www.radiopiu.net\/wordpress\/wp-content\/uploads\/2023\/06\/CENTO-DI-QUESTI-GIORNI-14-OTTOBRE.mp3<\/a><\/audio>\n<p>&nbsp;<\/p>\n<blockquote>\n<h3>GLI APPUNTAMENTI CON LA PRO LOCO CASTIONESE<\/h3>\n<\/blockquote>\n<p><strong><a class=\"dt-pswp-item\" href=\"https:\/\/www.radiopiu.net\/wordpress\/wp-content\/uploads\/2023\/10\/th-1-1.jpg\" data-dt-img-description=\"\" data-large_image_width=\"220\" data-large_image_height=\"165\"><img loading=\"lazy\" decoding=\"async\" class=\" wp-image-355483 alignleft\" src=\"https:\/\/www.radiopiu.net\/wordpress\/wp-content\/uploads\/2023\/10\/th-1-1.jpg\" alt=\"\" width=\"156\" height=\"117\" \/><\/a>SABATO\u00a014 E\u00a0DOMENICA 15 OTTOBRE &#8211; 24 ORE DI SAN MARTINO <\/strong>La corsa su pista pi\u00f9 antica d&#8217;Italia si rinnova e riaccende i riflettori<\/p>\n<p><strong>SABATO 21 OTTOBRE 2023\u00a0 &#8211; BELLUNO A FERRO E FUOCO <\/strong>Terza edizione per la rassegna &#8220;Veneto\u00a0 Spettacoli di Mistero&#8221; promossa dall&#8217;Unpli e sostenuta dalla Regione Veneto, denominata quest&#8217;anno &#8220;Belluno a ferro e fuoco&#8221;. Si parler\u00e0 di ferro, di fuoco, di spade, di santi protettori&#8230; tutto all&#8217;interno della magica cornice del centro storico di Belluno, Citt\u00e0 Splendente. Una passeggiata negli angoli pi\u00f9 suggestivi di Belluno, dove si potranno incontrare mangiafuoco, santi, fabbricanti di spade, dolci fanciulle, commercianti di spade&#8230;.Sette tappe, con partenza dalla meravigliosa Piazza Duomo e ritorno nella suggestiva Piazza delle Erbe dove insieme si potr\u00e0 degustare uno squisito banchetto. Ci saranno cinque gruppi che partiranno in orari diversi: 17.30, 17.50, 18.10, 18.30, 18.50. Durante il tragitto si potr\u00e0 sostare per degustare una prelibata bevanda&#8230; e molte altre sorprese.<\/p>\n<p><strong>DAL 28 OTTOBRE PER 5 APPUNTAMENTI &#8211; RASSEGNA TEATRALE CINQUE VIE\u00a0 &#8211; XIV EDIZIONE<\/strong><strong>, <\/strong><strong>TEATRO SAN GAETANO <\/strong>Cinque spettacoli, cinque percorsi emotivi, cinque vie diverse da attraversare e ad ogni via sentirsi pi\u00f9 \u201cricchi\u201d di prima. Alla XIV edizione &#8220;manteniamo la rotta&#8221; in direzione del teatro &#8220;scomodo&#8221;, per generare emozioni, confronti e riflessioni. 5 Vie tra i sogni di un grande alpinista, tra i pensieri nascosti e troppo spesso malati dei giovani, tra l&#8217;incantevole grazia di un mondo al femminile, tra la visione del male agli occhi di un&#8217;anima candida e tra le seducenti ma terribili azioni di una intramontabile Lady Macbeth.<\/p>\n<p>PER INFORMAZIONI <a href=\"mailto:info@prolocopievecastionese.it\">info@prolocopievecastionese.it<\/a><\/p>\n<blockquote>\n<h3>IN VAL ROSANDRA CON IL CAI DI BELLUNO<\/h3>\n<\/blockquote>\n<p><strong>BELLUNO <\/strong>La sezione CAI di Belluno organizza una gita aperta a tutti per domenica 29 ottobre in VAL ROSANDRA. L\u2019escursione alla nota ma poco conosciuta Val Rosandra si svilupper\u00e0 partendo dalla chiesetta di S.Lorenzo per scendere sul fondo della valle e risalire verso il punto centrale e molto panoramico dove \u00e8 stato collocato il cippo a memoria di Comici, il pi\u00f9 famoso degli alpinisti triestini. Per informazioni e iscrizioni <a href=\"http:\/\/www.caibelluno.it\">www.caibelluno.it<\/a><\/p>\n<p>&nbsp;<\/p>\n<p>&nbsp;<\/p>\n<hr \/>\n<p>&nbsp;<\/p>\n<blockquote>\n<h3>IL CERVO IN AMORE RIPRESO DA VICINO NEL VIDEO DI MARIO DE MARCO<\/h3>\n<\/blockquote>\n<p><strong><a class=\"dt-pswp-item\" href=\"https:\/\/www.radiopiu.net\/wordpress\/wp-content\/uploads\/2023\/10\/a7810685-d524-42e1-8e2b-dc754c908200.jpg\" data-dt-img-description=\"\" data-large_image_width=\"1600\" data-large_image_height=\"1066\"><img loading=\"lazy\" decoding=\"async\" class=\" wp-image-355690 alignleft\" src=\"https:\/\/www.radiopiu.net\/wordpress\/wp-content\/uploads\/2023\/10\/a7810685-d524-42e1-8e2b-dc754c908200-300x200.jpg\" alt=\"\" width=\"210\" height=\"140\" srcset=\"https:\/\/www.radiopiu.net\/wordpress\/wp-content\/uploads\/2023\/10\/a7810685-d524-42e1-8e2b-dc754c908200-300x200.jpg 300w, https:\/\/www.radiopiu.net\/wordpress\/wp-content\/uploads\/2023\/10\/a7810685-d524-42e1-8e2b-dc754c908200-1024x682.jpg 1024w, https:\/\/www.radiopiu.net\/wordpress\/wp-content\/uploads\/2023\/10\/a7810685-d524-42e1-8e2b-dc754c908200-768x512.jpg 768w, https:\/\/www.radiopiu.net\/wordpress\/wp-content\/uploads\/2023\/10\/a7810685-d524-42e1-8e2b-dc754c908200-1536x1023.jpg 1536w, https:\/\/www.radiopiu.net\/wordpress\/wp-content\/uploads\/2023\/10\/a7810685-d524-42e1-8e2b-dc754c908200.jpg 1600w\" sizes=\"auto, (max-width: 210px) 100vw, 210px\" \/><\/a>REDAZIONE<\/strong> Ancora qualche giorno e il periodo del bramito del cervo per quest&#8217;anno finir\u00e0 . Per i veri amanti della natura sono momenti unici da vivere in simbiosi con questi splendidi abitanti delle nostre valli.. Bello vedere che in questi meravigliosi nostri luoghi ci sia ancora un angolo selvaggio testimone di una natura che fu. Il video \u00e8 stato gentilmente concesso da Mario De Marco che ha ripreso l&#8217;animale nella sua scampagnata dopo lavoro.<\/p>\n<p>&nbsp;<\/p>\n<p>&nbsp;<\/p>\n<p><strong>IL VIDEO DI MARIO DE MARCO<\/strong><\/p>\n<p><iframe loading=\"lazy\" title=\"IL BRAMITO DEL CERVO - VIDEO MARIO DE MARCO\" width=\"1200\" height=\"675\" src=\"https:\/\/www.youtube.com\/embed\/5d5DjFFSO3I?feature=oembed\" frameborder=\"0\" allow=\"accelerometer; autoplay; clipboard-write; encrypted-media; gyroscope; picture-in-picture; web-share\" allowfullscreen><\/iframe><\/p>\n<p>&nbsp;<\/p>\n<hr \/>\n<p>&nbsp;<\/p>\n<blockquote class=\"wp-embedded-content\" data-secret=\"rsolqtDPuW\"><p><a href=\"https:\/\/www.radiopiu.net\/wordpress\/sui-domini-collettivi-ossia-i-cosiddetti-usi-civici-le-regole-altri-decima-parte\/\">SUI DOMINI COLLETTIVI OSSIA I COSIDDETTI USI CIVICI, LE REGOLE &#038; ALTRI \u2013 DECIMA PARTE &#8211; VIABILITA&#8217; SILVO PASTORALE<\/a><\/p><\/blockquote>\n<p><iframe loading=\"lazy\" class=\"wp-embedded-content\" sandbox=\"allow-scripts\" security=\"restricted\" style=\"position: absolute; clip: rect(1px, 1px, 1px, 1px);\" title=\"&#8220;SUI DOMINI COLLETTIVI OSSIA I COSIDDETTI USI CIVICI, LE REGOLE &#038; ALTRI \u2013 DECIMA PARTE &#8211; VIABILITA&#8217; SILVO PASTORALE&#8221; &#8212; Radio Pi\u00f9\" src=\"https:\/\/www.radiopiu.net\/wordpress\/sui-domini-collettivi-ossia-i-cosiddetti-usi-civici-le-regole-altri-decima-parte\/embed\/#?secret=JLU58iOSlh#?secret=rsolqtDPuW\" data-secret=\"rsolqtDPuW\" width=\"600\" height=\"338\" frameborder=\"0\" marginwidth=\"0\" marginheight=\"0\" scrolling=\"no\"><\/iframe><\/p>\n<p>&nbsp;<\/p>\n<hr \/>\n<p>&nbsp;<\/p>\n<div class=\"message spoilers-container\" dir=\"auto\">\n<div class=\"column\">\n<div class=\"message spoilers-container\" dir=\"auto\">\n<div class=\"column\">\n<p><img loading=\"lazy\" decoding=\"async\" class=\"aligncenter wp-image-61954 size-full\" src=\"https:\/\/www.radiopiu.net\/wordpress\/wp-content\/uploads\/2018\/09\/viabilita.jpeg\" sizes=\"auto, (max-width: 800px) 100vw, 800px\" srcset=\"https:\/\/www.radiopiu.net\/wordpress\/wp-content\/uploads\/2018\/09\/viabilita.jpeg 800w, https:\/\/www.radiopiu.net\/wordpress\/wp-content\/uploads\/2018\/09\/viabilita-300x38.jpeg 300w, https:\/\/www.radiopiu.net\/wordpress\/wp-content\/uploads\/2018\/09\/viabilita-768x96.jpeg 768w\" alt=\"\" width=\"800\" height=\"100\" \/><\/p>\n<\/div>\n<\/div>\n<div class=\"message spoilers-container\" dir=\"auto\">\n<div class=\"column\">\n<p>&nbsp;<\/p>\n<\/div>\n<\/div>\n<\/div>\n<\/div>\n<blockquote class=\"wp-embedded-content\" data-secret=\"DeJqXAkP0N\"><p><a href=\"https:\/\/www.radiopiu.net\/wordpress\/viabilita\/\">viabilita<\/a><\/p><\/blockquote>\n<p><iframe loading=\"lazy\" class=\"wp-embedded-content\" sandbox=\"allow-scripts\" security=\"restricted\" style=\"position: absolute; clip: rect(1px, 1px, 1px, 1px);\" title=\"&#8220;viabilita&#8221; &#8212; Radio Pi\u00f9\" src=\"https:\/\/www.radiopiu.net\/wordpress\/viabilita\/embed\/#?secret=FMNMFHOSK7#?secret=DeJqXAkP0N\" data-secret=\"DeJqXAkP0N\" width=\"600\" height=\"338\" frameborder=\"0\" marginwidth=\"0\" marginheight=\"0\" scrolling=\"no\"><\/iframe><\/p>\n<div class=\"message spoilers-container\" dir=\"auto\">\n<div class=\"column\">\n<div class=\"message spoilers-container\" dir=\"auto\">\n<div class=\"column\">\n<div>\n<div dir=\"ltr\">\n<div class=\"gmail_quote\">\n<div dir=\"ltr\">\n<div><\/div>\n<div><\/div>\n<div><\/div>\n<\/div>\n<\/div>\n<\/div>\n<\/div>\n<hr \/>\n<p>&nbsp;<\/p>\n<p><a class=\"dt-pswp-item\" href=\"https:\/\/www.radiopiu.net\/wordpress\/wp-content\/uploads\/2018\/09\/WhatsApp-Image-2018-09-20-at-16.04.06.jpeg\" data-dt-img-description=\"\" data-large_image_width=\"800\" data-large_image_height=\"100\"><img loading=\"lazy\" decoding=\"async\" class=\"wp-image-61378 size-full aligncenter\" src=\"https:\/\/www.radiopiu.net\/wordpress\/wp-content\/uploads\/2018\/09\/WhatsApp-Image-2018-09-20-at-16.04.06.jpeg\" alt=\"\" width=\"800\" height=\"100\" srcset=\"https:\/\/www.radiopiu.net\/wordpress\/wp-content\/uploads\/2018\/09\/WhatsApp-Image-2018-09-20-at-16.04.06.jpeg 800w, https:\/\/www.radiopiu.net\/wordpress\/wp-content\/uploads\/2018\/09\/WhatsApp-Image-2018-09-20-at-16.04.06-300x38.jpeg 300w, https:\/\/www.radiopiu.net\/wordpress\/wp-content\/uploads\/2018\/09\/WhatsApp-Image-2018-09-20-at-16.04.06-768x96.jpeg 768w\" sizes=\"auto, (max-width: 800px) 100vw, 800px\" \/><\/a><\/p>\n<\/div>\n<\/div>\n<p>&nbsp;<\/p>\n<\/div>\n<\/div>\n<div id=\"dolomitimeteo_div_testi\">\n<p><strong>OGGI<\/strong> \u00a0Stupenda giornata autunnale con sole e cielo terso per gran parte del giorno. Non escluso il sopraggiungere di nubi alte in arrivo da nord alla sera. In questo contesto l&#8217;unica insidia sar\u00e0 la presenza di foschie o locali nebbie durante le ore pi\u00f9 fredde tra conche e altopiani prealpini. Forte escursione termica giornaliera nelle valli con contesto fresco di notte e assai mite di giorno.<br \/>\nPrecipitazioni: Assenti. Temperature: In generale aumento<\/p>\n<p><strong>DOMANI\u00a0<\/strong> \u00a0Sole e cielo sereno al mattino, mentre nubi alte e medio-alte stratiformi giungeranno da nord dal primo pomeriggio in poi, dapprima sulle Dolomiti, dove il cielo si coprir\u00e0 del tutto per nuvolosit\u00e0 media stratiforme, successivamente anche sulle Prealpi. In alta quota l&#8217;atmosfera, gi\u00e0 ventosa al mattino, diventer\u00e0 molto ventosa, mentre condizioni di lieve favonio potrebbero essere avvertite nelle valli al pomeriggio\/sera. Precipitazioni: Assenti. Temperature: In alta quota in generale lieve diminuzione con minime osservate alla sera.<\/p>\n<p><strong>LUNEDI<\/strong> Solo parzialmente soleggiato per annuvolamenti irregolari sia per nubi alte stratiformi che per crescenti stratocumuli a ridosso dei rilievi. Temperature minime in rialzo; massime in calo, in maniera pi\u00f9 sensibile nelle valli. Venti perlopi\u00f9 deboli di direzione variabile nelle valli, localmente moderati per residuo Foehn tra la notte e il mattino. In quota tra la notte e parte del mattino tesi da nord nord-ovest, a tratti forti sopra i 2500 m, in seguito andranno scemando gradualmente.<\/p>\n<p><strong> MARTEDI\u00a0<\/strong> Nella notte nuvolosit\u00e0 medio-alta, in attenuazione nel corso del mattino fino a lasciare spazio a condizioni di tempo buono con graduale ritorno del sole al pomeriggio. Temperature minime in rialzo in quota e stazionarie nelle valli; massime in leggera ripresa.<\/p>\n<\/div>\n<p>&nbsp;<\/p>\n<div class=\"message spoilers-container\" dir=\"auto\">\n<hr \/>\n<p>&nbsp;<\/p>\n<p><img loading=\"lazy\" decoding=\"async\" class=\"wp-image-60761 size-full aligncenter\" src=\"https:\/\/www.radiopiu.net\/wordpress\/wp-content\/uploads\/2018\/09\/sport.jpg\" alt=\"\" width=\"800\" height=\"100\" srcset=\"https:\/\/www.radiopiu.net\/wordpress\/wp-content\/uploads\/2018\/09\/sport.jpg 800w, https:\/\/www.radiopiu.net\/wordpress\/wp-content\/uploads\/2018\/09\/sport-300x38.jpg 300w, https:\/\/www.radiopiu.net\/wordpress\/wp-content\/uploads\/2018\/09\/sport-768x96.jpg 768w\" sizes=\"auto, (max-width: 800px) 100vw, 800px\" \/><\/p>\n<p>&nbsp;<\/p>\n<p><span style=\"color: #0000ff;\"><strong>CALCIO<\/strong><\/span><\/p>\n<blockquote>\n<h3>AGORDINA CONTRO L&#8217;ALPES CESIO. IL PIAVE ASPETTA IL TAMBRE<\/h3>\n<\/blockquote>\n<p><strong><a class=\"dt-pswp-item\" href=\"https:\/\/www.radiopiu.net\/wordpress\/wp-content\/uploads\/2019\/01\/CALCIO-GOL.jpg\" data-dt-img-description=\"\" data-large_image_width=\"800\" data-large_image_height=\"400\"><img loading=\"lazy\" decoding=\"async\" class=\" wp-image-73083 alignleft\" src=\"https:\/\/www.radiopiu.net\/wordpress\/wp-content\/uploads\/2019\/01\/CALCIO-GOL-300x150.jpg\" alt=\"\" width=\"188\" height=\"94\" srcset=\"https:\/\/www.radiopiu.net\/wordpress\/wp-content\/uploads\/2019\/01\/CALCIO-GOL-300x150.jpg 300w, https:\/\/www.radiopiu.net\/wordpress\/wp-content\/uploads\/2019\/01\/CALCIO-GOL-768x384.jpg 768w, https:\/\/www.radiopiu.net\/wordpress\/wp-content\/uploads\/2019\/01\/CALCIO-GOL.jpg 800w\" sizes=\"auto, (max-width: 188px) 100vw, 188px\" \/><\/a>di Marco Gaz<\/strong><\/p>\n<p><strong>REDAZIONE<\/strong> Proseguono i campionati provinciali LND della provincia di Belluno e anche questo fine settimana le varie squadre dell\u2019Agordina Calcio saranno impegnate sui campi provinciali, dalle giovanili alla prima squadra. Oggi in programma due partite del settore giovanile. Alle 15:30 scenderanno in campo i ragazzi della Juniores che dopo un inizio di campionato perfetto proveranno a confermarsi anche questo weekend. All\u2019Ivano Dorigo di Agordo la squadra di De Zaiacomo ospiteranno i trevigiani del Codogn\u00e8. Sempre oggi pomeriggio in campo anche i Giovanissimi provinciali. Due le formazioni iscritte al campionato. La squadra A giocher\u00e0 alla Bombonera di Cencenighe e si trover\u00e0 di fronte la Plavis squadra B. Giornata di riposo per la squadra B dell\u2019Agordina che torner\u00e0 in campo tra sette giorni. Domani mattina tornano a giocare anche gli Allievi di Renato Orzetti. Ad Agordo arriva il Valbelluna, calcio d\u2019inizio alle 10. Nel pomeriggio prima trasferta per la prima squadra allenata da Chiea. L\u2019Agordina sar\u00e0 a Cesiomaggiore per affrontare l\u2019Alpes Cesio. Big match della terza categoria con gli agordini costretti a vincere per conquistare la prima posizione della classifica. Infatti l\u2019Alpes Cesio \u00e8 l\u2019unica squadra imbattuta del girone bellunesee si prospetta una sfida molto combattuta. Sempre per la terza categoria in campo anche il Piave che giocher\u00e0 in casa con il Tambre. Le partite inizieranno alle 15:30.<\/p>\n<p><strong>ANDREA BALDASSI PORTAVOCE DEL PIAVE CALCIO<\/strong><\/p>\n<audio class=\"wp-audio-shortcode\" id=\"audio-355537-18\" preload=\"none\" style=\"width: 100%;\" controls=\"controls\"><source type=\"audio\/mpeg\" src=\"https:\/\/www.radiopiu.net\/wordpress\/wp-content\/uploads\/2023\/10\/BALDAAAAAA.mp3?_=18\" \/><a href=\"https:\/\/www.radiopiu.net\/wordpress\/wp-content\/uploads\/2023\/10\/BALDAAAAAA.mp3\">https:\/\/www.radiopiu.net\/wordpress\/wp-content\/uploads\/2023\/10\/BALDAAAAAA.mp3<\/a><\/audio>\n<p>&nbsp;<\/p>\n<p><span style=\"color: #0000ff;\"><strong>HOCKEY SU GHIACCIO<\/strong><\/span><\/p>\n<blockquote>\n<h3>IL FINLANDESE JUHO MAKELA RINFORZA L\u2019ATTACCO DELL\u2019ALLEGHE<\/h3>\n<\/blockquote>\n<p><strong><a class=\"dt-pswp-item\" href=\"https:\/\/www.radiopiu.net\/wordpress\/wp-content\/uploads\/2023\/10\/5256bf00-9a5b-4833-8baa-5ec342bec93a.jpg\" data-dt-img-description=\"\" data-large_image_width=\"799\" data-large_image_height=\"454\"><img loading=\"lazy\" decoding=\"async\" class=\" wp-image-355703 alignleft\" src=\"https:\/\/www.radiopiu.net\/wordpress\/wp-content\/uploads\/2023\/10\/5256bf00-9a5b-4833-8baa-5ec342bec93a-300x170.jpg\" alt=\"\" width=\"203\" height=\"115\" srcset=\"https:\/\/www.radiopiu.net\/wordpress\/wp-content\/uploads\/2023\/10\/5256bf00-9a5b-4833-8baa-5ec342bec93a-300x170.jpg 300w, https:\/\/www.radiopiu.net\/wordpress\/wp-content\/uploads\/2023\/10\/5256bf00-9a5b-4833-8baa-5ec342bec93a-768x436.jpg 768w, https:\/\/www.radiopiu.net\/wordpress\/wp-content\/uploads\/2023\/10\/5256bf00-9a5b-4833-8baa-5ec342bec93a.jpg 799w\" sizes=\"auto, (max-width: 203px) 100vw, 203px\" \/><\/a>di Roberto Miana, portavoce dell&#8217;Alleghe Hockey<\/strong><\/p>\n<p>L\u2019Alleghe hockey annuncia con grande piacere che sar\u00e0 Juho M\u00e4kel\u00e4 il secondo straniero delle Civette. Nativo della citt\u00e0 finlandese di Huittinen, classe 1996, \u00e8 un attaccante di 180 centimetri per quasi 90 kg, che pu\u00f2 giocare sia ala sinistra che centro. Ha formato la sua carriera hockeistica in Finlandia, giocando per quattro anni nel Tuto Hockey, nella Mestis, la seconda lega finlandese, dove ha totalizzato 187 presenze con 33 reti e 41 assist. Uscito dai confini nazionali nella stagione 2021\/2022 si \u00e8 accasato nell\u2019Anglet, nella Ligue Magnus, il massimo campionato francese, dove ha realizzato 6 reti e 11 assist in 33 gare. Nell\u2019ultima stagione, nel campionato polacco, ha indossato la maglia dell\u2019STS Sanok, rendendosi protagonista di 8 reti e 6 assist in 40 partite. Il direttore sportivo di una delle sue ex squadre lo ha cos\u00ec descritto: \u201cJuho \u00e8 un giocatore che lavora molto per la squadra ed \u00e8 sempre pronto ad aiutare i compagni. Usa tanto il fisico, non disdegnando i contrasti, ha un gioco potente e sa rendersi pericoloso sottoporta\u201d. La Societ\u00e0 Alleghese ringrazia doverosamente l\u2019agente Davide De Bona e il nostro direttore sportivo Manuel Da Tos che, con un grande lavoro, hanno permesso il buon esito dell\u2019operazione, riuscendo cos\u00ec a portare Juho ad Alleghe. Benvenuto ad Alleghe Juho! Tervetuloa Juho!<\/p>\n<p>(foto: tutohockey.fi)<\/p>\n<p>https:\/\/youtu.be\/QsMg8hDkaSM?si=e_wtz9dBn0QVD3xT<\/p>\n<p>&nbsp;<\/p>\n<blockquote>\n<h3 class=\"entry-title\">ALLEGHE A CALDARO PER LA QUARTA GIORNATA DI IHL<\/h3>\n<\/blockquote>\n<p><strong class=\"photoswipe-wrapper\"><a class=\"dt-pswp-item pspw-wrap-ready\" href=\"https:\/\/www.radiopiu.net\/wordpress\/wp-content\/uploads\/2023\/10\/9da5cf1c-5c96-4e7b-b7b0-8ac8ac174db6.jpeg\" data-dt-img-description=\"\" data-large_image_width=\"1024\" data-large_image_height=\"685\"><img loading=\"lazy\" decoding=\"async\" class=\"size-medium wp-image-355601 alignleft\" src=\"https:\/\/www.radiopiu.net\/wordpress\/wp-content\/uploads\/2023\/10\/9da5cf1c-5c96-4e7b-b7b0-8ac8ac174db6-300x201.jpeg\" sizes=\"auto, (max-width: 300px) 100vw, 300px\" srcset=\"https:\/\/www.radiopiu.net\/wordpress\/wp-content\/uploads\/2023\/10\/9da5cf1c-5c96-4e7b-b7b0-8ac8ac174db6-300x201.jpeg 300w, https:\/\/www.radiopiu.net\/wordpress\/wp-content\/uploads\/2023\/10\/9da5cf1c-5c96-4e7b-b7b0-8ac8ac174db6-768x514.jpeg 768w, https:\/\/www.radiopiu.net\/wordpress\/wp-content\/uploads\/2023\/10\/9da5cf1c-5c96-4e7b-b7b0-8ac8ac174db6.jpeg 1024w\" alt=\"\" width=\"300\" height=\"201\" \/><\/a>di Roberto Miana, portavoce dell\u2019Alleghe Hockey\u00a0<\/strong><\/p>\n<p>Quarta giornata del campionato di Italian Hockey League 2023\/2024. Sabato 7 ottobre alle 19:30 l\u2019Alleghe gioca alla Raiffeisen Arena di Caldaro. Le Civette sono reduci dalla prima vittoria stagionale in campionato, con un perentorio 5-0 sul Como che ha visto quasi sempre i Biancorossi in controllo e serata relativamente tranquilla per Scola. Match in crescendo per gli Alleghesi, passati in vantaggio nel primo parziale con Francesco Soppelsa e che hanno trovato il raddoppiato nel secondo drittel con Gabriel Vinatzer. Nel terzo tempo \u00e8 salito in cattedra Nicolai Zherdev che, prima in un face to face con il portiere lariano manda il puck a lato di poco, poi colpisce clamorosamente una traversa e infine mette a segno la sua prima marcatura in biancorosso, seguita poi da quelle di Simon Vinatzer e a chiudere il tabellino Marwin Martini, che ha abilmente messo in rete uno stupendo assist ancora di Zherdev, che ha timbrato la gara con una rete e due assist, esattamente come Gabriel Vinatzer e Marwin Martini. Partita dei biancorossi meno brillante rispetto alle due precedenti con Varese e Pergine, nella quale si \u00e8 fatta un po\u2019 sentire nelle gambe dei giocatori la stanchezza, per la terza gara disputata in una settimana. Ex di lusso dell\u2019incontro i tre fratelli Vinatzer: Gabriel, Andreas e Simon che, passati in questa stagione a vestire la casacca biancorossa, stanno destando ottime impressioni sotto il Civetta. Il Caldaro \u00e8 capoclassifica dopo le prime tre giornate, nelle quali ha ottenuto solo vittorie contro Valpellice, Dobbiaco e Feltreghiaccio. Miglior difesa (come il Varese) con sole due reti al passivo ed il proprio goalie Alexander Andergassen con il 96,1% di parate. In fase offensiva, per la quarta stagione consecutiva, c\u2019\u00e8 l\u2019inossidabile quarantenne finlandese Teemu Virtala, gi\u00e0 protagonista nelle prime giornate con 1 gol e 5 assistenze per i compagni e il ventiduenne bolzanino Moritz Selva, miglior realizzatore della squadra con 3 reti in altrettante gare. Nonostante i finalisti della passata stagione abbiano cambiato alcuni giocatori, restano sempre una delle accreditate alla vittoria finale. Dalla stagione 2015\/2016, da quando Alleghe e Caldaro si affrontano nel campionato di serie B di hockey su ghiaccio (IHL), le Civette hanno incrociato le stecche con i Lucci 20 volte. Il bilancio generale conta 5 vittorie Alleghesi e 15 dei Basso Atesini. Se prendiamo in considerazione le sole gare disputate alla Raiffeisen Arena di Caldaro, nelle 10 sfide si sono registrati 7 successi dei padroni di casa e 3 degli Agordini. Nell\u2019ultima gara giocata in Alto Adige, il 12 novembre dello scorso anno, si sono imposti i Lucci con un netto 5-0. I Biancorossi non vincono in trasferta contro il Caldaro dal 5-3 del dicembre 2019. Conteggiando le reti totali segnate in questa sfida, l\u2019Alleghe ha messo a referto 42 marcature contro 82 del Caldaro.<\/p>\n<p>SV CALDARO \u2013 ALLEGHE hockey Sabato 7 ottobre ore 19:30 \u2013 Raiffeisen Arena di Caldaro (BZ). Arbitri: Massimo De Col e Federico Stefenelli con giudici di linea Martin Mair e Thomas Formaioni. Collegamenti in DIRETTA RADIOFONICA su Radio Pi\u00f9 (www.radiopiu.net) con \u201cHockey al punto giusto\u201d, in studio Marco Gaz e da Caldaro interventi di Federico Paganin<\/p>\n<p>&nbsp;<\/p>\n<p>&nbsp;<\/p>\n<p>&nbsp;<\/p>\n<\/div>\n","protected":false},"excerpt":{"rendered":"<p>06 ottobre 2023. FOTO COPERTINA LONGARONE Poche ore e saranno 60 anni dalla strage del 9 ottobre 2023. Una foto simbolo, l&#8217;amato e indimenticato fotografo Bepi Zanfron tra gli alpini e i volontari. Quando il progresso \u00e8 asservito al profitto.\u00a0 La storia del Vajont\u00a0\u00e8 una storia di\u00a0incuria e\u00a0di imperizia \u00a0 OGGI ALLA RADIO, il nuovo&hellip;<\/p>\n","protected":false},"author":4,"featured_media":355665,"comment_status":"closed","ping_status":"closed","sticky":false,"template":"","format":"standard","meta":{"_monsterinsights_skip_tracking":false,"_monsterinsights_sitenote_active":false,"_monsterinsights_sitenote_note":"","_monsterinsights_sitenote_category":0,"footnotes":""},"categories":[51,86,49],"tags":[],"class_list":["post-355537","post","type-post","status-publish","format-standard","has-post-thumbnail","hentry","category-evidenza-top","category-gr","category-news-18","category-51","category-86","category-49","description-off"],"img_url":"https:\/\/www.radiopiu.net\/wordpress\/wp-content\/uploads\/2023\/10\/Bepi-Zanfron.jpg","_links":{"self":[{"href":"https:\/\/www.radiopiu.net\/wordpress\/wp-json\/wp\/v2\/posts\/355537","targetHints":{"allow":["GET"]}}],"collection":[{"href":"https:\/\/www.radiopiu.net\/wordpress\/wp-json\/wp\/v2\/posts"}],"about":[{"href":"https:\/\/www.radiopiu.net\/wordpress\/wp-json\/wp\/v2\/types\/post"}],"author":[{"embeddable":true,"href":"https:\/\/www.radiopiu.net\/wordpress\/wp-json\/wp\/v2\/users\/4"}],"replies":[{"embeddable":true,"href":"https:\/\/www.radiopiu.net\/wordpress\/wp-json\/wp\/v2\/comments?post=355537"}],"version-history":[{"count":0,"href":"https:\/\/www.radiopiu.net\/wordpress\/wp-json\/wp\/v2\/posts\/355537\/revisions"}],"wp:featuredmedia":[{"embeddable":true,"href":"https:\/\/www.radiopiu.net\/wordpress\/wp-json\/wp\/v2\/media\/355665"}],"wp:attachment":[{"href":"https:\/\/www.radiopiu.net\/wordpress\/wp-json\/wp\/v2\/media?parent=355537"}],"wp:term":[{"taxonomy":"category","embeddable":true,"href":"https:\/\/www.radiopiu.net\/wordpress\/wp-json\/wp\/v2\/categories?post=355537"},{"taxonomy":"post_tag","embeddable":true,"href":"https:\/\/www.radiopiu.net\/wordpress\/wp-json\/wp\/v2\/tags?post=355537"}],"curies":[{"name":"wp","href":"https:\/\/api.w.org\/{rel}","templated":true}]}}