{"id":355539,"date":"2023-10-06T05:29:25","date_gmt":"2023-10-06T03:29:25","guid":{"rendered":"https:\/\/www.radiopiu.net\/wordpress\/?p=355539"},"modified":"2023-10-06T09:02:30","modified_gmt":"2023-10-06T07:02:30","slug":"dillo-a-radio-piu-dolomitibus-radionovela-senza-fine","status":"publish","type":"post","link":"https:\/\/www.radiopiu.net\/wordpress\/dillo-a-radio-piu-dolomitibus-radionovela-senza-fine\/","title":{"rendered":"DILLO A RADIO PIU&#8217;&#8230; DOLOMITIBUS, RADIONOVELA SENZA FINE"},"content":{"rendered":"<blockquote>\n<h3>\u00a0DOLOMITIBUS: GESTIONE IMBARAZZANTE<\/h3>\n<\/blockquote>\n<p><strong>BELLUNO<\/strong>\u00a0 Le corse tagliate aumentano di giorno in giorno, da trenta a sessanta e oggi quasi 100.<\/p>\n<div class=\"articlePlainText\">Sono almeno 98 le corse che oggi\u00a0 saranno tagliate da Dolomitibus, ma visti i precedenti\u00a0 &#8211; perch\u00e8 qui si improvvisa giorno per giorno &#8211; potrebbero essere molte di pi\u00f9 entro sera. E si alza sempre pi\u00f9 alta la protesta delle famiglie degli studenti, ma anche degli utenti che non possono godere di questo prezioso servizio. C&#8217;\u00e8 la sensazione che una mattina o l&#8217;altra un esercito di genitori lascer\u00e0 il posto di lavoro per bussare alla porta degli eleganti uffici di Dolomitibus per chiedere spiegazione ma soprattutto i soldi pretesi con aumenti che hanno messo in difficolt\u00e0 genitori oggi costretti a lasciare il posto di lavoro per accompagnare i figlia a scuola. Saranno in molti a partecipare alla protesta se scatta la scintilla e i cartelli gi\u00e0 li immaginiamo: una richiesta immediata di dimissioni di chi ha portato a questa situazione. (mm)<\/div>\n<p><strong>\u00a0<\/strong><\/p>\n<blockquote>\n<h3>Mi posso sfogare con te per il problema dei mezzi pubblici?<\/h3>\n<\/blockquote>\n<p>Non se ne pu\u00f2 pi\u00f9 con questa gestione, viviamo la giornata e chi deve usufruire di questo servizio deve fare i salti mortali. \u00c8 inaccettabile che tutto ci\u00f2 possa accadere. Me la prendo con la societ\u00e0 Dolomitibus per prima che ha intascato i soldi degli abbonamenti senza dire nulla per garantire un servizio discutibile<br \/>\nMe la prendo con le istituzioni perch\u00e9 a conoscenza di questa situazione non hanno e non stanno facendo nulla (da quanto ne so) per venire incontro a tale problematica. <strong>E se tutti i clienti di dolomitubus facessero causa per il disservizio e chiedessero il rimborso delle corse non usufruite ?<\/strong><\/p>\n<p>Michele<\/p>\n<p>&nbsp;<\/p>\n<p><strong>REDAZIONE<\/strong> La soppressione di una corsa di linea del trasporto pubblico locale crea disagio, una sessantina lo moltiplicano e ogni giorno i racconti sono i pi\u00f9 disparati. Minorenni lasciati a piedi, lavoratori in ritardo, studenti imbarazzati e costi, tanti costi in pi\u00f9 per le famiglie.<br \/>\nIeri mattina, ad esempio, per l&#8217;ennesima volta i ragazzi che alle 6.30 attendevano il pullman per la gi\u00e0 impegnativa trasferta in pullman a Vellai (coincidenza al Mas di Sedico) si sono trovati a guardare i lampioni in attesa della mamma che con l&#8217;auto \u00e8 scesa al Mas con la speranza di incrociare il pullman per il feltrino. Troppo tardi, la cancellazione della corsa all&#8217;ultim&#8217;ora non ha permesso di accorciare i tempi e quindi non \u00e8 rimasto che prendere la strada per Vellai. Fa sorridere ricordare che 10 minuti dopo, alle 6.40 un altro pullman, di un&#8217;altra linea \u00e8 sceso regolarmente a Belluno.<\/p>\n<p>&nbsp;<\/p>\n<p>____<\/p>\n","protected":false},"excerpt":{"rendered":"<p>\u00a0DOLOMITIBUS: GESTIONE IMBARAZZANTE BELLUNO\u00a0 Le corse tagliate aumentano di giorno in giorno, da trenta a sessanta e oggi quasi 100. Sono almeno 98 le corse che oggi\u00a0 saranno tagliate da Dolomitibus, ma visti i precedenti\u00a0 &#8211; perch\u00e8 qui si improvvisa giorno per giorno &#8211; potrebbero essere molte di pi\u00f9 entro sera. E si alza sempre&hellip;<\/p>\n","protected":false},"author":4,"featured_media":145519,"comment_status":"closed","ping_status":"closed","sticky":false,"template":"","format":"standard","meta":{"_monsterinsights_skip_tracking":false,"_monsterinsights_sitenote_active":false,"_monsterinsights_sitenote_note":"","_monsterinsights_sitenote_category":0,"footnotes":""},"categories":[51,49],"tags":[],"class_list":["post-355539","post","type-post","status-publish","format-standard","has-post-thumbnail","hentry","category-evidenza-top","category-news-18","category-51","category-49","description-off"],"img_url":"https:\/\/www.radiopiu.net\/wordpress\/wp-content\/uploads\/2020\/06\/f662441c-c6a1-40df-8978-3ff5202173f9.jpg","_links":{"self":[{"href":"https:\/\/www.radiopiu.net\/wordpress\/wp-json\/wp\/v2\/posts\/355539","targetHints":{"allow":["GET"]}}],"collection":[{"href":"https:\/\/www.radiopiu.net\/wordpress\/wp-json\/wp\/v2\/posts"}],"about":[{"href":"https:\/\/www.radiopiu.net\/wordpress\/wp-json\/wp\/v2\/types\/post"}],"author":[{"embeddable":true,"href":"https:\/\/www.radiopiu.net\/wordpress\/wp-json\/wp\/v2\/users\/4"}],"replies":[{"embeddable":true,"href":"https:\/\/www.radiopiu.net\/wordpress\/wp-json\/wp\/v2\/comments?post=355539"}],"version-history":[{"count":0,"href":"https:\/\/www.radiopiu.net\/wordpress\/wp-json\/wp\/v2\/posts\/355539\/revisions"}],"wp:featuredmedia":[{"embeddable":true,"href":"https:\/\/www.radiopiu.net\/wordpress\/wp-json\/wp\/v2\/media\/145519"}],"wp:attachment":[{"href":"https:\/\/www.radiopiu.net\/wordpress\/wp-json\/wp\/v2\/media?parent=355539"}],"wp:term":[{"taxonomy":"category","embeddable":true,"href":"https:\/\/www.radiopiu.net\/wordpress\/wp-json\/wp\/v2\/categories?post=355539"},{"taxonomy":"post_tag","embeddable":true,"href":"https:\/\/www.radiopiu.net\/wordpress\/wp-json\/wp\/v2\/tags?post=355539"}],"curies":[{"name":"wp","href":"https:\/\/api.w.org\/{rel}","templated":true}]}}