{"id":355550,"date":"2023-10-06T05:30:41","date_gmt":"2023-10-06T03:30:41","guid":{"rendered":"https:\/\/www.radiopiu.net\/wordpress\/?p=355550"},"modified":"2023-10-06T05:37:56","modified_gmt":"2023-10-06T03:37:56","slug":"vajont-mio-padre-gia-nel-1956-segnalava-la-criticita-del-monte-toc","status":"publish","type":"post","link":"https:\/\/www.radiopiu.net\/wordpress\/vajont-mio-padre-gia-nel-1956-segnalava-la-criticita-del-monte-toc\/","title":{"rendered":"VAJONT, &#8220;MIO PADRE GIA&#8217; NEL 1956 SEGNALAVA LA CRITICITA&#8217; DEL MONTE TOC&#8221;"},"content":{"rendered":"<p>REDAZIONE Alfonso ci ha inviato un ricordo importante, di famiglia, legato alla tragedia del 9 ottobre del &#8217;63. Il pap\u00e0 di Alfonso gi\u00e0 nel 1956 and\u00f2 in sopralluogo sul Vajont e qui i ricordi sono importanti.<\/p>\n<p>&nbsp;<\/p>\n<p>di Alfonso Pieruz<\/p>\n<blockquote>\n<div dir=\"auto\"><em><img loading=\"lazy\" decoding=\"async\" class=\"alignleft\" src=\"https:\/\/www.radiopiu.net\/wordpress\/wp-content\/uploads\/2023\/07\/Diga_del_Vajont.jpg\" width=\"224\" height=\"131\" \/>In questi giorni molti parlano del Vajont di quello che accade il 9.10.1963, delle responsabilit\u00e0 umane del disastro ma sento di dover raccontare quello che mi disse mio padre, classe 1940.<\/em><em>Nel 1956 e non sbaglio data&#8230;lavorava alla diga del Fedaia come &#8220;canneggiatore&#8221; ossia colui che seguiva i geometri che facevano i rilievi, con l asta metrica e si recava in Fedaia tutte le settimane in bicicletta con la ditta Torno di Torino.<\/em><\/div>\n<div dir=\"auto\"><em>Un giorno, non so dirti l&#8217;anno esatto, fu mandato sul Vajont ad aiutare a fare il rilievo del terreno dove mettere le baracche di cantiere per la successiva costruzione della diga e anche l\u00ec ci andava in bicicletta..<\/em><\/div>\n<div dir=\"auto\"><em>Il rilievo fu fatto tutto sul lato del monte Toc segno che li doveva essere costruito. <\/em><em>Fu poi spostato in Valarsa in provincia di Trento e dopo un po&#8217; rimandato sulla diga del Vajont e&#8230;le baracche di cantiere erano tutte sul lato opposto di dove avevano fatto il rilievo a suo tempo&#8230; <\/em><em>Questo \u00e8 un altro piccolo elemento per dire come sin dall&#8217; inizio della costruzione della diga, stupendamente ancora in piedi, sapevano della critica situazione della montagna.<\/em><\/div>\n<\/blockquote>\n<div dir=\"auto\"><\/div>\n<div dir=\"auto\">\n<hr \/>\n<\/div>\n","protected":false},"excerpt":{"rendered":"<p>REDAZIONE Alfonso ci ha inviato un ricordo importante, di famiglia, legato alla tragedia del 9 ottobre del &#8217;63. Il pap\u00e0 di Alfonso gi\u00e0 nel 1956 and\u00f2 in sopralluogo sul Vajont e qui i ricordi sono importanti. &nbsp; di Alfonso Pieruz In questi giorni molti parlano del Vajont di quello che accade il 9.10.1963, delle responsabilit\u00e0&hellip;<\/p>\n","protected":false},"author":4,"featured_media":343438,"comment_status":"closed","ping_status":"closed","sticky":false,"template":"","format":"standard","meta":{"_monsterinsights_skip_tracking":false,"_monsterinsights_sitenote_active":false,"_monsterinsights_sitenote_note":"","_monsterinsights_sitenote_category":0,"footnotes":""},"categories":[104,49],"tags":[],"class_list":["post-355550","post","type-post","status-publish","format-standard","has-post-thumbnail","hentry","category-evidenza_3","category-news-18","category-104","category-49","description-off"],"img_url":"https:\/\/www.radiopiu.net\/wordpress\/wp-content\/uploads\/2023\/07\/Diga_del_Vajont.jpg","_links":{"self":[{"href":"https:\/\/www.radiopiu.net\/wordpress\/wp-json\/wp\/v2\/posts\/355550","targetHints":{"allow":["GET"]}}],"collection":[{"href":"https:\/\/www.radiopiu.net\/wordpress\/wp-json\/wp\/v2\/posts"}],"about":[{"href":"https:\/\/www.radiopiu.net\/wordpress\/wp-json\/wp\/v2\/types\/post"}],"author":[{"embeddable":true,"href":"https:\/\/www.radiopiu.net\/wordpress\/wp-json\/wp\/v2\/users\/4"}],"replies":[{"embeddable":true,"href":"https:\/\/www.radiopiu.net\/wordpress\/wp-json\/wp\/v2\/comments?post=355550"}],"version-history":[{"count":0,"href":"https:\/\/www.radiopiu.net\/wordpress\/wp-json\/wp\/v2\/posts\/355550\/revisions"}],"wp:featuredmedia":[{"embeddable":true,"href":"https:\/\/www.radiopiu.net\/wordpress\/wp-json\/wp\/v2\/media\/343438"}],"wp:attachment":[{"href":"https:\/\/www.radiopiu.net\/wordpress\/wp-json\/wp\/v2\/media?parent=355550"}],"wp:term":[{"taxonomy":"category","embeddable":true,"href":"https:\/\/www.radiopiu.net\/wordpress\/wp-json\/wp\/v2\/categories?post=355550"},{"taxonomy":"post_tag","embeddable":true,"href":"https:\/\/www.radiopiu.net\/wordpress\/wp-json\/wp\/v2\/tags?post=355550"}],"curies":[{"name":"wp","href":"https:\/\/api.w.org\/{rel}","templated":true}]}}