{"id":355574,"date":"2023-10-06T07:00:42","date_gmt":"2023-10-06T05:00:42","guid":{"rendered":"https:\/\/www.radiopiu.net\/wordpress\/?p=355574"},"modified":"2023-10-06T07:56:55","modified_gmt":"2023-10-06T05:56:55","slug":"loriginale-la-piu-imitata-dal-1983-la-rassegna-stampa-locale-di-radiopiu-e-alle-7-ogni-giorno-le-anticipazioni-per-chi-va-di-fretta","status":"publish","type":"post","link":"https:\/\/www.radiopiu.net\/wordpress\/loriginale-la-piu-imitata-dal-1983-la-rassegna-stampa-locale-di-radiopiu-e-alle-7-ogni-giorno-le-anticipazioni-per-chi-va-di-fretta\/","title":{"rendered":"l&#8217;originale, la pi\u00f9 imitata, dal 1983 la rassegna stampa locale di radiopiu, e alle 7 ogni giorno le anticipazioni per chi va di fretta"},"content":{"rendered":"<p><iframe loading=\"lazy\" title=\"dal 1983 l&#039;originale la piu&#039; imitata e alle sette ogni giorno l&#039;anticipazione per chi va di fretta\" width=\"1200\" height=\"675\" src=\"https:\/\/www.youtube.com\/embed\/f8yhuCx4P2I?feature=oembed\" frameborder=\"0\" allow=\"accelerometer; autoplay; clipboard-write; encrypted-media; gyroscope; picture-in-picture; web-share\" allowfullscreen><\/iframe><\/p>\n<p>&nbsp;<\/p>\n<p>&nbsp;<\/p>\n<p>BELLUNO Piu&#8217; soldi ai medici di base, \u00e8 la nuova ricetta della Ulss1 Dolomiti per incentivare i professionisti a vivere in zone disagiate e spesso dimenticate dalla politica che conta.<br \/>\nLAMON La diga? Opera pericolosa, la provincia boccia il progetto alla vigilia della tragedia del Vajont e non \u00e8 un caso.<br \/>\nVAJONT Alfonso ci ha inviato un ricordo importante, di famiglia, legato alla tragedia del 9 ottobre del \u201963. Il pap\u00e0 di Alfonso gi\u00e0 nel 1956 and\u00f2 in sopralluogo sul Vajont e qui i ricordi sono importanti.<br \/>\nBELLUNO \u2013 La prima sentenza istruttoria sul disastro del Vajont \u00e8 stata pubblicata integralmente in uno volume edito a 60 anni dal 9 ottobre 1963. Curato dal professor Maurizio Reberschack, da Silvia Micellaneo e Enrico Bacchetti, il volume rende onore alla determinazione del giudice Mario Fabbri e d\u00e0 voce a chi non ne ha avuta n\u00e8 prima n\u00e8 dopo la sciagura. DAL TG DI ANTENNA 3<br \/>\nBUSCHE Il bilancio \u00e8 di due feriti non gravi che le ambulanze del 118 hanno trasportato all\u2019ospedale Santa Maria del Prato di Feltre, per entrambi ferite di media gravit\u00e0. L\u2019incidente frontale tra l\u2019auto e il furgone. All\u2019ospedale un 56enne e un 61enne entrambi di Imer. Tra Busche e Piovena tre veicoli coinvolti.<br \/>\nDOLOMITIBUS: GESTIONE IMBARAZZANTE BELLUNO Le corse tagliate aumentano di giorno in giorno, da trenta a sessanta e oggi quasi 100. E anche oggi nessuna lettera di dimissioni per manifesta incapacit\u00e0 gestionale e organizzativa. A\u00a0Taibon per lavori fermata provvisoria davanti alla sede di RADIOPIU<br \/>\nLIVINALLONGO Disinnescata una granata calibro 75 della guerra, rinvenuta da un escursionista nella zona di Porta Vescovo.<br \/>\nAGORDO Sudamericani contro bellunesi. Volarono sedie, oltre che calci e pugni, nel centro di Agordo. Una rissa quel 13 giugno di due anni fa, per motivi, che saranno chiariti nel processo.<br \/>\nAPPALTO PULIZIE POSTE ITALIANE: TAGLIATE ORE E STIPENDI DEL 20%<br \/>\nBELLUNO I lavoratori impiegati nella pulizia degli uffici di Poste Italiane stanno affrontando problemi a seguito del cambio d\u2019appalto dei servizi di pulizia. Con il passaggio da Nuova Idea a Euro &amp; Promos, avvenuto l\u2019anno scorso, sono stati annunciati tagli fino al 20% delle ore di lavoro e dei salari.<br \/>\nCORTINA Si svolger\u00e0 oggi e domani il Convegno Nazionale dal titolo \u201cI Ladini: Una Macchia Indelebile\u201d. La location che ospiter\u00e0 gli incontri sar\u00e0 l\u2019Alexander Girardi Hall di Cortina. Domani il compito di tirare le somme e chiudere il convegno \u00e8 affidato a Denni Dorigo, direttore dell\u2019Istituto Ladin Cesa de Jan di Colle Santa Lucia.<br \/>\nA CANALE D\u2019AGORDO SI PENSA AD UN NUOVO PUNTO RISTORO VICINO ALLA BAITA DEI CACCIATORI<br \/>\nFALCADE: DA LUNEDI\u2019 CHIUDE PER UN MESE VIA TRENTO A CAVIOLA<br \/>\nLA VALLE: REVOCATA L\u2019ORDINANZA PER L\u2019ALTA VIA NUMERO 1<br \/>\nagordo, DA OGGI AD AGORDO E PER TUTTO IL MESE: SERE D\u2019AUTUNNO AL VENERDI<br \/>\nbelluno, IL 14 E 15 OTTOBRE TORNANO LE GIORNATE DEL FAI D\u2019AUTUNNO<br \/>\nagordo, IL NUOVO AFFRESCO DI ALICE DE ZORDO AL CENTRO DIURNO ALTROSENSO DI AGORDO<br \/>\nBELLUNO Ritorna, dal 6 al 15 ottobre, il festival OLTRE LE VETTE, che fa di Belluno la capitale italiana della cultura di montagna.<br \/>\nla fanfara della Cadore ad Agordo, domani ALLE 15.30 SFILATA IN PIAZZA E ALLE 20.30 IL CONCERTO AL PALALUXOTTICA ingresso gratuito.<br \/>\nSPORT PARALIMPICO MORENO PESCE AFFRONTA LA FERRATA DELLA MEMORIA. IN RICORDO DELLA TRAGEDIA DEL VAJONT<br \/>\nCORSA\u00a0 DOMENICA LA PEDONATA DE &#8220;LE OSELETE&#8221;<\/p>\n<p>&nbsp;<\/p>\n<p>&nbsp;<\/p>\n","protected":false},"excerpt":{"rendered":"<p>&nbsp; &nbsp; BELLUNO Piu&#8217; soldi ai medici di base, \u00e8 la nuova ricetta della Ulss1 Dolomiti per incentivare i professionisti a vivere in zone disagiate e spesso dimenticate dalla politica che conta. LAMON La diga? Opera pericolosa, la provincia boccia il progetto alla vigilia della tragedia del Vajont e non \u00e8 un caso. VAJONT Alfonso&hellip;<\/p>\n","protected":false},"author":4,"featured_media":355575,"comment_status":"closed","ping_status":"closed","sticky":false,"template":"","format":"standard","meta":{"_monsterinsights_skip_tracking":false,"_monsterinsights_sitenote_active":false,"_monsterinsights_sitenote_note":"","_monsterinsights_sitenote_category":0,"footnotes":""},"categories":[104,49],"tags":[],"class_list":["post-355574","post","type-post","status-publish","format-standard","has-post-thumbnail","hentry","category-evidenza_3","category-news-18","category-104","category-49","description-off"],"img_url":"https:\/\/www.radiopiu.net\/wordpress\/wp-content\/uploads\/2023\/10\/copertina-2.png","_links":{"self":[{"href":"https:\/\/www.radiopiu.net\/wordpress\/wp-json\/wp\/v2\/posts\/355574","targetHints":{"allow":["GET"]}}],"collection":[{"href":"https:\/\/www.radiopiu.net\/wordpress\/wp-json\/wp\/v2\/posts"}],"about":[{"href":"https:\/\/www.radiopiu.net\/wordpress\/wp-json\/wp\/v2\/types\/post"}],"author":[{"embeddable":true,"href":"https:\/\/www.radiopiu.net\/wordpress\/wp-json\/wp\/v2\/users\/4"}],"replies":[{"embeddable":true,"href":"https:\/\/www.radiopiu.net\/wordpress\/wp-json\/wp\/v2\/comments?post=355574"}],"version-history":[{"count":0,"href":"https:\/\/www.radiopiu.net\/wordpress\/wp-json\/wp\/v2\/posts\/355574\/revisions"}],"wp:featuredmedia":[{"embeddable":true,"href":"https:\/\/www.radiopiu.net\/wordpress\/wp-json\/wp\/v2\/media\/355575"}],"wp:attachment":[{"href":"https:\/\/www.radiopiu.net\/wordpress\/wp-json\/wp\/v2\/media?parent=355574"}],"wp:term":[{"taxonomy":"category","embeddable":true,"href":"https:\/\/www.radiopiu.net\/wordpress\/wp-json\/wp\/v2\/categories?post=355574"},{"taxonomy":"post_tag","embeddable":true,"href":"https:\/\/www.radiopiu.net\/wordpress\/wp-json\/wp\/v2\/tags?post=355574"}],"curies":[{"name":"wp","href":"https:\/\/api.w.org\/{rel}","templated":true}]}}