{"id":355604,"date":"2023-10-07T05:28:44","date_gmt":"2023-10-07T03:28:44","guid":{"rendered":"https:\/\/www.radiopiu.net\/wordpress\/?p=355604"},"modified":"2023-10-07T06:19:47","modified_gmt":"2023-10-07T04:19:47","slug":"treno-delle-dolomiti-e-agordino-gentile-assessore-quali-gli-sviluppi","status":"publish","type":"post","link":"https:\/\/www.radiopiu.net\/wordpress\/treno-delle-dolomiti-e-agordino-gentile-assessore-quali-gli-sviluppi\/","title":{"rendered":"TRENO DELLE DOLOMITI E AGORDINO&#8230; &#8220;GENTILE ASSESSORE QUALI GLI SVILUPPI?&#8221;"},"content":{"rendered":"<p><strong><a class=\"dt-pswp-item\" href=\"https:\/\/www.radiopiu.net\/wordpress\/wp-content\/uploads\/2023\/10\/Foto-05-150x150-1.jpg\" data-dt-img-description=\"\" data-large_image_width=\"150\" data-large_image_height=\"150\"><img loading=\"lazy\" decoding=\"async\" class=\" wp-image-355606 alignleft\" src=\"https:\/\/www.radiopiu.net\/wordpress\/wp-content\/uploads\/2023\/10\/Foto-05-150x150-1.jpg\" alt=\"\" width=\"167\" height=\"167\" \/><\/a>REDAZIONE<\/strong> Che ne \u00e8 del progetto del treno delle Dolomiti e in particolare di quello per l&#8217;Agordino? Non ce n&#8217;\u00e8, \u00e8 lapalissiana la risposta e le responsabilit\u00e0 sono anche dell&#8217;assessore regionale ai trasporti Elisa De Berti\u00a0 che dopo aver ascoltato i referenti dell&#8217;Agordino, sindaci compresi, ha avuto altro a cui pensare probabilmente, visto che di risposte dalla Laguna non ne sono arrivate. Il tavolo tecnico risale al marzo del 2021, importante perch\u00e9 valutava il \u00a0possibile collegamento ferroviario con l\u2019Agordino.\u00a0 \u00a0<em>&#8220;Nell\u2019attesa di notizie &#8211; spiega il Comitato Ferrovia Dolomiti Bellunesi &#8211;\u00a0 siamo rimasti attivi sostenendo la nostra proposta di una ferrovia che da Belluno possa raggiungere Agordo, per proseguire eventualmente come via di penetrazione diretta nel cuore delle Dolomiti, attraverso una ormai indispensabile forma di mobilit\u00e0 sostenibile e a basso impatto ambientale, coadiuvata e integrata da altre modalit\u00e0 di trasporto&#8221;. <\/em>Progetto ambizioso che guarda al futuro, antidoto contro lo spopolamento della montagna perch\u00e9 chi crede nel progetto ferrovia nell&#8217;Agordino sa della presenza di un importante Polo dell\u2019Occhialeria presente nella Conca Agordina,\u00a0 ma anche\u00a0 degli impianti \u00a0funiviari delle Dolomiti.<em> &#8220;Abbiamo anche avuto il modo di conoscere importanti proposte nelle realt\u00e0 a noi <\/em><em>contermini &#8211; continua il Comitato presieduto da Paolo Selva Moretti &#8211;\u00a0 attraverso la partecipazione a\u00a0 convegni, dove sono stati presentati <\/em><em>importanti studi ferroviari che si intrecciano in forma trasversale su ampi territori montani, compresa la Svizzera&#8221;.\u00a0<\/em>Una cosa \u00e8 certa, gli agordini non mollano l&#8217;osso e difronte alle mancate risposte dell&#8217;assessore De Berti\u00a0 \u00a0hanno inviato una lettera alla stessa a Venezia chiedendo notizie circa l\u2019evoluzione della determina tecnica-istituzionale dell&#8217;ormai datato tavolo del quale allo stato attuale non si \u00e8 avuto modo di conoscerne gli sviluppi.<br \/>\nMM<\/p>\n<p>&nbsp;<\/p>\n<p><strong>ARCHIVIO RADIO PIU 1<\/strong><\/p>\n<blockquote class=\"wp-embedded-content\" data-secret=\"HOsslJRcQg\"><p><a href=\"https:\/\/www.radiopiu.net\/wordpress\/a-che-punto-siamo-con-il-treno-delle-dolomiti\/\">A CHE PUNTO SIAMO CON IL TRENO DELLE DOLOMITI?<\/a><\/p><\/blockquote>\n<p><iframe loading=\"lazy\" class=\"wp-embedded-content\" sandbox=\"allow-scripts\" security=\"restricted\" style=\"position: absolute; clip: rect(1px, 1px, 1px, 1px);\" title=\"&#8220;A CHE PUNTO SIAMO CON IL TRENO DELLE DOLOMITI?&#8221; &#8212; Radio Pi\u00f9\" src=\"https:\/\/www.radiopiu.net\/wordpress\/a-che-punto-siamo-con-il-treno-delle-dolomiti\/embed\/#?secret=XRZcbMJttm#?secret=HOsslJRcQg\" data-secret=\"HOsslJRcQg\" width=\"600\" height=\"338\" frameborder=\"0\" marginwidth=\"0\" marginheight=\"0\" scrolling=\"no\"><\/iframe><\/p>\n<p>ARCHIVIO 2<\/p>\n<blockquote class=\"wp-embedded-content\" data-secret=\"aO6Lz1tALR\"><p><a href=\"https:\/\/www.radiopiu.net\/wordpress\/progetto-treno-delle-dolomiti-la-diretta-di-radio-piu\/\">PROGETTO &#8220;TRENO DELLE DOLOMITI&#8221;. LA DIRETTA DI RADIO PIU&#8217;<\/a><\/p><\/blockquote>\n<p><iframe loading=\"lazy\" class=\"wp-embedded-content\" sandbox=\"allow-scripts\" security=\"restricted\" style=\"position: absolute; clip: rect(1px, 1px, 1px, 1px);\" title=\"&#8220;PROGETTO &#8220;TRENO DELLE DOLOMITI&#8221;. LA DIRETTA DI RADIO PIU&#8217;&#8221; &#8212; Radio Pi\u00f9\" src=\"https:\/\/www.radiopiu.net\/wordpress\/progetto-treno-delle-dolomiti-la-diretta-di-radio-piu\/embed\/#?secret=GSXwii9kk2#?secret=aO6Lz1tALR\" data-secret=\"aO6Lz1tALR\" width=\"600\" height=\"338\" frameborder=\"0\" marginwidth=\"0\" marginheight=\"0\" scrolling=\"no\"><\/iframe><\/p>\n<p>ARHIVIO RADIOPIU 3<\/p>\n<blockquote class=\"wp-embedded-content\" data-secret=\"6VbE7RjnU5\"><p><a href=\"https:\/\/www.radiopiu.net\/wordpress\/presentato-il-progetto-per-il-treno-delle-dolomiti\/\">PRESENTATO IL PROGETTO PER IL TRENO DELLE DOLOMITI<\/a><\/p><\/blockquote>\n<p><iframe loading=\"lazy\" class=\"wp-embedded-content\" sandbox=\"allow-scripts\" security=\"restricted\" style=\"position: absolute; clip: rect(1px, 1px, 1px, 1px);\" title=\"&#8220;PRESENTATO IL PROGETTO PER IL TRENO DELLE DOLOMITI&#8221; &#8212; Radio Pi\u00f9\" src=\"https:\/\/www.radiopiu.net\/wordpress\/presentato-il-progetto-per-il-treno-delle-dolomiti\/embed\/#?secret=HR1i7nyzg0#?secret=6VbE7RjnU5\" data-secret=\"6VbE7RjnU5\" width=\"600\" height=\"338\" frameborder=\"0\" marginwidth=\"0\" marginheight=\"0\" scrolling=\"no\"><\/iframe><\/p>\n<p>ARCHIVIO RADIOPIU 4<\/p>\n<blockquote class=\"wp-embedded-content\" data-secret=\"o88SCCwevH\"><p><a href=\"https:\/\/www.radiopiu.net\/wordpress\/treno-delle-dolomit\/\">TRENO DELLE DOLOMITI,  PARLANO I SINDACI DELL&#8217;AGORDINO<\/a><\/p><\/blockquote>\n<p><iframe loading=\"lazy\" class=\"wp-embedded-content\" sandbox=\"allow-scripts\" security=\"restricted\" style=\"position: absolute; clip: rect(1px, 1px, 1px, 1px);\" title=\"&#8220;TRENO DELLE DOLOMITI,  PARLANO I SINDACI DELL&#8217;AGORDINO&#8221; &#8212; Radio Pi\u00f9\" src=\"https:\/\/www.radiopiu.net\/wordpress\/treno-delle-dolomit\/embed\/#?secret=on9lwlCXio#?secret=o88SCCwevH\" data-secret=\"o88SCCwevH\" width=\"600\" height=\"338\" frameborder=\"0\" marginwidth=\"0\" marginheight=\"0\" scrolling=\"no\"><\/iframe><\/p>\n<p>&nbsp;<\/p>\n<p>&nbsp;<\/p>\n<p>&nbsp;<\/p>\n<p>&nbsp;<\/p>\n<p>&nbsp;<\/p>\n<p>&nbsp;<\/p>\n<p>&nbsp;<\/p>\n","protected":false},"excerpt":{"rendered":"<p>REDAZIONE Che ne \u00e8 del progetto del treno delle Dolomiti e in particolare di quello per l&#8217;Agordino? Non ce n&#8217;\u00e8, \u00e8 lapalissiana la risposta e le responsabilit\u00e0 sono anche dell&#8217;assessore regionale ai trasporti Elisa De Berti\u00a0 che dopo aver ascoltato i referenti dell&#8217;Agordino, sindaci compresi, ha avuto altro a cui pensare probabilmente, visto che di&hellip;<\/p>\n","protected":false},"author":4,"featured_media":355607,"comment_status":"closed","ping_status":"closed","sticky":false,"template":"","format":"standard","meta":{"_monsterinsights_skip_tracking":false,"_monsterinsights_sitenote_active":false,"_monsterinsights_sitenote_note":"","_monsterinsights_sitenote_category":0,"footnotes":""},"categories":[51,49],"tags":[],"class_list":["post-355604","post","type-post","status-publish","format-standard","has-post-thumbnail","hentry","category-evidenza-top","category-news-18","category-51","category-49","description-off"],"img_url":"https:\/\/www.radiopiu.net\/wordpress\/wp-content\/uploads\/2023\/10\/Senza-nome-12.png","_links":{"self":[{"href":"https:\/\/www.radiopiu.net\/wordpress\/wp-json\/wp\/v2\/posts\/355604","targetHints":{"allow":["GET"]}}],"collection":[{"href":"https:\/\/www.radiopiu.net\/wordpress\/wp-json\/wp\/v2\/posts"}],"about":[{"href":"https:\/\/www.radiopiu.net\/wordpress\/wp-json\/wp\/v2\/types\/post"}],"author":[{"embeddable":true,"href":"https:\/\/www.radiopiu.net\/wordpress\/wp-json\/wp\/v2\/users\/4"}],"replies":[{"embeddable":true,"href":"https:\/\/www.radiopiu.net\/wordpress\/wp-json\/wp\/v2\/comments?post=355604"}],"version-history":[{"count":0,"href":"https:\/\/www.radiopiu.net\/wordpress\/wp-json\/wp\/v2\/posts\/355604\/revisions"}],"wp:featuredmedia":[{"embeddable":true,"href":"https:\/\/www.radiopiu.net\/wordpress\/wp-json\/wp\/v2\/media\/355607"}],"wp:attachment":[{"href":"https:\/\/www.radiopiu.net\/wordpress\/wp-json\/wp\/v2\/media?parent=355604"}],"wp:term":[{"taxonomy":"category","embeddable":true,"href":"https:\/\/www.radiopiu.net\/wordpress\/wp-json\/wp\/v2\/categories?post=355604"},{"taxonomy":"post_tag","embeddable":true,"href":"https:\/\/www.radiopiu.net\/wordpress\/wp-json\/wp\/v2\/tags?post=355604"}],"curies":[{"name":"wp","href":"https:\/\/api.w.org\/{rel}","templated":true}]}}