{"id":355609,"date":"2023-10-07T05:29:25","date_gmt":"2023-10-07T03:29:25","guid":{"rendered":"https:\/\/www.radiopiu.net\/wordpress\/?p=355609"},"modified":"2023-10-07T06:19:32","modified_gmt":"2023-10-07T04:19:32","slug":"tre-giorni-due-multe-120-euro-tolti-al-bilancio-di-una-famiglia","status":"publish","type":"post","link":"https:\/\/www.radiopiu.net\/wordpress\/tre-giorni-due-multe-120-euro-tolti-al-bilancio-di-una-famiglia\/","title":{"rendered":"TRE GIORNI DUE MULTE,  120 EURO TOLTI AL BILANCIO DI UNA FAMIGLIA"},"content":{"rendered":"<p><strong><a class=\"dt-pswp-item\" href=\"https:\/\/www.radiopiu.net\/wordpress\/wp-content\/uploads\/2023\/10\/2a3d2b65-4911-4ce1-b740-2c0c339b0a60.jpg\" data-dt-img-description=\"\" data-large_image_width=\"1600\" data-large_image_height=\"1197\"><img loading=\"lazy\" decoding=\"async\" class=\" wp-image-355611 alignleft\" src=\"https:\/\/www.radiopiu.net\/wordpress\/wp-content\/uploads\/2023\/10\/2a3d2b65-4911-4ce1-b740-2c0c339b0a60-300x224.jpg\" alt=\"\" width=\"229\" height=\"171\" srcset=\"https:\/\/www.radiopiu.net\/wordpress\/wp-content\/uploads\/2023\/10\/2a3d2b65-4911-4ce1-b740-2c0c339b0a60-300x224.jpg 300w, https:\/\/www.radiopiu.net\/wordpress\/wp-content\/uploads\/2023\/10\/2a3d2b65-4911-4ce1-b740-2c0c339b0a60-1024x766.jpg 1024w, https:\/\/www.radiopiu.net\/wordpress\/wp-content\/uploads\/2023\/10\/2a3d2b65-4911-4ce1-b740-2c0c339b0a60-768x575.jpg 768w, https:\/\/www.radiopiu.net\/wordpress\/wp-content\/uploads\/2023\/10\/2a3d2b65-4911-4ce1-b740-2c0c339b0a60-1536x1149.jpg 1536w, https:\/\/www.radiopiu.net\/wordpress\/wp-content\/uploads\/2023\/10\/2a3d2b65-4911-4ce1-b740-2c0c339b0a60.jpg 1600w\" sizes=\"auto, (max-width: 229px) 100vw, 229px\" \/><\/a>AGORDO<\/strong> Invoca il buon senso Cristian, quello al quale Orso Grigio a Sois ha dedicato un Monumento visto che spesso rimane nell&#8217;angolo dei ricordi di una volta. Invoca il buon senso e invita a riflettere perche&#8217; quei 120 euro sono stati tolti alla famiglia, significa aver lavorato 2 giorni senza compenso. <em>&#8220;In localit\u00e1 Valcozzena &#8211; dice Cristian &#8211;\u00a0 ho collezionato due\u00a0 multe, perch\u00e9 \u00e9 da una settimana che entro al lavoro alle 10 per problemi personali. Mi sono impegnato per trovare un posto dove lasciare la macchina che non intralciasse n\u00e9 il traffico n\u00e9 qualsiasi lavoratore o mezzo della zona industriale. L&#8217;ho parcheggiata nella salita che va verso la frazione Giove, perch\u00e9 tutti e dico tutti i parcheggi erano saturi! Se la macchina la mettevo pi\u00f9 a sinistra rischiavo di andare gi\u00f9 per il fosso .\u00a0 Io la vedo una cosa assurda e ho scritto personalmente ai vigili&#8221;.\u00a0<\/em><\/p>\n<p><a class=\"dt-pswp-item\" href=\"https:\/\/www.radiopiu.net\/wordpress\/wp-content\/uploads\/2023\/10\/25619a21-6c68-4779-b971-83440d78acda.jpg\" data-dt-img-description=\"\" data-large_image_width=\"1080\" data-large_image_height=\"1194\"><img loading=\"lazy\" decoding=\"async\" class=\"size-medium wp-image-355610 aligncenter\" src=\"https:\/\/www.radiopiu.net\/wordpress\/wp-content\/uploads\/2023\/10\/25619a21-6c68-4779-b971-83440d78acda-271x300.jpg\" alt=\"\" width=\"271\" height=\"300\" srcset=\"https:\/\/www.radiopiu.net\/wordpress\/wp-content\/uploads\/2023\/10\/25619a21-6c68-4779-b971-83440d78acda-271x300.jpg 271w, https:\/\/www.radiopiu.net\/wordpress\/wp-content\/uploads\/2023\/10\/25619a21-6c68-4779-b971-83440d78acda-926x1024.jpg 926w, https:\/\/www.radiopiu.net\/wordpress\/wp-content\/uploads\/2023\/10\/25619a21-6c68-4779-b971-83440d78acda-768x849.jpg 768w, https:\/\/www.radiopiu.net\/wordpress\/wp-content\/uploads\/2023\/10\/25619a21-6c68-4779-b971-83440d78acda.jpg 1080w\" sizes=\"auto, (max-width: 271px) 100vw, 271px\" \/><\/a><\/p>\n","protected":false},"excerpt":{"rendered":"<p>AGORDO Invoca il buon senso Cristian, quello al quale Orso Grigio a Sois ha dedicato un Monumento visto che spesso rimane nell&#8217;angolo dei ricordi di una volta. Invoca il buon senso e invita a riflettere perche&#8217; quei 120 euro sono stati tolti alla famiglia, significa aver lavorato 2 giorni senza compenso. &#8220;In localit\u00e1 Valcozzena &#8211;&hellip;<\/p>\n","protected":false},"author":4,"featured_media":355611,"comment_status":"closed","ping_status":"closed","sticky":false,"template":"","format":"standard","meta":{"_monsterinsights_skip_tracking":false,"_monsterinsights_sitenote_active":false,"_monsterinsights_sitenote_note":"","_monsterinsights_sitenote_category":0,"footnotes":""},"categories":[51,49],"tags":[],"class_list":["post-355609","post","type-post","status-publish","format-standard","has-post-thumbnail","hentry","category-evidenza-top","category-news-18","category-51","category-49","description-off"],"img_url":"https:\/\/www.radiopiu.net\/wordpress\/wp-content\/uploads\/2023\/10\/2a3d2b65-4911-4ce1-b740-2c0c339b0a60.jpg","_links":{"self":[{"href":"https:\/\/www.radiopiu.net\/wordpress\/wp-json\/wp\/v2\/posts\/355609","targetHints":{"allow":["GET"]}}],"collection":[{"href":"https:\/\/www.radiopiu.net\/wordpress\/wp-json\/wp\/v2\/posts"}],"about":[{"href":"https:\/\/www.radiopiu.net\/wordpress\/wp-json\/wp\/v2\/types\/post"}],"author":[{"embeddable":true,"href":"https:\/\/www.radiopiu.net\/wordpress\/wp-json\/wp\/v2\/users\/4"}],"replies":[{"embeddable":true,"href":"https:\/\/www.radiopiu.net\/wordpress\/wp-json\/wp\/v2\/comments?post=355609"}],"version-history":[{"count":0,"href":"https:\/\/www.radiopiu.net\/wordpress\/wp-json\/wp\/v2\/posts\/355609\/revisions"}],"wp:featuredmedia":[{"embeddable":true,"href":"https:\/\/www.radiopiu.net\/wordpress\/wp-json\/wp\/v2\/media\/355611"}],"wp:attachment":[{"href":"https:\/\/www.radiopiu.net\/wordpress\/wp-json\/wp\/v2\/media?parent=355609"}],"wp:term":[{"taxonomy":"category","embeddable":true,"href":"https:\/\/www.radiopiu.net\/wordpress\/wp-json\/wp\/v2\/categories?post=355609"},{"taxonomy":"post_tag","embeddable":true,"href":"https:\/\/www.radiopiu.net\/wordpress\/wp-json\/wp\/v2\/tags?post=355609"}],"curies":[{"name":"wp","href":"https:\/\/api.w.org\/{rel}","templated":true}]}}