{"id":355616,"date":"2023-10-06T11:19:32","date_gmt":"2023-10-06T09:19:32","guid":{"rendered":"https:\/\/www.radiopiu.net\/wordpress\/?p=355616"},"modified":"2023-10-06T13:34:43","modified_gmt":"2023-10-06T11:34:43","slug":"al-via-dal-17-ottobre-il-nuovo-bando-dedicato-alla-rottamazione-delle-vecchie-auto","status":"publish","type":"post","link":"https:\/\/www.radiopiu.net\/wordpress\/al-via-dal-17-ottobre-il-nuovo-bando-dedicato-alla-rottamazione-delle-vecchie-auto\/","title":{"rendered":"Al via dal 17 ottobre il nuovo bando dedicato alla rottamazione delle vecchie auto"},"content":{"rendered":"<p><strong><a class=\"dt-pswp-item\" href=\"https:\/\/www.radiopiu.net\/wordpress\/wp-content\/uploads\/2023\/10\/th-5.jpg\" data-dt-img-description=\"\" data-large_image_width=\"239\" data-large_image_height=\"180\"><img loading=\"lazy\" decoding=\"async\" class=\"size-full wp-image-355618 alignleft\" src=\"https:\/\/www.radiopiu.net\/wordpress\/wp-content\/uploads\/2023\/10\/th-5.jpg\" alt=\"\" width=\"239\" height=\"180\" \/><\/a>VENEZIA<\/strong> A partire dal 17 ottobre, i veneti avranno l&#8217;opportunit\u00e0 di partecipare al nuovo bando 2023 per la rottamazione delle vecchie auto. L&#8217;iniziativa, promossa dall&#8217;assessore all&#8217;Ambiente Gianpaolo Bottacin, mette a disposizione un fondo di 7 milioni di euro per incentivare la sostituzione dei veicoli pi\u00f9 inquinanti con quelli a basso impatto ambientale, contribuendo cos\u00ec al miglioramento della qualit\u00e0 dell&#8217;aria. I cittadini con un ISEE non superiore a 50.000 euro che acquisteranno un veicolo di classe ambientale Euro 6D o superiore potranno presentare istanza per ottenere il contributo. Per ulteriori informazioni e dettagli sul bando, \u00e8 possibile contattare la Direzione Ambiente e Transizione Ecologica della Regione del Veneto tramite telefono (tel. 041\/2792143-2186) o email (mail: <a href=\"mailto:ambiente@regione.veneto.it\" target=\"_new\" rel=\"noopener\">ambiente@regione.veneto.it<\/a>). La pubblicazione completa del bando sar\u00e0 presto disponibile sul Bollettino Ufficiale della Regione Veneto (BURV). Presentazione manifestsazioni d&#8217;interesse entro il 29 dicembre 2023, documentazione con prova da acquisto da presentare entro il 17 maggio 2024<\/p>\n<p><strong>L&#8217;ASSESSORE GIANPAOLO BOTTACIN<\/strong><\/p>\n<div class=\"flex-1 overflow-hidden\">\n<div class=\"react-scroll-to-bottom--css-hhdmx-79elbk h-full dark:bg-gray-800\">\n<div class=\"react-scroll-to-bottom--css-hhdmx-1n7m0yu\">\n<div class=\"flex flex-col text-sm dark:bg-gray-800\">\n<div class=\"group w-full text-token-text-primary border-b border-black\/10 gizmo:border-0 dark:border-gray-900\/50 gizmo:dark:border-0 bg-gray-50 gizmo:bg-transparent dark:bg-[#444654] gizmo:dark:bg-transparent\" data-testid=\"conversation-turn-3\">\n<div class=\"p-4 justify-center text-base md:gap-6 md:py-6 m-auto\">\n<div class=\"flex flex-1 gap-4 text-base mx-auto md:gap-6 gizmo:gap-3 gizmo:md:px-5 gizmo:lg:px-1 gizmo:xl:px-5 md:max-w-2xl lg:max-w-[38rem] gizmo:md:max-w-3xl gizmo:lg:max-w-[40rem] gizmo:xl:max-w-[48rem] xl:max-w-3xl }\">\n<div class=\"relative flex w-[calc(100%-50px)] flex-col gap-1 gizmo:w-full md:gap-3 lg:w-[calc(100%-115px)] agent-turn\">\n<div class=\"flex justify-between empty:hidden lg:block\">\n<div class=\"text-gray-400 flex self-end lg:self-center justify-center gizmo:lg:justify-start mt-2 gizmo:mt-0 visible lg:gap-1 lg:absolute lg:top-0 lg:translate-x-full lg:right-0 lg:mt-0 lg:pl-2 gap-2 md:gap-3\">\n<div class=\"flex gap-1 gizmo:gap-3\">\n<div style=\"width: 848px;\" class=\"wp-video\"><video class=\"wp-video-shortcode\" id=\"video-355616-1\" width=\"848\" height=\"480\" preload=\"metadata\" controls=\"controls\"><source type=\"video\/mp4\" src=\"https:\/\/www.radiopiu.net\/wordpress\/wp-content\/uploads\/2023\/10\/WhatsApp-Video-2023-10-06-at-09.40.13.mp4?_=1\" \/><a href=\"https:\/\/www.radiopiu.net\/wordpress\/wp-content\/uploads\/2023\/10\/WhatsApp-Video-2023-10-06-at-09.40.13.mp4\">https:\/\/www.radiopiu.net\/wordpress\/wp-content\/uploads\/2023\/10\/WhatsApp-Video-2023-10-06-at-09.40.13.mp4<\/a><\/video><\/div>\n<\/div>\n<\/div>\n<\/div>\n<\/div>\n<\/div>\n<\/div>\n<\/div>\n<div class=\"h-32 md:h-48 flex-shrink-0\"><\/div>\n<hr \/>\n<\/div>\n<\/div>\n<\/div>\n<\/div>\n<div class=\"absolute bottom-0 left-0 w-full border-t md:border-t-0 dark:border-white\/20 md:border-transparent md:dark:border-transparent md:bg-vert-light-gradient bg-white dark:bg-gray-800 md:!bg-transparent dark:md:bg-vert-dark-gradient pt-2 md:pl-2 md:w-[calc(100%-.5rem)]\">\n<form class=\"stretch mx-2 flex flex-row gap-3 last:mb-2 md:mx-4 md:last:mb-6 lg:mx-auto lg:max-w-2xl xl:max-w-3xl\">\n<div class=\"relative flex h-full flex-1 items-stretch md:flex-col\">\n<div>\n<div class=\"h-full flex ml-1 md:w-full md:m-auto md:mb-4 gap-0 md:gap-2 justify-center\"><\/div>\n<\/div>\n<\/div>\n<\/form>\n<\/div>\n","protected":false},"excerpt":{"rendered":"<p>VENEZIA A partire dal 17 ottobre, i veneti avranno l&#8217;opportunit\u00e0 di partecipare al nuovo bando 2023 per la rottamazione delle vecchie auto. L&#8217;iniziativa, promossa dall&#8217;assessore all&#8217;Ambiente Gianpaolo Bottacin, mette a disposizione un fondo di 7 milioni di euro per incentivare la sostituzione dei veicoli pi\u00f9 inquinanti con quelli a basso impatto ambientale, contribuendo cos\u00ec al&hellip;<\/p>\n","protected":false},"author":4,"featured_media":355618,"comment_status":"closed","ping_status":"closed","sticky":false,"template":"","format":"standard","meta":{"_monsterinsights_skip_tracking":false,"_monsterinsights_sitenote_active":false,"_monsterinsights_sitenote_note":"","_monsterinsights_sitenote_category":0,"footnotes":""},"categories":[49],"tags":[],"class_list":["post-355616","post","type-post","status-publish","format-standard","has-post-thumbnail","hentry","category-news-18","category-49","description-off"],"img_url":"https:\/\/www.radiopiu.net\/wordpress\/wp-content\/uploads\/2023\/10\/th-5.jpg","_links":{"self":[{"href":"https:\/\/www.radiopiu.net\/wordpress\/wp-json\/wp\/v2\/posts\/355616","targetHints":{"allow":["GET"]}}],"collection":[{"href":"https:\/\/www.radiopiu.net\/wordpress\/wp-json\/wp\/v2\/posts"}],"about":[{"href":"https:\/\/www.radiopiu.net\/wordpress\/wp-json\/wp\/v2\/types\/post"}],"author":[{"embeddable":true,"href":"https:\/\/www.radiopiu.net\/wordpress\/wp-json\/wp\/v2\/users\/4"}],"replies":[{"embeddable":true,"href":"https:\/\/www.radiopiu.net\/wordpress\/wp-json\/wp\/v2\/comments?post=355616"}],"version-history":[{"count":0,"href":"https:\/\/www.radiopiu.net\/wordpress\/wp-json\/wp\/v2\/posts\/355616\/revisions"}],"wp:featuredmedia":[{"embeddable":true,"href":"https:\/\/www.radiopiu.net\/wordpress\/wp-json\/wp\/v2\/media\/355618"}],"wp:attachment":[{"href":"https:\/\/www.radiopiu.net\/wordpress\/wp-json\/wp\/v2\/media?parent=355616"}],"wp:term":[{"taxonomy":"category","embeddable":true,"href":"https:\/\/www.radiopiu.net\/wordpress\/wp-json\/wp\/v2\/categories?post=355616"},{"taxonomy":"post_tag","embeddable":true,"href":"https:\/\/www.radiopiu.net\/wordpress\/wp-json\/wp\/v2\/tags?post=355616"}],"curies":[{"name":"wp","href":"https:\/\/api.w.org\/{rel}","templated":true}]}}