{"id":355630,"date":"2023-10-07T05:30:28","date_gmt":"2023-10-07T03:30:28","guid":{"rendered":"https:\/\/www.radiopiu.net\/wordpress\/?p=355630"},"modified":"2023-10-07T06:19:12","modified_gmt":"2023-10-07T04:19:12","slug":"senza-patente-e-ubriaco-dopo-lincidente-si-da-alla-fuga-senza-prestare-soccorso","status":"publish","type":"post","link":"https:\/\/www.radiopiu.net\/wordpress\/senza-patente-e-ubriaco-dopo-lincidente-si-da-alla-fuga-senza-prestare-soccorso\/","title":{"rendered":"SENZA PATENTE E UBRIACO, DOPO L&#8217;INCIDENTE SI DA ALLA FUGA SENZA PRESTARE SOCCORSO"},"content":{"rendered":"<p align=\"JUSTIFY\"><span style=\"font-family: Georgia, serif;\"><span style=\"font-size: medium;\"><b><img loading=\"lazy\" decoding=\"async\" class=\"alignleft\" src=\"https:\/\/www.radiopiu.net\/wordpress\/wp-content\/uploads\/2018\/04\/Polizia-726x400.jpg\" width=\"356\" height=\"196\" \/>BELLUNO<\/b> Incidente con fuga tra Viale Europa e via San Lorenzo, poco prima delle sette del mattino di due giorni fa. Sul posto gli agenti della volante gi\u00e0 erano arrivati con un dubbio avendo incrociato il &#8220;pirata&#8221; in fuga su un&#8217;auto danneggiata nella parte anteriore.\u00a0 Una volta certi dell&#8217;arrivo di una seconda volante che ha prestato soccorso e garantito la sicurezza\u00a0 gli uomini della Questura hanno invertito la marcia dando\u00a0 il via alla caccia, come segugi hanno seguito la scia d&#8217;olio sull&#8217;asfalto fino a <\/span><\/span><span style=\"font-family: Georgia, serif;\"><span style=\"font-size: medium;\">rinvenire l\u2019auto danneggiata , abbandonata da un uomo datosi alla fuga. <\/span><\/span><span style=\"color: #000000;\"><span style=\"font-family: Georgia, serif;\"><span style=\"font-size: medium;\">Dopo una veloce perlustrazione delle abitazioni, veniva udita la voce di un uomo il quale era intento in una animata discussione con altra persona alla quale stava raccontando a viva voce la dinamica dell\u2019incidente. Identifcato <\/span><\/span><\/span><span style=\"color: #000000;\"><span style=\"font-family: Georgia, serif;\"><span style=\"font-size: medium;\">l\u2019uomo, classe 1989, risultava positivo ad accertamento etilometrico (valore 2,02 grammi per litro, ossia ben 4 volte il limite consentito), che su di lui pendeva gi\u00e0 un provvedimento di sospensione della patente di guida e che, come non bastasse, si era posto alla guida di un veicolo con revisione scaduta. <\/span><\/span><\/span><span style=\"color: #000000;\"><span style=\"font-family: Georgia, serif;\"><span style=\"font-size: medium;\">L\u2019uomo \u00e8 stato, quindi, deferito all\u2019Autorit\u00e0 Giudiziaria per essersi posto alla guida di veicolo in stato di notevole ebbrezza con l\u2019aggravante di avere provocato un incidente stradale ed essersi poi dato alla fuga, senza prestare soccorso, rischia per la fuga, fino a tre anni di reclusione e, per la guida in stato di ebbrezza, fino a 12.000 euro di ammenda e fino a due anni di arresto, oltre alla revoca definitiva della patente di guida.<\/span><\/span><\/span><\/p>\n<blockquote>\n<p align=\"JUSTIFY\"><span style=\"color: #000000;\"><span style=\"font-family: Georgia, serif;\"><span style=\"font-size: medium;\"><strong>Il Comandante della Polizia Stradale di Belluno, dott. Salvatore Erich Atorino dichiara<\/strong>: \u201c<\/span><\/span><\/span><span style=\"color: #000000;\"><span style=\"font-family: Georgia, serif;\"><span style=\"font-size: medium;\"><i>E\u2019 incredibile come, dopo tutti gli episodi tragici che si sentono accadere, vi sia ancora qualche sconsiderato che agisce nella massima incoscienza, come nel caso in argomento dove, grazie al preziosissimo intervento dei colleghi, peraltro ancora pi\u00f9 lodevole visto che erano fuori dal servizio, siamo riusciti a intercettare e sanzionare poi questa persona che \u00e8 stata dunque deferita all\u2019Autorit\u00e0 Giudiziaria. Purtroppo, abbiamo rilevato, il fenomeno delle fughe in caso di incidente \u00e8 in sensibile aumento. Per questo, vorrei mandare un chiaro segnale a tutti coloro che pensano di fare i furbi. Le forze di polizia, oggigiorno, hanno delle possibilit\u00e0 molto elevate di rintracciare chi si d\u00e0 alla fuga da incidenti, oltre che per la pronta risposta di intervento che fortunatamente, come si \u00e8 visto nell\u2019episodio in argomento, si riesce a dare in questi casi, per la presenza diffusa di sistemi di videosorveglianza, sia per la presenza su tante autovetture private di sistemi di telecamere. Bisogna sapere che chi scappa da un incidente rischia seriamente il carcere, specialmente se vi sono persone ferite e ancor di pi\u00f9 se a causarlo \u00e8 una persona in stato di ebbrezza alcolica o in stato di alterazione da sostanze stupefacenti<\/i><\/span><\/span><\/span><span style=\"font-family: Maiandra GD, serif;\"><span style=\"font-size: medium;\">. <\/span><\/span><span style=\"font-family: Georgia, serif;\"><span style=\"font-size: medium;\"><i>A questo proposito<\/i><\/span><\/span><span style=\"font-family: Maiandra GD, serif;\"><span style=\"font-size: medium;\"><i>, <\/i><\/span><\/span><span style=\"font-family: Georgia, serif;\"><span style=\"font-size: medium;\"><i>voglio dire che<\/i><\/span><\/span><span style=\"font-family: Georgia, serif;\"><span style=\"font-size: medium;\"><i>i<\/i><\/span><\/span><span style=\"color: #000000;\"><span style=\"font-family: Georgia, serif;\"><span style=\"font-size: medium;\"><i> controlli della Polizia Stradale proseguiranno senza sosta, nella prospettiva di anticipare e prontamente fermare tutte le condotte rischiose per la sicurezza della circolazione, per la vita e la salute dei passeggeri dei veicoli che circolano sulle arterie della viabilit\u00e0 della Provincia di Belluno<\/i><\/span><\/span><\/span><span style=\"color: #000000;\"><span style=\"font-family: Georgia, serif;\"><span style=\"font-size: medium;\">\u201d.<\/span><\/span><\/span><\/p>\n<\/blockquote>\n<hr \/>\n<p align=\"JUSTIFY\">\n","protected":false},"excerpt":{"rendered":"<p>BELLUNO Incidente con fuga tra Viale Europa e via San Lorenzo, poco prima delle sette del mattino di due giorni fa. Sul posto gli agenti della volante gi\u00e0 erano arrivati con un dubbio avendo incrociato il &#8220;pirata&#8221; in fuga su un&#8217;auto danneggiata nella parte anteriore.\u00a0 Una volta certi dell&#8217;arrivo di una seconda volante che ha&hellip;<\/p>\n","protected":false},"author":4,"featured_media":47103,"comment_status":"closed","ping_status":"closed","sticky":false,"template":"","format":"standard","meta":{"_monsterinsights_skip_tracking":false,"_monsterinsights_sitenote_active":false,"_monsterinsights_sitenote_note":"","_monsterinsights_sitenote_category":0,"footnotes":""},"categories":[104,49],"tags":[],"class_list":["post-355630","post","type-post","status-publish","format-standard","has-post-thumbnail","hentry","category-evidenza_3","category-news-18","category-104","category-49","description-off"],"img_url":"https:\/\/www.radiopiu.net\/wordpress\/wp-content\/uploads\/2018\/04\/Polizia-726x400.jpg","_links":{"self":[{"href":"https:\/\/www.radiopiu.net\/wordpress\/wp-json\/wp\/v2\/posts\/355630","targetHints":{"allow":["GET"]}}],"collection":[{"href":"https:\/\/www.radiopiu.net\/wordpress\/wp-json\/wp\/v2\/posts"}],"about":[{"href":"https:\/\/www.radiopiu.net\/wordpress\/wp-json\/wp\/v2\/types\/post"}],"author":[{"embeddable":true,"href":"https:\/\/www.radiopiu.net\/wordpress\/wp-json\/wp\/v2\/users\/4"}],"replies":[{"embeddable":true,"href":"https:\/\/www.radiopiu.net\/wordpress\/wp-json\/wp\/v2\/comments?post=355630"}],"version-history":[{"count":0,"href":"https:\/\/www.radiopiu.net\/wordpress\/wp-json\/wp\/v2\/posts\/355630\/revisions"}],"wp:featuredmedia":[{"embeddable":true,"href":"https:\/\/www.radiopiu.net\/wordpress\/wp-json\/wp\/v2\/media\/47103"}],"wp:attachment":[{"href":"https:\/\/www.radiopiu.net\/wordpress\/wp-json\/wp\/v2\/media?parent=355630"}],"wp:term":[{"taxonomy":"category","embeddable":true,"href":"https:\/\/www.radiopiu.net\/wordpress\/wp-json\/wp\/v2\/categories?post=355630"},{"taxonomy":"post_tag","embeddable":true,"href":"https:\/\/www.radiopiu.net\/wordpress\/wp-json\/wp\/v2\/tags?post=355630"}],"curies":[{"name":"wp","href":"https:\/\/api.w.org\/{rel}","templated":true}]}}