{"id":355649,"date":"2023-10-07T05:27:47","date_gmt":"2023-10-07T03:27:47","guid":{"rendered":"https:\/\/www.radiopiu.net\/wordpress\/?p=355649"},"modified":"2023-10-07T06:20:12","modified_gmt":"2023-10-07T04:20:12","slug":"dalla-provincia-una-presa-di-posizione-del-consigliere-competente-a-difesa-degli-autisti","status":"publish","type":"post","link":"https:\/\/www.radiopiu.net\/wordpress\/dalla-provincia-una-presa-di-posizione-del-consigliere-competente-a-difesa-degli-autisti\/","title":{"rendered":"DALLA PROVINCIA UNA PRESA DI POSIZIONE DEL CONSIGLIERE COMPETENTE, A DIFESA DEGLI AUTISTI\u00a0"},"content":{"rendered":"<blockquote>\n<h3><\/h3>\n<\/blockquote>\n<p><strong>di Dario Scopel consigliere provinciale con delega ai trasporti<\/strong><\/p>\n<p><em><img loading=\"lazy\" decoding=\"async\" class=\"alignleft\" src=\"https:\/\/www.radiopiu.net\/wordpress\/wp-content\/uploads\/2021\/10\/9396bbfc-2818-4225-b55d-9a56c39206f1.jpg\" width=\"212\" height=\"119\" \/>\u00abLa situazione del trasporto pubblico ha assunto contorni di criticit\u00e0 inimmaginabili. Dopo l\u2019avvio della scuola, pensavamo &#8211; anche a seguito di alcune interlocuzioni con Dolomitibus &#8211; che il problema potesse essere maggiormente contenuto. Invece la carenza di autisti \u00e8 diventata sempre pi\u00f9 grande, con notevoli disagi per gli utenti, in particolare studenti e lavoratori. Non si vuole scaricare la responsabilit\u00e0 di quanto accade in queste settimane sugli autisti, a cui invece va il ringraziamento per l\u2019impegno che li vede portare avanti con estrema fatica i loro turni di lavoro, facendo fronte anche a lavoro extra per cercare di coprire, nei limiti del possibile, le carenze di personale. A questo punto per\u00f2 \u00e8 quanto mai necessario che Governo e Regione si attivino con urgenza e trovino una soluzione che non pu\u00f2 non partire da risorse certe per le aziende del tpl, tali da consentire di lavorare sulla leva degli stipendi per trattenere e attrarre nuovi autisti. Il trasporto pubblico \u00e8 vitale. E in un territorio di montagna \u00e8 ancora pi\u00f9 essenziale\u00bb.\u00a0<\/em><\/p>\n<p>&nbsp;<\/p>\n<p>&nbsp;<\/p>\n<hr \/>\n<p>&nbsp;<\/p>\n","protected":false},"excerpt":{"rendered":"<p>di Dario Scopel consigliere provinciale con delega ai trasporti \u00abLa situazione del trasporto pubblico ha assunto contorni di criticit\u00e0 inimmaginabili. Dopo l\u2019avvio della scuola, pensavamo &#8211; anche a seguito di alcune interlocuzioni con Dolomitibus &#8211; che il problema potesse essere maggiormente contenuto. Invece la carenza di autisti \u00e8 diventata sempre pi\u00f9 grande, con notevoli disagi&hellip;<\/p>\n","protected":false},"author":4,"featured_media":237486,"comment_status":"closed","ping_status":"closed","sticky":false,"template":"","format":"standard","meta":{"_monsterinsights_skip_tracking":false,"_monsterinsights_sitenote_active":false,"_monsterinsights_sitenote_note":"","_monsterinsights_sitenote_category":0,"footnotes":""},"categories":[51,49],"tags":[],"class_list":["post-355649","post","type-post","status-publish","format-standard","has-post-thumbnail","hentry","category-evidenza-top","category-news-18","category-51","category-49","description-off"],"img_url":"https:\/\/www.radiopiu.net\/wordpress\/wp-content\/uploads\/2021\/10\/9396bbfc-2818-4225-b55d-9a56c39206f1.jpg","_links":{"self":[{"href":"https:\/\/www.radiopiu.net\/wordpress\/wp-json\/wp\/v2\/posts\/355649","targetHints":{"allow":["GET"]}}],"collection":[{"href":"https:\/\/www.radiopiu.net\/wordpress\/wp-json\/wp\/v2\/posts"}],"about":[{"href":"https:\/\/www.radiopiu.net\/wordpress\/wp-json\/wp\/v2\/types\/post"}],"author":[{"embeddable":true,"href":"https:\/\/www.radiopiu.net\/wordpress\/wp-json\/wp\/v2\/users\/4"}],"replies":[{"embeddable":true,"href":"https:\/\/www.radiopiu.net\/wordpress\/wp-json\/wp\/v2\/comments?post=355649"}],"version-history":[{"count":0,"href":"https:\/\/www.radiopiu.net\/wordpress\/wp-json\/wp\/v2\/posts\/355649\/revisions"}],"wp:featuredmedia":[{"embeddable":true,"href":"https:\/\/www.radiopiu.net\/wordpress\/wp-json\/wp\/v2\/media\/237486"}],"wp:attachment":[{"href":"https:\/\/www.radiopiu.net\/wordpress\/wp-json\/wp\/v2\/media?parent=355649"}],"wp:term":[{"taxonomy":"category","embeddable":true,"href":"https:\/\/www.radiopiu.net\/wordpress\/wp-json\/wp\/v2\/categories?post=355649"},{"taxonomy":"post_tag","embeddable":true,"href":"https:\/\/www.radiopiu.net\/wordpress\/wp-json\/wp\/v2\/tags?post=355649"}],"curies":[{"name":"wp","href":"https:\/\/api.w.org\/{rel}","templated":true}]}}