{"id":355653,"date":"2023-10-06T15:50:19","date_gmt":"2023-10-06T13:50:19","guid":{"rendered":"https:\/\/www.radiopiu.net\/wordpress\/?p=355653"},"modified":"2023-10-06T15:50:19","modified_gmt":"2023-10-06T13:50:19","slug":"20-buyer-internazionali-al-buy-veneto-speciale-montagna","status":"publish","type":"post","link":"https:\/\/www.radiopiu.net\/wordpress\/20-buyer-internazionali-al-buy-veneto-speciale-montagna\/","title":{"rendered":"20 BUYER INTERNAZIONALI AL BUY VENETO SPECIALE MONTAGNA"},"content":{"rendered":"<p><strong><a class=\"dt-pswp-item\" href=\"https:\/\/www.radiopiu.net\/wordpress\/wp-content\/uploads\/2023\/10\/LGASDHH-scaled.jpg\" data-dt-img-description=\"\" data-large_image_width=\"2560\" data-large_image_height=\"1696\"><img loading=\"lazy\" decoding=\"async\" class=\" wp-image-355654 alignleft\" src=\"https:\/\/www.radiopiu.net\/wordpress\/wp-content\/uploads\/2023\/10\/LGASDHH-300x199.jpg\" alt=\"\" width=\"214\" height=\"142\" srcset=\"https:\/\/www.radiopiu.net\/wordpress\/wp-content\/uploads\/2023\/10\/LGASDHH-300x199.jpg 300w, https:\/\/www.radiopiu.net\/wordpress\/wp-content\/uploads\/2023\/10\/LGASDHH-1024x678.jpg 1024w, https:\/\/www.radiopiu.net\/wordpress\/wp-content\/uploads\/2023\/10\/LGASDHH-768x509.jpg 768w, https:\/\/www.radiopiu.net\/wordpress\/wp-content\/uploads\/2023\/10\/LGASDHH-1536x1018.jpg 1536w, https:\/\/www.radiopiu.net\/wordpress\/wp-content\/uploads\/2023\/10\/LGASDHH-2048x1357.jpg 2048w\" sizes=\"auto, (max-width: 214px) 100vw, 214px\" \/><\/a>BELLUNO <\/strong>Alla sua settima edizione Dolomiti Show, la fiera della montagna, propone l\u2019evento dedicato alle strutture ricettive e operatori turistici. Si tratta del \u201cBuy Veneto Speciale Montagna\u201d che si \u00e8 tenuto il 6 ottobre in una location esclusiva, Villa Gaggia. L\u2019evento ha ospitato 20 buyer internazionali interessati ad acquistare offerte turistiche da vivere nel territorio bellunese. I buyer stranieri hanno incontrato i rappresentanti di strutture ricettive, operatori e consorzi turistici, agenzie di viaggio specializzate in incoming, B&amp;B, wedding planner, campeggi, agenzie immobiliari, servizi sportivi, organizzatori di eventi e servizi di trasporto operanti nel territorio delle Dolomiti che desiderano proporre e commercializzare ai mercati esteri la propria offerta turistica<strong>.\u00a0 <\/strong>\u201cBuy Veneto Speciale Montagna\u201d \u00e8 un\u2019iniziativa fortemente voluta dalla Regione Veneto e dalla Provincia di Belluno ed \u00e8 organizzata da Dolomiti Show, in collaborazione con Longarone Fiere e Dolomiti HoReCa, con l\u2019obiettivo di incrementare il numero degli arrivi e delle presenze dei turisti nella provincia di Belluno. \u201c<em>\u00c8 un\u2019opportunit\u00e0 preziosa<\/em> \u2013 evidenzia il Presidente della Provincia, Roberto Padrin &#8211; <em>per sviluppare le grandi potenzialit\u00e0 del nostro territorio e per intercettare l\u2019elevato flusso turistico legato alle Dolomiti Bellunesi. Oggi \u00e8 quanto mai fondamentale lavorare sulla qualit\u00e0 e sulla preparazione, perch\u00e9 \u00e8 quanto chiede il mercato del turismo e dell&#8217;ospitalit\u00e0. E l&#8217;appuntamento di Dolomiti Show, continuazione ideale di Dolomiti Horeca, va nella giusta direzione&#8221;.\u00a0 <\/em>Michele Dal Farra, Direttore Longarone Fiere Dolomiti, aggiunge: \u201c<em>Dolomiti Show quest\u2019anno \u00e8 diventata un \u201cfuori salone\u201d, nella location di Villa Gaggia, per far immergere i buyer internazionali nelle bellezze del nostro territorio. \u00c8 un\u2019innovazione e insieme una continuazione di Dolomiti Horeca, prodotto strategico per il turismo in fortissima crescita, che gli operatori ci chiedono di proseguire e rafforzare.\u201d <\/em>Quest\u2019anno oltre ai tradizionali mercati di centro, nord ed est Europa, hanno partecipato gli Stati Uniti e sono tornati nuovamente i mercati orientali (India, Tailandia, ecc\u2026). 51 seller iscritti nell\u2019edizione 2023. Ogni operatore turistico ha avuto la possibilit\u00e0 di presentare personalmente, e senza intermediari, la propria offerta dialogando con buyers internazionali disposti ad ascoltare e ad acquistare pacchetti turistici nella provincia di Belluno.<em>\u00a0\u201cDolomiti Show \u2013 <\/em>sottolinea il Direttore di Dolomiti Show, Mauro Topinelli<em>&#8211; vuole sostenere una crescita in ambito ricettivo-turistico necessaria per vivere al meglio le opportunit\u00e0 che si genereranno dai grandi eventi che coinvolgono il territorio bellunese: Olimpiadi Milano-Cortina 2026 e Paralimpiadi 2026. <\/em><em>Dolomiti Show crede nel turismo come risorsa economica, un volano per il territorio e un\u2019opportunit\u00e0 di crescita economica per i diversi sistemi produttivi locali. Colgo l\u2019occasione per ringraziare pubblicamente la famiglia Gaggia che ci ha permesso l\u2019utilizzo di una location davvero meravigliosa, molto apprezzata da seller e buyer.\u201d<\/em><\/p>\n<p>&nbsp;<\/p>\n<p>&nbsp;<\/p>\n<p>*******<\/p>\n","protected":false},"excerpt":{"rendered":"<p>BELLUNO Alla sua settima edizione Dolomiti Show, la fiera della montagna, propone l\u2019evento dedicato alle strutture ricettive e operatori turistici. Si tratta del \u201cBuy Veneto Speciale Montagna\u201d che si \u00e8 tenuto il 6 ottobre in una location esclusiva, Villa Gaggia. L\u2019evento ha ospitato 20 buyer internazionali interessati ad acquistare offerte turistiche da vivere nel territorio&hellip;<\/p>\n","protected":false},"author":4,"featured_media":355654,"comment_status":"closed","ping_status":"closed","sticky":false,"template":"","format":"standard","meta":{"_monsterinsights_skip_tracking":false,"_monsterinsights_sitenote_active":false,"_monsterinsights_sitenote_note":"","_monsterinsights_sitenote_category":0,"footnotes":""},"categories":[49],"tags":[],"class_list":["post-355653","post","type-post","status-publish","format-standard","has-post-thumbnail","hentry","category-news-18","category-49","description-off"],"img_url":"https:\/\/www.radiopiu.net\/wordpress\/wp-content\/uploads\/2023\/10\/LGASDHH-scaled.jpg","_links":{"self":[{"href":"https:\/\/www.radiopiu.net\/wordpress\/wp-json\/wp\/v2\/posts\/355653","targetHints":{"allow":["GET"]}}],"collection":[{"href":"https:\/\/www.radiopiu.net\/wordpress\/wp-json\/wp\/v2\/posts"}],"about":[{"href":"https:\/\/www.radiopiu.net\/wordpress\/wp-json\/wp\/v2\/types\/post"}],"author":[{"embeddable":true,"href":"https:\/\/www.radiopiu.net\/wordpress\/wp-json\/wp\/v2\/users\/4"}],"replies":[{"embeddable":true,"href":"https:\/\/www.radiopiu.net\/wordpress\/wp-json\/wp\/v2\/comments?post=355653"}],"version-history":[{"count":0,"href":"https:\/\/www.radiopiu.net\/wordpress\/wp-json\/wp\/v2\/posts\/355653\/revisions"}],"wp:featuredmedia":[{"embeddable":true,"href":"https:\/\/www.radiopiu.net\/wordpress\/wp-json\/wp\/v2\/media\/355654"}],"wp:attachment":[{"href":"https:\/\/www.radiopiu.net\/wordpress\/wp-json\/wp\/v2\/media?parent=355653"}],"wp:term":[{"taxonomy":"category","embeddable":true,"href":"https:\/\/www.radiopiu.net\/wordpress\/wp-json\/wp\/v2\/categories?post=355653"},{"taxonomy":"post_tag","embeddable":true,"href":"https:\/\/www.radiopiu.net\/wordpress\/wp-json\/wp\/v2\/tags?post=355653"}],"curies":[{"name":"wp","href":"https:\/\/api.w.org\/{rel}","templated":true}]}}