{"id":355675,"date":"2023-10-07T05:23:05","date_gmt":"2023-10-07T03:23:05","guid":{"rendered":"https:\/\/www.radiopiu.net\/wordpress\/?p=355675"},"modified":"2023-10-07T06:22:49","modified_gmt":"2023-10-07T04:22:49","slug":"sui-domini-collettivi-ossia-i-cosiddetti-usi-civici-le-regole-altri-decima-parte","status":"publish","type":"post","link":"https:\/\/www.radiopiu.net\/wordpress\/sui-domini-collettivi-ossia-i-cosiddetti-usi-civici-le-regole-altri-decima-parte\/","title":{"rendered":"SUI DOMINI COLLETTIVI OSSIA I COSIDDETTI USI CIVICI, LE REGOLE &#038; ALTRI \u2013 DECIMA PARTE &#8211; VIABILITA&#8217; SILVO PASTORALE"},"content":{"rendered":"<p><strong><a class=\"dt-pswp-item\" href=\"https:\/\/www.radiopiu.net\/wordpress\/wp-content\/uploads\/2023\/10\/e1f7ad4b-03b9-4baf-b357-6e82c51613af.jpg\" data-dt-img-description=\"\" data-large_image_width=\"1600\" data-large_image_height=\"1200\"><img loading=\"lazy\" decoding=\"async\" class=\"size-medium wp-image-355679 alignleft\" src=\"https:\/\/www.radiopiu.net\/wordpress\/wp-content\/uploads\/2023\/10\/e1f7ad4b-03b9-4baf-b357-6e82c51613af-300x225.jpg\" alt=\"\" width=\"300\" height=\"225\" srcset=\"https:\/\/www.radiopiu.net\/wordpress\/wp-content\/uploads\/2023\/10\/e1f7ad4b-03b9-4baf-b357-6e82c51613af-300x225.jpg 300w, https:\/\/www.radiopiu.net\/wordpress\/wp-content\/uploads\/2023\/10\/e1f7ad4b-03b9-4baf-b357-6e82c51613af-1024x768.jpg 1024w, https:\/\/www.radiopiu.net\/wordpress\/wp-content\/uploads\/2023\/10\/e1f7ad4b-03b9-4baf-b357-6e82c51613af-768x576.jpg 768w, https:\/\/www.radiopiu.net\/wordpress\/wp-content\/uploads\/2023\/10\/e1f7ad4b-03b9-4baf-b357-6e82c51613af-1536x1152.jpg 1536w, https:\/\/www.radiopiu.net\/wordpress\/wp-content\/uploads\/2023\/10\/e1f7ad4b-03b9-4baf-b357-6e82c51613af.jpg 1600w\" sizes=\"auto, (max-width: 300px) 100vw, 300px\" \/><\/a>di Tiziano De Col<\/strong><\/p>\n<p>Facendo seguito alle prime nove parti di questa succinta e didascalica trattazione sui Dom\u00ecni Collettivi, Agordini in special modo, consigliamo la lettura delle prime nove parti da qui raggiungibili<\/p>\n<p><a href=\"https:\/\/www.radiopiu.net\/wordpress\/sui-demani-collettivi-ossia-i-cosiddetti-usi-civici-le-regole-altri-prima-parte\/\"><b>PRIMA PARTE<\/b><\/a><strong>\u00a0\u00a0<\/strong><a href=\"https:\/\/www.radiopiu.net\/wordpress\/sui-domini-collettivi-ossia-i-cosiddetti-usi-civici-le-regole-e-altri-seconda-parte\/\"><b>SECONDA PARTE<\/b><\/a><strong>\u00a0\u00a0<\/strong><a href=\"https:\/\/www.radiopiu.net\/wordpress\/sui-domini-collettivi-ossia-i-cosiddetti-usi-civici-le-regole-altri-terza-parte\/\"><b>TERZA PARTE<\/b><\/a><strong>\u00a0\u00a0<\/strong><a href=\"https:\/\/www.radiopiu.net\/wordpress\/sui-domini-collettivi-ossia-i-cosiddetti-usi-civici-le-regole-altri-quarta-parte\/\"><b>QUARTA PARTE<\/b><\/a><strong>\u00a0\u00a0<\/strong><a href=\"https:\/\/www.radiopiu.net\/wordpress\/sui-domini-collettivi-ossia-i-cosiddetti-usi-civici-le-regole-altri-quinta-parte\/\"><b>QUINTA PARTE<\/b><\/a>\u00a0\u00a0<a href=\"https:\/\/www.radiopiu.net\/wordpress\/usi-civici-ovvero-domini-collettivi-sesta-parte-di-tiziano-de-col\/\"><b>SESTA PARTE<\/b><\/a> <a href=\"https:\/\/www.radiopiu.net\/wordpress\/sui-domini-collettivi-ossia-i-cosiddetti-usi-civici-le-regole-altri-settima-parte\/\"><b>SETTIMA PARTE <\/b><\/a><strong><a href=\"https:\/\/www.radiopiu.net\/wordpress\/sui-domini-collettivi-ossia-i-cosiddetti-usi-civici-le-regole-altri-ottava-parte\/\">OTTAVA PARTE<\/a>\u00a0 <a href=\"https:\/\/www.radiopiu.net\/wordpress\/sui-domini-collettivi-ossia-i-cosiddetti-usi-civici-le-regole-altri-nona-parte\/\">NONA PARTE<\/a><\/strong><\/p>\n<p>Come gi\u00e0 accennato in una parte precedente di questa succinta e didascalica trattazione, ci sono degli aspetti pratici sull\u2019applicazione della Legge 168\/2017 (Norme in materia di Dom\u00ecni Collettivi) che devono, anzi dovevano essere affrontati da tempo, ossia dal novembre 2017. Uno di questi aspetti \u00e8 l\u2019incidenza della normativa nazionale dettata dalla Legge 168\/2017 sulle Leggi Regionali, quali, in questo caso, la Legge Regione Veneto 14\/1992 che disciplina la viabilit\u00e0 silvo-pastorale. Per quanto riguarda le Regole gi\u00e0 ricostituite, riteniamo che la legge regionale 14\/1992 non debba adeguarsi in modo sostanziale in quanto sufficientemente allineata, mentre per i Dom\u00ecni Collettivi (ex Usi Civici erroneamente definiti) amministrati pro-tempore dai Comuni, la stessa legge riteniamo debba essere adeguata oppure adeguatamente interpretata (come di seguito descritto) , in quanto i Cives (ossia i residenti del Comune o della Frazione ) sono considerati dalla legge nazionale come comproprietari dei Dom\u00ecni Collettivi (art 1, lettera d , Legge 168\/2017) e quindi , i singoli comproprietari sono, a tutti gli effetti come un qualsiasi comproprietario di un terreno privato che gi\u00e0 ha il diritto di avere il permesso per la viabilit\u00e0 silvo pastorale interessata all\u2019accesso al terreno che ha in compropriet\u00e0. Nel caso di un Cives comproprietario di un Dominio Collettivo, il diritto, a nostro avviso, \u00e8 per tutti i terreni del Dominio Collettivo.<br \/>\nA dire il vero, probabilmente la Legge Regionale 14\/92, non necessiterebbe nemmeno di essere adeguata e potrebbe subito trovare applicazione a testo vigente proprio perch\u00e9 i Cives sono gi\u00e0 correttamente rappresentati nella 14\/92, proprio in quanto comproprietari del Dominio Collettivo almeno fintato che non venga ricostituita la Regola titolare del Patrimonio Antico, alch\u00e8 i titolari del diritto diverrebbero i soli Regolieri e non la totalit\u00e0 dei Cives ossia dei residenti.<br \/>\nEssendo la compropriet\u00e0 del Dominio Collettivo per Legge inalienabile, indivisibile ed inusucapibile, a nostro avviso il permesso deve essere permanente, se cos\u00ec richiesto dal Cives, in quanto la compropriet\u00e0 del Cives \u00e8 legata al suo stesso esistere come persona e non pu\u00f2 essere ceduta.<\/p>\n<p>&nbsp;<\/p>\n<p>&nbsp;<\/p>\n<p>********<\/p>\n","protected":false},"excerpt":{"rendered":"<p>di Tiziano De Col Facendo seguito alle prime nove parti di questa succinta e didascalica trattazione sui Dom\u00ecni Collettivi, Agordini in special modo, consigliamo la lettura delle prime nove parti da qui raggiungibili PRIMA PARTE\u00a0\u00a0SECONDA PARTE\u00a0\u00a0TERZA PARTE\u00a0\u00a0QUARTA PARTE\u00a0\u00a0QUINTA PARTE\u00a0\u00a0SESTA PARTE SETTIMA PARTE OTTAVA PARTE\u00a0 NONA PARTE Come gi\u00e0 accennato in una parte precedente di questa&hellip;<\/p>\n","protected":false},"author":4,"featured_media":355679,"comment_status":"closed","ping_status":"closed","sticky":false,"template":"","format":"standard","meta":{"_monsterinsights_skip_tracking":false,"_monsterinsights_sitenote_active":false,"_monsterinsights_sitenote_note":"","_monsterinsights_sitenote_category":0,"footnotes":""},"categories":[104,49],"tags":[],"class_list":["post-355675","post","type-post","status-publish","format-standard","has-post-thumbnail","hentry","category-evidenza_3","category-news-18","category-104","category-49","description-off"],"img_url":"https:\/\/www.radiopiu.net\/wordpress\/wp-content\/uploads\/2023\/10\/e1f7ad4b-03b9-4baf-b357-6e82c51613af.jpg","_links":{"self":[{"href":"https:\/\/www.radiopiu.net\/wordpress\/wp-json\/wp\/v2\/posts\/355675","targetHints":{"allow":["GET"]}}],"collection":[{"href":"https:\/\/www.radiopiu.net\/wordpress\/wp-json\/wp\/v2\/posts"}],"about":[{"href":"https:\/\/www.radiopiu.net\/wordpress\/wp-json\/wp\/v2\/types\/post"}],"author":[{"embeddable":true,"href":"https:\/\/www.radiopiu.net\/wordpress\/wp-json\/wp\/v2\/users\/4"}],"replies":[{"embeddable":true,"href":"https:\/\/www.radiopiu.net\/wordpress\/wp-json\/wp\/v2\/comments?post=355675"}],"version-history":[{"count":0,"href":"https:\/\/www.radiopiu.net\/wordpress\/wp-json\/wp\/v2\/posts\/355675\/revisions"}],"wp:featuredmedia":[{"embeddable":true,"href":"https:\/\/www.radiopiu.net\/wordpress\/wp-json\/wp\/v2\/media\/355679"}],"wp:attachment":[{"href":"https:\/\/www.radiopiu.net\/wordpress\/wp-json\/wp\/v2\/media?parent=355675"}],"wp:term":[{"taxonomy":"category","embeddable":true,"href":"https:\/\/www.radiopiu.net\/wordpress\/wp-json\/wp\/v2\/categories?post=355675"},{"taxonomy":"post_tag","embeddable":true,"href":"https:\/\/www.radiopiu.net\/wordpress\/wp-json\/wp\/v2\/tags?post=355675"}],"curies":[{"name":"wp","href":"https:\/\/api.w.org\/{rel}","templated":true}]}}