{"id":355721,"date":"2023-10-09T05:33:19","date_gmt":"2023-10-09T03:33:19","guid":{"rendered":"https:\/\/www.radiopiu.net\/wordpress\/?p=355721"},"modified":"2023-10-09T07:58:50","modified_gmt":"2023-10-09T05:58:50","slug":"giornale-radiopiu-09-ottobre-2023-direttore-mirko-mezzacasada-40-anni-25-giugno-1983-25-giugno-2023","status":"publish","type":"post","link":"https:\/\/www.radiopiu.net\/wordpress\/giornale-radiopiu-09-ottobre-2023-direttore-mirko-mezzacasada-40-anni-25-giugno-1983-25-giugno-2023\/","title":{"rendered":"GIORNALE RADIOPIU 09 OTTOBRE 2023 DIRETTORE MIRKO MEZZACASA\u2026DA 40 ANNI 25 GIUGNO 1983-25 GIUGNO 2023"},"content":{"rendered":"<h1 class=\"entry-title photoswipe-wrapper\"><a class=\"dt-pswp-item pspw-wrap-ready\" href=\"https:\/\/www.radiopiu.net\/wordpress\/wp-content\/uploads\/2023\/09\/34f4cfc6-e863-46e9-9695-8df44be63421-1.jpg\" data-dt-img-description=\"\" data-large_image_width=\"1200\" data-large_image_height=\"1200\"><img loading=\"lazy\" decoding=\"async\" class=\"wp-image-354561 alignleft\" src=\"https:\/\/www.radiopiu.net\/wordpress\/wp-content\/uploads\/2023\/09\/34f4cfc6-e863-46e9-9695-8df44be63421-1-300x300.jpg\" sizes=\"auto, (max-width: 124px) 100vw, 124px\" srcset=\"https:\/\/www.radiopiu.net\/wordpress\/wp-content\/uploads\/2023\/09\/34f4cfc6-e863-46e9-9695-8df44be63421-1-300x300.jpg 300w, https:\/\/www.radiopiu.net\/wordpress\/wp-content\/uploads\/2023\/09\/34f4cfc6-e863-46e9-9695-8df44be63421-1-1024x1024.jpg 1024w, https:\/\/www.radiopiu.net\/wordpress\/wp-content\/uploads\/2023\/09\/34f4cfc6-e863-46e9-9695-8df44be63421-1-150x150.jpg 150w, https:\/\/www.radiopiu.net\/wordpress\/wp-content\/uploads\/2023\/09\/34f4cfc6-e863-46e9-9695-8df44be63421-1-768x768.jpg 768w, https:\/\/www.radiopiu.net\/wordpress\/wp-content\/uploads\/2023\/09\/34f4cfc6-e863-46e9-9695-8df44be63421-1.jpg 1200w\" alt=\"\" width=\"124\" height=\"124\" \/><\/a>40esimo di RADIOPIU\u2026. LA VOCE DELL\u2019EMOZIONE<\/h1>\n<h2><span style=\"color: #ff0000;\">ISCRIVITI AL NOSTRO CANALE\u00a0\u00a0YOUTUBE PER SEGUIRE IN DIRETTA I PRINCIPALI PROGRAMMI DI RADIO PIU\u2019 E LE FUTURE DIRETTE IN ESTERNA. PER ISCRIVERTI\u00a0<a style=\"color: #ff0000;\" href=\"https:\/\/youtube.com\/@radiopiu1527\">CLICCA QUI\u00a0<\/a>E PREMI\u00a0 \u201cIscriviti\u201d\u00a0\u00a0<\/span><\/h2>\n<p><b>\u00a0<\/b><\/p>\n<p><strong>OGGI ALLA RADIO, il nuovo palinsesto autunnale tante novit\u00e0:<span style=\"color: #ff00ff;\"> ALLE 7.05 LA RASSEGNA STAMPA FLASH PER CHI VA DI FRETTA<\/span>, GLI APPROFONDIMENTI ALLE 8.05 NELLA STORICA RASSEGNA STAMPA LOCALE, L&#8217;ORIGINALE.\u00a0<\/strong><\/p>\n<p>&nbsp;<\/p>\n<p><strong>LE NUOVE TRUFFE ON LINE, DIFFIDATE DA QUESTI MESSAGGI, SOPRATTTTO NON RISPONDETE AGLI INVITI TRUFFALDINI SVUOTA CONTI CORRENTI\u00a0<\/strong><\/p>\n\n\t\t\t<style type='text\/css'>\n\t\t\t\t#gallery-1 {\n\t\t\t\t\tmargin: auto;\n\t\t\t\t}\n\t\t\t\t#gallery-1 .gallery-item {\n\t\t\t\t\tfloat: left;\n\t\t\t\t\tmargin-top: 10px;\n\t\t\t\t\ttext-align: center;\n\t\t\t\t\twidth: 50%;\n\t\t\t\t}\n\t\t\t\t#gallery-1 img {\n\t\t\t\t\tborder: 2px solid #cfcfcf;\n\t\t\t\t}\n\t\t\t\t#gallery-1 .gallery-caption {\n\t\t\t\t\tmargin-left: 0;\n\t\t\t\t}\n\t\t\t\t\/* see gallery_shortcode() in wp-includes\/media.php *\/\n\t\t\t<\/style>\n\t\t<div id='gallery-1' class='dt-gallery-container gallery galleryid-355721 gallery-columns-2 gallery-size-medium'><dl class='gallery-item'>\n\t\t\t\t<dt class='gallery-icon portrait'>\n\t\t\t\t\t<a class=\"rollover rollover-zoom dt-pswp-item\" title=\"984db848-5296-4390-8dc5-3ea8383fd281\" data-dt-img-description=\"\" data-large_image_width=\"947\" data-large_image_height=\"2048\"href='https:\/\/www.radiopiu.net\/wordpress\/wp-content\/uploads\/2023\/10\/984db848-5296-4390-8dc5-3ea8383fd281-1.jpg'><img loading=\"lazy\" decoding=\"async\" width=\"139\" height=\"300\" src=\"https:\/\/www.radiopiu.net\/wordpress\/wp-content\/uploads\/2023\/10\/984db848-5296-4390-8dc5-3ea8383fd281-1-139x300.jpg\" class=\"attachment-medium size-medium\" alt=\"\" srcset=\"https:\/\/www.radiopiu.net\/wordpress\/wp-content\/uploads\/2023\/10\/984db848-5296-4390-8dc5-3ea8383fd281-1-139x300.jpg 139w, https:\/\/www.radiopiu.net\/wordpress\/wp-content\/uploads\/2023\/10\/984db848-5296-4390-8dc5-3ea8383fd281-1-474x1024.jpg 474w, https:\/\/www.radiopiu.net\/wordpress\/wp-content\/uploads\/2023\/10\/984db848-5296-4390-8dc5-3ea8383fd281-1-768x1661.jpg 768w, https:\/\/www.radiopiu.net\/wordpress\/wp-content\/uploads\/2023\/10\/984db848-5296-4390-8dc5-3ea8383fd281-1-710x1536.jpg 710w, https:\/\/www.radiopiu.net\/wordpress\/wp-content\/uploads\/2023\/10\/984db848-5296-4390-8dc5-3ea8383fd281-1.jpg 947w\" sizes=\"auto, (max-width: 139px) 100vw, 139px\" \/><\/a>\n\t\t\t\t<\/dt><\/dl><dl class='gallery-item'>\n\t\t\t\t<dt class='gallery-icon landscape'>\n\t\t\t\t\t<a class=\"rollover rollover-zoom dt-pswp-item\" title=\"beb97aaa-024c-49dd-a8b2-4f5da067a39a\" data-dt-img-description=\"\" data-large_image_width=\"947\" data-large_image_height=\"542\"href='https:\/\/www.radiopiu.net\/wordpress\/wp-content\/uploads\/2023\/10\/beb97aaa-024c-49dd-a8b2-4f5da067a39a-1.jpg'><img loading=\"lazy\" decoding=\"async\" width=\"300\" height=\"172\" src=\"https:\/\/www.radiopiu.net\/wordpress\/wp-content\/uploads\/2023\/10\/beb97aaa-024c-49dd-a8b2-4f5da067a39a-1-300x172.jpg\" class=\"attachment-medium size-medium\" alt=\"\" srcset=\"https:\/\/www.radiopiu.net\/wordpress\/wp-content\/uploads\/2023\/10\/beb97aaa-024c-49dd-a8b2-4f5da067a39a-1-300x172.jpg 300w, https:\/\/www.radiopiu.net\/wordpress\/wp-content\/uploads\/2023\/10\/beb97aaa-024c-49dd-a8b2-4f5da067a39a-1-768x440.jpg 768w, https:\/\/www.radiopiu.net\/wordpress\/wp-content\/uploads\/2023\/10\/beb97aaa-024c-49dd-a8b2-4f5da067a39a-1.jpg 947w\" sizes=\"auto, (max-width: 300px) 100vw, 300px\" \/><\/a>\n\t\t\t\t<\/dt><\/dl><br style=\"clear: both\" \/>\n\t\t\t<\/div>\n\n<p>&nbsp;<\/p>\n<p>&nbsp;<\/p>\n<p>&nbsp;<\/p>\n<hr \/>\n<p>&nbsp;<\/p>\n<p><img loading=\"lazy\" decoding=\"async\" class=\"alignleft\" src=\"https:\/\/www.radiopiu.net\/wordpress\/wp-content\/uploads\/2022\/05\/download-2.jpg\" width=\"74\" height=\"74\" \/>Gestione Servizi Pubblici informa che ad <strong>AGORDO<\/strong> nelle localit\u00e0 VERAN, CROSTOLIN, PRA GRANDE, COL DI FOGLIA, CASE NAGOL, POLANE E VIA FAION\u00a0 e a <strong>FALCADE<\/strong> nelle localit\u00e0 FALCADE ALTO, VILLOTTA, LA FOCA E VIA MAS DE LE MOLE l&#8217;acqua erogata dall&#8217;acquedotto non \u00e8 potabile e pu\u00f2 essere usata per scopi alimentari SOLO PREVIA bollitura.<\/p>\n<p><strong>TAIBON <\/strong>\u00a0nelle localit\u00e0 RONCH DE BOS e NOGAROLA e a <strong>LIVINALLONGO DEL COL DI LANA<\/strong> in localit\u00e0 LARZONEI, l&#8217;acqua erogata dall&#8217;acquedotto \u00e8 di nuovo potabile.<\/p>\n<p><strong>FALCADE\u00a0<\/strong> per lavori alla rete idrica comunale, OGGI dalle 8 a fine lavori, verr\u00e0 sospesa l\u2019erogazione dell\u2019acqua in CORSO ROMA, CORSO ITALIA e nelle vie MANDRA DEI ROCHI, RONCH, TRIESTE, DEGLI ARTIGIANI e DEGLI EMIGRANTI.<\/p>\n<p>&nbsp;<\/p>\n<p>&nbsp;<\/p>\n<hr \/>\n<p>&nbsp;<\/p>\n<blockquote>\n<h3>203 agordina SEDICO &#8211; ALLEGHE<\/h3>\n<\/blockquote>\n<p><strong>SEDICO<\/strong> 203 agordina senso unico Fino al 20 ottobre<span style=\"color: #ff0000;\">, esclusi sabati e domeniche<\/span>,\u00a0 tra Peron e La Stanga.<\/p>\n<p>&nbsp;<\/p>\n<p>&nbsp;<\/p>\n<hr \/>\n<p>&nbsp;<\/p>\n<blockquote>\n<h3>CHIUSA VIA TRENTO A CAVIOLA<\/h3>\n<\/blockquote>\n<p><strong>FALCADE<\/strong> Il comune di Falcade comunica che fino alle 18 di sabato 18 novembre verr\u00e0 chiusa al traffico Via Trento a Caviola. La chiusura avverr\u00e0 24 ore su 24 compresi sabati, domeniche e festivi.<\/p>\n<p>&nbsp;<\/p>\n<p>&nbsp;<\/p>\n<hr \/>\n<p>&nbsp;<\/p>\n<blockquote>\n<h3>REVOCATA L&#8217;ORDINANZA PER L&#8217;ALTA VIA NUMERO 1<\/h3>\n<\/blockquote>\n<p><strong>LA VALLE <\/strong>Il comune di La Valle ha revocato l&#8217;ordinanza della chiusura al transito dell&#8217;Alta Via Numero 1 nel tratto tra Pian de Caleda e Forcella Dagarei. Strada riaperta<\/p>\n<p>&nbsp;<\/p>\n<hr \/>\n<p>&nbsp;<\/p>\n<blockquote>\n<h3>9 OTTOBRE 1963 &#8211; 9 OTTOBRE 2023: 60 ANNI DALLA TRAGEDIA DEL VAJONT<\/h3>\n<\/blockquote>\n<p><strong><a class=\"dt-pswp-item\" href=\"https:\/\/www.radiopiu.net\/wordpress\/wp-content\/uploads\/2021\/10\/VAJONT-GIORNO-DOPO-FOTO-ZANFRON.png\" data-dt-img-description=\"\" data-large_image_width=\"1196\" data-large_image_height=\"804\"><img loading=\"lazy\" decoding=\"async\" class=\" wp-image-236216 alignright\" src=\"https:\/\/www.radiopiu.net\/wordpress\/wp-content\/uploads\/2021\/10\/VAJONT-GIORNO-DOPO-FOTO-ZANFRON-300x202.png\" alt=\"\" width=\"250\" height=\"168\" srcset=\"https:\/\/www.radiopiu.net\/wordpress\/wp-content\/uploads\/2021\/10\/VAJONT-GIORNO-DOPO-FOTO-ZANFRON-300x202.png 300w, https:\/\/www.radiopiu.net\/wordpress\/wp-content\/uploads\/2021\/10\/VAJONT-GIORNO-DOPO-FOTO-ZANFRON-1024x688.png 1024w, https:\/\/www.radiopiu.net\/wordpress\/wp-content\/uploads\/2021\/10\/VAJONT-GIORNO-DOPO-FOTO-ZANFRON-768x516.png 768w, https:\/\/www.radiopiu.net\/wordpress\/wp-content\/uploads\/2021\/10\/VAJONT-GIORNO-DOPO-FOTO-ZANFRON.png 1196w\" sizes=\"auto, (max-width: 250px) 100vw, 250px\" \/><\/a>LONGARONE<\/strong> Oggi la giornata sar\u00e0 incentrata sulla visita del Presidente della Repubblica Sergio Mattarella. La cerimonia comincer\u00e0 al Cimitero monumentale di Fortogna alle 11 e proseguir\u00e0 nell\u2019area della diga alle 12. Ai due siti sar\u00e0 possibile accedere solo su invito. <strong>CERIMONIA IN DIRETTA SU ANTENNA3. <\/strong>Nel pomeriggio ci saranno tutti gli altri appuntamenti. A cominciare dal convegno di apertura della Settimana nazionale della Protezione Civile. Alle 14.30 al Centro culturale \u201cF. Parri\u201d si parler\u00e0 di \u201cSguardi sul Vajont \u2013 Linguaggi e saperi a confronto sessant\u2019anni dopo la catastrofe\u201d, a cura del Dipartimento di Protezione Civile, Regione Veneto e Regione Autonoma Friuli Venezia-Giulia. Alle 16 il patriarca di Venezia monsignor Francesco Moraglia e il vescovo di Belluno Feltre monsignor Renato Marangoni concelebreranno la messa in suffragio delle vittime al Cimitero monumentale di Fortogna.\u00a0 In serata, la veglia di preghiera che partir\u00e0 da Pirago alle 21 e culminer\u00e0 in chiesa a Longarone nel silenzio delle 22.39, in concomitanza con l\u2019opera teatrale VajontS 2023 che Marco Paolini ha portato in oltre 100 teatri italiani e che nel Bellunese sar\u00e0 proposta da diversi teatri, tra cui il Comunale di Belluno.<\/p>\n<p>&nbsp;<\/p>\n<p><strong><a class=\"dt-pswp-item\" href=\"https:\/\/www.radiopiu.net\/wordpress\/wp-content\/uploads\/2022\/12\/ZAIA.jpg\" data-dt-img-description=\"\" data-large_image_width=\"1024\" data-large_image_height=\"765\"><img loading=\"lazy\" decoding=\"async\" class=\" wp-image-314057 alignleft\" src=\"https:\/\/www.radiopiu.net\/wordpress\/wp-content\/uploads\/2022\/12\/ZAIA-300x224.jpg\" alt=\"\" width=\"153\" height=\"114\" srcset=\"https:\/\/www.radiopiu.net\/wordpress\/wp-content\/uploads\/2022\/12\/ZAIA-300x224.jpg 300w, https:\/\/www.radiopiu.net\/wordpress\/wp-content\/uploads\/2022\/12\/ZAIA-768x574.jpg 768w, https:\/\/www.radiopiu.net\/wordpress\/wp-content\/uploads\/2022\/12\/ZAIA.jpg 1024w\" sizes=\"auto, (max-width: 153px) 100vw, 153px\" \/><\/a>VENEZIA <\/strong>\u201cSono trascorsi sessant\u2019anni dal 9 ottobre 1963 quando la nostra Terra \u00e8 stata lacerata da una ferita tremenda, ancora oggi non rimarginata in tanti animi. Da quel giorno i nomi di Vajont e di Longarone sono tristemente scritti nella storia del Paese e contemporaneamente sono entrati indelebilmente nei nostri cuori e nella nostra memoria collettiva. Questo anniversario ci porta, ancora una volta, a misurarci con una delle peggiori sciagure causate dalla colpevole presunzione dell\u2019uomo di poter piegare la Natura ai suoi interessi, anche a costo di un rischio immane. In questa amara riflessione, rivolgiamo alle vittime un deferente ricordo, un pensiero alle loro famiglie e a tutti sopravvissuti, immensa gratitudine ai tanti soccorritori accorsi. Non ultimo, riconfermiamo tutta la nostra ammirazione a chi, rimboccandosi le maniche, ha vinto il dolore e ha avuto la forza di andare avanti e ricostruire\u201d. Con queste parole, il Presidente della Regione, Luca Zaia, ricorda la catastrofe del Vajont nel 60\u00b0 anniversario della tragedia del Vajont che sconvolse il Veneto e l\u2019Italia con la morte di 1.917 persone di cui 487 bambini.<\/p>\n<p>&nbsp;<\/p>\n<p><strong><a class=\"dt-pswp-item\" href=\"https:\/\/www.radiopiu.net\/wordpress\/wp-content\/uploads\/2019\/09\/Lorraine_Berton.jpg\" data-dt-img-description=\"\" data-large_image_width=\"767\" data-large_image_height=\"768\"><img loading=\"lazy\" decoding=\"async\" class=\" wp-image-99105 alignright\" src=\"https:\/\/www.radiopiu.net\/wordpress\/wp-content\/uploads\/2019\/09\/Lorraine_Berton-300x300.jpg\" alt=\"\" width=\"143\" height=\"143\" srcset=\"https:\/\/www.radiopiu.net\/wordpress\/wp-content\/uploads\/2019\/09\/Lorraine_Berton-300x300.jpg 300w, https:\/\/www.radiopiu.net\/wordpress\/wp-content\/uploads\/2019\/09\/Lorraine_Berton-150x150.jpg 150w, https:\/\/www.radiopiu.net\/wordpress\/wp-content\/uploads\/2019\/09\/Lorraine_Berton.jpg 767w\" sizes=\"auto, (max-width: 143px) 100vw, 143px\" \/><\/a>BELLUNO <\/strong>\u201cIl mondo dell&#8217;industria bellunese d\u00e0 il benvenuto al Presidente della Repubblica Sergio Mattarella. Il suo arrivo a Longarone, nel sessantesimo della tragedia del Vajont, \u00e8 un segnale di fiducia e rispetto nei confronti della nostra montagna: solo preservando la memoria di un territorio si creano le basi per un futuro sostenibile\u201d. A dirlo \u00e8 Lorraine Berton, presidente di Confindustria Belluno Dolomiti, in vista delle Commemorazioni del Vajont previste a Longarone alla presenza del Capo dello Stato. \u201cOggi pi\u00f9 che mai abbiamo il \u201cdovere della memoria\u201d e ognuno \u00e8 chiamato a fare la propria parte per non dimenticare, compreso il mondo dell&#8217;impresa. Il Vajont \u00e8 una lezione quanto mai attuale: racconta di come non ci sia nessuna alternativa a uno sviluppo sostenibile dell&#8217;impresa e dei territori, soprattutto nelle terre alte\u201d.<\/p>\n<p>&nbsp;<\/p>\n<p>&nbsp;<\/p>\n<blockquote class=\"wp-embedded-content\" data-secret=\"olCqBJ89d0\"><p><a href=\"https:\/\/www.radiopiu.net\/wordpress\/il-60esimo-anniversario-del-disastro-del-vajont-giusto-mottes-antonio-moro-fabio-rufus-bristot-valerio-spagna\/\">IL 60ESIMO ANNIVERSARIO DEL DISASTRO DEL VAJONT &#8211; giusto mottes, antonio moro, fabio rufus bristot, valerio spagna<\/a><\/p><\/blockquote>\n<p><iframe loading=\"lazy\" class=\"wp-embedded-content\" sandbox=\"allow-scripts\" security=\"restricted\" style=\"position: absolute; clip: rect(1px, 1px, 1px, 1px);\" title=\"&#8220;IL 60ESIMO ANNIVERSARIO DEL DISASTRO DEL VAJONT &#8211; giusto mottes, antonio moro, fabio rufus bristot, valerio spagna&#8221; &#8212; Radio Pi\u00f9\" src=\"https:\/\/www.radiopiu.net\/wordpress\/il-60esimo-anniversario-del-disastro-del-vajont-giusto-mottes-antonio-moro-fabio-rufus-bristot-valerio-spagna\/embed\/#?secret=fxd0YkR96x#?secret=olCqBJ89d0\" data-secret=\"olCqBJ89d0\" width=\"600\" height=\"338\" frameborder=\"0\" marginwidth=\"0\" marginheight=\"0\" scrolling=\"no\"><\/iframe><\/p>\n<p>&nbsp;<\/p>\n<p>&nbsp;<\/p>\n<h2><span style=\"color: #ff0000;\">L&#8217;OPINIONE&#8230;DI FRANCO PIACENTINI<\/span><\/h2>\n<p><em>Il 9 ottobre rimane, e rimarr\u00e0, giorno di grandissima emotivit\u00e0 nel triste ricordo delle innocenti vittime del disastro Vajont, provocato dalla indifferenza e dalla avidit\u00e0 di persone senza scrupoli. Persone: progettisti, tecnici, geologi e soprattutto politici in quel periodo, pubblici amministratori, pi\u00f9 volte invitati, sollecitati, alla prudenza e all&#8217;abbandono della costruzione diga Vajont, ben conoscendo, da decenni, che il monte Toc era instabile. Tra le pi\u00f9 forti voci autorevoli di quel invito a non realizzare la pi\u00f9 grande (in quegli anni) diga al mondo, \u00e8 stata quella di Tina Merlin con i suoi articoli per il quotidiano l&#8217; Unit\u00e0. Nel maggio 1959, scrisse: &#8220;A Erto, 130 capifamiglia si sono consorziati per difendere i diritti della collettivit\u00e0 del paese di fronte ai soprusi della Sade &#8230;.&#8221;. Nel novembre 1960, scrisse: &#8220;Il lago artificiale di Erto, nel cui bacino le acque sono state immesse da appena un mese, ha gi\u00e0 cominciato a provocare disastri&#8230;&#8221;. Il 10 ottobre 1963, scrisse: &#8220;Un testimone da Longarone ha portato le seguenti drammatiche notizie: il paese \u00e8 stato spazzato via; l&#8217;aspetto \u00e8 agghiacciante, non si ode un gemito, sembra un immenso cimitero&#8230;&#8221;. Sarebbe bene, rileggendo quanto scrisse Tina Merlin e con l&#8217;autorevole presenza al Cimitero di Fortogna del Presidente della Repubblica, che tutto lo Stato Italiano, nel ricordare (ricordo indelebile) questo disastro, come monito per scongiurare altri analoghi drammi umani e ambientali, rivolgesse ufficialmente un sincero e sentito pensiero alle oltre 1900 vittime, ai superstiti, alle comunit\u00e0 locali e ai soccorritori. Tutti i giorni il 9 ottobre deve rimanere nel cuore e nella mente di tutti gli italiani.\u00a0<\/em><\/p>\n<p><em>Franco Piacentini<\/em><\/p>\n<p>&nbsp;<\/p>\n<p>&nbsp;<\/p>\n<hr \/>\n<p>&nbsp;<\/p>\n<blockquote>\n<h3>LONGARONE ABBRACCIA I SUOI &#8220;ANGELI. DEDICATO UN VIALE AI SOCCORRITORI<\/h3>\n<\/blockquote>\n<p><strong>LONGARONE <\/strong>Il comune di Longarone ha celebrato la Giornata del Soccorritore per onorare coloro che hanno prestato soccorso alla comunit\u00e0 dopo la tragedia del Vajont del 1963. Durante la cerimonia, don Rinaldo Ottone ha citato una domanda di un rabbino ai suoi allievi: &#8220;Quando finisce la notte?&#8221; I ragazzi hanno risposto con varie supposizioni, ma il rabbino ha detto: &#8220;La notte finisce quando guardando un uomo, si riconosce un fratello.&#8221; Questo concetto rappresenta la solidariet\u00e0 che \u00e8 stata dimostrata durante il disastro del Vajont. Il comune ha dedicato un viale ai soccorritori, con pannelli fotografici che mostrano momenti significativi delle operazioni di soccorso del 1963. La cerimonia di intitolazione \u00e8 stata seguita da un corteo che ha coinvolto oltre 1.500 persone, tra cui Alpini, Protezione Civile, Croce Rossa, Bersaglieri e altri corpi dell&#8217;esercito. Il sindaco di Longarone, Roberto Padrin, ha ringraziato i soccorritori per il loro aiuto e ha sottolineato l&#8217;importanza della solidariet\u00e0 umana. Ha anche menzionato come il disastro del Vajont abbia contribuito alla nascita del sistema nazionale di Protezione Civile in Italia. L&#8217;assessore regionale alla Protezione Civile, Gianpaolo Bottacin, ha elogiato i soccorritori per la loro umanit\u00e0 e dedizione al volontariato, sottolineando che la solidariet\u00e0 \u00e8 un valore fondamentale sia allora che oggi.<\/p>\n<p>&nbsp;<\/p>\n\n\t\t\t<style type='text\/css'>\n\t\t\t\t#gallery-2 {\n\t\t\t\t\tmargin: auto;\n\t\t\t\t}\n\t\t\t\t#gallery-2 .gallery-item {\n\t\t\t\t\tfloat: left;\n\t\t\t\t\tmargin-top: 10px;\n\t\t\t\t\ttext-align: center;\n\t\t\t\t\twidth: 33%;\n\t\t\t\t}\n\t\t\t\t#gallery-2 img {\n\t\t\t\t\tborder: 2px solid #cfcfcf;\n\t\t\t\t}\n\t\t\t\t#gallery-2 .gallery-caption {\n\t\t\t\t\tmargin-left: 0;\n\t\t\t\t}\n\t\t\t\t\/* see gallery_shortcode() in wp-includes\/media.php *\/\n\t\t\t<\/style>\n\t\t<div id='gallery-2' class='dt-gallery-container gallery galleryid-355721 gallery-columns-3 gallery-size-medium'><dl class='gallery-item'>\n\t\t\t\t<dt class='gallery-icon landscape'>\n\t\t\t\t\t<a class=\"rollover rollover-zoom dt-pswp-item\" title=\"Alzabandiera\" data-dt-img-description=\"\" data-large_image_width=\"1800\" data-large_image_height=\"1350\"href='https:\/\/www.radiopiu.net\/wordpress\/wp-content\/uploads\/2023\/10\/Alzabandiera.jpg'><img loading=\"lazy\" decoding=\"async\" width=\"300\" height=\"225\" src=\"https:\/\/www.radiopiu.net\/wordpress\/wp-content\/uploads\/2023\/10\/Alzabandiera-300x225.jpg\" class=\"attachment-medium size-medium\" alt=\"\" srcset=\"https:\/\/www.radiopiu.net\/wordpress\/wp-content\/uploads\/2023\/10\/Alzabandiera-300x225.jpg 300w, https:\/\/www.radiopiu.net\/wordpress\/wp-content\/uploads\/2023\/10\/Alzabandiera-1024x768.jpg 1024w, https:\/\/www.radiopiu.net\/wordpress\/wp-content\/uploads\/2023\/10\/Alzabandiera-768x576.jpg 768w, https:\/\/www.radiopiu.net\/wordpress\/wp-content\/uploads\/2023\/10\/Alzabandiera-1536x1152.jpg 1536w, https:\/\/www.radiopiu.net\/wordpress\/wp-content\/uploads\/2023\/10\/Alzabandiera.jpg 1800w\" sizes=\"auto, (max-width: 300px) 100vw, 300px\" \/><\/a>\n\t\t\t\t<\/dt><\/dl><dl class='gallery-item'>\n\t\t\t\t<dt class='gallery-icon landscape'>\n\t\t\t\t\t<a class=\"rollover rollover-zoom dt-pswp-item\" title=\"Cerimonia viale soccorritori\" data-dt-img-description=\"\" data-large_image_width=\"2000\" data-large_image_height=\"1338\"href='https:\/\/www.radiopiu.net\/wordpress\/wp-content\/uploads\/2023\/10\/Cerimonia-viale-soccorritori.jpg'><img loading=\"lazy\" decoding=\"async\" width=\"300\" height=\"201\" src=\"https:\/\/www.radiopiu.net\/wordpress\/wp-content\/uploads\/2023\/10\/Cerimonia-viale-soccorritori-300x201.jpg\" class=\"attachment-medium size-medium\" alt=\"\" srcset=\"https:\/\/www.radiopiu.net\/wordpress\/wp-content\/uploads\/2023\/10\/Cerimonia-viale-soccorritori-300x201.jpg 300w, https:\/\/www.radiopiu.net\/wordpress\/wp-content\/uploads\/2023\/10\/Cerimonia-viale-soccorritori-1024x685.jpg 1024w, https:\/\/www.radiopiu.net\/wordpress\/wp-content\/uploads\/2023\/10\/Cerimonia-viale-soccorritori-768x514.jpg 768w, https:\/\/www.radiopiu.net\/wordpress\/wp-content\/uploads\/2023\/10\/Cerimonia-viale-soccorritori-1536x1028.jpg 1536w, https:\/\/www.radiopiu.net\/wordpress\/wp-content\/uploads\/2023\/10\/Cerimonia-viale-soccorritori.jpg 2000w\" sizes=\"auto, (max-width: 300px) 100vw, 300px\" \/><\/a>\n\t\t\t\t<\/dt><\/dl><dl class='gallery-item'>\n\t\t\t\t<dt class='gallery-icon landscape'>\n\t\t\t\t\t<a class=\"rollover rollover-zoom dt-pswp-item\" title=\"corteo 1\" data-dt-img-description=\"\" data-large_image_width=\"2000\" data-large_image_height=\"1500\"href='https:\/\/www.radiopiu.net\/wordpress\/wp-content\/uploads\/2023\/10\/corteo-1.jpg'><img loading=\"lazy\" decoding=\"async\" width=\"300\" height=\"225\" src=\"https:\/\/www.radiopiu.net\/wordpress\/wp-content\/uploads\/2023\/10\/corteo-1-300x225.jpg\" class=\"attachment-medium size-medium\" alt=\"\" srcset=\"https:\/\/www.radiopiu.net\/wordpress\/wp-content\/uploads\/2023\/10\/corteo-1-300x225.jpg 300w, https:\/\/www.radiopiu.net\/wordpress\/wp-content\/uploads\/2023\/10\/corteo-1-1024x768.jpg 1024w, https:\/\/www.radiopiu.net\/wordpress\/wp-content\/uploads\/2023\/10\/corteo-1-768x576.jpg 768w, https:\/\/www.radiopiu.net\/wordpress\/wp-content\/uploads\/2023\/10\/corteo-1-1536x1152.jpg 1536w, https:\/\/www.radiopiu.net\/wordpress\/wp-content\/uploads\/2023\/10\/corteo-1.jpg 2000w\" sizes=\"auto, (max-width: 300px) 100vw, 300px\" \/><\/a>\n\t\t\t\t<\/dt><\/dl><br style=\"clear: both\" \/><dl class='gallery-item'>\n\t\t\t\t<dt class='gallery-icon landscape'>\n\t\t\t\t\t<a class=\"rollover rollover-zoom dt-pswp-item\" title=\"Messa 1\" data-dt-img-description=\"\" data-large_image_width=\"1992\" data-large_image_height=\"1136\"href='https:\/\/www.radiopiu.net\/wordpress\/wp-content\/uploads\/2023\/10\/Messa-1.jpg'><img loading=\"lazy\" decoding=\"async\" width=\"300\" height=\"171\" src=\"https:\/\/www.radiopiu.net\/wordpress\/wp-content\/uploads\/2023\/10\/Messa-1-300x171.jpg\" class=\"attachment-medium size-medium\" alt=\"\" srcset=\"https:\/\/www.radiopiu.net\/wordpress\/wp-content\/uploads\/2023\/10\/Messa-1-300x171.jpg 300w, https:\/\/www.radiopiu.net\/wordpress\/wp-content\/uploads\/2023\/10\/Messa-1-1024x584.jpg 1024w, https:\/\/www.radiopiu.net\/wordpress\/wp-content\/uploads\/2023\/10\/Messa-1-768x438.jpg 768w, https:\/\/www.radiopiu.net\/wordpress\/wp-content\/uploads\/2023\/10\/Messa-1-1536x876.jpg 1536w, https:\/\/www.radiopiu.net\/wordpress\/wp-content\/uploads\/2023\/10\/Messa-1.jpg 1992w\" sizes=\"auto, (max-width: 300px) 100vw, 300px\" \/><\/a>\n\t\t\t\t<\/dt><\/dl><dl class='gallery-item'>\n\t\t\t\t<dt class='gallery-icon landscape'>\n\t\t\t\t\t<a class=\"rollover rollover-zoom dt-pswp-item\" title=\"Viale soccorritori 1\" data-dt-img-description=\"\" data-large_image_width=\"1600\" data-large_image_height=\"1200\"href='https:\/\/www.radiopiu.net\/wordpress\/wp-content\/uploads\/2023\/10\/Viale-soccorritori-1.jpg'><img loading=\"lazy\" decoding=\"async\" width=\"300\" height=\"225\" src=\"https:\/\/www.radiopiu.net\/wordpress\/wp-content\/uploads\/2023\/10\/Viale-soccorritori-1-300x225.jpg\" class=\"attachment-medium size-medium\" alt=\"\" srcset=\"https:\/\/www.radiopiu.net\/wordpress\/wp-content\/uploads\/2023\/10\/Viale-soccorritori-1-300x225.jpg 300w, https:\/\/www.radiopiu.net\/wordpress\/wp-content\/uploads\/2023\/10\/Viale-soccorritori-1-1024x768.jpg 1024w, https:\/\/www.radiopiu.net\/wordpress\/wp-content\/uploads\/2023\/10\/Viale-soccorritori-1-768x576.jpg 768w, https:\/\/www.radiopiu.net\/wordpress\/wp-content\/uploads\/2023\/10\/Viale-soccorritori-1-1536x1152.jpg 1536w, https:\/\/www.radiopiu.net\/wordpress\/wp-content\/uploads\/2023\/10\/Viale-soccorritori-1.jpg 1600w\" sizes=\"auto, (max-width: 300px) 100vw, 300px\" \/><\/a>\n\t\t\t\t<\/dt><\/dl><dl class='gallery-item'>\n\t\t\t\t<dt class='gallery-icon landscape'>\n\t\t\t\t\t<a class=\"rollover rollover-zoom dt-pswp-item\" title=\"Viale soccorritori 2\" data-dt-img-description=\"\" data-large_image_width=\"1200\" data-large_image_height=\"900\"href='https:\/\/www.radiopiu.net\/wordpress\/wp-content\/uploads\/2023\/10\/Viale-soccorritori-2.jpg'><img loading=\"lazy\" decoding=\"async\" width=\"300\" height=\"225\" src=\"https:\/\/www.radiopiu.net\/wordpress\/wp-content\/uploads\/2023\/10\/Viale-soccorritori-2-300x225.jpg\" class=\"attachment-medium size-medium\" alt=\"\" srcset=\"https:\/\/www.radiopiu.net\/wordpress\/wp-content\/uploads\/2023\/10\/Viale-soccorritori-2-300x225.jpg 300w, https:\/\/www.radiopiu.net\/wordpress\/wp-content\/uploads\/2023\/10\/Viale-soccorritori-2-1024x768.jpg 1024w, https:\/\/www.radiopiu.net\/wordpress\/wp-content\/uploads\/2023\/10\/Viale-soccorritori-2-768x576.jpg 768w, https:\/\/www.radiopiu.net\/wordpress\/wp-content\/uploads\/2023\/10\/Viale-soccorritori-2.jpg 1200w\" sizes=\"auto, (max-width: 300px) 100vw, 300px\" \/><\/a>\n\t\t\t\t<\/dt><\/dl><br style=\"clear: both\" \/>\n\t\t\t<\/div>\n\n<p>&nbsp;<\/p>\n<hr \/>\n<p>&nbsp;<\/p>\n<blockquote>\n<h3 dir=\"auto\">SI ROVESCIA IL CARICO DI UN RIMORCHIO. SS 51 INTERROTTA A FIAMES<\/h3>\n<\/blockquote>\n<p><strong>CORTINA<\/strong> Poco dopo le 6:30 di sabato, i Vigili del Fuoco sono intervenuti lungo la SS 51 in localit\u00e0 Fiames nel comune di Cortina d\u2019Ampezzo per il rovesciamento del rimorchio di un camion: nessuna persona \u00e8 rimasta ferita. I pompieri, arrivati da Cortina e da Belluno con l\u2019autogr\u00f9, hanno operato per oltre 5 ore per il recupero del carico di balle di paglia e il raddrizzamento del rimorchio. Sul posto anche i Carabinieri per la deviazione del traffico. Durante le operazioni di soccorso dei Vigili del Fuoco la circolazione lungo la SS 51 \u00e8 rimasta interrotta.<\/p>\n\n\t\t\t<style type='text\/css'>\n\t\t\t\t#gallery-3 {\n\t\t\t\t\tmargin: auto;\n\t\t\t\t}\n\t\t\t\t#gallery-3 .gallery-item {\n\t\t\t\t\tfloat: left;\n\t\t\t\t\tmargin-top: 10px;\n\t\t\t\t\ttext-align: center;\n\t\t\t\t\twidth: 20%;\n\t\t\t\t}\n\t\t\t\t#gallery-3 img {\n\t\t\t\t\tborder: 2px solid #cfcfcf;\n\t\t\t\t}\n\t\t\t\t#gallery-3 .gallery-caption {\n\t\t\t\t\tmargin-left: 0;\n\t\t\t\t}\n\t\t\t\t\/* see gallery_shortcode() in wp-includes\/media.php *\/\n\t\t\t<\/style>\n\t\t<div id='gallery-3' class='dt-gallery-container gallery galleryid-355721 gallery-columns-5 gallery-size-thumbnail'><dl class='gallery-item'>\n\t\t\t\t<dt class='gallery-icon landscape'>\n\t\t\t\t\t<a class=\"rollover rollover-zoom dt-pswp-item\" title=\"4d51e2b7-9327-4e1e-95f0-d0a7c0772e98\" data-dt-img-description=\"\" data-large_image_width=\"1049\" data-large_image_height=\"777\"href='https:\/\/www.radiopiu.net\/wordpress\/wp-content\/uploads\/2023\/10\/4d51e2b7-9327-4e1e-95f0-d0a7c0772e98.jpg'><img loading=\"lazy\" decoding=\"async\" width=\"150\" height=\"150\" src=\"https:\/\/www.radiopiu.net\/wordpress\/wp-content\/uploads\/2023\/10\/4d51e2b7-9327-4e1e-95f0-d0a7c0772e98-150x150.jpg\" class=\"attachment-thumbnail size-thumbnail\" alt=\"\" \/><\/a>\n\t\t\t\t<\/dt><\/dl><dl class='gallery-item'>\n\t\t\t\t<dt class='gallery-icon landscape'>\n\t\t\t\t\t<a class=\"rollover rollover-zoom dt-pswp-item\" title=\"b75c0d5c-b473-40db-bca7-cfd380d9e8e3\" data-dt-img-description=\"\" data-large_image_width=\"833\" data-large_image_height=\"576\"href='https:\/\/www.radiopiu.net\/wordpress\/wp-content\/uploads\/2023\/10\/b75c0d5c-b473-40db-bca7-cfd380d9e8e3.jpg'><img loading=\"lazy\" decoding=\"async\" width=\"150\" height=\"150\" src=\"https:\/\/www.radiopiu.net\/wordpress\/wp-content\/uploads\/2023\/10\/b75c0d5c-b473-40db-bca7-cfd380d9e8e3-150x150.jpg\" class=\"attachment-thumbnail size-thumbnail\" alt=\"\" \/><\/a>\n\t\t\t\t<\/dt><\/dl><dl class='gallery-item'>\n\t\t\t\t<dt class='gallery-icon landscape'>\n\t\t\t\t\t<a class=\"rollover rollover-zoom dt-pswp-item\" title=\"9ab0c1ea-591d-43c5-bce3-a99d48ce5b56\" data-dt-img-description=\"\" data-large_image_width=\"1040\" data-large_image_height=\"576\"href='https:\/\/www.radiopiu.net\/wordpress\/wp-content\/uploads\/2023\/10\/9ab0c1ea-591d-43c5-bce3-a99d48ce5b56.jpg'><img loading=\"lazy\" decoding=\"async\" width=\"150\" height=\"150\" src=\"https:\/\/www.radiopiu.net\/wordpress\/wp-content\/uploads\/2023\/10\/9ab0c1ea-591d-43c5-bce3-a99d48ce5b56-150x150.jpg\" class=\"attachment-thumbnail size-thumbnail\" alt=\"\" \/><\/a>\n\t\t\t\t<\/dt><\/dl><dl class='gallery-item'>\n\t\t\t\t<dt class='gallery-icon portrait'>\n\t\t\t\t\t<a class=\"rollover rollover-zoom dt-pswp-item\" title=\"cbe893b2-3efb-407b-8e04-f5aa7d17e726\" data-dt-img-description=\"\" data-large_image_width=\"576\" data-large_image_height=\"1032\"href='https:\/\/www.radiopiu.net\/wordpress\/wp-content\/uploads\/2023\/10\/cbe893b2-3efb-407b-8e04-f5aa7d17e726.jpg'><img loading=\"lazy\" decoding=\"async\" width=\"150\" height=\"150\" src=\"https:\/\/www.radiopiu.net\/wordpress\/wp-content\/uploads\/2023\/10\/cbe893b2-3efb-407b-8e04-f5aa7d17e726-150x150.jpg\" class=\"attachment-thumbnail size-thumbnail\" alt=\"\" \/><\/a>\n\t\t\t\t<\/dt><\/dl><dl class='gallery-item'>\n\t\t\t\t<dt class='gallery-icon portrait'>\n\t\t\t\t\t<a class=\"rollover rollover-zoom dt-pswp-item\" title=\"6c01a124-bbef-4372-86d0-b601d8aeb81a\" data-dt-img-description=\"\" data-large_image_width=\"576\" data-large_image_height=\"1000\"href='https:\/\/www.radiopiu.net\/wordpress\/wp-content\/uploads\/2023\/10\/6c01a124-bbef-4372-86d0-b601d8aeb81a.jpg'><img loading=\"lazy\" decoding=\"async\" width=\"150\" height=\"150\" src=\"https:\/\/www.radiopiu.net\/wordpress\/wp-content\/uploads\/2023\/10\/6c01a124-bbef-4372-86d0-b601d8aeb81a-150x150.jpg\" class=\"attachment-thumbnail size-thumbnail\" alt=\"\" \/><\/a>\n\t\t\t\t<\/dt><\/dl><br style=\"clear: both\" \/>\n\t\t\t<\/div>\n\n<p>&nbsp;<\/p>\n<hr \/>\n<p>&nbsp;<\/p>\n<blockquote>\n<h3>INCIDENTE TRA MOTO ED AUTO A LE CAMPE<\/h3>\n<\/blockquote>\n<p><strong>LA VALLE<\/strong> Nella mattinata di ieri \u00e8 avvenuto un incidente in localit\u00e0 Le Campe a La Valle. Sono entrate in collisione una moto ed un&#8217;automobile. Sul posto i Vigili del Fuoco e il personale del SUEM 118 che ha soccorso le persone coinvolte. Traffico che \u00e8 stato regolato dai Carabinieri che hanno anche svolto i rilievi. L&#8217;incidente \u00e8 avvenuto sul rettilineo di fronte al W Store e la Birreria Pedavena. Due le persone ferite che sono state portate all&#8217;ospedale di Agordo: Un uomo di 56 anni e una donna di 52.<\/p>\n\n\t\t\t<style type='text\/css'>\n\t\t\t\t#gallery-4 {\n\t\t\t\t\tmargin: auto;\n\t\t\t\t}\n\t\t\t\t#gallery-4 .gallery-item {\n\t\t\t\t\tfloat: left;\n\t\t\t\t\tmargin-top: 10px;\n\t\t\t\t\ttext-align: center;\n\t\t\t\t\twidth: 33%;\n\t\t\t\t}\n\t\t\t\t#gallery-4 img {\n\t\t\t\t\tborder: 2px solid #cfcfcf;\n\t\t\t\t}\n\t\t\t\t#gallery-4 .gallery-caption {\n\t\t\t\t\tmargin-left: 0;\n\t\t\t\t}\n\t\t\t\t\/* see gallery_shortcode() in wp-includes\/media.php *\/\n\t\t\t<\/style>\n\t\t<div id='gallery-4' class='dt-gallery-container gallery galleryid-355721 gallery-columns-3 gallery-size-thumbnail'><dl class='gallery-item'>\n\t\t\t\t<dt class='gallery-icon portrait'>\n\t\t\t\t\t<a class=\"rollover rollover-zoom dt-pswp-item\" title=\"387652022_162835076887504_5737983429450497349_n\" data-dt-img-description=\"\" data-large_image_width=\"1536\" data-large_image_height=\"2048\"href='https:\/\/www.radiopiu.net\/wordpress\/wp-content\/uploads\/2023\/10\/387652022_162835076887504_5737983429450497349_n.jpg'><img loading=\"lazy\" decoding=\"async\" width=\"150\" height=\"150\" src=\"https:\/\/www.radiopiu.net\/wordpress\/wp-content\/uploads\/2023\/10\/387652022_162835076887504_5737983429450497349_n-150x150.jpg\" class=\"attachment-thumbnail size-thumbnail\" alt=\"\" \/><\/a>\n\t\t\t\t<\/dt><\/dl><dl class='gallery-item'>\n\t\t\t\t<dt class='gallery-icon portrait'>\n\t\t\t\t\t<a class=\"rollover rollover-zoom dt-pswp-item\" title=\"384537567_191961917262918_845270037604571427_n\" data-dt-img-description=\"\" data-large_image_width=\"1536\" data-large_image_height=\"2048\"href='https:\/\/www.radiopiu.net\/wordpress\/wp-content\/uploads\/2023\/10\/384537567_191961917262918_845270037604571427_n.jpg'><img loading=\"lazy\" decoding=\"async\" width=\"150\" height=\"150\" src=\"https:\/\/www.radiopiu.net\/wordpress\/wp-content\/uploads\/2023\/10\/384537567_191961917262918_845270037604571427_n-150x150.jpg\" class=\"attachment-thumbnail size-thumbnail\" alt=\"\" \/><\/a>\n\t\t\t\t<\/dt><\/dl><dl class='gallery-item'>\n\t\t\t\t<dt class='gallery-icon landscape'>\n\t\t\t\t\t<a class=\"rollover rollover-zoom dt-pswp-item\" title=\"campe\" data-dt-img-description=\"\" data-large_image_width=\"454\" data-large_image_height=\"349\"href='https:\/\/www.radiopiu.net\/wordpress\/wp-content\/uploads\/2023\/10\/campe.png'><img loading=\"lazy\" decoding=\"async\" width=\"150\" height=\"150\" src=\"https:\/\/www.radiopiu.net\/wordpress\/wp-content\/uploads\/2023\/10\/campe-150x150.png\" class=\"attachment-thumbnail size-thumbnail\" alt=\"\" \/><\/a>\n\t\t\t\t<\/dt><\/dl><br style=\"clear: both\" \/>\n\t\t\t<\/div>\n\n<p>&nbsp;<\/p>\n<hr \/>\n<p>&nbsp;<\/p>\n<blockquote>\n<h3>DUE PERSONE COINVOLTE NELL&#8217;INCIDENTE DI CENCENIGHE<\/h3>\n<\/blockquote>\n<p><strong><a class=\"dt-pswp-item\" href=\"https:\/\/www.radiopiu.net\/wordpress\/wp-content\/uploads\/2023\/10\/SCR-20231007-kkwy.jpeg\" data-dt-img-description=\"\" data-large_image_width=\"1150\" data-large_image_height=\"816\"><img loading=\"lazy\" decoding=\"async\" class=\" wp-image-355803 alignleft\" src=\"https:\/\/www.radiopiu.net\/wordpress\/wp-content\/uploads\/2023\/10\/SCR-20231007-kkwy-300x213.jpeg\" alt=\"\" width=\"141\" height=\"100\" srcset=\"https:\/\/www.radiopiu.net\/wordpress\/wp-content\/uploads\/2023\/10\/SCR-20231007-kkwy-300x213.jpeg 300w, https:\/\/www.radiopiu.net\/wordpress\/wp-content\/uploads\/2023\/10\/SCR-20231007-kkwy-1024x727.jpeg 1024w, https:\/\/www.radiopiu.net\/wordpress\/wp-content\/uploads\/2023\/10\/SCR-20231007-kkwy-768x545.jpeg 768w, https:\/\/www.radiopiu.net\/wordpress\/wp-content\/uploads\/2023\/10\/SCR-20231007-kkwy.jpeg 1150w\" sizes=\"auto, (max-width: 141px) 100vw, 141px\" \/><\/a>CENCENIGHE<\/strong> Il bilancio \u00e8 di due feriti nell&#8217;incidente avvenuto sabato mattina a Morbiach di Cencenighe di fronte al distributore di carburanti. Coinvolte due moto. Sul posto sono intervenuti i Vigili del Fuoco di Agordo, la Polizia Locale di Cencenighe e il personale del SUEM 118 che ha trasportato i feriti al nosocomio di Agordo.<\/p>\n<p>(foto: Google Maps)<\/p>\n<p>&nbsp;<\/p>\n<hr \/>\n<p>&nbsp;<\/p>\n<blockquote>\n<h3><a class=\"dt-pswp-item\" href=\"https:\/\/www.radiopiu.net\/wordpress\/wp-content\/uploads\/2021\/07\/273f8743-ec07-4c22-b83f-ee6201abb7e4.jpg\" data-dt-img-description=\"\" data-large_image_width=\"528\" data-large_image_height=\"660\"><img loading=\"lazy\" decoding=\"async\" class=\"wp-image-222513 alignleft\" src=\"https:\/\/www.radiopiu.net\/wordpress\/wp-content\/uploads\/2021\/07\/273f8743-ec07-4c22-b83f-ee6201abb7e4-240x300.jpg\" alt=\"\" width=\"92\" height=\"115\" srcset=\"https:\/\/www.radiopiu.net\/wordpress\/wp-content\/uploads\/2021\/07\/273f8743-ec07-4c22-b83f-ee6201abb7e4-240x300.jpg 240w, https:\/\/www.radiopiu.net\/wordpress\/wp-content\/uploads\/2021\/07\/273f8743-ec07-4c22-b83f-ee6201abb7e4.jpg 528w\" sizes=\"auto, (max-width: 92px) 100vw, 92px\" \/><\/a>VOLO DAL PONTE, DUE FERITI<\/h3>\n<\/blockquote>\n<p><strong>CORTINA<\/strong> Fuoristrada ieri sera poco dopo le 19.30: l&#8217;intervento si \u00e8 protratto fino a notte fonda per il recupero dell&#8217;auto\u00a0 Volkswagen a Fiames finita nella scarpata dopo aver superato le barriere del ponticello. Gli occupanti sono riusciti ad uscire con le proprie gambe, portati in ospedale per accertamenti. Sul posto vigili del fuoco con l&#8217;autogru.<\/p>\n<p>&nbsp;<\/p>\n<hr \/>\n<p>&nbsp;<\/p>\n<blockquote>\n<h3><a class=\"dt-pswp-item\" href=\"https:\/\/www.radiopiu.net\/wordpress\/wp-content\/uploads\/2021\/07\/b39c74f9-db73-45b1-b518-6c028072e3ad.jpg\" data-dt-img-description=\"\" data-large_image_width=\"1062\" data-large_image_height=\"1328\"><img loading=\"lazy\" decoding=\"async\" class=\"wp-image-222511 alignleft\" src=\"https:\/\/www.radiopiu.net\/wordpress\/wp-content\/uploads\/2021\/07\/b39c74f9-db73-45b1-b518-6c028072e3ad-240x300.jpg\" alt=\"\" width=\"91\" height=\"114\" srcset=\"https:\/\/www.radiopiu.net\/wordpress\/wp-content\/uploads\/2021\/07\/b39c74f9-db73-45b1-b518-6c028072e3ad-240x300.jpg 240w, https:\/\/www.radiopiu.net\/wordpress\/wp-content\/uploads\/2021\/07\/b39c74f9-db73-45b1-b518-6c028072e3ad-819x1024.jpg 819w, https:\/\/www.radiopiu.net\/wordpress\/wp-content\/uploads\/2021\/07\/b39c74f9-db73-45b1-b518-6c028072e3ad-768x960.jpg 768w, https:\/\/www.radiopiu.net\/wordpress\/wp-content\/uploads\/2021\/07\/b39c74f9-db73-45b1-b518-6c028072e3ad.jpg 1062w\" sizes=\"auto, (max-width: 91px) 100vw, 91px\" \/><\/a>IERI SERA IN VIA LORETO, FUMO AL BEMBO<\/h3>\n<\/blockquote>\n<p><strong>BELLUNO\u00a0<\/strong> Allarme incendio ieri in tarda serata al Bistro Bembo per un forno, lasciato in tensione. \u00a0Il Bistro \u00e8 stato aperto dai vigili del fuoco che hanno dovuto forzare l&#8217;ingresso, di domenica l&#8217;attivit\u00e0 \u00e8 chiusa, i pompieri hanno provveduto a mettere in sicurezza elettrodomestico e locali.<\/p>\n<p>&nbsp;<\/p>\n<hr \/>\n<p>&nbsp;<\/p>\n<h2><span style=\"color: #ff0000;\">IL FINE SETTIMANA DEL SOCCORSO ALPINO<\/span><\/h2>\n<blockquote>\n<h3>RECUPERATI ESCURSIONISTI NELLA NOTTE<\/h3>\n<\/blockquote>\n<p><strong><a class=\"dt-pswp-item\" href=\"https:\/\/www.radiopiu.net\/wordpress\/wp-content\/uploads\/2023\/10\/Watermark_20231008_091140_828.jpg\" data-dt-img-description=\"\" data-large_image_width=\"2364\" data-large_image_height=\"1773\"><img loading=\"lazy\" decoding=\"async\" class=\" wp-image-355885 alignleft\" src=\"https:\/\/www.radiopiu.net\/wordpress\/wp-content\/uploads\/2023\/10\/Watermark_20231008_091140_828-300x225.jpg\" alt=\"\" width=\"164\" height=\"123\" srcset=\"https:\/\/www.radiopiu.net\/wordpress\/wp-content\/uploads\/2023\/10\/Watermark_20231008_091140_828-300x225.jpg 300w, https:\/\/www.radiopiu.net\/wordpress\/wp-content\/uploads\/2023\/10\/Watermark_20231008_091140_828-1024x768.jpg 1024w, https:\/\/www.radiopiu.net\/wordpress\/wp-content\/uploads\/2023\/10\/Watermark_20231008_091140_828-768x576.jpg 768w, https:\/\/www.radiopiu.net\/wordpress\/wp-content\/uploads\/2023\/10\/Watermark_20231008_091140_828-1536x1152.jpg 1536w, https:\/\/www.radiopiu.net\/wordpress\/wp-content\/uploads\/2023\/10\/Watermark_20231008_091140_828-2048x1536.jpg 2048w\" sizes=\"auto, (max-width: 164px) 100vw, 164px\" \/><\/a>CORTINA<\/strong> Sono rientrati a mezzanotte e mezza i soccorritori chiamati a intervenire sabato sera, in aiuto di una coppia in difficolt\u00e0 sulla Punta Anna. Partiti presto per salire sulla Tofana di Mezzo, i due, una 23enne e un 22enne di Brescia, al momento di ritornare a valle non hanno trovato il segnale della Ferrata e hanno contattato il 118. In cinque si sono avvicinati in jeep alla serpentina del Giussani, per poi proseguire a piedi, risalire un pezzo del tratto attrezzato e raggiungere la coppia. Gli escursionisti stavano bene e sono stati accompagnati a ritroso lungo il percorso dalla squadra.<\/p>\n<p>&nbsp;<\/p>\n<blockquote>\n<h3>UNA NOTTE AL LAVORO PER IL SOCCORSO ALPINO. RECUPERATA UNA COPPIA SULLA CIMA GRANDE DI LAVAREDO<\/h3>\n<\/blockquote>\n<p><strong>AURONZO<\/strong> Venerd\u00ec sera attorno alle 22 una squadra del Soccorso alpino di Auronzo \u00e8 partita per salire la normale alla Cima Grande di Lavaredo, poich\u00e9 una coppia di alpinisti era bloccata 50 metri sotto la vetta. I due, un ragazzo e una ragazza polacchi di 29 anni, avevano scalato lo Spigolo Dibona, ma arrivati in cima avevano avuto problemi per il freddo e la difficolt\u00e0 di trovare la traccia per il rientro. Sei soccorritori li hanno quindi raggiunti e riaccompagnati alla base della parete e poi alla loro auto al parcheggio delle Tre Cime. L&#8217;intervento si \u00e8 concluso alle 4.<\/p>\n<p>&nbsp;<\/p>\n<blockquote>\n<h3>RECUPERATE DUE ESCURSIONISTE CON 4 BAMBINI IN CANSIGLIO<\/h3>\n<\/blockquote>\n<p><strong>TAMBRE<\/strong> Sabato verso le 19.15 il Soccorso alpino dell&#8217;Alpago \u00e8 stato attivato per un gruppo di persone che avevano smarrito l&#8217;orientamento in Cansiglio. Due escursioniste di 43 e 44 anni, con quattro bambini tra i 10 e 14 anni, di Mareno di Piave (TV), erano saliti dall&#8217;Archeton verso Crosetta per prendere il sentiero 0 Slipari che arriva al Bus della Lun, ma iniziato a vagare cercando la traccia invano. Una squadra \u00e8 risalita al punto dove si trovavano i sei, li ha raggiunti, ricondotti sul sentiero e riaccompagnati alla strada. L&#8217;intervento si \u00e8 concluso verso le 22.30.<\/p>\n<p>&nbsp;<\/p>\n<blockquote>\n<h3>MALORE SUL SENTIERO CHE PORTA A CASERA BUSNICH<\/h3>\n<\/blockquote>\n<p><strong>LONGARONE<\/strong> Verso le 9.30 di ieri l&#8217;elicottero del Suem di Pieve di Cadore \u00e8 decollato in direzione del sentiero 484 che da Podenzoi sale a Casera Busnich, dove un 71enne di Cimadolmo (TV) si era accasciato colto da malore. Fondamentali le manovre di rianimazione avviate dai due compagni che hanno dato l&#8217;allarme. Individuato il punto durante la ricognizione, in un varco del bosco in un canale, con un verricello di 30 metri sono stati calati equipe medica e tecnico di elisoccorso che sono subentrati ai presenti. Imbarellato, l&#8217;escursionista \u00e8 stato issato a bordo e trasportato all&#8217;ospedale di Belluno.<\/p>\n<p>&nbsp;<\/p>\n<hr \/>\n<p>&nbsp;<\/p>\n<h3>POSTE E DOLOMITIBUS, LE &#8220;MACCHIE&#8221; NERE DELL&#8217;OPEROSITA&#8217; BELLUNESE.<\/h3>\n<h3><a href=\"https:\/\/www.radiopiu.net\/wordpress\/wp-content\/uploads\/2021\/11\/postman-4183890__340.webp\"><img loading=\"lazy\" decoding=\"async\" class=\"wp-image-242536 alignleft\" src=\"https:\/\/www.radiopiu.net\/wordpress\/wp-content\/uploads\/2021\/11\/postman-4183890__340-300x260.webp\" alt=\"\" width=\"134\" height=\"116\" srcset=\"https:\/\/www.radiopiu.net\/wordpress\/wp-content\/uploads\/2021\/11\/postman-4183890__340-300x260.webp 300w, https:\/\/www.radiopiu.net\/wordpress\/wp-content\/uploads\/2021\/11\/postman-4183890__340.webp 393w\" sizes=\"auto, (max-width: 134px) 100vw, 134px\" \/><\/a>I bellunesi sono abituati ad altro, a farsi apprezzare per il loro impegno, nel privato soprattutto i servizi per valligiani e turisti sono da medaglia d&#8217;oro. Al contrario il pubblico fa acqua da tutte le parti, da vergognarsi agli occhi del resto del Paese. Della Dolomitibus, dei suo dirigenti, dei problemi irrisolti, degli aumenti che hanno messo in difficolt\u00e0 le famiglie, di studenti minorenni appiedati, di navette cancellate nonostante le vagonate d&#8217;euro che arrivano dai lavoratori delle grandi industrie bellunesi ne abbiamo gi\u00e0 parlato ampiamente. Come gi\u00e0 visto anche parlarne non serve a niente tra l&#8217;incapacit\u00e0 di chi \u00e8 chiamato ad amministrare.<br \/>\n<span style=\"color: #ff0000;\">E i servizi postali?<\/span>\u00a0 Ad Agordo disastrosi, la corrispondenza rimane in magazzino, i sindacati protestano (ma le soluzioni non arrivano) e gli avvocati si preparano ad istruire cause ad hoc. Purtroppo tutto questo non \u00e8 nuovo, \u00e8 solamente una catena di problemi anche perch\u00e9 mancano i portalettere<\/h3>\n<p>&nbsp;<\/p>\n<blockquote>\n<h3 class=\"article__title\">Agordo, raccomandate che restano ferme per settimane, anche mesi. La denuncia dei sindacati<\/h3>\n<\/blockquote>\n<h3>AD AGOSTO, DAL TG3 DELLA RAI <span style=\"color: #0000ff;\"><strong><a style=\"color: #0000ff;\" href=\"https:\/\/www.rainews.it\/tgr\/veneto\/video\/2023\/08\/postini-lettere-raccomandate-posta-ritardo-carenza-personale-portalettere-turn-over-agordo-belluno-montagna-fd14b235-ee25-4e31-a99d-d0c9e38e98c7.html?wt_mc=2.social.fb.redtgrveneto_postini-lettere-raccomandate-posta-ritardo-carenza-personale-portalettere-turn-over-agordo-belluno-montagna.&amp;wt&amp;fbclid=IwAR0hmNpkjF18cWQNN3AI4fGj3gVa6n7D1hctN7KmND8uhcMt8hgTXjhu-JM_aem_AViY4nxCyB3KoZHK-2lRxDJCHjiKsgHKaPrsTm5i4pfQAOnKqb7-eCU1Km29AmAbLYc\">CLICCA QUI<\/a><\/strong><\/span><\/h3>\n<p>&nbsp;<\/p>\n<p><strong><a class=\"dt-pswp-item\" href=\"https:\/\/www.radiopiu.net\/wordpress\/wp-content\/uploads\/2023\/07\/53f20951-84db-4f2c-825d-51d7d33b9e61.jpg\" data-dt-img-description=\"\" data-large_image_width=\"338\" data-large_image_height=\"738\"><img loading=\"lazy\" decoding=\"async\" class=\" wp-image-345607 alignleft\" src=\"https:\/\/www.radiopiu.net\/wordpress\/wp-content\/uploads\/2023\/07\/53f20951-84db-4f2c-825d-51d7d33b9e61-137x300.jpg\" alt=\"\" width=\"102\" height=\"223\" srcset=\"https:\/\/www.radiopiu.net\/wordpress\/wp-content\/uploads\/2023\/07\/53f20951-84db-4f2c-825d-51d7d33b9e61-137x300.jpg 137w, https:\/\/www.radiopiu.net\/wordpress\/wp-content\/uploads\/2023\/07\/53f20951-84db-4f2c-825d-51d7d33b9e61.jpg 338w\" sizes=\"auto, (max-width: 102px) 100vw, 102px\" \/><\/a>AGORDO <\/strong>\u00a0 Situazione &#8220;scandalosa&#8221; e se lo dice un addetto ai lavori e s&#8217;alza il coro di protesta dei &#8220;postini&#8221; la situazione \u00e8 davvero preoccupante. In tutta la provincia certo, ma soprattutto nell&#8217;Agordino dove pacchi, raccomandate, atti giudiziari, sono tutti fermi in &#8220;magazzino&#8221; in attesa che il personale (quale personale?) lo porti a destinazione. Intanto le telefonate sono continue, c&#8217;\u00e8 chi attende documenti importanti e non se li vede recapitare. L&#8217;allarme lanciato da Adriano Musolino, segretario provinciale Failp Cisal,\u00a0 \u00a0conferma che\u00a0 la\u00a0 cospicua giacenza di raccomandate \u00e8 causata\u00a0 dalla mancanza di personale. Le colpe dei ritardi non sono certo dei postini, anzi sono loro i primi a preoccuparsi per la marea di documenti in giacenza, perch\u00e9 sono loro che suonano il campanello e ci mettono la faccia.<\/p>\n<p>l&#8217;intervista di Mirko Mezzacasa<\/p>\n<p><strong>AI MICROFONI DI RADIO PIU&#8217; Adriano Musolino (foto), segretario provinciale Failp Cisal eletto Rsu dai lavori provinciali di Poste Italiane lancia l\u2019allarme<\/strong><\/p>\n<audio class=\"wp-audio-shortcode\" id=\"audio-355721-1\" preload=\"none\" style=\"width: 100%;\" controls=\"controls\"><source type=\"audio\/mpeg\" src=\"https:\/\/www.radiopiu.net\/wordpress\/wp-content\/uploads\/2023\/07\/MUSOLINO.mp3?_=1\" \/><a href=\"https:\/\/www.radiopiu.net\/wordpress\/wp-content\/uploads\/2023\/07\/MUSOLINO.mp3\">https:\/\/www.radiopiu.net\/wordpress\/wp-content\/uploads\/2023\/07\/MUSOLINO.mp3<\/a><\/audio>\n<p>&nbsp;<\/p>\n<blockquote>\n<h1 class=\"article__title\"><\/h1>\n<\/blockquote>\n<p>&nbsp;<\/p>\n<p>&nbsp;<\/p>\n<p>&nbsp;<\/p>\n<hr \/>\n<p>&nbsp;<\/p>\n<blockquote>\n<h3>ALESSIO TABACCHI, 50 ANNI NEL SOCCORSO ALPINO DI PIEVE DI CADORE, NOMINATO SOCIO EMERITO<\/h3>\n<\/blockquote>\n<p><strong><a class=\"dt-pswp-item\" href=\"https:\/\/www.radiopiu.net\/wordpress\/wp-content\/uploads\/2023\/10\/IMG-20231007-WA0015.jpg\" data-dt-img-description=\"\" data-large_image_width=\"1600\" data-large_image_height=\"1066\"><img loading=\"lazy\" decoding=\"async\" class=\" wp-image-355791 alignleft\" src=\"https:\/\/www.radiopiu.net\/wordpress\/wp-content\/uploads\/2023\/10\/IMG-20231007-WA0015-300x200.jpg\" alt=\"\" width=\"174\" height=\"116\" srcset=\"https:\/\/www.radiopiu.net\/wordpress\/wp-content\/uploads\/2023\/10\/IMG-20231007-WA0015-300x200.jpg 300w, https:\/\/www.radiopiu.net\/wordpress\/wp-content\/uploads\/2023\/10\/IMG-20231007-WA0015-1024x682.jpg 1024w, https:\/\/www.radiopiu.net\/wordpress\/wp-content\/uploads\/2023\/10\/IMG-20231007-WA0015-768x512.jpg 768w, https:\/\/www.radiopiu.net\/wordpress\/wp-content\/uploads\/2023\/10\/IMG-20231007-WA0015-1536x1023.jpg 1536w, https:\/\/www.radiopiu.net\/wordpress\/wp-content\/uploads\/2023\/10\/IMG-20231007-WA0015.jpg 1600w\" sizes=\"auto, (max-width: 174px) 100vw, 174px\" \/><\/a>PIEVE DI CADORE <\/strong>Alessio Tabacchi \u00e8 socio emerito per i suoi 50 all&#8217;interno del Soccorso alpino di Pieve di Cadore. Nell&#8217;ambito della presentazione della 12a Dolomiti Rescue Race, a sorpresa e con un&#8217;emozionante momento di stima e affetto, sono stati conferiti il riconoscimento di socio emerito del Corpo Nazionale soccorso alpino e speleologico, nonch\u00e9 lo stemma d&#8217;oro del Soccorso alpino e speleologico Veneto<\/p>\n<p>&nbsp;<\/p>\n<p>&nbsp;<\/p>\n<hr \/>\n<p>&nbsp;<\/p>\n<blockquote>\n<h3>GREENBALL: GLI AMICI DI MET DONANO 2.000 EURO AL SOCCORSO ALPINO<\/h3>\n<\/blockquote>\n<p><strong><a class=\"dt-pswp-item\" href=\"https:\/\/www.radiopiu.net\/wordpress\/wp-content\/uploads\/2023\/10\/GreenBall-dona-2000-euro-al-Soccorso-Alpino.jpg\" data-dt-img-description=\"\" data-large_image_width=\"2500\" data-large_image_height=\"1616\"><img loading=\"lazy\" decoding=\"async\" class=\" wp-image-355958 alignleft\" src=\"https:\/\/www.radiopiu.net\/wordpress\/wp-content\/uploads\/2023\/10\/GreenBall-dona-2000-euro-al-Soccorso-Alpino-300x194.jpg\" alt=\"\" width=\"203\" height=\"131\" srcset=\"https:\/\/www.radiopiu.net\/wordpress\/wp-content\/uploads\/2023\/10\/GreenBall-dona-2000-euro-al-Soccorso-Alpino-300x194.jpg 300w, https:\/\/www.radiopiu.net\/wordpress\/wp-content\/uploads\/2023\/10\/GreenBall-dona-2000-euro-al-Soccorso-Alpino-1024x662.jpg 1024w, https:\/\/www.radiopiu.net\/wordpress\/wp-content\/uploads\/2023\/10\/GreenBall-dona-2000-euro-al-Soccorso-Alpino-768x496.jpg 768w, https:\/\/www.radiopiu.net\/wordpress\/wp-content\/uploads\/2023\/10\/GreenBall-dona-2000-euro-al-Soccorso-Alpino-1536x993.jpg 1536w, https:\/\/www.radiopiu.net\/wordpress\/wp-content\/uploads\/2023\/10\/GreenBall-dona-2000-euro-al-Soccorso-Alpino-2048x1324.jpg 2048w\" sizes=\"auto, (max-width: 203px) 100vw, 203px\" \/><\/a>CHIES D&#8217;ALPAGO <\/strong>L&#8217;Aps Amici di Met ha dedicato sabato 7 ottobre una serata presso l&#8217;agriturismo Pian Formosa a Chies d&#8217;Alpago per ringraziare i numerosi volontari che hanno contribuito al successo del torneo estivo di calcetto GreenBall, giunto alla ventesima edizione. Questo torneo incarna lo spirito del compianto Matteo, a cui \u00e8 intitolata l&#8217;associazione, e gran parte dei proventi viene devoluta a realt\u00e0 che forniscono servizi essenziali alla comunit\u00e0. Quest&#8217;anno, la donazione di 2.000 euro \u00e8 stata destinata al Soccorso Alpino. La presidente dell&#8217;associazione, Donata Barattin, ha ringraziato gli sponsor e i volontari per il loro impegno, che ha permesso di sostenere il Soccorso Alpino, un&#8217;importante realt\u00e0 che garantisce la sicurezza sul territorio montano.<\/p>\n<p>&nbsp;<\/p>\n<p>&nbsp;<\/p>\n<hr \/>\n<p>&nbsp;<\/p>\n<blockquote>\n<h3>QUATTRO MIGRANTI OSPITATI TRA ALLEGHE E LIVINALLONGO. LE TESTIMONIANZE<\/h3>\n<\/blockquote>\n<p><strong><a class=\"dt-pswp-item\" href=\"https:\/\/www.radiopiu.net\/wordpress\/wp-content\/uploads\/2022\/12\/alleghe-estate.jpg\" data-dt-img-description=\"\" data-large_image_width=\"640\" data-large_image_height=\"425\"><img loading=\"lazy\" decoding=\"async\" class=\" wp-image-311542 alignleft\" src=\"https:\/\/www.radiopiu.net\/wordpress\/wp-content\/uploads\/2022\/12\/alleghe-estate-300x199.jpg\" alt=\"\" width=\"210\" height=\"139\" srcset=\"https:\/\/www.radiopiu.net\/wordpress\/wp-content\/uploads\/2022\/12\/alleghe-estate-300x199.jpg 300w, https:\/\/www.radiopiu.net\/wordpress\/wp-content\/uploads\/2022\/12\/alleghe-estate.jpg 640w\" sizes=\"auto, (max-width: 210px) 100vw, 210px\" \/><\/a>ALLEGHE<\/strong><\/p>\n<p>DI GIANNI SANTOMASO<\/p>\n<audio class=\"wp-audio-shortcode\" id=\"audio-355721-2\" preload=\"none\" style=\"width: 100%;\" controls=\"controls\"><source type=\"audio\/mpeg\" src=\"https:\/\/www.radiopiu.net\/wordpress\/wp-content\/uploads\/2023\/10\/GIANNI-QUATTRO-MIGRANTI-OSPITATI-TRA-ALLEGHE-E-LIVINALLONGO.-LE-TESTIMONIANZE.mp3?_=2\" \/><a href=\"https:\/\/www.radiopiu.net\/wordpress\/wp-content\/uploads\/2023\/10\/GIANNI-QUATTRO-MIGRANTI-OSPITATI-TRA-ALLEGHE-E-LIVINALLONGO.-LE-TESTIMONIANZE.mp3\">https:\/\/www.radiopiu.net\/wordpress\/wp-content\/uploads\/2023\/10\/GIANNI-QUATTRO-MIGRANTI-OSPITATI-TRA-ALLEGHE-E-LIVINALLONGO.-LE-TESTIMONIANZE.mp3<\/a><\/audio>\n<p>&nbsp;<\/p>\n<hr \/>\n<p>&nbsp;<\/p>\n<blockquote>\n<h3>FESTEGGIATI I 90 ANNI DEL RIFUGIO CAPANNA PASSO VALLES<\/h3>\n<\/blockquote>\n<p><strong><a class=\"dt-pswp-item\" href=\"https:\/\/www.radiopiu.net\/wordpress\/wp-content\/uploads\/2023\/10\/VD_Rifugio_Estate_05.jpg\" data-dt-img-description=\"\" data-large_image_width=\"2220\" data-large_image_height=\"1040\"><img loading=\"lazy\" decoding=\"async\" class=\" wp-image-355903 alignleft\" src=\"https:\/\/www.radiopiu.net\/wordpress\/wp-content\/uploads\/2023\/10\/VD_Rifugio_Estate_05-300x141.jpg\" alt=\"\" width=\"253\" height=\"119\" srcset=\"https:\/\/www.radiopiu.net\/wordpress\/wp-content\/uploads\/2023\/10\/VD_Rifugio_Estate_05-300x141.jpg 300w, https:\/\/www.radiopiu.net\/wordpress\/wp-content\/uploads\/2023\/10\/VD_Rifugio_Estate_05-1024x480.jpg 1024w, https:\/\/www.radiopiu.net\/wordpress\/wp-content\/uploads\/2023\/10\/VD_Rifugio_Estate_05-768x360.jpg 768w, https:\/\/www.radiopiu.net\/wordpress\/wp-content\/uploads\/2023\/10\/VD_Rifugio_Estate_05-1536x720.jpg 1536w, https:\/\/www.radiopiu.net\/wordpress\/wp-content\/uploads\/2023\/10\/VD_Rifugio_Estate_05-2048x959.jpg 2048w\" sizes=\"auto, (max-width: 253px) 100vw, 253px\" \/><\/a>PASSO VALLES <\/strong>Sabato \u00e8 stata festeggiata la storia della Capanna Passo Valles, il rifugio situato a 2.000 metri di quota al confine tra il Veneto e il Trentino, che ha compiuto novant&#8217;anni di attivit\u00e0. La famiglia Cemin, che gestisce l&#8217;attivit\u00e0 da tre generazioni, ha organizzato l&#8217;evento per commemorare questo anniversario.<\/p>\n<p>&nbsp;<\/p>\n<p>&nbsp;<\/p>\n<hr \/>\n<p>&nbsp;<\/p>\n<blockquote>\n<h3>DILLO A RADIO PIU&#8217;&#8230;LE AUTO SPORTIVE SUI PASSI DOLOMITICI<\/h3>\n<\/blockquote>\n<p><strong><a class=\"dt-pswp-item\" href=\"https:\/\/www.radiopiu.net\/wordpress\/wp-content\/uploads\/2023\/10\/SCR-20231007-pghu.jpeg\" data-dt-img-description=\"\" data-large_image_width=\"1122\" data-large_image_height=\"636\"><img loading=\"lazy\" decoding=\"async\" class=\" wp-image-355838 alignleft\" src=\"https:\/\/www.radiopiu.net\/wordpress\/wp-content\/uploads\/2023\/10\/SCR-20231007-pghu-300x170.jpeg\" alt=\"\" width=\"178\" height=\"101\" srcset=\"https:\/\/www.radiopiu.net\/wordpress\/wp-content\/uploads\/2023\/10\/SCR-20231007-pghu-300x170.jpeg 300w, https:\/\/www.radiopiu.net\/wordpress\/wp-content\/uploads\/2023\/10\/SCR-20231007-pghu-1024x580.jpeg 1024w, https:\/\/www.radiopiu.net\/wordpress\/wp-content\/uploads\/2023\/10\/SCR-20231007-pghu-768x435.jpeg 768w, https:\/\/www.radiopiu.net\/wordpress\/wp-content\/uploads\/2023\/10\/SCR-20231007-pghu.jpeg 1122w\" sizes=\"auto, (max-width: 178px) 100vw, 178px\" \/><\/a>Riceviamo e pubblichiamo<\/strong><\/p>\n<p>Buongiorno, abito a Selva di Cadore e lavoro ai piedi del Passo Giau. Oggi \u00e8 un continuo passaggio di auto sportive, sembra di essere in un autodromo: corrono come pazzi, rombi a non finire che suscitano la meraviglia dei miei clienti che si chiedono come possa essere possibile una cosa del genere. Ormai dovrei anche essere abituato visto che pi\u00f9 o meno la situazione \u00e8 questa da maggio a novembre, qualche week end di pi\u00f9, qualche altro di meno, ma no.. non sono abituato e questo rumore assordante da veramente fastidio. Capisco la passione di chi ama sfrecciare con 300 cavalli sotto al sedere per\u00f2 questo non reputo sia il luogo adatto per farlo. Un giorno i tedeschi, un giorno le Porsche e Ferrari, un altro i ragazzotti con l\u2019 auto sportiva.. e cos\u00ec da anni e sempre peggio e nessuno propone e attua soluzioni concrete. Non mi pare sia questo il modo di valorizzare i nostri territori montani.<\/p>\n<p>Piergiorgio Agostini &#8211; Selva di Cadore<\/p>\n<p>&nbsp;<\/p>\n<p>&nbsp;<\/p>\n<hr \/>\n<p>&nbsp;<\/p>\n<blockquote>\n<h3>DILLO A RADIO PIU&#8217;&#8230;I TOMBINI A VARE DI SAN TOMASO<\/h3>\n<\/blockquote>\n<p><strong>Riceviamo e pubblichiamo<\/strong><\/p>\n<p>Da quando c&#8217;\u00e8 stata l&#8217;ultima perturbazione risalente il 24 agosto 2023 che ha allagato anche scantinati grazie ai tombini saturi di detriti e piante e che ormai non ricevono pi\u00f9 le acque anzi &#8220;ormai fanno da vasi ornamentali&#8221; visto che \u00e8 nata una bella robusta e rigogliosa vegetazione. Incrociamo le dita per la futura perturbazione.<\/p>\n\n\t\t\t<style type='text\/css'>\n\t\t\t\t#gallery-5 {\n\t\t\t\t\tmargin: auto;\n\t\t\t\t}\n\t\t\t\t#gallery-5 .gallery-item {\n\t\t\t\t\tfloat: left;\n\t\t\t\t\tmargin-top: 10px;\n\t\t\t\t\ttext-align: center;\n\t\t\t\t\twidth: 33%;\n\t\t\t\t}\n\t\t\t\t#gallery-5 img {\n\t\t\t\t\tborder: 2px solid #cfcfcf;\n\t\t\t\t}\n\t\t\t\t#gallery-5 .gallery-caption {\n\t\t\t\t\tmargin-left: 0;\n\t\t\t\t}\n\t\t\t\t\/* see gallery_shortcode() in wp-includes\/media.php *\/\n\t\t\t<\/style>\n\t\t<div id='gallery-5' class='dt-gallery-container gallery galleryid-355721 gallery-columns-3 gallery-size-thumbnail'><dl class='gallery-item'>\n\t\t\t\t<dt class='gallery-icon portrait'>\n\t\t\t\t\t<a class=\"rollover rollover-zoom dt-pswp-item\" title=\"6afcc806-5382-4f18-9efe-6ed6d4b69e4b\" data-dt-img-description=\"\" data-large_image_width=\"777\" data-large_image_height=\"1600\"href='https:\/\/www.radiopiu.net\/wordpress\/wp-content\/uploads\/2023\/10\/6afcc806-5382-4f18-9efe-6ed6d4b69e4b.jpg'><img loading=\"lazy\" decoding=\"async\" width=\"150\" height=\"150\" src=\"https:\/\/www.radiopiu.net\/wordpress\/wp-content\/uploads\/2023\/10\/6afcc806-5382-4f18-9efe-6ed6d4b69e4b-150x150.jpg\" class=\"attachment-thumbnail size-thumbnail\" alt=\"\" \/><\/a>\n\t\t\t\t<\/dt><\/dl><dl class='gallery-item'>\n\t\t\t\t<dt class='gallery-icon portrait'>\n\t\t\t\t\t<a class=\"rollover rollover-zoom dt-pswp-item\" title=\"7849bfbf-53f2-4f27-ab45-1427f642dd8e\" data-dt-img-description=\"\" data-large_image_width=\"777\" data-large_image_height=\"1600\"href='https:\/\/www.radiopiu.net\/wordpress\/wp-content\/uploads\/2023\/10\/7849bfbf-53f2-4f27-ab45-1427f642dd8e.jpg'><img loading=\"lazy\" decoding=\"async\" width=\"150\" height=\"150\" src=\"https:\/\/www.radiopiu.net\/wordpress\/wp-content\/uploads\/2023\/10\/7849bfbf-53f2-4f27-ab45-1427f642dd8e-150x150.jpg\" class=\"attachment-thumbnail size-thumbnail\" alt=\"\" \/><\/a>\n\t\t\t\t<\/dt><\/dl><dl class='gallery-item'>\n\t\t\t\t<dt class='gallery-icon portrait'>\n\t\t\t\t\t<a class=\"rollover rollover-zoom dt-pswp-item\" title=\"6684e16c-3ce9-4073-aea7-19a4a051c8aa\" data-dt-img-description=\"\" data-large_image_width=\"777\" data-large_image_height=\"1600\"href='https:\/\/www.radiopiu.net\/wordpress\/wp-content\/uploads\/2023\/10\/6684e16c-3ce9-4073-aea7-19a4a051c8aa.jpg'><img loading=\"lazy\" decoding=\"async\" width=\"150\" height=\"150\" src=\"https:\/\/www.radiopiu.net\/wordpress\/wp-content\/uploads\/2023\/10\/6684e16c-3ce9-4073-aea7-19a4a051c8aa-150x150.jpg\" class=\"attachment-thumbnail size-thumbnail\" alt=\"\" \/><\/a>\n\t\t\t\t<\/dt><\/dl><br style=\"clear: both\" \/>\n\t\t\t<\/div>\n\n<p>&nbsp;<\/p>\n<hr \/>\n<p>&nbsp;<\/p>\n<blockquote>\n<h3 class=\"entry-title\">DILLO A RADIO PIU\u2019\u2026FORSE LA PASSERELLA ERA MEGLIO IN LEGNO<\/h3>\n<\/blockquote>\n<p><strong>Riceviamo e pubblichiamo<\/strong><\/p>\n<p>In attesa della tanto vituperata linea Venezia &#8211; Cortina che passer\u00e0 per l&#8217;agordino intanto qualcuno inizia a fare le prove di come si potrebbe vedere pregevole esempio estetico di opera che si inserisce perfettamente nell&#8217;ambiente delle Dolomiti, degno della Tour Eiffel. Forse una bella passerella in legno sarebbe stata cos\u00ec in disarmonia con l&#8217;ambiente?<\/p>\n<p>&nbsp;<\/p>\n\n\t\t\t<style type='text\/css'>\n\t\t\t\t#gallery-6 {\n\t\t\t\t\tmargin: auto;\n\t\t\t\t}\n\t\t\t\t#gallery-6 .gallery-item {\n\t\t\t\t\tfloat: left;\n\t\t\t\t\tmargin-top: 10px;\n\t\t\t\t\ttext-align: center;\n\t\t\t\t\twidth: 100%;\n\t\t\t\t}\n\t\t\t\t#gallery-6 img {\n\t\t\t\t\tborder: 2px solid #cfcfcf;\n\t\t\t\t}\n\t\t\t\t#gallery-6 .gallery-caption {\n\t\t\t\t\tmargin-left: 0;\n\t\t\t\t}\n\t\t\t\t\/* see gallery_shortcode() in wp-includes\/media.php *\/\n\t\t\t<\/style>\n\t\t<div id='gallery-6' class='dt-gallery-container gallery galleryid-355721 gallery-columns-1 gallery-size-medium'><dl class='gallery-item'>\n\t\t\t\t<dt class='gallery-icon landscape'>\n\t\t\t\t\t<a class=\"rollover rollover-zoom dt-pswp-item\" title=\"3fe0d559-aa2e-4031-a093-699ffeeacc43\" data-dt-img-description=\"\" data-large_image_width=\"1600\" data-large_image_height=\"720\"href='https:\/\/www.radiopiu.net\/wordpress\/wp-content\/uploads\/2023\/10\/3fe0d559-aa2e-4031-a093-699ffeeacc43.jpg'><img loading=\"lazy\" decoding=\"async\" width=\"300\" height=\"135\" src=\"https:\/\/www.radiopiu.net\/wordpress\/wp-content\/uploads\/2023\/10\/3fe0d559-aa2e-4031-a093-699ffeeacc43-300x135.jpg\" class=\"attachment-medium size-medium\" alt=\"\" srcset=\"https:\/\/www.radiopiu.net\/wordpress\/wp-content\/uploads\/2023\/10\/3fe0d559-aa2e-4031-a093-699ffeeacc43-300x135.jpg 300w, https:\/\/www.radiopiu.net\/wordpress\/wp-content\/uploads\/2023\/10\/3fe0d559-aa2e-4031-a093-699ffeeacc43-1024x461.jpg 1024w, https:\/\/www.radiopiu.net\/wordpress\/wp-content\/uploads\/2023\/10\/3fe0d559-aa2e-4031-a093-699ffeeacc43-768x346.jpg 768w, https:\/\/www.radiopiu.net\/wordpress\/wp-content\/uploads\/2023\/10\/3fe0d559-aa2e-4031-a093-699ffeeacc43-1536x691.jpg 1536w, https:\/\/www.radiopiu.net\/wordpress\/wp-content\/uploads\/2023\/10\/3fe0d559-aa2e-4031-a093-699ffeeacc43.jpg 1600w\" sizes=\"auto, (max-width: 300px) 100vw, 300px\" \/><\/a>\n\t\t\t\t<\/dt><\/dl><br style=\"clear: both\" \/>\n\t\t\t<\/div>\n\n<p>&nbsp;<\/p>\n<p>&nbsp;<\/p>\n<p>&nbsp;<\/p>\n<hr \/>\n<p>&nbsp;<\/p>\n<blockquote>\n<h3>LA SFILATA DELLA FANFARA DELLA BRIGATA ALPINA CADORE E IL CONCERTO AL PALALUXOTTICA<\/h3>\n<\/blockquote>\n<p><strong>AGORDO<\/strong> Arriva la Fanfara della Brigata Alpina Cadore ad Agordo che anima il centro cittadino e il Broi.<\/p>\n<p><strong>LA DIRETTA RADIO PIU&#8217;<\/strong><\/p>\n<p><iframe loading=\"lazy\" title=\"AGORDO: LA SFILATA DELLA FANFARA DELLA BRIGATA ALPINA CADORE\" width=\"1200\" height=\"675\" src=\"https:\/\/www.youtube.com\/embed\/i4wLxCqqEwY?feature=oembed\" frameborder=\"0\" allow=\"accelerometer; autoplay; clipboard-write; encrypted-media; gyroscope; picture-in-picture; web-share\" allowfullscreen><\/iframe><\/p>\n<p>&nbsp;<\/p>\n<p><strong>AGORDO<\/strong> Dal PalaLuxottica di Agordo uno stralcio del concerto della Fanfara Brigata Alpina Cadore<\/p>\n<p><strong>LA DIRETTA RADIO PIU&#8217;<\/strong><\/p>\n<p><iframe loading=\"lazy\" title=\"CONCERTO DELLA BRIGATA ALPINA CADORE - 07 OTTOBRE 2023\" width=\"1200\" height=\"675\" src=\"https:\/\/www.youtube.com\/embed\/5hNyKK-Cb7o?feature=oembed\" frameborder=\"0\" allow=\"accelerometer; autoplay; clipboard-write; encrypted-media; gyroscope; picture-in-picture; web-share\" allowfullscreen><\/iframe><\/p>\n<p>&nbsp;<\/p>\n\n\t\t\t<style type='text\/css'>\n\t\t\t\t#gallery-7 {\n\t\t\t\t\tmargin: auto;\n\t\t\t\t}\n\t\t\t\t#gallery-7 .gallery-item {\n\t\t\t\t\tfloat: left;\n\t\t\t\t\tmargin-top: 10px;\n\t\t\t\t\ttext-align: center;\n\t\t\t\t\twidth: 33%;\n\t\t\t\t}\n\t\t\t\t#gallery-7 img {\n\t\t\t\t\tborder: 2px solid #cfcfcf;\n\t\t\t\t}\n\t\t\t\t#gallery-7 .gallery-caption {\n\t\t\t\t\tmargin-left: 0;\n\t\t\t\t}\n\t\t\t\t\/* see gallery_shortcode() in wp-includes\/media.php *\/\n\t\t\t<\/style>\n\t\t<div id='gallery-7' class='dt-gallery-container gallery galleryid-355721 gallery-columns-3 gallery-size-medium'><dl class='gallery-item'>\n\t\t\t\t<dt class='gallery-icon landscape'>\n\t\t\t\t\t<a class=\"rollover rollover-zoom dt-pswp-item\" title=\"94b6b409-283d-4659-af31-dbe732c85eab\" data-dt-img-description=\"\" data-large_image_width=\"1024\" data-large_image_height=\"768\"href='https:\/\/www.radiopiu.net\/wordpress\/wp-content\/uploads\/2023\/10\/94b6b409-283d-4659-af31-dbe732c85eab.jpg'><img loading=\"lazy\" decoding=\"async\" width=\"300\" height=\"225\" src=\"https:\/\/www.radiopiu.net\/wordpress\/wp-content\/uploads\/2023\/10\/94b6b409-283d-4659-af31-dbe732c85eab-300x225.jpg\" class=\"attachment-medium size-medium\" alt=\"\" srcset=\"https:\/\/www.radiopiu.net\/wordpress\/wp-content\/uploads\/2023\/10\/94b6b409-283d-4659-af31-dbe732c85eab-300x225.jpg 300w, https:\/\/www.radiopiu.net\/wordpress\/wp-content\/uploads\/2023\/10\/94b6b409-283d-4659-af31-dbe732c85eab-768x576.jpg 768w, https:\/\/www.radiopiu.net\/wordpress\/wp-content\/uploads\/2023\/10\/94b6b409-283d-4659-af31-dbe732c85eab.jpg 1024w\" sizes=\"auto, (max-width: 300px) 100vw, 300px\" \/><\/a>\n\t\t\t\t<\/dt><\/dl><dl class='gallery-item'>\n\t\t\t\t<dt class='gallery-icon landscape'>\n\t\t\t\t\t<a class=\"rollover rollover-zoom dt-pswp-item\" title=\"bfe6e66e-4610-4cbb-8cfb-ad08bd744cf6\" data-dt-img-description=\"\" data-large_image_width=\"1024\" data-large_image_height=\"768\"href='https:\/\/www.radiopiu.net\/wordpress\/wp-content\/uploads\/2023\/10\/bfe6e66e-4610-4cbb-8cfb-ad08bd744cf6.jpg'><img loading=\"lazy\" decoding=\"async\" width=\"300\" height=\"225\" src=\"https:\/\/www.radiopiu.net\/wordpress\/wp-content\/uploads\/2023\/10\/bfe6e66e-4610-4cbb-8cfb-ad08bd744cf6-300x225.jpg\" class=\"attachment-medium size-medium\" alt=\"\" srcset=\"https:\/\/www.radiopiu.net\/wordpress\/wp-content\/uploads\/2023\/10\/bfe6e66e-4610-4cbb-8cfb-ad08bd744cf6-300x225.jpg 300w, https:\/\/www.radiopiu.net\/wordpress\/wp-content\/uploads\/2023\/10\/bfe6e66e-4610-4cbb-8cfb-ad08bd744cf6-768x576.jpg 768w, https:\/\/www.radiopiu.net\/wordpress\/wp-content\/uploads\/2023\/10\/bfe6e66e-4610-4cbb-8cfb-ad08bd744cf6.jpg 1024w\" sizes=\"auto, (max-width: 300px) 100vw, 300px\" \/><\/a>\n\t\t\t\t<\/dt><\/dl><dl class='gallery-item'>\n\t\t\t\t<dt class='gallery-icon landscape'>\n\t\t\t\t\t<a class=\"rollover rollover-zoom dt-pswp-item\" title=\"24bec628-4107-4598-980f-0ee8a6be7757\" data-dt-img-description=\"\" data-large_image_width=\"1024\" data-large_image_height=\"768\"href='https:\/\/www.radiopiu.net\/wordpress\/wp-content\/uploads\/2023\/10\/24bec628-4107-4598-980f-0ee8a6be7757.jpg'><img loading=\"lazy\" decoding=\"async\" width=\"300\" height=\"225\" src=\"https:\/\/www.radiopiu.net\/wordpress\/wp-content\/uploads\/2023\/10\/24bec628-4107-4598-980f-0ee8a6be7757-300x225.jpg\" class=\"attachment-medium size-medium\" alt=\"\" srcset=\"https:\/\/www.radiopiu.net\/wordpress\/wp-content\/uploads\/2023\/10\/24bec628-4107-4598-980f-0ee8a6be7757-300x225.jpg 300w, https:\/\/www.radiopiu.net\/wordpress\/wp-content\/uploads\/2023\/10\/24bec628-4107-4598-980f-0ee8a6be7757-768x576.jpg 768w, https:\/\/www.radiopiu.net\/wordpress\/wp-content\/uploads\/2023\/10\/24bec628-4107-4598-980f-0ee8a6be7757.jpg 1024w\" sizes=\"auto, (max-width: 300px) 100vw, 300px\" \/><\/a>\n\t\t\t\t<\/dt><\/dl><br style=\"clear: both\" \/>\n\t\t\t<\/div>\n\n<p>&nbsp;<\/p>\n<p><iframe loading=\"lazy\" title=\"FANFARA DELLA BRIGATA ALPINA CADORE\" width=\"1200\" height=\"675\" src=\"https:\/\/www.youtube.com\/embed\/z_ryixfQn2c?feature=oembed\" frameborder=\"0\" allow=\"accelerometer; autoplay; clipboard-write; encrypted-media; gyroscope; picture-in-picture; web-share\" allowfullscreen><\/iframe><\/p>\n<hr \/>\n<p>&nbsp;<\/p>\n<blockquote>\n<h3>EL DI DEL TRATOR A CANALE D&#8217;AGORDO<\/h3>\n<\/blockquote>\n<p><strong>CANALE D&#8217;AGORDO\u00a0<\/strong>Rombano i motori a Canale D&#8217;Agordo. El Di Del Trator \u00e8 tornato con una giornata di festa dedicata ai mezzi agricoli che hanno sfilato in centro al paese oltre che raggiungere Falcade e fare ritorno al tendone in piazza.<\/p>\n<p><strong>LA DIRETTA RADIO PIU&#8217;<\/strong><\/p>\n<p><iframe loading=\"lazy\" title=\"EL DI DEL TRATOR - CANALE D&#039;AGORDO 08 OTTOBRE 2023\" width=\"1200\" height=\"675\" src=\"https:\/\/www.youtube.com\/embed\/vMgMkaLro9c?feature=oembed\" frameborder=\"0\" allow=\"accelerometer; autoplay; clipboard-write; encrypted-media; gyroscope; picture-in-picture; web-share\" allowfullscreen><\/iframe><\/p>\n<p>&nbsp;<\/p>\n<p><strong>LE FOTO DI BRUNELLA MORO<\/strong><\/p>\n\n\t\t\t<style type='text\/css'>\n\t\t\t\t#gallery-8 {\n\t\t\t\t\tmargin: auto;\n\t\t\t\t}\n\t\t\t\t#gallery-8 .gallery-item {\n\t\t\t\t\tfloat: left;\n\t\t\t\t\tmargin-top: 10px;\n\t\t\t\t\ttext-align: center;\n\t\t\t\t\twidth: 16%;\n\t\t\t\t}\n\t\t\t\t#gallery-8 img {\n\t\t\t\t\tborder: 2px solid #cfcfcf;\n\t\t\t\t}\n\t\t\t\t#gallery-8 .gallery-caption {\n\t\t\t\t\tmargin-left: 0;\n\t\t\t\t}\n\t\t\t\t\/* see gallery_shortcode() in wp-includes\/media.php *\/\n\t\t\t<\/style>\n\t\t<div id='gallery-8' class='dt-gallery-container gallery galleryid-355721 gallery-columns-6 gallery-size-thumbnail'><dl class='gallery-item'>\n\t\t\t\t<dt class='gallery-icon portrait'>\n\t\t\t\t\t<a class=\"rollover rollover-zoom dt-pswp-item\" title=\"90add416-5d6b-4c40-81b3-566bbc9e631a\" data-dt-img-description=\"\" data-large_image_width=\"576\" data-large_image_height=\"1024\"href='https:\/\/www.radiopiu.net\/wordpress\/wp-content\/uploads\/2023\/10\/90add416-5d6b-4c40-81b3-566bbc9e631a.jpg'><img loading=\"lazy\" decoding=\"async\" width=\"150\" height=\"150\" src=\"https:\/\/www.radiopiu.net\/wordpress\/wp-content\/uploads\/2023\/10\/90add416-5d6b-4c40-81b3-566bbc9e631a-150x150.jpg\" class=\"attachment-thumbnail size-thumbnail\" alt=\"\" \/><\/a>\n\t\t\t\t<\/dt><\/dl><dl class='gallery-item'>\n\t\t\t\t<dt class='gallery-icon landscape'>\n\t\t\t\t\t<a class=\"rollover rollover-zoom dt-pswp-item\" title=\"45238acb-d773-4c10-b994-1cf686176fe4\" data-dt-img-description=\"\" data-large_image_width=\"1024\" data-large_image_height=\"576\"href='https:\/\/www.radiopiu.net\/wordpress\/wp-content\/uploads\/2023\/10\/45238acb-d773-4c10-b994-1cf686176fe4.jpg'><img loading=\"lazy\" decoding=\"async\" width=\"150\" height=\"150\" src=\"https:\/\/www.radiopiu.net\/wordpress\/wp-content\/uploads\/2023\/10\/45238acb-d773-4c10-b994-1cf686176fe4-150x150.jpg\" class=\"attachment-thumbnail size-thumbnail\" alt=\"\" \/><\/a>\n\t\t\t\t<\/dt><\/dl><dl class='gallery-item'>\n\t\t\t\t<dt class='gallery-icon portrait'>\n\t\t\t\t\t<a class=\"rollover rollover-zoom dt-pswp-item\" title=\"e682f912-a884-4295-b9c7-afe4015ee241\" data-dt-img-description=\"\" data-large_image_width=\"576\" data-large_image_height=\"1024\"href='https:\/\/www.radiopiu.net\/wordpress\/wp-content\/uploads\/2023\/10\/e682f912-a884-4295-b9c7-afe4015ee241.jpg'><img loading=\"lazy\" decoding=\"async\" width=\"150\" height=\"150\" src=\"https:\/\/www.radiopiu.net\/wordpress\/wp-content\/uploads\/2023\/10\/e682f912-a884-4295-b9c7-afe4015ee241-150x150.jpg\" class=\"attachment-thumbnail size-thumbnail\" alt=\"\" \/><\/a>\n\t\t\t\t<\/dt><\/dl><dl class='gallery-item'>\n\t\t\t\t<dt class='gallery-icon landscape'>\n\t\t\t\t\t<a class=\"rollover rollover-zoom dt-pswp-item\" title=\"06788e38-5d21-420e-beac-1a179e5212f3\" data-dt-img-description=\"\" data-large_image_width=\"1024\" data-large_image_height=\"768\"href='https:\/\/www.radiopiu.net\/wordpress\/wp-content\/uploads\/2023\/10\/06788e38-5d21-420e-beac-1a179e5212f3.jpg'><img loading=\"lazy\" decoding=\"async\" width=\"150\" height=\"150\" src=\"https:\/\/www.radiopiu.net\/wordpress\/wp-content\/uploads\/2023\/10\/06788e38-5d21-420e-beac-1a179e5212f3-150x150.jpg\" class=\"attachment-thumbnail size-thumbnail\" alt=\"\" \/><\/a>\n\t\t\t\t<\/dt><\/dl><dl class='gallery-item'>\n\t\t\t\t<dt class='gallery-icon landscape'>\n\t\t\t\t\t<a class=\"rollover rollover-zoom dt-pswp-item\" title=\"1341c03e-aba3-42e8-ac01-1757c51f45db\" data-dt-img-description=\"\" data-large_image_width=\"1024\" data-large_image_height=\"768\"href='https:\/\/www.radiopiu.net\/wordpress\/wp-content\/uploads\/2023\/10\/1341c03e-aba3-42e8-ac01-1757c51f45db.jpg'><img loading=\"lazy\" decoding=\"async\" width=\"150\" height=\"150\" src=\"https:\/\/www.radiopiu.net\/wordpress\/wp-content\/uploads\/2023\/10\/1341c03e-aba3-42e8-ac01-1757c51f45db-150x150.jpg\" class=\"attachment-thumbnail size-thumbnail\" alt=\"\" \/><\/a>\n\t\t\t\t<\/dt><\/dl><dl class='gallery-item'>\n\t\t\t\t<dt class='gallery-icon landscape'>\n\t\t\t\t\t<a class=\"rollover rollover-zoom dt-pswp-item\" title=\"36a5d5a4-7bf5-42cf-b78d-d19814534fdc\" data-dt-img-description=\"\" data-large_image_width=\"1024\" data-large_image_height=\"768\"href='https:\/\/www.radiopiu.net\/wordpress\/wp-content\/uploads\/2023\/10\/36a5d5a4-7bf5-42cf-b78d-d19814534fdc.jpg'><img loading=\"lazy\" decoding=\"async\" width=\"150\" height=\"150\" src=\"https:\/\/www.radiopiu.net\/wordpress\/wp-content\/uploads\/2023\/10\/36a5d5a4-7bf5-42cf-b78d-d19814534fdc-150x150.jpg\" class=\"attachment-thumbnail size-thumbnail\" alt=\"\" \/><\/a>\n\t\t\t\t<\/dt><\/dl><br style=\"clear: both\" \/><dl class='gallery-item'>\n\t\t\t\t<dt class='gallery-icon landscape'>\n\t\t\t\t\t<a class=\"rollover rollover-zoom dt-pswp-item\" title=\"da5c95ef-dae8-439f-830f-2c86e6edb82f\" data-dt-img-description=\"\" data-large_image_width=\"1024\" data-large_image_height=\"768\"href='https:\/\/www.radiopiu.net\/wordpress\/wp-content\/uploads\/2023\/10\/da5c95ef-dae8-439f-830f-2c86e6edb82f.jpg'><img loading=\"lazy\" decoding=\"async\" width=\"150\" height=\"150\" src=\"https:\/\/www.radiopiu.net\/wordpress\/wp-content\/uploads\/2023\/10\/da5c95ef-dae8-439f-830f-2c86e6edb82f-150x150.jpg\" class=\"attachment-thumbnail size-thumbnail\" alt=\"\" \/><\/a>\n\t\t\t\t<\/dt><\/dl><dl class='gallery-item'>\n\t\t\t\t<dt class='gallery-icon landscape'>\n\t\t\t\t\t<a class=\"rollover rollover-zoom dt-pswp-item\" title=\"622a1657-85b2-423a-a008-339733681eb7\" data-dt-img-description=\"\" data-large_image_width=\"1024\" data-large_image_height=\"768\"href='https:\/\/www.radiopiu.net\/wordpress\/wp-content\/uploads\/2023\/10\/622a1657-85b2-423a-a008-339733681eb7.jpg'><img loading=\"lazy\" decoding=\"async\" width=\"150\" height=\"150\" src=\"https:\/\/www.radiopiu.net\/wordpress\/wp-content\/uploads\/2023\/10\/622a1657-85b2-423a-a008-339733681eb7-150x150.jpg\" class=\"attachment-thumbnail size-thumbnail\" alt=\"\" \/><\/a>\n\t\t\t\t<\/dt><\/dl><dl class='gallery-item'>\n\t\t\t\t<dt class='gallery-icon landscape'>\n\t\t\t\t\t<a class=\"rollover rollover-zoom dt-pswp-item\" title=\"12f4dfe3-f8b0-4fe2-824d-e1893caf25e5\" data-dt-img-description=\"\" data-large_image_width=\"1024\" data-large_image_height=\"898\"href='https:\/\/www.radiopiu.net\/wordpress\/wp-content\/uploads\/2023\/10\/12f4dfe3-f8b0-4fe2-824d-e1893caf25e5.jpg'><img loading=\"lazy\" decoding=\"async\" width=\"150\" height=\"150\" src=\"https:\/\/www.radiopiu.net\/wordpress\/wp-content\/uploads\/2023\/10\/12f4dfe3-f8b0-4fe2-824d-e1893caf25e5-150x150.jpg\" class=\"attachment-thumbnail size-thumbnail\" alt=\"\" \/><\/a>\n\t\t\t\t<\/dt><\/dl><dl class='gallery-item'>\n\t\t\t\t<dt class='gallery-icon landscape'>\n\t\t\t\t\t<a class=\"rollover rollover-zoom dt-pswp-item\" title=\"7a1361f9-de1e-4bb4-b9b0-6cd0b3c8b687\" data-dt-img-description=\"\" data-large_image_width=\"1024\" data-large_image_height=\"960\"href='https:\/\/www.radiopiu.net\/wordpress\/wp-content\/uploads\/2023\/10\/7a1361f9-de1e-4bb4-b9b0-6cd0b3c8b687.jpg'><img loading=\"lazy\" decoding=\"async\" width=\"150\" height=\"150\" src=\"https:\/\/www.radiopiu.net\/wordpress\/wp-content\/uploads\/2023\/10\/7a1361f9-de1e-4bb4-b9b0-6cd0b3c8b687-150x150.jpg\" class=\"attachment-thumbnail size-thumbnail\" alt=\"\" \/><\/a>\n\t\t\t\t<\/dt><\/dl><dl class='gallery-item'>\n\t\t\t\t<dt class='gallery-icon landscape'>\n\t\t\t\t\t<a class=\"rollover rollover-zoom dt-pswp-item\" title=\"07a72bf0-cc1c-4fa2-b90f-4d77888c32db\" data-dt-img-description=\"\" data-large_image_width=\"1024\" data-large_image_height=\"768\"href='https:\/\/www.radiopiu.net\/wordpress\/wp-content\/uploads\/2023\/10\/07a72bf0-cc1c-4fa2-b90f-4d77888c32db.jpg'><img loading=\"lazy\" decoding=\"async\" width=\"150\" height=\"150\" src=\"https:\/\/www.radiopiu.net\/wordpress\/wp-content\/uploads\/2023\/10\/07a72bf0-cc1c-4fa2-b90f-4d77888c32db-150x150.jpg\" class=\"attachment-thumbnail size-thumbnail\" alt=\"\" \/><\/a>\n\t\t\t\t<\/dt><\/dl><dl class='gallery-item'>\n\t\t\t\t<dt class='gallery-icon landscape'>\n\t\t\t\t\t<a class=\"rollover rollover-zoom dt-pswp-item\" title=\"7c04edf7-087d-4078-a6fe-7e447e6ab198\" data-dt-img-description=\"\" data-large_image_width=\"1024\" data-large_image_height=\"768\"href='https:\/\/www.radiopiu.net\/wordpress\/wp-content\/uploads\/2023\/10\/7c04edf7-087d-4078-a6fe-7e447e6ab198.jpg'><img loading=\"lazy\" decoding=\"async\" width=\"150\" height=\"150\" src=\"https:\/\/www.radiopiu.net\/wordpress\/wp-content\/uploads\/2023\/10\/7c04edf7-087d-4078-a6fe-7e447e6ab198-150x150.jpg\" class=\"attachment-thumbnail size-thumbnail\" alt=\"\" \/><\/a>\n\t\t\t\t<\/dt><\/dl><br style=\"clear: both\" \/><dl class='gallery-item'>\n\t\t\t\t<dt class='gallery-icon landscape'>\n\t\t\t\t\t<a class=\"rollover rollover-zoom dt-pswp-item\" title=\"92ec5865-3bd2-46d0-a4d3-638e49517d59\" data-dt-img-description=\"\" data-large_image_width=\"1024\" data-large_image_height=\"768\"href='https:\/\/www.radiopiu.net\/wordpress\/wp-content\/uploads\/2023\/10\/92ec5865-3bd2-46d0-a4d3-638e49517d59.jpg'><img loading=\"lazy\" decoding=\"async\" width=\"150\" height=\"150\" src=\"https:\/\/www.radiopiu.net\/wordpress\/wp-content\/uploads\/2023\/10\/92ec5865-3bd2-46d0-a4d3-638e49517d59-150x150.jpg\" class=\"attachment-thumbnail size-thumbnail\" alt=\"\" \/><\/a>\n\t\t\t\t<\/dt><\/dl><dl class='gallery-item'>\n\t\t\t\t<dt class='gallery-icon landscape'>\n\t\t\t\t\t<a class=\"rollover rollover-zoom dt-pswp-item\" title=\"2fb277f9-c985-497f-8ea8-3226e23d3c64\" data-dt-img-description=\"\" data-large_image_width=\"1024\" data-large_image_height=\"768\"href='https:\/\/www.radiopiu.net\/wordpress\/wp-content\/uploads\/2023\/10\/2fb277f9-c985-497f-8ea8-3226e23d3c64.jpg'><img loading=\"lazy\" decoding=\"async\" width=\"150\" height=\"150\" src=\"https:\/\/www.radiopiu.net\/wordpress\/wp-content\/uploads\/2023\/10\/2fb277f9-c985-497f-8ea8-3226e23d3c64-150x150.jpg\" class=\"attachment-thumbnail size-thumbnail\" alt=\"\" \/><\/a>\n\t\t\t\t<\/dt><\/dl><dl class='gallery-item'>\n\t\t\t\t<dt class='gallery-icon landscape'>\n\t\t\t\t\t<a class=\"rollover rollover-zoom dt-pswp-item\" title=\"c7837873-9b43-49cf-a6ab-37e567eb5017\" data-dt-img-description=\"\" data-large_image_width=\"750\" data-large_image_height=\"574\"href='https:\/\/www.radiopiu.net\/wordpress\/wp-content\/uploads\/2023\/10\/c7837873-9b43-49cf-a6ab-37e567eb5017.jpg'><img loading=\"lazy\" decoding=\"async\" width=\"150\" height=\"150\" src=\"https:\/\/www.radiopiu.net\/wordpress\/wp-content\/uploads\/2023\/10\/c7837873-9b43-49cf-a6ab-37e567eb5017-150x150.jpg\" class=\"attachment-thumbnail size-thumbnail\" alt=\"\" \/><\/a>\n\t\t\t\t<\/dt><\/dl><dl class='gallery-item'>\n\t\t\t\t<dt class='gallery-icon landscape'>\n\t\t\t\t\t<a class=\"rollover rollover-zoom dt-pswp-item\" title=\"097c5ba9-eaa1-4a7e-8690-ff26e313991e\" data-dt-img-description=\"\" data-large_image_width=\"1024\" data-large_image_height=\"768\"href='https:\/\/www.radiopiu.net\/wordpress\/wp-content\/uploads\/2023\/10\/097c5ba9-eaa1-4a7e-8690-ff26e313991e.jpg'><img loading=\"lazy\" decoding=\"async\" width=\"150\" height=\"150\" src=\"https:\/\/www.radiopiu.net\/wordpress\/wp-content\/uploads\/2023\/10\/097c5ba9-eaa1-4a7e-8690-ff26e313991e-150x150.jpg\" class=\"attachment-thumbnail size-thumbnail\" alt=\"\" \/><\/a>\n\t\t\t\t<\/dt><\/dl><dl class='gallery-item'>\n\t\t\t\t<dt class='gallery-icon landscape'>\n\t\t\t\t\t<a class=\"rollover rollover-zoom dt-pswp-item\" title=\"42f5c88c-d81f-4cd5-abdb-17c5eed1da37\" data-dt-img-description=\"\" data-large_image_width=\"1024\" data-large_image_height=\"768\"href='https:\/\/www.radiopiu.net\/wordpress\/wp-content\/uploads\/2023\/10\/42f5c88c-d81f-4cd5-abdb-17c5eed1da37.jpg'><img loading=\"lazy\" decoding=\"async\" width=\"150\" height=\"150\" src=\"https:\/\/www.radiopiu.net\/wordpress\/wp-content\/uploads\/2023\/10\/42f5c88c-d81f-4cd5-abdb-17c5eed1da37-150x150.jpg\" class=\"attachment-thumbnail size-thumbnail\" alt=\"\" \/><\/a>\n\t\t\t\t<\/dt><\/dl><dl class='gallery-item'>\n\t\t\t\t<dt class='gallery-icon landscape'>\n\t\t\t\t\t<a class=\"rollover rollover-zoom dt-pswp-item\" title=\"c1a5b07c-b1cf-4f5e-8152-d3d4bda64f0c\" data-dt-img-description=\"\" data-large_image_width=\"1024\" data-large_image_height=\"768\"href='https:\/\/www.radiopiu.net\/wordpress\/wp-content\/uploads\/2023\/10\/c1a5b07c-b1cf-4f5e-8152-d3d4bda64f0c.jpg'><img loading=\"lazy\" decoding=\"async\" width=\"150\" height=\"150\" src=\"https:\/\/www.radiopiu.net\/wordpress\/wp-content\/uploads\/2023\/10\/c1a5b07c-b1cf-4f5e-8152-d3d4bda64f0c-150x150.jpg\" class=\"attachment-thumbnail size-thumbnail\" alt=\"\" \/><\/a>\n\t\t\t\t<\/dt><\/dl><br style=\"clear: both\" \/><dl class='gallery-item'>\n\t\t\t\t<dt class='gallery-icon landscape'>\n\t\t\t\t\t<a class=\"rollover rollover-zoom dt-pswp-item\" title=\"1d020a7a-9364-4488-8378-661e4e2f5895\" data-dt-img-description=\"\" data-large_image_width=\"1024\" data-large_image_height=\"768\"href='https:\/\/www.radiopiu.net\/wordpress\/wp-content\/uploads\/2023\/10\/1d020a7a-9364-4488-8378-661e4e2f5895.jpg'><img loading=\"lazy\" decoding=\"async\" width=\"150\" height=\"150\" src=\"https:\/\/www.radiopiu.net\/wordpress\/wp-content\/uploads\/2023\/10\/1d020a7a-9364-4488-8378-661e4e2f5895-150x150.jpg\" class=\"attachment-thumbnail size-thumbnail\" alt=\"\" \/><\/a>\n\t\t\t\t<\/dt><\/dl><dl class='gallery-item'>\n\t\t\t\t<dt class='gallery-icon landscape'>\n\t\t\t\t\t<a class=\"rollover rollover-zoom dt-pswp-item\" title=\"9e14b77f-96a9-43a3-b0f3-2794071e5be2\" data-dt-img-description=\"\" data-large_image_width=\"1024\" data-large_image_height=\"768\"href='https:\/\/www.radiopiu.net\/wordpress\/wp-content\/uploads\/2023\/10\/9e14b77f-96a9-43a3-b0f3-2794071e5be2.jpg'><img loading=\"lazy\" decoding=\"async\" width=\"150\" height=\"150\" src=\"https:\/\/www.radiopiu.net\/wordpress\/wp-content\/uploads\/2023\/10\/9e14b77f-96a9-43a3-b0f3-2794071e5be2-150x150.jpg\" class=\"attachment-thumbnail size-thumbnail\" alt=\"\" \/><\/a>\n\t\t\t\t<\/dt><\/dl><dl class='gallery-item'>\n\t\t\t\t<dt class='gallery-icon landscape'>\n\t\t\t\t\t<a class=\"rollover rollover-zoom dt-pswp-item\" title=\"94f7da63-8fa1-4475-9fec-344110af59e3\" data-dt-img-description=\"\" data-large_image_width=\"1024\" data-large_image_height=\"768\"href='https:\/\/www.radiopiu.net\/wordpress\/wp-content\/uploads\/2023\/10\/94f7da63-8fa1-4475-9fec-344110af59e3.jpg'><img loading=\"lazy\" decoding=\"async\" width=\"150\" height=\"150\" src=\"https:\/\/www.radiopiu.net\/wordpress\/wp-content\/uploads\/2023\/10\/94f7da63-8fa1-4475-9fec-344110af59e3-150x150.jpg\" class=\"attachment-thumbnail size-thumbnail\" alt=\"\" \/><\/a>\n\t\t\t\t<\/dt><\/dl><dl class='gallery-item'>\n\t\t\t\t<dt class='gallery-icon landscape'>\n\t\t\t\t\t<a class=\"rollover rollover-zoom dt-pswp-item\" title=\"c033813f-cdc5-4332-9d76-166762709af0\" data-dt-img-description=\"\" data-large_image_width=\"1024\" data-large_image_height=\"768\"href='https:\/\/www.radiopiu.net\/wordpress\/wp-content\/uploads\/2023\/10\/c033813f-cdc5-4332-9d76-166762709af0.jpg'><img loading=\"lazy\" decoding=\"async\" width=\"150\" height=\"150\" src=\"https:\/\/www.radiopiu.net\/wordpress\/wp-content\/uploads\/2023\/10\/c033813f-cdc5-4332-9d76-166762709af0-150x150.jpg\" class=\"attachment-thumbnail size-thumbnail\" alt=\"\" \/><\/a>\n\t\t\t\t<\/dt><\/dl><dl class='gallery-item'>\n\t\t\t\t<dt class='gallery-icon landscape'>\n\t\t\t\t\t<a class=\"rollover rollover-zoom dt-pswp-item\" title=\"df09a84a-f11e-4888-8da3-8f71e05e5334\" data-dt-img-description=\"\" data-large_image_width=\"1024\" data-large_image_height=\"768\"href='https:\/\/www.radiopiu.net\/wordpress\/wp-content\/uploads\/2023\/10\/df09a84a-f11e-4888-8da3-8f71e05e5334.jpg'><img loading=\"lazy\" decoding=\"async\" width=\"150\" height=\"150\" src=\"https:\/\/www.radiopiu.net\/wordpress\/wp-content\/uploads\/2023\/10\/df09a84a-f11e-4888-8da3-8f71e05e5334-150x150.jpg\" class=\"attachment-thumbnail size-thumbnail\" alt=\"\" \/><\/a>\n\t\t\t\t<\/dt><\/dl><dl class='gallery-item'>\n\t\t\t\t<dt class='gallery-icon landscape'>\n\t\t\t\t\t<a class=\"rollover rollover-zoom dt-pswp-item\" title=\"d9936186-4737-4953-9243-2c41c0ad6224\" data-dt-img-description=\"\" data-large_image_width=\"1024\" data-large_image_height=\"768\"href='https:\/\/www.radiopiu.net\/wordpress\/wp-content\/uploads\/2023\/10\/d9936186-4737-4953-9243-2c41c0ad6224.jpg'><img loading=\"lazy\" decoding=\"async\" width=\"150\" height=\"150\" src=\"https:\/\/www.radiopiu.net\/wordpress\/wp-content\/uploads\/2023\/10\/d9936186-4737-4953-9243-2c41c0ad6224-150x150.jpg\" class=\"attachment-thumbnail size-thumbnail\" alt=\"\" \/><\/a>\n\t\t\t\t<\/dt><\/dl><br style=\"clear: both\" \/><dl class='gallery-item'>\n\t\t\t\t<dt class='gallery-icon landscape'>\n\t\t\t\t\t<a class=\"rollover rollover-zoom dt-pswp-item\" title=\"0e8787ab-2419-4e03-b658-0d0967bb2624\" data-dt-img-description=\"\" data-large_image_width=\"1024\" data-large_image_height=\"768\"href='https:\/\/www.radiopiu.net\/wordpress\/wp-content\/uploads\/2023\/10\/0e8787ab-2419-4e03-b658-0d0967bb2624.jpg'><img loading=\"lazy\" decoding=\"async\" width=\"150\" height=\"150\" src=\"https:\/\/www.radiopiu.net\/wordpress\/wp-content\/uploads\/2023\/10\/0e8787ab-2419-4e03-b658-0d0967bb2624-150x150.jpg\" class=\"attachment-thumbnail size-thumbnail\" alt=\"\" \/><\/a>\n\t\t\t\t<\/dt><\/dl><dl class='gallery-item'>\n\t\t\t\t<dt class='gallery-icon landscape'>\n\t\t\t\t\t<a class=\"rollover rollover-zoom dt-pswp-item\" title=\"b330a65b-30c5-40b4-81bf-93cc8b8b47a8\" data-dt-img-description=\"\" data-large_image_width=\"1024\" data-large_image_height=\"768\"href='https:\/\/www.radiopiu.net\/wordpress\/wp-content\/uploads\/2023\/10\/b330a65b-30c5-40b4-81bf-93cc8b8b47a8.jpg'><img loading=\"lazy\" decoding=\"async\" width=\"150\" height=\"150\" src=\"https:\/\/www.radiopiu.net\/wordpress\/wp-content\/uploads\/2023\/10\/b330a65b-30c5-40b4-81bf-93cc8b8b47a8-150x150.jpg\" class=\"attachment-thumbnail size-thumbnail\" alt=\"\" \/><\/a>\n\t\t\t\t<\/dt><\/dl><dl class='gallery-item'>\n\t\t\t\t<dt class='gallery-icon landscape'>\n\t\t\t\t\t<a class=\"rollover rollover-zoom dt-pswp-item\" title=\"76d92113-2d16-4bf0-9850-2ac3061aa7ca\" data-dt-img-description=\"\" data-large_image_width=\"1024\" data-large_image_height=\"768\"href='https:\/\/www.radiopiu.net\/wordpress\/wp-content\/uploads\/2023\/10\/76d92113-2d16-4bf0-9850-2ac3061aa7ca.jpg'><img loading=\"lazy\" decoding=\"async\" width=\"150\" height=\"150\" src=\"https:\/\/www.radiopiu.net\/wordpress\/wp-content\/uploads\/2023\/10\/76d92113-2d16-4bf0-9850-2ac3061aa7ca-150x150.jpg\" class=\"attachment-thumbnail size-thumbnail\" alt=\"\" \/><\/a>\n\t\t\t\t<\/dt><\/dl><dl class='gallery-item'>\n\t\t\t\t<dt class='gallery-icon landscape'>\n\t\t\t\t\t<a class=\"rollover rollover-zoom dt-pswp-item\" title=\"1a760217-1862-4d2e-a670-239c76369296\" data-dt-img-description=\"\" data-large_image_width=\"1024\" data-large_image_height=\"768\"href='https:\/\/www.radiopiu.net\/wordpress\/wp-content\/uploads\/2023\/10\/1a760217-1862-4d2e-a670-239c76369296.jpg'><img loading=\"lazy\" decoding=\"async\" width=\"150\" height=\"150\" src=\"https:\/\/www.radiopiu.net\/wordpress\/wp-content\/uploads\/2023\/10\/1a760217-1862-4d2e-a670-239c76369296-150x150.jpg\" class=\"attachment-thumbnail size-thumbnail\" alt=\"\" \/><\/a>\n\t\t\t\t<\/dt><\/dl><dl class='gallery-item'>\n\t\t\t\t<dt class='gallery-icon landscape'>\n\t\t\t\t\t<a class=\"rollover rollover-zoom dt-pswp-item\" title=\"7af13e63-7b46-4edb-b476-d9a83e3780ba\" data-dt-img-description=\"\" data-large_image_width=\"1024\" data-large_image_height=\"768\"href='https:\/\/www.radiopiu.net\/wordpress\/wp-content\/uploads\/2023\/10\/7af13e63-7b46-4edb-b476-d9a83e3780ba.jpg'><img loading=\"lazy\" decoding=\"async\" width=\"150\" height=\"150\" src=\"https:\/\/www.radiopiu.net\/wordpress\/wp-content\/uploads\/2023\/10\/7af13e63-7b46-4edb-b476-d9a83e3780ba-150x150.jpg\" class=\"attachment-thumbnail size-thumbnail\" alt=\"\" \/><\/a>\n\t\t\t\t<\/dt><\/dl>\n\t\t\t\t<br style='clear: both' \/>\n\t\t\t<\/div>\n\n<p>&nbsp;<\/p>\n<hr \/>\n<p>&nbsp;<\/p>\n<blockquote>\n<h3 class=\"entry-title\">GRANDI INCONTRI CON LIBERAL<\/h3>\n<\/blockquote>\n<p><strong class=\"photoswipe-wrapper\"><a class=\"dt-pswp-item pspw-wrap-ready\" href=\"https:\/\/www.radiopiu.net\/wordpress\/wp-content\/uploads\/2023\/10\/78737425-8ccd-4e90-aa9a-b07cba262308.jpg\" data-dt-img-description=\"\" data-large_image_width=\"2048\" data-large_image_height=\"1152\"><img loading=\"lazy\" decoding=\"async\" class=\" wp-image-355858 alignleft\" src=\"https:\/\/www.radiopiu.net\/wordpress\/wp-content\/uploads\/2023\/10\/78737425-8ccd-4e90-aa9a-b07cba262308-300x169.jpg\" sizes=\"auto, (max-width: 185px) 100vw, 185px\" srcset=\"https:\/\/www.radiopiu.net\/wordpress\/wp-content\/uploads\/2023\/10\/78737425-8ccd-4e90-aa9a-b07cba262308-300x169.jpg 300w, https:\/\/www.radiopiu.net\/wordpress\/wp-content\/uploads\/2023\/10\/78737425-8ccd-4e90-aa9a-b07cba262308-1024x576.jpg 1024w, https:\/\/www.radiopiu.net\/wordpress\/wp-content\/uploads\/2023\/10\/78737425-8ccd-4e90-aa9a-b07cba262308-768x432.jpg 768w, https:\/\/www.radiopiu.net\/wordpress\/wp-content\/uploads\/2023\/10\/78737425-8ccd-4e90-aa9a-b07cba262308-1536x864.jpg 1536w, https:\/\/www.radiopiu.net\/wordpress\/wp-content\/uploads\/2023\/10\/78737425-8ccd-4e90-aa9a-b07cba262308.jpg 2048w\" alt=\"\" width=\"185\" height=\"104\" \/><\/a>BELLUNO<\/strong>\u00a0Una bella serata con il ritorno a Belluno di Davide Giacalone, Editorialista per Rtl e direttore del quotidiano La Ragione. Al tavolo dei relatori Simonetta Rubinato, gi\u00e0 Parlamentare della Repubblica. Evento organizzato da Liberal Belluno<\/p>\n<p>&nbsp;<\/p>\n<p>&nbsp;<\/p>\n<p>&nbsp;<\/p>\n<hr \/>\n<p>&nbsp;<\/p>\n<blockquote>\n<h3>LA BANDA MUSICALE DELL&#8217;AERONAUTICA MILITARE A TREVISO<\/h3>\n<\/blockquote>\n<p><strong><a class=\"dt-pswp-item\" href=\"https:\/\/www.radiopiu.net\/wordpress\/wp-content\/uploads\/2023\/10\/DSC_5714.jpg\" data-dt-img-description=\"\" data-large_image_width=\"1772\" data-large_image_height=\"1183\"><img loading=\"lazy\" decoding=\"async\" class=\" wp-image-355961 alignleft\" src=\"https:\/\/www.radiopiu.net\/wordpress\/wp-content\/uploads\/2023\/10\/DSC_5714-300x200.jpg\" alt=\"\" width=\"158\" height=\"105\" srcset=\"https:\/\/www.radiopiu.net\/wordpress\/wp-content\/uploads\/2023\/10\/DSC_5714-300x200.jpg 300w, https:\/\/www.radiopiu.net\/wordpress\/wp-content\/uploads\/2023\/10\/DSC_5714-1024x684.jpg 1024w, https:\/\/www.radiopiu.net\/wordpress\/wp-content\/uploads\/2023\/10\/DSC_5714-768x513.jpg 768w, https:\/\/www.radiopiu.net\/wordpress\/wp-content\/uploads\/2023\/10\/DSC_5714-1536x1025.jpg 1536w, https:\/\/www.radiopiu.net\/wordpress\/wp-content\/uploads\/2023\/10\/DSC_5714.jpg 1772w\" sizes=\"auto, (max-width: 158px) 100vw, 158px\" \/><\/a>TREVISO <\/strong>Sabato al Teatro Comunale di Treviso &#8220;Mario del Monaco,&#8221; si \u00e8 tenuta una serata di solidariet\u00e0 con la partecipazione della Banda Musicale dell&#8217;Aeronautica Militare, diretta dal Maestro Maggiore Pantaleo Leonfranco Cammarano. Questa \u00e8 stata la prima volta nella storia del teatro che la banda si \u00e8 esibita.<\/p>\n<p>&nbsp;<\/p>\n<p>&nbsp;<\/p>\n<hr \/>\n<p>&nbsp;<\/p>\n<blockquote>\n<h3>DUE PORCINI DA MEZZO CHILO L&#8217;UNO PER MARIO DE MARCO<\/h3>\n<\/blockquote>\n<p><strong>VOLTAGO<\/strong> Anno sicuramente anomalo per le temperature alte in alta montagna, e questo comporta anche la possibilit\u00e0 di ritrovamenti eccezionali come questi due splendidi esemplari di porcini freschissimi da mezzo kg l&#8217;uno. &#8220;Sono rimasto senza fiato quando li ho visti, e vi assicuro che io funghi ne ho visti e raccolti tanti&#8221; dichiara Mario De Marco.<\/p>\n<div style=\"width: 848px;\" class=\"wp-video\"><video class=\"wp-video-shortcode\" id=\"video-355721-1\" width=\"848\" height=\"480\" preload=\"metadata\" controls=\"controls\"><source type=\"video\/mp4\" src=\"https:\/\/www.radiopiu.net\/wordpress\/wp-content\/uploads\/2023\/10\/WhatsApp-Video-2023-10-08-at-16.18.56.mp4?_=1\" \/><a href=\"https:\/\/www.radiopiu.net\/wordpress\/wp-content\/uploads\/2023\/10\/WhatsApp-Video-2023-10-08-at-16.18.56.mp4\">https:\/\/www.radiopiu.net\/wordpress\/wp-content\/uploads\/2023\/10\/WhatsApp-Video-2023-10-08-at-16.18.56.mp4<\/a><\/video><\/div>\n<p>&nbsp;<\/p>\n<hr \/>\n<p>&nbsp;<\/p>\n<blockquote>\n<h3 class=\"entry-title\">IN VENETO RISCHIAMO DI AVERE OLTRE 200.000 POSTI DI LAVORO SCOPERTI<\/h3>\n<\/blockquote>\n<p>In Veneto rischiamo di avere oltre 200 mila posti di lavoro scoperti. Anche nella nostra regione, purtroppo, da qualche anno sia gli imprenditori privati sia la Pubblica amministrazione, in particolar modo nei settori della scuola e della sanit\u00e0, denunciano grosse difficolt\u00e0 nel reperire personale qualificato e non. Grazie ai dati che emergono dalla periodica indagine Excelsior condotta presso gli imprenditori dall\u2019Unioncamere-Anpal, l\u2019Ufficio studi della CGIA ha potuto constatare che nel 2022 il 45,4 per cento delle aziende venete ha denunciato grosse difficolt\u00e0 di reperimento delle persone da assumere: vuoi perch\u00e9 non si trovano candidati o perch\u00e9 quelli che si sono presentati al colloquio non disponevano dei requisiti richiesti. In termini assoluti si stima che i posti scoperti potrebbero essere poco pi\u00f9 di 228 mila.<\/p>\n<p>A livello locale \u00e8 stata Verona a presentare il numero pi\u00f9 elevato di neo assunti difficilmente reperibili. La provincia scaligera ne ha contati 45.700 (incidenza di difficolt\u00e0 di reperimento sul totale assunzioni previste pari al 43%). Seguono Padova con 41.590 (46,8%), Venezia con 40.890 (43,8%), Vicenza con 40.480 (47,7%), Treviso con 37.820 (46,5%), Belluno con 11.400 (44,7%) e Rovigo con 10.290 (46,6%) (vedi Tab. 1).<\/p>\n<p>Sia chiaro, non \u00e8 una novit\u00e0: anche in Veneto la domanda e l\u2019offerta faticano a incrociarsi. Meno delle altre regioni, ma anche da noi \u00e8 cos\u00ec. Non solo. Abbiamo sempre meno giovani che si affacciano sul mercato del lavoro e sono sempre pi\u00f9 numerosi i casi di chi si presenta a un colloquio con un deficit educativo ed esperienziale notevole rispetto alle abilit\u00e0 professionali richieste dagli imprenditori.<\/p>\n<p>E nonostante il rallentamento dell\u2019economia in corso, sono tantissimi i casi in cui le aziende venete sono costrette a rinunciare a una quota importante di ordinativi, poich\u00e9 non hanno le risorse umane sufficienti per far fronte a queste nuove commesse. Il risultato di questa situazione ci consegna un quadro preoccupante: tante imprese non potendo incrementare l\u2019attivit\u00e0 produttiva, non possono crescere dimensionalmente e creare nuova ricchezza da distribuire.<\/p>\n<p><strong>Cuochi\/pizzaioli e camerieri\/maitre quasi introvabili<\/strong><br \/>\nGrazie ai dati che emergono dalla periodica indagine Excelsior condotta presso gli imprenditori veneti dall\u2019Unioncamere-Anpal, l\u2019Ufficio studi della CGIA ha elencato le prime 5 figure professionali richieste e di difficile reperimento in Veneto. Praticamente in un caso su due fatichiamo a trovare cuochi (52,3%) e camerieri (47,6%). In un caso su tre, invece, gli addetti alle pulizie (33,4%) e i commessi alle vendite al minuto (30,7%). Infine, in un caso su cinque \u00e8 difficile trovare anche i magazzinieri (20,9%) (vedi Tab. 2).<\/p>\n<p>Nelle Tab. 3,4,5,6,7,8 e 9 sono riportate le prime 5 entrate occupazionali previste e le rispettive difficolt\u00e0 di reperimento di ogni provincia veneta.<\/p>\n\n\t\t\t<style type='text\/css'>\n\t\t\t\t#gallery-9 {\n\t\t\t\t\tmargin: auto;\n\t\t\t\t}\n\t\t\t\t#gallery-9 .gallery-item {\n\t\t\t\t\tfloat: left;\n\t\t\t\t\tmargin-top: 10px;\n\t\t\t\t\ttext-align: center;\n\t\t\t\t\twidth: 33%;\n\t\t\t\t}\n\t\t\t\t#gallery-9 img {\n\t\t\t\t\tborder: 2px solid #cfcfcf;\n\t\t\t\t}\n\t\t\t\t#gallery-9 .gallery-caption {\n\t\t\t\t\tmargin-left: 0;\n\t\t\t\t}\n\t\t\t\t\/* see gallery_shortcode() in wp-includes\/media.php *\/\n\t\t\t<\/style>\n\t\t<div id='gallery-9' class='dt-gallery-container gallery galleryid-355721 gallery-columns-3 gallery-size-thumbnail'><dl class='gallery-item'>\n\t\t\t\t<dt class='gallery-icon landscape'>\n\t\t\t\t\t<a class=\"rollover\" href='https:\/\/www.radiopiu.net\/wordpress\/in-veneto-rischiamo-di-avere-oltre-200-000-posti-di-lavoro-scoperti\/schermata-2023-10-07-alle-09-20-49\/'><img loading=\"lazy\" decoding=\"async\" width=\"150\" height=\"150\" src=\"https:\/\/www.radiopiu.net\/wordpress\/wp-content\/uploads\/2023\/10\/Schermata-2023-10-07-alle-09.20.49-150x150.png\" class=\"attachment-thumbnail size-thumbnail\" alt=\"\" \/><\/a>\n\t\t\t\t<\/dt><\/dl><dl class='gallery-item'>\n\t\t\t\t<dt class='gallery-icon landscape'>\n\t\t\t\t\t<a class=\"rollover\" href='https:\/\/www.radiopiu.net\/wordpress\/in-veneto-rischiamo-di-avere-oltre-200-000-posti-di-lavoro-scoperti\/schermata-2023-10-07-alle-09-22-34\/'><img loading=\"lazy\" decoding=\"async\" width=\"150\" height=\"150\" src=\"https:\/\/www.radiopiu.net\/wordpress\/wp-content\/uploads\/2023\/10\/Schermata-2023-10-07-alle-09.22.34-150x150.png\" class=\"attachment-thumbnail size-thumbnail\" alt=\"\" \/><\/a>\n\t\t\t\t<\/dt><\/dl><dl class='gallery-item'>\n\t\t\t\t<dt class='gallery-icon landscape'>\n\t\t\t\t\t<a class=\"rollover\" href='https:\/\/www.radiopiu.net\/wordpress\/in-veneto-rischiamo-di-avere-oltre-200-000-posti-di-lavoro-scoperti\/schermata-2023-10-07-alle-09-21-55\/'><img loading=\"lazy\" decoding=\"async\" width=\"150\" height=\"150\" src=\"https:\/\/www.radiopiu.net\/wordpress\/wp-content\/uploads\/2023\/10\/Schermata-2023-10-07-alle-09.21.55-150x150.png\" class=\"attachment-thumbnail size-thumbnail\" alt=\"\" \/><\/a>\n\t\t\t\t<\/dt><\/dl><br style=\"clear: both\" \/><dl class='gallery-item'>\n\t\t\t\t<dt class='gallery-icon landscape'>\n\t\t\t\t\t<a class=\"rollover\" href='https:\/\/www.radiopiu.net\/wordpress\/in-veneto-rischiamo-di-avere-oltre-200-000-posti-di-lavoro-scoperti\/schermata-2023-10-07-alle-09-21-34\/'><img loading=\"lazy\" decoding=\"async\" width=\"150\" height=\"150\" src=\"https:\/\/www.radiopiu.net\/wordpress\/wp-content\/uploads\/2023\/10\/Schermata-2023-10-07-alle-09.21.34-150x150.png\" class=\"attachment-thumbnail size-thumbnail\" alt=\"\" \/><\/a>\n\t\t\t\t<\/dt><\/dl><dl class='gallery-item'>\n\t\t\t\t<dt class='gallery-icon landscape'>\n\t\t\t\t\t<a class=\"rollover\" href='https:\/\/www.radiopiu.net\/wordpress\/in-veneto-rischiamo-di-avere-oltre-200-000-posti-di-lavoro-scoperti\/schermata-2023-10-07-alle-09-21-05\/'><img loading=\"lazy\" decoding=\"async\" width=\"150\" height=\"150\" src=\"https:\/\/www.radiopiu.net\/wordpress\/wp-content\/uploads\/2023\/10\/Schermata-2023-10-07-alle-09.21.05-150x150.png\" class=\"attachment-thumbnail size-thumbnail\" alt=\"\" \/><\/a>\n\t\t\t\t<\/dt><\/dl>\n\t\t\t\t<br style='clear: both' \/>\n\t\t\t<\/div>\n\n<p>&nbsp;<\/p>\n<hr \/>\n<p>&nbsp;<\/p>\n<h2><span style=\"color: #ff6600;\">ALLA RADIO<\/span><\/h2>\n<h2><strong><a class=\"dt-pswp-item\" href=\"https:\/\/www.radiopiu.net\/wordpress\/wp-content\/uploads\/2020\/12\/LUISA-MANFROI.jpg\" data-dt-img-description=\"\" data-large_image_width=\"958\" data-large_image_height=\"960\"><img loading=\"lazy\" decoding=\"async\" class=\" wp-image-181500 alignleft\" src=\"https:\/\/www.radiopiu.net\/wordpress\/wp-content\/uploads\/2020\/12\/LUISA-MANFROI-300x300.jpg\" alt=\"\" width=\"155\" height=\"155\" srcset=\"https:\/\/www.radiopiu.net\/wordpress\/wp-content\/uploads\/2020\/12\/LUISA-MANFROI-300x300.jpg 300w, https:\/\/www.radiopiu.net\/wordpress\/wp-content\/uploads\/2020\/12\/LUISA-MANFROI-150x150.jpg 150w, https:\/\/www.radiopiu.net\/wordpress\/wp-content\/uploads\/2020\/12\/LUISA-MANFROI-768x770.jpg 768w, https:\/\/www.radiopiu.net\/wordpress\/wp-content\/uploads\/2020\/12\/LUISA-MANFROI.jpg 958w\" sizes=\"auto, (max-width: 155px) 100vw, 155px\" \/><\/a><\/strong><span style=\"color: #33cccc;\">LA RASSEGNA STAMPA DA L&#8217;AMICO DEL POPOLO<\/span><\/h2>\n<p><strong>DI GIANNI SANTOMASO<\/strong><\/p>\n<p>OSPITE: Luisa Manfroi<\/p>\n<audio class=\"wp-audio-shortcode\" id=\"audio-355721-3\" preload=\"none\" style=\"width: 100%;\" controls=\"controls\"><source type=\"audio\/mpeg\" src=\"https:\/\/www.radiopiu.net\/wordpress\/wp-content\/uploads\/2023\/10\/RASSEGNA-GIANNI.mp3?_=3\" \/><a href=\"https:\/\/www.radiopiu.net\/wordpress\/wp-content\/uploads\/2023\/10\/RASSEGNA-GIANNI.mp3\">https:\/\/www.radiopiu.net\/wordpress\/wp-content\/uploads\/2023\/10\/RASSEGNA-GIANNI.mp3<\/a><\/audio>\n<p>&nbsp;<\/p>\n<h2><a class=\"dt-pswp-item\" href=\"https:\/\/www.radiopiu.net\/wordpress\/wp-content\/uploads\/2020\/12\/DON-GIORGIO-LISE.jpg\" data-dt-img-description=\"\" data-large_image_width=\"1600\" data-large_image_height=\"901\"><img loading=\"lazy\" decoding=\"async\" class=\"size-medium wp-image-177420 alignleft\" src=\"https:\/\/www.radiopiu.net\/wordpress\/wp-content\/uploads\/2020\/12\/DON-GIORGIO-LISE-300x169.jpg\" alt=\"\" width=\"300\" height=\"169\" srcset=\"https:\/\/www.radiopiu.net\/wordpress\/wp-content\/uploads\/2020\/12\/DON-GIORGIO-LISE-300x169.jpg 300w, https:\/\/www.radiopiu.net\/wordpress\/wp-content\/uploads\/2020\/12\/DON-GIORGIO-LISE-1024x577.jpg 1024w, https:\/\/www.radiopiu.net\/wordpress\/wp-content\/uploads\/2020\/12\/DON-GIORGIO-LISE-768x432.jpg 768w, https:\/\/www.radiopiu.net\/wordpress\/wp-content\/uploads\/2020\/12\/DON-GIORGIO-LISE-1536x865.jpg 1536w, https:\/\/www.radiopiu.net\/wordpress\/wp-content\/uploads\/2020\/12\/DON-GIORGIO-LISE.jpg 1600w\" sizes=\"auto, (max-width: 300px) 100vw, 300px\" \/><\/a><span style=\"color: #008000;\">DUE MINUTI PER TE<\/span><\/h2>\n<p>IL PENSIERO DELLA DOMENICA DI MONSIGNOR GIORGIO LISE<\/p>\n<audio class=\"wp-audio-shortcode\" id=\"audio-355721-4\" preload=\"none\" style=\"width: 100%;\" controls=\"controls\"><source type=\"audio\/mpeg\" src=\"https:\/\/www.radiopiu.net\/wordpress\/wp-content\/uploads\/2023\/10\/DON-GIORGIO.mp3?_=4\" \/><a href=\"https:\/\/www.radiopiu.net\/wordpress\/wp-content\/uploads\/2023\/10\/DON-GIORGIO.mp3\">https:\/\/www.radiopiu.net\/wordpress\/wp-content\/uploads\/2023\/10\/DON-GIORGIO.mp3<\/a><\/audio>\n<p>&nbsp;<\/p>\n<p>&nbsp;<\/p>\n<hr \/>\n<p>&nbsp;<\/p>\n<h2><span style=\"color: #ff0000;\">GLI APPUNTAMENTI DELLA SETTIMANA\u00a0<\/span><\/h2>\n<blockquote>\n<h3>STASERA LA PRESENTAZIONE DEL LIBRO &#8220;IL SALDATORE DEL VAJONT&#8221;<\/h3>\n<\/blockquote>\n<p><strong>BELLUNO <\/strong>Oggi alle 18 in Sala dell&#8217;affresco di Palazzo Bembo verr\u00e0 presentato il libro di Antonio Bortoluzzi &#8220;Il Saldatore Del Vajont&#8221;.<\/p>\n<p>&nbsp;<\/p>\n<blockquote>\n<h3>DOMANI IL CONCERTO IN PREFETTURA<\/h3>\n<\/blockquote>\n<p><strong>BELLUNO <\/strong>Si apre nel cinquecentesco Palazzo dei Rettori, ospiti della Prefettura di Belluno, lo <em>Scrigno barocco<\/em> di Fabiano Martignago flauto dolce e Angelica Selmo clavicembalo, domani alle ore 20:30.<\/p>\n<p>&nbsp;<\/p>\n<blockquote>\n<h3>SERE D&#8217;AUTUNNO<\/h3>\n<p><em><strong><a class=\"dt-pswp-item\" href=\"https:\/\/www.radiopiu.net\/wordpress\/wp-content\/uploads\/2023\/09\/Senza-nome-75.png\" data-dt-img-description=\"\" data-large_image_width=\"478\" data-large_image_height=\"179\"><img loading=\"lazy\" decoding=\"async\" class=\"size-medium wp-image-354485 alignleft\" src=\"https:\/\/www.radiopiu.net\/wordpress\/wp-content\/uploads\/2023\/09\/Senza-nome-75-300x112.png\" alt=\"\" width=\"300\" height=\"112\" srcset=\"https:\/\/www.radiopiu.net\/wordpress\/wp-content\/uploads\/2023\/09\/Senza-nome-75-300x112.png 300w, https:\/\/www.radiopiu.net\/wordpress\/wp-content\/uploads\/2023\/09\/Senza-nome-75.png 478w\" sizes=\"auto, (max-width: 300px) 100vw, 300px\" \/><\/a>SERE D&#8217;AUTUNNO, SERATE DI INCONTRI, DIBATTITI, IMMAGINI FILMATI E MULTIVISIONI. AD AGORDO TUTTI I VENERDI DI OTTOBRE, IN SALA DON TAMIS ALLE 20.45, INGRESSO LIBERO. PRESENTA GIANPAOLO SORATROI.\u00a0<\/strong><\/em><\/p>\n<p>Interessante serie di incontri, dibattiti, proiezioni inerenti al mondo della montagna &#8211; ma non solo &#8211; che si svolgono tutti i venerd\u00ec di ottobre nella prestigiosa e capiente Sala don F. Tamis messaci a disposizione per l\u2019occasione dall\u2019Unione Montana Agordina. Nato nel 2007, quest\u2019anno, raggiunge la 15\u00b0 edizione; i temi trattati durante le serate sono diversi tra loro per offrire una visione della montagna a 360\u00b0. Questa edizione \u00e8 dedicata interamente alle donne con quattro ospiti femminili.<\/p><\/blockquote>\n<p><strong>VENERDI 13 OTTOBRE, ALESSANDRA MASI &#8211; ATMOSFERE E VISIONI DI LUOGHI VICINI E LONTANI una fotografa, un percorso emozionale<\/strong><\/p>\n<p>VENERDI 20 OTTOBRE MARIKA FAE&#8217; &#8211; SPORT E MONTAGNA, SCELTA DI VITA Marika, maestra di sci e guida alpina<\/p>\n<p>VENERDI 27 OTTOBRE ANGELIKA RAINER, SOGNI VERTICALI. arrampicando su fantasie divenute realt\u00e0<\/p>\n<p>&nbsp;<\/p>\n<blockquote>\n<h3>DAL 13 AL 15 OTTOBRE RIVA L&#8217;OKTOBERFEST A RIVAMONTE<\/h3>\n<\/blockquote>\n<p><strong><a class=\"dt-pswp-item\" href=\"https:\/\/www.radiopiu.net\/wordpress\/wp-content\/uploads\/2023\/10\/30a2544f-ee8d-4a49-ae09-855f2b5d3400.jpg\" data-dt-img-description=\"\" data-large_image_width=\"1131\" data-large_image_height=\"1600\"><img loading=\"lazy\" decoding=\"async\" class=\" wp-image-355102 alignleft\" src=\"https:\/\/www.radiopiu.net\/wordpress\/wp-content\/uploads\/2023\/10\/30a2544f-ee8d-4a49-ae09-855f2b5d3400-212x300.jpg\" alt=\"\" width=\"136\" height=\"192\" srcset=\"https:\/\/www.radiopiu.net\/wordpress\/wp-content\/uploads\/2023\/10\/30a2544f-ee8d-4a49-ae09-855f2b5d3400-212x300.jpg 212w, https:\/\/www.radiopiu.net\/wordpress\/wp-content\/uploads\/2023\/10\/30a2544f-ee8d-4a49-ae09-855f2b5d3400-724x1024.jpg 724w, https:\/\/www.radiopiu.net\/wordpress\/wp-content\/uploads\/2023\/10\/30a2544f-ee8d-4a49-ae09-855f2b5d3400-768x1086.jpg 768w, https:\/\/www.radiopiu.net\/wordpress\/wp-content\/uploads\/2023\/10\/30a2544f-ee8d-4a49-ae09-855f2b5d3400-1086x1536.jpg 1086w, https:\/\/www.radiopiu.net\/wordpress\/wp-content\/uploads\/2023\/10\/30a2544f-ee8d-4a49-ae09-855f2b5d3400.jpg 1131w\" sizes=\"auto, (max-width: 136px) 100vw, 136px\" \/><\/a>RIVAMONTE<\/strong> Torna &#8220;Riva L&#8217;Oktoberfest&#8221; a Rivamonte. L&#8217;Associazione Pro Loco Rivamonte organizza un fine settimana di festa in stile bavarese sotto al tendone. Si inizia venerd\u00ec 13 ottobre. Alle 18 l&#8217;happy hour, dalle 19 apertura dello stand gastronomico e a seguire musica con Spritz Band. Sabato 14 ottobre apertura del tendone alle 17 e alle 19 al via con i piatti tipici bavaresi. Alla sera &#8220;Suona il Fusto&#8221;, ogni volta che finisce un fusto suona la campana e chi sta aspettando la birra riceve un buono pranzo pi\u00f9 birra per la domenica. Alla sera musica con Koa Quintett e dalla mezzanotte DJ Luca. Domenica 15 dalle 10 apertura del tendone e dimostrazione dei lavori di una volta. Alle 12 pranzo con porchetta allo spiedo e piatti bavaresi. Intrattenimento musicale con Letemar Quintett. E&#8217; gradita la presenza in abito tradizionale tirolese.<\/p>\n<p><span style=\"color: #ff0000;\"><strong>l&#8217;intervista di mirko mezzacasa<\/strong><\/span><\/p>\n<p><strong>PUNTATA 3 OTTOBRE &#8211; OKTOBER FEST . Giacomo Bressan presidente Pro loco Rivamonte.<\/strong><\/p>\n<audio class=\"wp-audio-shortcode\" id=\"audio-355721-5\" preload=\"none\" style=\"width: 100%;\" controls=\"controls\"><source type=\"audio\/mpeg\" src=\"https:\/\/www.radiopiu.net\/wordpress\/wp-content\/uploads\/2023\/10\/GIACOMO-BRESSAN.mp3?_=5\" \/><a href=\"https:\/\/www.radiopiu.net\/wordpress\/wp-content\/uploads\/2023\/10\/GIACOMO-BRESSAN.mp3\">https:\/\/www.radiopiu.net\/wordpress\/wp-content\/uploads\/2023\/10\/GIACOMO-BRESSAN.mp3<\/a><\/audio>\n<p>&nbsp;<\/p>\n<h3>LE MINIERE DELL&#8217;ALTA VAL DEL MIS<br \/>\nPresentazione del film documentario con l&#8217;introduzione di Manuel Conedera. Sabato 14 ottobre alle 20.30 nella sala conferenze del Polo Culturale di Sedico con Speleo Cai Feltre.<\/h3>\n<p><a class=\"dt-pswp-item\" href=\"https:\/\/www.radiopiu.net\/wordpress\/wp-content\/uploads\/2023\/09\/6cb03d14-50c0-4391-9537-f6e817a51572.jpg\" data-dt-img-description=\"\" data-large_image_width=\"1132\" data-large_image_height=\"1600\"><img loading=\"lazy\" decoding=\"async\" class=\"size-medium wp-image-354501 aligncenter\" src=\"https:\/\/www.radiopiu.net\/wordpress\/wp-content\/uploads\/2023\/09\/6cb03d14-50c0-4391-9537-f6e817a51572-212x300.jpg\" alt=\"\" width=\"212\" height=\"300\" srcset=\"https:\/\/www.radiopiu.net\/wordpress\/wp-content\/uploads\/2023\/09\/6cb03d14-50c0-4391-9537-f6e817a51572-212x300.jpg 212w, https:\/\/www.radiopiu.net\/wordpress\/wp-content\/uploads\/2023\/09\/6cb03d14-50c0-4391-9537-f6e817a51572-724x1024.jpg 724w, https:\/\/www.radiopiu.net\/wordpress\/wp-content\/uploads\/2023\/09\/6cb03d14-50c0-4391-9537-f6e817a51572-768x1086.jpg 768w, https:\/\/www.radiopiu.net\/wordpress\/wp-content\/uploads\/2023\/09\/6cb03d14-50c0-4391-9537-f6e817a51572-1087x1536.jpg 1087w, https:\/\/www.radiopiu.net\/wordpress\/wp-content\/uploads\/2023\/09\/6cb03d14-50c0-4391-9537-f6e817a51572.jpg 1132w\" sizes=\"auto, (max-width: 212px) 100vw, 212px\" \/><\/a><\/p>\n<p>&nbsp;<\/p>\n<h2><strong><a class=\"dt-pswp-item\" href=\"https:\/\/www.radiopiu.net\/wordpress\/wp-content\/uploads\/2023\/09\/db8bfdca-6229-438e-95d5-3e4f5f945da0.jpg\" data-dt-img-description=\"\" data-large_image_width=\"1599\" data-large_image_height=\"1187\"><img loading=\"lazy\" decoding=\"async\" class=\" wp-image-354438 alignleft\" src=\"https:\/\/www.radiopiu.net\/wordpress\/wp-content\/uploads\/2023\/09\/db8bfdca-6229-438e-95d5-3e4f5f945da0-300x223.jpg\" alt=\"\" width=\"180\" height=\"134\" srcset=\"https:\/\/www.radiopiu.net\/wordpress\/wp-content\/uploads\/2023\/09\/db8bfdca-6229-438e-95d5-3e4f5f945da0-300x223.jpg 300w, https:\/\/www.radiopiu.net\/wordpress\/wp-content\/uploads\/2023\/09\/db8bfdca-6229-438e-95d5-3e4f5f945da0-1024x760.jpg 1024w, https:\/\/www.radiopiu.net\/wordpress\/wp-content\/uploads\/2023\/09\/db8bfdca-6229-438e-95d5-3e4f5f945da0-768x570.jpg 768w, https:\/\/www.radiopiu.net\/wordpress\/wp-content\/uploads\/2023\/09\/db8bfdca-6229-438e-95d5-3e4f5f945da0-1536x1140.jpg 1536w, https:\/\/www.radiopiu.net\/wordpress\/wp-content\/uploads\/2023\/09\/db8bfdca-6229-438e-95d5-3e4f5f945da0.jpg 1599w\" sizes=\"auto, (max-width: 180px) 100vw, 180px\" \/><\/a><span style=\"color: #339966;\">100 DI QUESTI GIORNI: LA FESTA A VILLA SAN GIUSEPPE DI LIVINALLONGO DEL COL DI LANA<\/span><\/strong><\/h2>\n<p><strong>LIVINALLONGO<\/strong> Grande festa a Villa San Giuseppe di Livinallongo. Sabato 14 ottobre sar\u00e0 un lungo pomeriggio tra cultura, musica e convivialit\u00e0. Ad aprire l&#8217;evento l&#8217;intervista a Manolo, Maurizio Zanolla si racconter\u00e0 al pubblico. Dalle 18 la musica dei Tirataie e alle 19 l&#8217;apricena con piatti tipici.<\/p>\n<p><strong>L&#8217;INTERVISTA ALLA RADIO<\/strong><\/p>\n<audio class=\"wp-audio-shortcode\" id=\"audio-355721-6\" preload=\"none\" style=\"width: 100%;\" controls=\"controls\"><source type=\"audio\/mpeg\" src=\"https:\/\/www.radiopiu.net\/wordpress\/wp-content\/uploads\/2023\/06\/CENTO-DI-QUESTI-GIORNI-14-OTTOBRE.mp3?_=6\" \/><a href=\"https:\/\/www.radiopiu.net\/wordpress\/wp-content\/uploads\/2023\/06\/CENTO-DI-QUESTI-GIORNI-14-OTTOBRE.mp3\">https:\/\/www.radiopiu.net\/wordpress\/wp-content\/uploads\/2023\/06\/CENTO-DI-QUESTI-GIORNI-14-OTTOBRE.mp3<\/a><\/audio>\n<p>&nbsp;<\/p>\n<h2><span style=\"color: #ff0000;\">PROSSIMAMENTE&#8230;\u00a0 \u00a0<\/span><\/h2>\n<blockquote>\n<h3>GLI APPUNTAMENTI CON LA PRO LOCO CASTIONESE<\/h3>\n<\/blockquote>\n<p><strong><a class=\"dt-pswp-item\" href=\"https:\/\/www.radiopiu.net\/wordpress\/wp-content\/uploads\/2023\/10\/th-1-1.jpg\" data-dt-img-description=\"\" data-large_image_width=\"220\" data-large_image_height=\"165\"><img loading=\"lazy\" decoding=\"async\" class=\" wp-image-355483 alignleft\" src=\"https:\/\/www.radiopiu.net\/wordpress\/wp-content\/uploads\/2023\/10\/th-1-1.jpg\" alt=\"\" width=\"156\" height=\"117\" \/><\/a><\/strong><strong>SABATO 21 OTTOBRE 2023\u00a0 &#8211; BELLUNO A FERRO E FUOCO <\/strong>Terza edizione per la rassegna &#8220;Veneto\u00a0 Spettacoli di Mistero&#8221; promossa dall&#8217;Unpli e sostenuta dalla Regione Veneto, denominata quest&#8217;anno &#8220;Belluno a ferro e fuoco&#8221;. Si parler\u00e0 di ferro, di fuoco, di spade, di santi protettori&#8230; tutto all&#8217;interno della magica cornice del centro storico di Belluno, Citt\u00e0 Splendente. Una passeggiata negli angoli pi\u00f9 suggestivi di Belluno, dove si potranno incontrare mangiafuoco, santi, fabbricanti di spade, dolci fanciulle, commercianti di spade&#8230;.Sette tappe, con partenza dalla meravigliosa Piazza Duomo e ritorno nella suggestiva Piazza delle Erbe dove insieme si potr\u00e0 degustare uno squisito banchetto. Ci saranno cinque gruppi che partiranno in orari diversi: 17.30, 17.50, 18.10, 18.30, 18.50. Durante il tragitto si potr\u00e0 sostare per degustare una prelibata bevanda&#8230; e molte altre sorprese.<\/p>\n<p><strong>DAL 28 OTTOBRE PER 5 APPUNTAMENTI &#8211; RASSEGNA TEATRALE CINQUE VIE\u00a0 &#8211; XIV EDIZIONE<\/strong><strong>, <\/strong><strong>TEATRO SAN GAETANO <\/strong>Cinque spettacoli, cinque percorsi emotivi, cinque vie diverse da attraversare e ad ogni via sentirsi pi\u00f9 \u201cricchi\u201d di prima. Alla XIV edizione &#8220;manteniamo la rotta&#8221; in direzione del teatro &#8220;scomodo&#8221;, per generare emozioni, confronti e riflessioni. 5 Vie tra i sogni di un grande alpinista, tra i pensieri nascosti e troppo spesso malati dei giovani, tra l&#8217;incantevole grazia di un mondo al femminile, tra la visione del male agli occhi di un&#8217;anima candida e tra le seducenti ma terribili azioni di una intramontabile Lady Macbeth.<\/p>\n<p>&nbsp;<\/p>\n<p>GALA&#8217; BOLLICINA, QUARTA EDIZIONE. DOMENICA 22 OTTOBRE DALLE 11 ALLE 17 AL NOF FILO&#8217; DI CENCENIGHE. OSPITE D&#8217;ONORE IL SOMMELIER PLURIPREMIATO, LUCA GARDINI, MIGLIOR SOMMELIER AL MONDO 2020 E OGGI AMBASCIATORE DEL METODO CLASSICO. UN EVENTO &#8220;OH PER BACCO, VINI E SAPORI DELLE DOLOMITI.<br \/>\nGALA&#8217; BOLLICINA, DOMENICA 22 OTTOBRE DALLE 11 ALLE 17 AL NOF FILO&#8217; DI CENCENIGHE: 80 BOLLICINE IN DEGUSTAZIONE, 60 AZIENDE PRESENTI, CICCHETTERIA OH PER BACCO, FINGER FOOD E CUCINA &#8220;COSTA&#8221; (o chiusa, come costicina). diretta su radio piu&#8217; E DALLE 17 ALL&#8217;OH PER BACCO AFTER PARTY CON MORGAN DJ info 348 2779135<\/p>\n<p>&nbsp;<\/p>\n<p><a class=\"dt-pswp-item\" href=\"https:\/\/www.radiopiu.net\/wordpress\/wp-content\/uploads\/2023\/09\/880aa720-47e8-48f2-a5b8-7382d84557b2.jpg\" data-dt-img-description=\"\" data-large_image_width=\"1080\" data-large_image_height=\"1533\"><img loading=\"lazy\" decoding=\"async\" class=\"size-medium wp-image-353010 aligncenter\" src=\"https:\/\/www.radiopiu.net\/wordpress\/wp-content\/uploads\/2023\/09\/880aa720-47e8-48f2-a5b8-7382d84557b2-211x300.jpg\" alt=\"\" width=\"211\" height=\"300\" srcset=\"https:\/\/www.radiopiu.net\/wordpress\/wp-content\/uploads\/2023\/09\/880aa720-47e8-48f2-a5b8-7382d84557b2-211x300.jpg 211w, https:\/\/www.radiopiu.net\/wordpress\/wp-content\/uploads\/2023\/09\/880aa720-47e8-48f2-a5b8-7382d84557b2-721x1024.jpg 721w, https:\/\/www.radiopiu.net\/wordpress\/wp-content\/uploads\/2023\/09\/880aa720-47e8-48f2-a5b8-7382d84557b2-768x1090.jpg 768w, https:\/\/www.radiopiu.net\/wordpress\/wp-content\/uploads\/2023\/09\/880aa720-47e8-48f2-a5b8-7382d84557b2.jpg 1080w\" sizes=\"auto, (max-width: 211px) 100vw, 211px\" \/><\/a><\/p>\n<p>&nbsp;<\/p>\n<hr \/>\n<p>&nbsp;<\/p>\n<div class=\"message spoilers-container\" dir=\"auto\">\n<div class=\"column\">\n<div class=\"message spoilers-container\" dir=\"auto\">\n<div class=\"column\">\n<p><img loading=\"lazy\" decoding=\"async\" class=\"aligncenter wp-image-61954 size-full\" src=\"https:\/\/www.radiopiu.net\/wordpress\/wp-content\/uploads\/2018\/09\/viabilita.jpeg\" sizes=\"auto, (max-width: 800px) 100vw, 800px\" srcset=\"https:\/\/www.radiopiu.net\/wordpress\/wp-content\/uploads\/2018\/09\/viabilita.jpeg 800w, https:\/\/www.radiopiu.net\/wordpress\/wp-content\/uploads\/2018\/09\/viabilita-300x38.jpeg 300w, https:\/\/www.radiopiu.net\/wordpress\/wp-content\/uploads\/2018\/09\/viabilita-768x96.jpeg 768w\" alt=\"\" width=\"800\" height=\"100\" \/><\/p>\n<\/div>\n<\/div>\n<div class=\"message spoilers-container\" dir=\"auto\">\n<div class=\"column\">\n<p>&nbsp;<\/p>\n<\/div>\n<\/div>\n<\/div>\n<\/div>\n<blockquote class=\"wp-embedded-content\" data-secret=\"tzSIOgYb4o\"><p><a href=\"https:\/\/www.radiopiu.net\/wordpress\/viabilita\/\">viabilita<\/a><\/p><\/blockquote>\n<p><iframe loading=\"lazy\" class=\"wp-embedded-content\" sandbox=\"allow-scripts\" security=\"restricted\" style=\"position: absolute; clip: rect(1px, 1px, 1px, 1px);\" title=\"&#8220;viabilita&#8221; &#8212; Radio Pi\u00f9\" src=\"https:\/\/www.radiopiu.net\/wordpress\/viabilita\/embed\/#?secret=ulSDqHgui6#?secret=tzSIOgYb4o\" data-secret=\"tzSIOgYb4o\" width=\"600\" height=\"338\" frameborder=\"0\" marginwidth=\"0\" marginheight=\"0\" scrolling=\"no\"><\/iframe><\/p>\n<div class=\"message spoilers-container\" dir=\"auto\">\n<div class=\"column\">\n<div class=\"message spoilers-container\" dir=\"auto\">\n<div class=\"column\">\n<div>\n<div dir=\"ltr\">\n<div class=\"gmail_quote\">\n<div dir=\"ltr\">\n<div><\/div>\n<div><\/div>\n<div><\/div>\n<\/div>\n<\/div>\n<\/div>\n<\/div>\n<hr \/>\n<p>&nbsp;<\/p>\n<p><a class=\"dt-pswp-item\" href=\"https:\/\/www.radiopiu.net\/wordpress\/wp-content\/uploads\/2018\/09\/WhatsApp-Image-2018-09-20-at-16.04.06.jpeg\" data-dt-img-description=\"\" data-large_image_width=\"800\" data-large_image_height=\"100\"><img loading=\"lazy\" decoding=\"async\" class=\"wp-image-61378 size-full aligncenter\" src=\"https:\/\/www.radiopiu.net\/wordpress\/wp-content\/uploads\/2018\/09\/WhatsApp-Image-2018-09-20-at-16.04.06.jpeg\" alt=\"\" width=\"800\" height=\"100\" srcset=\"https:\/\/www.radiopiu.net\/wordpress\/wp-content\/uploads\/2018\/09\/WhatsApp-Image-2018-09-20-at-16.04.06.jpeg 800w, https:\/\/www.radiopiu.net\/wordpress\/wp-content\/uploads\/2018\/09\/WhatsApp-Image-2018-09-20-at-16.04.06-300x38.jpeg 300w, https:\/\/www.radiopiu.net\/wordpress\/wp-content\/uploads\/2018\/09\/WhatsApp-Image-2018-09-20-at-16.04.06-768x96.jpeg 768w\" sizes=\"auto, (max-width: 800px) 100vw, 800px\" \/><\/a><\/p>\n<\/div>\n<\/div>\n<p>&nbsp;<\/p>\n<\/div>\n<\/div>\n<div id=\"dolomitimeteo_div_testi\"><center><b>OGGI<\/b><\/center><b>Tempo atteso: <\/b>Cielo perlopi\u00f9 poco nuvoloso in giornata, per modesti annuvolamenti irregolari sia per nubi alte che per qualche stratocumulo a ridosso dei rilievi, specie sulle Dolomiti. Dal tardo pomeriggio\/sera nuovo aumento della nuvolosit\u00e0 medio-alta.<br \/>\n<b>Precipitazioni: <\/b>Assenti (0%).<br \/>\n<b>Temperature: <\/b>In quota stazionarie o in locale lieve aumento; nelle valli minime in rialzo e massime in contenuto calo<\/div>\n<hr \/>\n<p><center><b>DOMANI<\/b><\/center><b>Tempo atteso: <\/b>Nella notte nuvolosit\u00e0 medio-alta anche estesa, in attenuazione nel corso del mattino fino a condizioni di tempo buono con graduale ritorno del sole.<br \/>\n<b>Precipitazioni: <\/b>Assenti (0%).<br \/>\n<b>Temperature: <\/b>Senza notevoli variazioni o in lieve calo in quota; lieve inversione termica mattutina e marcata escursione termica giornaliera nelle valli.<\/p>\n<hr \/>\n<p><center><b>MERCOLEDI<\/b><\/center>Cielo in prevalenza sereno, col passaggio di qualche sottile velatura che non limiter\u00e0 il soleggiamento. Contesto termico ancora anormalmente mite per il periodo, specie in quota.<\/p>\n<hr \/>\n<p><center><b>GIOVEDI<\/b><\/center>Tempo in prevalenza soleggiato, con ampi tratti di sereno e qualche annuvolamento di tipo alto in transito. Possibile formazione di foschie o locali banchi di nebbia nelle valli e conche prealpine al primo mattino.<\/p>\n<p>&nbsp;<\/p>\n<div class=\"message spoilers-container\" dir=\"auto\">\n<hr \/>\n<p>&nbsp;<\/p>\n<p><img loading=\"lazy\" decoding=\"async\" class=\"wp-image-60761 size-full aligncenter\" src=\"https:\/\/www.radiopiu.net\/wordpress\/wp-content\/uploads\/2018\/09\/sport.jpg\" alt=\"\" width=\"800\" height=\"100\" srcset=\"https:\/\/www.radiopiu.net\/wordpress\/wp-content\/uploads\/2018\/09\/sport.jpg 800w, https:\/\/www.radiopiu.net\/wordpress\/wp-content\/uploads\/2018\/09\/sport-300x38.jpg 300w, https:\/\/www.radiopiu.net\/wordpress\/wp-content\/uploads\/2018\/09\/sport-768x96.jpg 768w\" sizes=\"auto, (max-width: 800px) 100vw, 800px\" \/><\/p>\n<p>&nbsp;<\/p>\n<p><span style=\"color: #0000ff;\"><strong>CALCIO<\/strong><\/span><\/p>\n<blockquote>\n<h3>L&#8217;AGORDINA PAREGGIA CON L&#8217;ALPES CESIO, IL PIAVE VINCE CON IL TAMBRE. BENE LE GIOVANILI DELL&#8217;AGORDINA<\/h3>\n<\/blockquote>\n<p><strong><a class=\"dt-pswp-item\" href=\"https:\/\/www.radiopiu.net\/wordpress\/wp-content\/uploads\/2023\/04\/calcio-rigore-2023.png\" data-dt-img-description=\"\" data-large_image_width=\"623\" data-large_image_height=\"402\"><img loading=\"lazy\" decoding=\"async\" class=\" wp-image-331419 alignleft\" src=\"https:\/\/www.radiopiu.net\/wordpress\/wp-content\/uploads\/2023\/04\/calcio-rigore-2023-300x194.png\" alt=\"\" width=\"196\" height=\"127\" srcset=\"https:\/\/www.radiopiu.net\/wordpress\/wp-content\/uploads\/2023\/04\/calcio-rigore-2023-300x194.png 300w, https:\/\/www.radiopiu.net\/wordpress\/wp-content\/uploads\/2023\/04\/calcio-rigore-2023.png 623w\" sizes=\"auto, (max-width: 196px) 100vw, 196px\" \/><\/a>di Marco Gaz<\/strong><\/p>\n<p><span style=\"color: #ff0000;\"><strong>TERZA CATEGORIA<\/strong><\/span><\/p>\n<p><strong>ALPES CESIO \u2013 AGORDINA 2-2<\/strong><\/p>\n<p>GOL AGORDINA: Mezzacasa, Dal Don<\/p>\n<p>Termina in pareggio il big match della quarta giornata del campionato di Terza Categoria tra Alpes Cesio ed Agordina. La squadra di Chiea conquista un punto contro gli alpagotti che restano in testa alla classifica del torneo provinciale. Un tempo a testa in una sfida che poteva finire diversamente viste le tante occasioni per gli agordini. Bastano 4\u2019 e l\u2019Alpes cesio passa in vantaggio con una conclusione da fuori imparabile. Match poco interessante con poche occasioni fino al 27\u2019 quando i padroni di casa raddoppiano. Si sveglia l\u2019Agordina che al 30\u2019 ha l\u2019occasione di accorciare le distanze. Viene atterrato in area Chiea, calcio di rigore che per\u00f2 Tirabeni sbaglia. Finale di primo tempo infuocato con la squadra di Agordo che si avvicina al gol in tre occasioni. Nel secondo tempo l\u2019Agordina sembra avere una marcia in pi\u00f9 e dopo 7\u2019 accorcia le distanze con Mezzacasa che coglie un assist di Selle per spedire in fondo al sacco il pallone. Selle si divora il gol del pareggio poco dopo. Match che incattivisce e Alpes Cesio che si trova in 10 al 75\u2019. Finale di gara al cardiopalma con l\u2019Agordina che prima colpisce la traversa con Chiea e poi pareggia la partita con un gran gol di Dal Don. In pieno recupero i padroni di casa sprecano un\u2019occasione d\u2019oro.<\/p>\n<p>&nbsp;<\/p>\n<p><strong>PIAVE \u2013 TAMBRE 4-0<\/strong><\/p>\n<p><strong>IL SERVIZIO DI ANDREA BALDASSI, PORTAVOCE DEL PIAVE CALCIO<\/strong><\/p>\n<audio class=\"wp-audio-shortcode\" id=\"audio-355721-7\" preload=\"none\" style=\"width: 100%;\" controls=\"controls\"><source type=\"audio\/mpeg\" src=\"https:\/\/www.radiopiu.net\/wordpress\/wp-content\/uploads\/2023\/10\/BALDA-TAMBRE.mp3?_=7\" \/><a href=\"https:\/\/www.radiopiu.net\/wordpress\/wp-content\/uploads\/2023\/10\/BALDA-TAMBRE.mp3\">https:\/\/www.radiopiu.net\/wordpress\/wp-content\/uploads\/2023\/10\/BALDA-TAMBRE.mp3<\/a><\/audio>\n<p>&nbsp;<\/p>\n<p><span style=\"color: #008000;\"><strong>GIOVANILI AGORDINA<\/strong><\/span><\/p>\n<p><span style=\"color: #ff0000;\"><strong>JUNIORES<\/strong><\/span><\/p>\n<p><strong>AGORDINA \u2013 CODOGNE\u2019 1-0<\/strong><\/p>\n<p>GOL AGORDINA: Marcon<\/p>\n<p>Si conferma squadra da battere la compagine Juniores dell\u2019Agordina che continua a vincere. Tre vittorie su altrettante sfide giocate e prima posizione in classifica assieme al Cordignano nel torneo che racchiude squadre della provincia di Belluno e Treviso. \u00c8 bastato un gol alla compagine di Agordo per incamerare l\u2019ennesimo risultato positivo della stagione, rete arrivata dal solito Marcon.<\/p>\n<p><span style=\"color: #ff0000;\"><strong>ALLIEVI <\/strong><\/span><\/p>\n<p><strong>AGORDINA \u2013 VALBELLUNA 2-1<\/strong><\/p>\n<p>GOL AGORDINA: Soccol, Chiea<\/p>\n<p>Vittoria di misura per gli allievi dell\u2019Agordina che all\u2019Ivano Dorigo di Agordo incamerano tre punti contro la Valbelluna. Gli agordini passano in vantaggio al 20\u2019 con Soccol, bravo a sorprendere l\u2019estremo difensore avversario. Bellunesi che non ci stanno e riportano in pareggio la sfida al 35\u2019. Nella ripresa il gol che regala la vittoria all\u2019Agordina arriva da Chiea.<\/p>\n<p><span style=\"color: #ff0000;\"><strong>GIOVANISSIMI<\/strong><\/span><\/p>\n<p><strong>AGORDINA sq. A \u2013 PLAVIS 2-0<\/strong><\/p>\n<p>GOL AGORDINA: Dell\u2019Osbel, Da Ronch<\/p>\n<p>La squadra A dell\u2019Agordina Giovanissimi incamera ancora una vittoria e lo fa alla Bombonera di Cencenighe contro la Plavis. Un match dalle due facce con la squadra di Agordo capace di chiusere la sfida nella prima prima frazione mettendo a segno due gol. Nella ripresa il ritmo cala, l\u2019Agordina tira i remi in barca e difende il risultato.<\/p>\n<p><strong>AGORDINA sq. B GIORNATA DI RIPOSO<\/strong><\/p>\n<p>&nbsp;<\/p>\n<p>&nbsp;<\/p>\n<p><span style=\"color: #0000ff;\"><strong>MOTORI<\/strong><\/span><\/p>\n<p><a class=\"dt-pswp-item\" href=\"https:\/\/www.radiopiu.net\/wordpress\/wp-content\/uploads\/2022\/09\/ANDREA-FONTANA.png\" data-dt-img-description=\"\" data-large_image_width=\"1594\" data-large_image_height=\"984\"><img loading=\"lazy\" decoding=\"async\" class=\"wp-image-297686 alignleft\" src=\"https:\/\/www.radiopiu.net\/wordpress\/wp-content\/uploads\/2022\/09\/ANDREA-FONTANA-300x185.png\" alt=\"\" width=\"243\" height=\"150\" srcset=\"https:\/\/www.radiopiu.net\/wordpress\/wp-content\/uploads\/2022\/09\/ANDREA-FONTANA-300x185.png 300w, https:\/\/www.radiopiu.net\/wordpress\/wp-content\/uploads\/2022\/09\/ANDREA-FONTANA-1024x632.png 1024w, https:\/\/www.radiopiu.net\/wordpress\/wp-content\/uploads\/2022\/09\/ANDREA-FONTANA-768x474.png 768w, https:\/\/www.radiopiu.net\/wordpress\/wp-content\/uploads\/2022\/09\/ANDREA-FONTANA-1536x948.png 1536w, https:\/\/www.radiopiu.net\/wordpress\/wp-content\/uploads\/2022\/09\/ANDREA-FONTANA.png 1594w\" sizes=\"auto, (max-width: 243px) 100vw, 243px\" \/><\/a><\/p>\n<blockquote>\n<h2>ANDREA FONTANA 14ESIMO A MISANO A RIDOSSO DELLA TOP TEN<\/h2>\n<\/blockquote>\n<div class=\"articlePlainText\">Andrea Fontana 14esimo a\u00a0 Misano al Porsche Festival e la Porsche Carrera Cup.\u00a0 Il pilota pontalpino, dopo il 13\u00b0 posto ottenuto sabato in gara 1, ha chiuso\u00a0 in 14^ piazza dopo aver rimontato due posizioni. Fontana \u00e8 partito dal 17\u00b0 posto in griglia ed \u00e8 riuscito nonostante tutto a portarsi avanti di tre posizioni.<\/div>\n<div class=\"articlePlainText\">Con i 5 punti conquistati in questo fine settimana Fontana rimane a ridosso della top ten e ci sono ancora due gare per migliorare.<\/div>\n<p>&nbsp;<\/p>\n<p>&nbsp;<\/p>\n<p><strong><span style=\"color: #0000ff;\">CORSA\u00a0<\/span><\/strong><\/p>\n<blockquote>\n<h3><a class=\"dt-pswp-item\" href=\"https:\/\/www.radiopiu.net\/wordpress\/wp-content\/uploads\/2019\/07\/LUCA-CAGNATI-PRIMIERO-MARATHON.jpeg\" data-dt-img-description=\"\" data-large_image_width=\"717\" data-large_image_height=\"720\"><img loading=\"lazy\" decoding=\"async\" class=\"wp-image-90952 alignleft\" src=\"https:\/\/www.radiopiu.net\/wordpress\/wp-content\/uploads\/2019\/07\/LUCA-CAGNATI-PRIMIERO-MARATHON-300x300.jpeg\" alt=\"\" width=\"133\" height=\"133\" srcset=\"https:\/\/www.radiopiu.net\/wordpress\/wp-content\/uploads\/2019\/07\/LUCA-CAGNATI-PRIMIERO-MARATHON-300x300.jpeg 300w, https:\/\/www.radiopiu.net\/wordpress\/wp-content\/uploads\/2019\/07\/LUCA-CAGNATI-PRIMIERO-MARATHON-150x150.jpeg 150w, https:\/\/www.radiopiu.net\/wordpress\/wp-content\/uploads\/2019\/07\/LUCA-CAGNATI-PRIMIERO-MARATHON.jpeg 717w\" sizes=\"auto, (max-width: 133px) 100vw, 133px\" \/><\/a>UN GRANDE LUCA CAGNATI A PONTE NELLE ALPI<\/h3>\n<\/blockquote>\n<p>Il canalino Luca Cagnati primo sul Dolada, vincitore della cronoscalata in memoria di Giovanni Viel, Partenza a Casan di Ponte, arrivo alla Busa dei Trevisani, sul monte Dolada, per un percorso di 4. 3 km con 650 metri di dislivello che al maschile ha premiato Luca Cagnati capace di chiudere la sua prova in 26&#8217;02&#8221;. Nella femminile successo per Patrizia Zanette con il tempo di 35&#8217;58&#8221;<\/p>\n<div class=\"articlePlainText\">MASCHILE: 1. Luca Cagnati 26. 02; 2. Giampietro Barattin 26. 09; 3. Mihail Sirbu 27. 11; FEMMINILE 1. Patrizia Zanette 35. 58; 2. Graziella Fortuna 36. 04; 3. Sara Mazzucco 36. 29;<\/div>\n<div><\/div>\n<p>&nbsp;<\/p>\n<blockquote>\n<h3>VERTICAL DI VALLESELLA<\/h3>\n<\/blockquote>\n<p>Cecilia De Filippo e Manuel Da Col vincono la Vertical Kilometer a Vallesella di Cadore. Al secondo posto nella maschile Andrea Pranti dei Carabinieri e terzo Matteo Sostizzo (Carabinieri). Nella femminile secondo posto per Maria Dimitra Theocharis e terza Martina De Silvestro<\/p>\n<p>&nbsp;<\/p>\n<p>&nbsp;<\/p>\n<p><span style=\"color: #0000ff;\"><strong>HOCKEY SU GHIACCIO<\/strong><\/span><\/p>\n<blockquote>\n<h3>TRASFERTE AMARE PER LE BELLUNESI IN IHL. ALLEGHE E FELTRE PERDONO IN TERRA ALTOATESINA<\/h3>\n<\/blockquote>\n<p><strong>di Marco Gaz<\/strong><\/p>\n<p><span style=\"color: #ff0000;\"><strong>IHL &#8211; 4A GIORNATA<\/strong><\/span><\/p>\n<p><strong>CALDARO \u2013 ALLEGHE 5-1<\/strong><\/p>\n<p>PARZIALI: 0-0, 2-1, 3-0<\/p>\n<p>GOL: St. 0\u201938\u201d T. Virtala, 6\u201931\u201d Oberrauch, 19\u201927\u201d G. Vinatzer. Tt. 4\u201904\u201d T. Virtala, 16\u201928\u201d Selva, 19\u201921\u201d Felderer<\/p>\n<p>Il Caldaro si impone sull\u2019Alleghe dopo una partita giocata alla pari ma caratterizzata da alcune decisioni arbitrali che hanno penalizzato gli agordini. Buona prova per gli uomini di Scapinello che, nonostante la sconfitta, ha fatto vedere un buon hockey. Decisive le parate del portiere altoatesino che ha salvato il risultato pi\u00f9 volte. Prima parte di gara con poche emozioni. Tante le penalit\u00e0 inflitte dagli arbitri ad entrambe le compagini e gioco che viene spezzettato pi\u00f9 volte. Gli altoatesini ci provano ma la difesa agordina \u00e8 attenta a non farsi sorprendere. Anche le civette provano a rispondere in powerplay ma il golie del Caldaro sembra non voler commettere errori. Finale di primo tempo con i padroni di casa che si rendono pericolosi pi\u00f9 volte. La frazione centrale inizia con il Caldaro che passa in vantaggio. Gli altoatesini sfruttano una penalit\u00e0 per sbloccare la sfida con Teemu Virtala. Continuano a piovere penalit\u00e0 e a rimetterne sono le civette. Intanto i padroni di casa ne approfittano siglando la seconda rete con Oberrauch. Si scaldano gli animi e gli arbitri non esitano a punire i giocatori. il gioco viene spes\u00eczzettato pi\u00f9 volte ma gli altoatesini si avvicinano alla terza marcatura. A fine secondo tempo l\u2019Alleghe ingrana la marcia giusta prendendo di mira la porta avversaria e a pochi secondi dal termine arriva il primo gol agordino della serata con Gabriel Vinatzer. Nel terzo tempo le squadre danno spettacolo con occasioni da entrambi i lati. A fare la differenza sono i portieri ma il Caldaro, dopo un\u2019azione insistita, porta a 3 le marcature. Si gioca a viso aperto ma ancora una volta sono le penalit\u00e0 che incidono sulla sfida. Altoatesini che calano il poker in superiorait\u00e0 numerica con Selva. Prima della sirena finale il Caldaro porta a 5 i gol, ancora in superiorit\u00e0 numerica.<\/p>\n<p>&nbsp;<\/p>\n<p><span style=\"color: #008000;\"><strong>LE FOTO DI ANNALISA DAL MAS<\/strong><\/span><\/p>\n\n\t\t\t<style type='text\/css'>\n\t\t\t\t#gallery-10 {\n\t\t\t\t\tmargin: auto;\n\t\t\t\t}\n\t\t\t\t#gallery-10 .gallery-item {\n\t\t\t\t\tfloat: left;\n\t\t\t\t\tmargin-top: 10px;\n\t\t\t\t\ttext-align: center;\n\t\t\t\t\twidth: 12%;\n\t\t\t\t}\n\t\t\t\t#gallery-10 img {\n\t\t\t\t\tborder: 2px solid #cfcfcf;\n\t\t\t\t}\n\t\t\t\t#gallery-10 .gallery-caption {\n\t\t\t\t\tmargin-left: 0;\n\t\t\t\t}\n\t\t\t\t\/* see gallery_shortcode() in wp-includes\/media.php *\/\n\t\t\t<\/style>\n\t\t<div id='gallery-10' class='dt-gallery-container gallery galleryid-355721 gallery-columns-8 gallery-size-thumbnail'><dl class='gallery-item'>\n\t\t\t\t<dt class='gallery-icon landscape'>\n\t\t\t\t\t<a class=\"rollover rollover-zoom dt-pswp-item\" title=\"7d33025d-5adb-4468-9779-b2c95657f696\" data-dt-img-description=\"\" data-large_image_width=\"2048\" data-large_image_height=\"1364\"href='https:\/\/www.radiopiu.net\/wordpress\/wp-content\/uploads\/2023\/10\/7d33025d-5adb-4468-9779-b2c95657f696.jpg'><img loading=\"lazy\" decoding=\"async\" width=\"150\" height=\"150\" src=\"https:\/\/www.radiopiu.net\/wordpress\/wp-content\/uploads\/2023\/10\/7d33025d-5adb-4468-9779-b2c95657f696-150x150.jpg\" class=\"attachment-thumbnail size-thumbnail\" alt=\"\" \/><\/a>\n\t\t\t\t<\/dt><\/dl><dl class='gallery-item'>\n\t\t\t\t<dt class='gallery-icon landscape'>\n\t\t\t\t\t<a class=\"rollover rollover-zoom dt-pswp-item\" title=\"5d0cc7be-8ed5-4a28-a80a-d790074e4aed\" data-dt-img-description=\"\" data-large_image_width=\"2048\" data-large_image_height=\"1364\"href='https:\/\/www.radiopiu.net\/wordpress\/wp-content\/uploads\/2023\/10\/5d0cc7be-8ed5-4a28-a80a-d790074e4aed.jpg'><img loading=\"lazy\" decoding=\"async\" width=\"150\" height=\"150\" src=\"https:\/\/www.radiopiu.net\/wordpress\/wp-content\/uploads\/2023\/10\/5d0cc7be-8ed5-4a28-a80a-d790074e4aed-150x150.jpg\" class=\"attachment-thumbnail size-thumbnail\" alt=\"\" \/><\/a>\n\t\t\t\t<\/dt><\/dl><dl class='gallery-item'>\n\t\t\t\t<dt class='gallery-icon landscape'>\n\t\t\t\t\t<a class=\"rollover rollover-zoom dt-pswp-item\" title=\"a340e6f3-d89d-4190-83d3-a172cf0b0942\" data-dt-img-description=\"\" data-large_image_width=\"2048\" data-large_image_height=\"1362\"href='https:\/\/www.radiopiu.net\/wordpress\/wp-content\/uploads\/2023\/10\/a340e6f3-d89d-4190-83d3-a172cf0b0942.jpg'><img loading=\"lazy\" decoding=\"async\" width=\"150\" height=\"150\" src=\"https:\/\/www.radiopiu.net\/wordpress\/wp-content\/uploads\/2023\/10\/a340e6f3-d89d-4190-83d3-a172cf0b0942-150x150.jpg\" class=\"attachment-thumbnail size-thumbnail\" alt=\"\" \/><\/a>\n\t\t\t\t<\/dt><\/dl><dl class='gallery-item'>\n\t\t\t\t<dt class='gallery-icon landscape'>\n\t\t\t\t\t<a class=\"rollover rollover-zoom dt-pswp-item\" title=\"ebdfe38a-f5e4-4a29-85f1-f945544f9465\" data-dt-img-description=\"\" data-large_image_width=\"2048\" data-large_image_height=\"1364\"href='https:\/\/www.radiopiu.net\/wordpress\/wp-content\/uploads\/2023\/10\/ebdfe38a-f5e4-4a29-85f1-f945544f9465.jpg'><img loading=\"lazy\" decoding=\"async\" width=\"150\" height=\"150\" src=\"https:\/\/www.radiopiu.net\/wordpress\/wp-content\/uploads\/2023\/10\/ebdfe38a-f5e4-4a29-85f1-f945544f9465-150x150.jpg\" class=\"attachment-thumbnail size-thumbnail\" alt=\"\" \/><\/a>\n\t\t\t\t<\/dt><\/dl><dl class='gallery-item'>\n\t\t\t\t<dt class='gallery-icon landscape'>\n\t\t\t\t\t<a class=\"rollover rollover-zoom dt-pswp-item\" title=\"e690f804-6bf7-4143-ace7-9e6461c3df57\" data-dt-img-description=\"\" data-large_image_width=\"2048\" data-large_image_height=\"1364\"href='https:\/\/www.radiopiu.net\/wordpress\/wp-content\/uploads\/2023\/10\/e690f804-6bf7-4143-ace7-9e6461c3df57.jpg'><img loading=\"lazy\" decoding=\"async\" width=\"150\" height=\"150\" src=\"https:\/\/www.radiopiu.net\/wordpress\/wp-content\/uploads\/2023\/10\/e690f804-6bf7-4143-ace7-9e6461c3df57-150x150.jpg\" class=\"attachment-thumbnail size-thumbnail\" alt=\"\" \/><\/a>\n\t\t\t\t<\/dt><\/dl><dl class='gallery-item'>\n\t\t\t\t<dt class='gallery-icon landscape'>\n\t\t\t\t\t<a class=\"rollover rollover-zoom dt-pswp-item\" title=\"1d2eb547-894a-4a76-a996-525e14ce96fc\" data-dt-img-description=\"\" data-large_image_width=\"2048\" data-large_image_height=\"1364\"href='https:\/\/www.radiopiu.net\/wordpress\/wp-content\/uploads\/2023\/10\/1d2eb547-894a-4a76-a996-525e14ce96fc.jpg'><img loading=\"lazy\" decoding=\"async\" width=\"150\" height=\"150\" src=\"https:\/\/www.radiopiu.net\/wordpress\/wp-content\/uploads\/2023\/10\/1d2eb547-894a-4a76-a996-525e14ce96fc-150x150.jpg\" class=\"attachment-thumbnail size-thumbnail\" alt=\"\" \/><\/a>\n\t\t\t\t<\/dt><\/dl><dl class='gallery-item'>\n\t\t\t\t<dt class='gallery-icon landscape'>\n\t\t\t\t\t<a class=\"rollover rollover-zoom dt-pswp-item\" title=\"e5823b74-8117-48d0-87d7-9a522f18b322\" data-dt-img-description=\"\" data-large_image_width=\"2048\" data-large_image_height=\"1362\"href='https:\/\/www.radiopiu.net\/wordpress\/wp-content\/uploads\/2023\/10\/e5823b74-8117-48d0-87d7-9a522f18b322.jpg'><img loading=\"lazy\" decoding=\"async\" width=\"150\" height=\"150\" src=\"https:\/\/www.radiopiu.net\/wordpress\/wp-content\/uploads\/2023\/10\/e5823b74-8117-48d0-87d7-9a522f18b322-150x150.jpg\" class=\"attachment-thumbnail size-thumbnail\" alt=\"\" \/><\/a>\n\t\t\t\t<\/dt><\/dl><dl class='gallery-item'>\n\t\t\t\t<dt class='gallery-icon landscape'>\n\t\t\t\t\t<a class=\"rollover rollover-zoom dt-pswp-item\" title=\"13de531e-f0f5-4ef5-ac23-2faadb6c1e8c\" data-dt-img-description=\"\" data-large_image_width=\"2048\" data-large_image_height=\"1364\"href='https:\/\/www.radiopiu.net\/wordpress\/wp-content\/uploads\/2023\/10\/13de531e-f0f5-4ef5-ac23-2faadb6c1e8c.jpg'><img loading=\"lazy\" decoding=\"async\" width=\"150\" height=\"150\" src=\"https:\/\/www.radiopiu.net\/wordpress\/wp-content\/uploads\/2023\/10\/13de531e-f0f5-4ef5-ac23-2faadb6c1e8c-150x150.jpg\" class=\"attachment-thumbnail size-thumbnail\" alt=\"\" \/><\/a>\n\t\t\t\t<\/dt><\/dl><br style=\"clear: both\" \/><dl class='gallery-item'>\n\t\t\t\t<dt class='gallery-icon landscape'>\n\t\t\t\t\t<a class=\"rollover rollover-zoom dt-pswp-item\" title=\"8fd9a3f4-cc12-4e06-91c4-5bd14038cdd5\" data-dt-img-description=\"\" data-large_image_width=\"2048\" data-large_image_height=\"1364\"href='https:\/\/www.radiopiu.net\/wordpress\/wp-content\/uploads\/2023\/10\/8fd9a3f4-cc12-4e06-91c4-5bd14038cdd5.jpg'><img loading=\"lazy\" decoding=\"async\" width=\"150\" height=\"150\" src=\"https:\/\/www.radiopiu.net\/wordpress\/wp-content\/uploads\/2023\/10\/8fd9a3f4-cc12-4e06-91c4-5bd14038cdd5-150x150.jpg\" class=\"attachment-thumbnail size-thumbnail\" alt=\"\" \/><\/a>\n\t\t\t\t<\/dt><\/dl><dl class='gallery-item'>\n\t\t\t\t<dt class='gallery-icon landscape'>\n\t\t\t\t\t<a class=\"rollover rollover-zoom dt-pswp-item\" title=\"12b0fa36-4527-4b76-8e81-5c99a89f5d3a\" data-dt-img-description=\"\" data-large_image_width=\"2048\" data-large_image_height=\"1362\"href='https:\/\/www.radiopiu.net\/wordpress\/wp-content\/uploads\/2023\/10\/12b0fa36-4527-4b76-8e81-5c99a89f5d3a.jpg'><img loading=\"lazy\" decoding=\"async\" width=\"150\" height=\"150\" src=\"https:\/\/www.radiopiu.net\/wordpress\/wp-content\/uploads\/2023\/10\/12b0fa36-4527-4b76-8e81-5c99a89f5d3a-150x150.jpg\" class=\"attachment-thumbnail size-thumbnail\" alt=\"\" \/><\/a>\n\t\t\t\t<\/dt><\/dl><dl class='gallery-item'>\n\t\t\t\t<dt class='gallery-icon landscape'>\n\t\t\t\t\t<a class=\"rollover rollover-zoom dt-pswp-item\" title=\"fc1e2c7c-d0e4-400d-9247-3b038034f86b\" data-dt-img-description=\"\" data-large_image_width=\"1600\" data-large_image_height=\"1066\"href='https:\/\/www.radiopiu.net\/wordpress\/wp-content\/uploads\/2023\/10\/fc1e2c7c-d0e4-400d-9247-3b038034f86b.jpg'><img loading=\"lazy\" decoding=\"async\" width=\"150\" height=\"150\" src=\"https:\/\/www.radiopiu.net\/wordpress\/wp-content\/uploads\/2023\/10\/fc1e2c7c-d0e4-400d-9247-3b038034f86b-150x150.jpg\" class=\"attachment-thumbnail size-thumbnail\" alt=\"\" \/><\/a>\n\t\t\t\t<\/dt><\/dl><dl class='gallery-item'>\n\t\t\t\t<dt class='gallery-icon landscape'>\n\t\t\t\t\t<a class=\"rollover rollover-zoom dt-pswp-item\" title=\"e7380a41-78f1-4409-b8f4-cba181587d9b\" data-dt-img-description=\"\" data-large_image_width=\"1600\" data-large_image_height=\"1064\"href='https:\/\/www.radiopiu.net\/wordpress\/wp-content\/uploads\/2023\/10\/e7380a41-78f1-4409-b8f4-cba181587d9b.jpg'><img loading=\"lazy\" decoding=\"async\" width=\"150\" height=\"150\" src=\"https:\/\/www.radiopiu.net\/wordpress\/wp-content\/uploads\/2023\/10\/e7380a41-78f1-4409-b8f4-cba181587d9b-150x150.jpg\" class=\"attachment-thumbnail size-thumbnail\" alt=\"\" \/><\/a>\n\t\t\t\t<\/dt><\/dl><dl class='gallery-item'>\n\t\t\t\t<dt class='gallery-icon landscape'>\n\t\t\t\t\t<a class=\"rollover rollover-zoom dt-pswp-item\" title=\"e37e46b8-225b-4750-b98e-451c824009cc\" data-dt-img-description=\"\" data-large_image_width=\"1600\" data-large_image_height=\"1066\"href='https:\/\/www.radiopiu.net\/wordpress\/wp-content\/uploads\/2023\/10\/e37e46b8-225b-4750-b98e-451c824009cc.jpg'><img loading=\"lazy\" decoding=\"async\" width=\"150\" height=\"150\" src=\"https:\/\/www.radiopiu.net\/wordpress\/wp-content\/uploads\/2023\/10\/e37e46b8-225b-4750-b98e-451c824009cc-150x150.jpg\" class=\"attachment-thumbnail size-thumbnail\" alt=\"\" \/><\/a>\n\t\t\t\t<\/dt><\/dl><dl class='gallery-item'>\n\t\t\t\t<dt class='gallery-icon landscape'>\n\t\t\t\t\t<a class=\"rollover rollover-zoom dt-pswp-item\" title=\"0f962b7a-8070-4d8d-8e86-3eccac1d8d74\" data-dt-img-description=\"\" data-large_image_width=\"1600\" data-large_image_height=\"1064\"href='https:\/\/www.radiopiu.net\/wordpress\/wp-content\/uploads\/2023\/10\/0f962b7a-8070-4d8d-8e86-3eccac1d8d74.jpg'><img loading=\"lazy\" decoding=\"async\" width=\"150\" height=\"150\" src=\"https:\/\/www.radiopiu.net\/wordpress\/wp-content\/uploads\/2023\/10\/0f962b7a-8070-4d8d-8e86-3eccac1d8d74-150x150.jpg\" class=\"attachment-thumbnail size-thumbnail\" alt=\"\" \/><\/a>\n\t\t\t\t<\/dt><\/dl><dl class='gallery-item'>\n\t\t\t\t<dt class='gallery-icon landscape'>\n\t\t\t\t\t<a class=\"rollover rollover-zoom dt-pswp-item\" title=\"91d4771d-70a4-463a-b4d8-8f98d89dd261\" data-dt-img-description=\"\" data-large_image_width=\"1600\" data-large_image_height=\"1066\"href='https:\/\/www.radiopiu.net\/wordpress\/wp-content\/uploads\/2023\/10\/91d4771d-70a4-463a-b4d8-8f98d89dd261.jpg'><img loading=\"lazy\" decoding=\"async\" width=\"150\" height=\"150\" src=\"https:\/\/www.radiopiu.net\/wordpress\/wp-content\/uploads\/2023\/10\/91d4771d-70a4-463a-b4d8-8f98d89dd261-150x150.jpg\" class=\"attachment-thumbnail size-thumbnail\" alt=\"\" \/><\/a>\n\t\t\t\t<\/dt><\/dl><dl class='gallery-item'>\n\t\t\t\t<dt class='gallery-icon landscape'>\n\t\t\t\t\t<a class=\"rollover rollover-zoom dt-pswp-item\" title=\"3a9a9c01-696c-4939-9a59-5145c63cd728\" data-dt-img-description=\"\" data-large_image_width=\"1600\" data-large_image_height=\"1066\"href='https:\/\/www.radiopiu.net\/wordpress\/wp-content\/uploads\/2023\/10\/3a9a9c01-696c-4939-9a59-5145c63cd728.jpg'><img loading=\"lazy\" decoding=\"async\" width=\"150\" height=\"150\" src=\"https:\/\/www.radiopiu.net\/wordpress\/wp-content\/uploads\/2023\/10\/3a9a9c01-696c-4939-9a59-5145c63cd728-150x150.jpg\" class=\"attachment-thumbnail size-thumbnail\" alt=\"\" \/><\/a>\n\t\t\t\t<\/dt><\/dl><br style=\"clear: both\" \/>\n\t\t\t<\/div>\n\n<p>&nbsp;<\/p>\n<p><strong>APPIANO \u2013 FELTRE 5-1<\/strong><\/p>\n<p>PARZIALI: 3-0, 1-0, 1-1<\/p>\n<p>GOL: Pt. 3\u201901\u201d Maekinen, 4\u201917\u201d Raisanen, 6\u201921\u201d Critelli. St. 9\u201923\u201d Critelli. Tt. 15\u201919\u201d Raisanen, 16\u201931\u201d Stupak<\/p>\n<p>Seconda sconfitta consecutiva per il Feltre che torna da Appiano a bocca asciutta nonostante una buona prova degli uomini di Fontana. Fatale il primo tempo con i padroni di casa che mettono sul binario giusto la sfida. Appiano che ingrana subito la marcia giusta e nel giro di pochi minuti mette subito al sicuro il risultato rifilando tre gol ai feltrini. Bellunesi che per\u00f2 non sono rimasti a guardare ed hanno creato delle buone occasioni per accorciare le distanze. Anche nella seconda frazione gli altoatesini hanno la meglio e incrementano il vantaggio. Nonostante il risultato la partita \u00e8 piacevole con le squadre che lottano su ogni disco. Appiano che chiude la partita ma il Feltre trova il gol della bandiera con Stupak.<\/p>\n<p>&nbsp;<\/p>\n<blockquote>\n<h3>PRIMA SCONFITTA PER IL CORTINA\/ALLEGHE UNDER 19<\/h3>\n<\/blockquote>\n<p><strong><a class=\"dt-pswp-item\" href=\"https:\/\/www.radiopiu.net\/wordpress\/wp-content\/uploads\/2018\/12\/HOCKEY-BBB.jpg\" data-dt-img-description=\"\" data-large_image_width=\"1920\" data-large_image_height=\"1200\"><img loading=\"lazy\" decoding=\"async\" class=\" wp-image-70532 alignleft\" src=\"https:\/\/www.radiopiu.net\/wordpress\/wp-content\/uploads\/2018\/12\/HOCKEY-BBB-300x188.jpg\" alt=\"\" width=\"203\" height=\"127\" srcset=\"https:\/\/www.radiopiu.net\/wordpress\/wp-content\/uploads\/2018\/12\/HOCKEY-BBB-300x188.jpg 300w, https:\/\/www.radiopiu.net\/wordpress\/wp-content\/uploads\/2018\/12\/HOCKEY-BBB-768x480.jpg 768w, https:\/\/www.radiopiu.net\/wordpress\/wp-content\/uploads\/2018\/12\/HOCKEY-BBB-1024x640.jpg 1024w, https:\/\/www.radiopiu.net\/wordpress\/wp-content\/uploads\/2018\/12\/HOCKEY-BBB.jpg 1920w\" sizes=\"auto, (max-width: 203px) 100vw, 203px\" \/><\/a>di Marco Gaz<\/strong><\/p>\n<p><strong>UNDER 19<\/strong><\/p>\n<p><strong>TRENTO \u2013 CORTINA\/ALLEGHE 4-1<\/strong><\/p>\n<p>GOL CORTINA\/ALLEGHE: Talamini<\/p>\n<p>Prima sconfitta in campionato per la squadra under 19 mista del Cortina\/Alleghe che torna da Trento a mani vuote. I trentini mettono al sicuro il risultato gi\u00e0 alla fine della prima frazione mettendo a segno tre marcature in rapida successione. Drittel centrale senza gol e terzo tempo che inizia con la squadra bellunese che accorcia le distanze con Talamini. Nonostante il pressing offensivo, il Cortina\/Alleghe non riesce a siglare altre marcature e il Trento cala il poker a 4\u2019 dal termine.<\/p>\n<p>&nbsp;<\/p>\n<p><strong>UNDER 16<\/strong><\/p>\n<p><strong>CORTINA\/ALLEGHE RITORNA IN CAMPO SABATO CONTRO IL MERANO<\/strong><\/p>\n<p>&nbsp;<\/p>\n<p><strong>UNDER 14 <\/strong><\/p>\n<p><strong>ALLEGHE\/CORTINA RITORNA IN CAMPO DOMENICA CONTRO IL PADOVA<\/strong><\/p>\n<p>&nbsp;<\/p>\n<p><span style=\"color: #0000ff;\"><strong>PALLAVOLO<\/strong><\/span><\/p>\n<blockquote>\n<h3>LA PALLAVOLO FEMMINILE BELLUNO SI QUALIFICA ALLA SECONDA FASE DELLA COPPA VENETO<\/h3>\n<\/blockquote>\n<p><b><a class=\"dt-pswp-item\" href=\"https:\/\/www.radiopiu.net\/wordpress\/wp-content\/uploads\/2023\/10\/Qualificate_ai_sedicesimi_di_finale.jpg\" data-dt-img-description=\"\" data-large_image_width=\"1536\" data-large_image_height=\"2048\"><img loading=\"lazy\" decoding=\"async\" class=\" wp-image-355897 alignleft\" src=\"https:\/\/www.radiopiu.net\/wordpress\/wp-content\/uploads\/2023\/10\/Qualificate_ai_sedicesimi_di_finale-225x300.jpg\" alt=\"\" width=\"127\" height=\"169\" srcset=\"https:\/\/www.radiopiu.net\/wordpress\/wp-content\/uploads\/2023\/10\/Qualificate_ai_sedicesimi_di_finale-225x300.jpg 225w, https:\/\/www.radiopiu.net\/wordpress\/wp-content\/uploads\/2023\/10\/Qualificate_ai_sedicesimi_di_finale-768x1024.jpg 768w, https:\/\/www.radiopiu.net\/wordpress\/wp-content\/uploads\/2023\/10\/Qualificate_ai_sedicesimi_di_finale-1152x1536.jpg 1152w, https:\/\/www.radiopiu.net\/wordpress\/wp-content\/uploads\/2023\/10\/Qualificate_ai_sedicesimi_di_finale.jpg 1536w\" sizes=\"auto, (max-width: 127px) 100vw, 127px\" \/><\/a>HOMECLICK SB VOLLEY-CAPPELLA FREGONA SARMEDE 3-1 (<\/b><strong>23-25, 25-17, 25-21, 25-21)<\/strong><\/p>\n<p>Quattro partite e altrettante vittorie, 12 punti conquistati sui 12 disponibili e un solo set al passivo. Se qualcuno era alla ricerca di un girone impeccabile di Coppa Veneto, beh, lo ha trovato a un indirizzo ben preciso: in via Gabelli, a Belluno. Insomma, al De Mas: la \u201ccasa\u201d di una Homeclick SB Volley che oblitera il biglietto per il secondo turno della competizione. Nello specifico, per i sedicesimi di finale, in programma in turno unico il prossimo 1 novembre. Anche col Cappella Fregona Sarmede, le ragazze di De Salvador passano col verde. E, senza due pedine del calibro di Maschio e Fiabane, trovano risposte di rilievo da tutte: pure da chi \u00e8 entrata a gara in corso come Beatrice Barp. E da chi, la scorsa stagione, giocava in D: Camilla Consoli, una delle grandi protagoniste di serata con 9 punti, 2 muri e un brillante 62 per cento in attacco.<\/p>\n<p>&nbsp;<\/p>\n<blockquote>\n<h3>UN FINE SETTIMANA DI ALTI E BASSI PER IL VOLLEY CLUB AGORDINO<\/h3>\n<\/blockquote>\n<p><strong><a class=\"dt-pswp-item\" href=\"https:\/\/www.radiopiu.net\/wordpress\/wp-content\/uploads\/2023\/01\/VOLLEY-2023.jpg\" data-dt-img-description=\"\" data-large_image_width=\"1920\" data-large_image_height=\"1280\"><img loading=\"lazy\" decoding=\"async\" class=\" wp-image-318320 alignleft\" src=\"https:\/\/www.radiopiu.net\/wordpress\/wp-content\/uploads\/2023\/01\/VOLLEY-2023-300x200.jpg\" alt=\"\" width=\"209\" height=\"139\" srcset=\"https:\/\/www.radiopiu.net\/wordpress\/wp-content\/uploads\/2023\/01\/VOLLEY-2023-300x200.jpg 300w, https:\/\/www.radiopiu.net\/wordpress\/wp-content\/uploads\/2023\/01\/VOLLEY-2023-1024x683.jpg 1024w, https:\/\/www.radiopiu.net\/wordpress\/wp-content\/uploads\/2023\/01\/VOLLEY-2023-768x512.jpg 768w, https:\/\/www.radiopiu.net\/wordpress\/wp-content\/uploads\/2023\/01\/VOLLEY-2023-1536x1024.jpg 1536w, https:\/\/www.radiopiu.net\/wordpress\/wp-content\/uploads\/2023\/01\/VOLLEY-2023.jpg 1920w\" sizes=\"auto, (max-width: 209px) 100vw, 209px\" \/><\/a>di Marco Gaz<\/strong><\/p>\n<p><span style=\"color: #ff0000;\"><strong>COPPA PRIMA DIVISIONE<\/strong><\/span><\/p>\n<p><strong>VOLLEY CLUB AGORDINO \u2013 ALPAGO 3-1 (13-25, 25-11, 25-22, 25-21)<\/strong><\/p>\n<p>Seconda vittoria su altrettante partite giocate dalla prima squadra del Volley Club Agordino in Coppa di Prima Divisione. Le ragazze di De Nardin incamerano altri tre punti nel girone A del torneo battendo al Palarova di Agordo l\u2019Alpago. Dopo un inizio di gara deludente con le alpagotte che si aggiudicano nettamente il primo set, negli altri parziali le agordine alzano la voce e non lasciano scampo alle avversarie vincendo largamente tre set consecutivi.<\/p>\n<p><span style=\"color: #ff0000;\"><strong>UNDER 16 <\/strong><\/span><\/p>\n<p><strong>VOLLEY CLUB AGORDINO \u2013 PALLAVOLO BELLUNO 1-3 (20-25, 25-15, 8-25, 19-25)<\/strong><\/p>\n<p>Prima sconfitta stagionale per la squadra giovanile del Volley Club Agordino che al Palarova di Agordo non riesce a tenere il passo della Pallavolo Belluno. La squadra di Agordo rimane in partita nei primi due set poi spegne la luce e regala i tre punti alle avversarie. Fatale la terza frazione di gioco con soli 8 punti messi a segno dalle agordine.<\/p>\n<p>&nbsp;<\/p>\n<p><span style=\"color: #0000ff;\"><strong>CORSA IN MONTAGNA<\/strong><\/span><\/p>\n<blockquote>\n<h3>DOLOMITI RESCUE RACE: UN&#8217;EDIZIONE DA RECORD<\/h3>\n<\/blockquote>\n<div dir=\"auto\">Con 78 squadre alla partenza, 8 nazioni, 22 squadre straniere, 4 femminili la Dolomiti Rescue Race 2023 \u00e8 l&#8217;edizione dei record. Accompagnati lungo i 17 chilometri da una giornata splendente, soccorritori provenienti da diversi paesi, accomunati dallo stesso spirito di solidariet\u00e0 e altruismo, si sono affiancati in quello che \u00e8 diventato un imperdibile appuntamento internazionale per i mountain rescue team. \u00c8 stata la squadra della Val Brembana a conquistare la XII Dolomiti Rescue Race con 02.08.44. A seguire sul secondo gradino del podio il team della Slovenia , terza una squadra della Repubblica Ceca. Prima squadra femminile, 44a, la polacca a 3.14.21. Sono state 22 quest&#8217;anno le squadre straniere, provenienti da 7 nazioni europee, a conferma di una manifestazione sempre pi\u00f9 internazionale di anno in anno.<\/div>\n<div dir=\"auto\">\n\n\t\t\t<style type='text\/css'>\n\t\t\t\t#gallery-11 {\n\t\t\t\t\tmargin: auto;\n\t\t\t\t}\n\t\t\t\t#gallery-11 .gallery-item {\n\t\t\t\t\tfloat: left;\n\t\t\t\t\tmargin-top: 10px;\n\t\t\t\t\ttext-align: center;\n\t\t\t\t\twidth: 20%;\n\t\t\t\t}\n\t\t\t\t#gallery-11 img {\n\t\t\t\t\tborder: 2px solid #cfcfcf;\n\t\t\t\t}\n\t\t\t\t#gallery-11 .gallery-caption {\n\t\t\t\t\tmargin-left: 0;\n\t\t\t\t}\n\t\t\t\t\/* see gallery_shortcode() in wp-includes\/media.php *\/\n\t\t\t<\/style>\n\t\t<div id='gallery-11' class='dt-gallery-container gallery galleryid-355721 gallery-columns-5 gallery-size-thumbnail'><dl class='gallery-item'>\n\t\t\t\t<dt class='gallery-icon landscape'>\n\t\t\t\t\t<a class=\"rollover rollover-zoom dt-pswp-item\" title=\"IMG-20231007-WA0023\" data-dt-img-description=\"\" data-large_image_width=\"1280\" data-large_image_height=\"853\"href='https:\/\/www.radiopiu.net\/wordpress\/wp-content\/uploads\/2023\/10\/IMG-20231007-WA0023.jpg'><img loading=\"lazy\" decoding=\"async\" width=\"150\" height=\"150\" src=\"https:\/\/www.radiopiu.net\/wordpress\/wp-content\/uploads\/2023\/10\/IMG-20231007-WA0023-150x150.jpg\" class=\"attachment-thumbnail size-thumbnail\" alt=\"\" \/><\/a>\n\t\t\t\t<\/dt><\/dl><dl class='gallery-item'>\n\t\t\t\t<dt class='gallery-icon landscape'>\n\t\t\t\t\t<a class=\"rollover rollover-zoom dt-pswp-item\" title=\"IMG-20231007-WA0024\" data-dt-img-description=\"\" data-large_image_width=\"1280\" data-large_image_height=\"853\"href='https:\/\/www.radiopiu.net\/wordpress\/wp-content\/uploads\/2023\/10\/IMG-20231007-WA0024.jpg'><img loading=\"lazy\" decoding=\"async\" width=\"150\" height=\"150\" src=\"https:\/\/www.radiopiu.net\/wordpress\/wp-content\/uploads\/2023\/10\/IMG-20231007-WA0024-150x150.jpg\" class=\"attachment-thumbnail size-thumbnail\" alt=\"\" \/><\/a>\n\t\t\t\t<\/dt><\/dl><dl class='gallery-item'>\n\t\t\t\t<dt class='gallery-icon portrait'>\n\t\t\t\t\t<a class=\"rollover rollover-zoom dt-pswp-item\" title=\"IMG-20231007-WA0021\" data-dt-img-description=\"\" data-large_image_width=\"960\" data-large_image_height=\"1280\"href='https:\/\/www.radiopiu.net\/wordpress\/wp-content\/uploads\/2023\/10\/IMG-20231007-WA0021.jpg'><img loading=\"lazy\" decoding=\"async\" width=\"150\" height=\"150\" src=\"https:\/\/www.radiopiu.net\/wordpress\/wp-content\/uploads\/2023\/10\/IMG-20231007-WA0021-150x150.jpg\" class=\"attachment-thumbnail size-thumbnail\" alt=\"\" \/><\/a>\n\t\t\t\t<\/dt><\/dl><dl class='gallery-item'>\n\t\t\t\t<dt class='gallery-icon portrait'>\n\t\t\t\t\t<a class=\"rollover rollover-zoom dt-pswp-item\" title=\"IMG-20231007-WA0022\" data-dt-img-description=\"\" data-large_image_width=\"960\" data-large_image_height=\"1280\"href='https:\/\/www.radiopiu.net\/wordpress\/wp-content\/uploads\/2023\/10\/IMG-20231007-WA0022.jpg'><img loading=\"lazy\" decoding=\"async\" width=\"150\" height=\"150\" src=\"https:\/\/www.radiopiu.net\/wordpress\/wp-content\/uploads\/2023\/10\/IMG-20231007-WA0022-150x150.jpg\" class=\"attachment-thumbnail size-thumbnail\" alt=\"\" \/><\/a>\n\t\t\t\t<\/dt><\/dl><dl class='gallery-item'>\n\t\t\t\t<dt class='gallery-icon landscape'>\n\t\t\t\t\t<a class=\"rollover rollover-zoom dt-pswp-item\" title=\"IMG-20231007-WA0020\" data-dt-img-description=\"\" data-large_image_width=\"1496\" data-large_image_height=\"1496\"href='https:\/\/www.radiopiu.net\/wordpress\/wp-content\/uploads\/2023\/10\/IMG-20231007-WA0020.jpg'><img loading=\"lazy\" decoding=\"async\" width=\"150\" height=\"150\" src=\"https:\/\/www.radiopiu.net\/wordpress\/wp-content\/uploads\/2023\/10\/IMG-20231007-WA0020-150x150.jpg\" class=\"attachment-thumbnail size-thumbnail\" alt=\"\" srcset=\"https:\/\/www.radiopiu.net\/wordpress\/wp-content\/uploads\/2023\/10\/IMG-20231007-WA0020-150x150.jpg 150w, https:\/\/www.radiopiu.net\/wordpress\/wp-content\/uploads\/2023\/10\/IMG-20231007-WA0020-300x300.jpg 300w, https:\/\/www.radiopiu.net\/wordpress\/wp-content\/uploads\/2023\/10\/IMG-20231007-WA0020-1024x1024.jpg 1024w, https:\/\/www.radiopiu.net\/wordpress\/wp-content\/uploads\/2023\/10\/IMG-20231007-WA0020-768x768.jpg 768w, https:\/\/www.radiopiu.net\/wordpress\/wp-content\/uploads\/2023\/10\/IMG-20231007-WA0020.jpg 1496w\" sizes=\"auto, (max-width: 150px) 100vw, 150px\" \/><\/a>\n\t\t\t\t<\/dt><\/dl><br style=\"clear: both\" \/>\n\t\t\t<\/div>\n\n<\/div>\n<p dir=\"auto\"><span style=\"color: #0000ff;\"><strong>SKIROLL<\/strong><\/span><\/p>\n<blockquote>\n<h3 dir=\"auto\">I FRATELLI BUSIN PROTAGONISTI SUL MONTE BONDONE<\/h3>\n<\/blockquote>\n<p><strong><a class=\"dt-pswp-item\" href=\"https:\/\/www.radiopiu.net\/wordpress\/wp-content\/uploads\/2023\/10\/SCR-20231008-ohzq.jpeg\" data-dt-img-description=\"\" data-large_image_width=\"1392\" data-large_image_height=\"1058\"><img loading=\"lazy\" decoding=\"async\" class=\" wp-image-355972 alignleft\" src=\"https:\/\/www.radiopiu.net\/wordpress\/wp-content\/uploads\/2023\/10\/SCR-20231008-ohzq-300x228.jpeg\" alt=\"\" width=\"202\" height=\"154\" srcset=\"https:\/\/www.radiopiu.net\/wordpress\/wp-content\/uploads\/2023\/10\/SCR-20231008-ohzq-300x228.jpeg 300w, https:\/\/www.radiopiu.net\/wordpress\/wp-content\/uploads\/2023\/10\/SCR-20231008-ohzq-1024x778.jpeg 1024w, https:\/\/www.radiopiu.net\/wordpress\/wp-content\/uploads\/2023\/10\/SCR-20231008-ohzq-768x584.jpeg 768w, https:\/\/www.radiopiu.net\/wordpress\/wp-content\/uploads\/2023\/10\/SCR-20231008-ohzq.jpeg 1392w\" sizes=\"auto, (max-width: 202px) 100vw, 202px\" \/><\/a> <\/strong><\/p>\n<p><strong>\u00a0<\/strong><\/p>\n<p><strong>TRENTO<\/strong> Si \u00e8 svolta sul Monte Bondone la gara di Skiroll valida per la Coppa Italia Next Pro. Tra i numerosi parteciapanti anche i fratelli Busin che dalla Valle Del Biois hanno ben figurato nella gara di 8,5 km. Emanuele Busin ha terminato la sua gara al quarto posto sfiorando il podio dopo una sfida combattuta dall&#8217;inizio alla fine. Tredicesimo assoluto il fratello Lorenzo.<\/p>\n<p>&nbsp;<\/p>\n<p>&nbsp;<\/p>\n<p><span style=\"color: #0000ff;\"><strong>EQUITAZIONE<\/strong><\/span><\/p>\n<blockquote>\n<h3>OTTIMI RISULTATI PER IL PR RANCH NELLA TAPPA FINALE DEL CAMPIONATO ENDAS DI VOLTEGGIO<\/h3>\n<\/blockquote>\n<p><strong>VIGONZA (PD)\u00a0<\/strong>Si chiude nel migliore dei modi il Campionato ENDAS di Volteggio per il PR Ranch con le ragazze agordine che hanno portato a casa ottimi risultati. Nella categoria F Margherita Stieven e Matilde Dell&#8217;Olivo, 13 anni in due, hanno conquistato la medaglia di bronzo. Altro bronzo anche nella categoria L con Eliana Bellenzier, Sabrina De Col e Serena Soppelsa. La soddisfazione pi\u00f9 grande per\u00f2 \u00e8 arrivata da Irene De Toni che nella categoria D si \u00e8 piazzata sul gradino pi\u00f9 alto del podio conquistando anche il trofeo di categoria per l&#8217;impegno profuso in questo anno agonistico. Una medaglia di argento \u00e8 andata a Margherita Ponti e Mattia Giora, amici dell&#8217;Essenza che hanno anche portato una bravissima Alice Dal Paos in cat. F. Dal PR Ranch arrivano i complimenti ai ragazzi in gara con lo staff orgoglioso dei ragazzi che hanno regalato tantissime emozioni.<\/p>\n\n\t\t\t<style type='text\/css'>\n\t\t\t\t#gallery-12 {\n\t\t\t\t\tmargin: auto;\n\t\t\t\t}\n\t\t\t\t#gallery-12 .gallery-item {\n\t\t\t\t\tfloat: left;\n\t\t\t\t\tmargin-top: 10px;\n\t\t\t\t\ttext-align: center;\n\t\t\t\t\twidth: 25%;\n\t\t\t\t}\n\t\t\t\t#gallery-12 img {\n\t\t\t\t\tborder: 2px solid #cfcfcf;\n\t\t\t\t}\n\t\t\t\t#gallery-12 .gallery-caption {\n\t\t\t\t\tmargin-left: 0;\n\t\t\t\t}\n\t\t\t\t\/* see gallery_shortcode() in wp-includes\/media.php *\/\n\t\t\t<\/style>\n\t\t<div id='gallery-12' class='dt-gallery-container gallery galleryid-355721 gallery-columns-4 gallery-size-thumbnail'><dl class='gallery-item'>\n\t\t\t\t<dt class='gallery-icon portrait'>\n\t\t\t\t\t<a class=\"rollover rollover-zoom dt-pswp-item\" title=\"2d172f58-35ef-4e39-8444-9d45382fa028\" data-dt-img-description=\"\" data-large_image_width=\"1500\" data-large_image_height=\"2000\"href='https:\/\/www.radiopiu.net\/wordpress\/wp-content\/uploads\/2023\/10\/2d172f58-35ef-4e39-8444-9d45382fa028.jpg'><img loading=\"lazy\" decoding=\"async\" width=\"150\" height=\"150\" src=\"https:\/\/www.radiopiu.net\/wordpress\/wp-content\/uploads\/2023\/10\/2d172f58-35ef-4e39-8444-9d45382fa028-150x150.jpg\" class=\"attachment-thumbnail size-thumbnail\" alt=\"\" \/><\/a>\n\t\t\t\t<\/dt><\/dl><dl class='gallery-item'>\n\t\t\t\t<dt class='gallery-icon portrait'>\n\t\t\t\t\t<a class=\"rollover rollover-zoom dt-pswp-item\" title=\"32580392-f46d-4f2e-b644-6f066ae6992c\" data-dt-img-description=\"\" data-large_image_width=\"1500\" data-large_image_height=\"2000\"href='https:\/\/www.radiopiu.net\/wordpress\/wp-content\/uploads\/2023\/10\/32580392-f46d-4f2e-b644-6f066ae6992c.jpg'><img loading=\"lazy\" decoding=\"async\" width=\"150\" height=\"150\" src=\"https:\/\/www.radiopiu.net\/wordpress\/wp-content\/uploads\/2023\/10\/32580392-f46d-4f2e-b644-6f066ae6992c-150x150.jpg\" class=\"attachment-thumbnail size-thumbnail\" alt=\"\" \/><\/a>\n\t\t\t\t<\/dt><\/dl><dl class='gallery-item'>\n\t\t\t\t<dt class='gallery-icon portrait'>\n\t\t\t\t\t<a class=\"rollover rollover-zoom dt-pswp-item\" title=\"2973de50-ff95-4d47-a060-0918b308190d\" data-dt-img-description=\"\" data-large_image_width=\"1500\" data-large_image_height=\"2000\"href='https:\/\/www.radiopiu.net\/wordpress\/wp-content\/uploads\/2023\/10\/2973de50-ff95-4d47-a060-0918b308190d.jpg'><img loading=\"lazy\" decoding=\"async\" width=\"150\" height=\"150\" src=\"https:\/\/www.radiopiu.net\/wordpress\/wp-content\/uploads\/2023\/10\/2973de50-ff95-4d47-a060-0918b308190d-150x150.jpg\" class=\"attachment-thumbnail size-thumbnail\" alt=\"\" \/><\/a>\n\t\t\t\t<\/dt><\/dl><dl class='gallery-item'>\n\t\t\t\t<dt class='gallery-icon landscape'>\n\t\t\t\t\t<a class=\"rollover rollover-zoom dt-pswp-item\" title=\"430e2de9-f2c2-4863-89d9-9704b1742b9d\" data-dt-img-description=\"\" data-large_image_width=\"2000\" data-large_image_height=\"1500\"href='https:\/\/www.radiopiu.net\/wordpress\/wp-content\/uploads\/2023\/10\/430e2de9-f2c2-4863-89d9-9704b1742b9d.jpg'><img loading=\"lazy\" decoding=\"async\" width=\"150\" height=\"150\" src=\"https:\/\/www.radiopiu.net\/wordpress\/wp-content\/uploads\/2023\/10\/430e2de9-f2c2-4863-89d9-9704b1742b9d-150x150.jpg\" class=\"attachment-thumbnail size-thumbnail\" alt=\"\" \/><\/a>\n\t\t\t\t<\/dt><\/dl><br style=\"clear: both\" \/>\n\t\t\t<\/div>\n\n<p>&nbsp;<\/p>\n<p>&nbsp;<\/p>\n<\/div>\n","protected":false},"excerpt":{"rendered":"<p>40esimo di RADIOPIU\u2026. LA VOCE DELL\u2019EMOZIONE ISCRIVITI AL NOSTRO CANALE\u00a0\u00a0YOUTUBE PER SEGUIRE IN DIRETTA I PRINCIPALI PROGRAMMI DI RADIO PIU\u2019 E LE FUTURE DIRETTE IN ESTERNA. PER ISCRIVERTI\u00a0CLICCA QUI\u00a0E PREMI\u00a0 \u201cIscriviti\u201d\u00a0\u00a0 \u00a0 OGGI ALLA RADIO, il nuovo palinsesto autunnale tante novit\u00e0: ALLE 7.05 LA RASSEGNA STAMPA FLASH PER CHI VA DI FRETTA, GLI APPROFONDIMENTI ALLE&hellip;<\/p>\n","protected":false},"author":4,"featured_media":356028,"comment_status":"closed","ping_status":"closed","sticky":false,"template":"","format":"standard","meta":{"_monsterinsights_skip_tracking":false,"_monsterinsights_sitenote_active":false,"_monsterinsights_sitenote_note":"","_monsterinsights_sitenote_category":0,"footnotes":""},"categories":[51,86,49],"tags":[],"class_list":["post-355721","post","type-post","status-publish","format-standard","has-post-thumbnail","hentry","category-evidenza-top","category-gr","category-news-18","category-51","category-86","category-49","description-off"],"img_url":"https:\/\/www.radiopiu.net\/wordpress\/wp-content\/uploads\/2023\/10\/campe.png","_links":{"self":[{"href":"https:\/\/www.radiopiu.net\/wordpress\/wp-json\/wp\/v2\/posts\/355721","targetHints":{"allow":["GET"]}}],"collection":[{"href":"https:\/\/www.radiopiu.net\/wordpress\/wp-json\/wp\/v2\/posts"}],"about":[{"href":"https:\/\/www.radiopiu.net\/wordpress\/wp-json\/wp\/v2\/types\/post"}],"author":[{"embeddable":true,"href":"https:\/\/www.radiopiu.net\/wordpress\/wp-json\/wp\/v2\/users\/4"}],"replies":[{"embeddable":true,"href":"https:\/\/www.radiopiu.net\/wordpress\/wp-json\/wp\/v2\/comments?post=355721"}],"version-history":[{"count":0,"href":"https:\/\/www.radiopiu.net\/wordpress\/wp-json\/wp\/v2\/posts\/355721\/revisions"}],"wp:featuredmedia":[{"embeddable":true,"href":"https:\/\/www.radiopiu.net\/wordpress\/wp-json\/wp\/v2\/media\/356028"}],"wp:attachment":[{"href":"https:\/\/www.radiopiu.net\/wordpress\/wp-json\/wp\/v2\/media?parent=355721"}],"wp:term":[{"taxonomy":"category","embeddable":true,"href":"https:\/\/www.radiopiu.net\/wordpress\/wp-json\/wp\/v2\/categories?post=355721"},{"taxonomy":"post_tag","embeddable":true,"href":"https:\/\/www.radiopiu.net\/wordpress\/wp-json\/wp\/v2\/tags?post=355721"}],"curies":[{"name":"wp","href":"https:\/\/api.w.org\/{rel}","templated":true}]}}