{"id":355756,"date":"2023-10-07T07:55:35","date_gmt":"2023-10-07T05:55:35","guid":{"rendered":"https:\/\/www.radiopiu.net\/wordpress\/?p=355756"},"modified":"2023-10-07T08:00:47","modified_gmt":"2023-10-07T06:00:47","slug":"355756-2","status":"publish","type":"post","link":"https:\/\/www.radiopiu.net\/wordpress\/355756-2\/","title":{"rendered":"dal 1983 l&#8217;originale LA RASSEGNA DELLA STAMPA LOCALE e alle 7 tutti i giorni le anticipazioni per chi va di fretta"},"content":{"rendered":"<p>&nbsp;<\/p>\n<p><iframe loading=\"lazy\" title=\"dal 1983 l&#039;originale LA RASSEGNA DELLA STAMPA LOCALE e alle 7 tutti i giorni le anticipazioni per ch\" width=\"1200\" height=\"675\" src=\"https:\/\/www.youtube.com\/embed\/lAZNebeukZ8?feature=oembed\" frameborder=\"0\" allow=\"accelerometer; autoplay; clipboard-write; encrypted-media; gyroscope; picture-in-picture; web-share\" allowfullscreen><\/iframe><\/p>\n<p>DOLOMTIBUS&#8230; QUANDO I BELLUNESI PRENDONO LE DISTANZE DALL&#8217;ATTUALE GRUPPO DIRIGENZIALE e da una societ\u00e0 che offre un servizio IMBARAZZANTE<br \/>\nl&#8217;edicolante Stefano De Toffol dal punto vendita di Piazza Vittorio Emanuele,\u00a0 ha reso noto il suo malumore ai bellunesi tramite un cartello. &#8220;non vender\u00f2 pi\u00f9 i loro biglietti&#8221;<br \/>\nFELTRE Un bambino di dodici anni ha subito un trauma cranico in un incidente\u00a0 avvenuto poco dopo le 17 in viale Farra.<br \/>\nCORTINA Attorno alle 18 di ieri l&#8217;elicottero del Suem di Pieve di Cadore \u00e8 volato sul sentiero che scende al Vandelli, per una coppia di escursionisti cinesi, un uomo e una donna di 32 e 33 anni, che, impaurita, non era pi\u00f9 in grado di proseguire. La coppia \u00e8 stata soccorsa e lasciata al Passo Tre Croci.<br \/>\nAGORDO Che ne \u00e8 del progetto del treno delle Dolomiti e in particolare di quello per l&#8217;Agordino? Non ce n&#8217;\u00e8, \u00e8 lapalissiana la risposta e le responsabilit\u00e0 sono anche dell&#8217;assessore regionale ai trasporti Elisa De Berti\u00a0 che dopo aver ascoltato i referenti dell&#8217;Agordino, sindaci compresi, ha avuto altro a cui pensare probabilmente, visto che di risposte dalla Laguna non ne sono arrivate<br \/>\nBELLUNO Continua a crescere il numero di iscritti alla cassa solidariet\u00e0 aziendale dei lavoratori di Luxottica, che in estate ha eletto il nuovo consiglio d&#8217;amministrazione. Tanti i contributi erogati nel 2022, ma c&#8217;\u00e8 preoccupazione per il futuro demografico.<br \/>\nTRE GIORNI DUE MULTE, 120 EURO TOLTI AL BILANCIO DI UNA FAMIGLIA In localit\u00e1 Valcozzena &#8211; dice Cristian &#8211;\u00a0 ho collezionato due\u00a0 multe, perch\u00e9 \u00e9 da una settimana che entro al lavoro alle 10 per problemi personali. Mi sono impegnato per trovare un posto dove lasciare la macchina che non intralciasse n\u00e9 il traffico n\u00e9 qualsiasi lavoratore o mezzo della zona industriale<br \/>\nBELLUNO E&#8217; stato inaugurato ieri mattina il ponte sul Gresal a Belluno.<br \/>\nBELLUNO La Provincia\u00a0 a seguito delle numerose e forti proteste da parte di insegnanti e operatori scolastici, ha deciso di rinunciare formalmente al finanziamento Pnrr vinto per la progettazione dell\u2019intervento all&#8217;Istituto Segato<br \/>\nVENEZIA A partire dal 17 ottobre, i veneti avranno l&#8217;opportunit\u00e0 di partecipare al nuovo bando 2023 per la rottamazione delle vecchie auto. L&#8217;iniziativa, promossa dall&#8217;assessore all&#8217;Ambiente Gianpaolo Bottacin<br \/>\nCORTINA Si svolger\u00e0 oggi la seconda giornata\u00a0 del Convegno Nazionale dal titolo &#8220;I Ladini: Una Macchia Indelebile&#8221;. La location che ospiter\u00e0 gli incontri sar\u00e0 l&#8217;Alexander Girardi Hall di Cortina.<\/p>\n<p>FALCADE DA LUNEDI&#8217; CHIUDE PER UN MESE VIA TRENTO A CAVIOLA<\/p>\n<p>LA FANFARA DELLA CADORE AD AGORDO OGGI ALLE 15.30 SFILATA IN PIAZZA E ALLE 20.30 IL CONCERTO AL PALALUXOTTICA ingresso gratuito.<br \/>\nBELLUNO Ieri sera a Palazzo Bembo pienone per la vernice della 27esima edizione di Oltre le Vette, ospite Giorgio Vazza dall&#8217;Alpago, un grande artista della montagna. Cultura di montagna: 35 EVENTI IN 9 GIORNI<br \/>\nAGORDO Ieri sera in Sala Don Tamis tutto esaurito per la prima di &#8220;Sere d&#8217;Autunno&#8221; del Club Alpino Italiano sezione Agordina, applausi per Antonella Giacomini che voleva vedere la Tundra.<br \/>\nBELLUNO ALLA CASA DEI BENI COMUNI DA DOMANI PARTE CLOROFILLA FESTIVAL 2023<br \/>\nCANALE D&#8217;AGORDO Trattoristi in festa domani a Canale d&#8217;Agordo nel DI DEL TRATOR, quello vero, originale il pi\u00f9 imitato.<br \/>\nCENCENIGHE Oggi alle 17. 30 al Nof Fil\u00f2 di Cencenighe si svolger\u00e0 un evento per festeggiare i 50 anni dalla fondazione ufficiale della Pro loco del paese, oggi guidata da Antonella De Nardin. \u00abUna storia\u00bb, come spiega Luisa Manfroi, studiosa della storia locale, \u00abche ha le sue radici nella seconda met\u00e0 degli anni Quaranta, sebbene lo statuto ufficiale sia stato firmato solo nel 1973\u00bb.<br \/>\noggi A FALCADE L&#8217;ULTIMA TAPPA DI ORIENTAMENTO DELLE TERRE ALTE<br \/>\nDOMANI AL TEATRO COMUNALE SI RICORDA UGO NERI ALLE 21 AD OLTRE LE VETTE<br \/>\nLONGARONE \u00a0Moreno Pesce, atleta paralimpico, ha deciso di affrontare l\u2019impegnativa Ferrata della Memoria in ricordo della tragedia del Vajont, proprio di fronte a dove \u00e8 avvenuto il crollo. Moreno Pesce, salir\u00e0\u00a0 domani, accompagnato dalla guida emerita Lio De Nes e dal video maker Jacopo Bernard. Il tracciato della Ferrata della Memoria<\/p>\n","protected":false},"excerpt":{"rendered":"<p>&nbsp; DOLOMTIBUS&#8230; QUANDO I BELLUNESI PRENDONO LE DISTANZE DALL&#8217;ATTUALE GRUPPO DIRIGENZIALE e da una societ\u00e0 che offre un servizio IMBARAZZANTE l&#8217;edicolante Stefano De Toffol dal punto vendita di Piazza Vittorio Emanuele,\u00a0 ha reso noto il suo malumore ai bellunesi tramite un cartello. &#8220;non vender\u00f2 pi\u00f9 i loro biglietti&#8221; FELTRE Un bambino di dodici anni ha&hellip;<\/p>\n","protected":false},"author":4,"featured_media":355741,"comment_status":"closed","ping_status":"closed","sticky":false,"template":"","format":"standard","meta":{"_monsterinsights_skip_tracking":false,"_monsterinsights_sitenote_active":false,"_monsterinsights_sitenote_note":"","_monsterinsights_sitenote_category":0,"footnotes":""},"categories":[104,49,142],"tags":[],"class_list":["post-355756","post","type-post","status-publish","format-standard","has-post-thumbnail","hentry","category-evidenza_3","category-news-18","category-rassegna-stampa","category-104","category-49","category-142","description-off"],"img_url":"https:\/\/www.radiopiu.net\/wordpress\/wp-content\/uploads\/2023\/10\/Senza-nome-14.png","_links":{"self":[{"href":"https:\/\/www.radiopiu.net\/wordpress\/wp-json\/wp\/v2\/posts\/355756","targetHints":{"allow":["GET"]}}],"collection":[{"href":"https:\/\/www.radiopiu.net\/wordpress\/wp-json\/wp\/v2\/posts"}],"about":[{"href":"https:\/\/www.radiopiu.net\/wordpress\/wp-json\/wp\/v2\/types\/post"}],"author":[{"embeddable":true,"href":"https:\/\/www.radiopiu.net\/wordpress\/wp-json\/wp\/v2\/users\/4"}],"replies":[{"embeddable":true,"href":"https:\/\/www.radiopiu.net\/wordpress\/wp-json\/wp\/v2\/comments?post=355756"}],"version-history":[{"count":0,"href":"https:\/\/www.radiopiu.net\/wordpress\/wp-json\/wp\/v2\/posts\/355756\/revisions"}],"wp:featuredmedia":[{"embeddable":true,"href":"https:\/\/www.radiopiu.net\/wordpress\/wp-json\/wp\/v2\/media\/355741"}],"wp:attachment":[{"href":"https:\/\/www.radiopiu.net\/wordpress\/wp-json\/wp\/v2\/media?parent=355756"}],"wp:term":[{"taxonomy":"category","embeddable":true,"href":"https:\/\/www.radiopiu.net\/wordpress\/wp-json\/wp\/v2\/categories?post=355756"},{"taxonomy":"post_tag","embeddable":true,"href":"https:\/\/www.radiopiu.net\/wordpress\/wp-json\/wp\/v2\/tags?post=355756"}],"curies":[{"name":"wp","href":"https:\/\/api.w.org\/{rel}","templated":true}]}}