{"id":355782,"date":"2023-10-07T10:32:16","date_gmt":"2023-10-07T08:32:16","guid":{"rendered":"https:\/\/www.radiopiu.net\/wordpress\/?p=355782"},"modified":"2023-10-09T05:39:54","modified_gmt":"2023-10-09T03:39:54","slug":"alessio-tabacchi-50-anni-nel-soccorso-alpino-di-pieve-di-cadore-nominato-socio-emerito","status":"publish","type":"post","link":"https:\/\/www.radiopiu.net\/wordpress\/alessio-tabacchi-50-anni-nel-soccorso-alpino-di-pieve-di-cadore-nominato-socio-emerito\/","title":{"rendered":"ALESSIO TABACCHI, 50 ANNI NEL SOCCORSO ALPINO DI PIEVE DI CADORE, NOMINATO SOCIO EMERITO"},"content":{"rendered":"<p><strong><a class=\"dt-pswp-item\" href=\"https:\/\/www.radiopiu.net\/wordpress\/wp-content\/uploads\/2023\/10\/IMG-20231007-WA0015.jpg\" data-dt-img-description=\"\" data-large_image_width=\"1600\" data-large_image_height=\"1066\"><img loading=\"lazy\" decoding=\"async\" class=\" wp-image-355791 alignleft\" src=\"https:\/\/www.radiopiu.net\/wordpress\/wp-content\/uploads\/2023\/10\/IMG-20231007-WA0015-300x200.jpg\" alt=\"\" width=\"174\" height=\"116\" srcset=\"https:\/\/www.radiopiu.net\/wordpress\/wp-content\/uploads\/2023\/10\/IMG-20231007-WA0015-300x200.jpg 300w, https:\/\/www.radiopiu.net\/wordpress\/wp-content\/uploads\/2023\/10\/IMG-20231007-WA0015-1024x682.jpg 1024w, https:\/\/www.radiopiu.net\/wordpress\/wp-content\/uploads\/2023\/10\/IMG-20231007-WA0015-768x512.jpg 768w, https:\/\/www.radiopiu.net\/wordpress\/wp-content\/uploads\/2023\/10\/IMG-20231007-WA0015-1536x1023.jpg 1536w, https:\/\/www.radiopiu.net\/wordpress\/wp-content\/uploads\/2023\/10\/IMG-20231007-WA0015.jpg 1600w\" sizes=\"auto, (max-width: 174px) 100vw, 174px\" \/><\/a>PIEVE DI CADORE <\/strong>Alessio Tabacchi \u00e8 socio emerito per i suoi 50 all&#8217;interno del Soccorso alpino di Pieve di Cadore. Ieri sera, nell&#8217;ambito della presentazione della 12a Dolomiti Rescue Race, a sorpresa e con un&#8217;emozionante momento di stima e affetto, sono stati conferiti il riconoscimento di socio emerito del Corpo Nazionale soccorso alpino e speleologico, nonch\u00e9 lo stemma d&#8217;oro del Soccorso alpino e speleologico Veneto, ad Alessio Tabacchi, storico soccorritore che, compiuti 75 anni d\u2019et\u00e0, 50 dei quali prestati alla solidariet\u00e0 e all\u2019impegno in aiuto di chi si trova in difficolt\u00e0 in montagna, dallo scorso marzo, come previsto dallo statuto del Cnsas, ha terminato il proprio mandato all\u2019interno dell\u2019Associazione. Di fronte alla sala del Museo dell\u2019occhiale gremita di soccorritori provenienti da tutta Europa, di Alessio sono stati ricordati competenza, seriet\u00e0, dedizione, immediatezza nella risposta, presenza costante, ordine, capacit\u00e0, disponibilit\u00e0, gran cuore, trait d&#8217;union tra le vecchie e giovani generazioni. A conferirgli le onorificenze il presidente del Soccorso alpino e speleologico Veneto Rodolfo Selenati, assieme al capostazione di Pieve di Cadore Giuliano Baracco e all&#8217;ideatore della manifestazione Marco Da Col. <a class=\"dt-pswp-item\" href=\"https:\/\/www.radiopiu.net\/wordpress\/wp-content\/uploads\/2023\/10\/IMG-20231007-WA0014.jpg\" data-dt-img-description=\"\" data-large_image_width=\"1599\" data-large_image_height=\"1066\"><img loading=\"lazy\" decoding=\"async\" class=\" wp-image-355792 alignright\" src=\"https:\/\/www.radiopiu.net\/wordpress\/wp-content\/uploads\/2023\/10\/IMG-20231007-WA0014-300x200.jpg\" alt=\"\" width=\"212\" height=\"141\" srcset=\"https:\/\/www.radiopiu.net\/wordpress\/wp-content\/uploads\/2023\/10\/IMG-20231007-WA0014-300x200.jpg 300w, https:\/\/www.radiopiu.net\/wordpress\/wp-content\/uploads\/2023\/10\/IMG-20231007-WA0014-1024x683.jpg 1024w, https:\/\/www.radiopiu.net\/wordpress\/wp-content\/uploads\/2023\/10\/IMG-20231007-WA0014-768x512.jpg 768w, https:\/\/www.radiopiu.net\/wordpress\/wp-content\/uploads\/2023\/10\/IMG-20231007-WA0014-1536x1024.jpg 1536w, https:\/\/www.radiopiu.net\/wordpress\/wp-content\/uploads\/2023\/10\/IMG-20231007-WA0014.jpg 1599w\" sizes=\"auto, (max-width: 212px) 100vw, 212px\" \/><\/a>&#8220;<span style=\"font-family: Calibri, sans-serif;\">\u00c8 un onore aver consegnato questa onorificenza e simbolo per tutta l&#8217;attivit\u00e0 svolta nei suoi 50 anni di servizio all&#8217;interno del nostro sodalizio&#8221; i ringraziamenti del presidente Selenati, affiancato dal delegato Alex Barattin. <\/span>Alessio Tabacchi \u00e8 nato a Pieve di Cadore il 6 marzo 1948. Attivo dal 1973 come volontario, \u00e8 Vicecapo Stazione dal 1982 al 1995 nella direzione con l\u2019amico Luigino Genova; coordinatore radio dall\u2019inizio della creazione della struttura provinciale della rete radio e successivo sviluppo regionale; segretario e \u2018tuttofare\u2019 insostituibile. Ha all\u2019attivo qualche centinaio di interventi sul territorio di competenza e presenza in supporto alle stazioni della Delegazione con il faro di Pieve di Cadore.<\/p>\n<p>&nbsp;<\/p>\n<p>&nbsp;<\/p>\n<p>*********<\/p>\n","protected":false},"excerpt":{"rendered":"<p>PIEVE DI CADORE Alessio Tabacchi \u00e8 socio emerito per i suoi 50 all&#8217;interno del Soccorso alpino di Pieve di Cadore. Ieri sera, nell&#8217;ambito della presentazione della 12a Dolomiti Rescue Race, a sorpresa e con un&#8217;emozionante momento di stima e affetto, sono stati conferiti il riconoscimento di socio emerito del Corpo Nazionale soccorso alpino e speleologico,&hellip;<\/p>\n","protected":false},"author":4,"featured_media":355791,"comment_status":"closed","ping_status":"closed","sticky":false,"template":"","format":"standard","meta":{"_monsterinsights_skip_tracking":false,"_monsterinsights_sitenote_active":false,"_monsterinsights_sitenote_note":"","_monsterinsights_sitenote_category":0,"footnotes":""},"categories":[51,49],"tags":[],"class_list":["post-355782","post","type-post","status-publish","format-standard","has-post-thumbnail","hentry","category-evidenza-top","category-news-18","category-51","category-49","description-off"],"img_url":"https:\/\/www.radiopiu.net\/wordpress\/wp-content\/uploads\/2023\/10\/IMG-20231007-WA0015.jpg","_links":{"self":[{"href":"https:\/\/www.radiopiu.net\/wordpress\/wp-json\/wp\/v2\/posts\/355782","targetHints":{"allow":["GET"]}}],"collection":[{"href":"https:\/\/www.radiopiu.net\/wordpress\/wp-json\/wp\/v2\/posts"}],"about":[{"href":"https:\/\/www.radiopiu.net\/wordpress\/wp-json\/wp\/v2\/types\/post"}],"author":[{"embeddable":true,"href":"https:\/\/www.radiopiu.net\/wordpress\/wp-json\/wp\/v2\/users\/4"}],"replies":[{"embeddable":true,"href":"https:\/\/www.radiopiu.net\/wordpress\/wp-json\/wp\/v2\/comments?post=355782"}],"version-history":[{"count":0,"href":"https:\/\/www.radiopiu.net\/wordpress\/wp-json\/wp\/v2\/posts\/355782\/revisions"}],"wp:featuredmedia":[{"embeddable":true,"href":"https:\/\/www.radiopiu.net\/wordpress\/wp-json\/wp\/v2\/media\/355791"}],"wp:attachment":[{"href":"https:\/\/www.radiopiu.net\/wordpress\/wp-json\/wp\/v2\/media?parent=355782"}],"wp:term":[{"taxonomy":"category","embeddable":true,"href":"https:\/\/www.radiopiu.net\/wordpress\/wp-json\/wp\/v2\/categories?post=355782"},{"taxonomy":"post_tag","embeddable":true,"href":"https:\/\/www.radiopiu.net\/wordpress\/wp-json\/wp\/v2\/tags?post=355782"}],"curies":[{"name":"wp","href":"https:\/\/api.w.org\/{rel}","templated":true}]}}