{"id":355837,"date":"2023-10-09T05:22:48","date_gmt":"2023-10-09T03:22:48","guid":{"rendered":"https:\/\/www.radiopiu.net\/wordpress\/?p=355837"},"modified":"2023-10-09T05:38:25","modified_gmt":"2023-10-09T03:38:25","slug":"dillo-a-radio-piu-le-auto-sportive-sui-passi-dolomitici","status":"publish","type":"post","link":"https:\/\/www.radiopiu.net\/wordpress\/dillo-a-radio-piu-le-auto-sportive-sui-passi-dolomitici\/","title":{"rendered":"DILLO A RADIO PIU&#8217;&#8230;LE AUTO SPORTIVE SUI PASSI DOLOMITICI"},"content":{"rendered":"<p><strong><a class=\"dt-pswp-item\" href=\"https:\/\/www.radiopiu.net\/wordpress\/wp-content\/uploads\/2023\/10\/SCR-20231007-pghu.jpeg\" data-dt-img-description=\"\" data-large_image_width=\"1122\" data-large_image_height=\"636\"><img loading=\"lazy\" decoding=\"async\" class=\" wp-image-355838 alignleft\" src=\"https:\/\/www.radiopiu.net\/wordpress\/wp-content\/uploads\/2023\/10\/SCR-20231007-pghu-300x170.jpeg\" alt=\"\" width=\"178\" height=\"101\" srcset=\"https:\/\/www.radiopiu.net\/wordpress\/wp-content\/uploads\/2023\/10\/SCR-20231007-pghu-300x170.jpeg 300w, https:\/\/www.radiopiu.net\/wordpress\/wp-content\/uploads\/2023\/10\/SCR-20231007-pghu-1024x580.jpeg 1024w, https:\/\/www.radiopiu.net\/wordpress\/wp-content\/uploads\/2023\/10\/SCR-20231007-pghu-768x435.jpeg 768w, https:\/\/www.radiopiu.net\/wordpress\/wp-content\/uploads\/2023\/10\/SCR-20231007-pghu.jpeg 1122w\" sizes=\"auto, (max-width: 178px) 100vw, 178px\" \/><\/a>Riceviamo e pubblichiamo<\/strong><\/p>\n<p>Buongiorno, abito a Selva di Cadore e lavoro ai piedi del Passo Giau. Oggi \u00e8 un continuo passaggio di auto sportive, sembra di essere in un autodromo: corrono come pazzi, rombi a non finire che suscitano la meraviglia dei miei clienti che si chiedono come possa essere possibile una cosa del genere. Ormai dovrei anche essere abituato visto che pi\u00f9 o meno la situazione \u00e8 questa da maggio a novembre, qualche week end di pi\u00f9, qualche altro di meno, ma no.. non sono abituato e questo rumore assordante da veramente fastidio. Capisco la passione di chi ama sfrecciare con 300 cavalli sotto al sedere per\u00f2 questo non reputo sia il luogo adatto per farlo. Un giorno i tedeschi, un giorno le Porsche e Ferrari, un altro i ragazzotti con l\u2019 auto sportiva.. e cos\u00ec da anni e sempre peggio e nessuno propone e attua soluzioni concrete. Non mi pare sia questo il modo di valorizzare i nostri territori montani.<\/p>\n<p>Piergiorgio Agostini &#8211; Selva di Cadore<\/p>\n<p>&nbsp;<\/p>\n<p>&nbsp;<\/p>\n<p>********<\/p>\n","protected":false},"excerpt":{"rendered":"<p>Riceviamo e pubblichiamo Buongiorno, abito a Selva di Cadore e lavoro ai piedi del Passo Giau. Oggi \u00e8 un continuo passaggio di auto sportive, sembra di essere in un autodromo: corrono come pazzi, rombi a non finire che suscitano la meraviglia dei miei clienti che si chiedono come possa essere possibile una cosa del genere.&hellip;<\/p>\n","protected":false},"author":4,"featured_media":355838,"comment_status":"closed","ping_status":"closed","sticky":false,"template":"","format":"standard","meta":{"_monsterinsights_skip_tracking":false,"_monsterinsights_sitenote_active":false,"_monsterinsights_sitenote_note":"","_monsterinsights_sitenote_category":0,"footnotes":""},"categories":[104,49],"tags":[],"class_list":["post-355837","post","type-post","status-publish","format-standard","has-post-thumbnail","hentry","category-evidenza_3","category-news-18","category-104","category-49","description-off"],"img_url":"https:\/\/www.radiopiu.net\/wordpress\/wp-content\/uploads\/2023\/10\/SCR-20231007-pghu.jpeg","_links":{"self":[{"href":"https:\/\/www.radiopiu.net\/wordpress\/wp-json\/wp\/v2\/posts\/355837","targetHints":{"allow":["GET"]}}],"collection":[{"href":"https:\/\/www.radiopiu.net\/wordpress\/wp-json\/wp\/v2\/posts"}],"about":[{"href":"https:\/\/www.radiopiu.net\/wordpress\/wp-json\/wp\/v2\/types\/post"}],"author":[{"embeddable":true,"href":"https:\/\/www.radiopiu.net\/wordpress\/wp-json\/wp\/v2\/users\/4"}],"replies":[{"embeddable":true,"href":"https:\/\/www.radiopiu.net\/wordpress\/wp-json\/wp\/v2\/comments?post=355837"}],"version-history":[{"count":0,"href":"https:\/\/www.radiopiu.net\/wordpress\/wp-json\/wp\/v2\/posts\/355837\/revisions"}],"wp:featuredmedia":[{"embeddable":true,"href":"https:\/\/www.radiopiu.net\/wordpress\/wp-json\/wp\/v2\/media\/355838"}],"wp:attachment":[{"href":"https:\/\/www.radiopiu.net\/wordpress\/wp-json\/wp\/v2\/media?parent=355837"}],"wp:term":[{"taxonomy":"category","embeddable":true,"href":"https:\/\/www.radiopiu.net\/wordpress\/wp-json\/wp\/v2\/categories?post=355837"},{"taxonomy":"post_tag","embeddable":true,"href":"https:\/\/www.radiopiu.net\/wordpress\/wp-json\/wp\/v2\/tags?post=355837"}],"curies":[{"name":"wp","href":"https:\/\/api.w.org\/{rel}","templated":true}]}}