{"id":355902,"date":"2023-10-08T10:38:33","date_gmt":"2023-10-08T08:38:33","guid":{"rendered":"https:\/\/www.radiopiu.net\/wordpress\/?p=355902"},"modified":"2023-10-08T10:38:33","modified_gmt":"2023-10-08T08:38:33","slug":"festeggiati-i-90-anni-del-rifugio-capanna-passo-valles","status":"publish","type":"post","link":"https:\/\/www.radiopiu.net\/wordpress\/festeggiati-i-90-anni-del-rifugio-capanna-passo-valles\/","title":{"rendered":"FESTEGGIATI I 90 ANNI DEL RIFUGIO CAPANNA PASSO VALLES"},"content":{"rendered":"<p><strong><a class=\"dt-pswp-item\" href=\"https:\/\/www.radiopiu.net\/wordpress\/wp-content\/uploads\/2023\/10\/VD_Rifugio_Estate_05.jpg\" data-dt-img-description=\"\" data-large_image_width=\"2220\" data-large_image_height=\"1040\"><img loading=\"lazy\" decoding=\"async\" class=\" wp-image-355903 alignleft\" src=\"https:\/\/www.radiopiu.net\/wordpress\/wp-content\/uploads\/2023\/10\/VD_Rifugio_Estate_05-300x141.jpg\" alt=\"\" width=\"253\" height=\"119\" srcset=\"https:\/\/www.radiopiu.net\/wordpress\/wp-content\/uploads\/2023\/10\/VD_Rifugio_Estate_05-300x141.jpg 300w, https:\/\/www.radiopiu.net\/wordpress\/wp-content\/uploads\/2023\/10\/VD_Rifugio_Estate_05-1024x480.jpg 1024w, https:\/\/www.radiopiu.net\/wordpress\/wp-content\/uploads\/2023\/10\/VD_Rifugio_Estate_05-768x360.jpg 768w, https:\/\/www.radiopiu.net\/wordpress\/wp-content\/uploads\/2023\/10\/VD_Rifugio_Estate_05-1536x720.jpg 1536w, https:\/\/www.radiopiu.net\/wordpress\/wp-content\/uploads\/2023\/10\/VD_Rifugio_Estate_05-2048x959.jpg 2048w\" sizes=\"auto, (max-width: 253px) 100vw, 253px\" \/><\/a>PASSO VALLES <\/strong>Ieri \u00e8 stata festeggiata la storia della Capanna Passo Valles, il rifugio situato a 2.000 metri di quota al confine tra il Veneto e il Trentino, che ha compiuto novant&#8217;anni di attivit\u00e0. La famiglia Cemin, che gestisce l&#8217;attivit\u00e0 da tre generazioni, ha organizzato l&#8217;evento per commemorare questo anniversario. Durante la cerimonia, Anna Cemin, figlia del fondatore Enrico Cemin, ha condiviso ricordi dei primi anni, quando era solo una semplice baracca e l&#8217;accesso invernale era difficile a causa della neve. Oggi, la famiglia Cemin gestisce un rifugio moderno che continua a rispettare le tradizioni e accoglie escursionisti e sciatori provenienti da tutto il mondo. Le nuove generazioni, Fabio e Chiara, sono coinvolte nella gestione e hanno studiato gastronomia e ospitalit\u00e0 per migliorare l&#8217;esperienza dei clienti. Alla cerimonia hanno partecipato anche i sindaci delle zone circostanti, che hanno elogiato la Capanna Passo Valles come un luogo speciale che ha saputo adattarsi alle nuove esigenze dei visitatori. L&#8217;ambiente naturale in cui si trova il rifugio \u00e8 stato descritto come il miglior centro benessere possibile. Durante l&#8217;evento, \u00e8 stato anche ricordato Mario Cemin, il padre di Angelo, che \u00e8 stato una figura chiave nella storia del rifugio e che \u00e8 scomparso tre anni fa.<\/p>\n<p>(foto: passovalles.com)<\/p>\n<p>&nbsp;<\/p>\n<p>&nbsp;<\/p>\n<p>*********<\/p>\n","protected":false},"excerpt":{"rendered":"<p>PASSO VALLES Ieri \u00e8 stata festeggiata la storia della Capanna Passo Valles, il rifugio situato a 2.000 metri di quota al confine tra il Veneto e il Trentino, che ha compiuto novant&#8217;anni di attivit\u00e0. La famiglia Cemin, che gestisce l&#8217;attivit\u00e0 da tre generazioni, ha organizzato l&#8217;evento per commemorare questo anniversario. Durante la cerimonia, Anna Cemin,&hellip;<\/p>\n","protected":false},"author":4,"featured_media":355903,"comment_status":"closed","ping_status":"closed","sticky":false,"template":"","format":"standard","meta":{"_monsterinsights_skip_tracking":false,"_monsterinsights_sitenote_active":false,"_monsterinsights_sitenote_note":"","_monsterinsights_sitenote_category":0,"footnotes":""},"categories":[49],"tags":[],"class_list":["post-355902","post","type-post","status-publish","format-standard","has-post-thumbnail","hentry","category-news-18","category-49","description-off"],"img_url":"https:\/\/www.radiopiu.net\/wordpress\/wp-content\/uploads\/2023\/10\/VD_Rifugio_Estate_05.jpg","_links":{"self":[{"href":"https:\/\/www.radiopiu.net\/wordpress\/wp-json\/wp\/v2\/posts\/355902","targetHints":{"allow":["GET"]}}],"collection":[{"href":"https:\/\/www.radiopiu.net\/wordpress\/wp-json\/wp\/v2\/posts"}],"about":[{"href":"https:\/\/www.radiopiu.net\/wordpress\/wp-json\/wp\/v2\/types\/post"}],"author":[{"embeddable":true,"href":"https:\/\/www.radiopiu.net\/wordpress\/wp-json\/wp\/v2\/users\/4"}],"replies":[{"embeddable":true,"href":"https:\/\/www.radiopiu.net\/wordpress\/wp-json\/wp\/v2\/comments?post=355902"}],"version-history":[{"count":0,"href":"https:\/\/www.radiopiu.net\/wordpress\/wp-json\/wp\/v2\/posts\/355902\/revisions"}],"wp:featuredmedia":[{"embeddable":true,"href":"https:\/\/www.radiopiu.net\/wordpress\/wp-json\/wp\/v2\/media\/355903"}],"wp:attachment":[{"href":"https:\/\/www.radiopiu.net\/wordpress\/wp-json\/wp\/v2\/media?parent=355902"}],"wp:term":[{"taxonomy":"category","embeddable":true,"href":"https:\/\/www.radiopiu.net\/wordpress\/wp-json\/wp\/v2\/categories?post=355902"},{"taxonomy":"post_tag","embeddable":true,"href":"https:\/\/www.radiopiu.net\/wordpress\/wp-json\/wp\/v2\/tags?post=355902"}],"curies":[{"name":"wp","href":"https:\/\/api.w.org\/{rel}","templated":true}]}}