{"id":355980,"date":"2023-10-09T05:24:24","date_gmt":"2023-10-09T03:24:24","guid":{"rendered":"https:\/\/www.radiopiu.net\/wordpress\/?p=355980"},"modified":"2023-10-09T05:37:30","modified_gmt":"2023-10-09T03:37:30","slug":"longarone-abbraccia-i-suoi-angeli-dedicato-un-viale-ai-soccorritori","status":"publish","type":"post","link":"https:\/\/www.radiopiu.net\/wordpress\/longarone-abbraccia-i-suoi-angeli-dedicato-un-viale-ai-soccorritori\/","title":{"rendered":"LONGARONE ABBRACCIA I SUOI &#8220;ANGELI. DEDICATO UN VIALE AI SOCCORRITORI"},"content":{"rendered":"<p><strong>LONGARONE <\/strong>\u00abQuando finisce la notte?\u00bb \u00c8 la domanda di un rabbino ai suoi allievi, riportata nell\u2019omelia di don Rinaldo Ottone &#8211; durante la messa in suffragio delle vittime del Vajont e per celebrare tutti coloro che hanno collaborato nei giorni immediatamente successivi alla catastrofe &#8211; ad aprire la Giornata del Soccorritore. Una giornata che Longarone da sempre dedica alle persone che hanno riversato la loro solidariet\u00e0 sulla comunit\u00e0 distrutta, subito dopo il 9 ottobre 1963. Ma che quest\u2019anno assume un significato particolare, con l\u2019intitolazione di un viale proprio ai soccorritori. \u00abQuando finisce la notte? Uno degli allievi risponde \u201cquando si distingue un cane da una pecora\u201d\u00bb ha continuato il parroco nell\u2019omelia. \u00ab\u201cQuando si riesce a distinguere un fico da un gelso\u201d azzarda un altro degli allievi. \u201cNo\u201d dice il rabbino. \u201cLa notte finisce quando guardando un uomo, si riconosce un fratello\u201d\u00bb. La notte delle comunit\u00e0 del Vajont \u00e8 stata lunga, dolorosa, ma ha trovato tanti \u201cfratelli\u201d nei tantissimi soccorritori arrivati da tutta Italia e anche da altre parti del mondo. \u00c8 a loro che Longarone ha dedicato il viale che passa davanti alla Fiera, alle scuole medie, all\u2019area sportiva. Con tre pannelli fotografici giganti che riportano altrettanti momenti significativi della macchina dei soccorsi attiva nelle settimane buie dell\u2019autunno 1963. La cerimonia di intitolazione \u00e8 iniziata con il corteo dalla chiesa di Longarone: un lungo serpentone che \u00e8 passato per il centro cittadino tra gli applausi, fino all\u2019area della fiera, aperto dalla Fanfara degli ex Congedati della Brigata Cadore. Presenti oltre 1.500 persone tra Alpini, Protezione Civile, Croce Rossa, Bersaglieri e altri corpi dell\u2019esercito. \u00abIl soccorritore \u00e8 un misto di sensazioni, emozioni, pensieri e soprattutto azioni che si compiono per quella parola magica che si chiama solidariet\u00e0, quel sentimento altamente civico e cristiano che si manifesta proprio nell&#8217;opera di soccorso. Ma non \u00e8 solo esempio di efficiente macchina organizzativa, in quella parola c&#8217;\u00e8 un&#8217;anima, c&#8217;\u00e8 una passione, c\u2019\u00e8 senso del dovere e grande sensibilit\u00e0\u00bb ha detto il sindaco di Longarone, Roberto Padrin, nel suo discorso. \u00abOggi siamo qui perch\u00e9 abbiamo voluto dedicare a tutti voi, rappresentanti di ogni corpo dello Stato e semplici cittadini, questo viale, che per sempre riconoscer\u00e0 quello che avete fatto per noi. \u00c8 il nostro modo per dirvi grazie. Grazie per non averci lasciati soli nel nostro dolore, per averci dato tutto il vostro conforto e per esservi fatti carico di quella parte di tristezza che potevamo condividere intimamente solo con voi. Grazie per aver pianto con noi e per aver stretto forte i nostri bambini, per aver curato le nostre ferite e alleviato il nostro dolore e per averci dato quel sostegno e quella forza senza cui non saremmo mai potuti rinascere\u00bb. Il sindaco Padrin ha sottolineato come \u00abil Vajont \u00e8 quella tragedia che ha tatto emergere la parte peggiore, ma anche la migliore dell\u2019uomo\u00bb, riferendosi proprio ai soccorritori. \u00abIl disastro del Vajont ha segnato la nascita del sistema nazionale di Protezione Civile, che poi di fatto ha avuto nel terremoto del Friuli il primo sviluppo concreto. Voi ci avete ricordato e ci ricordate che cosa conta davvero\u00bb. \u00abIl sistema di Protezione Civile passa per il Vajont e oggi \u00e8 un\u2019eccellenza mondiale riconosciuta\u00bb ha aggiunto l\u2019assessore regionale alla Protezione Civile, Gianpaolo Bottacin. \u00abLa cosa pi\u00f9 importante \u00e8 lo spirito di solidariet\u00e0, allora come oggi. E non \u00e8 un caso che in Veneto abbiamo il pi\u00f9 alto numero di persone che fanno volontariato in Protezione Civile. I soccorritori sono eroi? Sono professionali, tempestivi. Sono persone normali, che a casa hanno una famiglia e partono senza sapere dove vengono mandati, disponibili 24 ore su 24. Ma soprattutto sono dotati di una grandissima umanit\u00e0\u00bb.<\/p>\n\n\t\t\t<style type='text\/css'>\n\t\t\t\t#gallery-1 {\n\t\t\t\t\tmargin: auto;\n\t\t\t\t}\n\t\t\t\t#gallery-1 .gallery-item {\n\t\t\t\t\tfloat: left;\n\t\t\t\t\tmargin-top: 10px;\n\t\t\t\t\ttext-align: center;\n\t\t\t\t\twidth: 33%;\n\t\t\t\t}\n\t\t\t\t#gallery-1 img {\n\t\t\t\t\tborder: 2px solid #cfcfcf;\n\t\t\t\t}\n\t\t\t\t#gallery-1 .gallery-caption {\n\t\t\t\t\tmargin-left: 0;\n\t\t\t\t}\n\t\t\t\t\/* see gallery_shortcode() in wp-includes\/media.php *\/\n\t\t\t<\/style>\n\t\t<div id='gallery-1' class='dt-gallery-container gallery galleryid-355980 gallery-columns-3 gallery-size-medium'><dl class='gallery-item'>\n\t\t\t\t<dt class='gallery-icon landscape'>\n\t\t\t\t\t<a class=\"rollover rollover-zoom dt-pswp-item\" title=\"Alzabandiera\" data-dt-img-description=\"\" data-large_image_width=\"1800\" data-large_image_height=\"1350\"href='https:\/\/www.radiopiu.net\/wordpress\/wp-content\/uploads\/2023\/10\/Alzabandiera.jpg'><img loading=\"lazy\" decoding=\"async\" width=\"300\" height=\"225\" src=\"https:\/\/www.radiopiu.net\/wordpress\/wp-content\/uploads\/2023\/10\/Alzabandiera-300x225.jpg\" class=\"attachment-medium size-medium\" alt=\"\" srcset=\"https:\/\/www.radiopiu.net\/wordpress\/wp-content\/uploads\/2023\/10\/Alzabandiera-300x225.jpg 300w, https:\/\/www.radiopiu.net\/wordpress\/wp-content\/uploads\/2023\/10\/Alzabandiera-1024x768.jpg 1024w, https:\/\/www.radiopiu.net\/wordpress\/wp-content\/uploads\/2023\/10\/Alzabandiera-768x576.jpg 768w, https:\/\/www.radiopiu.net\/wordpress\/wp-content\/uploads\/2023\/10\/Alzabandiera-1536x1152.jpg 1536w, https:\/\/www.radiopiu.net\/wordpress\/wp-content\/uploads\/2023\/10\/Alzabandiera.jpg 1800w\" sizes=\"auto, (max-width: 300px) 100vw, 300px\" \/><\/a>\n\t\t\t\t<\/dt><\/dl><dl class='gallery-item'>\n\t\t\t\t<dt class='gallery-icon landscape'>\n\t\t\t\t\t<a class=\"rollover rollover-zoom dt-pswp-item\" title=\"Cerimonia viale soccorritori\" data-dt-img-description=\"\" data-large_image_width=\"2000\" data-large_image_height=\"1338\"href='https:\/\/www.radiopiu.net\/wordpress\/wp-content\/uploads\/2023\/10\/Cerimonia-viale-soccorritori.jpg'><img loading=\"lazy\" decoding=\"async\" width=\"300\" height=\"201\" src=\"https:\/\/www.radiopiu.net\/wordpress\/wp-content\/uploads\/2023\/10\/Cerimonia-viale-soccorritori-300x201.jpg\" class=\"attachment-medium size-medium\" alt=\"\" srcset=\"https:\/\/www.radiopiu.net\/wordpress\/wp-content\/uploads\/2023\/10\/Cerimonia-viale-soccorritori-300x201.jpg 300w, https:\/\/www.radiopiu.net\/wordpress\/wp-content\/uploads\/2023\/10\/Cerimonia-viale-soccorritori-1024x685.jpg 1024w, https:\/\/www.radiopiu.net\/wordpress\/wp-content\/uploads\/2023\/10\/Cerimonia-viale-soccorritori-768x514.jpg 768w, https:\/\/www.radiopiu.net\/wordpress\/wp-content\/uploads\/2023\/10\/Cerimonia-viale-soccorritori-1536x1028.jpg 1536w, https:\/\/www.radiopiu.net\/wordpress\/wp-content\/uploads\/2023\/10\/Cerimonia-viale-soccorritori.jpg 2000w\" sizes=\"auto, (max-width: 300px) 100vw, 300px\" \/><\/a>\n\t\t\t\t<\/dt><\/dl><dl class='gallery-item'>\n\t\t\t\t<dt class='gallery-icon landscape'>\n\t\t\t\t\t<a class=\"rollover rollover-zoom dt-pswp-item\" title=\"corteo 1\" data-dt-img-description=\"\" data-large_image_width=\"2000\" data-large_image_height=\"1500\"href='https:\/\/www.radiopiu.net\/wordpress\/wp-content\/uploads\/2023\/10\/corteo-1.jpg'><img loading=\"lazy\" decoding=\"async\" width=\"300\" height=\"225\" src=\"https:\/\/www.radiopiu.net\/wordpress\/wp-content\/uploads\/2023\/10\/corteo-1-300x225.jpg\" class=\"attachment-medium size-medium\" alt=\"\" srcset=\"https:\/\/www.radiopiu.net\/wordpress\/wp-content\/uploads\/2023\/10\/corteo-1-300x225.jpg 300w, https:\/\/www.radiopiu.net\/wordpress\/wp-content\/uploads\/2023\/10\/corteo-1-1024x768.jpg 1024w, https:\/\/www.radiopiu.net\/wordpress\/wp-content\/uploads\/2023\/10\/corteo-1-768x576.jpg 768w, https:\/\/www.radiopiu.net\/wordpress\/wp-content\/uploads\/2023\/10\/corteo-1-1536x1152.jpg 1536w, https:\/\/www.radiopiu.net\/wordpress\/wp-content\/uploads\/2023\/10\/corteo-1.jpg 2000w\" sizes=\"auto, (max-width: 300px) 100vw, 300px\" \/><\/a>\n\t\t\t\t<\/dt><\/dl><br style=\"clear: both\" \/><dl class='gallery-item'>\n\t\t\t\t<dt class='gallery-icon landscape'>\n\t\t\t\t\t<a class=\"rollover rollover-zoom dt-pswp-item\" title=\"Messa 1\" data-dt-img-description=\"\" data-large_image_width=\"1992\" data-large_image_height=\"1136\"href='https:\/\/www.radiopiu.net\/wordpress\/wp-content\/uploads\/2023\/10\/Messa-1.jpg'><img loading=\"lazy\" decoding=\"async\" width=\"300\" height=\"171\" src=\"https:\/\/www.radiopiu.net\/wordpress\/wp-content\/uploads\/2023\/10\/Messa-1-300x171.jpg\" class=\"attachment-medium size-medium\" alt=\"\" srcset=\"https:\/\/www.radiopiu.net\/wordpress\/wp-content\/uploads\/2023\/10\/Messa-1-300x171.jpg 300w, https:\/\/www.radiopiu.net\/wordpress\/wp-content\/uploads\/2023\/10\/Messa-1-1024x584.jpg 1024w, https:\/\/www.radiopiu.net\/wordpress\/wp-content\/uploads\/2023\/10\/Messa-1-768x438.jpg 768w, https:\/\/www.radiopiu.net\/wordpress\/wp-content\/uploads\/2023\/10\/Messa-1-1536x876.jpg 1536w, https:\/\/www.radiopiu.net\/wordpress\/wp-content\/uploads\/2023\/10\/Messa-1.jpg 1992w\" sizes=\"auto, (max-width: 300px) 100vw, 300px\" \/><\/a>\n\t\t\t\t<\/dt><\/dl><dl class='gallery-item'>\n\t\t\t\t<dt class='gallery-icon landscape'>\n\t\t\t\t\t<a class=\"rollover rollover-zoom dt-pswp-item\" title=\"Viale soccorritori 1\" data-dt-img-description=\"\" data-large_image_width=\"1600\" data-large_image_height=\"1200\"href='https:\/\/www.radiopiu.net\/wordpress\/wp-content\/uploads\/2023\/10\/Viale-soccorritori-1.jpg'><img loading=\"lazy\" decoding=\"async\" width=\"300\" height=\"225\" src=\"https:\/\/www.radiopiu.net\/wordpress\/wp-content\/uploads\/2023\/10\/Viale-soccorritori-1-300x225.jpg\" class=\"attachment-medium size-medium\" alt=\"\" srcset=\"https:\/\/www.radiopiu.net\/wordpress\/wp-content\/uploads\/2023\/10\/Viale-soccorritori-1-300x225.jpg 300w, https:\/\/www.radiopiu.net\/wordpress\/wp-content\/uploads\/2023\/10\/Viale-soccorritori-1-1024x768.jpg 1024w, https:\/\/www.radiopiu.net\/wordpress\/wp-content\/uploads\/2023\/10\/Viale-soccorritori-1-768x576.jpg 768w, https:\/\/www.radiopiu.net\/wordpress\/wp-content\/uploads\/2023\/10\/Viale-soccorritori-1-1536x1152.jpg 1536w, https:\/\/www.radiopiu.net\/wordpress\/wp-content\/uploads\/2023\/10\/Viale-soccorritori-1.jpg 1600w\" sizes=\"auto, (max-width: 300px) 100vw, 300px\" \/><\/a>\n\t\t\t\t<\/dt><\/dl><dl class='gallery-item'>\n\t\t\t\t<dt class='gallery-icon landscape'>\n\t\t\t\t\t<a class=\"rollover rollover-zoom dt-pswp-item\" title=\"Viale soccorritori 2\" data-dt-img-description=\"\" data-large_image_width=\"1200\" data-large_image_height=\"900\"href='https:\/\/www.radiopiu.net\/wordpress\/wp-content\/uploads\/2023\/10\/Viale-soccorritori-2.jpg'><img loading=\"lazy\" decoding=\"async\" width=\"300\" height=\"225\" src=\"https:\/\/www.radiopiu.net\/wordpress\/wp-content\/uploads\/2023\/10\/Viale-soccorritori-2-300x225.jpg\" class=\"attachment-medium size-medium\" alt=\"\" srcset=\"https:\/\/www.radiopiu.net\/wordpress\/wp-content\/uploads\/2023\/10\/Viale-soccorritori-2-300x225.jpg 300w, https:\/\/www.radiopiu.net\/wordpress\/wp-content\/uploads\/2023\/10\/Viale-soccorritori-2-1024x768.jpg 1024w, https:\/\/www.radiopiu.net\/wordpress\/wp-content\/uploads\/2023\/10\/Viale-soccorritori-2-768x576.jpg 768w, https:\/\/www.radiopiu.net\/wordpress\/wp-content\/uploads\/2023\/10\/Viale-soccorritori-2.jpg 1200w\" sizes=\"auto, (max-width: 300px) 100vw, 300px\" \/><\/a>\n\t\t\t\t<\/dt><\/dl><br style=\"clear: both\" \/>\n\t\t\t<\/div>\n\n<p>&nbsp;<\/p>\n<p>&nbsp;<\/p>\n<p>********<\/p>\n","protected":false},"excerpt":{"rendered":"<p>LONGARONE \u00abQuando finisce la notte?\u00bb \u00c8 la domanda di un rabbino ai suoi allievi, riportata nell\u2019omelia di don Rinaldo Ottone &#8211; durante la messa in suffragio delle vittime del Vajont e per celebrare tutti coloro che hanno collaborato nei giorni immediatamente successivi alla catastrofe &#8211; ad aprire la Giornata del Soccorritore. Una giornata che Longarone&hellip;<\/p>\n","protected":false},"author":4,"featured_media":355985,"comment_status":"closed","ping_status":"closed","sticky":false,"template":"","format":"standard","meta":{"_monsterinsights_skip_tracking":false,"_monsterinsights_sitenote_active":false,"_monsterinsights_sitenote_note":"","_monsterinsights_sitenote_category":0,"footnotes":""},"categories":[104,49],"tags":[],"class_list":["post-355980","post","type-post","status-publish","format-standard","has-post-thumbnail","hentry","category-evidenza_3","category-news-18","category-104","category-49","description-off"],"img_url":"https:\/\/www.radiopiu.net\/wordpress\/wp-content\/uploads\/2023\/10\/Viale-soccorritori-1.jpg","_links":{"self":[{"href":"https:\/\/www.radiopiu.net\/wordpress\/wp-json\/wp\/v2\/posts\/355980","targetHints":{"allow":["GET"]}}],"collection":[{"href":"https:\/\/www.radiopiu.net\/wordpress\/wp-json\/wp\/v2\/posts"}],"about":[{"href":"https:\/\/www.radiopiu.net\/wordpress\/wp-json\/wp\/v2\/types\/post"}],"author":[{"embeddable":true,"href":"https:\/\/www.radiopiu.net\/wordpress\/wp-json\/wp\/v2\/users\/4"}],"replies":[{"embeddable":true,"href":"https:\/\/www.radiopiu.net\/wordpress\/wp-json\/wp\/v2\/comments?post=355980"}],"version-history":[{"count":0,"href":"https:\/\/www.radiopiu.net\/wordpress\/wp-json\/wp\/v2\/posts\/355980\/revisions"}],"wp:featuredmedia":[{"embeddable":true,"href":"https:\/\/www.radiopiu.net\/wordpress\/wp-json\/wp\/v2\/media\/355985"}],"wp:attachment":[{"href":"https:\/\/www.radiopiu.net\/wordpress\/wp-json\/wp\/v2\/media?parent=355980"}],"wp:term":[{"taxonomy":"category","embeddable":true,"href":"https:\/\/www.radiopiu.net\/wordpress\/wp-json\/wp\/v2\/categories?post=355980"},{"taxonomy":"post_tag","embeddable":true,"href":"https:\/\/www.radiopiu.net\/wordpress\/wp-json\/wp\/v2\/tags?post=355980"}],"curies":[{"name":"wp","href":"https:\/\/api.w.org\/{rel}","templated":true}]}}