{"id":356039,"date":"2023-10-10T05:30:14","date_gmt":"2023-10-10T03:30:14","guid":{"rendered":"https:\/\/www.radiopiu.net\/wordpress\/?p=356039"},"modified":"2023-10-10T09:20:19","modified_gmt":"2023-10-10T07:20:19","slug":"giornale-radiopiu-10-ottobre-2023-direttore-mirko-mezzacasada-40-anni-25-giugno-1983-25-giugno-2023","status":"publish","type":"post","link":"https:\/\/www.radiopiu.net\/wordpress\/giornale-radiopiu-10-ottobre-2023-direttore-mirko-mezzacasada-40-anni-25-giugno-1983-25-giugno-2023\/","title":{"rendered":"GIORNALE RADIOPIU 10 OTTOBRE 2023 DIRETTORE MIRKO MEZZACASA\u2026DA 40 ANNI 25 GIUGNO 1983-25 GIUGNO 2023"},"content":{"rendered":"<h1 class=\"entry-title photoswipe-wrapper\">40esimo di RADIOPIU\u2026. LA VOCE DELL\u2019EMOZIONE<\/h1>\n<h2><span style=\"color: #ff0000;\">ISCRIVITI AL NOSTRO CANALE\u00a0\u00a0YOUTUBE PER SEGUIRE IN DIRETTA I PRINCIPALI PROGRAMMI DI RADIO PIU\u2019 E LE FUTURE DIRETTE IN ESTERNA. PER ISCRIVERTI\u00a0<a style=\"color: #ff0000;\" href=\"https:\/\/youtube.com\/@radiopiu1527\">CLICCA QUI\u00a0<\/a>E PREMI\u00a0 \u201cIscriviti\u201d\u00a0\u00a0<\/span><b>\u00a0<\/b><\/h2>\n<p><strong>LE NUOVE TRUFFE ON LINE, DIFFIDATE DA QUESTI MESSAGGI, SOPRATTTTO NON RISPONDETE AGLI INVITI TRUFFALDINI SVUOTA CONTI CORRENTI\u00a0<\/strong><\/p>\n\n\t\t\t<style type='text\/css'>\n\t\t\t\t#gallery-1 {\n\t\t\t\t\tmargin: auto;\n\t\t\t\t}\n\t\t\t\t#gallery-1 .gallery-item {\n\t\t\t\t\tfloat: left;\n\t\t\t\t\tmargin-top: 10px;\n\t\t\t\t\ttext-align: center;\n\t\t\t\t\twidth: 50%;\n\t\t\t\t}\n\t\t\t\t#gallery-1 img {\n\t\t\t\t\tborder: 2px solid #cfcfcf;\n\t\t\t\t}\n\t\t\t\t#gallery-1 .gallery-caption {\n\t\t\t\t\tmargin-left: 0;\n\t\t\t\t}\n\t\t\t\t\/* see gallery_shortcode() in wp-includes\/media.php *\/\n\t\t\t<\/style>\n\t\t<div id='gallery-1' class='dt-gallery-container gallery galleryid-356039 gallery-columns-2 gallery-size-thumbnail'><dl class='gallery-item'>\n\t\t\t\t<dt class='gallery-icon portrait'>\n\t\t\t\t\t<a class=\"rollover rollover-zoom dt-pswp-item\" title=\"984db848-5296-4390-8dc5-3ea8383fd281\" data-dt-img-description=\"\" data-large_image_width=\"947\" data-large_image_height=\"2048\"href='https:\/\/www.radiopiu.net\/wordpress\/wp-content\/uploads\/2023\/10\/984db848-5296-4390-8dc5-3ea8383fd281-1.jpg'><img loading=\"lazy\" decoding=\"async\" width=\"150\" height=\"150\" src=\"https:\/\/www.radiopiu.net\/wordpress\/wp-content\/uploads\/2023\/10\/984db848-5296-4390-8dc5-3ea8383fd281-1-150x150.jpg\" class=\"attachment-thumbnail size-thumbnail\" alt=\"\" \/><\/a>\n\t\t\t\t<\/dt><\/dl><dl class='gallery-item'>\n\t\t\t\t<dt class='gallery-icon landscape'>\n\t\t\t\t\t<a class=\"rollover rollover-zoom dt-pswp-item\" title=\"beb97aaa-024c-49dd-a8b2-4f5da067a39a\" data-dt-img-description=\"\" data-large_image_width=\"947\" data-large_image_height=\"542\"href='https:\/\/www.radiopiu.net\/wordpress\/wp-content\/uploads\/2023\/10\/beb97aaa-024c-49dd-a8b2-4f5da067a39a-1.jpg'><img loading=\"lazy\" decoding=\"async\" width=\"150\" height=\"150\" src=\"https:\/\/www.radiopiu.net\/wordpress\/wp-content\/uploads\/2023\/10\/beb97aaa-024c-49dd-a8b2-4f5da067a39a-1-150x150.jpg\" class=\"attachment-thumbnail size-thumbnail\" alt=\"\" \/><\/a>\n\t\t\t\t<\/dt><\/dl><br style=\"clear: both\" \/>\n\t\t\t<\/div>\n\n<p>&nbsp;<\/p>\n<p>&nbsp;<\/p>\n<hr \/>\n<p>&nbsp;<\/p>\n<p>&nbsp;<\/p>\n<h1 class=\"entry-title photoswipe-wrapper\"><a class=\"dt-pswp-item pspw-wrap-ready\" href=\"https:\/\/www.radiopiu.net\/wordpress\/wp-content\/uploads\/2023\/09\/34f4cfc6-e863-46e9-9695-8df44be63421-1.jpg\" data-dt-img-description=\"\" data-large_image_width=\"1200\" data-large_image_height=\"1200\"><img loading=\"lazy\" decoding=\"async\" class=\"wp-image-354561 alignleft\" src=\"https:\/\/www.radiopiu.net\/wordpress\/wp-content\/uploads\/2023\/09\/34f4cfc6-e863-46e9-9695-8df44be63421-1-300x300.jpg\" sizes=\"auto, (max-width: 124px) 100vw, 124px\" srcset=\"https:\/\/www.radiopiu.net\/wordpress\/wp-content\/uploads\/2023\/09\/34f4cfc6-e863-46e9-9695-8df44be63421-1-300x300.jpg 300w, https:\/\/www.radiopiu.net\/wordpress\/wp-content\/uploads\/2023\/09\/34f4cfc6-e863-46e9-9695-8df44be63421-1-1024x1024.jpg 1024w, https:\/\/www.radiopiu.net\/wordpress\/wp-content\/uploads\/2023\/09\/34f4cfc6-e863-46e9-9695-8df44be63421-1-150x150.jpg 150w, https:\/\/www.radiopiu.net\/wordpress\/wp-content\/uploads\/2023\/09\/34f4cfc6-e863-46e9-9695-8df44be63421-1-768x768.jpg 768w, https:\/\/www.radiopiu.net\/wordpress\/wp-content\/uploads\/2023\/09\/34f4cfc6-e863-46e9-9695-8df44be63421-1.jpg 1200w\" alt=\"\" width=\"124\" height=\"124\" \/><\/a><\/h1>\n<p><span style=\"color: #ff0000;\"><strong>OGGI ALLA RADIO<\/strong> <\/span>alle 7 la rassegna stampa locale flash, per chi la mattina va di fretta e alle 8.05 gli approfondimenti nello storico spazio, in onda da 40 anni, dal 1983 LA RASSEGNA STAMPA LOCALE DI RADIOPIU&#8217;, L&#8217;ORIGINALE.<\/p>\n<p><strong>VOCI RIBELLI<\/strong> con Dafne, oggi la quinta puntata con Alessia Dall&#8217;O alle 10.30 e 1900<br \/>\n<span style=\"color: #0000ff;\">FIERA DEL BESTIAM\u00a0<span style=\"color: #000000;\">Sabato ad Agordo, oggi ne parliamo alla radio con DANIELE GALLIGANI (proloco Agordo) e DAMIANO SOPPELSA, ALLE 13.10<br \/>\n<span style=\"color: #ff00ff;\">GALA&#8217; BOLLICINE<span style=\"color: #000000;\"> Un grande evento con ospiti internazionali al Nof Filo&#8217; di Cencenighe il 22 ottobre, oggi ne parliamo alla radio con Ciccio Oh per Bacco e Morgan Dj, alle 16.30 nell&#8217;approfondimento del pomeriggio&#8230;<\/span><\/span><\/span><\/span><\/p>\n<p>&nbsp;<\/p>\n<p>&nbsp;<\/p>\n<hr \/>\n<p>&nbsp;<\/p>\n<blockquote>\n<h3><a class=\"dt-pswp-item\" href=\"https:\/\/www.radiopiu.net\/wordpress\/wp-content\/uploads\/2021\/10\/9396bbfc-2818-4225-b55d-9a56c39206f1.jpg\" data-dt-img-description=\"\" data-large_image_width=\"1599\" data-large_image_height=\"899\"><img loading=\"lazy\" decoding=\"async\" class=\"wp-image-237486 alignleft\" src=\"https:\/\/www.radiopiu.net\/wordpress\/wp-content\/uploads\/2021\/10\/9396bbfc-2818-4225-b55d-9a56c39206f1-300x169.jpg\" alt=\"\" width=\"249\" height=\"140\" srcset=\"https:\/\/www.radiopiu.net\/wordpress\/wp-content\/uploads\/2021\/10\/9396bbfc-2818-4225-b55d-9a56c39206f1-300x169.jpg 300w, https:\/\/www.radiopiu.net\/wordpress\/wp-content\/uploads\/2021\/10\/9396bbfc-2818-4225-b55d-9a56c39206f1-1024x576.jpg 1024w, https:\/\/www.radiopiu.net\/wordpress\/wp-content\/uploads\/2021\/10\/9396bbfc-2818-4225-b55d-9a56c39206f1-768x432.jpg 768w, https:\/\/www.radiopiu.net\/wordpress\/wp-content\/uploads\/2021\/10\/9396bbfc-2818-4225-b55d-9a56c39206f1-1536x864.jpg 1536w, https:\/\/www.radiopiu.net\/wordpress\/wp-content\/uploads\/2021\/10\/9396bbfc-2818-4225-b55d-9a56c39206f1.jpg 1599w\" sizes=\"auto, (max-width: 249px) 100vw, 249px\" \/><\/a>DOLOMITIBUS&#8230; LA &#8220;MACCHIA NERA&#8221; BELLUNESE. GLI AUTISTI SI SFILANO E PREPARANO LO SCIOPERO.\u00a0 PREVISTA L&#8217;ASTENSIONE DAGLI STRAORDINARI. OGGI SALTERANNO ALTRE 38 CORSE E NESSUN RIMBORSERA&#8217; QUESTI ENNESIMI DISAGI.<\/h3>\n<\/blockquote>\n<p><strong>BELLUNO<\/strong> Forse il 6 novembre. Sar\u00e0 uno sciopero importante, un&#8217;agitazione che mette in risalto i gravi problemi del trasporto pubblico bellunese tra l&#8217;incapacit\u00e0 di chi amministra e chi governa di risolvere una situazione che si trascina da settimane. Un fallimento di idee e programmi con conseguenze pesanti per gli utenti, gi\u00e0 depauperati di risorse famigliari per aumenti che non trovano giustificazioni in un servizio pessimo tra il silenzio dei dirigenti ben protetti nei loro eleganti uffici, ma non \u00e8 escluso che alla prevista manifestazione si uniscano le genti bellunesi decise a chiedere chiarimenti a chi le situazioni critiche non le risolve (mm)<\/p>\n<p>&nbsp;<\/p>\n<p>&nbsp;<\/p>\n<hr \/>\n<p>&nbsp;<\/p>\n<p><img loading=\"lazy\" decoding=\"async\" class=\"alignleft\" src=\"https:\/\/www.radiopiu.net\/wordpress\/wp-content\/uploads\/2022\/05\/download-2.jpg\" width=\"74\" height=\"74\" \/>Gestione Servizi Pubblici informa che ad <strong>AGORDO<\/strong> nelle localit\u00e0 VERAN, CROSTOLIN, PRA GRANDE, COL DI FOGLIA, CASE NAGOL, POLANE E VIA FAION\u00a0 e a <strong>FALCADE<\/strong> nelle localit\u00e0 FALCADE ALTO, VILLOTTA, LA FOCA E VIA MAS DE LE MOLE l&#8217;acqua erogata dall&#8217;acquedotto non \u00e8 potabile e pu\u00f2 essere usata per scopi alimentari SOLO PREVIA bollitura.<\/p>\n<p>&nbsp;<\/p>\n<hr \/>\n<p>&nbsp;<\/p>\n<p>&nbsp;<\/p>\n<blockquote>\n<h3><a class=\"dt-pswp-item\" href=\"https:\/\/www.radiopiu.net\/wordpress\/wp-content\/uploads\/2023\/10\/94b6b409-283d-4659-af31-dbe732c85eab.jpg\" data-dt-img-description=\"\" data-large_image_width=\"1024\" data-large_image_height=\"768\"><img loading=\"lazy\" decoding=\"async\" class=\" wp-image-355892 alignleft\" src=\"https:\/\/www.radiopiu.net\/wordpress\/wp-content\/uploads\/2023\/10\/94b6b409-283d-4659-af31-dbe732c85eab-300x225.jpg\" alt=\"\" width=\"235\" height=\"176\" srcset=\"https:\/\/www.radiopiu.net\/wordpress\/wp-content\/uploads\/2023\/10\/94b6b409-283d-4659-af31-dbe732c85eab-300x225.jpg 300w, https:\/\/www.radiopiu.net\/wordpress\/wp-content\/uploads\/2023\/10\/94b6b409-283d-4659-af31-dbe732c85eab-768x576.jpg 768w, https:\/\/www.radiopiu.net\/wordpress\/wp-content\/uploads\/2023\/10\/94b6b409-283d-4659-af31-dbe732c85eab.jpg 1024w\" sizes=\"auto, (max-width: 235px) 100vw, 235px\" \/><\/a>IL GRAZIE DEGLI ALPINI AI 1000 CHE HANNO APPLAUDITO LA FANFARA<\/h3>\n<\/blockquote>\n<p><strong>AGORDO<\/strong>\u00a0 Grazie a tutti dice il colonello Giovanni Da Pra capogruppo degli alpini della Conca Agordina, un grazie per la presenza e il contributo solidale a favore degli alluvionati dell&#8217;Emilia. Gli alpini\u00a0 hanno riportato ad Agordo, dopo 4 anni, i congedati della Fanfara Brigata Cadore.\u00a0\u00a0 Nel pomeriggio in centinaia sul Broi, in serata un migliaio al PalaLuxottica.\u00a0 Il concerto, che rientrava nelle celebrazioni del 60\u00b0 del Vajont, in condivisione con la Provincia di Belluno, \u00e8 stato introdotto da Alessandro Savio<\/p>\n<p>&nbsp;<\/p>\n<p>di GIANNI SANTOMASO<\/p>\n<audio class=\"wp-audio-shortcode\" id=\"audio-356039-1\" preload=\"none\" style=\"width: 100%;\" controls=\"controls\"><source type=\"audio\/mpeg\" src=\"https:\/\/www.radiopiu.net\/wordpress\/wp-content\/uploads\/2023\/10\/gianni-2-fanfara.mp3?_=1\" \/><a href=\"https:\/\/www.radiopiu.net\/wordpress\/wp-content\/uploads\/2023\/10\/gianni-2-fanfara.mp3\">https:\/\/www.radiopiu.net\/wordpress\/wp-content\/uploads\/2023\/10\/gianni-2-fanfara.mp3<\/a><\/audio>\n<p>&nbsp;<\/p>\n<p>&nbsp;<\/p>\n<hr \/>\n<p>&nbsp;<\/p>\n<blockquote>\n<h3>VAJONT, 60 ANNI DOPO, DALLA DIGA DEL VAJONT IL PRESIDENTE DELLA REPUBBLICA SERGIO MATTARELLA<\/h3>\n<p>&nbsp;<\/p>\n<p><img decoding=\"async\" class=\"aligncenter\" src=\"https:\/\/www.radiopiu.net\/wordpress\/wp-content\/uploads\/2023\/10\/Senza-nome-18.png\" \/><\/p><\/blockquote>\n<p><strong>\u00a0<\/strong><\/p>\n<p><strong>AUDIO &#8220;gli atti del Vajont restino qui&#8221;, il Presidente per 2 volte lo ha ribadito, per altrettante volte \u00e8 stato interrotto dagli applausi.<\/strong><\/p>\n<audio class=\"wp-audio-shortcode\" id=\"audio-356039-2\" preload=\"none\" style=\"width: 100%;\" controls=\"controls\"><source type=\"audio\/mpeg\" src=\"https:\/\/www.radiopiu.net\/wordpress\/wp-content\/uploads\/2023\/10\/MATTERELLA-1.mp3?_=2\" \/><a href=\"https:\/\/www.radiopiu.net\/wordpress\/wp-content\/uploads\/2023\/10\/MATTERELLA-1.mp3\">https:\/\/www.radiopiu.net\/wordpress\/wp-content\/uploads\/2023\/10\/MATTERELLA-1.mp3<\/a><\/audio>\n<p>&nbsp;<\/p>\n<p>&nbsp;<\/p>\n<p><a class=\"dt-pswp-item\" href=\"https:\/\/www.radiopiu.net\/wordpress\/wp-content\/uploads\/2023\/10\/22222222222222222222222.png\" data-dt-img-description=\"\" data-large_image_width=\"850\" data-large_image_height=\"465\"><img loading=\"lazy\" decoding=\"async\" class=\"size-medium wp-image-356148 aligncenter\" src=\"https:\/\/www.radiopiu.net\/wordpress\/wp-content\/uploads\/2023\/10\/22222222222222222222222-300x164.png\" alt=\"\" width=\"300\" height=\"164\" srcset=\"https:\/\/www.radiopiu.net\/wordpress\/wp-content\/uploads\/2023\/10\/22222222222222222222222-300x164.png 300w, https:\/\/www.radiopiu.net\/wordpress\/wp-content\/uploads\/2023\/10\/22222222222222222222222-768x420.png 768w, https:\/\/www.radiopiu.net\/wordpress\/wp-content\/uploads\/2023\/10\/22222222222222222222222.png 850w\" sizes=\"auto, (max-width: 300px) 100vw, 300px\" \/>\u00a0<\/a><\/p>\n<p>&nbsp;<\/p>\n<p><strong>IL PRESIDENTE DELLA REGIONE LUCA ZAIA<\/strong><\/p>\n<audio class=\"wp-audio-shortcode\" id=\"audio-356039-3\" preload=\"none\" style=\"width: 100%;\" controls=\"controls\"><source type=\"audio\/mpeg\" src=\"https:\/\/www.radiopiu.net\/wordpress\/wp-content\/uploads\/2023\/10\/IAAA1.mp3?_=3\" \/><a href=\"https:\/\/www.radiopiu.net\/wordpress\/wp-content\/uploads\/2023\/10\/IAAA1.mp3\">https:\/\/www.radiopiu.net\/wordpress\/wp-content\/uploads\/2023\/10\/IAAA1.mp3<\/a><\/audio>\n<p>&nbsp;<\/p>\n<p>&nbsp;<\/p>\n<p><img loading=\"lazy\" decoding=\"async\" class=\"aligncenter\" src=\"https:\/\/www.radiopiu.net\/wordpress\/wp-content\/uploads\/2023\/10\/111111111111111111111111111111.png\" width=\"298\" height=\"179\" \/><\/p>\n<p>&nbsp;<\/p>\n<p><strong>IL PRESIDENTE DELLA CAMERA DI COMMERCIO TREVISO_BELLUNO MARIO POZZA<\/strong><\/p>\n<p><em>&#8220;<\/em><em>\u00c8 stata un&#8217;esperienza profonda e commovente, che mi ha fatto riflettere sulla gravit\u00e0 dell&#8217;evento e quale monito nella storia del nostro paese. <\/em><em>Essere presenti al fianco del Presidente della Repubblica Sergio Mattarella e delle Autorit\u00e0 civili e militari ha amplificato il significato di questa commemorazione. \u00c8 stato un momento di unit\u00e0 nazionale. <\/em><em>La presenza delle scuole \u00e8 stata molto importante. Abbiamo guardato insieme \u2013 <\/em>conclude Pozza<em> &#8211; \u00a0con gli occhi del vissuto e del cambiamento.\u00a0\u00a0<\/em><\/p>\n<p>&nbsp;<\/p>\n<p>&nbsp;<\/p>\n<blockquote class=\"wp-embedded-content\" data-secret=\"Sn8jlB9c05\"><p><a href=\"https:\/\/www.radiopiu.net\/wordpress\/giornata-di-commemorazione-a-longarone-il-presidente-mattarella-onora-le-vittime-del-vajont-e-promette-di-preservare-le-carte-processuali-a-belluno\/\">&#8220;Giornata di Commemorazione a Longarone: Il Presidente Mattarella onora le vittime del Vajont e promette di preservare le carte processuali a Belluno&#8221;<\/a><\/p><\/blockquote>\n<p><iframe loading=\"lazy\" class=\"wp-embedded-content\" sandbox=\"allow-scripts\" security=\"restricted\" style=\"position: absolute; clip: rect(1px, 1px, 1px, 1px);\" title=\"&#8220;&#8220;Giornata di Commemorazione a Longarone: Il Presidente Mattarella onora le vittime del Vajont e promette di preservare le carte processuali a Belluno&#8221;&#8221; &#8212; Radio Pi\u00f9\" src=\"https:\/\/www.radiopiu.net\/wordpress\/giornata-di-commemorazione-a-longarone-il-presidente-mattarella-onora-le-vittime-del-vajont-e-promette-di-preservare-le-carte-processuali-a-belluno\/embed\/#?secret=FpHLyt7WLI#?secret=Sn8jlB9c05\" data-secret=\"Sn8jlB9c05\" width=\"600\" height=\"338\" frameborder=\"0\" marginwidth=\"0\" marginheight=\"0\" scrolling=\"no\"><\/iframe><\/p>\n<p>&nbsp;<\/p>\n<p>&nbsp;<\/p>\n<hr \/>\n<p>&nbsp;<\/p>\n<blockquote>\n<h3>DAL TG DI ANTENNA 3 (OGNI SERA ALLE 19.30 SUL CANALE 10 DEL DIGITALE TERRESTRE) IL SERVIZIO DI CHRISTIAN ARBOIT.<br \/>\nOgni sera alle 19.03 le anticipazioni alla RADIO.<\/h3>\n<\/blockquote>\n<p>Intervistati ROBERTO PADRIN (Sindaco di Longarone), LORENZO FONTANA (Presidente Camera dei deputati), PIERMARCO TOVANELLA (Superstite) (Servizio di Cristian Arboit) &#8211; Segui Antenna Tre anche sul digitale terrestre! Visita il sito www.antennatre.it<\/p>\n<p><iframe loading=\"lazy\" title=\"MATTARELLA IN CIMITERO A FORTOGNA, LA COMMOZIONE DEI SUPERSTITI  | 09\/10\/2023\" width=\"1200\" height=\"675\" src=\"https:\/\/www.youtube.com\/embed\/29QisZ1CH7M?start=2&#038;feature=oembed\" frameborder=\"0\" allow=\"accelerometer; autoplay; clipboard-write; encrypted-media; gyroscope; picture-in-picture; web-share\" allowfullscreen><\/iframe><\/p>\n<p>&nbsp;<\/p>\n<p>&nbsp;<\/p>\n<hr \/>\n<p>&nbsp;<\/p>\n<blockquote>\n<h3>UNA LEZIONE SUL VAJONT ALL&#8217;ISTITUTO FOLLADOR DE ROSSI DI AGORDO<\/h3>\n<\/blockquote>\n<p><strong>AGORDO<\/strong> In occasione dell&#8217;anniversario della tragedia del Vajont, le classi quinte dell&#8217;Istituto Follador De Rossi di Agordo sono riunite per una lezione speciale sul Vajont a cura del professor Danilo Giordano<\/p>\n<p><strong>LA DIRETTA RADIO PIU&#8217;<\/strong><\/p>\n<p><iframe loading=\"lazy\" title=\"Agordo Follador\" width=\"1200\" height=\"675\" src=\"https:\/\/www.youtube.com\/embed\/J2xY6ff0NlU?feature=oembed\" frameborder=\"0\" allow=\"accelerometer; autoplay; clipboard-write; encrypted-media; gyroscope; picture-in-picture; web-share\" allowfullscreen><\/iframe><\/p>\n<p>&nbsp;<\/p>\n<p>&nbsp;<\/p>\n<hr \/>\n<p>&nbsp;<\/p>\n<blockquote>\n<h3>L&#8217;ULTIMA PARTITA DI LONGARONE ARBITRATA DA OVIDIO DA ROIT<\/h3>\n<\/blockquote>\n<p>&nbsp;<\/p>\n<p><strong>REDAZIONE<\/strong> Oggi ci facciamo interpreti dell&#8217;emozione di un figlio e dell&#8217;intera famiglia Da Roit, nel ricordo del caro Ovidio. Ci scrive William <em>&#8220;Walter Matten mi ha appena girato queste foto dove c\u2019\u00e8 ritratto mio padre Ovidio, che ha arbitrato l\u2019ultima partita del Longarone, giocava con una squadra tedesca. Pensa che la sera del disastro lo avevano invitato per vedere la partita di Coppa dei Campioni con loro in un locale proprio a Longarone, la partita finir\u00e0 2 minuti prima che l\u2019ondata arrivasse in paese. Per tutta la vita si ricord\u00f2 a memoria tutti i nomi della formazione di quel giorno del Longarone Calcio&#8221;.<\/em><\/p>\n<p><strong>Foto dal\u00a0 piccolo museo antistante il cimitero monumentale delle vittime del Vajont:\u00a0 la foto dell\u2019ultima partita del Longarone Calcio nel 1963.<\/strong><\/p>\n\n\t\t\t<style type='text\/css'>\n\t\t\t\t#gallery-2 {\n\t\t\t\t\tmargin: auto;\n\t\t\t\t}\n\t\t\t\t#gallery-2 .gallery-item {\n\t\t\t\t\tfloat: left;\n\t\t\t\t\tmargin-top: 10px;\n\t\t\t\t\ttext-align: center;\n\t\t\t\t\twidth: 33%;\n\t\t\t\t}\n\t\t\t\t#gallery-2 img {\n\t\t\t\t\tborder: 2px solid #cfcfcf;\n\t\t\t\t}\n\t\t\t\t#gallery-2 .gallery-caption {\n\t\t\t\t\tmargin-left: 0;\n\t\t\t\t}\n\t\t\t\t\/* see gallery_shortcode() in wp-includes\/media.php *\/\n\t\t\t<\/style>\n\t\t<div id='gallery-2' class='dt-gallery-container gallery galleryid-356039 gallery-columns-3 gallery-size-thumbnail'><dl class='gallery-item'>\n\t\t\t\t<dt class='gallery-icon landscape'>\n\t\t\t\t\t<a class=\"rollover rollover-zoom dt-pswp-item\" title=\"f7e9ee13-d6ad-439c-8c43-6d9de2520920\" data-dt-img-description=\"\" data-large_image_width=\"2048\" data-large_image_height=\"1536\"href='https:\/\/www.radiopiu.net\/wordpress\/wp-content\/uploads\/2023\/10\/f7e9ee13-d6ad-439c-8c43-6d9de2520920.jpg'><img loading=\"lazy\" decoding=\"async\" width=\"150\" height=\"150\" src=\"https:\/\/www.radiopiu.net\/wordpress\/wp-content\/uploads\/2023\/10\/f7e9ee13-d6ad-439c-8c43-6d9de2520920-150x150.jpg\" class=\"attachment-thumbnail size-thumbnail\" alt=\"\" \/><\/a>\n\t\t\t\t<\/dt><\/dl><dl class='gallery-item'>\n\t\t\t\t<dt class='gallery-icon landscape'>\n\t\t\t\t\t<a class=\"rollover rollover-zoom dt-pswp-item\" title=\"william\" data-dt-img-description=\"\" data-large_image_width=\"967\" data-large_image_height=\"578\"href='https:\/\/www.radiopiu.net\/wordpress\/wp-content\/uploads\/2023\/10\/william.png'><img loading=\"lazy\" decoding=\"async\" width=\"150\" height=\"150\" src=\"https:\/\/www.radiopiu.net\/wordpress\/wp-content\/uploads\/2023\/10\/william-150x150.png\" class=\"attachment-thumbnail size-thumbnail\" alt=\"\" \/><\/a>\n\t\t\t\t<\/dt><\/dl><dl class='gallery-item'>\n\t\t\t\t<dt class='gallery-icon landscape'>\n\t\t\t\t\t<a class=\"rollover rollover-zoom dt-pswp-item\" title=\"f47212d1-c8e2-4670-841d-722949d4d792\" data-dt-img-description=\"\" data-large_image_width=\"2048\" data-large_image_height=\"1536\"href='https:\/\/www.radiopiu.net\/wordpress\/wp-content\/uploads\/2023\/10\/f47212d1-c8e2-4670-841d-722949d4d792.jpg'><img loading=\"lazy\" decoding=\"async\" width=\"150\" height=\"150\" src=\"https:\/\/www.radiopiu.net\/wordpress\/wp-content\/uploads\/2023\/10\/f47212d1-c8e2-4670-841d-722949d4d792-150x150.jpg\" class=\"attachment-thumbnail size-thumbnail\" alt=\"\" \/><\/a>\n\t\t\t\t<\/dt><\/dl><br style=\"clear: both\" \/>\n\t\t\t<\/div>\n\n<hr \/>\n<p>&nbsp;<\/p>\n<div class=\"page-title-head hgroup\">\n<blockquote>\n<h3 class=\"entry-title\"><\/h3>\n<h3 class=\"entry-title\">VAJONT \u201cERAVAMO PRONTI PER UN\u2019ESERCITAZIONE NOTTURNA, CI SIAMO RITROVATI NELL\u2019INFERNO DEL VAJONT\u201d<\/h3>\n<\/blockquote>\n<\/div>\n<div class=\"page-title-breadcrumbs\"><\/div>\n<p><strong><img loading=\"lazy\" decoding=\"async\" class=\"alignleft\" src=\"https:\/\/www.radiopiu.net\/wordpress\/wp-content\/uploads\/2021\/10\/VAJONT-GIORNO-DOPO-FOTO-ZANFRON.png\" width=\"236\" height=\"159\" \/>REDAZIONE<\/strong> Non \u00e8 facile superare le emozioni quando rivivendole, anche solo raccontandole agli altri, il nodo in gola ferma la voce. Franco Ganz aveva poco pi\u00f9 di 18 anni nel 1963, marconista a Belluno con gli alpini. Il giorno della tragedia era a Longarone a montare un ponte bayley dove poi moriranno due commilitoni che erano rimasti di guardia durante la notte. Franco, invece, era rientrato in caserma, a letto vestito con la pala sotto il letto e lo zaino a portata di mano perch\u00e9 nella notte era possibile un&#8217;esercitazione. Altro che esercitazione come purtroppo \u00e8 noto.<\/p>\n<p>AUDIO<\/p>\n<p>di mirko mezzacasa<\/p>\n<audio class=\"wp-audio-shortcode\" id=\"audio-356039-4\" preload=\"none\" style=\"width: 100%;\" controls=\"controls\"><source type=\"audio\/mpeg\" src=\"https:\/\/www.radiopiu.net\/wordpress\/wp-content\/uploads\/2023\/10\/franco-g.mp3?_=4\" \/><a href=\"https:\/\/www.radiopiu.net\/wordpress\/wp-content\/uploads\/2023\/10\/franco-g.mp3\">https:\/\/www.radiopiu.net\/wordpress\/wp-content\/uploads\/2023\/10\/franco-g.mp3<\/a><\/audio>\n<p>&nbsp;<\/p>\n<p>&nbsp;<\/p>\n<hr \/>\n<p>&nbsp;<\/p>\n<blockquote>\n<h3>FORSE QUELLA SERA QUALCUNO CANTAVA<\/h3>\n<\/blockquote>\n<p><strong><img loading=\"lazy\" decoding=\"async\" class=\"alignright\" src=\"https:\/\/www.radiopiu.net\/wordpress\/wp-content\/uploads\/2023\/10\/Senza-nome-17.png\" width=\"284\" height=\"137\" \/>BELLUNO<\/strong> Con l\u2019eco dell\u2019 incantevole voce di Alice Bortolini che cantava una ninna nanna struggente si \u00e8 conclusa ieri sera alla Casa delle Arti la rappresentazione teatrale \u201cQualcuno cantava\u201d dedicata al Vajont, tratta dal testo di Marco Paolini, con la regia della nota e sempre valente Daniela Nicosia di Tib teatro. Un numeroso pubblico ha applaudito l\u2019 esibizione di attori e civili soprattutto bellunesi che insieme hanno creativamente messo in scena le fasi sociali e di denuncia di quel tremendo dramma di 60 anni fa, che , come scrive la regista, perch\u00e9 forse quella sera qualcuno cantava, perch\u00e9 quel canto , quella voce non vada smarrita.<\/p>\n<p><strong>AUDIO, BRUNELLA MORO<\/strong><\/p>\n<audio class=\"wp-audio-shortcode\" id=\"audio-356039-5\" preload=\"none\" style=\"width: 100%;\" controls=\"controls\"><source type=\"audio\/mpeg\" src=\"https:\/\/www.radiopiu.net\/wordpress\/wp-content\/uploads\/2023\/10\/BRUNELLA.mp3?_=5\" \/><a href=\"https:\/\/www.radiopiu.net\/wordpress\/wp-content\/uploads\/2023\/10\/BRUNELLA.mp3\">https:\/\/www.radiopiu.net\/wordpress\/wp-content\/uploads\/2023\/10\/BRUNELLA.mp3<\/a><\/audio>\n<p>&nbsp;<\/p>\n<p>&nbsp;<\/p>\n<hr \/>\n<p>&nbsp;<\/p>\n<blockquote>\n<h3>\u00a0NEL RICORDO DI ALTRE STRAGI CRIMINALI<\/h3>\n<\/blockquote>\n<p><em><img loading=\"lazy\" decoding=\"async\" class=\"alignleft\" src=\"https:\/\/www.radiopiu.net\/wordpress\/wp-content\/uploads\/2023\/10\/cdiga01.jpg\" width=\"247\" height=\"174\" \/>Ieri era l&#8217;anniversario della tragedia del Vajont. Da molti giorni i media sono giustamente focalizzati su quanto accade 60 anni fa, per non dimenticare e perch\u00e9 disastri del genere non devono accadere pi\u00f9 ma in pochi citano quanto accadde qualche decennio prima. Probabilmente ogni italiano sa cos&#8217;\u00e8 il Vajont, ne ha letto su articoli di giornale e libri o quantomeno ha visto il film. Se per\u00f2 si nominano la diga di Gleno o quella di Molare, a molti non dicono nulla. Pur essendo avvenimenti pi\u00f9 vecchi (ma neanche di tanto, 1935 e 1923), non andrebbero dimenticati perch\u00e9 le analogie con il Vajont sono tante, nonostante il fatto che in quei casi furono le dighe a cedere e non la montagna sopra. Tutti quanti erano in pratica &#8220;disastri annunciati&#8221; visto che i problemi strutturali o geologici erano gi\u00e0 ben noti ma nulla si fece evitare che interi paesi venissero spazzati via. Anche per quanto avvenne dopo le tragedie vi sono tristi analogie in quanto, nonostante le centinaia di morti, evidentemente si faticava a trovare un colpevole tant&#8217;\u00e8 che non venne condannato praticamente nessuno. Cos\u00ec pochi decenni dopo ci fu il Vajont.<\/em><\/p>\n<p>Emilio Bez<\/p>\n<p><strong>PER NON DIMENTICARE<\/strong><\/p>\n<p>diga Molare, <span style=\"color: #0000ff;\"><strong><a style=\"color: #0000ff;\" href=\"http:\/\/www.molare.net\/disastri_simili\/disastri_gleno.html\">clicca qui\u00a0<\/a><\/strong><\/span><\/p>\n<p>diga Vada <strong><span style=\"color: #0000ff;\"><a style=\"color: #0000ff;\" href=\"https:\/\/www.storiadiovada.it\/crollodiga.html\">clicca qui\u00a0<\/a><\/span><\/strong><\/p>\n<p>&nbsp;<\/p>\n<p>&nbsp;<\/p>\n<hr \/>\n<p>&nbsp;<\/p>\n<blockquote>\n<h3>ALTRE 300 FIRME CONTRO LA DIGA SUL VANOI<\/h3>\n<\/blockquote>\n<p><strong><img loading=\"lazy\" decoding=\"async\" class=\"alignleft\" src=\"https:\/\/www.radiopiu.net\/wordpress\/wp-content\/uploads\/2023\/10\/diga-vanoi.jpg\" width=\"177\" height=\"118\" \/>LAMON<\/strong> Nel weekend che ha preceduto le celebrazioni del sessantesimo anniversario della tragedia del Vajont, il Partito Democratico provinciale \u00e8 sceso in quattro piazze per raccogliere firme contro la diga del Vanoi, 300 firme in una mattina, a cui si aggiungono le quasi 1300 raccolte con la petizione online<\/p>\n<p>&nbsp;<\/p>\n<p>foto, GIORNALETRENTINO.IT<\/p>\n<audio class=\"wp-audio-shortcode\" id=\"audio-356039-6\" preload=\"none\" style=\"width: 100%;\" controls=\"controls\"><source type=\"audio\/mpeg\" src=\"https:\/\/www.radiopiu.net\/wordpress\/wp-content\/uploads\/2023\/10\/Radio-Piu-Servizio-PD-Firme-Vanoi.mp3?_=6\" \/><a href=\"https:\/\/www.radiopiu.net\/wordpress\/wp-content\/uploads\/2023\/10\/Radio-Piu-Servizio-PD-Firme-Vanoi.mp3\">https:\/\/www.radiopiu.net\/wordpress\/wp-content\/uploads\/2023\/10\/Radio-Piu-Servizio-PD-Firme-Vanoi.mp3<\/a><\/audio>\n<p>&nbsp;<\/p>\n<hr \/>\n<p>&nbsp;<\/p>\n<blockquote>\n<h3>INVESTITO SULLE STRISCE PEDONALI, NON E&#8217; IN PERICOLO DI VITA<\/h3>\n<\/blockquote>\n<div class=\"articlePlainText\"><strong>PONTE NELLE ALPI<\/strong>\u00a0 Momenti di apprensione, comunque, ieri sera dopo le 21 a Ponte nelle Alpi, quando un giovane \u00e8 stato centrato in pieno da una vettura, mentre atraversava la strada in Viale Cadore. L&#8217;impatto con l&#8217;Alfa Romeo station wagon \u00e8 stato violento, tanto che una scarpa del pedone \u00e8 finita ad una ventina di metri dal punto di impatto. Dopo la forte preoccupazione dei primi minuti, la situazione si \u00e8 un po&#8217; tranquillizzata, tanto che gli operatori dell&#8217;ambulanza accorsi sul posto lo hanno trasportato cosciente all&#8217;ospedale San Martino di Belluno.<\/div>\n<p>&nbsp;<\/p>\n<hr \/>\n<blockquote>\n<h3><\/h3>\n<h3>CORTINA D\u2019AMPEZZO, INCENDIO BAITA IN LOCALIT\u00c0 CINQUE TORRI<\/h3>\n<\/blockquote>\n<p><strong>CORTINA<\/strong> Intervento dei vigili del fuoco ieri dalle 18, circa, per l\u2019incendio di una baita, in localit\u00e0 Cinque Torri (BL): nessuna persona coinvolta.Al lavoro due squadre del distaccamento permanente di Cortina d\u2019Ampezzo, tre squadre di volontari provenienti da Zoldo e da Arabba, e il carro aria da Belluno per un totale di 22 operatori. Coinvolte dalle fiamme alcune bombole di GPL prelevate e messe in zona sicura dalle squadre sul posto. Fortunatamente\u00a0 la struttura era vuota. La baita \u00e8 andata distrutta, ma solo con la luce del sole potr\u00e0 essere fatta una stima pi\u00f9 precisa dell&#8217;entit\u00e0 dei danni. \u2014<\/p>\n\n\t\t\t<style type='text\/css'>\n\t\t\t\t#gallery-3 {\n\t\t\t\t\tmargin: auto;\n\t\t\t\t}\n\t\t\t\t#gallery-3 .gallery-item {\n\t\t\t\t\tfloat: left;\n\t\t\t\t\tmargin-top: 10px;\n\t\t\t\t\ttext-align: center;\n\t\t\t\t\twidth: 25%;\n\t\t\t\t}\n\t\t\t\t#gallery-3 img {\n\t\t\t\t\tborder: 2px solid #cfcfcf;\n\t\t\t\t}\n\t\t\t\t#gallery-3 .gallery-caption {\n\t\t\t\t\tmargin-left: 0;\n\t\t\t\t}\n\t\t\t\t\/* see gallery_shortcode() in wp-includes\/media.php *\/\n\t\t\t<\/style>\n\t\t<div id='gallery-3' class='dt-gallery-container gallery galleryid-356039 gallery-columns-4 gallery-size-thumbnail'><dl class='gallery-item'>\n\t\t\t\t<dt class='gallery-icon landscape'>\n\t\t\t\t\t<a class=\"rollover rollover-zoom dt-pswp-item\" title=\"a11fe94d-c9ae-4921-b94a-669cb1da09a4\" data-dt-img-description=\"\" data-large_image_width=\"1100\" data-large_image_height=\"720\"href='https:\/\/www.radiopiu.net\/wordpress\/wp-content\/uploads\/2023\/10\/a11fe94d-c9ae-4921-b94a-669cb1da09a4.jpg'><img loading=\"lazy\" decoding=\"async\" width=\"150\" height=\"150\" src=\"https:\/\/www.radiopiu.net\/wordpress\/wp-content\/uploads\/2023\/10\/a11fe94d-c9ae-4921-b94a-669cb1da09a4-150x150.jpg\" class=\"attachment-thumbnail size-thumbnail\" alt=\"\" \/><\/a>\n\t\t\t\t<\/dt><\/dl><dl class='gallery-item'>\n\t\t\t\t<dt class='gallery-icon landscape'>\n\t\t\t\t\t<a class=\"rollover rollover-zoom dt-pswp-item\" title=\"e86c221c-50e3-4786-adc5-c3294813d1e7\" data-dt-img-description=\"\" data-large_image_width=\"1103\" data-large_image_height=\"720\"href='https:\/\/www.radiopiu.net\/wordpress\/wp-content\/uploads\/2023\/10\/e86c221c-50e3-4786-adc5-c3294813d1e7.jpg'><img loading=\"lazy\" decoding=\"async\" width=\"150\" height=\"150\" src=\"https:\/\/www.radiopiu.net\/wordpress\/wp-content\/uploads\/2023\/10\/e86c221c-50e3-4786-adc5-c3294813d1e7-150x150.jpg\" class=\"attachment-thumbnail size-thumbnail\" alt=\"\" \/><\/a>\n\t\t\t\t<\/dt><\/dl><dl class='gallery-item'>\n\t\t\t\t<dt class='gallery-icon landscape'>\n\t\t\t\t\t<a class=\"rollover rollover-zoom dt-pswp-item\" title=\"54670586-5f77-42d8-8245-fffff0178e27\" data-dt-img-description=\"\" data-large_image_width=\"947\" data-large_image_height=\"606\"href='https:\/\/www.radiopiu.net\/wordpress\/wp-content\/uploads\/2023\/10\/54670586-5f77-42d8-8245-fffff0178e27.jpg'><img loading=\"lazy\" decoding=\"async\" width=\"150\" height=\"150\" src=\"https:\/\/www.radiopiu.net\/wordpress\/wp-content\/uploads\/2023\/10\/54670586-5f77-42d8-8245-fffff0178e27-150x150.jpg\" class=\"attachment-thumbnail size-thumbnail\" alt=\"\" \/><\/a>\n\t\t\t\t<\/dt><\/dl><dl class='gallery-item'>\n\t\t\t\t<dt class='gallery-icon landscape'>\n\t\t\t\t\t<a class=\"rollover rollover-zoom dt-pswp-item\" title=\"f06c7c61-0404-4763-984e-6283e96b28cc\" data-dt-img-description=\"\" data-large_image_width=\"720\" data-large_image_height=\"440\"href='https:\/\/www.radiopiu.net\/wordpress\/wp-content\/uploads\/2023\/10\/f06c7c61-0404-4763-984e-6283e96b28cc.jpg'><img loading=\"lazy\" decoding=\"async\" width=\"150\" height=\"150\" src=\"https:\/\/www.radiopiu.net\/wordpress\/wp-content\/uploads\/2023\/10\/f06c7c61-0404-4763-984e-6283e96b28cc-150x150.jpg\" class=\"attachment-thumbnail size-thumbnail\" alt=\"\" \/><\/a>\n\t\t\t\t<\/dt><\/dl><br style=\"clear: both\" \/>\n\t\t\t<\/div>\n\n<p>&nbsp;<\/p>\n<hr \/>\n<p>&nbsp;<\/p>\n<div class=\"page-title-head hgroup\">\n<blockquote>\n<h3 class=\"entry-title\">DUE FERITI NELL\u2019INCIDENTE DI FIAMES<\/h3>\n<\/blockquote>\n<\/div>\n<p><strong>CORTINA <\/strong>\u00a0un&#8217;auto \u00e8 uscita fuori strada autonomamente in zona Fiames a Cortina. Nell&#8217;incidente sono rimaste ferite due persone che sono state prese in cura dal personale del Suem 118. Intervenuti sul posto i Vigili del Fuoco di Cortina e l&#8217;autogru di Belluno per recuperare il mezzo finito nella scarpata. Presenti anche i Carabinieri. Operazioni terminate poco prima della mezzanotte<\/p>\n\n\t\t\t<style type='text\/css'>\n\t\t\t\t#gallery-4 {\n\t\t\t\t\tmargin: auto;\n\t\t\t\t}\n\t\t\t\t#gallery-4 .gallery-item {\n\t\t\t\t\tfloat: left;\n\t\t\t\t\tmargin-top: 10px;\n\t\t\t\t\ttext-align: center;\n\t\t\t\t\twidth: 16%;\n\t\t\t\t}\n\t\t\t\t#gallery-4 img {\n\t\t\t\t\tborder: 2px solid #cfcfcf;\n\t\t\t\t}\n\t\t\t\t#gallery-4 .gallery-caption {\n\t\t\t\t\tmargin-left: 0;\n\t\t\t\t}\n\t\t\t\t\/* see gallery_shortcode() in wp-includes\/media.php *\/\n\t\t\t<\/style>\n\t\t<div id='gallery-4' class='dt-gallery-container gallery galleryid-356039 gallery-columns-6 gallery-size-thumbnail'><dl class='gallery-item'>\n\t\t\t\t<dt class='gallery-icon portrait'>\n\t\t\t\t\t<a class=\"rollover rollover-zoom dt-pswp-item\" title=\"e0f6f5ee-7ff0-4ba5-885b-6617e823be77\" data-dt-img-description=\"\" data-large_image_width=\"960\" data-large_image_height=\"1280\"href='https:\/\/www.radiopiu.net\/wordpress\/wp-content\/uploads\/2023\/10\/e0f6f5ee-7ff0-4ba5-885b-6617e823be77.jpg'><img loading=\"lazy\" decoding=\"async\" width=\"150\" height=\"150\" src=\"https:\/\/www.radiopiu.net\/wordpress\/wp-content\/uploads\/2023\/10\/e0f6f5ee-7ff0-4ba5-885b-6617e823be77-150x150.jpg\" class=\"attachment-thumbnail size-thumbnail\" alt=\"\" \/><\/a>\n\t\t\t\t<\/dt><\/dl><dl class='gallery-item'>\n\t\t\t\t<dt class='gallery-icon portrait'>\n\t\t\t\t\t<a class=\"rollover rollover-zoom dt-pswp-item\" title=\"67f0285c-721a-4dc9-ba37-e45fe0a480f7\" data-dt-img-description=\"\" data-large_image_width=\"960\" data-large_image_height=\"1280\"href='https:\/\/www.radiopiu.net\/wordpress\/wp-content\/uploads\/2023\/10\/67f0285c-721a-4dc9-ba37-e45fe0a480f7.jpg'><img loading=\"lazy\" decoding=\"async\" width=\"150\" height=\"150\" src=\"https:\/\/www.radiopiu.net\/wordpress\/wp-content\/uploads\/2023\/10\/67f0285c-721a-4dc9-ba37-e45fe0a480f7-150x150.jpg\" class=\"attachment-thumbnail size-thumbnail\" alt=\"\" \/><\/a>\n\t\t\t\t<\/dt><\/dl><dl class='gallery-item'>\n\t\t\t\t<dt class='gallery-icon portrait'>\n\t\t\t\t\t<a class=\"rollover rollover-zoom dt-pswp-item\" title=\"87526442-e0be-485f-ac45-aeda3f3329e4\" data-dt-img-description=\"\" data-large_image_width=\"960\" data-large_image_height=\"1280\"href='https:\/\/www.radiopiu.net\/wordpress\/wp-content\/uploads\/2023\/10\/87526442-e0be-485f-ac45-aeda3f3329e4.jpg'><img loading=\"lazy\" decoding=\"async\" width=\"150\" height=\"150\" src=\"https:\/\/www.radiopiu.net\/wordpress\/wp-content\/uploads\/2023\/10\/87526442-e0be-485f-ac45-aeda3f3329e4-150x150.jpg\" class=\"attachment-thumbnail size-thumbnail\" alt=\"\" \/><\/a>\n\t\t\t\t<\/dt><\/dl><dl class='gallery-item'>\n\t\t\t\t<dt class='gallery-icon portrait'>\n\t\t\t\t\t<a class=\"rollover rollover-zoom dt-pswp-item\" title=\"e334b531-7579-4715-9ea5-40367f69cfb9\" data-dt-img-description=\"\" data-large_image_width=\"960\" data-large_image_height=\"1280\"href='https:\/\/www.radiopiu.net\/wordpress\/wp-content\/uploads\/2023\/10\/e334b531-7579-4715-9ea5-40367f69cfb9.jpg'><img loading=\"lazy\" decoding=\"async\" width=\"150\" height=\"150\" src=\"https:\/\/www.radiopiu.net\/wordpress\/wp-content\/uploads\/2023\/10\/e334b531-7579-4715-9ea5-40367f69cfb9-150x150.jpg\" class=\"attachment-thumbnail size-thumbnail\" alt=\"\" \/><\/a>\n\t\t\t\t<\/dt><\/dl><dl class='gallery-item'>\n\t\t\t\t<dt class='gallery-icon portrait'>\n\t\t\t\t\t<a class=\"rollover rollover-zoom dt-pswp-item\" title=\"97193e6d-fc91-451d-ac44-8a34e677991d\" data-dt-img-description=\"\" data-large_image_width=\"960\" data-large_image_height=\"1280\"href='https:\/\/www.radiopiu.net\/wordpress\/wp-content\/uploads\/2023\/10\/97193e6d-fc91-451d-ac44-8a34e677991d.jpg'><img loading=\"lazy\" decoding=\"async\" width=\"150\" height=\"150\" src=\"https:\/\/www.radiopiu.net\/wordpress\/wp-content\/uploads\/2023\/10\/97193e6d-fc91-451d-ac44-8a34e677991d-150x150.jpg\" class=\"attachment-thumbnail size-thumbnail\" alt=\"\" \/><\/a>\n\t\t\t\t<\/dt><\/dl><dl class='gallery-item'>\n\t\t\t\t<dt class='gallery-icon portrait'>\n\t\t\t\t\t<a class=\"rollover rollover-zoom dt-pswp-item\" title=\"7d14d6a7-eff5-4342-ba15-355300cdec17\" data-dt-img-description=\"\" data-large_image_width=\"960\" data-large_image_height=\"1280\"href='https:\/\/www.radiopiu.net\/wordpress\/wp-content\/uploads\/2023\/10\/7d14d6a7-eff5-4342-ba15-355300cdec17.jpg'><img loading=\"lazy\" decoding=\"async\" width=\"150\" height=\"150\" src=\"https:\/\/www.radiopiu.net\/wordpress\/wp-content\/uploads\/2023\/10\/7d14d6a7-eff5-4342-ba15-355300cdec17-150x150.jpg\" class=\"attachment-thumbnail size-thumbnail\" alt=\"\" \/><\/a>\n\t\t\t\t<\/dt><\/dl><br style=\"clear: both\" \/>\n\t\t\t<\/div>\n\n<p>&nbsp;<\/p>\n<p>&nbsp;<\/p>\n<p>&nbsp;<\/p>\n<p>&nbsp;<\/p>\n<hr \/>\n<p>&nbsp;<\/p>\n<h2><strong>GIUDIZIARIA, DALL&#8217;OSSERVATORIO DI GIGI SOSSO (CORRIERE ALPI)\u00a0<\/strong><\/h2>\n<p>&nbsp;<\/p>\n<blockquote>\n<h3>\u00a0PICCHIA LA CONVIVENTE E DENUNCIA LA RAPINA<\/h3>\n<\/blockquote>\n<p><strong>FELTRE<\/strong> Un uomo di 35 anni, con problemi di alcolismo e droga, ha maltrattato la sua compagna e successivamente ha falsamente denunciato una rapina a casa sua. La donna ha presentato una denuncia e potrebbe cercare un risarcimento, mentre le persone ingiustamente accusate non hanno fatto nulla. Uno di loro vive in Giappone, quindi \u00e8 stato difficile notificargli il processo penale. L&#8217;uomo \u00e8 accusato di lesioni aggravate e calunnia. Il processo \u00e8 stato aperto e la prima udienza \u00e8 fissata per l&#8217;8 aprile dell&#8217;anno prossimo.<\/p>\n<p>&nbsp;<\/p>\n<blockquote>\n<h3>L&#8217;UOMO DAL COLTELLO NEL FURGONE<\/h3>\n<\/blockquote>\n<div class=\"articlePlainTitle\"><strong>BELLUNO\u00a0<\/strong> L&#8217;autista a processo per porto illegale di arma, L&#8217;11 febbraio di due anni fa L B stava viaggiando in citt\u00e0\u00a0 con un coltello da 13 centimetri, che \u00e8 stato sequestrato,\u00a0 il processo partir\u00e0 il prossimo 4 aprile.<\/div>\n<div><\/div>\n<blockquote>\n<h3>MOLESTA GLI ALLEVATORI IN DIFESA DI DAISY<\/h3>\n<\/blockquote>\n<p><strong>BELLUNO<\/strong> Daisy la cagnolina portata in un allevamento per l&#8217;accoppiamento non \u00e8 rimasta gravida ed \u00e8 tornata a casa in condizioni critiche. La proprietaria ha tempestato i due allevatori di telefonate sgradevoli e moleste ed \u00e8 andata a finire in tribunale. La decisione del giudice attesa per\u00a0 il\u00a019 ottobre<\/p>\n<p>&nbsp;<\/p>\n<p>&nbsp;<\/p>\n<hr \/>\n<p>&nbsp;<\/p>\n<p>&nbsp;<\/p>\n<blockquote>\n<h3 class=\"articlePlainSubHead\"><a class=\"dt-pswp-item\" href=\"https:\/\/www.radiopiu.net\/wordpress\/wp-content\/uploads\/2023\/10\/0c5cd37f-61bd-433b-861a-a8da6318b3dc.jpg\" data-dt-img-description=\"\" data-large_image_width=\"1654\" data-large_image_height=\"1170\"><img loading=\"lazy\" decoding=\"async\" class=\" wp-image-356230 alignleft\" src=\"https:\/\/www.radiopiu.net\/wordpress\/wp-content\/uploads\/2023\/10\/0c5cd37f-61bd-433b-861a-a8da6318b3dc-300x212.jpg\" alt=\"\" width=\"200\" height=\"141\" srcset=\"https:\/\/www.radiopiu.net\/wordpress\/wp-content\/uploads\/2023\/10\/0c5cd37f-61bd-433b-861a-a8da6318b3dc-300x212.jpg 300w, https:\/\/www.radiopiu.net\/wordpress\/wp-content\/uploads\/2023\/10\/0c5cd37f-61bd-433b-861a-a8da6318b3dc-1024x724.jpg 1024w, https:\/\/www.radiopiu.net\/wordpress\/wp-content\/uploads\/2023\/10\/0c5cd37f-61bd-433b-861a-a8da6318b3dc-768x543.jpg 768w, https:\/\/www.radiopiu.net\/wordpress\/wp-content\/uploads\/2023\/10\/0c5cd37f-61bd-433b-861a-a8da6318b3dc-1536x1087.jpg 1536w, https:\/\/www.radiopiu.net\/wordpress\/wp-content\/uploads\/2023\/10\/0c5cd37f-61bd-433b-861a-a8da6318b3dc.jpg 1654w\" sizes=\"auto, (max-width: 200px) 100vw, 200px\" \/><\/a>C&#8217;ERA UNA VOLTA IN ITALIA AL CENTRO PARROCCHIALE<\/h3>\n<\/blockquote>\n<div class=\"articlePlainText\"><strong>AGORDO <\/strong>\u00abAvevamo una delle migliori sanit\u00e0 del mondo, ma con gli anni \u00e8 stata distrutta\u00bb. Cos\u00ec Federico Greco e Mirko Melchiorre hanno spiegato il titolo che hanno scelto (&#8220;C&#8217;era una volta in Italia&#8221;) per il loro film-inchiesta sulla sanit\u00e0 italiana che verr\u00e0 proiettato anche al Centro parrocchiale di Agordo, sabato alle 20, per iniziativa del Comitato per la salvaguardia della salute Cadore-Agordino (ingresso libero e gratuito). Un film\u00a0 che mette\u00a0 in luce \u00able vere responsabilit\u00e0 locali e globali dell&#8217;attacco alla salute pubblica&#8221;.<\/div>\n<div><\/div>\n<div>DI GIANNI SANTOMASO<\/div>\n<audio class=\"wp-audio-shortcode\" id=\"audio-356039-7\" preload=\"none\" style=\"width: 100%;\" controls=\"controls\"><source type=\"audio\/mpeg\" src=\"https:\/\/www.radiopiu.net\/wordpress\/wp-content\/uploads\/2023\/10\/gianni-1-agordo.mp3?_=7\" \/><a href=\"https:\/\/www.radiopiu.net\/wordpress\/wp-content\/uploads\/2023\/10\/gianni-1-agordo.mp3\">https:\/\/www.radiopiu.net\/wordpress\/wp-content\/uploads\/2023\/10\/gianni-1-agordo.mp3<\/a><\/audio>\n<p>&nbsp;<\/p>\n<hr \/>\n<p>&nbsp;<\/p>\n<blockquote>\n<h3>AL VIA PROGETTO \u201cLUOGHI LETTERARI VENETO\u201d<\/h3>\n<\/blockquote>\n<p><strong>VENEZIA <\/strong>La Regione del Veneto ha avviato il progetto &#8220;Luoghi letterari Veneto&#8221; in collaborazione con l&#8217;Associazione culturale Mediterranea. Questo progetto ha due obiettivi principali: valorizzare i borghi pi\u00f9 belli del Veneto per renderli pi\u00f9 attraenti e promuovere la produzione letteraria di qualit\u00e0. La regione ha una forte tradizione letteraria, con il paesaggio veneto che spesso agisce come protagonista nei romanzi e nei racconti degli scrittori locali. Il Veneto \u00e8 anche una regione in cui la lettura \u00e8 molto apprezzata, con numerosi patti di lettura locali e il titolo di &#8220;Citt\u00e0 che legge&#8221; assegnato a 98 comuni. Unico comune scelto in provincia di Belluno Cibiana di Cadore.<\/p>\n<p>&nbsp;<\/p>\n<p>&nbsp;<\/p>\n<hr \/>\n<p>&nbsp;<\/p>\n<blockquote>\n<h3>LA GIORNATA MONDIALE DELLA VISTA<\/h3>\n<\/blockquote>\n<p><strong>BELLUNO<\/strong> Gioved\u00ec l\u2019Unione Italiana dei Ciechi e degli Ipovedenti ETS di Belluno, coadiuvata dalla locale sezione dell\u2019U.N.I.Vo.C. \u2013 Unione Nazionale Italiana Volontari Pro Ciechi &#8211; e in collaborazione con l\u2019Agenzia Internazionale per la Prevenzione della Cecit\u00e0 IAPB Italia ONLUS, parteciper\u00e0 alla Giornata Mondiale della Vista 2023 con la distribuzione di materiale informativo riguardante la prevenzione. L\u2019Associazione sar\u00e0 presente dalle ore 9.30 alle ore 12.30 in Piazza dei Martiri a Belluno.<\/p>\n<blockquote>\n<h3>\u00a0ALLA FESTA DEL MIELE LETTURE PER BAMBINI<\/h3>\n<\/blockquote>\n<p><strong>LIMANA<\/strong> Sabato &#8220;Letture per bambini&#8221; nell&#8217;ambito della Festa del Miele, iniziativa del Centro Internazionale del Libro Parlato di Feltre Adriano Sernagiotto. Dalle 15.30 presso l&#8217;Ottica 2D, di via Roma, appuntamento per i pi\u00f9 piccoli con merenda offerta da Ottica 2D.<\/p>\n<p>&nbsp;<\/p>\n<p>&nbsp;<\/p>\n<hr \/>\n<p>&nbsp;<\/p>\n<blockquote>\n<h3 class=\"wp-block-heading\"><em>Un\u2019opera di divulgazione che torna sul grande schermo con l\u2019introduzione di Manuel Conedera<\/em><\/h3>\n<\/blockquote>\n<p><a class=\"dt-pswp-item\" href=\"https:\/\/www.radiopiu.net\/wordpress\/wp-content\/uploads\/2023\/09\/6cb03d14-50c0-4391-9537-f6e817a51572.jpg\" data-dt-img-description=\"\" data-large_image_width=\"1132\" data-large_image_height=\"1600\"><img loading=\"lazy\" decoding=\"async\" class=\"size-medium wp-image-354501 alignleft\" src=\"https:\/\/www.radiopiu.net\/wordpress\/wp-content\/uploads\/2023\/09\/6cb03d14-50c0-4391-9537-f6e817a51572-212x300.jpg\" alt=\"\" width=\"212\" height=\"300\" srcset=\"https:\/\/www.radiopiu.net\/wordpress\/wp-content\/uploads\/2023\/09\/6cb03d14-50c0-4391-9537-f6e817a51572-212x300.jpg 212w, https:\/\/www.radiopiu.net\/wordpress\/wp-content\/uploads\/2023\/09\/6cb03d14-50c0-4391-9537-f6e817a51572-724x1024.jpg 724w, https:\/\/www.radiopiu.net\/wordpress\/wp-content\/uploads\/2023\/09\/6cb03d14-50c0-4391-9537-f6e817a51572-768x1086.jpg 768w, https:\/\/www.radiopiu.net\/wordpress\/wp-content\/uploads\/2023\/09\/6cb03d14-50c0-4391-9537-f6e817a51572-1087x1536.jpg 1087w, https:\/\/www.radiopiu.net\/wordpress\/wp-content\/uploads\/2023\/09\/6cb03d14-50c0-4391-9537-f6e817a51572.jpg 1132w\" sizes=\"auto, (max-width: 212px) 100vw, 212px\" \/><\/a><strong>SEDICO<\/strong> A 10 anni dalla sua realizzazione, il Gruppo Speleologico CAI Feltre \u00e8 pronto a riproporre al grande pubblico il DVD dedicato alle affascinanti miniere dell\u2019Alta Valle del Mis. Un\u2019opera di divulgazione che ha saputo conquistare il cuore degli appassionati e che ancora oggi rappresenta una preziosa testimonianza storica. La proiezione di questo avvincente documentario avr\u00e0 luogo sabato 14 Ottobre 2023, presso la suggestiva Sala Conferenze del Polo Culturale di Sedico. Sar\u00e0 l\u2019occasione perfetta per immergersi nelle profondit\u00e0 di un territorio ricco di segreti e scoprire gli intricati labirinti sotterranei che hanno caratterizzato la vita dei minatori di un tempo. La serata sar\u00e0 <a class=\"dt-pswp-item\" href=\"https:\/\/www.radiopiu.net\/wordpress\/wp-content\/uploads\/2023\/10\/MANUEL-CONEDERA.png\" data-dt-img-description=\"\" data-large_image_width=\"328\" data-large_image_height=\"294\"><img loading=\"lazy\" decoding=\"async\" class=\" wp-image-356168 alignright\" src=\"https:\/\/www.radiopiu.net\/wordpress\/wp-content\/uploads\/2023\/10\/MANUEL-CONEDERA-300x269.png\" alt=\"\" width=\"244\" height=\"219\" srcset=\"https:\/\/www.radiopiu.net\/wordpress\/wp-content\/uploads\/2023\/10\/MANUEL-CONEDERA-300x269.png 300w, https:\/\/www.radiopiu.net\/wordpress\/wp-content\/uploads\/2023\/10\/MANUEL-CONEDERA.png 328w\" sizes=\"auto, (max-width: 244px) 100vw, 244px\" \/><\/a>impreziosita dall\u2019introduzione a cura di Manuel Conedera (foto). Grazie alla sua competenza e passione, i presenti avranno l\u2019opportunit\u00e0 di approfondire gli aspetti pi\u00f9 affascinanti di questa realt\u00e0 storica, svelando dettagli e curiosit\u00e0 che rendono unica l\u2019esperienza di esplorazione. Il Gruppo Speleologico CAI Feltre si fa promotore di questa iniziativa con l\u2019obiettivo di diffondere la conoscenza di un patrimonio culturale e naturale di inestimabile valore. Attraverso il cinema, infatti, si potr\u00e0 rivivere l\u2019emozione di chi, armato di coraggio, si addentrava nei meandri delle miniere per estrarre le ricchezze sotterranee. L\u2019appuntamento \u00e8 quindi fissato per sabato 14 Ottobre 2023, un\u2019opportunit\u00e0 da non perdere per tutti coloro che desiderano immergersi nella storia di una terra dalle mille sfaccettature. Il Gruppo Speleologico CAI Feltre vi aspetta numerosi per questa serata dedicata alle miniere dell\u2019Alta Valle del Mis, un viaggio indimenticabile nel cuore della nostra storia.<\/p>\n<p>&nbsp;<\/p>\n<hr \/>\n<p>&nbsp;<\/p>\n<h2><span style=\"color: #ff6600;\">IERI ALLA RADIO<\/span><\/h2>\n<h2><span style=\"color: #808000;\">PERITI MINERARI DALL\u2019AGORDINO AL MONDO<\/span><\/h2>\n<p><strong>REDAZIONE<\/strong> Continua la serie di racconti con i periti minerari agordini. Oggi l&#8217;intervista a Maurizio Facchin. I racconti dei periti minerari agordini che hanno lavorato nel mondo, ogni luned\u00ec alle 10:30 e alle 19 su Radio Pi\u00f9.<\/p>\n<p><iframe loading=\"lazy\" title=\"MAURIZIO FACCHIN\" width=\"1200\" height=\"675\" src=\"https:\/\/www.youtube.com\/embed\/PcRYHks88xw?feature=oembed\" frameborder=\"0\" allow=\"accelerometer; autoplay; clipboard-write; encrypted-media; gyroscope; picture-in-picture; web-share\" allowfullscreen><\/iframe><\/p>\n<p>&nbsp;<\/p>\n<p>&nbsp;<\/p>\n<hr \/>\n<p>&nbsp;<\/p>\n<blockquote>\n<h3>\u00a0ANCHE L&#8217;AUSER AI CICCHETTI DI BES<\/h3>\n<\/blockquote>\n<p><strong>BELLUNO\u00a0<\/strong> \u00a0La bella iniziativa dell\u2019Associazione \u201cCortivi aperti Bes\u201d. Nove le postazioni allestite, ognuna con la sua specialit\u00e0 enogastronomica, poste lungo un percorso e l\u2019associazione Auser \u201cAl Cortivo\u201d, presentava due tavoli imbanditi<br \/>\ncon una variet\u00e0 di torte, biscotti, strudel e bevande assortite, che hanno riscosso l\u2019apprezzamento dei partecipanti all\u2019iniziativa. Nonostante la quantit\u00e0 di dolci preparati dai Soci del Circolo, non \u00e8 stato necessario attendere la mezzanotte per veder esauriti i vassoi. Una iniziativa apprezzata e senz\u2019altro da ripetere.<\/p>\n<p><a class=\"dt-pswp-item\" href=\"https:\/\/www.radiopiu.net\/wordpress\/wp-content\/uploads\/2023\/10\/auser-belluno.png\" data-dt-img-description=\"\" data-large_image_width=\"361\" data-large_image_height=\"251\"><img loading=\"lazy\" decoding=\"async\" class=\"size-medium wp-image-356174 aligncenter\" src=\"https:\/\/www.radiopiu.net\/wordpress\/wp-content\/uploads\/2023\/10\/auser-belluno-300x209.png\" alt=\"\" width=\"300\" height=\"209\" srcset=\"https:\/\/www.radiopiu.net\/wordpress\/wp-content\/uploads\/2023\/10\/auser-belluno-300x209.png 300w, https:\/\/www.radiopiu.net\/wordpress\/wp-content\/uploads\/2023\/10\/auser-belluno.png 361w\" sizes=\"auto, (max-width: 300px) 100vw, 300px\" \/><\/a><\/p>\n<p>&nbsp;<\/p>\n<p>&nbsp;<\/p>\n<hr \/>\n<p>&nbsp;<\/p>\n<p>&nbsp;<\/p>\n<h2><span style=\"color: #33cccc;\">I RACCONTI DI PAOLO SOPPELSA<\/span><\/h2>\n<p><strong>IL CUORE DI NEVE<\/strong><\/p>\n<p><strong>AUDIO<\/strong><\/p>\n<audio class=\"wp-audio-shortcode\" id=\"audio-356039-8\" preload=\"none\" style=\"width: 100%;\" controls=\"controls\"><source type=\"audio\/mpeg\" src=\"https:\/\/www.radiopiu.net\/wordpress\/wp-content\/uploads\/2023\/10\/SOPP-CUORE-NEVE.mp3?_=8\" \/><a href=\"https:\/\/www.radiopiu.net\/wordpress\/wp-content\/uploads\/2023\/10\/SOPP-CUORE-NEVE.mp3\">https:\/\/www.radiopiu.net\/wordpress\/wp-content\/uploads\/2023\/10\/SOPP-CUORE-NEVE.mp3<\/a><\/audio>\n<p>&nbsp;<\/p>\n<p><a class=\"dt-pswp-item\" href=\"https:\/\/www.radiopiu.net\/wordpress\/wp-content\/uploads\/2023\/10\/a430d055-90fc-4ffb-a59f-899510a81e74.jpg\" data-dt-img-description=\"\" data-large_image_width=\"1080\" data-large_image_height=\"810\"><img loading=\"lazy\" decoding=\"async\" class=\" wp-image-356034 alignleft\" src=\"https:\/\/www.radiopiu.net\/wordpress\/wp-content\/uploads\/2023\/10\/a430d055-90fc-4ffb-a59f-899510a81e74-300x225.jpg\" alt=\"\" width=\"176\" height=\"132\" srcset=\"https:\/\/www.radiopiu.net\/wordpress\/wp-content\/uploads\/2023\/10\/a430d055-90fc-4ffb-a59f-899510a81e74-300x225.jpg 300w, https:\/\/www.radiopiu.net\/wordpress\/wp-content\/uploads\/2023\/10\/a430d055-90fc-4ffb-a59f-899510a81e74-1024x768.jpg 1024w, https:\/\/www.radiopiu.net\/wordpress\/wp-content\/uploads\/2023\/10\/a430d055-90fc-4ffb-a59f-899510a81e74-768x576.jpg 768w, https:\/\/www.radiopiu.net\/wordpress\/wp-content\/uploads\/2023\/10\/a430d055-90fc-4ffb-a59f-899510a81e74.jpg 1080w\" sizes=\"auto, (max-width: 176px) 100vw, 176px\" \/><\/a>Era il primo pomeriggio di un giorno gelido e grigio di fine anno, in casa la stufa era rovente e fuori il cielo sembrava promettere neve. Avevo pranzato osservando l&#8217;ombra che poco prima di mezzogiorno si era impadronita della piazza di Cencenighe; sono i giorni, quelli di dicembre, in cui al suonare della campana grande si vive una sorta di eclissi di sole. Sul paese scende improvvisa una penombra di quasi sera quando il sole va trovarsi dietro le due cime dello Spiz di Mezzod\u00ec e poi, verso mezzogiorno e mezzo, la luce riappare come una sorta di alba pomeridiana. Al ritorno del sole ho indossato l&#8217;abbigliamento pesante, caricato al massimo la stufa e poi sono partito; era forte il desiderio di nutrirmi d&#8217;inverno e storie, e per fare ci\u00f2 mi ero dato il tempo del fuoco che si trasforma in brace. A Pradimezzo era ancora pi\u00f9 inverno e il sole aveva gi\u00e0 dato appuntamento per il tardo mattino successivo, e si era alzato anche un vento gelido che penetrava nelle ossa. Lungo la strada sterrata tracce di neve vecchia di un mese si alternavano a chiazze di ghiaia arida e ghiacciata. Tutto era spento in quel bosco avvinto all&#8217;inverno, solo gli abeti vestiti del loro immutabile verde cupo, sembravano insensibili a quel tempo freddo e silente. I larici, invece, mostravano le loro cortecce rugose e i rami spogli e fra i faggi nudi delle loro foglie che ora dormivano sotto la poca neve ghiacciata, si poteva ammirare nitidamente il paese adagiato fra i due torrenti stanchi. Poco pi\u00f9 di venti minuti ed ecco i muri di quelle case che al mattino vedono nascere il sole sopra il Pelsa. Pochi centimetri di neve a ricoprire i tetti sfiniti e le travi piegate dal tempo e dagli inverni, poco lontano il sussurrare monotono del filo d&#8217;acqua che non c&#8217;era che in quei giorni di fine dicembre aveva creato una lucente e appuntita stalattite. I camini tacevano come pure i prati ricoperti da pochi centimetri di neve ghiacciata. Ora anche il sole aveva lasciato il borgo e la vecchia meridiana non segnava pi\u00f9 alcuna ora. Era arrivato il tempo della penombra che avvolgeva gli alberi scheletriti, i muri cadenti e i prati imbiancati che una volta erano fertili campi. Osservavo la casa senza il tetto e vedevo formarsi la brina sulle piastrelle di quella che doveva essere la cucina e poi, guardando i resti del &#8220;larin&#8221;, li immaginavo seduti intorno ad asciugarsi i piedi bagnati e a raccontarsi l&#8217;inverno. Pareva di udire i ferri che rammendavano i calzini e il vociare allegro dei bambini, sembrava di sentire il gran caldo di legna che riscaldava anime e corpi. Pensavo ai silenzi di lass\u00f9 e ai &#8220;diaolin&#8221; sulle dita, alle notti fredde con la neve che brillava alla luce della luna. Ora che il precoce imbrunire stava per scendere sulla valle pensavo al suono del latte che riempiva i &#8220;candoi&#8221;, al fiato delle vacche e alla neve che induriva al gelo della sera. Immaginavo le persone, i camini fumanti, il desiderio di un letto caldo per la notte; avrei voluto salutarli, parlare con loro, ma erano soltanto ombre senza voce in una fredda sera di fine anno. Il cielo iniziava a scurire e il fuoco nella mia stufa era ormai stanco, era giunto il tempo di lasciare quel profondo silenzio e fare ritorno a Cencenighe. Pochi passi in discesa, appena il tempo di raggiungere il primo tornante ed ecco la sorpresa che il villaggio silente ha voluto regalarmi. Sull&#8217;arida e gelida terra della strada un cuore di neve grande poco pi\u00f9 di un palmo; un caso forse, uno scherzo della natura, oppure il saluto che quelle ombre mute avevano voluto rivolgermi. Loro sanno perch\u00e9 vado lass\u00f9, tanti sono stati i nostri dialoghi silenziosi. L&#8217;ho sfiorato quel prezioso cuore di neve, e l&#8217;ho trasformato in ricordo da ricordare per sempre. Era appena arrivato il buio quando sono rientrato a casa, e il fuoco era ormai stanco. Pochi minuti pi\u00f9 tardi ardeva con vigore, riscaldando l&#8217;ennesima mia tranquilla sera agordina.<\/p>\n<p>&nbsp;<\/p>\n<h2><span style=\"color: #800080;\">SALUTE E SOCIETA&#8217;<\/span><\/h2>\n<p><strong><a class=\"dt-pswp-item\" href=\"https:\/\/www.radiopiu.net\/wordpress\/wp-content\/uploads\/2023\/10\/fcbbdc79-4556-795a-662c-ee605ca4c1c2-1.jpg\" data-dt-img-description=\"\" data-large_image_width=\"800\" data-large_image_height=\"445\"><img loading=\"lazy\" decoding=\"async\" class=\" wp-image-356095 alignleft\" src=\"https:\/\/www.radiopiu.net\/wordpress\/wp-content\/uploads\/2023\/10\/fcbbdc79-4556-795a-662c-ee605ca4c1c2-1-300x167.jpg\" alt=\"\" width=\"181\" height=\"101\" srcset=\"https:\/\/www.radiopiu.net\/wordpress\/wp-content\/uploads\/2023\/10\/fcbbdc79-4556-795a-662c-ee605ca4c1c2-1-300x167.jpg 300w, https:\/\/www.radiopiu.net\/wordpress\/wp-content\/uploads\/2023\/10\/fcbbdc79-4556-795a-662c-ee605ca4c1c2-1-768x427.jpg 768w, https:\/\/www.radiopiu.net\/wordpress\/wp-content\/uploads\/2023\/10\/fcbbdc79-4556-795a-662c-ee605ca4c1c2-1.jpg 800w\" sizes=\"auto, (max-width: 181px) 100vw, 181px\" \/><\/a>PUNTATA DEL 09 OTTOBRE<\/strong><\/p>\n<p><strong>Malattie renali\u00a0<\/strong>Nuovi orizzonti nella cura delle malattie renali: terapie innovative e tecnologia rivoluzionano la vita dei pazienti. Ma serve maggiore attenzione alla salute renale. Il punto al 64\u00b0 congresso nazionale della Societ\u00e0 Italiana di Nefrologia. <strong>Neuromielite ottica<\/strong>\u00a0La neuromielite ottica \u00e8 una rara malattia autoimmune che coinvolge il sistema nervoso centrale. Questa malattia era orfana di cure fino a poco tempo fa ma oggi i pazienti hanno nuove opzioni terapeutiche.<\/p>\n<audio class=\"wp-audio-shortcode\" id=\"audio-356039-9\" preload=\"none\" style=\"width: 100%;\" controls=\"controls\"><source type=\"audio\/mpeg\" src=\"https:\/\/www.radiopiu.net\/wordpress\/wp-content\/uploads\/2023\/10\/SALUTE-1.mp3?_=9\" \/><a href=\"https:\/\/www.radiopiu.net\/wordpress\/wp-content\/uploads\/2023\/10\/SALUTE-1.mp3\">https:\/\/www.radiopiu.net\/wordpress\/wp-content\/uploads\/2023\/10\/SALUTE-1.mp3<\/a><\/audio>\n<p>&nbsp;<\/p>\n<h2><span style=\"color: #008000;\">VERSO LA FIERA DEL BESTIAM&#8230;CON FORMAI E VIN<\/span><\/h2>\n<p><a class=\"dt-pswp-item\" href=\"https:\/\/www.radiopiu.net\/wordpress\/wp-content\/uploads\/2023\/10\/Senza-nome-5.png\" data-dt-img-description=\"\" data-large_image_width=\"1005\" data-large_image_height=\"255\"><img loading=\"lazy\" decoding=\"async\" class=\"alignnone wp-image-355323 size-full\" src=\"https:\/\/www.radiopiu.net\/wordpress\/wp-content\/uploads\/2023\/10\/Senza-nome-5.png\" alt=\"\" width=\"1005\" height=\"255\" srcset=\"https:\/\/www.radiopiu.net\/wordpress\/wp-content\/uploads\/2023\/10\/Senza-nome-5.png 1005w, https:\/\/www.radiopiu.net\/wordpress\/wp-content\/uploads\/2023\/10\/Senza-nome-5-300x76.png 300w, https:\/\/www.radiopiu.net\/wordpress\/wp-content\/uploads\/2023\/10\/Senza-nome-5-768x195.png 768w\" sizes=\"auto, (max-width: 1005px) 100vw, 1005px\" \/><\/a><\/p>\n<p>&nbsp;<\/p>\n<p><strong>CON DANIELE GALLIGANI, PRESIDENTE PROLOCO AGORDO &#8211; SECONDA PUNTATA<\/strong><\/p>\n<audio class=\"wp-audio-shortcode\" id=\"audio-356039-10\" preload=\"none\" style=\"width: 100%;\" controls=\"controls\"><source type=\"audio\/mpeg\" src=\"https:\/\/www.radiopiu.net\/wordpress\/wp-content\/uploads\/2023\/10\/DANIELE-2.mp3?_=10\" \/><a href=\"https:\/\/www.radiopiu.net\/wordpress\/wp-content\/uploads\/2023\/10\/DANIELE-2.mp3\">https:\/\/www.radiopiu.net\/wordpress\/wp-content\/uploads\/2023\/10\/DANIELE-2.mp3<\/a><\/audio>\n<p>&nbsp;<\/p>\n<p><strong>LA RACCOLTA <a href=\"https:\/\/www.radiopiu.net\/wordpress\/verso-la-fiera-del-bestiam-con-formai-e-vin-pagina-in-aggiornamento-quotidiano\/\">CLICCA QUI<\/a><\/strong><\/p>\n<p>&nbsp;<\/p>\n<h2><span style=\"color: #ff00ff;\">OGGI COME IERI<\/span><\/h2>\n<p><img decoding=\"async\" class=\"aligncenter\" src=\"https:\/\/www.radiopiu.net\/wordpress\/wp-content\/uploads\/2023\/09\/309000774_10222572118595513_7956305457803922499_n.jpg\" \/><\/p>\n<p>&nbsp;<\/p>\n<p><strong>PUNTATA 8 09 OTTOBRE 2023<\/strong><\/p>\n<audio class=\"wp-audio-shortcode\" id=\"audio-356039-11\" preload=\"none\" style=\"width: 100%;\" controls=\"controls\"><source type=\"audio\/mpeg\" src=\"https:\/\/www.radiopiu.net\/wordpress\/wp-content\/uploads\/2023\/10\/SIBI.mp3?_=11\" \/><a href=\"https:\/\/www.radiopiu.net\/wordpress\/wp-content\/uploads\/2023\/10\/SIBI.mp3\">https:\/\/www.radiopiu.net\/wordpress\/wp-content\/uploads\/2023\/10\/SIBI.mp3<\/a><\/audio>\n<p>&nbsp;<\/p>\n<p><strong>LA RACCOLTA COMPLETA <a href=\"https:\/\/www.radiopiu.net\/wordpress\/alle-nove-oggi-come-ieri-di-e-con-silvia-baldo\/\">CLICCA QUI<\/a><\/strong><\/p>\n<p>&nbsp;<\/p>\n<hr \/>\n<p>&nbsp;<\/p>\n<h2><span style=\"color: #ff0000;\">GLI APPUNTAMENTI DELLA SETTIMANA\u00a0<\/span><\/h2>\n<blockquote>\n<h3>OGGI IL CONCERTO IN PREFETTURA<\/h3>\n<\/blockquote>\n<p><strong>BELLUNO <\/strong>Si apre nel cinquecentesco Palazzo dei Rettori, ospiti della Prefettura di Belluno, lo <em>Scrigno barocco<\/em> di Fabiano Martignago flauto dolce e Angelica Selmo clavicembalo, oggi alle ore 20:30.<\/p>\n<p>&nbsp;<\/p>\n<blockquote>\n<h3>SERE D&#8217;AUTUNNO<\/h3>\n<p><em><strong><a class=\"dt-pswp-item\" href=\"https:\/\/www.radiopiu.net\/wordpress\/wp-content\/uploads\/2023\/09\/Senza-nome-75.png\" data-dt-img-description=\"\" data-large_image_width=\"478\" data-large_image_height=\"179\"><img loading=\"lazy\" decoding=\"async\" class=\"size-medium wp-image-354485 alignleft\" src=\"https:\/\/www.radiopiu.net\/wordpress\/wp-content\/uploads\/2023\/09\/Senza-nome-75-300x112.png\" alt=\"\" width=\"300\" height=\"112\" srcset=\"https:\/\/www.radiopiu.net\/wordpress\/wp-content\/uploads\/2023\/09\/Senza-nome-75-300x112.png 300w, https:\/\/www.radiopiu.net\/wordpress\/wp-content\/uploads\/2023\/09\/Senza-nome-75.png 478w\" sizes=\"auto, (max-width: 300px) 100vw, 300px\" \/><\/a>SERE D&#8217;AUTUNNO, SERATE DI INCONTRI, DIBATTITI, IMMAGINI FILMATI E MULTIVISIONI. AD AGORDO TUTTI I VENERDI DI OTTOBRE, IN SALA DON TAMIS ALLE 20.45, INGRESSO LIBERO. PRESENTA GIANPAOLO SORATROI.\u00a0<\/strong><\/em><\/p>\n<p>Interessante serie di incontri, dibattiti, proiezioni inerenti al mondo della montagna &#8211; ma non solo &#8211; che si svolgono tutti i venerd\u00ec di ottobre nella prestigiosa e capiente Sala don F. Tamis messaci a disposizione per l\u2019occasione dall\u2019Unione Montana Agordina. Nato nel 2007, quest\u2019anno, raggiunge la 15\u00b0 edizione; i temi trattati durante le serate sono diversi tra loro per offrire una visione della montagna a 360\u00b0. Questa edizione \u00e8 dedicata interamente alle donne con quattro ospiti femminili.<\/p><\/blockquote>\n<p><strong>VENERDI 13 OTTOBRE, ALESSANDRA MASI &#8211; ATMOSFERE E VISIONI DI LUOGHI VICINI E LONTANI una fotografa, un percorso emozionale<\/strong><\/p>\n<p>VENERDI 20 OTTOBRE MARIKA FAE&#8217; &#8211; SPORT E MONTAGNA, SCELTA DI VITA Marika, maestra di sci e guida alpina<\/p>\n<p>VENERDI 27 OTTOBRE ANGELIKA RAINER, SOGNI VERTICALI. arrampicando su fantasie divenute realt\u00e0<\/p>\n<p>&nbsp;<\/p>\n<blockquote>\n<h3>DAL 13 AL 15 OTTOBRE RIVA L&#8217;OKTOBERFEST A RIVAMONTE<\/h3>\n<\/blockquote>\n<p><strong><a class=\"dt-pswp-item\" href=\"https:\/\/www.radiopiu.net\/wordpress\/wp-content\/uploads\/2023\/10\/30a2544f-ee8d-4a49-ae09-855f2b5d3400.jpg\" data-dt-img-description=\"\" data-large_image_width=\"1131\" data-large_image_height=\"1600\"><img loading=\"lazy\" decoding=\"async\" class=\" wp-image-355102 alignleft\" src=\"https:\/\/www.radiopiu.net\/wordpress\/wp-content\/uploads\/2023\/10\/30a2544f-ee8d-4a49-ae09-855f2b5d3400-212x300.jpg\" alt=\"\" width=\"136\" height=\"192\" srcset=\"https:\/\/www.radiopiu.net\/wordpress\/wp-content\/uploads\/2023\/10\/30a2544f-ee8d-4a49-ae09-855f2b5d3400-212x300.jpg 212w, https:\/\/www.radiopiu.net\/wordpress\/wp-content\/uploads\/2023\/10\/30a2544f-ee8d-4a49-ae09-855f2b5d3400-724x1024.jpg 724w, https:\/\/www.radiopiu.net\/wordpress\/wp-content\/uploads\/2023\/10\/30a2544f-ee8d-4a49-ae09-855f2b5d3400-768x1086.jpg 768w, https:\/\/www.radiopiu.net\/wordpress\/wp-content\/uploads\/2023\/10\/30a2544f-ee8d-4a49-ae09-855f2b5d3400-1086x1536.jpg 1086w, https:\/\/www.radiopiu.net\/wordpress\/wp-content\/uploads\/2023\/10\/30a2544f-ee8d-4a49-ae09-855f2b5d3400.jpg 1131w\" sizes=\"auto, (max-width: 136px) 100vw, 136px\" \/><\/a>RIVAMONTE<\/strong> Torna &#8220;Riva L&#8217;Oktoberfest&#8221; a Rivamonte. L&#8217;Associazione Pro Loco Rivamonte organizza un fine settimana di festa in stile bavarese sotto al tendone. Si inizia venerd\u00ec 13 ottobre. Alle 18 l&#8217;happy hour, dalle 19 apertura dello stand gastronomico e a seguire musica con Spritz Band. Sabato 14 ottobre apertura del tendone alle 17 e alle 19 al via con i piatti tipici bavaresi. Alla sera &#8220;Suona il Fusto&#8221;, ogni volta che finisce un fusto suona la campana e chi sta aspettando la birra riceve un buono pranzo pi\u00f9 birra per la domenica. Alla sera musica con Koa Quintett e dalla mezzanotte DJ Luca. Domenica 15 dalle 10 apertura del tendone e dimostrazione dei lavori di una volta. Alle 12 pranzo con porchetta allo spiedo e piatti bavaresi. Intrattenimento musicale con Letemar Quintett. E&#8217; gradita la presenza in abito tradizionale tirolese.<\/p>\n<p><span style=\"color: #ff0000;\"><strong>l&#8217;intervista di mirko mezzacasa<\/strong><\/span><\/p>\n<p><strong>PUNTATA 3 OTTOBRE &#8211; OKTOBER FEST . Giacomo Bressan presidente Pro loco Rivamonte.<\/strong><\/p>\n<audio class=\"wp-audio-shortcode\" id=\"audio-356039-12\" preload=\"none\" style=\"width: 100%;\" controls=\"controls\"><source type=\"audio\/mpeg\" src=\"https:\/\/www.radiopiu.net\/wordpress\/wp-content\/uploads\/2023\/10\/GIACOMO-BRESSAN.mp3?_=12\" \/><a href=\"https:\/\/www.radiopiu.net\/wordpress\/wp-content\/uploads\/2023\/10\/GIACOMO-BRESSAN.mp3\">https:\/\/www.radiopiu.net\/wordpress\/wp-content\/uploads\/2023\/10\/GIACOMO-BRESSAN.mp3<\/a><\/audio>\n<p>&nbsp;<\/p>\n<p>&nbsp;<\/p>\n<h2><strong><a class=\"dt-pswp-item\" href=\"https:\/\/www.radiopiu.net\/wordpress\/wp-content\/uploads\/2023\/09\/db8bfdca-6229-438e-95d5-3e4f5f945da0.jpg\" data-dt-img-description=\"\" data-large_image_width=\"1599\" data-large_image_height=\"1187\"><img loading=\"lazy\" decoding=\"async\" class=\" wp-image-354438 alignleft\" src=\"https:\/\/www.radiopiu.net\/wordpress\/wp-content\/uploads\/2023\/09\/db8bfdca-6229-438e-95d5-3e4f5f945da0-300x223.jpg\" alt=\"\" width=\"180\" height=\"134\" srcset=\"https:\/\/www.radiopiu.net\/wordpress\/wp-content\/uploads\/2023\/09\/db8bfdca-6229-438e-95d5-3e4f5f945da0-300x223.jpg 300w, https:\/\/www.radiopiu.net\/wordpress\/wp-content\/uploads\/2023\/09\/db8bfdca-6229-438e-95d5-3e4f5f945da0-1024x760.jpg 1024w, https:\/\/www.radiopiu.net\/wordpress\/wp-content\/uploads\/2023\/09\/db8bfdca-6229-438e-95d5-3e4f5f945da0-768x570.jpg 768w, https:\/\/www.radiopiu.net\/wordpress\/wp-content\/uploads\/2023\/09\/db8bfdca-6229-438e-95d5-3e4f5f945da0-1536x1140.jpg 1536w, https:\/\/www.radiopiu.net\/wordpress\/wp-content\/uploads\/2023\/09\/db8bfdca-6229-438e-95d5-3e4f5f945da0.jpg 1599w\" sizes=\"auto, (max-width: 180px) 100vw, 180px\" \/><\/a><span style=\"color: #339966;\">100 DI QUESTI GIORNI: LA FESTA A VILLA SAN GIUSEPPE DI LIVINALLONGO DEL COL DI LANA<\/span><\/strong><\/h2>\n<p><strong>LIVINALLONGO<\/strong> Grande festa a Villa San Giuseppe di Livinallongo. Sabato 14 ottobre sar\u00e0 un lungo pomeriggio tra cultura, musica e convivialit\u00e0. Ad aprire l&#8217;evento l&#8217;intervista a Manolo, Maurizio Zanolla si racconter\u00e0 al pubblico. Dalle 18 la musica dei Tirataie e alle 19 l&#8217;apricena con piatti tipici.<\/p>\n<p><strong>L&#8217;INTERVISTA ALLA RADIO<\/strong><\/p>\n<audio class=\"wp-audio-shortcode\" id=\"audio-356039-13\" preload=\"none\" style=\"width: 100%;\" controls=\"controls\"><source type=\"audio\/mpeg\" src=\"https:\/\/www.radiopiu.net\/wordpress\/wp-content\/uploads\/2023\/06\/CENTO-DI-QUESTI-GIORNI-14-OTTOBRE.mp3?_=13\" \/><a href=\"https:\/\/www.radiopiu.net\/wordpress\/wp-content\/uploads\/2023\/06\/CENTO-DI-QUESTI-GIORNI-14-OTTOBRE.mp3\">https:\/\/www.radiopiu.net\/wordpress\/wp-content\/uploads\/2023\/06\/CENTO-DI-QUESTI-GIORNI-14-OTTOBRE.mp3<\/a><\/audio>\n<p>&nbsp;<\/p>\n<p>&nbsp;<\/p>\n<h2><span style=\"color: #ff0000;\">PROSSIMAMENTE&#8230;\u00a0 \u00a0<\/span><\/h2>\n<blockquote>\n<h3>GLI APPUNTAMENTI CON LA PRO LOCO CASTIONESE<\/h3>\n<\/blockquote>\n<p><strong><a class=\"dt-pswp-item\" href=\"https:\/\/www.radiopiu.net\/wordpress\/wp-content\/uploads\/2023\/10\/th-1-1.jpg\" data-dt-img-description=\"\" data-large_image_width=\"220\" data-large_image_height=\"165\"><img loading=\"lazy\" decoding=\"async\" class=\" wp-image-355483 alignleft\" src=\"https:\/\/www.radiopiu.net\/wordpress\/wp-content\/uploads\/2023\/10\/th-1-1.jpg\" alt=\"\" width=\"156\" height=\"117\" \/><\/a><\/strong><strong>SABATO 21 OTTOBRE 2023\u00a0 &#8211; BELLUNO A FERRO E FUOCO <\/strong>Terza edizione per la rassegna &#8220;Veneto\u00a0 Spettacoli di Mistero&#8221; promossa dall&#8217;Unpli e sostenuta dalla Regione Veneto, denominata quest&#8217;anno &#8220;Belluno a ferro e fuoco&#8221;. Si parler\u00e0 di ferro, di fuoco, di spade, di santi protettori&#8230; tutto all&#8217;interno della magica cornice del centro storico di Belluno, Citt\u00e0 Splendente. Una passeggiata negli angoli pi\u00f9 suggestivi di Belluno, dove si potranno incontrare mangiafuoco, santi, fabbricanti di spade, dolci fanciulle, commercianti di spade&#8230;.Sette tappe, con partenza dalla meravigliosa Piazza Duomo e ritorno nella suggestiva Piazza delle Erbe dove insieme si potr\u00e0 degustare uno squisito banchetto. Ci saranno cinque gruppi che partiranno in orari diversi: 17.30, 17.50, 18.10, 18.30, 18.50. Durante il tragitto si potr\u00e0 sostare per degustare una prelibata bevanda&#8230; e molte altre sorprese.<\/p>\n<p><strong>DAL 28 OTTOBRE PER 5 APPUNTAMENTI &#8211; RASSEGNA TEATRALE CINQUE VIE\u00a0 &#8211; XIV EDIZIONE<\/strong><strong>, <\/strong><strong>TEATRO SAN GAETANO <\/strong>Cinque spettacoli, cinque percorsi emotivi, cinque vie diverse da attraversare e ad ogni via sentirsi pi\u00f9 \u201cricchi\u201d di prima. Alla XIV edizione &#8220;manteniamo la rotta&#8221; in direzione del teatro &#8220;scomodo&#8221;, per generare emozioni, confronti e riflessioni. 5 Vie tra i sogni di un grande alpinista, tra i pensieri nascosti e troppo spesso malati dei giovani, tra l&#8217;incantevole grazia di un mondo al femminile, tra la visione del male agli occhi di un&#8217;anima candida e tra le seducenti ma terribili azioni di una intramontabile Lady Macbeth.<\/p>\n<p>&nbsp;<\/p>\n<p>GALA&#8217; BOLLICINA, QUARTA EDIZIONE. DOMENICA 22 OTTOBRE DALLE 11 ALLE 17 AL NOF FILO&#8217; DI CENCENIGHE. OSPITE D&#8217;ONORE IL SOMMELIER PLURIPREMIATO, LUCA GARDINI, MIGLIOR SOMMELIER AL MONDO 2020 E OGGI AMBASCIATORE DEL METODO CLASSICO. UN EVENTO &#8220;OH PER BACCO, VINI E SAPORI DELLE DOLOMITI.<br \/>\nGALA&#8217; BOLLICINA, DOMENICA 22 OTTOBRE DALLE 11 ALLE 17 AL NOF FILO&#8217; DI CENCENIGHE: 80 BOLLICINE IN DEGUSTAZIONE, 60 AZIENDE PRESENTI, CICCHETTERIA OH PER BACCO, FINGER FOOD E CUCINA &#8220;COSTA&#8221; (o chiusa, come costicina). diretta su radio piu&#8217; E DALLE 17 ALL&#8217;OH PER BACCO AFTER PARTY CON MORGAN DJ info 348 2779135<\/p>\n<p>&nbsp;<\/p>\n<p><a class=\"dt-pswp-item\" href=\"https:\/\/www.radiopiu.net\/wordpress\/wp-content\/uploads\/2023\/09\/880aa720-47e8-48f2-a5b8-7382d84557b2.jpg\" data-dt-img-description=\"\" data-large_image_width=\"1080\" data-large_image_height=\"1533\"><img loading=\"lazy\" decoding=\"async\" class=\"size-medium wp-image-353010 aligncenter\" src=\"https:\/\/www.radiopiu.net\/wordpress\/wp-content\/uploads\/2023\/09\/880aa720-47e8-48f2-a5b8-7382d84557b2-211x300.jpg\" alt=\"\" width=\"211\" height=\"300\" srcset=\"https:\/\/www.radiopiu.net\/wordpress\/wp-content\/uploads\/2023\/09\/880aa720-47e8-48f2-a5b8-7382d84557b2-211x300.jpg 211w, https:\/\/www.radiopiu.net\/wordpress\/wp-content\/uploads\/2023\/09\/880aa720-47e8-48f2-a5b8-7382d84557b2-721x1024.jpg 721w, https:\/\/www.radiopiu.net\/wordpress\/wp-content\/uploads\/2023\/09\/880aa720-47e8-48f2-a5b8-7382d84557b2-768x1090.jpg 768w, https:\/\/www.radiopiu.net\/wordpress\/wp-content\/uploads\/2023\/09\/880aa720-47e8-48f2-a5b8-7382d84557b2.jpg 1080w\" sizes=\"auto, (max-width: 211px) 100vw, 211px\" \/><\/a><\/p>\n<p>&nbsp;<\/p>\n<hr \/>\n<p>&nbsp;<\/p>\n<div class=\"message spoilers-container\" dir=\"auto\">\n<div class=\"column\">\n<div class=\"message spoilers-container\" dir=\"auto\">\n<div class=\"column\">\n<p><img loading=\"lazy\" decoding=\"async\" class=\"aligncenter wp-image-61954 size-full\" src=\"https:\/\/www.radiopiu.net\/wordpress\/wp-content\/uploads\/2018\/09\/viabilita.jpeg\" sizes=\"auto, (max-width: 800px) 100vw, 800px\" srcset=\"https:\/\/www.radiopiu.net\/wordpress\/wp-content\/uploads\/2018\/09\/viabilita.jpeg 800w, https:\/\/www.radiopiu.net\/wordpress\/wp-content\/uploads\/2018\/09\/viabilita-300x38.jpeg 300w, https:\/\/www.radiopiu.net\/wordpress\/wp-content\/uploads\/2018\/09\/viabilita-768x96.jpeg 768w\" alt=\"\" width=\"800\" height=\"100\" \/><\/p>\n<\/div>\n<\/div>\n<div class=\"message spoilers-container\" dir=\"auto\">\n<div class=\"column\">\n<p>&nbsp;<\/p>\n<\/div>\n<\/div>\n<\/div>\n<\/div>\n<blockquote class=\"wp-embedded-content\" data-secret=\"F2dbXxOcdb\"><p><a href=\"https:\/\/www.radiopiu.net\/wordpress\/viabilita\/\">viabilita<\/a><\/p><\/blockquote>\n<p><iframe loading=\"lazy\" class=\"wp-embedded-content\" sandbox=\"allow-scripts\" security=\"restricted\" style=\"position: absolute; clip: rect(1px, 1px, 1px, 1px);\" title=\"&#8220;viabilita&#8221; &#8212; Radio Pi\u00f9\" src=\"https:\/\/www.radiopiu.net\/wordpress\/viabilita\/embed\/#?secret=afPPm5eLP3#?secret=F2dbXxOcdb\" data-secret=\"F2dbXxOcdb\" width=\"600\" height=\"338\" frameborder=\"0\" marginwidth=\"0\" marginheight=\"0\" scrolling=\"no\"><\/iframe><\/p>\n<div class=\"message spoilers-container\" dir=\"auto\">\n<div class=\"column\">\n<div class=\"message spoilers-container\" dir=\"auto\">\n<div class=\"column\">\n<div>\n<div dir=\"ltr\">\n<div class=\"gmail_quote\">\n<div dir=\"ltr\">\n<div><\/div>\n<div><\/div>\n<div><\/div>\n<\/div>\n<\/div>\n<\/div>\n<\/div>\n<hr \/>\n<p>&nbsp;<\/p>\n<p><a class=\"dt-pswp-item\" href=\"https:\/\/www.radiopiu.net\/wordpress\/wp-content\/uploads\/2018\/09\/WhatsApp-Image-2018-09-20-at-16.04.06.jpeg\" data-dt-img-description=\"\" data-large_image_width=\"800\" data-large_image_height=\"100\"><img loading=\"lazy\" decoding=\"async\" class=\"wp-image-61378 size-full aligncenter\" src=\"https:\/\/www.radiopiu.net\/wordpress\/wp-content\/uploads\/2018\/09\/WhatsApp-Image-2018-09-20-at-16.04.06.jpeg\" alt=\"\" width=\"800\" height=\"100\" srcset=\"https:\/\/www.radiopiu.net\/wordpress\/wp-content\/uploads\/2018\/09\/WhatsApp-Image-2018-09-20-at-16.04.06.jpeg 800w, https:\/\/www.radiopiu.net\/wordpress\/wp-content\/uploads\/2018\/09\/WhatsApp-Image-2018-09-20-at-16.04.06-300x38.jpeg 300w, https:\/\/www.radiopiu.net\/wordpress\/wp-content\/uploads\/2018\/09\/WhatsApp-Image-2018-09-20-at-16.04.06-768x96.jpeg 768w\" sizes=\"auto, (max-width: 800px) 100vw, 800px\" \/><\/a><\/p>\n<\/div>\n<\/div>\n<p>&nbsp;<\/p>\n<\/div>\n<\/div>\n<div id=\"dolomitimeteo_div_testi\"><\/div>\n<p><center><b>OGGI<\/b><\/center><b>Tempo atteso: <\/b>Nella notte nuvolosit\u00e0 medio-alta anche estesa, in attenuazione nel corso del mattino fino a condizioni di tempo buono con diradamento della nuvolosit\u00e0, graduale ritorno del sole e del cielo via via pi\u00f9 sereno.<br \/>\n<b>Precipitazioni: <\/b>Assenti (0%).<br \/>\n<b>Temperature: <\/b>Senza notevoli variazioni; lieve inversione termica mattutina e marcata escursione termica giornaliera nelle valli.<\/p>\n<hr \/>\n<p><center><b>DOMANI<\/b><\/center><b>Tempo atteso: <\/b>Stupenda giornata autunnale con sole e cielo in prevalenza terso, salvo passaggio di qualche banco di cirri. Non escluso locali ed effimere nebbie mattutine in Valbelluna e sull&#8217;altopiano del Cansiglio<br \/>\n<b>Precipitazioni: <\/b>Assenti (0%).<br \/>\n<b>Temperature: <\/b>In generale lieve aumento, salvo locali diminuzione delle minime nelle valli.<\/p>\n<hr \/>\n<p><center><b>GIOVEDI<\/b><\/center>Tempo in prevalenza soleggiato, con ampi tratti di sereno e qualche temporaneo annuvolamento alto stratiforme. Probabile formazione di foschie o locali nebbie mattutine nelle conche prealpine e sugli altopiani, senza escludere qualche banco di nubi basse sulla fascia prealpina. Temperature senza notevoli variazioni.<\/p>\n<hr \/>\n<p><center><b>VENERDI<\/b><\/center>Tempo in prevalenza soleggiato, con ampi tratti di sereno e qualche annuvolamento di tipo alto. Possibile formazione di foschie, locali nebbie o nubi basse nelle valli e conche prealpine nelle ore pi\u00f9 fredde.<\/p>\n<p>&nbsp;<\/p>\n<div class=\"message spoilers-container\" dir=\"auto\">\n<hr \/>\n<p>&nbsp;<\/p>\n<p><img loading=\"lazy\" decoding=\"async\" class=\"wp-image-60761 size-full aligncenter\" src=\"https:\/\/www.radiopiu.net\/wordpress\/wp-content\/uploads\/2018\/09\/sport.jpg\" alt=\"\" width=\"800\" height=\"100\" srcset=\"https:\/\/www.radiopiu.net\/wordpress\/wp-content\/uploads\/2018\/09\/sport.jpg 800w, https:\/\/www.radiopiu.net\/wordpress\/wp-content\/uploads\/2018\/09\/sport-300x38.jpg 300w, https:\/\/www.radiopiu.net\/wordpress\/wp-content\/uploads\/2018\/09\/sport-768x96.jpg 768w\" sizes=\"auto, (max-width: 800px) 100vw, 800px\" \/><\/p>\n<p>&nbsp;<\/p>\n<p><span style=\"color: #0000ff;\"><strong>MOTORI<\/strong><\/span><\/p>\n<blockquote>\n<h3>AL RALLY DEL RUBINETTO OTTIMA PROVA PER L&#8217;EQUIPAGGIO MATTIAZZO &#8211; BEN<\/h3>\n<\/blockquote>\n<p><strong><a class=\"dt-pswp-item\" href=\"https:\/\/www.radiopiu.net\/wordpress\/wp-content\/uploads\/2023\/10\/def46dc5-4898-4a6f-aa03-c0de74e86e0c.jpg\" data-dt-img-description=\"\" data-large_image_width=\"1600\" data-large_image_height=\"900\"><img loading=\"lazy\" decoding=\"async\" class=\" wp-image-356141 alignleft\" src=\"https:\/\/www.radiopiu.net\/wordpress\/wp-content\/uploads\/2023\/10\/def46dc5-4898-4a6f-aa03-c0de74e86e0c-300x169.jpg\" alt=\"\" width=\"238\" height=\"134\" srcset=\"https:\/\/www.radiopiu.net\/wordpress\/wp-content\/uploads\/2023\/10\/def46dc5-4898-4a6f-aa03-c0de74e86e0c-300x169.jpg 300w, https:\/\/www.radiopiu.net\/wordpress\/wp-content\/uploads\/2023\/10\/def46dc5-4898-4a6f-aa03-c0de74e86e0c-1024x576.jpg 1024w, https:\/\/www.radiopiu.net\/wordpress\/wp-content\/uploads\/2023\/10\/def46dc5-4898-4a6f-aa03-c0de74e86e0c-768x432.jpg 768w, https:\/\/www.radiopiu.net\/wordpress\/wp-content\/uploads\/2023\/10\/def46dc5-4898-4a6f-aa03-c0de74e86e0c-1536x864.jpg 1536w, https:\/\/www.radiopiu.net\/wordpress\/wp-content\/uploads\/2023\/10\/def46dc5-4898-4a6f-aa03-c0de74e86e0c.jpg 1600w\" sizes=\"auto, (max-width: 238px) 100vw, 238px\" \/><\/a> <\/strong><\/p>\n<p><strong>\u00a0<\/strong><\/p>\n<p><strong>BIELLA <\/strong>Si \u00e8 svolto nel fine settimana il Rally Del Rubinetto in Piemonte e tra i partecipanti anche l&#8217;equipaggio Mattiazzo &#8211; Ben con una 206 RC. L&#8217;equipaggio, che come navigatore aveva David Ben originario di Agordo, si \u00e8 classificato in prima posizione di classe. Un ottimo risultato.<\/p>\n<p>&nbsp;<\/p>\n<p>&nbsp;<\/p>\n<p><span style=\"color: #0000ff;\"><strong>CORSA IN MONTAGNA<\/strong><\/span><\/p>\n<blockquote>\n<h3>CAGNATI E ZANETTE &#8220;VOLANO&#8221; CON GIOVANNI VIEL<\/h3>\n<\/blockquote>\n<p><strong><a class=\"dt-pswp-item\" href=\"https:\/\/www.radiopiu.net\/wordpress\/wp-content\/uploads\/2023\/10\/th-7.jpg\" data-dt-img-description=\"\" data-large_image_width=\"180\" data-large_image_height=\"180\"><img loading=\"lazy\" decoding=\"async\" class=\"wp-image-356204 alignleft\" src=\"https:\/\/www.radiopiu.net\/wordpress\/wp-content\/uploads\/2023\/10\/th-7-e1696873853480.jpg\" alt=\"\" width=\"102\" height=\"102\" srcset=\"https:\/\/www.radiopiu.net\/wordpress\/wp-content\/uploads\/2023\/10\/th-7-e1696873853480.jpg 180w, https:\/\/www.radiopiu.net\/wordpress\/wp-content\/uploads\/2023\/10\/th-7-e1696873853480-150x150.jpg 150w\" sizes=\"auto, (max-width: 102px) 100vw, 102px\" \/><\/a><\/strong><\/p>\n<p>&nbsp;<\/p>\n<p><strong>PONTE NELLE ALPI<\/strong><\/p>\n<p><strong>DI ROBERTO BONA<\/strong><\/p>\n<audio class=\"wp-audio-shortcode\" id=\"audio-356039-14\" preload=\"none\" style=\"width: 100%;\" controls=\"controls\"><source type=\"audio\/mpeg\" src=\"https:\/\/www.radiopiu.net\/wordpress\/wp-content\/uploads\/2023\/10\/CronoscalataDoladaMemorialGiovanniViel.mp3?_=14\" \/><a href=\"https:\/\/www.radiopiu.net\/wordpress\/wp-content\/uploads\/2023\/10\/CronoscalataDoladaMemorialGiovanniViel.mp3\">https:\/\/www.radiopiu.net\/wordpress\/wp-content\/uploads\/2023\/10\/CronoscalataDoladaMemorialGiovanniViel.mp3<\/a><\/audio>\n<p>&nbsp;<\/p>\n\n\t\t\t<style type='text\/css'>\n\t\t\t\t#gallery-5 {\n\t\t\t\t\tmargin: auto;\n\t\t\t\t}\n\t\t\t\t#gallery-5 .gallery-item {\n\t\t\t\t\tfloat: left;\n\t\t\t\t\tmargin-top: 10px;\n\t\t\t\t\ttext-align: center;\n\t\t\t\t\twidth: 33%;\n\t\t\t\t}\n\t\t\t\t#gallery-5 img {\n\t\t\t\t\tborder: 2px solid #cfcfcf;\n\t\t\t\t}\n\t\t\t\t#gallery-5 .gallery-caption {\n\t\t\t\t\tmargin-left: 0;\n\t\t\t\t}\n\t\t\t\t\/* see gallery_shortcode() in wp-includes\/media.php *\/\n\t\t\t<\/style>\n\t\t<div id='gallery-5' class='dt-gallery-container gallery galleryid-356039 gallery-columns-3 gallery-size-thumbnail'><dl class='gallery-item'>\n\t\t\t\t<dt class='gallery-icon landscape'>\n\t\t\t\t\t<a class=\"rollover rollover-zoom dt-pswp-item\" title=\"1d2420b4-044f-497c-b506-274ea7106277\" data-dt-img-description=\"\" data-large_image_width=\"1080\" data-large_image_height=\"810\"href='https:\/\/www.radiopiu.net\/wordpress\/wp-content\/uploads\/2023\/10\/1d2420b4-044f-497c-b506-274ea7106277.jpg'><img loading=\"lazy\" decoding=\"async\" width=\"150\" height=\"150\" src=\"https:\/\/www.radiopiu.net\/wordpress\/wp-content\/uploads\/2023\/10\/1d2420b4-044f-497c-b506-274ea7106277-150x150.jpg\" class=\"attachment-thumbnail size-thumbnail\" alt=\"\" \/><\/a>\n\t\t\t\t<\/dt><\/dl><dl class='gallery-item'>\n\t\t\t\t<dt class='gallery-icon landscape'>\n\t\t\t\t\t<a class=\"rollover rollover-zoom dt-pswp-item\" title=\"6babcd59-6821-4af7-85cb-2aed8dd3bafb\" data-dt-img-description=\"\" data-large_image_width=\"1080\" data-large_image_height=\"763\"href='https:\/\/www.radiopiu.net\/wordpress\/wp-content\/uploads\/2023\/10\/6babcd59-6821-4af7-85cb-2aed8dd3bafb.jpg'><img loading=\"lazy\" decoding=\"async\" width=\"150\" height=\"150\" src=\"https:\/\/www.radiopiu.net\/wordpress\/wp-content\/uploads\/2023\/10\/6babcd59-6821-4af7-85cb-2aed8dd3bafb-150x150.jpg\" class=\"attachment-thumbnail size-thumbnail\" alt=\"\" \/><\/a>\n\t\t\t\t<\/dt><\/dl><dl class='gallery-item'>\n\t\t\t\t<dt class='gallery-icon portrait'>\n\t\t\t\t\t<a class=\"rollover rollover-zoom dt-pswp-item\" title=\"017010a0-3ba5-49dc-aca9-6087538c84e3\" data-dt-img-description=\"\" data-large_image_width=\"1080\" data-large_image_height=\"1133\"href='https:\/\/www.radiopiu.net\/wordpress\/wp-content\/uploads\/2023\/10\/017010a0-3ba5-49dc-aca9-6087538c84e3.jpg'><img loading=\"lazy\" decoding=\"async\" width=\"150\" height=\"150\" src=\"https:\/\/www.radiopiu.net\/wordpress\/wp-content\/uploads\/2023\/10\/017010a0-3ba5-49dc-aca9-6087538c84e3-150x150.jpg\" class=\"attachment-thumbnail size-thumbnail\" alt=\"\" \/><\/a>\n\t\t\t\t<\/dt><\/dl><br style=\"clear: both\" \/>\n\t\t\t<\/div>\n\n<p>&nbsp;<\/p>\n<p>&nbsp;<\/p>\n<p>&nbsp;<\/p>\n<p>&nbsp;<\/p>\n<\/div>\n","protected":false},"excerpt":{"rendered":"<p>40esimo di RADIOPIU\u2026. LA VOCE DELL\u2019EMOZIONE ISCRIVITI AL NOSTRO CANALE\u00a0\u00a0YOUTUBE PER SEGUIRE IN DIRETTA I PRINCIPALI PROGRAMMI DI RADIO PIU\u2019 E LE FUTURE DIRETTE IN ESTERNA. PER ISCRIVERTI\u00a0CLICCA QUI\u00a0E PREMI\u00a0 \u201cIscriviti\u201d\u00a0\u00a0\u00a0 LE NUOVE TRUFFE ON LINE, DIFFIDATE DA QUESTI MESSAGGI, SOPRATTTTO NON RISPONDETE AGLI INVITI TRUFFALDINI SVUOTA CONTI CORRENTI\u00a0 &nbsp; &nbsp; &nbsp; &nbsp; OGGI ALLA&hellip;<\/p>\n","protected":false},"author":4,"featured_media":356222,"comment_status":"closed","ping_status":"closed","sticky":false,"template":"","format":"standard","meta":{"_monsterinsights_skip_tracking":false,"_monsterinsights_sitenote_active":false,"_monsterinsights_sitenote_note":"","_monsterinsights_sitenote_category":0,"footnotes":""},"categories":[51,86,49],"tags":[],"class_list":["post-356039","post","type-post","status-publish","format-standard","has-post-thumbnail","hentry","category-evidenza-top","category-gr","category-news-18","category-51","category-86","category-49","description-off"],"img_url":"https:\/\/www.radiopiu.net\/wordpress\/wp-content\/uploads\/2023\/10\/Senza-nome-18.png","_links":{"self":[{"href":"https:\/\/www.radiopiu.net\/wordpress\/wp-json\/wp\/v2\/posts\/356039","targetHints":{"allow":["GET"]}}],"collection":[{"href":"https:\/\/www.radiopiu.net\/wordpress\/wp-json\/wp\/v2\/posts"}],"about":[{"href":"https:\/\/www.radiopiu.net\/wordpress\/wp-json\/wp\/v2\/types\/post"}],"author":[{"embeddable":true,"href":"https:\/\/www.radiopiu.net\/wordpress\/wp-json\/wp\/v2\/users\/4"}],"replies":[{"embeddable":true,"href":"https:\/\/www.radiopiu.net\/wordpress\/wp-json\/wp\/v2\/comments?post=356039"}],"version-history":[{"count":0,"href":"https:\/\/www.radiopiu.net\/wordpress\/wp-json\/wp\/v2\/posts\/356039\/revisions"}],"wp:featuredmedia":[{"embeddable":true,"href":"https:\/\/www.radiopiu.net\/wordpress\/wp-json\/wp\/v2\/media\/356222"}],"wp:attachment":[{"href":"https:\/\/www.radiopiu.net\/wordpress\/wp-json\/wp\/v2\/media?parent=356039"}],"wp:term":[{"taxonomy":"category","embeddable":true,"href":"https:\/\/www.radiopiu.net\/wordpress\/wp-json\/wp\/v2\/categories?post=356039"},{"taxonomy":"post_tag","embeddable":true,"href":"https:\/\/www.radiopiu.net\/wordpress\/wp-json\/wp\/v2\/tags?post=356039"}],"curies":[{"name":"wp","href":"https:\/\/api.w.org\/{rel}","templated":true}]}}