{"id":356045,"date":"2023-10-09T05:25:28","date_gmt":"2023-10-09T03:25:28","guid":{"rendered":"https:\/\/www.radiopiu.net\/wordpress\/?p=356045"},"modified":"2023-10-09T05:37:10","modified_gmt":"2023-10-09T03:37:10","slug":"poste-e-dolomitibus-le-macchie-nere-delloperosita-bellunese","status":"publish","type":"post","link":"https:\/\/www.radiopiu.net\/wordpress\/poste-e-dolomitibus-le-macchie-nere-delloperosita-bellunese\/","title":{"rendered":"POSTE E DOLOMITIBUS, LE &#8220;MACCHIE&#8221; NERE DELL&#8217;OPEROSITA&#8217; BELLUNESE."},"content":{"rendered":"<h3><a href=\"https:\/\/www.radiopiu.net\/wordpress\/wp-content\/uploads\/2021\/11\/postman-4183890__340.webp\"><img loading=\"lazy\" decoding=\"async\" class=\"wp-image-242536 alignleft\" src=\"https:\/\/www.radiopiu.net\/wordpress\/wp-content\/uploads\/2021\/11\/postman-4183890__340-300x260.webp\" alt=\"\" width=\"134\" height=\"116\" srcset=\"https:\/\/www.radiopiu.net\/wordpress\/wp-content\/uploads\/2021\/11\/postman-4183890__340-300x260.webp 300w, https:\/\/www.radiopiu.net\/wordpress\/wp-content\/uploads\/2021\/11\/postman-4183890__340.webp 393w\" sizes=\"auto, (max-width: 134px) 100vw, 134px\" \/><\/a>I bellunesi sono abituati ad altro, a farsi apprezzare per il loro impegno, nel privato soprattutto i servizi per valligiani e turisti sono da medaglia d&#8217;oro. Al contrario il pubblico fa acqua da tutte le parti, da vergognarsi agli occhi del resto del Paese. Della Dolomitibus, dei suo dirigenti, dei problemi irrisolti, degli aumenti che hanno messo in difficolt\u00e0 le famiglie, di studenti minorenni appiedati, di navette cancellate nonostante le vagonate d&#8217;euro che arrivano dai lavoratori delle grandi industrie bellunesi ne abbiamo gi\u00e0 parlato ampiamente. Come gi\u00e0 visto anche parlarne non serve a niente tra l&#8217;incapacit\u00e0 di chi \u00e8 chiamato ad amministrare.<br \/>\n<span style=\"color: #ff0000;\">E i servizi postali?<\/span>\u00a0 Ad Agordo disastrosi, la corrispondenza rimane in magazzino, i sindacati protestano (ma le soluzioni non arrivano) e gli avvocati si preparano ad istruire cause ad hoc. Purtroppo tutto questo non \u00e8 nuovo, \u00e8 solamente una catena di problemi anche perch\u00e9 mancano i portalettere<\/h3>\n<p>&nbsp;<\/p>\n<blockquote>\n<h3 class=\"article__title\">Agordo, raccomandate che restano ferme per settimane, anche mesi. La denuncia dei sindacati<\/h3>\n<\/blockquote>\n<h3>AD AGOSTO, DAL TG3 DELLA RAI <span style=\"color: #0000ff;\"><strong><a style=\"color: #0000ff;\" href=\"https:\/\/www.rainews.it\/tgr\/veneto\/video\/2023\/08\/postini-lettere-raccomandate-posta-ritardo-carenza-personale-portalettere-turn-over-agordo-belluno-montagna-fd14b235-ee25-4e31-a99d-d0c9e38e98c7.html?wt_mc=2.social.fb.redtgrveneto_postini-lettere-raccomandate-posta-ritardo-carenza-personale-portalettere-turn-over-agordo-belluno-montagna.&amp;wt&amp;fbclid=IwAR0hmNpkjF18cWQNN3AI4fGj3gVa6n7D1hctN7KmND8uhcMt8hgTXjhu-JM_aem_AViY4nxCyB3KoZHK-2lRxDJCHjiKsgHKaPrsTm5i4pfQAOnKqb7-eCU1Km29AmAbLYc\">CLICCA QUI<\/a><\/strong><\/span><\/h3>\n<p>&nbsp;<\/p>\n<p><strong><a class=\"dt-pswp-item\" href=\"https:\/\/www.radiopiu.net\/wordpress\/wp-content\/uploads\/2023\/07\/53f20951-84db-4f2c-825d-51d7d33b9e61.jpg\" data-dt-img-description=\"\" data-large_image_width=\"338\" data-large_image_height=\"738\"><img loading=\"lazy\" decoding=\"async\" class=\" wp-image-345607 alignleft\" src=\"https:\/\/www.radiopiu.net\/wordpress\/wp-content\/uploads\/2023\/07\/53f20951-84db-4f2c-825d-51d7d33b9e61-137x300.jpg\" alt=\"\" width=\"102\" height=\"223\" srcset=\"https:\/\/www.radiopiu.net\/wordpress\/wp-content\/uploads\/2023\/07\/53f20951-84db-4f2c-825d-51d7d33b9e61-137x300.jpg 137w, https:\/\/www.radiopiu.net\/wordpress\/wp-content\/uploads\/2023\/07\/53f20951-84db-4f2c-825d-51d7d33b9e61.jpg 338w\" sizes=\"auto, (max-width: 102px) 100vw, 102px\" \/><\/a>AGORDO <\/strong>\u00a0 Situazione &#8220;scandalosa&#8221; e se lo dice un addetto ai lavori e s&#8217;alza il coro di protesta dei &#8220;postini&#8221; la situazione \u00e8 davvero preoccupante. In tutta la provincia certo, ma soprattutto nell&#8217;Agordino dove pacchi, raccomandate, atti giudiziari, sono tutti fermi in &#8220;magazzino&#8221; in attesa che il personale (quale personale?) lo porti a destinazione. Intanto le telefonate sono continue, c&#8217;\u00e8 chi attende documenti importanti e non se li vede recapitare. L&#8217;allarme lanciato da Adriano Musolino, segretario provinciale Failp Cisal,\u00a0 \u00a0conferma che\u00a0 la\u00a0 cospicua giacenza di raccomandate \u00e8 causata\u00a0 dalla mancanza di personale. Le colpe dei ritardi non sono certo dei postini, anzi sono loro i primi a preoccuparsi per la marea di documenti in giacenza, perch\u00e9 sono loro che suonano il campanello e ci mettono la faccia.<\/p>\n<p>l&#8217;intervista di Mirko Mezzacasa<\/p>\n<p><strong>AI MICROFONI DI RADIO PIU&#8217; Adriano Musolino (foto), segretario provinciale Failp Cisal eletto Rsu dai lavori provinciali di Poste Italiane lancia l\u2019allarme<\/strong><\/p>\n<audio class=\"wp-audio-shortcode\" id=\"audio-356045-1\" preload=\"none\" style=\"width: 100%;\" controls=\"controls\"><source type=\"audio\/mpeg\" src=\"https:\/\/www.radiopiu.net\/wordpress\/wp-content\/uploads\/2023\/07\/MUSOLINO.mp3?_=1\" \/><a href=\"https:\/\/www.radiopiu.net\/wordpress\/wp-content\/uploads\/2023\/07\/MUSOLINO.mp3\">https:\/\/www.radiopiu.net\/wordpress\/wp-content\/uploads\/2023\/07\/MUSOLINO.mp3<\/a><\/audio>\n<p>&nbsp;<\/p>\n","protected":false},"excerpt":{"rendered":"<p>I bellunesi sono abituati ad altro, a farsi apprezzare per il loro impegno, nel privato soprattutto i servizi per valligiani e turisti sono da medaglia d&#8217;oro. Al contrario il pubblico fa acqua da tutte le parti, da vergognarsi agli occhi del resto del Paese. Della Dolomitibus, dei suo dirigenti, dei problemi irrisolti, degli aumenti che&hellip;<\/p>\n","protected":false},"author":4,"featured_media":245022,"comment_status":"closed","ping_status":"closed","sticky":false,"template":"","format":"standard","meta":{"_monsterinsights_skip_tracking":false,"_monsterinsights_sitenote_active":false,"_monsterinsights_sitenote_note":"","_monsterinsights_sitenote_category":0,"footnotes":""},"categories":[104,49],"tags":[],"class_list":["post-356045","post","type-post","status-publish","format-standard","has-post-thumbnail","hentry","category-evidenza_3","category-news-18","category-104","category-49","description-off"],"img_url":"https:\/\/www.radiopiu.net\/wordpress\/wp-content\/uploads\/2021\/11\/20211125_111618-1-scaled.jpg","_links":{"self":[{"href":"https:\/\/www.radiopiu.net\/wordpress\/wp-json\/wp\/v2\/posts\/356045","targetHints":{"allow":["GET"]}}],"collection":[{"href":"https:\/\/www.radiopiu.net\/wordpress\/wp-json\/wp\/v2\/posts"}],"about":[{"href":"https:\/\/www.radiopiu.net\/wordpress\/wp-json\/wp\/v2\/types\/post"}],"author":[{"embeddable":true,"href":"https:\/\/www.radiopiu.net\/wordpress\/wp-json\/wp\/v2\/users\/4"}],"replies":[{"embeddable":true,"href":"https:\/\/www.radiopiu.net\/wordpress\/wp-json\/wp\/v2\/comments?post=356045"}],"version-history":[{"count":0,"href":"https:\/\/www.radiopiu.net\/wordpress\/wp-json\/wp\/v2\/posts\/356045\/revisions"}],"wp:featuredmedia":[{"embeddable":true,"href":"https:\/\/www.radiopiu.net\/wordpress\/wp-json\/wp\/v2\/media\/245022"}],"wp:attachment":[{"href":"https:\/\/www.radiopiu.net\/wordpress\/wp-json\/wp\/v2\/media?parent=356045"}],"wp:term":[{"taxonomy":"category","embeddable":true,"href":"https:\/\/www.radiopiu.net\/wordpress\/wp-json\/wp\/v2\/categories?post=356045"},{"taxonomy":"post_tag","embeddable":true,"href":"https:\/\/www.radiopiu.net\/wordpress\/wp-json\/wp\/v2\/tags?post=356045"}],"curies":[{"name":"wp","href":"https:\/\/api.w.org\/{rel}","templated":true}]}}