{"id":356054,"date":"2023-10-09T06:25:37","date_gmt":"2023-10-09T04:25:37","guid":{"rendered":"https:\/\/www.radiopiu.net\/wordpress\/?p=356054"},"modified":"2023-10-09T07:54:09","modified_gmt":"2023-10-09T05:54:09","slug":"parcheggi-in-luxottica-in-area-camper-sanzioni-e-polemiche","status":"publish","type":"post","link":"https:\/\/www.radiopiu.net\/wordpress\/parcheggi-in-luxottica-in-area-camper-sanzioni-e-polemiche\/","title":{"rendered":"PARCHEGGI IN LUXOTTICA IN AREA CAMPER SANZIONI E POLEMICHE."},"content":{"rendered":"<p><strong>AGORDO<\/strong> Gian Luca Galvanio, gi\u00e0 impegnato nel gruppo trasporti Uiltec Luxottica porta all&#8217;attenzione degli ascoltatori di Radio Pi\u00f9 quanto successo ad inizio mese in localit\u00e0 Valcozzena. <em>&#8220;L&#8217;area camper, dove sono state comminate la sanzioni &#8211; dice Galvanio &#8211; \u00a0non dovrebbe pi\u00f9 esistere dal dicembre 2019. Con mezzi Dolomitibus con problematiche recenti, credo sia esagerato il continuo salasso. Per onor di cronaca, oggi gioved\u00ec 5 ottobre, come tutti i giorni, ci sono decine di mezzi di ogni genere parcheggiati in divieto e sui marciapiedi&#8221;\u00a0<\/em><\/p>\n<p><strong>ARCHIVIO RADIO PIU 2019<\/strong><\/p>\n<p><a class=\"dt-pswp-item\" href=\"https:\/\/www.radiopiu.net\/wordpress\/wp-content\/uploads\/2023\/10\/f8ef780e-7ece-45b7-b092-4a57eb4e203d-300x225-1.jpg\" data-dt-img-description=\"\" data-large_image_width=\"300\" data-large_image_height=\"225\"><img loading=\"lazy\" decoding=\"async\" class=\"size-full wp-image-356055 alignleft\" src=\"https:\/\/www.radiopiu.net\/wordpress\/wp-content\/uploads\/2023\/10\/f8ef780e-7ece-45b7-b092-4a57eb4e203d-300x225-1.jpg\" alt=\"\" width=\"300\" height=\"225\" \/><\/a>Il Sindaco di Agordo, Roberto Chissal\u00e8, ha incontrato una rappresentanza della commissione trasporti della Rsu Luxottica di Agordo. Un incontro per fare il punto della situazione su trasporti e parcheggi e per valutare dei possibili miglioramenti. Sindacati che hanno fatto presente al primo cittadino che l\u2019area di sosta di Valcozzena dedicata ai camper viene utilizzata poco. Da qui la richiesta di poterla destinare a normale sosta per le automobili. Chissal\u00e8 infatti ha chiarito che l\u2019amministrazione ha intenzione di trasferire il parcheggio dedicato ai camper e rendere disponibile l\u2019area come parcheggio. Si \u00e8 parlato anche di una possibile pista ciclabile che unisca Agordo alla zona industriale. Idea da valutare anche in previsione di una passerella sul torrente Cordevole che comporterebbe dei costi. Infine, la RSU, ha fatto presente che l\u2019area destinata alla fermata degli autobus di fronte alla portineria Luxottica risulta molto pericolosa, specialmente dopo il caso dell\u2019auto terminata sulle sponde del Cordevole nei giorni scorsi. In quel caso sono gi\u00e0 stati installati dei new jersey per evitare si ripeta. Altro nodo al pettine per\u00f2 \u00e8 l\u2019attraversamento della strada da parte di coloro che usano i mezzi pubblici. In questo caso le parti hanno ragionato su come evitare l\u2019attraversamento pedonale al momento dell\u2019arrivo sul posto di lavoro.<\/p>\n<p>&nbsp;<\/p>\n<p>&nbsp;<\/p>\n<p>&#8212;-<\/p>\n","protected":false},"excerpt":{"rendered":"<p>AGORDO Gian Luca Galvanio, gi\u00e0 impegnato nel gruppo trasporti Uiltec Luxottica porta all&#8217;attenzione degli ascoltatori di Radio Pi\u00f9 quanto successo ad inizio mese in localit\u00e0 Valcozzena. &#8220;L&#8217;area camper, dove sono state comminate la sanzioni &#8211; dice Galvanio &#8211; \u00a0non dovrebbe pi\u00f9 esistere dal dicembre 2019. Con mezzi Dolomitibus con problematiche recenti, credo sia esagerato il&hellip;<\/p>\n","protected":false},"author":4,"featured_media":356055,"comment_status":"closed","ping_status":"closed","sticky":false,"template":"","format":"standard","meta":{"_monsterinsights_skip_tracking":false,"_monsterinsights_sitenote_active":false,"_monsterinsights_sitenote_note":"","_monsterinsights_sitenote_category":0,"footnotes":""},"categories":[104,49],"tags":[],"class_list":["post-356054","post","type-post","status-publish","format-standard","has-post-thumbnail","hentry","category-evidenza_3","category-news-18","category-104","category-49","description-off"],"img_url":"https:\/\/www.radiopiu.net\/wordpress\/wp-content\/uploads\/2023\/10\/f8ef780e-7ece-45b7-b092-4a57eb4e203d-300x225-1.jpg","_links":{"self":[{"href":"https:\/\/www.radiopiu.net\/wordpress\/wp-json\/wp\/v2\/posts\/356054","targetHints":{"allow":["GET"]}}],"collection":[{"href":"https:\/\/www.radiopiu.net\/wordpress\/wp-json\/wp\/v2\/posts"}],"about":[{"href":"https:\/\/www.radiopiu.net\/wordpress\/wp-json\/wp\/v2\/types\/post"}],"author":[{"embeddable":true,"href":"https:\/\/www.radiopiu.net\/wordpress\/wp-json\/wp\/v2\/users\/4"}],"replies":[{"embeddable":true,"href":"https:\/\/www.radiopiu.net\/wordpress\/wp-json\/wp\/v2\/comments?post=356054"}],"version-history":[{"count":0,"href":"https:\/\/www.radiopiu.net\/wordpress\/wp-json\/wp\/v2\/posts\/356054\/revisions"}],"wp:featuredmedia":[{"embeddable":true,"href":"https:\/\/www.radiopiu.net\/wordpress\/wp-json\/wp\/v2\/media\/356055"}],"wp:attachment":[{"href":"https:\/\/www.radiopiu.net\/wordpress\/wp-json\/wp\/v2\/media?parent=356054"}],"wp:term":[{"taxonomy":"category","embeddable":true,"href":"https:\/\/www.radiopiu.net\/wordpress\/wp-json\/wp\/v2\/categories?post=356054"},{"taxonomy":"post_tag","embeddable":true,"href":"https:\/\/www.radiopiu.net\/wordpress\/wp-json\/wp\/v2\/tags?post=356054"}],"curies":[{"name":"wp","href":"https:\/\/api.w.org\/{rel}","templated":true}]}}