{"id":356075,"date":"2023-10-09T09:22:44","date_gmt":"2023-10-09T07:22:44","guid":{"rendered":"https:\/\/www.radiopiu.net\/wordpress\/?p=356075"},"modified":"2023-10-09T09:22:44","modified_gmt":"2023-10-09T07:22:44","slug":"dillo-a-radio-piu-nel-giorno-del-vajont-e-nel-ricordo-di-altre-stragi-criminali","status":"publish","type":"post","link":"https:\/\/www.radiopiu.net\/wordpress\/dillo-a-radio-piu-nel-giorno-del-vajont-e-nel-ricordo-di-altre-stragi-criminali\/","title":{"rendered":"DILLO A RADIO PIU&#8217;&#8230; NEL GIORNO DEL VAJONT E NEL RICORDO DI ALTRE STRAGI CRIMINALI"},"content":{"rendered":"<p>Da Emilio Bez riceviamo e volentieri pubblichiamo..<\/p>\n<p>&nbsp;<\/p>\n<p><em><img loading=\"lazy\" decoding=\"async\" class=\"alignleft\" src=\"https:\/\/www.radiopiu.net\/wordpress\/wp-content\/uploads\/2023\/10\/cdiga01.jpg\" width=\"247\" height=\"174\" \/>Oggi \u00e8 l&#8217;anniversario della tragedia del Vajont. Da molti giorni i media sono giustamente focalizzati su quanto accade 60 anni fa, per non dimenticare e perch\u00e9 disastri del genere non devono accadere pi\u00f9 ma in pochi citano quanto accadde qualche decennio prima. Probabilmente ogni italiano sa cos&#8217;\u00e8 il Vajont, ne ha letto su articoli di giornale e libri o quantomeno ha visto il film. Se per\u00f2 si nominano la diga di Gleno o quella di Molare, a molti non dicono nulla. Pur essendo avvenimenti pi\u00f9 vecchi (ma neanche di tanto, 1935 e 1923), non andrebbero dimenticati perch\u00e9 le analogie con il Vajont sono tante, nonostante il fatto che in quei casi furono le dighe a cedere e non la montagna sopra. Tutti quanti erano in pratica &#8220;disastri annunciati&#8221; visto che i problemi strutturali o geologici erano gi\u00e0 ben noti ma nulla si fece evitare che interi paesi venissero spazzati via. Anche per quanto avvenne dopo le tragedie vi sono tristi analogie in quanto, nonostante le centinaia di morti, evidentemente si faticava a trovare un colpevole tant&#8217;\u00e8 che non venne condannato praticamente nessuno. Cos\u00ec pochi decenni dopo ci fu il Vajont.<\/em><\/p>\n<p>Emilio Bez<\/p>\n<p><strong>PER NON DIMENTICARE<\/strong><\/p>\n<p>diga Molare, <span style=\"color: #0000ff;\"><strong><a style=\"color: #0000ff;\" href=\"http:\/\/www.molare.net\/disastri_simili\/disastri_gleno.html\">clicca qui\u00a0<\/a><\/strong><\/span><\/p>\n<p>diga Vada <strong><span style=\"color: #0000ff;\"><a style=\"color: #0000ff;\" href=\"https:\/\/www.storiadiovada.it\/crollodiga.html\">clicca qui\u00a0<\/a><\/span><\/strong><\/p>\n<p>&nbsp;<\/p>\n<hr \/>\n<p>&nbsp;<\/p>\n","protected":false},"excerpt":{"rendered":"<p>Da Emilio Bez riceviamo e volentieri pubblichiamo.. &nbsp; Oggi \u00e8 l&#8217;anniversario della tragedia del Vajont. Da molti giorni i media sono giustamente focalizzati su quanto accade 60 anni fa, per non dimenticare e perch\u00e9 disastri del genere non devono accadere pi\u00f9 ma in pochi citano quanto accadde qualche decennio prima. Probabilmente ogni italiano sa cos&#8217;\u00e8&hellip;<\/p>\n","protected":false},"author":4,"featured_media":356076,"comment_status":"closed","ping_status":"closed","sticky":false,"template":"","format":"standard","meta":{"_monsterinsights_skip_tracking":false,"_monsterinsights_sitenote_active":false,"_monsterinsights_sitenote_note":"","_monsterinsights_sitenote_category":0,"footnotes":""},"categories":[49],"tags":[],"class_list":["post-356075","post","type-post","status-publish","format-standard","has-post-thumbnail","hentry","category-news-18","category-49","description-off"],"img_url":"https:\/\/www.radiopiu.net\/wordpress\/wp-content\/uploads\/2023\/10\/cdiga01.jpg","_links":{"self":[{"href":"https:\/\/www.radiopiu.net\/wordpress\/wp-json\/wp\/v2\/posts\/356075","targetHints":{"allow":["GET"]}}],"collection":[{"href":"https:\/\/www.radiopiu.net\/wordpress\/wp-json\/wp\/v2\/posts"}],"about":[{"href":"https:\/\/www.radiopiu.net\/wordpress\/wp-json\/wp\/v2\/types\/post"}],"author":[{"embeddable":true,"href":"https:\/\/www.radiopiu.net\/wordpress\/wp-json\/wp\/v2\/users\/4"}],"replies":[{"embeddable":true,"href":"https:\/\/www.radiopiu.net\/wordpress\/wp-json\/wp\/v2\/comments?post=356075"}],"version-history":[{"count":0,"href":"https:\/\/www.radiopiu.net\/wordpress\/wp-json\/wp\/v2\/posts\/356075\/revisions"}],"wp:featuredmedia":[{"embeddable":true,"href":"https:\/\/www.radiopiu.net\/wordpress\/wp-json\/wp\/v2\/media\/356076"}],"wp:attachment":[{"href":"https:\/\/www.radiopiu.net\/wordpress\/wp-json\/wp\/v2\/media?parent=356075"}],"wp:term":[{"taxonomy":"category","embeddable":true,"href":"https:\/\/www.radiopiu.net\/wordpress\/wp-json\/wp\/v2\/categories?post=356075"},{"taxonomy":"post_tag","embeddable":true,"href":"https:\/\/www.radiopiu.net\/wordpress\/wp-json\/wp\/v2\/tags?post=356075"}],"curies":[{"name":"wp","href":"https:\/\/api.w.org\/{rel}","templated":true}]}}