{"id":356169,"date":"2023-10-09T16:29:47","date_gmt":"2023-10-09T14:29:47","guid":{"rendered":"https:\/\/www.radiopiu.net\/wordpress\/?p=356169"},"modified":"2023-10-09T16:30:05","modified_gmt":"2023-10-09T14:30:05","slug":"unopera-di-divulgazione-che-torna-sul-grande-schermo-con-lintroduzione-di-manuel-conedera","status":"publish","type":"post","link":"https:\/\/www.radiopiu.net\/wordpress\/unopera-di-divulgazione-che-torna-sul-grande-schermo-con-lintroduzione-di-manuel-conedera\/","title":{"rendered":"Un\u2019opera di divulgazione che torna sul grande schermo con l\u2019introduzione di Manuel Conedera"},"content":{"rendered":"<blockquote>\n<h3 class=\"wp-block-heading\"><\/h3>\n<\/blockquote>\n<p><a class=\"dt-pswp-item\" href=\"https:\/\/www.radiopiu.net\/wordpress\/wp-content\/uploads\/2023\/09\/6cb03d14-50c0-4391-9537-f6e817a51572.jpg\" data-dt-img-description=\"\" data-large_image_width=\"1132\" data-large_image_height=\"1600\"><img loading=\"lazy\" decoding=\"async\" class=\"size-medium wp-image-354501 alignleft\" src=\"https:\/\/www.radiopiu.net\/wordpress\/wp-content\/uploads\/2023\/09\/6cb03d14-50c0-4391-9537-f6e817a51572-212x300.jpg\" alt=\"\" width=\"212\" height=\"300\" srcset=\"https:\/\/www.radiopiu.net\/wordpress\/wp-content\/uploads\/2023\/09\/6cb03d14-50c0-4391-9537-f6e817a51572-212x300.jpg 212w, https:\/\/www.radiopiu.net\/wordpress\/wp-content\/uploads\/2023\/09\/6cb03d14-50c0-4391-9537-f6e817a51572-724x1024.jpg 724w, https:\/\/www.radiopiu.net\/wordpress\/wp-content\/uploads\/2023\/09\/6cb03d14-50c0-4391-9537-f6e817a51572-768x1086.jpg 768w, https:\/\/www.radiopiu.net\/wordpress\/wp-content\/uploads\/2023\/09\/6cb03d14-50c0-4391-9537-f6e817a51572-1087x1536.jpg 1087w, https:\/\/www.radiopiu.net\/wordpress\/wp-content\/uploads\/2023\/09\/6cb03d14-50c0-4391-9537-f6e817a51572.jpg 1132w\" sizes=\"auto, (max-width: 212px) 100vw, 212px\" \/><\/a><strong>SEDICO<\/strong> A 10 anni dalla sua realizzazione, il Gruppo Speleologico CAI Feltre \u00e8 pronto a riproporre al grande pubblico il DVD dedicato alle affascinanti miniere dell\u2019Alta Valle del Mis. Un\u2019opera di divulgazione che ha saputo conquistare il cuore degli appassionati e che ancora oggi rappresenta una preziosa testimonianza storica. La proiezione di questo avvincente documentario avr\u00e0 luogo sabato 14 Ottobre 2023, presso la suggestiva Sala Conferenze del Polo Culturale di Sedico. Sar\u00e0 l\u2019occasione perfetta per immergersi nelle profondit\u00e0 di un territorio ricco di segreti e scoprire gli intricati labirinti sotterranei che hanno caratterizzato la vita dei minatori di un tempo. La serata sar\u00e0 <a class=\"dt-pswp-item\" href=\"https:\/\/www.radiopiu.net\/wordpress\/wp-content\/uploads\/2023\/10\/MANUEL-CONEDERA.png\" data-dt-img-description=\"\" data-large_image_width=\"328\" data-large_image_height=\"294\"><img loading=\"lazy\" decoding=\"async\" class=\" wp-image-356168 alignright\" src=\"https:\/\/www.radiopiu.net\/wordpress\/wp-content\/uploads\/2023\/10\/MANUEL-CONEDERA-300x269.png\" alt=\"\" width=\"244\" height=\"219\" srcset=\"https:\/\/www.radiopiu.net\/wordpress\/wp-content\/uploads\/2023\/10\/MANUEL-CONEDERA-300x269.png 300w, https:\/\/www.radiopiu.net\/wordpress\/wp-content\/uploads\/2023\/10\/MANUEL-CONEDERA.png 328w\" sizes=\"auto, (max-width: 244px) 100vw, 244px\" \/><\/a>impreziosita dall\u2019introduzione a cura di Manuel Conedera (foto). Grazie alla sua competenza e passione, i presenti avranno l\u2019opportunit\u00e0 di approfondire gli aspetti pi\u00f9 affascinanti di questa realt\u00e0 storica, svelando dettagli e curiosit\u00e0 che rendono unica l\u2019esperienza di esplorazione. Il Gruppo Speleologico CAI Feltre si fa promotore di questa iniziativa con l\u2019obiettivo di diffondere la conoscenza di un patrimonio culturale e naturale di inestimabile valore. Attraverso il cinema, infatti, si potr\u00e0 rivivere l\u2019emozione di chi, armato di coraggio, si addentrava nei meandri delle miniere per estrarre le ricchezze sotterranee. L\u2019appuntamento \u00e8 quindi fissato per sabato 14 Ottobre 2023, un\u2019opportunit\u00e0 da non perdere per tutti coloro che desiderano immergersi nella storia di una terra dalle mille sfaccettature. Il Gruppo Speleologico CAI Feltre vi aspetta numerosi per questa serata dedicata alle miniere dell\u2019Alta Valle del Mis, un viaggio indimenticabile nel cuore della nostra storia.<\/p>\n<p>&nbsp;<\/p>\n<p>&nbsp;<\/p>\n<p>&nbsp;<\/p>\n<hr \/>\n<p>&nbsp;<\/p>\n","protected":false},"excerpt":{"rendered":"<p>SEDICO A 10 anni dalla sua realizzazione, il Gruppo Speleologico CAI Feltre \u00e8 pronto a riproporre al grande pubblico il DVD dedicato alle affascinanti miniere dell\u2019Alta Valle del Mis. Un\u2019opera di divulgazione che ha saputo conquistare il cuore degli appassionati e che ancora oggi rappresenta una preziosa testimonianza storica. La proiezione di questo avvincente documentario&hellip;<\/p>\n","protected":false},"author":4,"featured_media":356170,"comment_status":"closed","ping_status":"closed","sticky":false,"template":"","format":"standard","meta":{"_monsterinsights_skip_tracking":false,"_monsterinsights_sitenote_active":false,"_monsterinsights_sitenote_note":"","_monsterinsights_sitenote_category":0,"footnotes":""},"categories":[49],"tags":[],"class_list":["post-356169","post","type-post","status-publish","format-standard","has-post-thumbnail","hentry","category-news-18","category-49","description-off"],"img_url":"https:\/\/www.radiopiu.net\/wordpress\/wp-content\/uploads\/2023\/10\/Senza-nome-16.png","_links":{"self":[{"href":"https:\/\/www.radiopiu.net\/wordpress\/wp-json\/wp\/v2\/posts\/356169","targetHints":{"allow":["GET"]}}],"collection":[{"href":"https:\/\/www.radiopiu.net\/wordpress\/wp-json\/wp\/v2\/posts"}],"about":[{"href":"https:\/\/www.radiopiu.net\/wordpress\/wp-json\/wp\/v2\/types\/post"}],"author":[{"embeddable":true,"href":"https:\/\/www.radiopiu.net\/wordpress\/wp-json\/wp\/v2\/users\/4"}],"replies":[{"embeddable":true,"href":"https:\/\/www.radiopiu.net\/wordpress\/wp-json\/wp\/v2\/comments?post=356169"}],"version-history":[{"count":0,"href":"https:\/\/www.radiopiu.net\/wordpress\/wp-json\/wp\/v2\/posts\/356169\/revisions"}],"wp:featuredmedia":[{"embeddable":true,"href":"https:\/\/www.radiopiu.net\/wordpress\/wp-json\/wp\/v2\/media\/356170"}],"wp:attachment":[{"href":"https:\/\/www.radiopiu.net\/wordpress\/wp-json\/wp\/v2\/media?parent=356169"}],"wp:term":[{"taxonomy":"category","embeddable":true,"href":"https:\/\/www.radiopiu.net\/wordpress\/wp-json\/wp\/v2\/categories?post=356169"},{"taxonomy":"post_tag","embeddable":true,"href":"https:\/\/www.radiopiu.net\/wordpress\/wp-json\/wp\/v2\/tags?post=356169"}],"curies":[{"name":"wp","href":"https:\/\/api.w.org\/{rel}","templated":true}]}}