{"id":356187,"date":"2023-10-10T05:25:11","date_gmt":"2023-10-10T03:25:11","guid":{"rendered":"https:\/\/www.radiopiu.net\/wordpress\/?p=356187"},"modified":"2023-10-10T05:54:03","modified_gmt":"2023-10-10T03:54:03","slug":"giornata-di-commemorazione-a-longarone-il-presidente-mattarella-onora-le-vittime-del-vajont-e-promette-di-preservare-le-carte-processuali-a-belluno","status":"publish","type":"post","link":"https:\/\/www.radiopiu.net\/wordpress\/giornata-di-commemorazione-a-longarone-il-presidente-mattarella-onora-le-vittime-del-vajont-e-promette-di-preservare-le-carte-processuali-a-belluno\/","title":{"rendered":"&#8220;Giornata di Commemorazione a Longarone: Il Presidente Mattarella onora le vittime del Vajont e promette di preservare le carte processuali a Belluno&#8221;"},"content":{"rendered":"<blockquote><p><em><b><a class=\"dt-pswp-item\" href=\"https:\/\/www.radiopiu.net\/wordpress\/wp-content\/uploads\/2023\/10\/PHOTO-2023-10-09-13-13-04-2.jpg\" data-dt-img-description=\"\" data-large_image_width=\"1600\" data-large_image_height=\"1066\"><img loading=\"lazy\" decoding=\"async\" class=\" wp-image-356194 alignleft\" src=\"https:\/\/www.radiopiu.net\/wordpress\/wp-content\/uploads\/2023\/10\/PHOTO-2023-10-09-13-13-04-2-300x200.jpg\" alt=\"\" width=\"309\" height=\"206\" srcset=\"https:\/\/www.radiopiu.net\/wordpress\/wp-content\/uploads\/2023\/10\/PHOTO-2023-10-09-13-13-04-2-300x200.jpg 300w, https:\/\/www.radiopiu.net\/wordpress\/wp-content\/uploads\/2023\/10\/PHOTO-2023-10-09-13-13-04-2-1024x682.jpg 1024w, https:\/\/www.radiopiu.net\/wordpress\/wp-content\/uploads\/2023\/10\/PHOTO-2023-10-09-13-13-04-2-768x512.jpg 768w, https:\/\/www.radiopiu.net\/wordpress\/wp-content\/uploads\/2023\/10\/PHOTO-2023-10-09-13-13-04-2-1536x1023.jpg 1536w, https:\/\/www.radiopiu.net\/wordpress\/wp-content\/uploads\/2023\/10\/PHOTO-2023-10-09-13-13-04-2.jpg 1600w\" sizes=\"auto, (max-width: 309px) 100vw, 309px\" \/><\/a>Commemorazione del Vajont, il Capo dello Stato sosta sulle lapidi;\u00a0<\/b><b>Dalla diga, l\u2019impegno di Mattarella a far rimanere sul territorio le carte processuali;\u00a0<\/b><b>In giornata anche la celebrazione del patriarca di Venezia e l\u2019apertura della Settimana nazionale di Protezione Civile<\/b><\/em><\/p><\/blockquote>\n<p><strong>LONGARONE<\/strong> La sosta tra le lapidi, l\u2019abbraccio con i bambini del coro, le mani strette ai superstiti, ai sopravvissuti, ai soccorritori. \u00c8 cominciata cos\u00ec la giornata del presidente della Repubblica a Longarone, per il 60\u00b0 anniversario del Vajont. E si \u00e8 conclusa con un appello che ai longaronesi, agli ertani e ai cassesi \u00e8 suonato come una promessa. L\u2019appello affinch\u00e9 l\u2019archivio delle carte processuali del Vajont resti a Belluno. Oltre al presidente della Repubblica hanno partecipato alle commemorazioni molte rappresentanze istituzionali, tra cui il presidente della Camera Lorenzo Fontana, i presidenti di Veneto e Friuli Venezia Giulia Luca Zaia e Massimiliano Fedriga.<\/p>\n<p><strong>A FORTOGNA<\/strong><\/p>\n<p>Sergio Mattarella \u00e8 arrivato al Cimitero monumentale di Fortogna pochi minuti prima delle 11. Ha omaggiato le vittime della catastrofe con una corona di fiori, percorrendo in silenzio il camminamento dal portale monumentale fino alla cappella. Un piccolo fuori programma con i bambini del Coro Arcobaleno, accompagnati da altri cori: in tutto 487 bambini &#8211; tanti quanti i piccoli e i ragazzi morti sotto l\u2019onda del 9 ottobre 1963 &#8211; che hanno intonato \u201cStelutis alpinis\u201d, canto di montagna in friulano, armonizzati con la tromba di Paolo Fresu. Tutti i componenti del coro hanno sollevato un cartello, ciascuno con il nome di una delle giovani e giovanissime vittime del Vajont. Il presidente Mattarella ha ascoltato le strofe del canto e poi si \u00e8 diretto verso i bambini per ringraziarli.<\/p>\n<p>&nbsp;<\/p>\n\n\t\t\t<style type='text\/css'>\n\t\t\t\t#gallery-1 {\n\t\t\t\t\tmargin: auto;\n\t\t\t\t}\n\t\t\t\t#gallery-1 .gallery-item {\n\t\t\t\t\tfloat: left;\n\t\t\t\t\tmargin-top: 10px;\n\t\t\t\t\ttext-align: center;\n\t\t\t\t\twidth: 25%;\n\t\t\t\t}\n\t\t\t\t#gallery-1 img {\n\t\t\t\t\tborder: 2px solid #cfcfcf;\n\t\t\t\t}\n\t\t\t\t#gallery-1 .gallery-caption {\n\t\t\t\t\tmargin-left: 0;\n\t\t\t\t}\n\t\t\t\t\/* see gallery_shortcode() in wp-includes\/media.php *\/\n\t\t\t<\/style>\n\t\t<div id='gallery-1' class='dt-gallery-container gallery galleryid-356187 gallery-columns-4 gallery-size-thumbnail'><dl class='gallery-item'>\n\t\t\t\t<dt class='gallery-icon portrait'>\n\t\t\t\t\t<a class=\"rollover rollover-zoom dt-pswp-item\" title=\"PHOTO-2023-10-09-13-12-44\" data-dt-img-description=\"\" data-large_image_width=\"1008\" data-large_image_height=\"1600\"href='https:\/\/www.radiopiu.net\/wordpress\/wp-content\/uploads\/2023\/10\/PHOTO-2023-10-09-13-12-44.jpg'><img loading=\"lazy\" decoding=\"async\" width=\"150\" height=\"150\" src=\"https:\/\/www.radiopiu.net\/wordpress\/wp-content\/uploads\/2023\/10\/PHOTO-2023-10-09-13-12-44-150x150.jpg\" class=\"attachment-thumbnail size-thumbnail\" alt=\"\" \/><\/a>\n\t\t\t\t<\/dt><\/dl><dl class='gallery-item'>\n\t\t\t\t<dt class='gallery-icon portrait'>\n\t\t\t\t\t<a class=\"rollover rollover-zoom dt-pswp-item\" title=\"PHOTO-2023-10-09-13-13-04\" data-dt-img-description=\"\" data-large_image_width=\"1066\" data-large_image_height=\"1600\"href='https:\/\/www.radiopiu.net\/wordpress\/wp-content\/uploads\/2023\/10\/PHOTO-2023-10-09-13-13-04.jpg'><img loading=\"lazy\" decoding=\"async\" width=\"150\" height=\"150\" src=\"https:\/\/www.radiopiu.net\/wordpress\/wp-content\/uploads\/2023\/10\/PHOTO-2023-10-09-13-13-04-150x150.jpg\" class=\"attachment-thumbnail size-thumbnail\" alt=\"\" \/><\/a>\n\t\t\t\t<\/dt><\/dl><dl class='gallery-item'>\n\t\t\t\t<dt class='gallery-icon landscape'>\n\t\t\t\t\t<a class=\"rollover rollover-zoom dt-pswp-item\" title=\"PHOTO-2023-10-09-13-12-49\" data-dt-img-description=\"\" data-large_image_width=\"1600\" data-large_image_height=\"1066\"href='https:\/\/www.radiopiu.net\/wordpress\/wp-content\/uploads\/2023\/10\/PHOTO-2023-10-09-13-12-49.jpg'><img loading=\"lazy\" decoding=\"async\" width=\"150\" height=\"150\" src=\"https:\/\/www.radiopiu.net\/wordpress\/wp-content\/uploads\/2023\/10\/PHOTO-2023-10-09-13-12-49-150x150.jpg\" class=\"attachment-thumbnail size-thumbnail\" alt=\"\" \/><\/a>\n\t\t\t\t<\/dt><\/dl><dl class='gallery-item'>\n\t\t\t\t<dt class='gallery-icon landscape'>\n\t\t\t\t\t<a class=\"rollover rollover-zoom dt-pswp-item\" title=\"PHOTO-2023-10-09-13-12-48\" data-dt-img-description=\"\" data-large_image_width=\"1600\" data-large_image_height=\"1066\"href='https:\/\/www.radiopiu.net\/wordpress\/wp-content\/uploads\/2023\/10\/PHOTO-2023-10-09-13-12-48.jpg'><img loading=\"lazy\" decoding=\"async\" width=\"150\" height=\"150\" src=\"https:\/\/www.radiopiu.net\/wordpress\/wp-content\/uploads\/2023\/10\/PHOTO-2023-10-09-13-12-48-150x150.jpg\" class=\"attachment-thumbnail size-thumbnail\" alt=\"\" \/><\/a>\n\t\t\t\t<\/dt><\/dl><br style=\"clear: both\" \/>\n\t\t\t<\/div>\n\n<p>&nbsp;<\/p>\n<p>\u00abIl Vajont \u00e8 quella tragedia che ha fatto emergere la parte peggiore, ma anche la migliore dell\u2019uomo, rappresentata da chi ha messo in campo generosit\u00e0, coraggio e altruismo. E quindi fare memoria del Vajont significa ricordare ci\u00f2 che non deve mai pi\u00f9 succedere, dico mai, abbandonando progetti che possano portare l\u2019uomo a commettere gli stessi errori, mettendo il profitto davanti a ogni valore etico e morale\u00bb ha detto il sindaco di Longarone Roberto Padrin nel suo messaggio al Capo dello Stato. \u00abOggi lo Stato insieme a noi, insieme alle nostre popolazioni, fa memoria, commemora le vittime e soprattutto guarda oltre quell\u2019onda di morte che rimane indelebile nel cuore di chi \u00e8 sopravvissuto, impressa nella ricostruzione dei paesi, delle case, ma che ha faticato non poco a rimettere in piedi la comunit\u00e0 distrutta. Quello Stato a cui non possiamo non chiedere che le carte processuali del Vajont, da pochi mesi inserite nella lista del patrimonio della memoria Unesco, restino qui, per rispetto dei superstiti e dei sopravvissuti, e anche di chi ha condotto il processo penale. Uno Stato che attraverso le sue istituzioni, insieme a noi, guarda oltre la tragedia per trasmettere alle giovani generazioni la cultura della prevenzione, del rispetto delle leggi della natura, della sostenibilit\u00e0 ambientale, economica e sociale\u00bb.<\/p>\n<p>&nbsp;<\/p>\n<p><strong>IN DIGA<\/strong><\/p>\n<p><a class=\"dt-pswp-item\" href=\"https:\/\/www.radiopiu.net\/wordpress\/wp-content\/uploads\/2023\/10\/PHOTO-2023-10-09-13-12-58.jpg\" data-dt-img-description=\"\" data-large_image_width=\"1600\" data-large_image_height=\"1066\"><img loading=\"lazy\" decoding=\"async\" class=\"size-medium wp-image-356192 alignleft\" src=\"https:\/\/www.radiopiu.net\/wordpress\/wp-content\/uploads\/2023\/10\/PHOTO-2023-10-09-13-12-58-300x200.jpg\" alt=\"\" width=\"300\" height=\"200\" srcset=\"https:\/\/www.radiopiu.net\/wordpress\/wp-content\/uploads\/2023\/10\/PHOTO-2023-10-09-13-12-58-300x200.jpg 300w, https:\/\/www.radiopiu.net\/wordpress\/wp-content\/uploads\/2023\/10\/PHOTO-2023-10-09-13-12-58-1024x682.jpg 1024w, https:\/\/www.radiopiu.net\/wordpress\/wp-content\/uploads\/2023\/10\/PHOTO-2023-10-09-13-12-58-768x512.jpg 768w, https:\/\/www.radiopiu.net\/wordpress\/wp-content\/uploads\/2023\/10\/PHOTO-2023-10-09-13-12-58-1536x1023.jpg 1536w, https:\/\/www.radiopiu.net\/wordpress\/wp-content\/uploads\/2023\/10\/PHOTO-2023-10-09-13-12-58.jpg 1600w\" sizes=\"auto, (max-width: 300px) 100vw, 300px\" \/><\/a>E proprio delle carte processuali del Vajont ha sottolineato l\u2019importanza simbolica il presidente Mattarella, intervenendo nell\u2019area della diga, alla cerimonia civile. \u00ab\u00c8 opportuno e doveroso che la documentazione del processo rimanga in questo territorio. Quel che attiene alla memoria deve essere conservato nel luogo dove il disastro \u00e8 avvenuto\u00bb ha detto il presidente della Repubblica, intervenendo dopo i governatori di Friuli Venezia Giulia e Veneto.\u00a0I faldoni dei processi erano conservati a L&#8217;Aquila, ma dopo il terremoto sono stati spostati a Belluno, e ora dovrebbero tornare a L\u2019Aquila.<\/p>\n<p><strong>LA CERIMONIA IN CIMITERO<\/strong><\/p>\n<p>Nel pomeriggio, la cerimonia religiosa di suffragio in cimitero, con i parenti delle vittime e con superstiti e sopravvissuti, celebrata dal patriarca di Venezia, Francesco Moraglia.<span class=\"gmail-Apple-converted-space\">\u00a0<\/span><\/p>\n<p>\u00abQuesto luogo ci ricorda una tragedia nazionale in cui morirono duemila persone perch\u00e9 altre persone non seppero o non vollero calcolare il rischio di una determinata situazione e scelsero di non fermarsi, accettando un rischio che, alla fine, risult\u00f2 fatale. Si volle osare, andando oltre; si prefer\u00ec il risultato da conseguire alle vite umane verso le quali si avevano specifiche responsabilit\u00e0\u00bb ha detto nell\u2019omelia il patriarca. \u00abCelebrare questo triste anniversario \u00e8 qualcosa di dovuto ai morti e ai sopravvissuti perch\u00e9 tragedie come il Vajont non solo non possono essere dimenticate ma neanche, col passare del tempo, devono attutirsi nella memoria collettiva. Si tratta di condannare la scelta di rischiare in nome o del profitto o di una impresa da guinness dei primati, svincolando un progetto dall\u2019etica che comporta dapprima il senso del limite e poi il rispetto delle persone e della vita umana. Bisogna chiedere agli uomini di scienza e ai tecnici di avere il coraggio di non osare oltre il limite, insomma, di sapersi fermare e di imparare a misurare i rischi quando c\u2019\u00e8 in gioco la vita umana. La tragedia del Vajont <a class=\"dt-pswp-item\" href=\"https:\/\/www.radiopiu.net\/wordpress\/wp-content\/uploads\/2023\/10\/Convegno-protezione-civile-scaled.jpg\" data-dt-img-description=\"\" data-large_image_width=\"2560\" data-large_image_height=\"1920\"><img loading=\"lazy\" decoding=\"async\" class=\"size-medium wp-image-356188 alignright\" src=\"https:\/\/www.radiopiu.net\/wordpress\/wp-content\/uploads\/2023\/10\/Convegno-protezione-civile-300x225.jpg\" alt=\"\" width=\"300\" height=\"225\" srcset=\"https:\/\/www.radiopiu.net\/wordpress\/wp-content\/uploads\/2023\/10\/Convegno-protezione-civile-300x225.jpg 300w, https:\/\/www.radiopiu.net\/wordpress\/wp-content\/uploads\/2023\/10\/Convegno-protezione-civile-1024x768.jpg 1024w, https:\/\/www.radiopiu.net\/wordpress\/wp-content\/uploads\/2023\/10\/Convegno-protezione-civile-768x576.jpg 768w, https:\/\/www.radiopiu.net\/wordpress\/wp-content\/uploads\/2023\/10\/Convegno-protezione-civile-1536x1152.jpg 1536w, https:\/\/www.radiopiu.net\/wordpress\/wp-content\/uploads\/2023\/10\/Convegno-protezione-civile-2048x1536.jpg 2048w\" sizes=\"auto, (max-width: 300px) 100vw, 300px\" \/><\/a>sia anche oggi un monito a non giocare con gli equilibri della natura\u00bb.<\/p>\n<p><strong>SETTIMANA NAZIONALE DI PROTEZIONE CIVILE<\/strong><\/p>\n<p>Longarone oggi ha ospitato anche il convegno di apertura della Settimana nazionale di Protezione Civile, con il capo Dipartimento di Protezione Civile Fabrizio Curcio, che ha sottolineato come il passato del sistema dei soccorsi sia nato proprio dal Vajont e come il presente e il futuro siano in continua evoluzione. \u00abNon sono cambiate la modalit\u00e0 e la tempestivit\u00e0 di intervento, ma oggi ci si concentra molto sulla qualit\u00e0 del post-intervento, per assicurare il pi\u00f9 possibile la normalit\u00e0 a chi viene soccorso\u00bb ha spiegato Curcio, che prima di lasciare il Bellunese ha effettuato un sopralluogo al cantiere del costruendo Ccs (centro coordinamento soccorsi), nell\u2019area della caserma provinciale dei Vigili del Fuoco.<span class=\"gmail-Apple-converted-space\">\u00a0<\/span><\/p>\n<p>&nbsp;<\/p>\n<hr \/>\n<p>&nbsp;<\/p>\n","protected":false},"excerpt":{"rendered":"<p>Commemorazione del Vajont, il Capo dello Stato sosta sulle lapidi;\u00a0Dalla diga, l\u2019impegno di Mattarella a far rimanere sul territorio le carte processuali;\u00a0In giornata anche la celebrazione del patriarca di Venezia e l\u2019apertura della Settimana nazionale di Protezione Civile LONGARONE La sosta tra le lapidi, l\u2019abbraccio con i bambini del coro, le mani strette ai superstiti,&hellip;<\/p>\n","protected":false},"author":4,"featured_media":356191,"comment_status":"closed","ping_status":"closed","sticky":false,"template":"","format":"standard","meta":{"_monsterinsights_skip_tracking":false,"_monsterinsights_sitenote_active":false,"_monsterinsights_sitenote_note":"","_monsterinsights_sitenote_category":0,"footnotes":""},"categories":[51,49],"tags":[],"class_list":["post-356187","post","type-post","status-publish","format-standard","has-post-thumbnail","hentry","category-evidenza-top","category-news-18","category-51","category-49","description-off"],"img_url":"https:\/\/www.radiopiu.net\/wordpress\/wp-content\/uploads\/2023\/10\/PHOTO-2023-10-09-13-12-49.jpg","_links":{"self":[{"href":"https:\/\/www.radiopiu.net\/wordpress\/wp-json\/wp\/v2\/posts\/356187","targetHints":{"allow":["GET"]}}],"collection":[{"href":"https:\/\/www.radiopiu.net\/wordpress\/wp-json\/wp\/v2\/posts"}],"about":[{"href":"https:\/\/www.radiopiu.net\/wordpress\/wp-json\/wp\/v2\/types\/post"}],"author":[{"embeddable":true,"href":"https:\/\/www.radiopiu.net\/wordpress\/wp-json\/wp\/v2\/users\/4"}],"replies":[{"embeddable":true,"href":"https:\/\/www.radiopiu.net\/wordpress\/wp-json\/wp\/v2\/comments?post=356187"}],"version-history":[{"count":0,"href":"https:\/\/www.radiopiu.net\/wordpress\/wp-json\/wp\/v2\/posts\/356187\/revisions"}],"wp:featuredmedia":[{"embeddable":true,"href":"https:\/\/www.radiopiu.net\/wordpress\/wp-json\/wp\/v2\/media\/356191"}],"wp:attachment":[{"href":"https:\/\/www.radiopiu.net\/wordpress\/wp-json\/wp\/v2\/media?parent=356187"}],"wp:term":[{"taxonomy":"category","embeddable":true,"href":"https:\/\/www.radiopiu.net\/wordpress\/wp-json\/wp\/v2\/categories?post=356187"},{"taxonomy":"post_tag","embeddable":true,"href":"https:\/\/www.radiopiu.net\/wordpress\/wp-json\/wp\/v2\/tags?post=356187"}],"curies":[{"name":"wp","href":"https:\/\/api.w.org\/{rel}","templated":true}]}}