{"id":356241,"date":"2023-10-11T05:34:00","date_gmt":"2023-10-11T03:34:00","guid":{"rendered":"https:\/\/www.radiopiu.net\/wordpress\/?p=356241"},"modified":"2023-10-11T08:29:39","modified_gmt":"2023-10-11T06:29:39","slug":"giornale-radiopiu-11-ottobre-2023-direttore-mirko-mezzacasada-40-anni-25-giugno-1983-25-giugno-2023","status":"publish","type":"post","link":"https:\/\/www.radiopiu.net\/wordpress\/giornale-radiopiu-11-ottobre-2023-direttore-mirko-mezzacasada-40-anni-25-giugno-1983-25-giugno-2023\/","title":{"rendered":"GIORNALE RADIOPIU 11 OTTOBRE 2023 DIRETTORE MIRKO MEZZACASA\u2026DA 40 ANNI 25 GIUGNO 1983-25 GIUGNO 2023"},"content":{"rendered":"<h1 class=\"entry-title photoswipe-wrapper\">40esimo di RADIOPIU\u2026. LA VOCE DELL\u2019EMOZIONE<\/h1>\n<h2><span style=\"color: #ff0000;\">ISCRIVITI AL NOSTRO CANALE\u00a0\u00a0YOUTUBE PER SEGUIRE IN DIRETTA I PRINCIPALI PROGRAMMI DI RADIO PIU\u2019 E LE FUTURE DIRETTE IN ESTERNA. PER ISCRIVERTI\u00a0<a style=\"color: #ff0000;\" href=\"https:\/\/youtube.com\/@radiopiu1527\">CLICCA QUI\u00a0<\/a>E PREMI\u00a0 \u201cIscriviti\u201d\u00a0\u00a0<\/span><b>\u00a0<\/b><\/h2>\n<p><strong>LE NUOVE TRUFFE ON LINE, DIFFIDATE DA QUESTI MESSAGGI, SOPRATTTTO NON RISPONDETE AGLI INVITI TRUFFALDINI SVUOTA CONTI CORRENTI\u00a0<\/strong><\/p>\n\n\t\t\t<style type='text\/css'>\n\t\t\t\t#gallery-1 {\n\t\t\t\t\tmargin: auto;\n\t\t\t\t}\n\t\t\t\t#gallery-1 .gallery-item {\n\t\t\t\t\tfloat: left;\n\t\t\t\t\tmargin-top: 10px;\n\t\t\t\t\ttext-align: center;\n\t\t\t\t\twidth: 50%;\n\t\t\t\t}\n\t\t\t\t#gallery-1 img {\n\t\t\t\t\tborder: 2px solid #cfcfcf;\n\t\t\t\t}\n\t\t\t\t#gallery-1 .gallery-caption {\n\t\t\t\t\tmargin-left: 0;\n\t\t\t\t}\n\t\t\t\t\/* see gallery_shortcode() in wp-includes\/media.php *\/\n\t\t\t<\/style>\n\t\t<div id='gallery-1' class='dt-gallery-container gallery galleryid-356241 gallery-columns-2 gallery-size-thumbnail'><dl class='gallery-item'>\n\t\t\t\t<dt class='gallery-icon portrait'>\n\t\t\t\t\t<a class=\"rollover rollover-zoom dt-pswp-item\" title=\"984db848-5296-4390-8dc5-3ea8383fd281\" data-dt-img-description=\"\" data-large_image_width=\"947\" data-large_image_height=\"2048\"href='https:\/\/www.radiopiu.net\/wordpress\/wp-content\/uploads\/2023\/10\/984db848-5296-4390-8dc5-3ea8383fd281-1.jpg'><img loading=\"lazy\" decoding=\"async\" width=\"150\" height=\"150\" src=\"https:\/\/www.radiopiu.net\/wordpress\/wp-content\/uploads\/2023\/10\/984db848-5296-4390-8dc5-3ea8383fd281-1-150x150.jpg\" class=\"attachment-thumbnail size-thumbnail\" alt=\"\" \/><\/a>\n\t\t\t\t<\/dt><\/dl><dl class='gallery-item'>\n\t\t\t\t<dt class='gallery-icon landscape'>\n\t\t\t\t\t<a class=\"rollover rollover-zoom dt-pswp-item\" title=\"beb97aaa-024c-49dd-a8b2-4f5da067a39a\" data-dt-img-description=\"\" data-large_image_width=\"947\" data-large_image_height=\"542\"href='https:\/\/www.radiopiu.net\/wordpress\/wp-content\/uploads\/2023\/10\/beb97aaa-024c-49dd-a8b2-4f5da067a39a-1.jpg'><img loading=\"lazy\" decoding=\"async\" width=\"150\" height=\"150\" src=\"https:\/\/www.radiopiu.net\/wordpress\/wp-content\/uploads\/2023\/10\/beb97aaa-024c-49dd-a8b2-4f5da067a39a-1-150x150.jpg\" class=\"attachment-thumbnail size-thumbnail\" alt=\"\" \/><\/a>\n\t\t\t\t<\/dt><\/dl><br style=\"clear: both\" \/>\n\t\t\t<\/div>\n\n<p>&nbsp;<\/p>\n<blockquote>\n<h3>SITUAZIONI INSOSTENIBILI E ANCHE OGGI SILENZIO DELLE ISTITUZIONI<\/h3>\n<p><strong>verso il punto di non ritorno<\/strong><\/p>\n<h3><a class=\"dt-pswp-item\" href=\"https:\/\/www.radiopiu.net\/wordpress\/wp-content\/uploads\/2021\/10\/a5792cee-db5f-4f4a-afa5-a85dadab0967.jpg\" data-dt-img-description=\"\" data-large_image_width=\"1599\" data-large_image_height=\"899\"><img loading=\"lazy\" decoding=\"async\" class=\"size-medium wp-image-237487 alignleft\" src=\"https:\/\/www.radiopiu.net\/wordpress\/wp-content\/uploads\/2021\/10\/a5792cee-db5f-4f4a-afa5-a85dadab0967-300x169.jpg\" alt=\"\" width=\"300\" height=\"169\" srcset=\"https:\/\/www.radiopiu.net\/wordpress\/wp-content\/uploads\/2021\/10\/a5792cee-db5f-4f4a-afa5-a85dadab0967-300x169.jpg 300w, https:\/\/www.radiopiu.net\/wordpress\/wp-content\/uploads\/2021\/10\/a5792cee-db5f-4f4a-afa5-a85dadab0967-1024x576.jpg 1024w, https:\/\/www.radiopiu.net\/wordpress\/wp-content\/uploads\/2021\/10\/a5792cee-db5f-4f4a-afa5-a85dadab0967-768x432.jpg 768w, https:\/\/www.radiopiu.net\/wordpress\/wp-content\/uploads\/2021\/10\/a5792cee-db5f-4f4a-afa5-a85dadab0967-1536x864.jpg 1536w, https:\/\/www.radiopiu.net\/wordpress\/wp-content\/uploads\/2021\/10\/a5792cee-db5f-4f4a-afa5-a85dadab0967.jpg 1599w\" sizes=\"auto, (max-width: 300px) 100vw, 300px\" \/><\/a>L&#8217;azienda di trasporto pubblico bellunese allontana gli utenti dopo aver messo in cassaforte il loro denaro con i tristemente famosi aumenti. Auspicio: chi di competenza riveda i contributi versati, si faccia ridare dall&#8217;azienda i soldi incamerati per le corse mai effettuate (decine al giorno con chilometri e carburante risparmiato) e che quel denaro venga ridistribuito tra le famiglie costrette a 1) usare i propri mezzi, 2) chiamare i taxi 3) iniziare a pensare a servizi privati che potrebbero rivelarsi il toccasana difronte ad un servizio pubblico da dimenticare.<\/h3>\n<\/blockquote>\n<p><em>DOLOMITIBUS&#8230; OGGI\u00a0 ALTRE 50 CORSE TAGLIATE, MIGLIORAMENTI RISPETTO A IERI: NESSUNO. MIGLIORAMENTI RISPETTO A UNA SETTIMANA FA: NESSUNO. MIGLIORAMENTI RISPETTO ALL&#8217;INIZIO DELL&#8217;ANNO SCOLASTICO: NESSUNO.<\/em><\/p>\n<div class=\"articlePlainText\">Cinquanta\u00a0 corse degli autobus che Dolomitibus taglier\u00e0 oggi, erano 41 nella giornata di ieri. Non si fermano i disservizi nel trasporto pubblico locale in provincia. Una situazione che sta diventando sempre pi\u00f9 insostenibile per gli utenti bellunesi e che rischia di allontanare ancora di pi\u00f9 la popolazione dall&#8217;utilizzo del trasporto pubblico.<\/div>\n<div><\/div>\n<hr \/>\n<p>&nbsp;<\/p>\n<p>&nbsp;<\/p>\n<h1 class=\"entry-title photoswipe-wrapper\"><a class=\"dt-pswp-item pspw-wrap-ready\" href=\"https:\/\/www.radiopiu.net\/wordpress\/wp-content\/uploads\/2023\/09\/34f4cfc6-e863-46e9-9695-8df44be63421-1.jpg\" data-dt-img-description=\"\" data-large_image_width=\"1200\" data-large_image_height=\"1200\"><img loading=\"lazy\" decoding=\"async\" class=\"wp-image-354561 alignleft\" src=\"https:\/\/www.radiopiu.net\/wordpress\/wp-content\/uploads\/2023\/09\/34f4cfc6-e863-46e9-9695-8df44be63421-1-300x300.jpg\" sizes=\"auto, (max-width: 124px) 100vw, 124px\" srcset=\"https:\/\/www.radiopiu.net\/wordpress\/wp-content\/uploads\/2023\/09\/34f4cfc6-e863-46e9-9695-8df44be63421-1-300x300.jpg 300w, https:\/\/www.radiopiu.net\/wordpress\/wp-content\/uploads\/2023\/09\/34f4cfc6-e863-46e9-9695-8df44be63421-1-1024x1024.jpg 1024w, https:\/\/www.radiopiu.net\/wordpress\/wp-content\/uploads\/2023\/09\/34f4cfc6-e863-46e9-9695-8df44be63421-1-150x150.jpg 150w, https:\/\/www.radiopiu.net\/wordpress\/wp-content\/uploads\/2023\/09\/34f4cfc6-e863-46e9-9695-8df44be63421-1-768x768.jpg 768w, https:\/\/www.radiopiu.net\/wordpress\/wp-content\/uploads\/2023\/09\/34f4cfc6-e863-46e9-9695-8df44be63421-1.jpg 1200w\" alt=\"\" width=\"124\" height=\"124\" \/><\/a><\/h1>\n<p><span style=\"color: #ff0000;\"><strong>OGGI ALLA RADIO<\/strong> <\/span>alle 7 la rassegna stampa locale flash, per chi la mattina va di fretta e alle 8.05 gli approfondimenti nello storico spazio, in onda da 40 anni, dal 1983 LA RASSEGNA STAMPA LOCALE DI RADIOPIU&#8217;, L&#8217;ORIGINALE. Alle 10.10 Cisl, la voce per i lavoratori (18.10)\u00a0 Alle 10.30\u00a0 SE NON LA SMETTI DI MANDO DAL PRESIDE IN COLLABORAZIONE CON SUPER W, CON LA PROF. MARIA ROSA SALMAZO (19.00). Alle 13.10 100 GIORNI, L&#8217;EVENTO DEL FINE SETTIMANA\u00a0 A VILLA SAN GIUSEPPE (LIVINALLONGO DEL COL DI LANA). 16.30 RENATO ROSSI, PRESIDENTE PROLOCO DI SAN TOMASO IN COLLABORAZIONE CON COMITATO PROLOCO DELL&#8217;AGORDINO. con la nuova programmazione, IL GIORNALE RADIO LOCALE \u00e8 in onda alle 10.05, 11.05, 12.30 (edizione principale) 14.30 viabilita 15 10 meteo 17.05, 18.05, 16.30 approfondimento del pomeriggio, 18.30 approfondimento della sera. 20.20 meteo\u00a0 ALLE 19.05 DAL LUNEDI AL SABATO ANTEPRIMA ANTENNA 3, I TITOLI DEL TG DELLE 19.30 E LE ANTICIPAZIONI DI TIZIANA BOLOGNANI.<\/p>\n<p><strong><span style=\"color: #000000;\">oggi alle 9 Liber&#8230; di Liana Cavallet ASCOLTA LE PUNTATE PRECEDENTI IN PODCAST SUL SITO DI RADIO PIU<\/span><\/strong><\/p>\n<p><span style=\"color: #ff0000;\">OGGI ALLE 14.00 MARCO V DAL FARRA PRESENTA &#8220;RIMASTI PIU&#8217; AVANTI&#8221;, PERSONAGGI, GRUPPI, MUSICA NEL BELLUNESE, ASCOLTA LE PUNTATE PRECEDENTI IN PODCAST SUL SITO DI RADIO PIU&#8217;&#8230; STIAMO SCOPRENDO I NOSTRI TALENTI<\/span><\/p>\n<p style=\"text-align: center;\"><strong>IL GIORNO DEL RICORDO 3 OTTOBRE 2023<\/strong><\/p>\n<p><a class=\"dt-pswp-item\" href=\"https:\/\/www.radiopiu.net\/wordpress\/wp-content\/uploads\/2023\/10\/WhatsApp-Image-2023-10-10-at-22.38.22.jpeg\" data-dt-img-description=\"\" data-large_image_width=\"1600\" data-large_image_height=\"1066\"><img loading=\"lazy\" decoding=\"async\" class=\"size-medium wp-image-356379 aligncenter\" src=\"https:\/\/www.radiopiu.net\/wordpress\/wp-content\/uploads\/2023\/10\/WhatsApp-Image-2023-10-10-at-22.38.22-300x200.jpeg\" alt=\"\" width=\"300\" height=\"200\" srcset=\"https:\/\/www.radiopiu.net\/wordpress\/wp-content\/uploads\/2023\/10\/WhatsApp-Image-2023-10-10-at-22.38.22-300x200.jpeg 300w, https:\/\/www.radiopiu.net\/wordpress\/wp-content\/uploads\/2023\/10\/WhatsApp-Image-2023-10-10-at-22.38.22-1024x682.jpeg 1024w, https:\/\/www.radiopiu.net\/wordpress\/wp-content\/uploads\/2023\/10\/WhatsApp-Image-2023-10-10-at-22.38.22-768x512.jpeg 768w, https:\/\/www.radiopiu.net\/wordpress\/wp-content\/uploads\/2023\/10\/WhatsApp-Image-2023-10-10-at-22.38.22-1536x1023.jpeg 1536w, https:\/\/www.radiopiu.net\/wordpress\/wp-content\/uploads\/2023\/10\/WhatsApp-Image-2023-10-10-at-22.38.22.jpeg 1600w\" sizes=\"auto, (max-width: 300px) 100vw, 300px\" \/><\/a><\/p>\n<hr \/>\n<p>&nbsp;<\/p>\n<p><img loading=\"lazy\" decoding=\"async\" class=\"alignleft\" src=\"https:\/\/www.radiopiu.net\/wordpress\/wp-content\/uploads\/2022\/05\/download-2.jpg\" width=\"74\" height=\"74\" \/>Gestione Servizi Pubblici informa che ad <strong>AGORDO<\/strong> nelle localit\u00e0 VERAN, CROSTOLIN, PRA GRANDE, COL DI FOGLIA, CASE NAGOL, POLANE E VIA FAION\u00a0 e a <strong>FALCADE<\/strong> nelle localit\u00e0 FALCADE ALTO, VILLOTTA, LA FOCA E VIA MAS DE LE MOLE l&#8217;acqua erogata dall&#8217;acquedotto non \u00e8 potabile e pu\u00f2 essere usata per scopi alimentari SOLO PREVIA bollitura.<\/p>\n<p>&nbsp;<\/p>\n<p>&nbsp;<\/p>\n<hr \/>\n<p>&nbsp;<\/p>\n<blockquote>\n<h3>LA SIMULAZIONE DELL&#8217;INCIDENTE A SANTO STEFANO DI CADORE lo schianto\u00a0 del 6 luglio scorso ricostruito con i manichini.<\/h3>\n<\/blockquote>\n<p><strong><a class=\"dt-pswp-item\" href=\"https:\/\/www.radiopiu.net\/wordpress\/wp-content\/uploads\/2023\/10\/Senza-nome-20.png\" data-dt-img-description=\"\" data-large_image_width=\"417\" data-large_image_height=\"243\"><img loading=\"lazy\" decoding=\"async\" class=\"size-medium wp-image-356384 aligncenter\" src=\"https:\/\/www.radiopiu.net\/wordpress\/wp-content\/uploads\/2023\/10\/Senza-nome-20-300x175.png\" alt=\"\" width=\"300\" height=\"175\" srcset=\"https:\/\/www.radiopiu.net\/wordpress\/wp-content\/uploads\/2023\/10\/Senza-nome-20-300x175.png 300w, https:\/\/www.radiopiu.net\/wordpress\/wp-content\/uploads\/2023\/10\/Senza-nome-20.png 417w\" sizes=\"auto, (max-width: 300px) 100vw, 300px\" \/><\/a> <\/strong><\/p>\n<p><strong>SANTO STEFANO DI CADORE<\/strong> Esperimento giudiziale avvenuto nella mattinata di ieri in Via Udine a Santo Stefano dove i Carabinieri hanno simulato l&#8217;incidente di Angelica Hutter. Questo per stabilire le responsabilit\u00e0 di quanto accaduto il 6 luglio scorso quando morirono padre, bambino e nonna. Ringraziamo Giancarlo Merlin per il materiale reso disponibile.<\/p>\n\n\t\t\t<style type='text\/css'>\n\t\t\t\t#gallery-2 {\n\t\t\t\t\tmargin: auto;\n\t\t\t\t}\n\t\t\t\t#gallery-2 .gallery-item {\n\t\t\t\t\tfloat: left;\n\t\t\t\t\tmargin-top: 10px;\n\t\t\t\t\ttext-align: center;\n\t\t\t\t\twidth: 50%;\n\t\t\t\t}\n\t\t\t\t#gallery-2 img {\n\t\t\t\t\tborder: 2px solid #cfcfcf;\n\t\t\t\t}\n\t\t\t\t#gallery-2 .gallery-caption {\n\t\t\t\t\tmargin-left: 0;\n\t\t\t\t}\n\t\t\t\t\/* see gallery_shortcode() in wp-includes\/media.php *\/\n\t\t\t<\/style>\n\t\t<div id='gallery-2' class='dt-gallery-container gallery galleryid-356241 gallery-columns-2 gallery-size-thumbnail'><dl class='gallery-item'>\n\t\t\t\t<dt class='gallery-icon portrait'>\n\t\t\t\t\t<a class=\"rollover rollover-zoom dt-pswp-item\" title=\"21e6a1f0-9d10-4ea2-a183-3ecc1e9ed70b\" data-dt-img-description=\"\" data-large_image_width=\"1200\" data-large_image_height=\"1600\"href='https:\/\/www.radiopiu.net\/wordpress\/wp-content\/uploads\/2023\/10\/21e6a1f0-9d10-4ea2-a183-3ecc1e9ed70b.jpg'><img loading=\"lazy\" decoding=\"async\" width=\"150\" height=\"150\" src=\"https:\/\/www.radiopiu.net\/wordpress\/wp-content\/uploads\/2023\/10\/21e6a1f0-9d10-4ea2-a183-3ecc1e9ed70b-150x150.jpg\" class=\"attachment-thumbnail size-thumbnail\" alt=\"\" \/><\/a>\n\t\t\t\t<\/dt><\/dl><dl class='gallery-item'>\n\t\t\t\t<dt class='gallery-icon portrait'>\n\t\t\t\t\t<a class=\"rollover rollover-zoom dt-pswp-item\" title=\"f8d46b5f-35f9-4a61-8065-6dafdd7a2c56\" data-dt-img-description=\"\" data-large_image_width=\"1200\" data-large_image_height=\"1600\"href='https:\/\/www.radiopiu.net\/wordpress\/wp-content\/uploads\/2023\/10\/f8d46b5f-35f9-4a61-8065-6dafdd7a2c56.jpg'><img loading=\"lazy\" decoding=\"async\" width=\"150\" height=\"150\" src=\"https:\/\/www.radiopiu.net\/wordpress\/wp-content\/uploads\/2023\/10\/f8d46b5f-35f9-4a61-8065-6dafdd7a2c56-150x150.jpg\" class=\"attachment-thumbnail size-thumbnail\" alt=\"\" \/><\/a>\n\t\t\t\t<\/dt><\/dl><br style=\"clear: both\" \/>\n\t\t\t<\/div>\n\n<p>&nbsp;<\/p>\n<p><strong>IL VIDEO<\/strong><\/p>\n<div style=\"width: 848px;\" class=\"wp-video\"><video class=\"wp-video-shortcode\" id=\"video-356241-1\" width=\"848\" height=\"480\" preload=\"metadata\" controls=\"controls\"><source type=\"video\/mp4\" src=\"https:\/\/www.radiopiu.net\/wordpress\/wp-content\/uploads\/2023\/10\/WhatsApp-Video-2023-10-10-at-12.03.42.mp4?_=1\" \/><a href=\"https:\/\/www.radiopiu.net\/wordpress\/wp-content\/uploads\/2023\/10\/WhatsApp-Video-2023-10-10-at-12.03.42.mp4\">https:\/\/www.radiopiu.net\/wordpress\/wp-content\/uploads\/2023\/10\/WhatsApp-Video-2023-10-10-at-12.03.42.mp4<\/a><\/video><\/div>\n<p>&nbsp;<\/p>\n<hr \/>\n<p>&nbsp;<\/p>\n<blockquote><p><strong>Marco Antoniello, il piccolo Mattia e la nonna di quest&#8217;ultimo Maria Grazia Zuin. Era il pomeriggio del 6 luglio scorso.<\/strong><\/p><\/blockquote>\n<p><a class=\"dt-pswp-item\" href=\"https:\/\/www.radiopiu.net\/wordpress\/wp-content\/uploads\/2023\/10\/Senza-nome-22.png\" data-dt-img-description=\"\" data-large_image_width=\"607\" data-large_image_height=\"256\"><img loading=\"lazy\" decoding=\"async\" class=\"size-medium wp-image-356394 aligncenter\" src=\"https:\/\/www.radiopiu.net\/wordpress\/wp-content\/uploads\/2023\/10\/Senza-nome-22-300x127.png\" alt=\"\" width=\"300\" height=\"127\" srcset=\"https:\/\/www.radiopiu.net\/wordpress\/wp-content\/uploads\/2023\/10\/Senza-nome-22-300x127.png 300w, https:\/\/www.radiopiu.net\/wordpress\/wp-content\/uploads\/2023\/10\/Senza-nome-22.png 607w\" sizes=\"auto, (max-width: 300px) 100vw, 300px\" \/><\/a><\/p>\n<p>&nbsp;<\/p>\n<hr \/>\n<p>&nbsp;<\/p>\n<h3 style=\"text-align: center;\">DAL TG BELLUNESE\u00a0 DI ANTENNA 3, IN ONDA DAL LUNEDI AL SABATO ALLE 19.30 SUL CANALE 10 DEL DIGITALE TERRESTE E ALLE 19.10 LE ANTICIPAZIONI ALLA RADIO, A CURA DI TIZIANA BOLOGNANI.<\/h3>\n<p>&nbsp;<\/p>\n<p>Intervistati PAOLO LUCA (PROCURATORE CAPO DI BELLUNO), GIUSEPPE TRIOLO (DIFENSORE DI ANGELIKA HUTTER), MARIO PIACENTI (INGEGNERE CONSULENTE STUDIO 3A)<\/p>\n<p>https:\/\/www.youtube.com\/watch?v=tYYvuAGeohQ<\/p>\n<p><a class=\"dt-pswp-item\" href=\"https:\/\/www.radiopiu.net\/wordpress\/wp-content\/uploads\/2023\/10\/Senza-nome-23.png\" data-dt-img-description=\"\" data-large_image_width=\"170\" data-large_image_height=\"186\"><img loading=\"lazy\" decoding=\"async\" class=\"size-full wp-image-356395 aligncenter\" src=\"https:\/\/www.radiopiu.net\/wordpress\/wp-content\/uploads\/2023\/10\/Senza-nome-23.png\" alt=\"\" width=\"170\" height=\"186\" \/>\u00a0<\/a><\/p>\n<p>&nbsp;<\/p>\n<hr \/>\n<p>&nbsp;<\/p>\n<blockquote>\n<h3>QUATTRO POLITRAUMATIZZATI NELL&#8217;INCIDENTE DI PISOLIVA<\/h3>\n<\/blockquote>\n<p><strong>CANALE D&#8217;AGORDO <\/strong>\u00a0Vigili del fuoco d ambulanza poco sopra Caviola di Falcade strada tra localit\u00e0 Fregona e Pisoliva in Comune di Canale d&#8217;Agordo, una curva presa male e l&#8217;auto \u00e8 finita ruote all&#8217;aria. Sul posto la Croce Verde Val Biois, Suem 118, Elicottero Falco, Vigili del Fuoco e Carabinieri. Quattro persone &#8211; \u00a0turisti\u00a0 di Novate Milanese con seconda casa in Valle del Biois &#8211;\u00a0 estratte dall&#8217;auto, per i traumi subiti sono state trasportate negli ospedali Papa Luciani di Agordo e San Martino Belluno, per tutti ferite di media gravit\u00e0<\/p>\n\n\t\t\t<style type='text\/css'>\n\t\t\t\t#gallery-3 {\n\t\t\t\t\tmargin: auto;\n\t\t\t\t}\n\t\t\t\t#gallery-3 .gallery-item {\n\t\t\t\t\tfloat: left;\n\t\t\t\t\tmargin-top: 10px;\n\t\t\t\t\ttext-align: center;\n\t\t\t\t\twidth: 25%;\n\t\t\t\t}\n\t\t\t\t#gallery-3 img {\n\t\t\t\t\tborder: 2px solid #cfcfcf;\n\t\t\t\t}\n\t\t\t\t#gallery-3 .gallery-caption {\n\t\t\t\t\tmargin-left: 0;\n\t\t\t\t}\n\t\t\t\t\/* see gallery_shortcode() in wp-includes\/media.php *\/\n\t\t\t<\/style>\n\t\t<div id='gallery-3' class='dt-gallery-container gallery galleryid-356241 gallery-columns-4 gallery-size-thumbnail'><dl class='gallery-item'>\n\t\t\t\t<dt class='gallery-icon landscape'>\n\t\t\t\t\t<a class=\"rollover rollover-zoom dt-pswp-item\" title=\"3cd1f6dc-6449-48d6-943d-798277def413\" data-dt-img-description=\"\" data-large_image_width=\"1600\" data-large_image_height=\"777\"href='https:\/\/www.radiopiu.net\/wordpress\/wp-content\/uploads\/2023\/10\/3cd1f6dc-6449-48d6-943d-798277def413.jpg'><img loading=\"lazy\" decoding=\"async\" width=\"150\" height=\"150\" src=\"https:\/\/www.radiopiu.net\/wordpress\/wp-content\/uploads\/2023\/10\/3cd1f6dc-6449-48d6-943d-798277def413-150x150.jpg\" class=\"attachment-thumbnail size-thumbnail\" alt=\"\" \/><\/a>\n\t\t\t\t<\/dt><\/dl><dl class='gallery-item'>\n\t\t\t\t<dt class='gallery-icon landscape'>\n\t\t\t\t\t<a class=\"rollover rollover-zoom dt-pswp-item\" title=\"d906fa11-f880-4a7d-82f5-90c513fb4966\" data-dt-img-description=\"\" data-large_image_width=\"1600\" data-large_image_height=\"777\"href='https:\/\/www.radiopiu.net\/wordpress\/wp-content\/uploads\/2023\/10\/d906fa11-f880-4a7d-82f5-90c513fb4966.jpg'><img loading=\"lazy\" decoding=\"async\" width=\"150\" height=\"150\" src=\"https:\/\/www.radiopiu.net\/wordpress\/wp-content\/uploads\/2023\/10\/d906fa11-f880-4a7d-82f5-90c513fb4966-150x150.jpg\" class=\"attachment-thumbnail size-thumbnail\" alt=\"\" \/><\/a>\n\t\t\t\t<\/dt><\/dl><dl class='gallery-item'>\n\t\t\t\t<dt class='gallery-icon portrait'>\n\t\t\t\t\t<a class=\"rollover rollover-zoom dt-pswp-item\" title=\"301967c6-cd2e-43eb-955a-3bb1744e7b73\" data-dt-img-description=\"\" data-large_image_width=\"1080\" data-large_image_height=\"1920\"href='https:\/\/www.radiopiu.net\/wordpress\/wp-content\/uploads\/2023\/10\/301967c6-cd2e-43eb-955a-3bb1744e7b73.jpg'><img loading=\"lazy\" decoding=\"async\" width=\"150\" height=\"150\" src=\"https:\/\/www.radiopiu.net\/wordpress\/wp-content\/uploads\/2023\/10\/301967c6-cd2e-43eb-955a-3bb1744e7b73-150x150.jpg\" class=\"attachment-thumbnail size-thumbnail\" alt=\"\" \/><\/a>\n\t\t\t\t<\/dt><\/dl><dl class='gallery-item'>\n\t\t\t\t<dt class='gallery-icon portrait'>\n\t\t\t\t\t<a class=\"rollover rollover-zoom dt-pswp-item\" title=\"41635ccc-c0f1-45a2-a045-c59acaeaeda5\" data-dt-img-description=\"\" data-large_image_width=\"899\" data-large_image_height=\"1599\"href='https:\/\/www.radiopiu.net\/wordpress\/wp-content\/uploads\/2023\/10\/41635ccc-c0f1-45a2-a045-c59acaeaeda5.jpg'><img loading=\"lazy\" decoding=\"async\" width=\"150\" height=\"150\" src=\"https:\/\/www.radiopiu.net\/wordpress\/wp-content\/uploads\/2023\/10\/41635ccc-c0f1-45a2-a045-c59acaeaeda5-150x150.jpg\" class=\"attachment-thumbnail size-thumbnail\" alt=\"\" \/><\/a>\n\t\t\t\t<\/dt><\/dl><br style=\"clear: both\" \/>\n\t\t\t<\/div>\n\n<p><a class=\"dt-pswp-item\" href=\"https:\/\/www.radiopiu.net\/wordpress\/wp-content\/uploads\/2023\/10\/8e9df7ad-a4bf-4756-8306-6c11e0675b75.jpg\" data-dt-img-description=\"\" data-large_image_width=\"1028\" data-large_image_height=\"591\"><img loading=\"lazy\" decoding=\"async\" class=\"size-medium wp-image-356367 alignleft\" src=\"https:\/\/www.radiopiu.net\/wordpress\/wp-content\/uploads\/2023\/10\/8e9df7ad-a4bf-4756-8306-6c11e0675b75-300x172.jpg\" alt=\"\" width=\"300\" height=\"172\" srcset=\"https:\/\/www.radiopiu.net\/wordpress\/wp-content\/uploads\/2023\/10\/8e9df7ad-a4bf-4756-8306-6c11e0675b75-300x172.jpg 300w, https:\/\/www.radiopiu.net\/wordpress\/wp-content\/uploads\/2023\/10\/8e9df7ad-a4bf-4756-8306-6c11e0675b75-1024x589.jpg 1024w, https:\/\/www.radiopiu.net\/wordpress\/wp-content\/uploads\/2023\/10\/8e9df7ad-a4bf-4756-8306-6c11e0675b75-768x442.jpg 768w, https:\/\/www.radiopiu.net\/wordpress\/wp-content\/uploads\/2023\/10\/8e9df7ad-a4bf-4756-8306-6c11e0675b75.jpg 1028w\" sizes=\"auto, (max-width: 300px) 100vw, 300px\" \/><\/a>DAL COMANDO VIGILI DEL FUOCO, BELLUNO<\/p>\n<p><strong> CANALE D\u2019AGORDO, AUTO ROVESCIATA: QUATTRO FERITI<\/strong><br \/>\nAlle 16:30, di marted\u00ec, i vigili del fuoco sono intervenuti in localit\u00e0 Pisoliva a Canale d&#8217;Agordo per un autovettura finita rovesciata dopo la perdita del controllo da parte del conducente: quattro persone ferite. I pompieri accorsi dal distaccamento di Agordo, hanno messo in sicurezza l\u2019auto ed estratto le persone rimaste ancora bloccate. I feriti sono stati presi in cura dal personale sanitario del Suem e stabilizzate. Una persona \u00e8 stata portata in elisoccorso all\u2019ospedale di Belluno le alte tre il ambulanza all\u2019ospedale di Agordo. Le forze dell\u2019ordine hanno eseguito i rilievi del sinistro.<\/p>\n<p>&nbsp;<\/p>\n<p>&nbsp;<\/p>\n<hr \/>\n<p>&nbsp;<\/p>\n<blockquote>\n<h3>INCIDENTE A CENCENIGHE<\/h3>\n<\/blockquote>\n<p><strong>CENCENIGHE<\/strong> Ieri,\u00a0 all&#8217;incrocio che porta verso la frazione di Martin di fronte alla Gioielleria Fontanive. Due vetture sono entrate in collisione. Fortunatamente nessun ferito, parecchi i danni riportati dai mezzi<\/p>\n\n\t\t\t<style type='text\/css'>\n\t\t\t\t#gallery-4 {\n\t\t\t\t\tmargin: auto;\n\t\t\t\t}\n\t\t\t\t#gallery-4 .gallery-item {\n\t\t\t\t\tfloat: left;\n\t\t\t\t\tmargin-top: 10px;\n\t\t\t\t\ttext-align: center;\n\t\t\t\t\twidth: 50%;\n\t\t\t\t}\n\t\t\t\t#gallery-4 img {\n\t\t\t\t\tborder: 2px solid #cfcfcf;\n\t\t\t\t}\n\t\t\t\t#gallery-4 .gallery-caption {\n\t\t\t\t\tmargin-left: 0;\n\t\t\t\t}\n\t\t\t\t\/* see gallery_shortcode() in wp-includes\/media.php *\/\n\t\t\t<\/style>\n\t\t<div id='gallery-4' class='dt-gallery-container gallery galleryid-356241 gallery-columns-2 gallery-size-medium'><dl class='gallery-item'>\n\t\t\t\t<dt class='gallery-icon landscape'>\n\t\t\t\t\t<a class=\"rollover rollover-zoom dt-pswp-item\" title=\"IMG_0061\" data-dt-img-description=\"\" data-large_image_width=\"640\" data-large_image_height=\"480\"href='https:\/\/www.radiopiu.net\/wordpress\/wp-content\/uploads\/2023\/10\/IMG_0061.jpg'><img loading=\"lazy\" decoding=\"async\" width=\"300\" height=\"225\" src=\"https:\/\/www.radiopiu.net\/wordpress\/wp-content\/uploads\/2023\/10\/IMG_0061-300x225.jpg\" class=\"attachment-medium size-medium\" alt=\"\" srcset=\"https:\/\/www.radiopiu.net\/wordpress\/wp-content\/uploads\/2023\/10\/IMG_0061-300x225.jpg 300w, https:\/\/www.radiopiu.net\/wordpress\/wp-content\/uploads\/2023\/10\/IMG_0061.jpg 640w\" sizes=\"auto, (max-width: 300px) 100vw, 300px\" \/><\/a>\n\t\t\t\t<\/dt><\/dl><dl class='gallery-item'>\n\t\t\t\t<dt class='gallery-icon landscape'>\n\t\t\t\t\t<a class=\"rollover rollover-zoom dt-pswp-item\" title=\"IMG_0059\" data-dt-img-description=\"\" data-large_image_width=\"640\" data-large_image_height=\"480\"href='https:\/\/www.radiopiu.net\/wordpress\/wp-content\/uploads\/2023\/10\/IMG_0059.jpg'><img loading=\"lazy\" decoding=\"async\" width=\"300\" height=\"225\" src=\"https:\/\/www.radiopiu.net\/wordpress\/wp-content\/uploads\/2023\/10\/IMG_0059-300x225.jpg\" class=\"attachment-medium size-medium\" alt=\"\" srcset=\"https:\/\/www.radiopiu.net\/wordpress\/wp-content\/uploads\/2023\/10\/IMG_0059-300x225.jpg 300w, https:\/\/www.radiopiu.net\/wordpress\/wp-content\/uploads\/2023\/10\/IMG_0059.jpg 640w\" sizes=\"auto, (max-width: 300px) 100vw, 300px\" \/><\/a>\n\t\t\t\t<\/dt><\/dl><br style=\"clear: both\" \/>\n\t\t\t<\/div>\n\n<p>&nbsp;<\/p>\n<p>&nbsp;<\/p>\n<hr \/>\n<p>&nbsp;<\/p>\n<blockquote><p><strong>REDAZIONE<\/strong>\u00a0 Ieri tra le 12 e le 15\u00a0 uomini e donne del Suem 118 sono usciti in soccorso di\u00a0 tre persone, tutte portate al San Martino di Belluno con codice di media gravit\u00e0. Una donna di 71 anni infortunata a Tai di Cadore mentre era in passeggiata (sospetta frattura del femore), a Calalzo trauma alla colonna per un 59enne di Pieve di Cadore portato in ospedale con l&#8217;elicottero Falco. Il velivolo Leone \u00e8 invece intervenuto a Funes per un 65enne di Orsago (politrauma).<\/p><\/blockquote>\n<p>&nbsp;<\/p>\n<blockquote>\n<h3>CADE E SI FRATTURA IL FEMORE, RIALZATA DAGLI UOMINI DEL SOCCORSO ALPINO<\/h3>\n<\/blockquote>\n<p><img loading=\"lazy\" decoding=\"async\" class=\"alignleft\" src=\"https:\/\/www.radiopiu.net\/wordpress\/wp-content\/uploads\/2023\/09\/447b5398-6730-4e17-aafb-a19aec8341de.jpg\" width=\"193\" height=\"89\" \/><strong>VALLE DI CADORE\u00a0<\/strong> Ruzzola nel bosco durante una camminata nella zona del Col Vaccher. La 71enne di Perarolo di Cadore, che si trovava da sola ha chiamato la figlia. L&#8217;elicottero del Suem, con l&#8217;aiuto dei soccorritori \u00e8 stata portata al San Martino di Belluno con una sospetta frattura al femore.<\/p>\n<p>&nbsp;<\/p>\n<p>&nbsp;<\/p>\n<blockquote>\n<h3>SI INFORTUNA MENTRE FA LEGNA<\/h3>\n<\/blockquote>\n<p><strong>DOMEGGE DI CADORE<\/strong> In Val Chiarana,\u00a0 mentre faceva legna assieme ad altre persone nei pressi di una Baita, un uomo di Pieve di Cadore\u00a0 si \u00e8 fatto male alla schiena, l&#8217;infortunato \u00e8 stato caricato in barella e trasportato in jeep da una squadra del Soccorso alpino di Pieve di Cadore fino in piazzola, per poi essere trasferito sull&#8217;eliambulanza e accompagnato all&#8217;ospedale di Belluno.<\/p>\n<p>&nbsp;<\/p>\n<p>&nbsp;<\/p>\n<hr \/>\n<p>&nbsp;<\/p>\n<p>&nbsp;<\/p>\n<blockquote>\n<h3><a class=\"dt-pswp-item\" href=\"https:\/\/www.radiopiu.net\/wordpress\/wp-content\/uploads\/2023\/10\/don_Bertozzo.jpg\" data-dt-img-description=\"\" data-large_image_width=\"335\" data-large_image_height=\"473\"><img loading=\"lazy\" decoding=\"async\" class=\"size-medium wp-image-356388 alignleft\" src=\"https:\/\/www.radiopiu.net\/wordpress\/wp-content\/uploads\/2023\/10\/don_Bertozzo-212x300.jpg\" alt=\"\" width=\"212\" height=\"300\" srcset=\"https:\/\/www.radiopiu.net\/wordpress\/wp-content\/uploads\/2023\/10\/don_Bertozzo-212x300.jpg 212w, https:\/\/www.radiopiu.net\/wordpress\/wp-content\/uploads\/2023\/10\/don_Bertozzo.jpg 335w\" sizes=\"auto, (max-width: 212px) 100vw, 212px\" \/><\/a>ADDIO AL SACERDOTE DELL&#8217;AGOSTI<\/h3>\n<\/blockquote>\n<p><strong>BELLUNO<\/strong>\u00a0 Don Vittorio Bertozzo, un sacerdote salesiano molto amato e rispettato, \u00e8 deceduto all&#8217;et\u00e0 di 91 anni. Ha trascorso 72 anni dedicati alla sua professione religiosa e 62 anni come sacerdote. Originario di S. Benedetto di Trissino (Vicenza), si era trasferito a Belluno e ha insegnato lingue, in particolare francese e inglese, presso l&#8217;Istituto Agosti. Don Vittorio ha lasciato un&#8217;impronta indelebile sui suoi ex allievi, che lo ricordano per la sua serenit\u00e0 e la sua dedizione all&#8217;insegnamento. Molte generazioni di studenti hanno imparato da lui e ricordano le sue lezioni di vita. Era noto per la sua gentilezza e generosit\u00e0, distribuendo dolcetti e scattando foto durante gli eventi della comunit\u00e0 salesiana. Anche dopo il suo ritiro dall&#8217;insegnamento, don Vittorio ha continuato a mantenere stretti rapporti con i suoi ex allievi e le loro famiglie. Ha condiviso la sua gioia di vivere e insegnare fino all&#8217;ultimo mese della sua vita. I funerali di Don Vittorio Bertozzo si terranno venerd\u00ec alle 11 presso la chiesa di San Giovanni Bosco, seguiti dal trasferimento della salma nel cimitero del suo paese natale. Domani sera, nella chiesa dell&#8217;Agosti, verr\u00e0 recitato un rosario in suo suffragio, in onore della sua memoria e del suo contributo alla comunit\u00e0 salesiana.<\/p>\n<p>&nbsp;<\/p>\n<p>&nbsp;<\/p>\n<hr \/>\n<p>&nbsp;<\/p>\n<blockquote>\n<h2>Attacco di lupi all&#8217;azienda agricola dell&#8217;istituto agrario di Vellai<\/h2>\n<\/blockquote>\n<p><strong><a class=\"dt-pswp-item\" href=\"https:\/\/www.radiopiu.net\/wordpress\/wp-content\/uploads\/2023\/10\/Senza-nome-21.png\" data-dt-img-description=\"\" data-large_image_width=\"400\" data-large_image_height=\"250\"><img loading=\"lazy\" decoding=\"async\" class=\"size-medium wp-image-356385 alignleft\" src=\"https:\/\/www.radiopiu.net\/wordpress\/wp-content\/uploads\/2023\/10\/Senza-nome-21-300x188.png\" alt=\"\" width=\"300\" height=\"188\" srcset=\"https:\/\/www.radiopiu.net\/wordpress\/wp-content\/uploads\/2023\/10\/Senza-nome-21-300x188.png 300w, https:\/\/www.radiopiu.net\/wordpress\/wp-content\/uploads\/2023\/10\/Senza-nome-21.png 400w\" sizes=\"auto, (max-width: 300px) 100vw, 300px\" \/><\/a>FELTRE<\/strong> Nella notte tra luned\u00ec e ieri, un nucleo familiare di lupi ha messo a segno un brutale raid nell&#8217;azienda agricola dell&#8217;istituto agrario di Vellai, uccidendo dodici pecore di razza Lamon, esemplari da riproduzione certificati. L&#8217;attacco non \u00e8 stato fermato dalle precauzioni adottate, tra cui una recinzione doppia e una barriera elettrificata, nonostante l&#8217;azienda si trovi a soli cinquanta metri dal convitto scolastico dell&#8217;istituto Della Lucia. Alcune pecore sono state divorate, altre uccise e abbandonate, mentre altre risultano ferite, alcune gravemente. L&#8217;agronomo Stefano Sanson, docente dell&#8217;istituto, ha dichiarato che questa perdita rappresenta un colpo significativo per il progetto di valorizzazione della razza Lamon, anche se il progetto continua. Nonostante tutte le precauzioni adottate, i lupi sono riusciti a penetrare nell&#8217;area, sfidando le misure di protezione. Gli animali sopravvissuti sono stati temporaneamente ricoverati in una struttura provvisoria in attesa dello smaltimento delle carcasse delle pecore uccise.<\/p>\n<p>&nbsp;<\/p>\n<hr \/>\n<p>&nbsp;<\/p>\n<blockquote>\n<h3>PROPOSTA DI COLLEGAMENTI FERROVIARI NELLE DOLOMITI: UN DIALOGO INTERREGIONALE PER LA MOBILITA&#8217; SOSTENIBILE<\/h3>\n<\/blockquote>\n<p><strong>REDAZIONE<\/strong> L&#8217;associazione Transdolomites e il Comitato Ferrovia Dolomiti Bellunesi stanno cercando di promuovere la realizzazione di un collegamento ferroviario tra Trento e Penia di Canazei, coinvolgendo diverse regioni. Un&#8217;importante conferenza internazionale sui collegamenti ferroviari interstatali \u00e8 prevista a Zurigo, e\u00a0 un evento simile sar\u00e0 organizzato nell&#8217;Agordino.<\/p>\n<p>&nbsp;<\/p>\n<p>DI GIANNI SANTOMASO<\/p>\n<audio class=\"wp-audio-shortcode\" id=\"audio-356241-1\" preload=\"none\" style=\"width: 100%;\" controls=\"controls\"><source type=\"audio\/mpeg\" src=\"https:\/\/www.radiopiu.net\/wordpress\/wp-content\/uploads\/2023\/10\/TRENO-GIANNI.mp3?_=1\" \/><a href=\"https:\/\/www.radiopiu.net\/wordpress\/wp-content\/uploads\/2023\/10\/TRENO-GIANNI.mp3\">https:\/\/www.radiopiu.net\/wordpress\/wp-content\/uploads\/2023\/10\/TRENO-GIANNI.mp3<\/a><\/audio>\n<p>&nbsp;<\/p>\n<p><strong>MASSIMO GIRARDI, TRANSDOLOMITES<\/strong><\/p>\n<div style=\"width: 848px;\" class=\"wp-video\"><video class=\"wp-video-shortcode\" id=\"video-356241-2\" width=\"848\" height=\"480\" preload=\"metadata\" controls=\"controls\"><source type=\"video\/mp4\" src=\"https:\/\/www.radiopiu.net\/wordpress\/wp-content\/uploads\/2023\/10\/WhatsApp-Video-2023-10-10-at-12.56.50.mp4?_=2\" \/><a href=\"https:\/\/www.radiopiu.net\/wordpress\/wp-content\/uploads\/2023\/10\/WhatsApp-Video-2023-10-10-at-12.56.50.mp4\">https:\/\/www.radiopiu.net\/wordpress\/wp-content\/uploads\/2023\/10\/WhatsApp-Video-2023-10-10-at-12.56.50.mp4<\/a><\/video><\/div>\n<p>&nbsp;<\/p>\n<hr \/>\n<p>&nbsp;<\/p>\n<blockquote>\n<h3>MERCATO IMMOBILIARE IN VENETO<\/h3>\n<p><em>La provincia di Belluno si classifica come territorio pi\u00f9 caro, con un canone d\u2019affitto medio di 19,1 euro al metro quadro.<\/em><\/p><\/blockquote>\n<p><a class=\"dt-pswp-item\" href=\"https:\/\/www.radiopiu.net\/wordpress\/wp-content\/uploads\/2023\/04\/Mutui-casa_cPaeGAG.jpg\" data-dt-img-description=\"stack of money and home models, home insurance ideas and insurance agents for those interested.\" data-large_image_width=\"900\" data-large_image_height=\"536\"><img loading=\"lazy\" decoding=\"async\" class=\"alignleft wp-image-329921 \" src=\"https:\/\/www.radiopiu.net\/wordpress\/wp-content\/uploads\/2023\/04\/Mutui-casa_cPaeGAG-300x179.jpg\" alt=\"\" width=\"156\" height=\"93\" srcset=\"https:\/\/www.radiopiu.net\/wordpress\/wp-content\/uploads\/2023\/04\/Mutui-casa_cPaeGAG-300x179.jpg 300w, https:\/\/www.radiopiu.net\/wordpress\/wp-content\/uploads\/2023\/04\/Mutui-casa_cPaeGAG-768x457.jpg 768w, https:\/\/www.radiopiu.net\/wordpress\/wp-content\/uploads\/2023\/04\/Mutui-casa_cPaeGAG.jpg 900w\" sizes=\"auto, (max-width: 156px) 100vw, 156px\" \/><\/a><strong>MILANO<\/strong> Nel terzo trimestre del 2023, il mercato immobiliare veneto mostra un rallentamento con una tendenza alla stabilit\u00e0 nei canoni d&#8217;affitto (+0,5%) dopo un aumento significativo nell&#8217;anno precedente. I prezzi di vendita, al contrario, registrano una crescita pi\u00f9 sostenuta (+1,7%), portando il dato annuale vicino al +6%. Attualmente, il costo medio per acquistare una casa in Veneto \u00e8 di 2.123 euro al metro quadro, mentre per l&#8217;affitto sono necessari 11,2 euro al metro quadro. Per quanto riguarda l&#8217;affitto, l&#8217;offerta di immobili in locazione diminuisce nel terzo trimestre, ma a un ritmo pi\u00f9 lento rispetto all&#8217;anno precedente, la domanda mostra una crescita pi\u00f9 significativa, chiudendo il trimestre con un +16,3%.<\/p>\n<p>&nbsp;<\/p>\n<hr \/>\n<p>&nbsp;<\/p>\n<blockquote>\n<h3><a class=\"dt-pswp-item\" href=\"https:\/\/www.radiopiu.net\/wordpress\/wp-content\/uploads\/2019\/02\/259-2019-Ass.-Caner.jpg\" data-dt-img-description=\"\" data-large_image_width=\"2000\" data-large_image_height=\"1333\"><img loading=\"lazy\" decoding=\"async\" class=\"wp-image-76840 alignleft\" src=\"https:\/\/www.radiopiu.net\/wordpress\/wp-content\/uploads\/2019\/02\/259-2019-Ass.-Caner-300x200.jpg\" alt=\"\" width=\"236\" height=\"157\" srcset=\"https:\/\/www.radiopiu.net\/wordpress\/wp-content\/uploads\/2019\/02\/259-2019-Ass.-Caner-300x200.jpg 300w, https:\/\/www.radiopiu.net\/wordpress\/wp-content\/uploads\/2019\/02\/259-2019-Ass.-Caner-768x512.jpg 768w, https:\/\/www.radiopiu.net\/wordpress\/wp-content\/uploads\/2019\/02\/259-2019-Ass.-Caner-1024x682.jpg 1024w, https:\/\/www.radiopiu.net\/wordpress\/wp-content\/uploads\/2019\/02\/259-2019-Ass.-Caner.jpg 2000w\" sizes=\"auto, (max-width: 236px) 100vw, 236px\" \/><\/a>CON IL FONDO UNICO NAZIONALE PER IL TURISMO ANCHE LA RISTRUTTURAZIONE DEL CINEMA EDEN<\/h3>\n<p>&nbsp;<\/p><\/blockquote>\n<p><strong>CORTINA<\/strong> La Giunta regionale, su proposta dell\u2019assessore Federico Caner, ha approvato\u00a0 i progetti da presentare al Ministero del Turismo per un importo complessivo di oltre 5 milioni di euro.\u00a0<em>\u201cSi tratta di tre proposte di intervento &#8211; spiega l\u2019assessore &#8211; che hanno l\u2019obiettivo di migliorare la fruibilit\u00e0 e l\u2019accessibilit\u00e0 dei luoghi di interesse turistico&#8221;<\/em> .\u00a0 Le opere presentate per il finanziamento: la Ciclovia nazionale Vento e Adriatica,\u00a0 la Ciclovia nazionale del Garda tratto Veneto e la ristrutturazione del cinema Eden di Cortina, costo: 1.675.000 euro, punta a un generale rinnovamento dell\u2019edificio storico nel quale si prevede l\u2019allestimento di una mostra dell\u2019artigianato locale permanente e una mostra fotografica dei luoghi e del paesaggio del territorio.<\/p>\n<p>&nbsp;<\/p>\n<p>&nbsp;<\/p>\n<p>&nbsp;<\/p>\n<hr \/>\n<p>&nbsp;<\/p>\n<p>&nbsp;<\/p>\n<blockquote>\n<h3><a class=\"dt-pswp-item\" href=\"https:\/\/www.radiopiu.net\/wordpress\/wp-content\/uploads\/2023\/10\/Upi-LAquila-Mattarella.jpg\" data-dt-img-description=\"\" data-large_image_width=\"768\" data-large_image_height=\"1024\"><img loading=\"lazy\" decoding=\"async\" class=\" wp-image-356371 alignleft\" src=\"https:\/\/www.radiopiu.net\/wordpress\/wp-content\/uploads\/2023\/10\/Upi-LAquila-Mattarella-225x300.jpg\" alt=\"\" width=\"182\" height=\"243\" srcset=\"https:\/\/www.radiopiu.net\/wordpress\/wp-content\/uploads\/2023\/10\/Upi-LAquila-Mattarella-225x300.jpg 225w, https:\/\/www.radiopiu.net\/wordpress\/wp-content\/uploads\/2023\/10\/Upi-LAquila-Mattarella.jpg 768w\" sizes=\"auto, (max-width: 182px) 100vw, 182px\" \/><\/a>Il presidente della Provincia all\u2019assemblea Upi nazionale all\u2019Aquila, sotto la lente il ruolo degli enti locali e il possibile ripristino dell\u2019elettivit\u00e0<\/h3>\n<\/blockquote>\n<p><strong>AQUILA\u00a0<\/strong>\u00a0L\u2019assemblea dell\u2019Upi si \u00e8 aperta con una sottolineatura sul Pnrr e con la richiesta del presidente nazionale De Pascale di concludere il processo di riforma delle Province. \u00abSiamo normati da una legge di 10 anni fa, approvata in attesa di referendum costituzionale &#8211; la Delrio -, non possiamo essere normati ancora da una legge transitoria\u00bb. Nel suo intervento il presidente Mattarella ha sottolineato l\u2019importanza del ruolo delle Province. L\u2019auspicio del presidente Mattarella \u00e8\u00a0 il ritorno delle Province a enti di riferimento per i territori. Il presidente Padrin interverr\u00e0 oggi all\u2019assemblea, in un panel dedicato al futuro delle Province e della Pubblica amministrazione.<\/p>\n<p>&nbsp;<\/p>\n<p>&nbsp;<\/p>\n<blockquote>\n<h3>IERI ALL&#8217;AQULA PENSANDO AL VAJONT<\/h3>\n<\/blockquote>\n<p><a class=\"dt-pswp-item\" href=\"https:\/\/www.radiopiu.net\/wordpress\/wp-content\/uploads\/2023\/10\/Upi-LAquila.jpg\" data-dt-img-description=\"\" data-large_image_width=\"2048\" data-large_image_height=\"1366\"><img loading=\"lazy\" decoding=\"async\" class=\" wp-image-356373 alignleft\" src=\"https:\/\/www.radiopiu.net\/wordpress\/wp-content\/uploads\/2023\/10\/Upi-LAquila-300x200.jpg\" alt=\"\" width=\"219\" height=\"146\" srcset=\"https:\/\/www.radiopiu.net\/wordpress\/wp-content\/uploads\/2023\/10\/Upi-LAquila-300x200.jpg 300w, https:\/\/www.radiopiu.net\/wordpress\/wp-content\/uploads\/2023\/10\/Upi-LAquila-1024x683.jpg 1024w, https:\/\/www.radiopiu.net\/wordpress\/wp-content\/uploads\/2023\/10\/Upi-LAquila-768x512.jpg 768w, https:\/\/www.radiopiu.net\/wordpress\/wp-content\/uploads\/2023\/10\/Upi-LAquila-1536x1025.jpg 1536w, https:\/\/www.radiopiu.net\/wordpress\/wp-content\/uploads\/2023\/10\/Upi-LAquila.jpg 2048w\" sizes=\"auto, (max-width: 219px) 100vw, 219px\" \/><\/a>Il presidente Sergio Mattarella a Roberto Padrin il giorno dopo le ce<em>lebrazioni sulla diga del Vajont \u00abMi ha ringraziato cordialmente\u00bb spiega Roberto Padrin. \u00abAll\u2019ingresso ha definito coinvolgente la cerimonia in cimitero e in diga. Poi all\u2019uscita mi ha ribadito che ha trovato commovente la mattinata. Le sue parole, il suo appello per tenere a Belluno il fondo processuale del Vajont, ci confortano nella speranza di poter conservare qui le carte dell\u2019inchiesta, sul territorio che ha subito il disastro e poi certe scelte in sede di giudizio penale. Nelle prossime settimane scriveremo al ministro della cultura Sangiuliano per capire l\u2019iter della questione\u00bb.\u00a0<\/em><\/p>\n<p>&nbsp;<\/p>\n<p>&nbsp;<\/p>\n<hr \/>\n<p>&nbsp;<\/p>\n<p>&nbsp;<\/p>\n<blockquote>\n<h3>SILVIO TOMASELLI A 80 ANNI DALLA SCOMPARSA<\/h3>\n<\/blockquote>\n<p><img loading=\"lazy\" decoding=\"async\" class=\"alignleft\" src=\"https:\/\/www.radiopiu.net\/wordpress\/wp-content\/uploads\/2023\/10\/29cb6b22-8d9e-4483-8d12-5e793b90b1e2-300x300.jpg\" width=\"150\" height=\"150\" \/><strong>AUDIO<\/strong><\/p>\n<p><strong>GIANNI SANTOMASO<\/strong><\/p>\n<audio class=\"wp-audio-shortcode\" id=\"audio-356241-2\" preload=\"none\" style=\"width: 100%;\" controls=\"controls\"><source type=\"audio\/mpeg\" src=\"https:\/\/www.radiopiu.net\/wordpress\/wp-content\/uploads\/2023\/10\/GIANNI-STORIA.mp3?_=2\" \/><a href=\"https:\/\/www.radiopiu.net\/wordpress\/wp-content\/uploads\/2023\/10\/GIANNI-STORIA.mp3\">https:\/\/www.radiopiu.net\/wordpress\/wp-content\/uploads\/2023\/10\/GIANNI-STORIA.mp3<\/a><\/audio>\n<p>&nbsp;<\/p>\n<p>&nbsp;<\/p>\n<hr \/>\n<p>&nbsp;<\/p>\n<blockquote>\n<h3>UN PARROCO PER 8 COMUNITA&#8217;<\/h3>\n<\/blockquote>\n<p><strong>FELTRE<\/strong> Il Vescovo della Diocesi di Belluno-Feltre, mons. Renato Marangoni domenica a Villapaiera, conferir\u00e0 a mons. Angelo Balcon l\u2019incarico di Parroco e a Don Sandro De Gasperi quello di Vicario parrocchiale per le Comunit\u00e0 di Anz\u00f9, Nemeggio, Sanzan e Villapaiera. Domenica don Angelo Balcon diviene parroco di tutte otto le parrocchie, coadiuvato dal vicario parrocchiale don <a class=\"dt-pswp-item\" href=\"https:\/\/www.radiopiu.net\/wordpress\/wp-content\/uploads\/2023\/10\/Senza-nome-24.png\" data-dt-img-description=\"\" data-large_image_width=\"278\" data-large_image_height=\"271\"><img loading=\"lazy\" decoding=\"async\" class=\" wp-image-356396 alignleft\" src=\"https:\/\/www.radiopiu.net\/wordpress\/wp-content\/uploads\/2023\/10\/Senza-nome-24.png\" alt=\"\" width=\"120\" height=\"117\" \/><\/a>Sandro De Gasperi. A don Angelo \u00e8 affidato contestualmente il compito di moderatore di tale collaborazione tra le comunit\u00e0 parrocchiali.<\/p>\n<p>Nato il 17 ottobre 1965, don Angelo Balcon \u00e8 dal 12 gennaio 2020 parroco delle tre parrocchie del centro e di quella di Zermen.\u00a0 Dopo l&#8217;anno del diaconato trascorso con don Arnaldo Miatto a Santa Giustina, \u00e8 stato ordinato sacerdote dal vescovo Brollo a Belluno il 24 maggio 1997 e subito nominato vicario di monsignor Lino Mottes ad Agordo. Ha insegnato alla media Pertile di Agordo e nella sede distaccata di Gosaldo fino al trasferimento in Comelico nell&#8217;agosto del 2003<\/p>\n<p>&nbsp;<\/p>\n<hr \/>\n<p>&nbsp;<\/p>\n<p>&nbsp;<\/p>\n<blockquote>\n<h3>DAL 6 AL 15 OTTOBRE RITORNA &#8220;OLTRE LE VETTE&#8221; A BELLUNO<\/h3>\n<\/blockquote>\n<p><strong><a class=\"dt-pswp-item\" href=\"https:\/\/www.radiopiu.net\/wordpress\/wp-content\/uploads\/2023\/10\/download.jpg\" data-dt-img-description=\"\" data-large_image_width=\"1024\" data-large_image_height=\"512\"><img loading=\"lazy\" decoding=\"async\" class=\" wp-image-355200 alignleft\" src=\"https:\/\/www.radiopiu.net\/wordpress\/wp-content\/uploads\/2023\/10\/download-300x150.jpg\" alt=\"\" width=\"224\" height=\"112\" srcset=\"https:\/\/www.radiopiu.net\/wordpress\/wp-content\/uploads\/2023\/10\/download-300x150.jpg 300w, https:\/\/www.radiopiu.net\/wordpress\/wp-content\/uploads\/2023\/10\/download-768x384.jpg 768w, https:\/\/www.radiopiu.net\/wordpress\/wp-content\/uploads\/2023\/10\/download.jpg 1024w\" sizes=\"auto, (max-width: 224px) 100vw, 224px\" \/><\/a>BELLUNO<\/strong> Ritorna, dal 6 al 15 ottobre, il festival OLTRE LE VETTE, che fa di Belluno la capitale italiana della cultura di montagna. In programma, pi\u00f9 di 30 eventi tra incontri con alpinisti e protagonisti della montagna, film e spettacoli, presentazioni di libri, mostre ed eventi all&#8217;aperto. Tutti a ingresso gratuito. Tante le novit\u00e0 di questa 27esima edizione e i nomi importanti in arrivo a Belluno: scopri il programma completo su www.oltrelevette.it e prenota il tuo posto.<\/p>\n<p>&nbsp;<\/p>\n<p>&nbsp;<\/p>\n<blockquote>\n<h3><a class=\"dt-pswp-item\" href=\"https:\/\/www.radiopiu.net\/wordpress\/wp-content\/uploads\/2023\/10\/Antonio_Castronuovo.jpg\" data-dt-img-description=\"\" data-large_image_width=\"800\" data-large_image_height=\"1084\"><img loading=\"lazy\" decoding=\"async\" class=\" wp-image-356323 alignleft\" src=\"https:\/\/www.radiopiu.net\/wordpress\/wp-content\/uploads\/2023\/10\/Antonio_Castronuovo-221x300.jpg\" alt=\"\" width=\"141\" height=\"191\" srcset=\"https:\/\/www.radiopiu.net\/wordpress\/wp-content\/uploads\/2023\/10\/Antonio_Castronuovo-221x300.jpg 221w, https:\/\/www.radiopiu.net\/wordpress\/wp-content\/uploads\/2023\/10\/Antonio_Castronuovo-756x1024.jpg 756w, https:\/\/www.radiopiu.net\/wordpress\/wp-content\/uploads\/2023\/10\/Antonio_Castronuovo-768x1041.jpg 768w, https:\/\/www.radiopiu.net\/wordpress\/wp-content\/uploads\/2023\/10\/Antonio_Castronuovo.jpg 800w\" sizes=\"auto, (max-width: 141px) 100vw, 141px\" \/><\/a>A OLTRE LE VETTE ANTONIO CASTRONUOVO<\/h3>\n<\/blockquote>\n<p><em>intellettuale eclettico e autore di una clamorosa scoperta letteraria<\/em><\/p>\n<p><strong>BELLUNO Oggi<\/strong> alle 18 a Palazzo Bembo,\u00a0 Antonio Castronuovo ha fatto una tra le scoperte letterarie pi\u00f9 clamorose degli ultimi tempi: un pezzo ignoto di Carlo Emilio Gadda, sfuggito agli studiosi e pubblicato ora a Milano da De Piante col titolo &#8220;Assalto con mine alla montagna&#8221;. La prosa del 1934 descrive la spettacolare esplosione di una enorme mina alle cave di marmo di Carrara. L\u2019autore della scoperta dialogher\u00e0 con Diego Cason.<\/p>\n<p>&nbsp;<\/p>\n<p>&nbsp;<\/p>\n<p>&nbsp;<\/p>\n<blockquote>\n<h3><a class=\"dt-pswp-item\" href=\"https:\/\/www.radiopiu.net\/wordpress\/wp-content\/uploads\/2023\/10\/marco-albino_ferrari-olv-2023.jpg\" data-dt-img-description=\"\" data-large_image_width=\"2560\" data-large_image_height=\"2510\"><img loading=\"lazy\" decoding=\"async\" class=\"wp-image-356324 alignleft\" src=\"https:\/\/www.radiopiu.net\/wordpress\/wp-content\/uploads\/2023\/10\/marco-albino_ferrari-olv-2023-300x294.jpg\" alt=\"\" width=\"122\" height=\"120\" srcset=\"https:\/\/www.radiopiu.net\/wordpress\/wp-content\/uploads\/2023\/10\/marco-albino_ferrari-olv-2023-300x294.jpg 300w, https:\/\/www.radiopiu.net\/wordpress\/wp-content\/uploads\/2023\/10\/marco-albino_ferrari-olv-2023-1024x1004.jpg 1024w, https:\/\/www.radiopiu.net\/wordpress\/wp-content\/uploads\/2023\/10\/marco-albino_ferrari-olv-2023-768x753.jpg 768w, https:\/\/www.radiopiu.net\/wordpress\/wp-content\/uploads\/2023\/10\/marco-albino_ferrari-olv-2023-1536x1506.jpg 1536w, https:\/\/www.radiopiu.net\/wordpress\/wp-content\/uploads\/2023\/10\/marco-albino_ferrari-olv-2023-2048x2008.jpg 2048w\" sizes=\"auto, (max-width: 122px) 100vw, 122px\" \/><\/a>AL TEATRO COMUNALE &#8220;ASSALTO ALLE ALPI&#8221;<\/h3>\n<p><em>Dopo il debutto a Trento, lo spettacolo sta riscuotendo un notevole successo in tutta l\u2019Italia settentrionale.<\/em><\/p><\/blockquote>\n<p><strong>BELLUNO<\/strong> Questa sera alla 21 la rassegna Oltre le vette \u2013 Metafore, uomini, luoghi della montagna ha in programma lo spettacolo &#8220;Assalto alle Alpi&#8221;, di e con Marco Albino Ferrari.\u00a0 Ferrari, giornalista e scrittore, creatore della rivista Meridiani Montagne e autore di molti libri di successo, \u00e8 stato responsabile del settore Cultura del Club Alpino Italiano. Ferrari porter\u00e0 sul palco del Teatro Comunale il suo intenso monologo<\/p>\n<p>&nbsp;<\/p>\n<p>&nbsp;<\/p>\n<hr \/>\n<blockquote>\n<h3>LA FESTA DEL MIELE A LIMANA<\/h3>\n<\/blockquote>\n<blockquote><p><em>Cinque giorni invece dei tradizionali tre e quasi 40 mieli in gara per il ritorno del tradizionale concorso: da venerd\u00ec e per due weekend torna a Limana la Festa del Miele.<\/em><\/p><\/blockquote>\n<p><strong>LIMANA<\/strong><\/p>\n<p><strong>DANIELE DAL VIT<\/strong><\/p>\n<audio class=\"wp-audio-shortcode\" id=\"audio-356241-3\" preload=\"none\" style=\"width: 100%;\" controls=\"controls\"><source type=\"audio\/mpeg\" src=\"https:\/\/www.radiopiu.net\/wordpress\/wp-content\/uploads\/2023\/10\/Radio-Piu-Servizio-Festa-miele-Limana-2023.mp3?_=3\" \/><a href=\"https:\/\/www.radiopiu.net\/wordpress\/wp-content\/uploads\/2023\/10\/Radio-Piu-Servizio-Festa-miele-Limana-2023.mp3\">https:\/\/www.radiopiu.net\/wordpress\/wp-content\/uploads\/2023\/10\/Radio-Piu-Servizio-Festa-miele-Limana-2023.mp3<\/a><\/audio>\n\n\t\t\t<style type='text\/css'>\n\t\t\t\t#gallery-5 {\n\t\t\t\t\tmargin: auto;\n\t\t\t\t}\n\t\t\t\t#gallery-5 .gallery-item {\n\t\t\t\t\tfloat: left;\n\t\t\t\t\tmargin-top: 10px;\n\t\t\t\t\ttext-align: center;\n\t\t\t\t\twidth: 50%;\n\t\t\t\t}\n\t\t\t\t#gallery-5 img {\n\t\t\t\t\tborder: 2px solid #cfcfcf;\n\t\t\t\t}\n\t\t\t\t#gallery-5 .gallery-caption {\n\t\t\t\t\tmargin-left: 0;\n\t\t\t\t}\n\t\t\t\t\/* see gallery_shortcode() in wp-includes\/media.php *\/\n\t\t\t<\/style>\n\t\t<div id='gallery-5' class='dt-gallery-container gallery galleryid-356241 gallery-columns-2 gallery-size-medium'><dl class='gallery-item'>\n\t\t\t\t<dt class='gallery-icon landscape'>\n\t\t\t\t\t<a class=\"rollover rollover-zoom dt-pswp-item\" title=\"51639a74-6f14-496e-9be5-c3d430f140f2\" data-dt-img-description=\"\" data-large_image_width=\"2048\" data-large_image_height=\"1536\"href='https:\/\/www.radiopiu.net\/wordpress\/wp-content\/uploads\/2023\/10\/51639a74-6f14-496e-9be5-c3d430f140f2.jpg'><img loading=\"lazy\" decoding=\"async\" width=\"300\" height=\"225\" src=\"https:\/\/www.radiopiu.net\/wordpress\/wp-content\/uploads\/2023\/10\/51639a74-6f14-496e-9be5-c3d430f140f2-300x225.jpg\" class=\"attachment-medium size-medium\" alt=\"\" srcset=\"https:\/\/www.radiopiu.net\/wordpress\/wp-content\/uploads\/2023\/10\/51639a74-6f14-496e-9be5-c3d430f140f2-300x225.jpg 300w, https:\/\/www.radiopiu.net\/wordpress\/wp-content\/uploads\/2023\/10\/51639a74-6f14-496e-9be5-c3d430f140f2-1024x768.jpg 1024w, https:\/\/www.radiopiu.net\/wordpress\/wp-content\/uploads\/2023\/10\/51639a74-6f14-496e-9be5-c3d430f140f2-768x576.jpg 768w, https:\/\/www.radiopiu.net\/wordpress\/wp-content\/uploads\/2023\/10\/51639a74-6f14-496e-9be5-c3d430f140f2-1536x1152.jpg 1536w, https:\/\/www.radiopiu.net\/wordpress\/wp-content\/uploads\/2023\/10\/51639a74-6f14-496e-9be5-c3d430f140f2.jpg 2048w\" sizes=\"auto, (max-width: 300px) 100vw, 300px\" \/><\/a>\n\t\t\t\t<\/dt><\/dl><dl class='gallery-item'>\n\t\t\t\t<dt class='gallery-icon landscape'>\n\t\t\t\t\t<a class=\"rollover rollover-zoom dt-pswp-item\" title=\"328aa7dd-0ba3-41f7-86b0-2bb76d45c4dd\" data-dt-img-description=\"\" data-large_image_width=\"2048\" data-large_image_height=\"1536\"href='https:\/\/www.radiopiu.net\/wordpress\/wp-content\/uploads\/2023\/10\/328aa7dd-0ba3-41f7-86b0-2bb76d45c4dd.jpg'><img loading=\"lazy\" decoding=\"async\" width=\"300\" height=\"225\" src=\"https:\/\/www.radiopiu.net\/wordpress\/wp-content\/uploads\/2023\/10\/328aa7dd-0ba3-41f7-86b0-2bb76d45c4dd-300x225.jpg\" class=\"attachment-medium size-medium\" alt=\"\" srcset=\"https:\/\/www.radiopiu.net\/wordpress\/wp-content\/uploads\/2023\/10\/328aa7dd-0ba3-41f7-86b0-2bb76d45c4dd-300x225.jpg 300w, https:\/\/www.radiopiu.net\/wordpress\/wp-content\/uploads\/2023\/10\/328aa7dd-0ba3-41f7-86b0-2bb76d45c4dd-1024x768.jpg 1024w, https:\/\/www.radiopiu.net\/wordpress\/wp-content\/uploads\/2023\/10\/328aa7dd-0ba3-41f7-86b0-2bb76d45c4dd-768x576.jpg 768w, https:\/\/www.radiopiu.net\/wordpress\/wp-content\/uploads\/2023\/10\/328aa7dd-0ba3-41f7-86b0-2bb76d45c4dd-1536x1152.jpg 1536w, https:\/\/www.radiopiu.net\/wordpress\/wp-content\/uploads\/2023\/10\/328aa7dd-0ba3-41f7-86b0-2bb76d45c4dd.jpg 2048w\" sizes=\"auto, (max-width: 300px) 100vw, 300px\" \/><\/a>\n\t\t\t\t<\/dt><\/dl><br style=\"clear: both\" \/>\n\t\t\t<\/div>\n\n<p>&nbsp;<\/p>\n<p>&nbsp;<\/p>\n<hr \/>\n<p>&nbsp;<\/p>\n<p>&nbsp;<\/p>\n<p><a class=\"dt-pswp-item\" href=\"https:\/\/www.radiopiu.net\/wordpress\/wp-content\/uploads\/2023\/10\/Poste-Italiane-Lamosano-2023.jpg\" data-dt-img-description=\"\" data-large_image_width=\"746\" data-large_image_height=\"532\"><img loading=\"lazy\" decoding=\"async\" class=\"wp-image-356333 alignleft\" src=\"https:\/\/www.radiopiu.net\/wordpress\/wp-content\/uploads\/2023\/10\/Poste-Italiane-Lamosano-2023-300x214.jpg\" alt=\"\" width=\"147\" height=\"105\" srcset=\"https:\/\/www.radiopiu.net\/wordpress\/wp-content\/uploads\/2023\/10\/Poste-Italiane-Lamosano-2023-300x214.jpg 300w, https:\/\/www.radiopiu.net\/wordpress\/wp-content\/uploads\/2023\/10\/Poste-Italiane-Lamosano-2023.jpg 746w\" sizes=\"auto, (max-width: 147px) 100vw, 147px\" \/><\/a><\/p>\n<blockquote>\n<h3><strong>RIAPRE L\u2019UFFICIO POSTALE DI LAMOSANO<\/strong><\/h3>\n<\/blockquote>\n<p><strong>\u00a0ALPAGO <\/strong>Sono terminati i lavori di ristrutturazione della sede dell&#8217;ufficio postale\u00a0 di via della Conciliazione,\u00a0 la riapertura \u00e8 prevista per questa mattina.\u00a0Da domani sar\u00e0 a disposizione dei cittadini con il consueto orario.<\/p>\n<p>&nbsp;<\/p>\n<p>&nbsp;<\/p>\n<hr \/>\n<p>&nbsp;<\/p>\n<blockquote>\n<h3><strong><a class=\"dt-pswp-item\" href=\"https:\/\/www.radiopiu.net\/wordpress\/wp-content\/uploads\/2023\/10\/Ex-Tempore-Feltre.jpg\" data-dt-img-description=\"\" data-large_image_width=\"1530\" data-large_image_height=\"2040\"><img loading=\"lazy\" decoding=\"async\" class=\"wp-image-356292 alignleft\" src=\"https:\/\/www.radiopiu.net\/wordpress\/wp-content\/uploads\/2023\/10\/Ex-Tempore-Feltre-225x300.jpg\" alt=\"\" width=\"104\" height=\"139\" srcset=\"https:\/\/www.radiopiu.net\/wordpress\/wp-content\/uploads\/2023\/10\/Ex-Tempore-Feltre-225x300.jpg 225w, https:\/\/www.radiopiu.net\/wordpress\/wp-content\/uploads\/2023\/10\/Ex-Tempore-Feltre-768x1024.jpg 768w, https:\/\/www.radiopiu.net\/wordpress\/wp-content\/uploads\/2023\/10\/Ex-Tempore-Feltre-1152x1536.jpg 1152w, https:\/\/www.radiopiu.net\/wordpress\/wp-content\/uploads\/2023\/10\/Ex-Tempore-Feltre.jpg 1530w\" sizes=\"auto, (max-width: 104px) 100vw, 104px\" \/><\/a><\/strong>SABATO E DOMENICA\u00a0 EX TEMPORE DI SCULTURA SU LEGNO A FELTRE<\/h3>\n<\/blockquote>\n<p><strong>FELTRE <\/strong>Sei artisti dislocati in tre punti strategici del centro all&#8217;opera dal mattino fino a sera per riprodurre alcuni degli stemmi pi\u00f9 importanti della citt\u00e0. E&#8217; questa la formula dell&#8217;<em>ex tempore<\/em> di scultura su legno che, in occasione del Festival dell&#8217;Araldica, prender\u00e0 forma nei piccoli atelier all&#8217;aperto. I sei partecipanti: Aldo Pellencin, Andrea De Benedet, Diego Gazzi, Fabio Righes, Gino Lo Bartolo e Moris Feltrin. I lavori saranno\u00a0 esposti all&#8217;auditoriun dell&#8217;Istituto\u00a0 Canossiano.<\/p>\n<p>&nbsp;<\/p>\n<p>&nbsp;<\/p>\n<hr \/>\n<p>&nbsp;<\/p>\n<p>&nbsp;<\/p>\n<blockquote>\n<h3>FAME DI FIABE A SEDICO<\/h3>\n<\/blockquote>\n<p><strong>SEDICO<\/strong> Promuovere la lettura nella fascia da 0 a 11 anni. \u00c8 con questo obiettivo che sabato 30 settembre ha preso avvio il corso di lettura espressiva intitolato \u201c<em>Che storia mi leggi<\/em>?\u201d organizzato dall\u2019Istituto Comprensivo di Sedico-Sospirolo all\u2019interno del progetto \u201cFame di Fiabe\u201d. Si tratta di un\u2019iniziativa che ha le radici nel 2018. Cinque anni fa, infatti, il Comprensivo di Sedico si era fatto promotore a livello territoriale della condivisione di <em>buone pratiche<\/em> sul tema della lettura rivolgendosi, nell\u2019ottica di operare in rete, alle diverse istituzioni educative presenti sul territorio: le scuole pubbliche e private\/paritarie, le biblioteche e il mondo dell\u2019associazionismo. Una di queste \u00e8 la creazione di un gruppo di lettori volontari che possano condurre delle letture animate all\u2019interno delle tre biblioteche del territorio: quelle comunali di Sedico e Sospirolo e quella all\u2019aperto \u201cUn fiume di libri\u201d in via Boscon.<\/p>\n\n\t\t\t<style type='text\/css'>\n\t\t\t\t#gallery-6 {\n\t\t\t\t\tmargin: auto;\n\t\t\t\t}\n\t\t\t\t#gallery-6 .gallery-item {\n\t\t\t\t\tfloat: left;\n\t\t\t\t\tmargin-top: 10px;\n\t\t\t\t\ttext-align: center;\n\t\t\t\t\twidth: 50%;\n\t\t\t\t}\n\t\t\t\t#gallery-6 img {\n\t\t\t\t\tborder: 2px solid #cfcfcf;\n\t\t\t\t}\n\t\t\t\t#gallery-6 .gallery-caption {\n\t\t\t\t\tmargin-left: 0;\n\t\t\t\t}\n\t\t\t\t\/* see gallery_shortcode() in wp-includes\/media.php *\/\n\t\t\t<\/style>\n\t\t<div id='gallery-6' class='dt-gallery-container gallery galleryid-356241 gallery-columns-2 gallery-size-thumbnail'><dl class='gallery-item'>\n\t\t\t\t<dt class='gallery-icon landscape'>\n\t\t\t\t\t<a class=\"rollover rollover-zoom dt-pswp-item\" title=\"Fame di fiabe2\" data-dt-img-description=\"\" data-large_image_width=\"2400\" data-large_image_height=\"1800\"href='https:\/\/www.radiopiu.net\/wordpress\/wp-content\/uploads\/2023\/10\/Fame-di-fiabe2.jpg'><img loading=\"lazy\" decoding=\"async\" width=\"150\" height=\"150\" src=\"https:\/\/www.radiopiu.net\/wordpress\/wp-content\/uploads\/2023\/10\/Fame-di-fiabe2-150x150.jpg\" class=\"attachment-thumbnail size-thumbnail\" alt=\"\" \/><\/a>\n\t\t\t\t<\/dt><\/dl><dl class='gallery-item'>\n\t\t\t\t<dt class='gallery-icon portrait'>\n\t\t\t\t\t<a class=\"rollover rollover-zoom dt-pswp-item\" title=\"Fame di fiabe1\" data-dt-img-description=\"\" data-large_image_width=\"2400\" data-large_image_height=\"2520\"href='https:\/\/www.radiopiu.net\/wordpress\/wp-content\/uploads\/2023\/10\/Fame-di-fiabe1.jpg'><img loading=\"lazy\" decoding=\"async\" width=\"150\" height=\"150\" src=\"https:\/\/www.radiopiu.net\/wordpress\/wp-content\/uploads\/2023\/10\/Fame-di-fiabe1-150x150.jpg\" class=\"attachment-thumbnail size-thumbnail\" alt=\"\" \/><\/a>\n\t\t\t\t<\/dt><\/dl><br style=\"clear: both\" \/>\n\t\t\t<\/div>\n\n<p>&nbsp;<\/p>\n<hr \/>\n<p>&nbsp;<\/p>\n<p>&nbsp;<\/p>\n<blockquote>\n<h3><a class=\"dt-pswp-item\" href=\"https:\/\/www.radiopiu.net\/wordpress\/wp-content\/uploads\/2023\/10\/9c86c534-bdab-47d1-990e-72190af27d9f-1.jpg\" data-dt-img-description=\"\" data-large_image_width=\"630\" data-large_image_height=\"900\"><img loading=\"lazy\" decoding=\"async\" class=\"wp-image-356355 alignleft\" src=\"https:\/\/www.radiopiu.net\/wordpress\/wp-content\/uploads\/2023\/10\/9c86c534-bdab-47d1-990e-72190af27d9f-1-210x300.jpg\" alt=\"\" width=\"142\" height=\"203\" srcset=\"https:\/\/www.radiopiu.net\/wordpress\/wp-content\/uploads\/2023\/10\/9c86c534-bdab-47d1-990e-72190af27d9f-1-210x300.jpg 210w, https:\/\/www.radiopiu.net\/wordpress\/wp-content\/uploads\/2023\/10\/9c86c534-bdab-47d1-990e-72190af27d9f-1.jpg 630w\" sizes=\"auto, (max-width: 142px) 100vw, 142px\" \/><\/a><\/h3>\n<h3>CINE PANETTONE, DAL CADORE LE ULTIME NOVITA&#8217; CON BARBARA PAOLAZZI _RADIOCLUB103<\/h3>\n<\/blockquote>\n<p>&nbsp;<\/p>\n<p><strong>AUDIO<\/strong><\/p>\n<audio class=\"wp-audio-shortcode\" id=\"audio-356241-4\" preload=\"none\" style=\"width: 100%;\" controls=\"controls\"><source type=\"audio\/mpeg\" src=\"https:\/\/www.radiopiu.net\/wordpress\/wp-content\/uploads\/2023\/10\/BARBARA-PAOLAZZI.mp3?_=4\" \/><a href=\"https:\/\/www.radiopiu.net\/wordpress\/wp-content\/uploads\/2023\/10\/BARBARA-PAOLAZZI.mp3\">https:\/\/www.radiopiu.net\/wordpress\/wp-content\/uploads\/2023\/10\/BARBARA-PAOLAZZI.mp3<\/a><\/audio>\n<p>&nbsp;<\/p>\n<p>&nbsp;<\/p>\n<p>&nbsp;<\/p>\n<hr \/>\n<p>&nbsp;<\/p>\n<blockquote>\n<h3>LA GIORNATA MONDIALE DELLA VISTA<\/h3>\n<\/blockquote>\n<p><strong>BELLUNO<\/strong> Domani l\u2019Unione Italiana dei Ciechi e degli Ipovedenti ETS di Belluno, coadiuvata dalla locale sezione dell\u2019U.N.I.Vo.C. \u2013 Unione Nazionale Italiana Volontari Pro Ciechi &#8211; e in collaborazione con l\u2019Agenzia Internazionale per la Prevenzione della Cecit\u00e0 IAPB Italia ONLUS, parteciper\u00e0 alla Giornata Mondiale della Vista 2023 con la distribuzione di materiale informativo riguardante la prevenzione. L\u2019Associazione sar\u00e0 presente dalle ore 9.30 alle ore 12.30 in Piazza dei Martiri a Belluno.<\/p>\n<p>&nbsp;<\/p>\n<p>&nbsp;<\/p>\n<hr \/>\n<p>&nbsp;<\/p>\n<h2><span style=\"color: #ff6600;\">IERI ALLA RADIO<\/span><\/h2>\n<h2><span style=\"color: #99cc00;\">VOCI RIBELLI: CONVERSAZIONI SENZA FILTRI PER RAGAZZI AUDACI <\/span><\/h2>\n<p><a class=\"dt-pswp-item\" href=\"https:\/\/www.radiopiu.net\/wordpress\/wp-content\/uploads\/2023\/09\/ass.-dafne.png\" data-dt-img-description=\"\" data-large_image_width=\"225\" data-large_image_height=\"225\"><img loading=\"lazy\" decoding=\"async\" class=\" wp-image-352143 alignleft\" src=\"https:\/\/www.radiopiu.net\/wordpress\/wp-content\/uploads\/2023\/09\/ass.-dafne.png\" alt=\"\" width=\"137\" height=\"137\" srcset=\"https:\/\/www.radiopiu.net\/wordpress\/wp-content\/uploads\/2023\/09\/ass.-dafne.png 225w, https:\/\/www.radiopiu.net\/wordpress\/wp-content\/uploads\/2023\/09\/ass.-dafne-150x150.png 150w\" sizes=\"auto, (max-width: 137px) 100vw, 137px\" \/><\/a>Benvenuti a &#8220;VOCI RIBELLI: CONVERSAZIONI SENZA FILTRI PER RAGAZZI AUDACI,&#8221; il podcast che sfida gli stereotipi e apre la porta a conversazioni senza paura per i giovani coraggiosi. Questo podcast, prodotto dall&#8217;Associazione Dafne con la regia di Lorenzo Cassol, \u00e8 il luogo dove la voce dell&#8217;audacia incontra la sincerit\u00e0 pi\u00f9 profonda.<\/p>\n<p>La vostra guida attraverso questo mondo senza censure \u00e8 la voce di Alessia Dall&#8217;\u00d2, pronta a condurvi in un viaggio emozionante alla scoperta delle tematiche legate alla Comunit\u00e0 LGBTQIA+. Accanto a lei, vi aspettano due ospiti fissi con dei pareri tecnici e frutto di esperienze dirette: la Dott.ssa Anna Dal Pan, Psicologa e Psicoterapeuta, e Elisa Collostide, Avvocata, pronte a condividere la loro esperienza e a rispondere alle vostre domande pi\u00f9 importanti.<\/p>\n<p>Qui, non ci sono tab\u00f9, solo storie vere, spunti di riflessione sul territorio e i suoi servizi, e consigli da chi ha il coraggio di dire la verit\u00e0 senza filtri. Preparatevi a immergervi in uno spazio dove ogni episodio \u00e8 un viaggio all&#8217;interno delle sfide, dei trionfi e delle esperienze della comunit\u00e0 LGBTQIA+. Siamo pronti a sfidare le convenzioni e a rompere le catene delle aspettative. Pronti a unirvi a noi nella ribellione? Questo \u00e8 &#8220;VOCI RIBELLI,&#8221; il podcast per i ragazzi audaci che non hanno paura di essere s\u00e9 stessi.<\/p>\n<p><strong>PUNTATA 05 &#8211; 10 OTTOBRE 2023<\/strong><\/p>\n<audio class=\"wp-audio-shortcode\" id=\"audio-356241-5\" preload=\"none\" style=\"width: 100%;\" controls=\"controls\"><source type=\"audio\/mpeg\" src=\"https:\/\/www.radiopiu.net\/wordpress\/wp-content\/uploads\/2023\/10\/VR.mp3?_=5\" \/><a href=\"https:\/\/www.radiopiu.net\/wordpress\/wp-content\/uploads\/2023\/10\/VR.mp3\">https:\/\/www.radiopiu.net\/wordpress\/wp-content\/uploads\/2023\/10\/VR.mp3<\/a><\/audio>\n<p>&nbsp;<\/p>\n<p>LA RACCOLTA COMPLETA <a href=\"https:\/\/www.radiopiu.net\/wordpress\/voci-ribelli-conversazioni-senza-filtri-per-ragazzi-audaci\/\"><span style=\"color: #0000ff;\"><strong>CLICCA QUI<\/strong><\/span>\u00a0<\/a><\/p>\n<p>&nbsp;<\/p>\n<hr \/>\n<h2><\/h2>\n<h2><span style=\"color: #008080;\">\u00a0&#8220;DINTORN E FORA VIA&#8221;\u00a0<\/span><span style=\"color: #008080;\"> IL PROGRAMMA\u00a0 <\/span><span style=\"color: #008080;\">A CURA DEL MUSLA\u00a0\u00a0<\/span><strong><span style=\"color: #ff0000;\">\u00a0\u00a0<\/span><\/strong><\/h2>\n<p><strong><a class=\"dt-pswp-item\" href=\"https:\/\/www.radiopiu.net\/wordpress\/wp-content\/uploads\/2023\/10\/GIORNALE-QUOTIDIANO.jpg\" data-dt-img-description=\"\" data-large_image_width=\"1280\" data-large_image_height=\"853\"><img loading=\"lazy\" decoding=\"async\" class=\" wp-image-356264 alignleft\" src=\"https:\/\/www.radiopiu.net\/wordpress\/wp-content\/uploads\/2023\/10\/GIORNALE-QUOTIDIANO-300x200.jpg\" alt=\"\" width=\"149\" height=\"99\" srcset=\"https:\/\/www.radiopiu.net\/wordpress\/wp-content\/uploads\/2023\/10\/GIORNALE-QUOTIDIANO-300x200.jpg 300w, https:\/\/www.radiopiu.net\/wordpress\/wp-content\/uploads\/2023\/10\/GIORNALE-QUOTIDIANO-1024x682.jpg 1024w, https:\/\/www.radiopiu.net\/wordpress\/wp-content\/uploads\/2023\/10\/GIORNALE-QUOTIDIANO-768x512.jpg 768w, https:\/\/www.radiopiu.net\/wordpress\/wp-content\/uploads\/2023\/10\/GIORNALE-QUOTIDIANO.jpg 1280w\" sizes=\"auto, (max-width: 149px) 100vw, 149px\" \/><\/a>PUNTATA 10 OTTOBRE &#8211; JACQUELINE CAZZETTA\u00a0<\/strong><\/p>\n<p>Liete da la Jacqueline da Selva. Descoron del taremot en Afghanistan, guera en Israele, bus del ozono, contracezion forzada nte la Groenlandia e lege sul fum nte l Regno Unito. Per le nuove da vesin descoron de scola, de la rassegna de Oltre le Vette e al regordo del Vajont.<\/p>\n<audio class=\"wp-audio-shortcode\" id=\"audio-356241-6\" preload=\"none\" style=\"width: 100%;\" controls=\"controls\"><source type=\"audio\/mpeg\" src=\"https:\/\/www.radiopiu.net\/wordpress\/wp-content\/uploads\/2023\/10\/MUSLA-1.mp3?_=6\" \/><a href=\"https:\/\/www.radiopiu.net\/wordpress\/wp-content\/uploads\/2023\/10\/MUSLA-1.mp3\">https:\/\/www.radiopiu.net\/wordpress\/wp-content\/uploads\/2023\/10\/MUSLA-1.mp3<\/a><\/audio>\n<p>&nbsp;<\/p>\n<p><strong>LA RACCOLTA COMPLETA <a href=\"https:\/\/www.radiopiu.net\/wordpress\/musla\/\">CLICCA QUI\u00a0<\/a><\/strong><\/p>\n<p>&nbsp;<\/p>\n<hr \/>\n<p>&nbsp;<\/p>\n<p>&nbsp;<\/p>\n<h2><strong><a class=\"dt-pswp-item\" href=\"https:\/\/www.radiopiu.net\/wordpress\/wp-content\/uploads\/2022\/03\/MUCCA.jpg\" data-dt-img-description=\"\" data-large_image_width=\"1024\" data-large_image_height=\"768\"><img loading=\"lazy\" decoding=\"async\" class=\" wp-image-265531 alignleft\" src=\"https:\/\/www.radiopiu.net\/wordpress\/wp-content\/uploads\/2022\/03\/MUCCA-300x225.jpg\" alt=\"\" width=\"156\" height=\"117\" srcset=\"https:\/\/www.radiopiu.net\/wordpress\/wp-content\/uploads\/2022\/03\/MUCCA-300x225.jpg 300w, https:\/\/www.radiopiu.net\/wordpress\/wp-content\/uploads\/2022\/03\/MUCCA-768x576.jpg 768w, https:\/\/www.radiopiu.net\/wordpress\/wp-content\/uploads\/2022\/03\/MUCCA.jpg 1024w\" sizes=\"auto, (max-width: 156px) 100vw, 156px\" \/><\/a><\/strong><span style=\"color: #993300;\">SABATO TORNA LA FIERA DEL BESTIAM E FORMAI E VIN AD AGORDO<\/span><\/h2>\n<p><strong>di Mirko Mezzacasa<\/strong><\/p>\n<p>OSPITE: Daniele Galligani e Damiano Soppelsa<\/p>\n<audio class=\"wp-audio-shortcode\" id=\"audio-356241-7\" preload=\"none\" style=\"width: 100%;\" controls=\"controls\"><source type=\"audio\/mpeg\" src=\"https:\/\/www.radiopiu.net\/wordpress\/wp-content\/uploads\/2023\/10\/FIERA-DEL-BESTIMA-2023.mp3?_=7\" \/><a href=\"https:\/\/www.radiopiu.net\/wordpress\/wp-content\/uploads\/2023\/10\/FIERA-DEL-BESTIMA-2023.mp3\">https:\/\/www.radiopiu.net\/wordpress\/wp-content\/uploads\/2023\/10\/FIERA-DEL-BESTIMA-2023.mp3<\/a><\/audio>\n<p>&nbsp;<\/p>\n<p>&nbsp;<\/p>\n<hr \/>\n<p>&nbsp;<\/p>\n<h2><strong><a class=\"dt-pswp-item\" href=\"https:\/\/www.radiopiu.net\/wordpress\/wp-content\/uploads\/2023\/10\/gala-bollicina.png\" data-dt-img-description=\"\" data-large_image_width=\"533\" data-large_image_height=\"364\"><img loading=\"lazy\" decoding=\"async\" class=\" wp-image-356275 alignleft\" src=\"https:\/\/www.radiopiu.net\/wordpress\/wp-content\/uploads\/2023\/10\/gala-bollicina-300x205.png\" alt=\"\" width=\"208\" height=\"142\" srcset=\"https:\/\/www.radiopiu.net\/wordpress\/wp-content\/uploads\/2023\/10\/gala-bollicina-300x205.png 300w, https:\/\/www.radiopiu.net\/wordpress\/wp-content\/uploads\/2023\/10\/gala-bollicina.png 533w\" sizes=\"auto, (max-width: 208px) 100vw, 208px\" \/><\/a><\/strong><span style=\"color: #ff00ff;\">LA QUARTA EDIZIONE DEL GALA&#8217; BOLLICINA AL NOF FILO&#8217; DI CENCENIGHE<\/span><\/h2>\n<p><strong>di Mirko Mezzacasa<\/strong><\/p>\n<p>OSPITI: Cristian &#8220;Ciccio&#8221; De Biasio e Morgan Gnech<\/p>\n<audio class=\"wp-audio-shortcode\" id=\"audio-356241-8\" preload=\"none\" style=\"width: 100%;\" controls=\"controls\"><source type=\"audio\/mpeg\" src=\"https:\/\/www.radiopiu.net\/wordpress\/wp-content\/uploads\/2023\/10\/CICCIO-E-MORGAN-NOF-FILO.mp3?_=8\" \/><a href=\"https:\/\/www.radiopiu.net\/wordpress\/wp-content\/uploads\/2023\/10\/CICCIO-E-MORGAN-NOF-FILO.mp3\">https:\/\/www.radiopiu.net\/wordpress\/wp-content\/uploads\/2023\/10\/CICCIO-E-MORGAN-NOF-FILO.mp3<\/a><\/audio>\n<p>&nbsp;<\/p>\n<p>&nbsp;<\/p>\n<hr \/>\n<p>&nbsp;<\/p>\n<div class=\"page-title-head hgroup\">\n<blockquote>\n<h3 class=\"entry-title\">C\u2019ERA UNA VOLTA IN ITALIA AL CENTRO PARROCCHIALE<\/h3>\n<\/blockquote>\n<\/div>\n<div class=\"page-title-breadcrumbs\">\n<blockquote>\n<h3 class=\"articlePlainSubHead\"><a class=\"dt-pswp-item\" href=\"https:\/\/www.radiopiu.net\/wordpress\/wp-content\/uploads\/2023\/10\/0c5cd37f-61bd-433b-861a-a8da6318b3dc.jpg\" data-dt-img-description=\"\" data-large_image_width=\"1654\" data-large_image_height=\"1170\"><img loading=\"lazy\" decoding=\"async\" class=\" wp-image-356230 alignleft\" src=\"https:\/\/www.radiopiu.net\/wordpress\/wp-content\/uploads\/2023\/10\/0c5cd37f-61bd-433b-861a-a8da6318b3dc-300x212.jpg\" alt=\"\" width=\"200\" height=\"141\" srcset=\"https:\/\/www.radiopiu.net\/wordpress\/wp-content\/uploads\/2023\/10\/0c5cd37f-61bd-433b-861a-a8da6318b3dc-300x212.jpg 300w, https:\/\/www.radiopiu.net\/wordpress\/wp-content\/uploads\/2023\/10\/0c5cd37f-61bd-433b-861a-a8da6318b3dc-1024x724.jpg 1024w, https:\/\/www.radiopiu.net\/wordpress\/wp-content\/uploads\/2023\/10\/0c5cd37f-61bd-433b-861a-a8da6318b3dc-768x543.jpg 768w, https:\/\/www.radiopiu.net\/wordpress\/wp-content\/uploads\/2023\/10\/0c5cd37f-61bd-433b-861a-a8da6318b3dc-1536x1087.jpg 1536w, https:\/\/www.radiopiu.net\/wordpress\/wp-content\/uploads\/2023\/10\/0c5cd37f-61bd-433b-861a-a8da6318b3dc.jpg 1654w\" sizes=\"auto, (max-width: 200px) 100vw, 200px\" \/><\/a><\/h3>\n<\/blockquote>\n<div class=\"articlePlainText\"><strong>AGORDO <\/strong>\u00abAvevamo una delle migliori sanit\u00e0 del mondo, ma con gli anni \u00e8 stata distrutta\u00bb. Cos\u00ec Federico Greco e Mirko Melchiorre hanno spiegato il titolo che hanno scelto (&#8220;C&#8217;era una volta in Italia&#8221;) per il loro film-inchiesta sulla sanit\u00e0 italiana che verr\u00e0 proiettato anche al Centro parrocchiale di Agordo, sabato alle 20, per iniziativa del Comitato per la salvaguardia della salute Cadore-Agordino (ingresso libero e gratuito). Un film\u00a0 che mette\u00a0 in luce \u00able vere responsabilit\u00e0 locali e globali dell&#8217;attacco alla salute pubblica&#8221;.<\/div>\n<div><\/div>\n<div><strong>DI GIANNI SANTOMASO\u00a0<\/strong><\/div>\n<div><\/div>\n<audio class=\"wp-audio-shortcode\" id=\"audio-356241-9\" preload=\"none\" style=\"width: 100%;\" controls=\"controls\"><source type=\"audio\/mpeg\" src=\"https:\/\/www.radiopiu.net\/wordpress\/wp-content\/uploads\/2023\/10\/gianni-1-agordo.mp3?_=9\" \/><a href=\"https:\/\/www.radiopiu.net\/wordpress\/wp-content\/uploads\/2023\/10\/gianni-1-agordo.mp3\">https:\/\/www.radiopiu.net\/wordpress\/wp-content\/uploads\/2023\/10\/gianni-1-agordo.mp3<\/a><\/audio>\n<p>&nbsp;<\/p>\n<\/div>\n<p>&nbsp;<\/p>\n<p>&nbsp;<\/p>\n<hr \/>\n<p>&nbsp;<\/p>\n<h2><span style=\"color: #ff0000;\">GLI APPUNTAMENTI DELLA SETTIMANA\u00a0<\/span><\/h2>\n<blockquote>\n<h3>SERE D&#8217;AUTUNNO<\/h3>\n<p><em><strong><a class=\"dt-pswp-item\" href=\"https:\/\/www.radiopiu.net\/wordpress\/wp-content\/uploads\/2023\/09\/Senza-nome-75.png\" data-dt-img-description=\"\" data-large_image_width=\"478\" data-large_image_height=\"179\"><img loading=\"lazy\" decoding=\"async\" class=\"size-medium wp-image-354485 alignleft\" src=\"https:\/\/www.radiopiu.net\/wordpress\/wp-content\/uploads\/2023\/09\/Senza-nome-75-300x112.png\" alt=\"\" width=\"300\" height=\"112\" srcset=\"https:\/\/www.radiopiu.net\/wordpress\/wp-content\/uploads\/2023\/09\/Senza-nome-75-300x112.png 300w, https:\/\/www.radiopiu.net\/wordpress\/wp-content\/uploads\/2023\/09\/Senza-nome-75.png 478w\" sizes=\"auto, (max-width: 300px) 100vw, 300px\" \/><\/a>SERE D&#8217;AUTUNNO, SERATE DI INCONTRI, DIBATTITI, IMMAGINI FILMATI E MULTIVISIONI. AD AGORDO TUTTI I VENERDI DI OTTOBRE, IN SALA DON TAMIS ALLE 20.45, INGRESSO LIBERO. PRESENTA GIANPAOLO SORATROI.\u00a0<\/strong><\/em><\/p>\n<p>Interessante serie di incontri, dibattiti, proiezioni inerenti al mondo della montagna &#8211; ma non solo &#8211; che si svolgono tutti i venerd\u00ec di ottobre nella prestigiosa e capiente Sala don F. Tamis messaci a disposizione per l\u2019occasione dall\u2019Unione Montana Agordina. Nato nel 2007, quest\u2019anno, raggiunge la 15\u00b0 edizione; i temi trattati durante le serate sono diversi tra loro per offrire una visione della montagna a 360\u00b0. Questa edizione \u00e8 dedicata interamente alle donne con quattro ospiti femminili.<\/p><\/blockquote>\n<p><strong>VENERDI 13 OTTOBRE, ALESSANDRA MASI &#8211; ATMOSFERE E VISIONI DI LUOGHI VICINI E LONTANI una fotografa, un percorso emozionale<\/strong><\/p>\n<p>VENERDI 20 OTTOBRE MARIKA FAE&#8217; &#8211; SPORT E MONTAGNA, SCELTA DI VITA Marika, maestra di sci e guida alpina<\/p>\n<p>VENERDI 27 OTTOBRE ANGELIKA RAINER, SOGNI VERTICALI. arrampicando su fantasie divenute realt\u00e0<\/p>\n<p>&nbsp;<\/p>\n<blockquote>\n<h3 class=\"wp-block-heading\"><em><a class=\"dt-pswp-item\" href=\"https:\/\/www.radiopiu.net\/wordpress\/wp-content\/uploads\/2023\/09\/6cb03d14-50c0-4391-9537-f6e817a51572.jpg\" data-dt-img-description=\"\" data-large_image_width=\"1132\" data-large_image_height=\"1600\"><img loading=\"lazy\" decoding=\"async\" class=\" wp-image-354501 alignleft\" src=\"https:\/\/www.radiopiu.net\/wordpress\/wp-content\/uploads\/2023\/09\/6cb03d14-50c0-4391-9537-f6e817a51572-212x300.jpg\" alt=\"\" width=\"91\" height=\"129\" srcset=\"https:\/\/www.radiopiu.net\/wordpress\/wp-content\/uploads\/2023\/09\/6cb03d14-50c0-4391-9537-f6e817a51572-212x300.jpg 212w, https:\/\/www.radiopiu.net\/wordpress\/wp-content\/uploads\/2023\/09\/6cb03d14-50c0-4391-9537-f6e817a51572-724x1024.jpg 724w, https:\/\/www.radiopiu.net\/wordpress\/wp-content\/uploads\/2023\/09\/6cb03d14-50c0-4391-9537-f6e817a51572-768x1086.jpg 768w, https:\/\/www.radiopiu.net\/wordpress\/wp-content\/uploads\/2023\/09\/6cb03d14-50c0-4391-9537-f6e817a51572-1087x1536.jpg 1087w, https:\/\/www.radiopiu.net\/wordpress\/wp-content\/uploads\/2023\/09\/6cb03d14-50c0-4391-9537-f6e817a51572.jpg 1132w\" sizes=\"auto, (max-width: 91px) 100vw, 91px\" \/><\/a>Un\u2019opera di divulgazione che torna sul grande schermo con l\u2019introduzione di Manuel Conedera<\/em><\/h3>\n<\/blockquote>\n<p><strong>SEDICO<\/strong> A 10 anni dalla sua realizzazione, il Gruppo Speleologico CAI Feltre \u00e8 pronto a riproporre al grande pubblico il DVD dedicato alle affascinanti miniere dell\u2019Alta Valle del Mis. Un\u2019opera di divulgazione che ha saputo conquistare il cuore degli appassionati e che ancora oggi rappresenta una preziosa testimonianza storica. La proiezione di questo avvincente documentario avr\u00e0 luogo sabato 14 Ottobre 2023, presso la suggestiva Sala Conferenze del Polo Culturale di Sedico.<\/p>\n<p>&nbsp;<\/p>\n<blockquote>\n<h3>DAL 13 AL 15 OTTOBRE RIVA L&#8217;OKTOBERFEST A RIVAMONTE<\/h3>\n<\/blockquote>\n<p><strong><a class=\"dt-pswp-item\" href=\"https:\/\/www.radiopiu.net\/wordpress\/wp-content\/uploads\/2023\/10\/30a2544f-ee8d-4a49-ae09-855f2b5d3400.jpg\" data-dt-img-description=\"\" data-large_image_width=\"1131\" data-large_image_height=\"1600\"><img loading=\"lazy\" decoding=\"async\" class=\" wp-image-355102 alignleft\" src=\"https:\/\/www.radiopiu.net\/wordpress\/wp-content\/uploads\/2023\/10\/30a2544f-ee8d-4a49-ae09-855f2b5d3400-212x300.jpg\" alt=\"\" width=\"136\" height=\"192\" srcset=\"https:\/\/www.radiopiu.net\/wordpress\/wp-content\/uploads\/2023\/10\/30a2544f-ee8d-4a49-ae09-855f2b5d3400-212x300.jpg 212w, https:\/\/www.radiopiu.net\/wordpress\/wp-content\/uploads\/2023\/10\/30a2544f-ee8d-4a49-ae09-855f2b5d3400-724x1024.jpg 724w, https:\/\/www.radiopiu.net\/wordpress\/wp-content\/uploads\/2023\/10\/30a2544f-ee8d-4a49-ae09-855f2b5d3400-768x1086.jpg 768w, https:\/\/www.radiopiu.net\/wordpress\/wp-content\/uploads\/2023\/10\/30a2544f-ee8d-4a49-ae09-855f2b5d3400-1086x1536.jpg 1086w, https:\/\/www.radiopiu.net\/wordpress\/wp-content\/uploads\/2023\/10\/30a2544f-ee8d-4a49-ae09-855f2b5d3400.jpg 1131w\" sizes=\"auto, (max-width: 136px) 100vw, 136px\" \/><\/a>RIVAMONTE<\/strong> Torna &#8220;Riva L&#8217;Oktoberfest&#8221; a Rivamonte. L&#8217;Associazione Pro Loco Rivamonte organizza un fine settimana di festa in stile bavarese sotto al tendone. Si inizia venerd\u00ec 13 ottobre. Alle 18 l&#8217;happy hour, dalle 19 apertura dello stand gastronomico e a seguire musica con Spritz Band. Sabato 14 ottobre apertura del tendone alle 17 e alle 19 al via con i piatti tipici bavaresi. Alla sera &#8220;Suona il Fusto&#8221;, ogni volta che finisce un fusto suona la campana e chi sta aspettando la birra riceve un buono pranzo pi\u00f9 birra per la domenica. Alla sera musica con Koa Quintett e dalla mezzanotte DJ Luca. Domenica 15 dalle 10 apertura del tendone e dimostrazione dei lavori di una volta. Alle 12 pranzo con porchetta allo spiedo e piatti bavaresi. Intrattenimento musicale con Letemar Quintett. E&#8217; gradita la presenza in abito tradizionale tirolese.<\/p>\n<p><span style=\"color: #ff0000;\"><strong>l&#8217;intervista di mirko mezzacasa<\/strong><\/span><\/p>\n<p><strong>PUNTATA 3 OTTOBRE &#8211; OKTOBER FEST . Giacomo Bressan presidente Pro loco Rivamonte.<\/strong><\/p>\n<audio class=\"wp-audio-shortcode\" id=\"audio-356241-10\" preload=\"none\" style=\"width: 100%;\" controls=\"controls\"><source type=\"audio\/mpeg\" src=\"https:\/\/www.radiopiu.net\/wordpress\/wp-content\/uploads\/2023\/10\/GIACOMO-BRESSAN.mp3?_=10\" \/><a href=\"https:\/\/www.radiopiu.net\/wordpress\/wp-content\/uploads\/2023\/10\/GIACOMO-BRESSAN.mp3\">https:\/\/www.radiopiu.net\/wordpress\/wp-content\/uploads\/2023\/10\/GIACOMO-BRESSAN.mp3<\/a><\/audio>\n<p>&nbsp;<\/p>\n<blockquote>\n<h3>\u00a0ALLA FESTA DEL MIELE LETTURE PER BAMBINI<\/h3>\n<\/blockquote>\n<p><strong>LIMANA<\/strong> Sabato &#8220;Letture per bambini&#8221; nell&#8217;ambito della Festa del Miele, iniziativa del Centro Internazionale del Libro Parlato di Feltre Adriano Sernagiotto. Dalle 15.30 presso l&#8217;Ottica 2D, di via Roma, appuntamento per i pi\u00f9 piccoli con merenda offerta da Ottica 2D.<\/p>\n<p>&nbsp;<\/p>\n<h2><strong><a class=\"dt-pswp-item\" href=\"https:\/\/www.radiopiu.net\/wordpress\/wp-content\/uploads\/2023\/09\/db8bfdca-6229-438e-95d5-3e4f5f945da0.jpg\" data-dt-img-description=\"\" data-large_image_width=\"1599\" data-large_image_height=\"1187\"><img loading=\"lazy\" decoding=\"async\" class=\" wp-image-354438 alignleft\" src=\"https:\/\/www.radiopiu.net\/wordpress\/wp-content\/uploads\/2023\/09\/db8bfdca-6229-438e-95d5-3e4f5f945da0-300x223.jpg\" alt=\"\" width=\"180\" height=\"134\" srcset=\"https:\/\/www.radiopiu.net\/wordpress\/wp-content\/uploads\/2023\/09\/db8bfdca-6229-438e-95d5-3e4f5f945da0-300x223.jpg 300w, https:\/\/www.radiopiu.net\/wordpress\/wp-content\/uploads\/2023\/09\/db8bfdca-6229-438e-95d5-3e4f5f945da0-1024x760.jpg 1024w, https:\/\/www.radiopiu.net\/wordpress\/wp-content\/uploads\/2023\/09\/db8bfdca-6229-438e-95d5-3e4f5f945da0-768x570.jpg 768w, https:\/\/www.radiopiu.net\/wordpress\/wp-content\/uploads\/2023\/09\/db8bfdca-6229-438e-95d5-3e4f5f945da0-1536x1140.jpg 1536w, https:\/\/www.radiopiu.net\/wordpress\/wp-content\/uploads\/2023\/09\/db8bfdca-6229-438e-95d5-3e4f5f945da0.jpg 1599w\" sizes=\"auto, (max-width: 180px) 100vw, 180px\" \/><\/a><span style=\"color: #339966;\">100 DI QUESTI GIORNI: LA FESTA A VILLA SAN GIUSEPPE DI LIVINALLONGO DEL COL DI LANA<\/span><\/strong><\/h2>\n<p><strong>LIVINALLONGO<\/strong> Grande festa a Villa San Giuseppe di Livinallongo. Sabato 14 ottobre sar\u00e0 un lungo pomeriggio tra cultura, musica e convivialit\u00e0. Ad aprire l&#8217;evento l&#8217;intervista a Manolo, Maurizio Zanolla si racconter\u00e0 al pubblico. Dalle 18 la musica dei Tirataie e alle 19 l&#8217;apricena con piatti tipici.<\/p>\n<p><strong>L&#8217;INTERVISTA ALLA RADIO<\/strong><\/p>\n<audio class=\"wp-audio-shortcode\" id=\"audio-356241-11\" preload=\"none\" style=\"width: 100%;\" controls=\"controls\"><source type=\"audio\/mpeg\" src=\"https:\/\/www.radiopiu.net\/wordpress\/wp-content\/uploads\/2023\/06\/CENTO-DI-QUESTI-GIORNI-14-OTTOBRE.mp3?_=11\" \/><a href=\"https:\/\/www.radiopiu.net\/wordpress\/wp-content\/uploads\/2023\/06\/CENTO-DI-QUESTI-GIORNI-14-OTTOBRE.mp3\">https:\/\/www.radiopiu.net\/wordpress\/wp-content\/uploads\/2023\/06\/CENTO-DI-QUESTI-GIORNI-14-OTTOBRE.mp3<\/a><\/audio>\n<p>&nbsp;<\/p>\n<blockquote>\n<h3>LA TRAGEDIA DEL VAJONT DA TINA MERLIN A DINO BUZZATI<\/h3>\n<\/blockquote>\n<p><strong>BORGO VALBELLUNA<\/strong> <span style=\"font-family: 'Arial',sans-serif; color: #222222;\">&#8220;Raccontare la tragedia del Vajont. Da Tina Merlin a Dino Buzzati, tra inchieste, polemiche e memoria&#8221;<\/span><span style=\"font-family: 'Arial',sans-serif; color: #222222;\">, verr\u00e0 ospitata a al Palazzo delle Contesse di Mel, Borgo Valbelluna, sabato dalle 9:30 e che \u00e8 accreditata come formazione per i giornalisti.<\/span><\/p>\n<p>&nbsp;<\/p>\n<blockquote>\n<h3>DUE MORI A CONCERTO<\/h3>\n<\/blockquote>\n<p><strong>BELLUNO<\/strong> Ritorna puntuale l\u2019appuntamento annuale proposto dall\u2019Associazione Medici cattolici Belluno, a favore di Medici con l\u2019Africa CUAMM (Collegio universitario aspiranti medici missionari). Organizzato con la collaborazione dell\u2019Auser provinciale di Belluno e con il fondamentale supporto della Fondazione Giuseppe Cervo, sabato prossimo, con inizio alle ore 20.30, si terra\u0300 infatti l\u2019atteso concerto nella Cattedrale di Belluno:all\u2019organo come consuetudine il maestro Fiorenzo Mori ma, in questa occasione, accompagnato all\u2019oboe da Davide Mori.<\/p>\n<p>&nbsp;<\/p>\n<h2><span style=\"color: #ff0000;\">PROSSIMAMENTE&#8230;\u00a0 \u00a0<\/span><\/h2>\n<blockquote>\n<h3>GLI APPUNTAMENTI CON LA PRO LOCO CASTIONESE<\/h3>\n<\/blockquote>\n<p><strong><a class=\"dt-pswp-item\" href=\"https:\/\/www.radiopiu.net\/wordpress\/wp-content\/uploads\/2023\/10\/th-1-1.jpg\" data-dt-img-description=\"\" data-large_image_width=\"220\" data-large_image_height=\"165\"><img loading=\"lazy\" decoding=\"async\" class=\" wp-image-355483 alignleft\" src=\"https:\/\/www.radiopiu.net\/wordpress\/wp-content\/uploads\/2023\/10\/th-1-1.jpg\" alt=\"\" width=\"156\" height=\"117\" \/><\/a><\/strong><strong>SABATO 21 OTTOBRE 2023\u00a0 &#8211; BELLUNO A FERRO E FUOCO <\/strong>Terza edizione per la rassegna &#8220;Veneto\u00a0 Spettacoli di Mistero&#8221; promossa dall&#8217;Unpli e sostenuta dalla Regione Veneto, denominata quest&#8217;anno &#8220;Belluno a ferro e fuoco&#8221;. Si parler\u00e0 di ferro, di fuoco, di spade, di santi protettori&#8230; tutto all&#8217;interno della magica cornice del centro storico di Belluno, Citt\u00e0 Splendente. Una passeggiata negli angoli pi\u00f9 suggestivi di Belluno, dove si potranno incontrare mangiafuoco, santi, fabbricanti di spade, dolci fanciulle, commercianti di spade&#8230;.Sette tappe, con partenza dalla meravigliosa Piazza Duomo e ritorno nella suggestiva Piazza delle Erbe dove insieme si potr\u00e0 degustare uno squisito banchetto. Ci saranno cinque gruppi che partiranno in orari diversi: 17.30, 17.50, 18.10, 18.30, 18.50. Durante il tragitto si potr\u00e0 sostare per degustare una prelibata bevanda&#8230; e molte altre sorprese.<\/p>\n<p><strong>DAL 28 OTTOBRE PER 5 APPUNTAMENTI &#8211; RASSEGNA TEATRALE CINQUE VIE\u00a0 &#8211; XIV EDIZIONE<\/strong><strong>, <\/strong><strong>TEATRO SAN GAETANO <\/strong>Cinque spettacoli, cinque percorsi emotivi, cinque vie diverse da attraversare e ad ogni via sentirsi pi\u00f9 \u201cricchi\u201d di prima. Alla XIV edizione &#8220;manteniamo la rotta&#8221; in direzione del teatro &#8220;scomodo&#8221;, per generare emozioni, confronti e riflessioni. 5 Vie tra i sogni di un grande alpinista, tra i pensieri nascosti e troppo spesso malati dei giovani, tra l&#8217;incantevole grazia di un mondo al femminile, tra la visione del male agli occhi di un&#8217;anima candida e tra le seducenti ma terribili azioni di una intramontabile Lady Macbeth.<\/p>\n<p>&nbsp;<\/p>\n<p>GALA&#8217; BOLLICINA, QUARTA EDIZIONE. DOMENICA 22 OTTOBRE DALLE 11 ALLE 17 AL NOF FILO&#8217; DI CENCENIGHE. OSPITE D&#8217;ONORE IL SOMMELIER PLURIPREMIATO, LUCA GARDINI, MIGLIOR SOMMELIER AL MONDO 2020 E OGGI AMBASCIATORE DEL METODO CLASSICO. UN EVENTO &#8220;OH PER BACCO, VINI E SAPORI DELLE DOLOMITI.<br \/>\nGALA&#8217; BOLLICINA, DOMENICA 22 OTTOBRE DALLE 11 ALLE 17 AL NOF FILO&#8217; DI CENCENIGHE: 80 BOLLICINE IN DEGUSTAZIONE, 60 AZIENDE PRESENTI, CICCHETTERIA OH PER BACCO, FINGER FOOD E CUCINA &#8220;COSTA&#8221; (o chiusa, come costicina). diretta su radio piu&#8217; E DALLE 17 ALL&#8217;OH PER BACCO AFTER PARTY CON MORGAN DJ info 348 2779135<\/p>\n<p>&nbsp;<\/p>\n<p><a class=\"dt-pswp-item\" href=\"https:\/\/www.radiopiu.net\/wordpress\/wp-content\/uploads\/2023\/09\/880aa720-47e8-48f2-a5b8-7382d84557b2.jpg\" data-dt-img-description=\"\" data-large_image_width=\"1080\" data-large_image_height=\"1533\"><img loading=\"lazy\" decoding=\"async\" class=\"size-medium wp-image-353010 aligncenter\" src=\"https:\/\/www.radiopiu.net\/wordpress\/wp-content\/uploads\/2023\/09\/880aa720-47e8-48f2-a5b8-7382d84557b2-211x300.jpg\" alt=\"\" width=\"211\" height=\"300\" srcset=\"https:\/\/www.radiopiu.net\/wordpress\/wp-content\/uploads\/2023\/09\/880aa720-47e8-48f2-a5b8-7382d84557b2-211x300.jpg 211w, https:\/\/www.radiopiu.net\/wordpress\/wp-content\/uploads\/2023\/09\/880aa720-47e8-48f2-a5b8-7382d84557b2-721x1024.jpg 721w, https:\/\/www.radiopiu.net\/wordpress\/wp-content\/uploads\/2023\/09\/880aa720-47e8-48f2-a5b8-7382d84557b2-768x1090.jpg 768w, https:\/\/www.radiopiu.net\/wordpress\/wp-content\/uploads\/2023\/09\/880aa720-47e8-48f2-a5b8-7382d84557b2.jpg 1080w\" sizes=\"auto, (max-width: 211px) 100vw, 211px\" \/><\/a><\/p>\n<p>&nbsp;<\/p>\n<hr \/>\n<p>&nbsp;<\/p>\n<div class=\"message spoilers-container\" dir=\"auto\">\n<div class=\"column\">\n<div class=\"message spoilers-container\" dir=\"auto\">\n<div class=\"column\">\n<p><img loading=\"lazy\" decoding=\"async\" class=\"aligncenter wp-image-61954 size-full\" src=\"https:\/\/www.radiopiu.net\/wordpress\/wp-content\/uploads\/2018\/09\/viabilita.jpeg\" sizes=\"auto, (max-width: 800px) 100vw, 800px\" srcset=\"https:\/\/www.radiopiu.net\/wordpress\/wp-content\/uploads\/2018\/09\/viabilita.jpeg 800w, https:\/\/www.radiopiu.net\/wordpress\/wp-content\/uploads\/2018\/09\/viabilita-300x38.jpeg 300w, https:\/\/www.radiopiu.net\/wordpress\/wp-content\/uploads\/2018\/09\/viabilita-768x96.jpeg 768w\" alt=\"\" width=\"800\" height=\"100\" \/><\/p>\n<\/div>\n<\/div>\n<div class=\"message spoilers-container\" dir=\"auto\">\n<div class=\"column\">\n<p>&nbsp;<\/p>\n<\/div>\n<\/div>\n<\/div>\n<\/div>\n<blockquote class=\"wp-embedded-content\" data-secret=\"iMkPamH6TJ\"><p><a href=\"https:\/\/www.radiopiu.net\/wordpress\/viabilita\/\">viabilita<\/a><\/p><\/blockquote>\n<p><iframe loading=\"lazy\" class=\"wp-embedded-content\" sandbox=\"allow-scripts\" security=\"restricted\" style=\"position: absolute; clip: rect(1px, 1px, 1px, 1px);\" title=\"&#8220;viabilita&#8221; &#8212; Radio Pi\u00f9\" src=\"https:\/\/www.radiopiu.net\/wordpress\/viabilita\/embed\/#?secret=YVUeW3z2lV#?secret=iMkPamH6TJ\" data-secret=\"iMkPamH6TJ\" width=\"600\" height=\"338\" frameborder=\"0\" marginwidth=\"0\" marginheight=\"0\" scrolling=\"no\"><\/iframe><\/p>\n<div class=\"message spoilers-container\" dir=\"auto\">\n<div class=\"column\">\n<div class=\"message spoilers-container\" dir=\"auto\">\n<div class=\"column\">\n<div>\n<div dir=\"ltr\">\n<div class=\"gmail_quote\">\n<div dir=\"ltr\">\n<div><\/div>\n<div><\/div>\n<div><\/div>\n<\/div>\n<\/div>\n<\/div>\n<\/div>\n<hr \/>\n<p>&nbsp;<\/p>\n<p><a class=\"dt-pswp-item\" href=\"https:\/\/www.radiopiu.net\/wordpress\/wp-content\/uploads\/2018\/09\/WhatsApp-Image-2018-09-20-at-16.04.06.jpeg\" data-dt-img-description=\"\" data-large_image_width=\"800\" data-large_image_height=\"100\"><img loading=\"lazy\" decoding=\"async\" class=\"wp-image-61378 size-full aligncenter\" src=\"https:\/\/www.radiopiu.net\/wordpress\/wp-content\/uploads\/2018\/09\/WhatsApp-Image-2018-09-20-at-16.04.06.jpeg\" alt=\"\" width=\"800\" height=\"100\" srcset=\"https:\/\/www.radiopiu.net\/wordpress\/wp-content\/uploads\/2018\/09\/WhatsApp-Image-2018-09-20-at-16.04.06.jpeg 800w, https:\/\/www.radiopiu.net\/wordpress\/wp-content\/uploads\/2018\/09\/WhatsApp-Image-2018-09-20-at-16.04.06-300x38.jpeg 300w, https:\/\/www.radiopiu.net\/wordpress\/wp-content\/uploads\/2018\/09\/WhatsApp-Image-2018-09-20-at-16.04.06-768x96.jpeg 768w\" sizes=\"auto, (max-width: 800px) 100vw, 800px\" \/><\/a><\/p>\n<\/div>\n<\/div>\n<p>&nbsp;<\/p>\n<\/div>\n<\/div>\n<div id=\"dolomitimeteo_div_testi\"><center><b>OGGI<\/b><\/center>Stupenda giornata autunnale con sole e cielo in prevalenza terso, salvo passaggio di qualche banco di cirri. Non escluso locali ed effimere nebbie mattutine in Valbelluna e sull&#8217;altopiano del Cansiglio<br \/>\n<b>Precipitazioni: <\/b>Assenti (0%).<br \/>\n<b>Temperature: <\/b>In generale lieve aumento, salvo diminuzione delle minime nelle valli per maggiore irraggiamento notturno.<\/p>\n<hr \/>\n<p><center><b>DOMANI<\/b><\/center>Tempo in prevalenza soleggiato, con ampi tratti di sereno e qualche temporaneo annuvolamento alto stratiforme. Probabile formazione di foschie o locali nebbie mattutine nelle conche prealpine e sugli altopiani, senza escludere qualche banco di nubi basse sulla fascia prealpina.<br \/>\n<b>Precipitazioni: <\/b>Assenza (0%).<br \/>\n<b>Temperature: <\/b>Senza notevoli variazioni, salvo lieve calo delle massime sia in quote che nelle valli, ma sempre superiori alla norma.<\/p>\n<hr \/>\n<p><center><b>VENERDI<\/b><\/center>Tempo in prevalenza soleggiato, con ampi tratti di sereno e qualche annuvolamento di tipo alto. Possibile formazione di foschie, locali nebbie o nubi basse nelle valli e conche prealpine nelle ore pi\u00f9 fredde.<\/p>\n<hr \/>\n<p><center><b>SABATO<\/b><\/center>Riduzione del soleggiamento rispetto ai giorni precedenti per incremento della nuvolosit\u00e0 alta in arrivo da ovest e non escluso qualche debole e sporadica pioggia in serata. Temperature in generale lieve flessione, salvo rialzo delle minime in alcune valli.<\/p>\n<\/div>\n<p>&nbsp;<\/p>\n<p>&nbsp;<\/p>\n<div class=\"message spoilers-container\" dir=\"auto\">\n<hr \/>\n<p>&nbsp;<\/p>\n<p><img loading=\"lazy\" decoding=\"async\" class=\"wp-image-60761 size-full aligncenter\" src=\"https:\/\/www.radiopiu.net\/wordpress\/wp-content\/uploads\/2018\/09\/sport.jpg\" alt=\"\" width=\"800\" height=\"100\" srcset=\"https:\/\/www.radiopiu.net\/wordpress\/wp-content\/uploads\/2018\/09\/sport.jpg 800w, https:\/\/www.radiopiu.net\/wordpress\/wp-content\/uploads\/2018\/09\/sport-300x38.jpg 300w, https:\/\/www.radiopiu.net\/wordpress\/wp-content\/uploads\/2018\/09\/sport-768x96.jpg 768w\" sizes=\"auto, (max-width: 800px) 100vw, 800px\" \/><\/p>\n<p>&nbsp;<\/p>\n<p><span style=\"color: #0000ff;\"><strong>CALCIO<\/strong><\/span><\/p>\n<blockquote>\n<h3>UN INIZIO POSITIVO PER LE SQUADRE DELL&#8217;AGORDINA CALCIO<\/h3>\n<\/blockquote>\n<p><strong>di Marco Gaz<\/strong><\/p>\n<p><strong>REDAZIONE\u00a0<\/strong>Lo si pu\u00f2 definire pi\u00f9 che positivo l&#8217;inizio della stagione per le squadre dell&#8217;Agordina Calcio che dopo le prime giornate giocate hanno fatto vedere del buon calcio tanto da occupare la parte alta della classifica nei vari tornei con la maggior parte delle squadre. Partendo dai pi\u00f9 giovani, nella categoria Giovanissimi Provinciali la compagine di Agordo si presenta con due formazioni. La squadra A ha vinto tutte le partite e si trova al secondo posto, diversa la storia per la squadra B che con due sconfitte e una vittoria milita a meta graduatoria. Quarto posto in classifica per gli Allievi di Renato Orzetti con due vittorie e un pareggio nelle prime tre giornate giocate. Percorso perfetto invece per la Juniores che non ha sbagliato nulla incamerando tre vittorie su altrettante partite giocate condividendo il primo posto del torneo della provincia di Belluno e Treviso assieme al Cordignano. La prima squadra si sta comportando bene. Due pareggi e due vittorie per la compagine allenata da Elvio Chiea che con i suoi 8 punti si piazza al terzo posto della Terza Categoria. Domenica scorsa \u00e8 iniziata anche l&#8217;attivit\u00e0 dei Pulcini che sul sintetico di Taibon hanno giocato le prime partite ufficiali contro due squadre dell&#8217;LG Valbelluna. Una bella esperienza per i giovani calciatori all&#8217;esordio con degli incontri ufficiali.<\/p>\n<p><strong>LE DUE FORMAZIONI DEI PULCINI DELL&#8217;AGORDINA<\/strong><\/p>\n\n\t\t\t<style type='text\/css'>\n\t\t\t\t#gallery-7 {\n\t\t\t\t\tmargin: auto;\n\t\t\t\t}\n\t\t\t\t#gallery-7 .gallery-item {\n\t\t\t\t\tfloat: left;\n\t\t\t\t\tmargin-top: 10px;\n\t\t\t\t\ttext-align: center;\n\t\t\t\t\twidth: 50%;\n\t\t\t\t}\n\t\t\t\t#gallery-7 img {\n\t\t\t\t\tborder: 2px solid #cfcfcf;\n\t\t\t\t}\n\t\t\t\t#gallery-7 .gallery-caption {\n\t\t\t\t\tmargin-left: 0;\n\t\t\t\t}\n\t\t\t\t\/* see gallery_shortcode() in wp-includes\/media.php *\/\n\t\t\t<\/style>\n\t\t<div id='gallery-7' class='dt-gallery-container gallery galleryid-356241 gallery-columns-2 gallery-size-thumbnail'><dl class='gallery-item'>\n\t\t\t\t<dt class='gallery-icon landscape'>\n\t\t\t\t\t<a class=\"rollover rollover-zoom dt-pswp-item\" title=\"387824329_820784563169948_8157503331108454836_n\" data-dt-img-description=\"\" data-large_image_width=\"1600\" data-large_image_height=\"1200\"href='https:\/\/www.radiopiu.net\/wordpress\/wp-content\/uploads\/2023\/10\/387824329_820784563169948_8157503331108454836_n.jpg'><img loading=\"lazy\" decoding=\"async\" width=\"150\" height=\"150\" src=\"https:\/\/www.radiopiu.net\/wordpress\/wp-content\/uploads\/2023\/10\/387824329_820784563169948_8157503331108454836_n-150x150.jpg\" class=\"attachment-thumbnail size-thumbnail\" alt=\"\" \/><\/a>\n\t\t\t\t<\/dt><\/dl><dl class='gallery-item'>\n\t\t\t\t<dt class='gallery-icon portrait'>\n\t\t\t\t\t<a class=\"rollover rollover-zoom dt-pswp-item\" title=\"387855761_820842919830779_1968551577679555342_n\" data-dt-img-description=\"\" data-large_image_width=\"1536\" data-large_image_height=\"2048\"href='https:\/\/www.radiopiu.net\/wordpress\/wp-content\/uploads\/2023\/10\/387855761_820842919830779_1968551577679555342_n.jpg'><img loading=\"lazy\" decoding=\"async\" width=\"150\" height=\"150\" src=\"https:\/\/www.radiopiu.net\/wordpress\/wp-content\/uploads\/2023\/10\/387855761_820842919830779_1968551577679555342_n-150x150.jpg\" class=\"attachment-thumbnail size-thumbnail\" alt=\"\" \/><\/a>\n\t\t\t\t<\/dt><\/dl><br style=\"clear: both\" \/>\n\t\t\t<\/div>\n\n<p>&nbsp;<\/p>\n<p><span style=\"color: #0000ff;\"><strong>KARATE<\/strong><\/span><\/p>\n<blockquote>\n<h3>KARATE: MASOCH ORO, QUINTA LA FUSO. PER ENTRAMBE LE AGORDINE FINALE NAZIONALE<\/h3>\n<\/blockquote>\n<p><strong><a class=\"dt-pswp-item\" href=\"https:\/\/www.radiopiu.net\/wordpress\/wp-content\/uploads\/2023\/10\/IMG-20231008-WA0094_.jpg\" data-dt-img-description=\"\" data-large_image_width=\"1150\" data-large_image_height=\"1080\"><img loading=\"lazy\" decoding=\"async\" class=\" wp-image-356287 alignleft\" src=\"https:\/\/www.radiopiu.net\/wordpress\/wp-content\/uploads\/2023\/10\/IMG-20231008-WA0094_-300x282.jpg\" alt=\"\" width=\"128\" height=\"121\" srcset=\"https:\/\/www.radiopiu.net\/wordpress\/wp-content\/uploads\/2023\/10\/IMG-20231008-WA0094_-300x282.jpg 300w, https:\/\/www.radiopiu.net\/wordpress\/wp-content\/uploads\/2023\/10\/IMG-20231008-WA0094_-1024x962.jpg 1024w, https:\/\/www.radiopiu.net\/wordpress\/wp-content\/uploads\/2023\/10\/IMG-20231008-WA0094_-768x721.jpg 768w, https:\/\/www.radiopiu.net\/wordpress\/wp-content\/uploads\/2023\/10\/IMG-20231008-WA0094_.jpg 1150w\" sizes=\"auto, (max-width: 128px) 100vw, 128px\" \/><\/a>BELLUNO <\/strong>Il Karate Team Dolomiti 1970 ha ottenuto ulteriori successi nelle qualificazioni regionali juniores di kumite. Le atlete Mariachiara Masoch e Martina Fuso hanno centrato l&#8217;obiettivo di qualificarsi per la finale nazionale ad Ostia (RM) il 4\/5 novembre. Mariachiara Masoch ha addirittura conquistato l&#8217;oro nella categoria al limite dei 48 kg, mentre Martina Fuso si \u00e8 classificata al quinto posto nella categoria -66 kg. Entrambe le atlete avranno l&#8217;opportunit\u00e0 di competere nuovamente per le medaglie nella finale nazionale. Il Maestro Moreno, allenatore della squadra, \u00e8 soddisfatto del progresso delle giovani atlete e vede in loro promettenti talenti nel combattimento. Il prossimo appuntamento sar\u00e0 il Maribor Open in Slovenia, seguito da altri importanti tornei. Gli allenamenti continuano presso le sedi di Taibon Agordino e Belluno.<\/p>\n<p>&nbsp;<\/p>\n<\/div>\n","protected":false},"excerpt":{"rendered":"<p>40esimo di RADIOPIU\u2026. LA VOCE DELL\u2019EMOZIONE ISCRIVITI AL NOSTRO CANALE\u00a0\u00a0YOUTUBE PER SEGUIRE IN DIRETTA I PRINCIPALI PROGRAMMI DI RADIO PIU\u2019 E LE FUTURE DIRETTE IN ESTERNA. PER ISCRIVERTI\u00a0CLICCA QUI\u00a0E PREMI\u00a0 \u201cIscriviti\u201d\u00a0\u00a0\u00a0 LE NUOVE TRUFFE ON LINE, DIFFIDATE DA QUESTI MESSAGGI, SOPRATTTTO NON RISPONDETE AGLI INVITI TRUFFALDINI SVUOTA CONTI CORRENTI\u00a0 &nbsp; SITUAZIONI INSOSTENIBILI E ANCHE OGGI&hellip;<\/p>\n","protected":false},"author":4,"featured_media":356384,"comment_status":"closed","ping_status":"closed","sticky":false,"template":"","format":"standard","meta":{"_monsterinsights_skip_tracking":false,"_monsterinsights_sitenote_active":false,"_monsterinsights_sitenote_note":"","_monsterinsights_sitenote_category":0,"footnotes":""},"categories":[51,86,49],"tags":[],"class_list":["post-356241","post","type-post","status-publish","format-standard","has-post-thumbnail","hentry","category-evidenza-top","category-gr","category-news-18","category-51","category-86","category-49","description-off"],"img_url":"https:\/\/www.radiopiu.net\/wordpress\/wp-content\/uploads\/2023\/10\/Senza-nome-20.png","_links":{"self":[{"href":"https:\/\/www.radiopiu.net\/wordpress\/wp-json\/wp\/v2\/posts\/356241","targetHints":{"allow":["GET"]}}],"collection":[{"href":"https:\/\/www.radiopiu.net\/wordpress\/wp-json\/wp\/v2\/posts"}],"about":[{"href":"https:\/\/www.radiopiu.net\/wordpress\/wp-json\/wp\/v2\/types\/post"}],"author":[{"embeddable":true,"href":"https:\/\/www.radiopiu.net\/wordpress\/wp-json\/wp\/v2\/users\/4"}],"replies":[{"embeddable":true,"href":"https:\/\/www.radiopiu.net\/wordpress\/wp-json\/wp\/v2\/comments?post=356241"}],"version-history":[{"count":0,"href":"https:\/\/www.radiopiu.net\/wordpress\/wp-json\/wp\/v2\/posts\/356241\/revisions"}],"wp:featuredmedia":[{"embeddable":true,"href":"https:\/\/www.radiopiu.net\/wordpress\/wp-json\/wp\/v2\/media\/356384"}],"wp:attachment":[{"href":"https:\/\/www.radiopiu.net\/wordpress\/wp-json\/wp\/v2\/media?parent=356241"}],"wp:term":[{"taxonomy":"category","embeddable":true,"href":"https:\/\/www.radiopiu.net\/wordpress\/wp-json\/wp\/v2\/categories?post=356241"},{"taxonomy":"post_tag","embeddable":true,"href":"https:\/\/www.radiopiu.net\/wordpress\/wp-json\/wp\/v2\/tags?post=356241"}],"curies":[{"name":"wp","href":"https:\/\/api.w.org\/{rel}","templated":true}]}}