{"id":356362,"date":"2023-10-11T05:25:29","date_gmt":"2023-10-11T03:25:29","guid":{"rendered":"https:\/\/www.radiopiu.net\/wordpress\/?p=356362"},"modified":"2023-10-11T05:39:12","modified_gmt":"2023-10-11T03:39:12","slug":"ecco-la-festa-del-miele-laperina-in-prima-fila","status":"publish","type":"post","link":"https:\/\/www.radiopiu.net\/wordpress\/ecco-la-festa-del-miele-laperina-in-prima-fila\/","title":{"rendered":"ECCO LA FESTA DEL MIELE, L&#8217;APERINA IN PRIMA FILA"},"content":{"rendered":"<p><b>CON LA COLLABORAZIONE DI ALESSIA DALL&#8217;O<\/b><\/p>\n<p><span style=\"color: #ff0000;\">ALLA RADIO<\/span><\/p>\n<audio class=\"wp-audio-shortcode\" id=\"audio-356362-1\" preload=\"none\" style=\"width: 100%;\" controls=\"controls\"><source type=\"audio\/mpeg\" src=\"https:\/\/www.radiopiu.net\/wordpress\/wp-content\/uploads\/2023\/10\/RHIX144.mp3?_=1\" \/><a href=\"https:\/\/www.radiopiu.net\/wordpress\/wp-content\/uploads\/2023\/10\/RHIX144.mp3\">https:\/\/www.radiopiu.net\/wordpress\/wp-content\/uploads\/2023\/10\/RHIX144.mp3<\/a><\/audio>\n<p>&nbsp;<\/p>\n<p><strong><a class=\"dt-pswp-item\" href=\"https:\/\/www.radiopiu.net\/wordpress\/wp-content\/uploads\/2023\/10\/LAPERINA-IN-VIAGGIO-foto.jpg\" data-dt-img-description=\"\" data-large_image_width=\"2000\" data-large_image_height=\"900\"><img loading=\"lazy\" decoding=\"async\" class=\"size-medium wp-image-356360 alignleft\" src=\"https:\/\/www.radiopiu.net\/wordpress\/wp-content\/uploads\/2023\/10\/LAPERINA-IN-VIAGGIO-foto-300x135.jpg\" alt=\"\" width=\"300\" height=\"135\" srcset=\"https:\/\/www.radiopiu.net\/wordpress\/wp-content\/uploads\/2023\/10\/LAPERINA-IN-VIAGGIO-foto-300x135.jpg 300w, https:\/\/www.radiopiu.net\/wordpress\/wp-content\/uploads\/2023\/10\/LAPERINA-IN-VIAGGIO-foto-1024x461.jpg 1024w, https:\/\/www.radiopiu.net\/wordpress\/wp-content\/uploads\/2023\/10\/LAPERINA-IN-VIAGGIO-foto-768x346.jpg 768w, https:\/\/www.radiopiu.net\/wordpress\/wp-content\/uploads\/2023\/10\/LAPERINA-IN-VIAGGIO-foto-1536x691.jpg 1536w, https:\/\/www.radiopiu.net\/wordpress\/wp-content\/uploads\/2023\/10\/LAPERINA-IN-VIAGGIO-foto.jpg 2000w\" sizes=\"auto, (max-width: 300px) 100vw, 300px\" \/><\/a>LIMANA<\/strong> si prepara a celebrare uno degli eventi pi\u00f9 dolci dell&#8217;anno: la Festa del Miele. Questa celebrazione annuale, in programma nei giorni 13, 14, 15, 20 e 21 ottobre 2023, \u00e8 un momento di festa e di profonda connessione con il mondo delle api e del loro prezioso prodotto, il miele. La Festa del Miele di Limana non \u00e8 solo un&#8217;opportunit\u00e0 per i visitatori di gustare i diversi tipi di miele prodotti nelle Dolomiti Bellunesi, ma \u00e8 anche un momento di apprendimento e condivisione per gli apicoltori locali. In occasione di questo straordinario evento, abbiamo avuto l&#8217;onore di tirare le somme sull\u2019andamento della stagione passata con Remo Corona, il Presidente del Gruppo apicoltori L&#8217;ApeRina di Cesiomaggiore, una figura di spicco nella comunit\u00e0 apistica della zona e della regione.<\/p>\n<p><b>Il mondo delle api: un tesoro da proteggere e conoscere<\/b><\/p>\n<p><a class=\"dt-pswp-item\" href=\"https:\/\/www.radiopiu.net\/wordpress\/wp-content\/uploads\/2023\/10\/REMO-CORONA-2.jpg\" data-dt-img-description=\"\" data-large_image_width=\"960\" data-large_image_height=\"960\"><img loading=\"lazy\" decoding=\"async\" class=\" wp-image-356359 alignleft\" src=\"https:\/\/www.radiopiu.net\/wordpress\/wp-content\/uploads\/2023\/10\/REMO-CORONA-2-300x300.jpg\" alt=\"\" width=\"226\" height=\"226\" srcset=\"https:\/\/www.radiopiu.net\/wordpress\/wp-content\/uploads\/2023\/10\/REMO-CORONA-2-300x300.jpg 300w, https:\/\/www.radiopiu.net\/wordpress\/wp-content\/uploads\/2023\/10\/REMO-CORONA-2-150x150.jpg 150w, https:\/\/www.radiopiu.net\/wordpress\/wp-content\/uploads\/2023\/10\/REMO-CORONA-2-768x768.jpg 768w, https:\/\/www.radiopiu.net\/wordpress\/wp-content\/uploads\/2023\/10\/REMO-CORONA-2.jpg 960w\" sizes=\"auto, (max-width: 226px) 100vw, 226px\" \/><\/a>Remo Corona \u00e8 un uomo appassionato delle api da molti anni. Con occhi scintillanti e un sorriso caloroso, riesce a trasmettere tutta la sua passione. &#8220;Le api sono creature straordinarie,&#8221; ha iniziato Remo. &#8220;Non solo ci forniscono il dolce nettare dorato che amiamo cos\u00ec tanto, ma svolgono un ruolo cruciale nella nostra catena alimentare, impollinando la maggior parte delle piante da cui dipendiamo per il cibo.&#8221; E\u2019 questa la base e il fulcro di ogni visita in apiario presso il Museo Etnografico delle Dolomiti, che \u00e8 sempre aperto a scuole e interessati su prenotazione dell\u2019attivit\u00e0, ma c\u2019\u00e8 tanto di questo anche nel libro \u201cL\u2019Aperina in Viaggio\u201d una pubblicazione a cui Remo ha contribuito con Ester Casagrande e Umberto Lisot che racconta l\u2019opera di apicoltori di Cesiomaggiore e del Feltrino del secolo scorso, ma anche la caratterizzazione dei vari mieli che si possono produrre nelle diverse zone del<\/p>\n<p>bellunese.\u201d E\u2019 un libretto interessante per chi ama questa attivit\u00e0 nel bellunese. A corredo si trovano anche ricette per piatti o bibite a base di miele e altre notizie inedite\u201d<\/p>\n<p><b>Miele azzerato in primavera, poi recupero nei mesi estivi.<\/b><\/p>\n<p><a class=\"dt-pswp-item\" href=\"https:\/\/www.radiopiu.net\/wordpress\/wp-content\/uploads\/2023\/10\/APE-SU-SETTEMBRIINI.jpg\" data-dt-img-description=\"\" data-large_image_width=\"1200\" data-large_image_height=\"800\"><img loading=\"lazy\" decoding=\"async\" class=\"size-medium wp-image-356358 alignleft\" src=\"https:\/\/www.radiopiu.net\/wordpress\/wp-content\/uploads\/2023\/10\/APE-SU-SETTEMBRIINI-300x200.jpg\" alt=\"\" width=\"300\" height=\"200\" srcset=\"https:\/\/www.radiopiu.net\/wordpress\/wp-content\/uploads\/2023\/10\/APE-SU-SETTEMBRIINI-300x200.jpg 300w, https:\/\/www.radiopiu.net\/wordpress\/wp-content\/uploads\/2023\/10\/APE-SU-SETTEMBRIINI-1024x683.jpg 1024w, https:\/\/www.radiopiu.net\/wordpress\/wp-content\/uploads\/2023\/10\/APE-SU-SETTEMBRIINI-768x512.jpg 768w, https:\/\/www.radiopiu.net\/wordpress\/wp-content\/uploads\/2023\/10\/APE-SU-SETTEMBRIINI.jpg 1200w\" sizes=\"auto, (max-width: 300px) 100vw, 300px\" \/><\/a>\u201cIn questo fine estate, le api visitano le ultime fioriture per raccogliere polline enettare, in particolare su astri settembrini, fiori di edera, crisantemi e poche altrefioriture di prato. Questo servir\u00e0 a loro per incrementare le scorte da utilizzare neimesi invernali\u201d spiega Corona.<br \/>\nPer tirare le somme sull\u2019annata apistica, il presidente del Gruppo constata che \u201cLasiccit\u00e0 dei primi mesi primaverili e di seguito i molti giorni di pioggia, hanno di fattoimpedito lo sviluppo delle colonie di api.\u201d Azzerata quindi la produzione di miele primaverile e di acacia, non solo in Valbelluna, ma anche nel resto della penisola. Il dolce nettare raccolto dagli apicoltori, secondo il report \u00e8 tiglio e castagno dove le fioriture sono presenti. \u201cDiscreta la produzione di miele nelle zone di montagna, dove le api bottinano suifiori di rododendro, erica e altre essenze dei prati liberi. Anche quest\u2019anno nellenostre vallate bellunesi si raccoglie il miele di melata, molto scuro, ma ricco diminerali e di ottimo gusto.Ora agli apicoltori devono accertarsi che le api siano in buona salute e possano trascorrere i prossimi mesi autunnali nelle migliori condizioni.\u201d conclude Corona.<\/p>\n<p>&nbsp;<\/p>\n<p>____<\/p>\n","protected":false},"excerpt":{"rendered":"<p>CON LA COLLABORAZIONE DI ALESSIA DALL&#8217;O ALLA RADIO &nbsp; LIMANA si prepara a celebrare uno degli eventi pi\u00f9 dolci dell&#8217;anno: la Festa del Miele. Questa celebrazione annuale, in programma nei giorni 13, 14, 15, 20 e 21 ottobre 2023, \u00e8 un momento di festa e di profonda connessione con il mondo delle api e del&hellip;<\/p>\n","protected":false},"author":4,"featured_media":356359,"comment_status":"closed","ping_status":"closed","sticky":false,"template":"","format":"standard","meta":{"_monsterinsights_skip_tracking":false,"_monsterinsights_sitenote_active":false,"_monsterinsights_sitenote_note":"","_monsterinsights_sitenote_category":0,"footnotes":""},"categories":[51,49],"tags":[],"class_list":["post-356362","post","type-post","status-publish","format-standard","has-post-thumbnail","hentry","category-evidenza-top","category-news-18","category-51","category-49","description-off"],"img_url":"https:\/\/www.radiopiu.net\/wordpress\/wp-content\/uploads\/2023\/10\/REMO-CORONA-2.jpg","_links":{"self":[{"href":"https:\/\/www.radiopiu.net\/wordpress\/wp-json\/wp\/v2\/posts\/356362","targetHints":{"allow":["GET"]}}],"collection":[{"href":"https:\/\/www.radiopiu.net\/wordpress\/wp-json\/wp\/v2\/posts"}],"about":[{"href":"https:\/\/www.radiopiu.net\/wordpress\/wp-json\/wp\/v2\/types\/post"}],"author":[{"embeddable":true,"href":"https:\/\/www.radiopiu.net\/wordpress\/wp-json\/wp\/v2\/users\/4"}],"replies":[{"embeddable":true,"href":"https:\/\/www.radiopiu.net\/wordpress\/wp-json\/wp\/v2\/comments?post=356362"}],"version-history":[{"count":0,"href":"https:\/\/www.radiopiu.net\/wordpress\/wp-json\/wp\/v2\/posts\/356362\/revisions"}],"wp:featuredmedia":[{"embeddable":true,"href":"https:\/\/www.radiopiu.net\/wordpress\/wp-json\/wp\/v2\/media\/356359"}],"wp:attachment":[{"href":"https:\/\/www.radiopiu.net\/wordpress\/wp-json\/wp\/v2\/media?parent=356362"}],"wp:term":[{"taxonomy":"category","embeddable":true,"href":"https:\/\/www.radiopiu.net\/wordpress\/wp-json\/wp\/v2\/categories?post=356362"},{"taxonomy":"post_tag","embeddable":true,"href":"https:\/\/www.radiopiu.net\/wordpress\/wp-json\/wp\/v2\/tags?post=356362"}],"curies":[{"name":"wp","href":"https:\/\/api.w.org\/{rel}","templated":true}]}}