{"id":356412,"date":"2023-10-12T06:02:28","date_gmt":"2023-10-12T04:02:28","guid":{"rendered":"https:\/\/www.radiopiu.net\/wordpress\/?p=356412"},"modified":"2023-10-12T13:45:40","modified_gmt":"2023-10-12T11:45:40","slug":"giornale-radiopiu-12-ottobre-2023-direttore-mirko-mezzacasada-40-anni-25-giugno-1983-25-giugno-2023","status":"publish","type":"post","link":"https:\/\/www.radiopiu.net\/wordpress\/giornale-radiopiu-12-ottobre-2023-direttore-mirko-mezzacasada-40-anni-25-giugno-1983-25-giugno-2023\/","title":{"rendered":"GIORNALE RADIOPIU 12 OTTOBRE 2023 DIRETTORE MIRKO MEZZACASA\u2026DA 40 ANNI 25 GIUGNO 1983-25 GIUGNO 2023"},"content":{"rendered":"<h1 class=\"entry-title photoswipe-wrapper\">40esimo di RADIOPIU\u2026. LA VOCE DELL\u2019EMOZIONE<\/h1>\n<h2><span style=\"color: #ff0000;\">ISCRIVITI AL NOSTRO CANALE\u00a0\u00a0YOUTUBE PER SEGUIRE IN DIRETTA I PRINCIPALI PROGRAMMI DI RADIO PIU\u2019 E LE FUTURE DIRETTE IN ESTERNA. PER ISCRIVERTI\u00a0<a style=\"color: #ff0000;\" href=\"https:\/\/youtube.com\/@radiopiu1527\">CLICCA QUI\u00a0<\/a>E PREMI\u00a0 \u201cIscriviti\u201d\u00a0\u00a0<\/span><b>\u00a0<\/b><\/h2>\n<h1 class=\"entry-title photoswipe-wrapper\"><a class=\"dt-pswp-item pspw-wrap-ready\" href=\"https:\/\/www.radiopiu.net\/wordpress\/wp-content\/uploads\/2023\/09\/34f4cfc6-e863-46e9-9695-8df44be63421-1.jpg\" data-dt-img-description=\"\" data-large_image_width=\"1200\" data-large_image_height=\"1200\"><img loading=\"lazy\" decoding=\"async\" class=\"wp-image-354561 alignleft\" src=\"https:\/\/www.radiopiu.net\/wordpress\/wp-content\/uploads\/2023\/09\/34f4cfc6-e863-46e9-9695-8df44be63421-1-300x300.jpg\" sizes=\"auto, (max-width: 124px) 100vw, 124px\" srcset=\"https:\/\/www.radiopiu.net\/wordpress\/wp-content\/uploads\/2023\/09\/34f4cfc6-e863-46e9-9695-8df44be63421-1-300x300.jpg 300w, https:\/\/www.radiopiu.net\/wordpress\/wp-content\/uploads\/2023\/09\/34f4cfc6-e863-46e9-9695-8df44be63421-1-1024x1024.jpg 1024w, https:\/\/www.radiopiu.net\/wordpress\/wp-content\/uploads\/2023\/09\/34f4cfc6-e863-46e9-9695-8df44be63421-1-150x150.jpg 150w, https:\/\/www.radiopiu.net\/wordpress\/wp-content\/uploads\/2023\/09\/34f4cfc6-e863-46e9-9695-8df44be63421-1-768x768.jpg 768w, https:\/\/www.radiopiu.net\/wordpress\/wp-content\/uploads\/2023\/09\/34f4cfc6-e863-46e9-9695-8df44be63421-1.jpg 1200w\" alt=\"\" width=\"124\" height=\"124\" \/><\/a><\/h1>\n<p><strong>OGGI ALLA RADIO ALLE 10.30 E 1900 <span class=\"xv78j7m\" spellcheck=\"false\">Maurizio Fontanelle<\/span> presidente @pro loco pieve castionese<\/strong><\/p>\n<p>alle 7 la rassegna stampa per chi va di fretta, approfondimenti nella rassegna stampa delle 8, l&#8217;originale dal 1983.<br \/>\nGR LOCALI: 10.05, 11.05, 12.30 PRINCIPALE, 14 30 VIABILITA 15 METEO GR LOCALI 17.05 18.05<br \/>\nAPPROFONDIMENTI 10.30, 13.10, 16.30, 19.00<br \/>\nANTICIPAZIONI DEL TG DI ANTENNA 3, TIZIANA BOLOGNANI ALLE 19<\/p>\n<p>&nbsp;<\/p>\n<hr \/>\n<p>&nbsp;<\/p>\n<blockquote>\n<h3>C&#8217;ERA UNA VOLTA LE ECCELLENZE BELLUNESI&#8230;<\/h3>\n<\/blockquote>\n<p><strong><a class=\"dt-pswp-item\" href=\"https:\/\/www.radiopiu.net\/wordpress\/wp-content\/uploads\/2021\/10\/9396bbfc-2818-4225-b55d-9a56c39206f1.jpg\" data-dt-img-description=\"\" data-large_image_width=\"1599\" data-large_image_height=\"899\"><img loading=\"lazy\" decoding=\"async\" class=\" wp-image-237486 alignleft\" src=\"https:\/\/www.radiopiu.net\/wordpress\/wp-content\/uploads\/2021\/10\/9396bbfc-2818-4225-b55d-9a56c39206f1-300x169.jpg\" alt=\"\" width=\"245\" height=\"138\" srcset=\"https:\/\/www.radiopiu.net\/wordpress\/wp-content\/uploads\/2021\/10\/9396bbfc-2818-4225-b55d-9a56c39206f1-300x169.jpg 300w, https:\/\/www.radiopiu.net\/wordpress\/wp-content\/uploads\/2021\/10\/9396bbfc-2818-4225-b55d-9a56c39206f1-1024x576.jpg 1024w, https:\/\/www.radiopiu.net\/wordpress\/wp-content\/uploads\/2021\/10\/9396bbfc-2818-4225-b55d-9a56c39206f1-768x432.jpg 768w, https:\/\/www.radiopiu.net\/wordpress\/wp-content\/uploads\/2021\/10\/9396bbfc-2818-4225-b55d-9a56c39206f1-1536x864.jpg 1536w, https:\/\/www.radiopiu.net\/wordpress\/wp-content\/uploads\/2021\/10\/9396bbfc-2818-4225-b55d-9a56c39206f1.jpg 1599w\" sizes=\"auto, (max-width: 245px) 100vw, 245px\" \/><\/a>TRASPORTO PUBBLICO LOCALE, LA PENTOLA CONTINUA A BOLLIRE, I DIRIGENTI TAGLIANO DAI LORO COMODI UFFICI, I &#8220;SUDDITI&#8221; MINACCIANO DI SCENDERE IN PIAZZA E CHIEDONO LA RESTITUZIONE DEL DENARO PRETESO NEI GIORNI DEL SOLLEONE CON AUMENTI A FRONTE DI UN SERVIZIO CHE ANCHE OGGI TAGLIERA&#8217; 50 CORSE.<\/strong><\/p>\n<p><strong> Nota positiva: un miglioramento, ieri erano quasi 100 le corse tagliate. Tra le varie ipotesi di piazza anche il tentativo di creare una class action, sono in tanti pronti a schierarsi contro l&#8217;attuale gruppo dirigenziale del trasporto pubblico locale, quello che un tempo era un&#8217;eccellenza.<\/strong><\/p>\n<p><strong> ORMAI TAGLIARE I SERVIZI E&#8217; DIVENTATO UNA &#8220;NORMA&#8221; E ANCHE OGGI SILENZIO DALLE ISTITUZIONI.<\/strong><\/p>\n<p>Evidentemente i giorni dedicati al ricordo del Vajont, gli eventi al Teatro Comunale, le trasferte all&#8217;Aquila,\u00a0 hanno spremuto cos\u00ec tanto i nostri amministratori che non hanno avuto il tempo di prestare maggiore attenzione a uno dei problemi principali\u00a0 e attuale del territorio, dei bellunesi, che porter\u00e0 inevitabilmente ad un ulteriore spopolamento,\u00a0 soprattutto delle zone alte della montagna, stiamone certi, quello della spopolamento sar\u00e0 uno degli argomenti delle prossime campagne elettorali, e quello del trasporto pubblico locale argomento difficile da dribblare come invece\u00a0 sta succedendo oggi<\/p>\n<p>MM<\/p>\n<p>&nbsp;<\/p>\n<hr \/>\n<p>&nbsp;<\/p>\n<h2 style=\"text-align: center;\"><span style=\"color: #ff6600;\">LA VOLPE MOTOCICLISTA DEL PASSO PORDOI<\/span><\/h2>\n<p><strong>REDAZIONE <\/strong>Anche le volpi si stanno adeguando ai tempi salendo in sella alla moto. Ringraziamo Denis Costa per la splendida immagine<\/p>\n\n\t\t\t<style type='text\/css'>\n\t\t\t\t#gallery-1 {\n\t\t\t\t\tmargin: auto;\n\t\t\t\t}\n\t\t\t\t#gallery-1 .gallery-item {\n\t\t\t\t\tfloat: left;\n\t\t\t\t\tmargin-top: 10px;\n\t\t\t\t\ttext-align: center;\n\t\t\t\t\twidth: 100%;\n\t\t\t\t}\n\t\t\t\t#gallery-1 img {\n\t\t\t\t\tborder: 2px solid #cfcfcf;\n\t\t\t\t}\n\t\t\t\t#gallery-1 .gallery-caption {\n\t\t\t\t\tmargin-left: 0;\n\t\t\t\t}\n\t\t\t\t\/* see gallery_shortcode() in wp-includes\/media.php *\/\n\t\t\t<\/style>\n\t\t<div id='gallery-1' class='dt-gallery-container gallery galleryid-356412 gallery-columns-1 gallery-size-medium'><dl class='gallery-item'>\n\t\t\t\t<dt class='gallery-icon portrait'>\n\t\t\t\t\t<a class=\"rollover rollover-zoom dt-pswp-item\" title=\"image0\" data-dt-img-description=\"\" data-large_image_width=\"1512\" data-large_image_height=\"2016\"href='https:\/\/www.radiopiu.net\/wordpress\/wp-content\/uploads\/2023\/10\/image0-rotated.jpeg'><img loading=\"lazy\" decoding=\"async\" width=\"225\" height=\"300\" src=\"https:\/\/www.radiopiu.net\/wordpress\/wp-content\/uploads\/2023\/10\/image0-225x300.jpeg\" class=\"attachment-medium size-medium\" alt=\"\" srcset=\"https:\/\/www.radiopiu.net\/wordpress\/wp-content\/uploads\/2023\/10\/image0-225x300.jpeg 225w, https:\/\/www.radiopiu.net\/wordpress\/wp-content\/uploads\/2023\/10\/image0-768x1024.jpeg 768w, https:\/\/www.radiopiu.net\/wordpress\/wp-content\/uploads\/2023\/10\/image0-1152x1536.jpeg 1152w, https:\/\/www.radiopiu.net\/wordpress\/wp-content\/uploads\/2023\/10\/image0-rotated.jpeg 1512w\" sizes=\"auto, (max-width: 225px) 100vw, 225px\" \/><\/a>\n\t\t\t\t<\/dt><\/dl><br style=\"clear: both\" \/>\n\t\t\t<\/div>\n\n<h1 class=\"entry-title photoswipe-wrapper\"><\/h1>\n<p>&nbsp;<\/p>\n<p>&nbsp;<\/p>\n<hr \/>\n<p>&nbsp;<\/p>\n<p><img loading=\"lazy\" decoding=\"async\" class=\"alignleft\" src=\"https:\/\/www.radiopiu.net\/wordpress\/wp-content\/uploads\/2022\/05\/download-2.jpg\" width=\"74\" height=\"74\" \/>Gestione Servizi Pubblici informa che ad <strong>AGORDO<\/strong> nelle localit\u00e0 VERAN, CROSTOLIN, PRA GRANDE, COL DI FOGLIA, CASE NAGOL, POLANE E VIA FAION\u00a0 e a <strong>FALCADE<\/strong> nelle localit\u00e0 FALCADE ALTO, VILLOTTA, LA FOCA E VIA MAS DE LE MOLE l&#8217;acqua erogata dall&#8217;acquedotto non \u00e8 potabile e pu\u00f2 essere usata per scopi alimentari SOLO PREVIA bollitura.<\/p>\n<p>&nbsp;<\/p>\n<p>&nbsp;<\/p>\n<hr \/>\n<p>&nbsp;<\/p>\n<blockquote>\n<h3>INCIDENTE TRA AUTO E MOTO A PONTE NELLE ALPI<\/h3>\n<\/blockquote>\n<p><strong>PONTE NELLE ALPI <\/strong>Problemi alla viabilit\u00e0 ieri mattina per un incidente avvenuto a Ponte Nelle Alpi di fronte alla concessionaria Manzotti. Sono entrate in collisione una moto e un&#8217;auto. Sul posto sono intervenuti i Vigili del Fuoco, Carabinieri e Suem 118 che ha preso in cura le persone coinvolte. Ad avere la peggio il centauro, 33 anni di Thiene (VI), che \u00e8 stato portato all&#8217;ospedale di Belluno<\/p>\n<p><strong>FOTO VIABILITA&#8217; PROVINCIA DI BELLUNO TELEGRAM<\/strong><\/p>\n\n\t\t\t<style type='text\/css'>\n\t\t\t\t#gallery-2 {\n\t\t\t\t\tmargin: auto;\n\t\t\t\t}\n\t\t\t\t#gallery-2 .gallery-item {\n\t\t\t\t\tfloat: left;\n\t\t\t\t\tmargin-top: 10px;\n\t\t\t\t\ttext-align: center;\n\t\t\t\t\twidth: 50%;\n\t\t\t\t}\n\t\t\t\t#gallery-2 img {\n\t\t\t\t\tborder: 2px solid #cfcfcf;\n\t\t\t\t}\n\t\t\t\t#gallery-2 .gallery-caption {\n\t\t\t\t\tmargin-left: 0;\n\t\t\t\t}\n\t\t\t\t\/* see gallery_shortcode() in wp-includes\/media.php *\/\n\t\t\t<\/style>\n\t\t<div id='gallery-2' class='dt-gallery-container gallery galleryid-356412 gallery-columns-2 gallery-size-medium'><dl class='gallery-item'>\n\t\t\t\t<dt class='gallery-icon landscape'>\n\t\t\t\t\t<a class=\"rollover rollover-zoom dt-pswp-item\" title=\"photo_5850304413242080793_y\" data-dt-img-description=\"\" data-large_image_width=\"1280\" data-large_image_height=\"960\"href='https:\/\/www.radiopiu.net\/wordpress\/wp-content\/uploads\/2023\/10\/photo_5850304413242080793_y.jpg'><img loading=\"lazy\" decoding=\"async\" width=\"300\" height=\"225\" src=\"https:\/\/www.radiopiu.net\/wordpress\/wp-content\/uploads\/2023\/10\/photo_5850304413242080793_y-300x225.jpg\" class=\"attachment-medium size-medium\" alt=\"\" srcset=\"https:\/\/www.radiopiu.net\/wordpress\/wp-content\/uploads\/2023\/10\/photo_5850304413242080793_y-300x225.jpg 300w, https:\/\/www.radiopiu.net\/wordpress\/wp-content\/uploads\/2023\/10\/photo_5850304413242080793_y-1024x768.jpg 1024w, https:\/\/www.radiopiu.net\/wordpress\/wp-content\/uploads\/2023\/10\/photo_5850304413242080793_y-768x576.jpg 768w, https:\/\/www.radiopiu.net\/wordpress\/wp-content\/uploads\/2023\/10\/photo_5850304413242080793_y.jpg 1280w\" sizes=\"auto, (max-width: 300px) 100vw, 300px\" \/><\/a>\n\t\t\t\t<\/dt><\/dl><dl class='gallery-item'>\n\t\t\t\t<dt class='gallery-icon landscape'>\n\t\t\t\t\t<a class=\"rollover rollover-zoom dt-pswp-item\" title=\"photo_5850304413242080791_y\" data-dt-img-description=\"\" data-large_image_width=\"1280\" data-large_image_height=\"960\"href='https:\/\/www.radiopiu.net\/wordpress\/wp-content\/uploads\/2023\/10\/photo_5850304413242080791_y.jpg'><img loading=\"lazy\" decoding=\"async\" width=\"300\" height=\"225\" src=\"https:\/\/www.radiopiu.net\/wordpress\/wp-content\/uploads\/2023\/10\/photo_5850304413242080791_y-300x225.jpg\" class=\"attachment-medium size-medium\" alt=\"\" srcset=\"https:\/\/www.radiopiu.net\/wordpress\/wp-content\/uploads\/2023\/10\/photo_5850304413242080791_y-300x225.jpg 300w, https:\/\/www.radiopiu.net\/wordpress\/wp-content\/uploads\/2023\/10\/photo_5850304413242080791_y-1024x768.jpg 1024w, https:\/\/www.radiopiu.net\/wordpress\/wp-content\/uploads\/2023\/10\/photo_5850304413242080791_y-768x576.jpg 768w, https:\/\/www.radiopiu.net\/wordpress\/wp-content\/uploads\/2023\/10\/photo_5850304413242080791_y.jpg 1280w\" sizes=\"auto, (max-width: 300px) 100vw, 300px\" \/><\/a>\n\t\t\t\t<\/dt><\/dl><br style=\"clear: both\" \/>\n\t\t\t<\/div>\n\n<p>&nbsp;<\/p>\n<hr \/>\n<p>&nbsp;<\/p>\n<blockquote>\n<h3>ALLA ROTONDA, AUTO CONTRO CAMPER<\/h3>\n<\/blockquote>\n<p><strong>AGORDO<\/strong> Ambulanza del Papa Luciani di Agordo e Vigili del fuoco alla rotonda di Brugnach oggi alle 15 per un incidente tra un&#8217;auto e il camper. Due persone in ospedale con ferite leggere, rilievi di legge dei Carabinieri. Qualche disagio al traffico lungo la tangenziale.<\/p>\n\n\t\t\t<style type='text\/css'>\n\t\t\t\t#gallery-3 {\n\t\t\t\t\tmargin: auto;\n\t\t\t\t}\n\t\t\t\t#gallery-3 .gallery-item {\n\t\t\t\t\tfloat: left;\n\t\t\t\t\tmargin-top: 10px;\n\t\t\t\t\ttext-align: center;\n\t\t\t\t\twidth: 20%;\n\t\t\t\t}\n\t\t\t\t#gallery-3 img {\n\t\t\t\t\tborder: 2px solid #cfcfcf;\n\t\t\t\t}\n\t\t\t\t#gallery-3 .gallery-caption {\n\t\t\t\t\tmargin-left: 0;\n\t\t\t\t}\n\t\t\t\t\/* see gallery_shortcode() in wp-includes\/media.php *\/\n\t\t\t<\/style>\n\t\t<div id='gallery-3' class='dt-gallery-container gallery galleryid-356412 gallery-columns-5 gallery-size-thumbnail'><dl class='gallery-item'>\n\t\t\t\t<dt class='gallery-icon landscape'>\n\t\t\t\t\t<a class=\"rollover rollover-zoom dt-pswp-item\" title=\"385507115_334992079057072_6958896790605935091_n\" data-dt-img-description=\"\" data-large_image_width=\"2048\" data-large_image_height=\"1536\"href='https:\/\/www.radiopiu.net\/wordpress\/wp-content\/uploads\/2023\/10\/385507115_334992079057072_6958896790605935091_n-1.jpg'><img loading=\"lazy\" decoding=\"async\" width=\"150\" height=\"150\" src=\"https:\/\/www.radiopiu.net\/wordpress\/wp-content\/uploads\/2023\/10\/385507115_334992079057072_6958896790605935091_n-1-150x150.jpg\" class=\"attachment-thumbnail size-thumbnail\" alt=\"\" \/><\/a>\n\t\t\t\t<\/dt><\/dl><dl class='gallery-item'>\n\t\t\t\t<dt class='gallery-icon landscape'>\n\t\t\t\t\t<a class=\"rollover rollover-zoom dt-pswp-item\" title=\"f79448c2-4082-45d4-a7b5-1a4d34b8a6a5\" data-dt-img-description=\"\" data-large_image_width=\"1600\" data-large_image_height=\"1200\"href='https:\/\/www.radiopiu.net\/wordpress\/wp-content\/uploads\/2023\/10\/f79448c2-4082-45d4-a7b5-1a4d34b8a6a5.jpg'><img loading=\"lazy\" decoding=\"async\" width=\"150\" height=\"150\" src=\"https:\/\/www.radiopiu.net\/wordpress\/wp-content\/uploads\/2023\/10\/f79448c2-4082-45d4-a7b5-1a4d34b8a6a5-150x150.jpg\" class=\"attachment-thumbnail size-thumbnail\" alt=\"\" \/><\/a>\n\t\t\t\t<\/dt><\/dl><dl class='gallery-item'>\n\t\t\t\t<dt class='gallery-icon landscape'>\n\t\t\t\t\t<a class=\"rollover rollover-zoom dt-pswp-item\" title=\"a5a8c93a-beba-4bb3-b93d-1b3fb42de949\" data-dt-img-description=\"\" data-large_image_width=\"1600\" data-large_image_height=\"1200\"href='https:\/\/www.radiopiu.net\/wordpress\/wp-content\/uploads\/2023\/10\/a5a8c93a-beba-4bb3-b93d-1b3fb42de949.jpg'><img loading=\"lazy\" decoding=\"async\" width=\"150\" height=\"150\" src=\"https:\/\/www.radiopiu.net\/wordpress\/wp-content\/uploads\/2023\/10\/a5a8c93a-beba-4bb3-b93d-1b3fb42de949-150x150.jpg\" class=\"attachment-thumbnail size-thumbnail\" alt=\"\" \/><\/a>\n\t\t\t\t<\/dt><\/dl><dl class='gallery-item'>\n\t\t\t\t<dt class='gallery-icon portrait'>\n\t\t\t\t\t<a class=\"rollover rollover-zoom dt-pswp-item\" title=\"7ef3d67a-3a50-4c03-a8af-1937baccf163\" data-dt-img-description=\"\" data-large_image_width=\"1200\" data-large_image_height=\"1600\"href='https:\/\/www.radiopiu.net\/wordpress\/wp-content\/uploads\/2023\/10\/7ef3d67a-3a50-4c03-a8af-1937baccf163.jpg'><img loading=\"lazy\" decoding=\"async\" width=\"150\" height=\"150\" src=\"https:\/\/www.radiopiu.net\/wordpress\/wp-content\/uploads\/2023\/10\/7ef3d67a-3a50-4c03-a8af-1937baccf163-150x150.jpg\" class=\"attachment-thumbnail size-thumbnail\" alt=\"\" \/><\/a>\n\t\t\t\t<\/dt><\/dl><dl class='gallery-item'>\n\t\t\t\t<dt class='gallery-icon portrait'>\n\t\t\t\t\t<a class=\"rollover rollover-zoom dt-pswp-item\" title=\"9d5734db-3436-4cdc-83a7-7ef414aaaf22\" data-dt-img-description=\"\" data-large_image_width=\"1200\" data-large_image_height=\"1600\"href='https:\/\/www.radiopiu.net\/wordpress\/wp-content\/uploads\/2023\/10\/9d5734db-3436-4cdc-83a7-7ef414aaaf22.jpg'><img loading=\"lazy\" decoding=\"async\" width=\"150\" height=\"150\" src=\"https:\/\/www.radiopiu.net\/wordpress\/wp-content\/uploads\/2023\/10\/9d5734db-3436-4cdc-83a7-7ef414aaaf22-150x150.jpg\" class=\"attachment-thumbnail size-thumbnail\" alt=\"\" \/><\/a>\n\t\t\t\t<\/dt><\/dl><br style=\"clear: both\" \/>\n\t\t\t<\/div>\n\n<p>&nbsp;<\/p>\n<p>&nbsp;<\/p>\n<hr \/>\n<p>&nbsp;<\/p>\n<blockquote>\n<h3 class=\"articlePlainSubHead\">MUORE IN VACANZA ALLE CANARIE DOPO AVER FESTEGGIATO IL MATRIMONIO DELLA FIGLIA<\/h3>\n<\/blockquote>\n<div class=\"articlePlainText\"><a class=\"dt-pswp-item\" href=\"https:\/\/www.radiopiu.net\/wordpress\/wp-content\/uploads\/2023\/10\/Senza-nome-28.png\" data-dt-img-description=\"\" data-large_image_width=\"167\" data-large_image_height=\"149\"><img loading=\"lazy\" decoding=\"async\" class=\" wp-image-356553 alignleft\" src=\"https:\/\/www.radiopiu.net\/wordpress\/wp-content\/uploads\/2023\/10\/Senza-nome-28.png\" alt=\"\" width=\"91\" height=\"81\" \/><\/a>Morto in vacanza, mentre stava facendo il bagno. Nunzio Da Vi\u00e0, architetto cadorino titolare del Tecnostudio di Cortina, ha perso la vita durante un periodo di ferie con la moglie Grazia alle isole Canarie, in Spagna. Aveva 64 anni ed era originario di Sottocastello, la piccola frazione di Pieve di Cadore.<\/div>\n<div><\/div>\n<div><\/div>\n<div>\n<hr \/>\n<\/div>\n<div><\/div>\n<blockquote>\n<h2>MALORE MORTALE PER UNA GIOVANE DI 33 ANNI<\/h2>\n<\/blockquote>\n<div><strong><a class=\"dt-pswp-item\" href=\"https:\/\/www.radiopiu.net\/wordpress\/wp-content\/uploads\/2018\/09\/PIEVE-DI-CADORE.jpg\" data-dt-img-description=\"\" data-large_image_width=\"289\" data-large_image_height=\"175\"><img loading=\"lazy\" decoding=\"async\" class=\"size-full wp-image-61015 alignleft\" src=\"https:\/\/www.radiopiu.net\/wordpress\/wp-content\/uploads\/2018\/09\/PIEVE-DI-CADORE.jpg\" alt=\"\" width=\"289\" height=\"175\" \/><\/a>PIEVE DI CADORE<\/strong>\u00a0 \u00a0Anna Da Vi\u00e0 si \u00e8 sentita male luned\u00ec sera: chiamata l&#8217;ambulanza \u00e8 stata poi elitrasportata al pronto soccorso di Belluno dove per\u00f2 per lei non c&#8217;\u00e8 stato nulla da fare. L&#8217;Ulss ha richiesto l&#8217;avvio di ulteriori indagini per capire le cause del decesso. Intanto la famiglia Da Vi\u00e0, distrutta dal dolore, attende la conclusione dell&#8217;autopsia per poter salutare per l&#8217;ultima volta la sua amata Anna. La donna si era presentata in Pronto Soccorso a Pieve di Cadore domenica\u00a0 e trattenuta in osservazione breve intensiva fino alla mattina di luned\u00ec quando, una volta risolta la sintomatologia che l&#8217;aveva portata all&#8217;ospedale, \u00e8 stata dimessa. Poi nel tardo pomeriggio il malore.\u00a0Sull&#8217;accaduto il Comitato per la salvaguardia della sanit\u00e0 di Pieve e Agordo ha richiamato l&#8217;attenzione sull&#8217;importanza di dotare gli ospedali periferici dei reparti utili per intervenire su patologie tempo dipendenti.<\/div>\n<div><\/div>\n<p>&nbsp;<\/p>\n<hr \/>\n<p>&nbsp;<\/p>\n<blockquote>\n<h3>RIECCO I LADRI, AL VIA LA STAGIONE DEI FURTI<\/h3>\n<p>FELTRE Nel\u00a0 feltrino non \u00e8 una novit\u00e0, quando la stagione dei furti inizia, visti i precedenti, meglio alzare l&#8217;asticella dell&#8217;attenzione, puntare sul controllo di vicinato, informare Carabinieri, Polizia e Polizia Locale di eventuali persone o movimenti sospetti. Nelle ultime ore furti a Fener ed Alano di Piave. Prese di mira tre attivit\u00e0 commerciali, porte scassinate con il piede di porco, stanze a soqquadro e danni notevoli e il bottino si limita al fondo cassa.<\/p><\/blockquote>\n<p>&nbsp;<\/p>\n<hr \/>\n<p>&nbsp;<\/p>\n<blockquote>\n<h3>RIENTRO VENETI DA ISRAELE.\u00a0 OBBIETTIVO\u00a0 RIMPATRIARE TUTTI I VENETI BLOCCATI.<\/h3>\n<\/blockquote>\n<p><strong><a class=\"dt-pswp-item\" href=\"https:\/\/www.radiopiu.net\/wordpress\/wp-content\/uploads\/2023\/10\/th-8.jpg\" data-dt-img-description=\"\" data-large_image_width=\"240\" data-large_image_height=\"180\"><img loading=\"lazy\" decoding=\"async\" class=\" wp-image-356485 alignleft\" src=\"https:\/\/www.radiopiu.net\/wordpress\/wp-content\/uploads\/2023\/10\/th-8.jpg\" alt=\"\" width=\"163\" height=\"122\" \/><\/a>VENEZIA <\/strong>\u201cIn un clima di grande preoccupazione e dolore, l\u2019arrivo all\u2019aeroporto di Verona di un folto gruppo di cittadini rimasti bloccati a Gerusalemme segna una importante tappa nell\u2019impegno che stiamo portando avanti per riuscire a rimpatriare rapidamente tutti i veneti che ancora si trovano in Israele\u201d. Con queste parole il Presidente della Regione del Veneto, Luca Zaia, commenta\u00a0 l\u2019arrivo al Catullo di Verona della comitiva di pellegrini, comprendente anche 2 neonati e 5 bambini. Anche in aree nel nord del paese, anche in un kibbutz, ci sarebbero altri cittadini italiani provenienti dal Veneto. <em>&#8220;Continueremo a seguire la situazione in stretto contatto con il Ministero affinch\u00e9 tutti coloro che sono rimasti in quella morsa di violenza cieca, terrore e tensione possano rientrare alle loro case\u201d<\/em> conclude Zaia.<\/p>\n<p>&nbsp;<\/p>\n<p>&nbsp;<\/p>\n<hr \/>\n<blockquote>\n<h3><\/h3>\n<h3>VAJONT: ZAIA SI CHIEDE SE SI E&#8217; FATTO ABBASTANZA NELLE SCUOLE<\/h3>\n<\/blockquote>\n<p><strong>VENEZIA<\/strong> Il Presidente della Regione del Veneto, Luca Zaia, ritorna sul tema della commemorazione del 60esimo della tragedia del Vajont.<\/p>\n<p>ps AD AGORDO, ISTITUTO FOLLADOR IL GEOLOGO DANILO GIORDANO (COME DOCUMENTATO DA RADIO PIU\u2019) NON HA MANCATO DI RIUNIRE GLI STUDENTI DI QUINTA IN SALA AUDITORIUM PER UN\u2019IMPORTANTE LEZIONE SUL VAJONT.<\/p>\n<div style=\"width: 1200px;\" class=\"wp-video\"><video class=\"wp-video-shortcode\" id=\"video-356412-1\" width=\"1200\" height=\"675\" preload=\"metadata\" controls=\"controls\"><source type=\"video\/mp4\" src=\"https:\/\/www.radiopiu.net\/wordpress\/wp-content\/uploads\/2023\/10\/Zaia-su-commemorazione-Vajont.mp4?_=1\" \/><a href=\"https:\/\/www.radiopiu.net\/wordpress\/wp-content\/uploads\/2023\/10\/Zaia-su-commemorazione-Vajont.mp4\">https:\/\/www.radiopiu.net\/wordpress\/wp-content\/uploads\/2023\/10\/Zaia-su-commemorazione-Vajont.mp4<\/a><\/video><\/div>\n<p>&nbsp;<\/p>\n<p>&nbsp;<\/p>\n<p>&nbsp;<\/p>\n<hr \/>\n<blockquote>\n<h2><\/h2>\n<h2>TURISMO A BELLUNO, ALL&#8217;UFFICIO TURISTICO AUMENTO DEL 43%<\/h2>\n<\/blockquote>\n<p><strong>BELLUNO<\/strong> Si \u00e8 chiusa con il segno positivo l\u2019estate 2023 del Capoluogo. In quattro mesi registrate presenze in aumento di oltre il 43%. \u201cUn ottimo segnale, adesso si punta a consolidare le nuove rassegne lavorando per una stagione di appuntamenti lunga tutto l\u2019anno \u2013 commenta l\u2019assessore al turismo, Paolo Luciani&#8221;.\u00a0 Accessi all&#8217;ufficio turistico:\u00a0 giugno 1088 contro i 490 del 2022. Luglio 1588 (1147 nel 2022). Agosto\u00a0 2555 (2341 un anno fa). Ssettembre, 1746 accessi contro i 1681 dello stesso mese dello scorso anno.<\/p>\n<p><strong>L&#8217;ASSESSORE PAOLO LUCIANI<\/strong><\/p>\n<p><iframe loading=\"lazy\" title=\"IMG 2374\" width=\"1200\" height=\"675\" src=\"https:\/\/www.youtube.com\/embed\/lXJ3O6bO35c?feature=oembed\" frameborder=\"0\" allow=\"accelerometer; autoplay; clipboard-write; encrypted-media; gyroscope; picture-in-picture; web-share\" allowfullscreen><\/iframe><\/p>\n<p>&nbsp;<\/p>\n<hr \/>\n<p>&nbsp;<\/p>\n<blockquote>\n<h3><strong>&#8220;Chiara Richiesta dall&#8217;Assemblea Upi: Il Sistema del Paese non pu\u00f2 Fare a Meno delle Province&#8221;<\/strong><\/h3>\n<\/blockquote>\n<div class=\"flex-1 overflow-hidden\">\n<div class=\"react-scroll-to-bottom--css-ruuwy-79elbk h-full dark:bg-gray-800\">\n<div class=\"react-scroll-to-bottom--css-ruuwy-1n7m0yu\">\n<div class=\"flex flex-col text-sm dark:bg-gray-800\">\n<div class=\"group final-completion w-full text-token-text-primary border-b border-black\/10 gizmo:border-0 dark:border-gray-900\/50 gizmo:dark:border-0 bg-gray-50 gizmo:bg-transparent dark:bg-[#444654] gizmo:dark:bg-transparent\" data-testid=\"conversation-turn-5\">\n<div class=\"p-4 justify-center text-base md:gap-6 md:py-6 m-auto\">\n<div class=\"flex flex-1 gap-4 text-base mx-auto md:gap-6 gizmo:gap-3 gizmo:md:px-5 gizmo:lg:px-1 gizmo:xl:px-5 md:max-w-2xl lg:max-w-[38rem] gizmo:md:max-w-3xl gizmo:lg:max-w-[40rem] gizmo:xl:max-w-[48rem] xl:max-w-3xl }\">\n<div class=\"relative flex w-[calc(100%-50px)] flex-col gizmo:w-full lg:w-[calc(100%-115px)] agent-turn\">\n<div class=\"flex-col gap-1 md:gap-3\">\n<div class=\"flex flex-grow flex-col gap-3 max-w-full\">\n<div class=\"min-h-[20px] flex flex-col items-start gap-3 whitespace-pre-wrap break-words overflow-x-auto\">\n<div class=\"markdown prose w-full break-words dark:prose-invert dark\">\n<p><strong><a class=\"dt-pswp-item\" href=\"https:\/\/www.radiopiu.net\/wordpress\/wp-content\/uploads\/2023\/10\/b83c74d5-3b9a-400a-92ef-ea999788966c.jpg\" data-dt-img-description=\"\" data-large_image_width=\"1600\" data-large_image_height=\"1066\"><img loading=\"lazy\" decoding=\"async\" class=\" wp-image-356541 alignleft\" src=\"https:\/\/www.radiopiu.net\/wordpress\/wp-content\/uploads\/2023\/10\/b83c74d5-3b9a-400a-92ef-ea999788966c-300x200.jpg\" alt=\"\" width=\"278\" height=\"185\" srcset=\"https:\/\/www.radiopiu.net\/wordpress\/wp-content\/uploads\/2023\/10\/b83c74d5-3b9a-400a-92ef-ea999788966c-300x200.jpg 300w, https:\/\/www.radiopiu.net\/wordpress\/wp-content\/uploads\/2023\/10\/b83c74d5-3b9a-400a-92ef-ea999788966c-1024x682.jpg 1024w, https:\/\/www.radiopiu.net\/wordpress\/wp-content\/uploads\/2023\/10\/b83c74d5-3b9a-400a-92ef-ea999788966c-768x512.jpg 768w, https:\/\/www.radiopiu.net\/wordpress\/wp-content\/uploads\/2023\/10\/b83c74d5-3b9a-400a-92ef-ea999788966c-1536x1023.jpg 1536w, https:\/\/www.radiopiu.net\/wordpress\/wp-content\/uploads\/2023\/10\/b83c74d5-3b9a-400a-92ef-ea999788966c.jpg 1600w\" sizes=\"auto, (max-width: 278px) 100vw, 278px\" \/><\/a>L&#8217;AQUILA<\/strong> Nell&#8217;assemblea nazionale dell&#8217;Upi\u00a0 il presidente della Provincia di Belluno, Roberto Padrin, ha enfatizzato l&#8217;importanza di una chiara assegnazione di risorse, personale e responsabilit\u00e0 per le province. Ha sottolineato che se le province sono una componente fondamentale del sistema del Paese, dovrebbero essere adeguatamente attrezzate per svolgere i loro ruoli assegnati. L&#8217;assemblea ha evidenziato la situazione attuale delle province italiane, bloccate tra una riforma parziale del 2014 e una riforma emergente per ripristinare l&#8217;eleggibilit\u00e0 e le funzioni delle autorit\u00e0 locali. Diverse figure istituzionali, tra cui il primo ministro Meloni, il presidente Mattarella e il ministro Salvini, hanno sottolineato la necessit\u00e0 di una riforma delle province per potenziare questi enti locali. In risposta, Padrin ha esortato a azioni concrete e ha sottolineato la necessit\u00e0 di una riforma completa che riconosca il ruolo unico delle province nella governance del Paese.<\/p>\n<\/div>\n<\/div>\n<\/div>\n<div class=\"flex justify-between empty:hidden gizmo:justify-start gizmo:gap-3 lg:block\"><\/div>\n<div><\/div>\n<div>\n<hr \/>\n<\/div>\n<div>\u00a0IERI SERA, TG ANTENNA 3 (CANALE 10 DIGITALE TERRESTRE), OGNI SERA ALLE 19.10 LE ANTICIPAZIONI ALLA RADIO CON TIZIANA BOLOGNANI<\/div>\n<\/div>\n<div>\n<div id=\"title\" class=\"style-scope ytd-watch-metadata\">\n<blockquote>\n<h3 class=\"style-scope ytd-watch-metadata\">OLIMPIADI 2026, ORE CONTATE PER IL DESTINO DELLA NUOVA &#8216;EUGENIO MONTI&#8217; | 11\/10\/2023<\/h3>\n<\/blockquote>\n<\/div>\n<div id=\"top-row\" class=\"style-scope ytd-watch-metadata\">\n<div id=\"owner\" class=\"item style-scope ytd-watch-metadata\">&#8211; Intervistati GIANLUCA LORENZI (SINDACO DI CORTINA) (Servizio di Tiziana Bolognani) &#8211; Segui Antenna Tre anche sul digitale terrestre! Visita il sito www.antennatre.it<\/div>\n<\/div>\n<div>DI TIZIANA BOLOGNANI<\/div>\n<\/div>\n<div class=\"flex-col gap-1 md:gap-3\">\n<div><\/div>\n<div>\n<p><iframe loading=\"lazy\" title=\"OLIMPIADI 2026, ORE CONTATE PER IL DESTINO DELLA NUOVA &#039;EUGENIO MONTI&#039; | 11\/10\/2023\" width=\"1200\" height=\"675\" src=\"https:\/\/www.youtube.com\/embed\/VEMPa2YTI7Q?start=1&#038;feature=oembed\" frameborder=\"0\" allow=\"accelerometer; autoplay; clipboard-write; encrypted-media; gyroscope; picture-in-picture; web-share\" allowfullscreen><\/iframe><\/p>\n<\/div>\n<\/div>\n<\/div>\n<\/div>\n<\/div>\n<\/div>\n<p>&nbsp;<\/p>\n<\/div>\n<\/div>\n<\/div>\n<\/div>\n<hr \/>\n<p>&nbsp;<\/p>\n<blockquote>\n<h3>Losego: il paese delle leggende visto attraverso l\u2019arte dei ragazzi<\/h3>\n<\/blockquote>\n\n\t\t\t<style type='text\/css'>\n\t\t\t\t#gallery-4 {\n\t\t\t\t\tmargin: auto;\n\t\t\t\t}\n\t\t\t\t#gallery-4 .gallery-item {\n\t\t\t\t\tfloat: left;\n\t\t\t\t\tmargin-top: 10px;\n\t\t\t\t\ttext-align: center;\n\t\t\t\t\twidth: 50%;\n\t\t\t\t}\n\t\t\t\t#gallery-4 img {\n\t\t\t\t\tborder: 2px solid #cfcfcf;\n\t\t\t\t}\n\t\t\t\t#gallery-4 .gallery-caption {\n\t\t\t\t\tmargin-left: 0;\n\t\t\t\t}\n\t\t\t\t\/* see gallery_shortcode() in wp-includes\/media.php *\/\n\t\t\t<\/style>\n\t\t<div id='gallery-4' class='dt-gallery-container gallery galleryid-356412 gallery-columns-2 gallery-size-medium'><dl class='gallery-item'>\n\t\t\t\t<dt class='gallery-icon landscape'>\n\t\t\t\t\t<a class=\"rollover rollover-zoom dt-pswp-item\" title=\"Ragazzi_a_Losego_1\" data-dt-img-description=\"\" data-large_image_width=\"1024\" data-large_image_height=\"498\"href='https:\/\/www.radiopiu.net\/wordpress\/wp-content\/uploads\/2023\/10\/Ragazzi_a_Losego_1.jpg'><img loading=\"lazy\" decoding=\"async\" width=\"300\" height=\"146\" src=\"https:\/\/www.radiopiu.net\/wordpress\/wp-content\/uploads\/2023\/10\/Ragazzi_a_Losego_1-300x146.jpg\" class=\"attachment-medium size-medium\" alt=\"\" srcset=\"https:\/\/www.radiopiu.net\/wordpress\/wp-content\/uploads\/2023\/10\/Ragazzi_a_Losego_1-300x146.jpg 300w, https:\/\/www.radiopiu.net\/wordpress\/wp-content\/uploads\/2023\/10\/Ragazzi_a_Losego_1-768x374.jpg 768w, https:\/\/www.radiopiu.net\/wordpress\/wp-content\/uploads\/2023\/10\/Ragazzi_a_Losego_1.jpg 1024w\" sizes=\"auto, (max-width: 300px) 100vw, 300px\" \/><\/a>\n\t\t\t\t<\/dt><\/dl><dl class='gallery-item'>\n\t\t\t\t<dt class='gallery-icon landscape'>\n\t\t\t\t\t<a class=\"rollover rollover-zoom dt-pswp-item\" title=\"Studentesse_a_Losego\" data-dt-img-description=\"\" data-large_image_width=\"757\" data-large_image_height=\"387\"href='https:\/\/www.radiopiu.net\/wordpress\/wp-content\/uploads\/2023\/10\/Studentesse_a_Losego.jpg'><img loading=\"lazy\" decoding=\"async\" width=\"300\" height=\"153\" src=\"https:\/\/www.radiopiu.net\/wordpress\/wp-content\/uploads\/2023\/10\/Studentesse_a_Losego-300x153.jpg\" class=\"attachment-medium size-medium\" alt=\"\" srcset=\"https:\/\/www.radiopiu.net\/wordpress\/wp-content\/uploads\/2023\/10\/Studentesse_a_Losego-300x153.jpg 300w, https:\/\/www.radiopiu.net\/wordpress\/wp-content\/uploads\/2023\/10\/Studentesse_a_Losego.jpg 757w\" sizes=\"auto, (max-width: 300px) 100vw, 300px\" \/><\/a>\n\t\t\t\t<\/dt><\/dl><br style=\"clear: both\" \/>\n\t\t\t<\/div>\n\n<p><strong>PONTE NELLE ALPI<\/strong>\u00a0 L\u2019istituto comprensivo di Ponte nelle Alpi ha lanciato un\u2019iniziativa: i ragazzi di alcune classi della scuola \u201cSandro Pertini\u201d, coordinati dal professor Federico Palazzin e in collaborazione con l\u2019amministrazione comunale, trascorreranno tre giornate nelle vie e piazze di Losego, ascoltando i racconti dei residenti e realizzando disegni sulla vita e storia del paese. I giovani sono stati accolti dai volontari del Comitato frazionale e, al termine del percorso artistico, sar\u00e0 cura degli organizzatori promuovere una mostra e altri eventi relativi alle frazioni del territorio.\u00a0 <em>\u00ab Un modo di fare scuola innovativo, diverso, a tu per tu con la natura e l\u2019arte &#8211; ha sottolineato la vice sindaca Lucia Da Rold &#8211;\u00a0 Grazie a chi ha voluto realizzare un simile progetto e, in particolare, ai rappresentanti del Comitato frazionale&#8221;.\u00a0<\/em><\/p>\n<p>&nbsp;<\/p>\n<p>&nbsp;<\/p>\n<p>&nbsp;<\/p>\n<hr \/>\n<p>&nbsp;<\/p>\n<blockquote>\n<h2>Partecipare al cambiamento: il 13 e 14 ottobre la Festa della Partecipazione<\/h2>\n<blockquote>\n<h2><a class=\"dt-pswp-item\" href=\"https:\/\/www.radiopiu.net\/wordpress\/wp-content\/uploads\/2023\/10\/4d764b8b-0b17-4d65-ad4e-9b3813b76af4.jpg\" data-dt-img-description=\"\" data-large_image_width=\"2048\" data-large_image_height=\"1536\"><img loading=\"lazy\" decoding=\"async\" class=\"size-medium wp-image-356495 alignleft\" src=\"https:\/\/www.radiopiu.net\/wordpress\/wp-content\/uploads\/2023\/10\/4d764b8b-0b17-4d65-ad4e-9b3813b76af4-300x225.jpg\" alt=\"\" width=\"300\" height=\"225\" srcset=\"https:\/\/www.radiopiu.net\/wordpress\/wp-content\/uploads\/2023\/10\/4d764b8b-0b17-4d65-ad4e-9b3813b76af4-300x225.jpg 300w, https:\/\/www.radiopiu.net\/wordpress\/wp-content\/uploads\/2023\/10\/4d764b8b-0b17-4d65-ad4e-9b3813b76af4-1024x768.jpg 1024w, https:\/\/www.radiopiu.net\/wordpress\/wp-content\/uploads\/2023\/10\/4d764b8b-0b17-4d65-ad4e-9b3813b76af4-768x576.jpg 768w, https:\/\/www.radiopiu.net\/wordpress\/wp-content\/uploads\/2023\/10\/4d764b8b-0b17-4d65-ad4e-9b3813b76af4-1536x1152.jpg 1536w, https:\/\/www.radiopiu.net\/wordpress\/wp-content\/uploads\/2023\/10\/4d764b8b-0b17-4d65-ad4e-9b3813b76af4.jpg 2048w\" sizes=\"auto, (max-width: 300px) 100vw, 300px\" \/><\/a><\/h2>\n<\/blockquote>\n<p><strong>TREVISO\u00a0<\/strong> Non si ferma il cammino della raccolta firme per la legge di iniziativa popolare che propone una partecipazione pi\u00f9 attiva di lavoratrici e lavoratori nelle scelte e negli utili delle aziende. La partecipazione \u00e8 un valore del metodo della Cisl e verr\u00e0 celebrata venerd\u00ec 13 e sabato 14 ottobre in tutta Italia con la Festa della Partecipazione. Sabato dalle 9 alle 12.30 a Treviso (Porta San Tomaso), Belluno (piazza dei Martiri) e Valdobbiadene (Viale Mazzini) saranno presenti i gazebo<\/p>\n<p><strong>DI DANIELE DALVIT<\/strong><\/p>\n<audio class=\"wp-audio-shortcode\" id=\"audio-356412-1\" preload=\"none\" style=\"width: 100%;\" controls=\"controls\"><source type=\"audio\/mpeg\" src=\"https:\/\/www.radiopiu.net\/wordpress\/wp-content\/uploads\/2023\/10\/Radio-Piu-Servizio-Firme-CISL-partecipazione.mp3?_=1\" \/><a href=\"https:\/\/www.radiopiu.net\/wordpress\/wp-content\/uploads\/2023\/10\/Radio-Piu-Servizio-Firme-CISL-partecipazione.mp3\">https:\/\/www.radiopiu.net\/wordpress\/wp-content\/uploads\/2023\/10\/Radio-Piu-Servizio-Firme-CISL-partecipazione.mp3<\/a><\/audio>\n<p>&nbsp;<\/p><\/blockquote>\n<p>&nbsp;<\/p>\n<hr \/>\n<p>&nbsp;<\/p>\n<blockquote>\n<h3>DOLOMIA 2023, IL RADUNO DEI GRUPPI ALPINISTICI<\/h3>\n<\/blockquote>\n<p><strong><img loading=\"lazy\" decoding=\"async\" class=\"alignleft\" src=\"https:\/\/www.radiopiu.net\/wordpress\/wp-content\/uploads\/2023\/10\/BARBARA.png\" width=\"213\" height=\"127\" \/><\/strong><\/p>\n<p>&nbsp;<\/p>\n<p>&nbsp;<\/p>\n<p><strong>PIEVE DI CADORE<\/strong><\/p>\n<p><strong>BARBARA PAOLAZZI<\/strong><\/p>\n<p>&nbsp;<\/p>\n<audio class=\"wp-audio-shortcode\" id=\"audio-356412-2\" preload=\"none\" style=\"width: 100%;\" controls=\"controls\"><source type=\"audio\/mpeg\" src=\"https:\/\/www.radiopiu.net\/wordpress\/wp-content\/uploads\/2023\/10\/BARBARA-BHJO.mp3?_=2\" \/><a href=\"https:\/\/www.radiopiu.net\/wordpress\/wp-content\/uploads\/2023\/10\/BARBARA-BHJO.mp3\">https:\/\/www.radiopiu.net\/wordpress\/wp-content\/uploads\/2023\/10\/BARBARA-BHJO.mp3<\/a><\/audio>\n<p>&nbsp;<\/p>\n<p>&nbsp;<\/p>\n<hr \/>\n<p>&nbsp;<\/p>\n<blockquote>\n<h3>CERIMONIA DI CONFERIMENTO DELLA CITTADINANZA ONORARIA ALLA CROCE ROSSA ITALIANA<\/h3>\n<\/blockquote>\n<blockquote><p><em>LONGARONE <strong>15 ottobre 2023<\/strong><strong>Piazza Mazzol\u00e0<\/strong><strong>Ore 10:00\u00a0<\/strong><\/em><\/p><\/blockquote>\n<div class=\"flex-1 overflow-hidden\">\n<div class=\"react-scroll-to-bottom--css-xhhdm-79elbk h-full dark:bg-gray-800\">\n<div class=\"react-scroll-to-bottom--css-xhhdm-1n7m0yu\">\n<div class=\"flex flex-col text-sm dark:bg-gray-800\">\n<div class=\"group final-completion w-full text-token-text-primary border-b border-black\/10 gizmo:border-0 dark:border-gray-900\/50 gizmo:dark:border-0 bg-gray-50 gizmo:bg-transparent dark:bg-[#444654] gizmo:dark:bg-transparent\" data-testid=\"conversation-turn-3\">\n<div class=\"p-4 justify-center text-base md:gap-6 md:py-6 m-auto\">\n<div class=\"flex flex-1 gap-4 text-base mx-auto md:gap-6 gizmo:gap-3 gizmo:md:px-5 gizmo:lg:px-1 gizmo:xl:px-5 md:max-w-2xl lg:max-w-[38rem] gizmo:md:max-w-3xl gizmo:lg:max-w-[40rem] gizmo:xl:max-w-[48rem] xl:max-w-3xl }\">\n<div class=\"relative flex w-[calc(100%-50px)] flex-col gizmo:w-full lg:w-[calc(100%-115px)] agent-turn\">\n<div class=\"flex-col gap-1 md:gap-3\">\n<div class=\"flex flex-grow flex-col gap-3 max-w-full\">\n<div class=\"min-h-[20px] flex flex-col items-start gap-3 whitespace-pre-wrap break-words overflow-x-auto\">\n<div class=\"markdown prose w-full break-words dark:prose-invert dark\">\n<p><img decoding=\"async\" class=\"alignleft\" src=\"https:\/\/www.radiopiu.net\/wordpress\/wp-content\/uploads\/2018\/05\/croce-rossa-1.png\" \/>Nella splendida cornice di Piazza Mazzol\u00e0,\u00a0 sabato si terr\u00e0 una significativa cerimonia di conferimento della cittadinanza onoraria alla Croce Rossa Italiana. L&#8217;evento \u00e8 un riconoscimento speciale per l&#8217;importante ruolo svolto da questa istituzione nel supporto e nell&#8217;assistenza alla comunit\u00e0, e si svolger\u00e0 secondo il seguente programma: 10 &#8211; Esecuzione degli inni da parte della Fanfara Nazionale Croce Rossa Italiana\u00a0 10:15 &#8211; Palazzo Municipale, Aula Consiglio Comunale 11 &#8211; Intervento del Presidente Nazionale Croce Rossa Italiana, Rosario Maria Gianluca Valastro. Un momento toccante della cerimonia sar\u00e0 l&#8217;atto ufficiale di conferimento della cittadinanza onoraria alla Croce Rossa Italiana. Il Sindaco di Longarone conferir\u00e0 una pergamena commemorativa e registrer\u00e0 l&#8217;istituzione nell&#8217;Albo Comunale dei Cittadini Onorari.Dopo la cerimonia ufficiale, si former\u00e0 un corteo che si diriger\u00e0 da Piazza Mazzol\u00e0 a Piazza Jacopo Tasso.In questa piazza, un momento di riflessione e commemorazione si concentrer\u00e0 su due gesti simbolici: deposizione di un omaggio floreale alle vittime della frana del Vajont e deposizione di una zolla di terra del Memoriale della Croce Rossa Italiana a Solferino.<\/p>\n<\/div>\n<\/div>\n<\/div>\n<\/div>\n<\/div>\n<\/div>\n<\/div>\n<\/div>\n<\/div>\n<\/div>\n<\/div>\n<\/div>\n<p>&nbsp;<\/p>\n<hr \/>\n<p>&nbsp;<\/p>\n<div class=\"page-title-head hgroup\">\n<blockquote>\n<h3 class=\"entry-title\">INCONTRO MEDICO-FARMACISTICO CON IL PROF. STEFANO PRETOLANI PER APPROFONDIRE LE TEMATICHE GASTROENTEROLOGICHE<\/h3>\n<\/blockquote>\n<\/div>\n<div class=\"page-title-breadcrumbs\">\n<p><strong><img loading=\"lazy\" decoding=\"async\" class=\"alignleft\" src=\"https:\/\/www.radiopiu.net\/wordpress\/wp-content\/uploads\/2020\/05\/poliambulatorio.png\" width=\"258\" height=\"180\" \/>AGORDO <\/strong>Il Poliambulatorio Agordino \u00e8 lieto di annunciare un incontro speciale rivolto a medici e farmacisti, con l&#8217;importante partecipazione del Professor Stefano Pretolani, eminente gastroenterologo presso l&#8217;Ospedale Maggiore di Bologna. L&#8217;evento, che si terr\u00e0 sabato 14 ottobre alle ore 17 presso il Poliambulatorio Agordino, Localit\u00e0 Valcozzena ad Agordo, promette di essere un&#8217;occasione unica per esplorare temi di grande rilevanza nell&#8217;ambito della salute intestinale e metabolica. Il Professore Pretolani \u00e8 un&#8217;autorit\u00e0 riconosciuta nel campo della gastroenterologia e porter\u00e0 la sua vasta esperienza per discutere una serie di argomenti di attualit\u00e0 che affliggono molte persone: <strong>1. Sindrome Metabolica:<\/strong> L&#8217;obesit\u00e0, l&#8217;ipertensione, l&#8217;insulino-resistenza e altre condizioni metaboliche rappresentano una sfida crescente per la salute pubblica. L&#8217;incontro fornir\u00e0 preziose informazioni sul riconoscimento e la gestione di questa sindrome. <strong>2. Steatosi Epatica:<\/strong> La steatosi epatica non alcolica \u00e8 una patologia in crescita legata all&#8217;accumulo di grasso nel fegato. Il Prof. Pretolani esplorer\u00e0 le cause, i rischi e le strategie di gestione di questa condizione. <strong>3. Intestino Irritabile:<\/strong> Il disturbo dell&#8217;intestino irritabile \u00e8 un problema comune che pu\u00f2 causare notevoli disagi. L&#8217;incontro si concentrer\u00e0 su come riconoscere i sintomi e sviluppare piani di trattamento efficaci. <strong>4. Disbiosi Intestinale e Patologie Correlate:<\/strong> La salute dell&#8217;intestino gioca un ruolo cruciale nel benessere generale del corpo. Il Prof. Pretolani esaminer\u00e0 l&#8217;importanza dell&#8217;equilibrio della flora intestinale e le patologie associate a disbiosi.<\/p>\n<div class=\"flex-1 overflow-hidden\">\n<div class=\"react-scroll-to-bottom--css-dguzv-79elbk h-full dark:bg-gray-800\">\n<div class=\"react-scroll-to-bottom--css-dguzv-1n7m0yu\">\n<div class=\"flex flex-col text-sm dark:bg-gray-800\">\n<div class=\"group final-completion w-full text-token-text-primary border-b border-black\/10 gizmo:border-0 dark:border-gray-900\/50 gizmo:dark:border-0 bg-gray-50 gizmo:bg-transparent dark:bg-[#444654] gizmo:dark:bg-transparent\" data-testid=\"conversation-turn-3\">\n<div class=\"p-4 justify-center text-base md:gap-6 md:py-6 m-auto\">\n<div class=\"flex flex-1 gap-4 text-base mx-auto md:gap-6 gizmo:gap-3 gizmo:md:px-5 gizmo:lg:px-1 gizmo:xl:px-5 md:max-w-2xl lg:max-w-[38rem] gizmo:md:max-w-3xl gizmo:lg:max-w-[40rem] gizmo:xl:max-w-[48rem] xl:max-w-3xl }\">\n<div class=\"relative flex w-[calc(100%-50px)] flex-col gizmo:w-full lg:w-[calc(100%-115px)] agent-turn\">\n<div class=\"flex-col gap-1 md:gap-3\">\n<div class=\"flex flex-grow flex-col gap-3 max-w-full\">\n<div class=\"min-h-[20px] flex flex-col items-start gap-3 whitespace-pre-wrap break-words overflow-x-auto\">\n<div class=\"markdown prose w-full break-words dark:prose-invert dark\">\n<p>Questo incontro rappresenta un&#8217;opportunit\u00e0 unica per i professionisti della salute di ottenere informazioni di alto livello su queste tematiche e porre domande dirette al Prof. Pretolani. La condivisione di conoscenze e l&#8217;aggiornamento sulle ultime scoperte in campo medico possono aiutare a migliorare la qualit\u00e0 delle cure offerte ai pazienti. L&#8217;incontro si terr\u00e0 presso il Poliambulatorio Agordino, un centro medico di eccellenza noto per la sua dedizione all&#8217;assistenza sanitaria di alta qualit\u00e0. Gli interessati sono invitati a partecipare a questa straordinaria occasione di apprendimento. Per ulteriori informazioni e per prenotare la partecipazione all&#8217;evento, si prega di contattare il Poliambulatorio Agordino. L&#8217;incontro del 14 ottobre promette di essere un momento di scambio prezioso tra medici, farmacisti e un esperto rinomato nel campo della gastroenterologia. Non perdete questa occasione unica per approfondire le tematiche pi\u00f9 importanti che riguardano la salute intestinale e metabolica.<\/p>\n<\/div>\n<\/div>\n<\/div>\n<div class=\"flex justify-between empty:hidden gizmo:justify-start gizmo:gap-3 lg:block\">\n<div class=\"text-gray-400 flex self-end lg:self-center justify-center gizmo:lg:justify-start mt-2 gizmo:mt-0 visible lg:gap-1 lg:absolute lg:top-0 lg:translate-x-full lg:right-0 lg:mt-0 lg:pl-2 gap-2 md:gap-3\">\n<div class=\"flex gap-1 gizmo:gap-3\"><\/div>\n<div>\n<hr \/>\n<\/div>\n<div><\/div>\n<\/div>\n<div><a class=\"dt-pswp-item\" href=\"https:\/\/www.radiopiu.net\/wordpress\/wp-content\/uploads\/2023\/10\/716b175c-2658-404b-98a5-199c7f16a46d.jpg\" data-dt-img-description=\"\" data-large_image_width=\"576\" data-large_image_height=\"1024\"><img loading=\"lazy\" decoding=\"async\" class=\"alignnone wp-image-356567 size-full\" src=\"https:\/\/www.radiopiu.net\/wordpress\/wp-content\/uploads\/2023\/10\/716b175c-2658-404b-98a5-199c7f16a46d.jpg\" alt=\"\" width=\"576\" height=\"1024\" srcset=\"https:\/\/www.radiopiu.net\/wordpress\/wp-content\/uploads\/2023\/10\/716b175c-2658-404b-98a5-199c7f16a46d.jpg 576w, https:\/\/www.radiopiu.net\/wordpress\/wp-content\/uploads\/2023\/10\/716b175c-2658-404b-98a5-199c7f16a46d-169x300.jpg 169w\" sizes=\"auto, (max-width: 576px) 100vw, 576px\" \/><\/a><\/div>\n<\/div>\n<\/div>\n<\/div>\n<\/div>\n<\/div>\n<\/div>\n<\/div>\n<\/div>\n<\/div>\n<\/div>\n<\/div>\n<p>&nbsp;<\/p>\n<hr \/>\n<p>&nbsp;<\/p>\n<p>&nbsp;<\/p>\n<blockquote>\n<h3>LA MONGOLFIERA DI GIORGIA ONLUS \u00c8 PRONTA PER IL PROSSIMO VIAGGIO<\/h3>\n<\/blockquote>\n<p><a class=\"dt-pswp-item\" href=\"https:\/\/www.radiopiu.net\/wordpress\/wp-content\/uploads\/2023\/10\/WhatsApp-Image-2023-10-09-at-18.28.07.jpeg\" data-dt-img-description=\"\" data-large_image_width=\"1080\" data-large_image_height=\"1133\"><img loading=\"lazy\" decoding=\"async\" class=\" wp-image-356488 alignleft\" src=\"https:\/\/www.radiopiu.net\/wordpress\/wp-content\/uploads\/2023\/10\/WhatsApp-Image-2023-10-09-at-18.28.07-286x300.jpeg\" alt=\"\" width=\"131\" height=\"137\" srcset=\"https:\/\/www.radiopiu.net\/wordpress\/wp-content\/uploads\/2023\/10\/WhatsApp-Image-2023-10-09-at-18.28.07-286x300.jpeg 286w, https:\/\/www.radiopiu.net\/wordpress\/wp-content\/uploads\/2023\/10\/WhatsApp-Image-2023-10-09-at-18.28.07-976x1024.jpeg 976w, https:\/\/www.radiopiu.net\/wordpress\/wp-content\/uploads\/2023\/10\/WhatsApp-Image-2023-10-09-at-18.28.07-768x806.jpeg 768w, https:\/\/www.radiopiu.net\/wordpress\/wp-content\/uploads\/2023\/10\/WhatsApp-Image-2023-10-09-at-18.28.07.jpeg 1080w\" sizes=\"auto, (max-width: 131px) 100vw, 131px\" \/><\/a><strong>REDAZIONE <\/strong>\u00a0Con l&#8217;uscita del nuovo bando, sono disponibili ulteriori 10.000 euro per finanziare iniziative dedicate a giovani residenti in Veneto o seguiti da strutture pubbliche sanitarie della regione, compresi coloro con disabilit\u00e0 temporanee legalmente certificate. L&#8217;obiettivo principale dell&#8217;Associazione \u00e8 migliorare la qualit\u00e0 di vita di questi giovani, consentendo loro di ottenere beni o servizi che ritengono utili per il loro benessere psico-fisico. Informazioni sul sito <a href=\"http:\/\/www.lamongolfieradigiorgia.it\/\" target=\"_new\" rel=\"noopener\">www.lamongolfieradigiorgia.it<\/a>,<\/p>\n<p>&nbsp;<\/p>\n<p>&nbsp;<\/p>\n<hr \/>\n<p>&nbsp;<\/p>\n<blockquote>\n<h3>UN WORKSHOP SULLE TERRE ALTE DELL&#8217;OCCHIALE<\/h3>\n<\/blockquote>\n<p><strong><a class=\"dt-pswp-item\" href=\"https:\/\/www.radiopiu.net\/wordpress\/wp-content\/uploads\/2022\/09\/Fedon_-portaocchiali-in-vetro-satinato-scaled.jpg\" data-dt-img-description=\"\" data-large_image_width=\"2560\" data-large_image_height=\"1707\"><img loading=\"lazy\" decoding=\"async\" class=\" wp-image-298454 alignleft\" src=\"https:\/\/www.radiopiu.net\/wordpress\/wp-content\/uploads\/2022\/09\/Fedon_-portaocchiali-in-vetro-satinato-300x200.jpg\" alt=\"\" width=\"116\" height=\"77\" srcset=\"https:\/\/www.radiopiu.net\/wordpress\/wp-content\/uploads\/2022\/09\/Fedon_-portaocchiali-in-vetro-satinato-300x200.jpg 300w, https:\/\/www.radiopiu.net\/wordpress\/wp-content\/uploads\/2022\/09\/Fedon_-portaocchiali-in-vetro-satinato-1024x683.jpg 1024w, https:\/\/www.radiopiu.net\/wordpress\/wp-content\/uploads\/2022\/09\/Fedon_-portaocchiali-in-vetro-satinato-768x512.jpg 768w, https:\/\/www.radiopiu.net\/wordpress\/wp-content\/uploads\/2022\/09\/Fedon_-portaocchiali-in-vetro-satinato-1536x1024.jpg 1536w, https:\/\/www.radiopiu.net\/wordpress\/wp-content\/uploads\/2022\/09\/Fedon_-portaocchiali-in-vetro-satinato-2048x1365.jpg 2048w\" sizes=\"auto, (max-width: 116px) 100vw, 116px\" \/><\/a>PIEVE DI CADORE<\/strong> Recentemente, un workshop ha riunito aziende, enti e stakeholder interessati nel progetto &#8220;Terre dell\u2019Occhiale \u2013 Ecomuseo dell\u2019occhialeria bellunese&#8221;, con l&#8217;obiettivo di sviluppare un ecomuseo che valorizzi la storia dell&#8217;occhialeria nel Bellunese. L&#8217;iniziativa mira a creare un sistema turistico consapevole e sostenibile, tenendo conto anche delle Olimpiadi di Milano-Cortina 2026. Il coinvolgimento degli archeologi cadorini \u00e8 fondamentale per studiare e valorizzare i resti della prima fabbrica di occhiali<\/p>\n<p>&nbsp;<\/p>\n<p>&nbsp;<\/p>\n<hr \/>\n<p>&nbsp;<\/p>\n<blockquote>\n<h3>IL CONSIGLIO COMUNALE DI ALLEGHE<\/h3>\n<\/blockquote>\n<p><strong>ALLEGHE<\/strong> Il sindaco Danilo De Toni ha convocato il consiglio comunale per luned\u00ec alle 20:30 nella sala consigliare del municipio. Sono 7 i punti da discutere tra cui l&#8217;adeguamento del regolamento del Gruppo Comunale di Protezione Civile, due variazioni a bilancio, l&#8217;approvazione dello schema di convenzione con l&#8217;Unione Montana Agordina per il servizio di segreteria e l&#8217;acquisto di un terreno in localit\u00e0 Coldemies.<\/p>\n<p>&nbsp;<\/p>\n<p>&nbsp;<\/p>\n<hr \/>\n<p>&nbsp;<\/p>\n<blockquote>\n<h2>DILLO A RADIO PIU&#8217;&#8230;\u201cLuna park\u201d Dolomiti UNESCO<\/h2>\n<\/blockquote>\n<p>Da Enzo Lombardi, di Canale d&#8217;Agordo, riceviamo e pubblichiamo<\/p>\n<p><a class=\"dt-pswp-item\" href=\"https:\/\/www.radiopiu.net\/wordpress\/wp-content\/uploads\/2023\/10\/th-12.jpg\" data-dt-img-description=\"\" data-large_image_width=\"320\" data-large_image_height=\"180\"><img loading=\"lazy\" decoding=\"async\" class=\"size-medium wp-image-356536 alignleft\" src=\"https:\/\/www.radiopiu.net\/wordpress\/wp-content\/uploads\/2023\/10\/th-12-300x169.jpg\" alt=\"\" width=\"300\" height=\"169\" srcset=\"https:\/\/www.radiopiu.net\/wordpress\/wp-content\/uploads\/2023\/10\/th-12-300x169.jpg 300w, https:\/\/www.radiopiu.net\/wordpress\/wp-content\/uploads\/2023\/10\/th-12.jpg 320w\" sizes=\"auto, (max-width: 300px) 100vw, 300px\" \/><\/a><br \/>\nDa questa primavera abbiamo assistito a un notevole incremento di traffico turistico sulle strade e sui passi dolomitici in particolare di camper, moto e ciclisti, con viabilit\u00e0 spesso complicata da interruzioni per manutenzioni e transito di grossi camion adibiti al trasporto di legname.<br \/>\nIn aggiunta, si sono succeduti numerosi eventi motoristici, organizzati chiss\u00e0 dove e da chi, che hanno visto sfrecciare sulle nostre strade centinaia di rombanti auto sportive e moto di grossa cilindrata, provenienti in buona parte dall\u2019estero. Blandi i controlli e pochi (e ben noti) gli autovelox funzionanti tanto che viene il sospetto che questi appassionati prediligano le nostre strade alpine non solo per le curve e lo scenario mozzafiato\u2026. Inutile sottolineare l\u2019assurdit\u00e0 e l\u2019inopportunit\u00e0 di tali eventi itineranti in un territorio cosi delicato. Mi domando cosa porti realmente alle comunit\u00e0 locali questo tipo di \u201cturismo\u201d. Mi domando pure se, cos\u00ec continuando, non si corra il rischio che il riconoscimento delle Dolomiti come \u201cPatrimonio dell\u2019 Umanit\u00e0\u201d venga revocato.<\/p>\n<p>&nbsp;<\/p>\n<hr \/>\n<p>&nbsp;<\/p>\n<blockquote>\n<h3>DILLO A RADIO PIU&#8217;&#8230;. ECOCENTRO UFFICIALE E DISCARICHE ABUSIVE<\/h3>\n<\/blockquote>\n<p><strong>AGORDO<\/strong> Sfalci domestici di erba e fiori recisi; ramaglie, potature di alberi e siepi; foglie; residui vegetali da pulizia dell&#8217;orto; cortecce, segatura e paglia; piante domestiche (senza terra): c&#8217;\u00e8 chi si serve dell&#8217; ecocentro e chi con meno fantasia getta tutto senza problemi prima del nuovo ponte della ciclabile lato Taibon&#8230;\u00a0a fianco del cartello di divieto<\/p>\n\n\t\t\t<style type='text\/css'>\n\t\t\t\t#gallery-5 {\n\t\t\t\t\tmargin: auto;\n\t\t\t\t}\n\t\t\t\t#gallery-5 .gallery-item {\n\t\t\t\t\tfloat: left;\n\t\t\t\t\tmargin-top: 10px;\n\t\t\t\t\ttext-align: center;\n\t\t\t\t\twidth: 33%;\n\t\t\t\t}\n\t\t\t\t#gallery-5 img {\n\t\t\t\t\tborder: 2px solid #cfcfcf;\n\t\t\t\t}\n\t\t\t\t#gallery-5 .gallery-caption {\n\t\t\t\t\tmargin-left: 0;\n\t\t\t\t}\n\t\t\t\t\/* see gallery_shortcode() in wp-includes\/media.php *\/\n\t\t\t<\/style>\n\t\t<div id='gallery-5' class='dt-gallery-container gallery galleryid-356412 gallery-columns-3 gallery-size-thumbnail'><dl class='gallery-item'>\n\t\t\t\t<dt class='gallery-icon portrait'>\n\t\t\t\t\t<a class=\"rollover rollover-zoom dt-pswp-item\" title=\"f2f4049a-515c-48c4-adb2-fcdb53a77d8d\" data-dt-img-description=\"\" data-large_image_width=\"1200\" data-large_image_height=\"1600\"href='https:\/\/www.radiopiu.net\/wordpress\/wp-content\/uploads\/2023\/10\/f2f4049a-515c-48c4-adb2-fcdb53a77d8d.jpg'><img loading=\"lazy\" decoding=\"async\" width=\"150\" height=\"150\" src=\"https:\/\/www.radiopiu.net\/wordpress\/wp-content\/uploads\/2023\/10\/f2f4049a-515c-48c4-adb2-fcdb53a77d8d-150x150.jpg\" class=\"attachment-thumbnail size-thumbnail\" alt=\"\" \/><\/a>\n\t\t\t\t<\/dt><\/dl><dl class='gallery-item'>\n\t\t\t\t<dt class='gallery-icon portrait'>\n\t\t\t\t\t<a class=\"rollover rollover-zoom dt-pswp-item\" title=\"3768083f-1d3d-4681-973d-b2f23ce74295\" data-dt-img-description=\"\" data-large_image_width=\"1200\" data-large_image_height=\"1600\"href='https:\/\/www.radiopiu.net\/wordpress\/wp-content\/uploads\/2023\/10\/3768083f-1d3d-4681-973d-b2f23ce74295.jpg'><img loading=\"lazy\" decoding=\"async\" width=\"150\" height=\"150\" src=\"https:\/\/www.radiopiu.net\/wordpress\/wp-content\/uploads\/2023\/10\/3768083f-1d3d-4681-973d-b2f23ce74295-150x150.jpg\" class=\"attachment-thumbnail size-thumbnail\" alt=\"\" \/><\/a>\n\t\t\t\t<\/dt><\/dl><dl class='gallery-item'>\n\t\t\t\t<dt class='gallery-icon portrait'>\n\t\t\t\t\t<a class=\"rollover rollover-zoom dt-pswp-item\" title=\"c32756e2-fc10-439d-9dff-66fcd250840a\" data-dt-img-description=\"\" data-large_image_width=\"1200\" data-large_image_height=\"1600\"href='https:\/\/www.radiopiu.net\/wordpress\/wp-content\/uploads\/2023\/10\/c32756e2-fc10-439d-9dff-66fcd250840a.jpg'><img loading=\"lazy\" decoding=\"async\" width=\"150\" height=\"150\" src=\"https:\/\/www.radiopiu.net\/wordpress\/wp-content\/uploads\/2023\/10\/c32756e2-fc10-439d-9dff-66fcd250840a-150x150.jpg\" class=\"attachment-thumbnail size-thumbnail\" alt=\"\" \/><\/a>\n\t\t\t\t<\/dt><\/dl><br style=\"clear: both\" \/>\n\t\t\t<\/div>\n\n<p>&nbsp;<\/p>\n<hr \/>\n<p>&nbsp;<\/p>\n<blockquote>\n<h3>I<a class=\"dt-pswp-item\" href=\"https:\/\/www.radiopiu.net\/wordpress\/wp-content\/uploads\/2023\/10\/Luxottica-firmato-il-contratto-aziendale-per-lo-stabilimento-di-Pederobba_articleimage-300x184-1.jpg\" data-dt-img-description=\"\" data-large_image_width=\"300\" data-large_image_height=\"184\"><img loading=\"lazy\" decoding=\"async\" class=\" wp-image-356563 alignleft\" src=\"https:\/\/www.radiopiu.net\/wordpress\/wp-content\/uploads\/2023\/10\/Luxottica-firmato-il-contratto-aziendale-per-lo-stabilimento-di-Pederobba_articleimage-300x184-1.jpg\" alt=\"\" width=\"173\" height=\"106\" \/><\/a>ERI ALLA RADIO, CISL LA VOCE PER I LAVORATORI CON ANTONIO TURCO &#8211; LUXOTTICA SEDICO<\/h3>\n<\/blockquote>\n<audio class=\"wp-audio-shortcode\" id=\"audio-356412-3\" preload=\"none\" style=\"width: 100%;\" controls=\"controls\"><source type=\"audio\/mpeg\" src=\"https:\/\/www.radiopiu.net\/wordpress\/wp-content\/uploads\/2023\/10\/FEMCA-CISL-1.mp3?_=3\" \/><a href=\"https:\/\/www.radiopiu.net\/wordpress\/wp-content\/uploads\/2023\/10\/FEMCA-CISL-1.mp3\">https:\/\/www.radiopiu.net\/wordpress\/wp-content\/uploads\/2023\/10\/FEMCA-CISL-1.mp3<\/a><\/audio>\n<p>&nbsp;<\/p>\n<p>LA RACCOLTA COMPLETA <a href=\"https:\/\/www.radiopiu.net\/wordpress\/cisl-e-femca-cisl-la-vocef\/\">CLICCA QUI\u00a0<\/a><\/p>\n<p>&nbsp;<\/p>\n<hr \/>\n<p>&nbsp;<\/p>\n<blockquote>\n<h3>ASCA CERCA UN FISIOTERAPISTA<\/h3>\n<\/blockquote>\n<p><strong>AGORDO <\/strong>ASCA ha pubblicato un <span style=\"font-family: Arial;\">bando per la formazione di una graduatoria per l\u2019assunzione di FISIOTERAPISTA. <\/span><span style=\"font-family: Arial;\">Il bando \u00e8 pubblicato nel sito <a href=\"http:\/\/www.servizisocialiasca.it\/\" target=\"_blank\" rel=\"noopener\">www.servizisocialiasca.it <\/a>e la scadenza di presentazione delle domande \u00e8 entro le ore 12:00 del giorno 16 ottobre 2023.<\/span><\/p>\n<p>&nbsp;<\/p>\n<p>&nbsp;<\/p>\n<hr \/>\n<p>&nbsp;<\/p>\n<blockquote>\n<h3>LO SKI COLLEGE VENETO FALCADE PRESENTA LA STAGIONE AGONISTICA<\/h3>\n<\/blockquote>\n<p><strong>FALCADE<\/strong> Domenica verranno presentati i programmi e le squadre dello Ski College Veneto Falcade per la stagione agonistica 2023\/24. L&#8217;appuntamento \u00e8 fissato per le ore 16 alla Sala Polifunzionale Dolomiti di via Trieste 24 a Falcade<\/p>\n<p>&nbsp;<\/p>\n<p>&nbsp;<\/p>\n<hr \/>\n<p>&nbsp;<\/p>\n<blockquote>\n<h3>L\u2019INCLUSIVIT\u00c0 LGBT+ NELLA AREE MONTANE AL CENTRO DEL PROGETTO \u201cREACH+\u201d<\/h3>\n<\/blockquote>\n<p><strong><a class=\"dt-pswp-item\" href=\"https:\/\/www.radiopiu.net\/wordpress\/wp-content\/uploads\/2023\/10\/progetto-reach.jpeg\" data-dt-img-description=\"\" data-large_image_width=\"1600\" data-large_image_height=\"1200\"><img loading=\"lazy\" decoding=\"async\" class=\" wp-image-356470 alignleft\" src=\"https:\/\/www.radiopiu.net\/wordpress\/wp-content\/uploads\/2023\/10\/progetto-reach-300x225.jpeg\" alt=\"\" width=\"225\" height=\"169\" srcset=\"https:\/\/www.radiopiu.net\/wordpress\/wp-content\/uploads\/2023\/10\/progetto-reach-300x225.jpeg 300w, https:\/\/www.radiopiu.net\/wordpress\/wp-content\/uploads\/2023\/10\/progetto-reach-1024x768.jpeg 1024w, https:\/\/www.radiopiu.net\/wordpress\/wp-content\/uploads\/2023\/10\/progetto-reach-768x576.jpeg 768w, https:\/\/www.radiopiu.net\/wordpress\/wp-content\/uploads\/2023\/10\/progetto-reach-1536x1152.jpeg 1536w, https:\/\/www.radiopiu.net\/wordpress\/wp-content\/uploads\/2023\/10\/progetto-reach.jpeg 1600w\" sizes=\"auto, (max-width: 225px) 100vw, 225px\" \/><\/a>BELLUNO<\/strong> Il progetto REACH+ ha promosso l&#8217;inclusione e il dialogo nelle aree rurali, ha creato una rete internazionale per sostenere giovani LGBT+ spesso emarginati in comunit\u00e0 rurali. Un meeting internazionale a Mezzano ha facilitato il dialogo tra insegnanti, volontari, e operatori giovanili, culminando in un memorandum per una collaborazione a lungo termine tra organizzazioni europee.\u00a0 Inoltre, il progetto ha sviluppato un corso online<\/p>\n<p>&nbsp;<\/p>\n<p>&nbsp;<\/p>\n<p>&nbsp;<\/p>\n<hr \/>\n<p>&nbsp;<\/p>\n<p>&nbsp;<\/p>\n<blockquote>\n<h3><a class=\"dt-pswp-item\" href=\"https:\/\/www.radiopiu.net\/wordpress\/wp-content\/uploads\/2023\/10\/th-9.jpg\" data-dt-img-description=\"\" data-large_image_width=\"270\" data-large_image_height=\"180\"><img loading=\"lazy\" decoding=\"async\" class=\"wp-image-356490 alignleft\" src=\"https:\/\/www.radiopiu.net\/wordpress\/wp-content\/uploads\/2023\/10\/th-9.jpg\" alt=\"\" width=\"194\" height=\"129\" \/><\/a>ANMIL CELEBRA LA 73^ GIORNATA NAZIONALE PER LE VITTIME SUL LAVORO<\/h3>\n<\/blockquote>\n<p><strong>BELLUNO<\/strong> Una messa alle 9.45in Duomo, in corteo accompagnati dalla Banda di Farra d&#8217;Alpago fino al Monumento di Piazzale Cesare Battisti e la cerimonia in sala Muccin del Giovanni XXIII. Il 15 ottobre Belluno celebra la giornata delle vittime degli incidenti sul lavoro. Durante la cerimonia saranno consegnati di brevetti e i distintivi d&#8217;onore agli invalidi del lavoro.<\/p>\n<p>&nbsp;<\/p>\n<hr \/>\n<p>&nbsp;<\/p>\n<blockquote>\n<h2>La Rassegna dei Cori Agordini<\/h2>\n<\/blockquote>\n<p><strong><a class=\"dt-pswp-item\" href=\"https:\/\/www.radiopiu.net\/wordpress\/wp-content\/uploads\/2023\/10\/th-11.jpg\" data-dt-img-description=\"\" data-large_image_width=\"334\" data-large_image_height=\"180\"><img loading=\"lazy\" decoding=\"async\" class=\"size-medium wp-image-356532 alignleft\" src=\"https:\/\/www.radiopiu.net\/wordpress\/wp-content\/uploads\/2023\/10\/th-11-300x162.jpg\" alt=\"\" width=\"300\" height=\"162\" srcset=\"https:\/\/www.radiopiu.net\/wordpress\/wp-content\/uploads\/2023\/10\/th-11-300x162.jpg 300w, https:\/\/www.radiopiu.net\/wordpress\/wp-content\/uploads\/2023\/10\/th-11.jpg 334w\" sizes=\"auto, (max-width: 300px) 100vw, 300px\" \/><\/a>FALCADE<\/strong> Domenica 22 ottobre alle 17 alla sala Dolomiti di Falcade 46a edizione della Rassegna dei cori Agordini. Un coro femminile, uno misto e tre maschili. Al Palafalcade si esibiranno il Coro Femminile Col di Lana, il Coro Alpino Monte Civetta, il Coro Agordo, Il Coro Fodom e il Coro Val Biois (FOTO) che curer\u00e0 l\u2019organizzazione della rassegna itinerante nelle localit\u00e0 dell\u2019Agordino sedi dei cori partecipanti. Quest\u2019anno dunque a Falcade. Con il ritorno del Coro Agordo dopo alcuni anni di assenza. I cori presenteranno il meglio del repertorio anche con brani inediti. La rassegna gode del patrocinio del Comune di Falcade e dell\u2019Unione Montana Agordina.<\/p>\n<p>&nbsp;<\/p>\n<p>&nbsp;<\/p>\n<hr \/>\n<p>&nbsp;<\/p>\n<p>&nbsp;<\/p>\n<blockquote>\n<h3>DAL 6 AL 15 OTTOBRE RITORNA &#8220;OLTRE LE VETTE&#8221; A BELLUNO<\/h3>\n<\/blockquote>\n<p><strong><a class=\"dt-pswp-item\" href=\"https:\/\/www.radiopiu.net\/wordpress\/wp-content\/uploads\/2023\/10\/download.jpg\" data-dt-img-description=\"\" data-large_image_width=\"1024\" data-large_image_height=\"512\"><img loading=\"lazy\" decoding=\"async\" class=\" wp-image-355200 alignleft\" src=\"https:\/\/www.radiopiu.net\/wordpress\/wp-content\/uploads\/2023\/10\/download-300x150.jpg\" alt=\"\" width=\"224\" height=\"112\" srcset=\"https:\/\/www.radiopiu.net\/wordpress\/wp-content\/uploads\/2023\/10\/download-300x150.jpg 300w, https:\/\/www.radiopiu.net\/wordpress\/wp-content\/uploads\/2023\/10\/download-768x384.jpg 768w, https:\/\/www.radiopiu.net\/wordpress\/wp-content\/uploads\/2023\/10\/download.jpg 1024w\" sizes=\"auto, (max-width: 224px) 100vw, 224px\" \/><\/a>BELLUNO<\/strong> Ritorna, dal 6 al 15 ottobre, il festival OLTRE LE VETTE, che fa di Belluno la capitale italiana della cultura di montagna. In programma, pi\u00f9 di 30 eventi tra incontri con alpinisti e protagonisti della montagna, film e spettacoli, presentazioni di libri, mostre ed eventi all&#8217;aperto. Tutti a ingresso gratuito. Tante le novit\u00e0 di questa 27esima edizione e i nomi importanti in arrivo a Belluno: scopri il programma completo su www.oltrelevette.it e prenota il tuo posto.<\/p>\n<p>&nbsp;<\/p>\n<blockquote>\n<h3>due eventi a Palazzo Bembo tra squilibri dell\u2019antropocene e esplorazioni speleologiche<\/h3>\n<\/blockquote>\n<p>Oggi,\u00a0 Oltre le vette propone due eventi a Palazzo Bembo. Alle 18, presentazione del nuovo libro di Paola Favero con interventi musicali di Nelso Salton. Alle 21, incontro con lo speleologo Filippo Felici, protagonista di sensazionali<br \/>\nscoperte e operazioni di soccorso negli abissi della terra.\u00a0 L\u2019ingresso agli eventi di Oltre le vette \u00e8 libero fino ad esaurimento dei posti a disposizione. \u00c8 sempre consigliata la prenotazione online. Per ogni informazione, consultare il sito www.oltrelevette.it e i social del festival.<\/p>\n<p>&nbsp;<\/p>\n<p>&nbsp;<\/p>\n<hr \/>\n<p>&nbsp;<\/p>\n<blockquote>\n<h3>LA GIORNATA MONDIALE DELLA VISTA<\/h3>\n<\/blockquote>\n<p><strong>BELLUNO<\/strong> Oggi l\u2019Unione Italiana dei Ciechi e degli Ipovedenti ETS di Belluno, coadiuvata dalla locale sezione dell\u2019U.N.I.Vo.C. \u2013 Unione Nazionale Italiana Volontari Pro Ciechi &#8211; e in collaborazione con l\u2019Agenzia Internazionale per la Prevenzione della Cecit\u00e0 IAPB Italia ONLUS, parteciper\u00e0 alla Giornata Mondiale della Vista 2023 con la distribuzione di materiale informativo riguardante la prevenzione. L\u2019Associazione sar\u00e0 presente dalle ore 9.30 alle ore 12.30 in Piazza dei Martiri a Belluno.<\/p>\n<p>&nbsp;<\/p>\n<p>&nbsp;<\/p>\n<hr \/>\n<p>&nbsp;<\/p>\n<blockquote>\n<h3>DUE MINISTERI SU TRE PAGANO IN RITARDO<\/h3>\n<p>Per la Cgia necessaria una legge che preveda la compensazione tra i crediti delle imprese e i debiti fiscali e contributivi dell&#8217;azienda verso l&#8217;erario.<\/p><\/blockquote>\n<p><strong>MESTRE <\/strong>L&#8217;Ufficio studi della CGIA ha rilevato che la Pubblica Amministrazione italiana continua a pagare in ritardo i propri fornitori. Nell&#8217;ultimo rapporto, nove ministeri su 14 hanno anticipato l&#8217;Indice di Tempestivit\u00e0 dei pagamenti (ITP), indicando ritardi nei pagamenti rispetto alle disposizioni di legge. Alcuni ministeri, come il Ministero dell&#8217;Universit\u00e0 e della Ricerca e il Ministero del Turismo, hanno mostrato ritardi significativi nel secondo trimestre del 2023. Solo il Ministero dell&#8217;Agricoltura \u00e8 stato in anticipo sui pagamenti. La Pubblica Amministrazione italiana ha un debito commerciale di parte corrente di 49,6 miliardi di euro, pari al 2,6% del PIL, e che la situazione \u00e8 la peggiore tra i paesi dell&#8217;UE.<\/p>\n\n\t\t\t<style type='text\/css'>\n\t\t\t\t#gallery-6 {\n\t\t\t\t\tmargin: auto;\n\t\t\t\t}\n\t\t\t\t#gallery-6 .gallery-item {\n\t\t\t\t\tfloat: left;\n\t\t\t\t\tmargin-top: 10px;\n\t\t\t\t\ttext-align: center;\n\t\t\t\t\twidth: 50%;\n\t\t\t\t}\n\t\t\t\t#gallery-6 img {\n\t\t\t\t\tborder: 2px solid #cfcfcf;\n\t\t\t\t}\n\t\t\t\t#gallery-6 .gallery-caption {\n\t\t\t\t\tmargin-left: 0;\n\t\t\t\t}\n\t\t\t\t\/* see gallery_shortcode() in wp-includes\/media.php *\/\n\t\t\t<\/style>\n\t\t<div id='gallery-6' class='dt-gallery-container gallery galleryid-356412 gallery-columns-2 gallery-size-medium'><dl class='gallery-item'>\n\t\t\t\t<dt class='gallery-icon landscape'>\n\t\t\t\t\t<a class=\"rollover rollover-zoom dt-pswp-item\" title=\"111\" data-dt-img-description=\"\" data-large_image_width=\"712\" data-large_image_height=\"479\"href='https:\/\/www.radiopiu.net\/wordpress\/wp-content\/uploads\/2023\/10\/111.png'><img loading=\"lazy\" decoding=\"async\" width=\"300\" height=\"202\" src=\"https:\/\/www.radiopiu.net\/wordpress\/wp-content\/uploads\/2023\/10\/111-300x202.png\" class=\"attachment-medium size-medium\" alt=\"\" srcset=\"https:\/\/www.radiopiu.net\/wordpress\/wp-content\/uploads\/2023\/10\/111-300x202.png 300w, https:\/\/www.radiopiu.net\/wordpress\/wp-content\/uploads\/2023\/10\/111.png 712w\" sizes=\"auto, (max-width: 300px) 100vw, 300px\" \/><\/a>\n\t\t\t\t<\/dt><\/dl><dl class='gallery-item'>\n\t\t\t\t<dt class='gallery-icon landscape'>\n\t\t\t\t\t<a class=\"rollover rollover-zoom dt-pswp-item\" title=\"2222\" data-dt-img-description=\"\" data-large_image_width=\"666\" data-large_image_height=\"442\"href='https:\/\/www.radiopiu.net\/wordpress\/wp-content\/uploads\/2023\/10\/2222.png'><img loading=\"lazy\" decoding=\"async\" width=\"300\" height=\"199\" src=\"https:\/\/www.radiopiu.net\/wordpress\/wp-content\/uploads\/2023\/10\/2222-300x199.png\" class=\"attachment-medium size-medium\" alt=\"\" srcset=\"https:\/\/www.radiopiu.net\/wordpress\/wp-content\/uploads\/2023\/10\/2222-300x199.png 300w, https:\/\/www.radiopiu.net\/wordpress\/wp-content\/uploads\/2023\/10\/2222.png 666w\" sizes=\"auto, (max-width: 300px) 100vw, 300px\" \/><\/a>\n\t\t\t\t<\/dt><\/dl><br style=\"clear: both\" \/>\n\t\t\t<\/div>\n\n<p>&nbsp;<\/p>\n<hr \/>\n<p>&nbsp;<\/p>\n<blockquote>\n\t\t\t<style type='text\/css'>\n\t\t\t\t#gallery-7 {\n\t\t\t\t\tmargin: auto;\n\t\t\t\t}\n\t\t\t\t#gallery-7 .gallery-item {\n\t\t\t\t\tfloat: left;\n\t\t\t\t\tmargin-top: 10px;\n\t\t\t\t\ttext-align: center;\n\t\t\t\t\twidth: 25%;\n\t\t\t\t}\n\t\t\t\t#gallery-7 img {\n\t\t\t\t\tborder: 2px solid #cfcfcf;\n\t\t\t\t}\n\t\t\t\t#gallery-7 .gallery-caption {\n\t\t\t\t\tmargin-left: 0;\n\t\t\t\t}\n\t\t\t\t\/* see gallery_shortcode() in wp-includes\/media.php *\/\n\t\t\t<\/style>\n\t\t<div id='gallery-7' class='dt-gallery-container gallery galleryid-356412 gallery-columns-4 gallery-size-thumbnail'><dl class='gallery-item'>\n\t\t\t\t<dt class='gallery-icon landscape'>\n\t\t\t\t\t<a class=\"rollover rollover-zoom dt-pswp-item\" title=\"Mauro De Bettio, Breath Underwater, Sundarbans, India 2023\" data-dt-img-description=\"\" data-large_image_width=\"1124\" data-large_image_height=\"749\"href='https:\/\/www.radiopiu.net\/wordpress\/wp-content\/uploads\/2023\/10\/Mauro-De-Bettio-Breath-Underwater-Sundarbans-India-2023.jpg'><img loading=\"lazy\" decoding=\"async\" width=\"150\" height=\"150\" src=\"https:\/\/www.radiopiu.net\/wordpress\/wp-content\/uploads\/2023\/10\/Mauro-De-Bettio-Breath-Underwater-Sundarbans-India-2023-150x150.jpg\" class=\"attachment-thumbnail size-thumbnail\" alt=\"\" \/><\/a>\n\t\t\t\t<\/dt><\/dl><dl class='gallery-item'>\n\t\t\t\t<dt class='gallery-icon landscape'>\n\t\t\t\t\t<a class=\"rollover rollover-zoom dt-pswp-item\" title=\"A LIFE IN BALANCE\" data-dt-img-description=\"\" data-large_image_width=\"1124\" data-large_image_height=\"749\"href='https:\/\/www.radiopiu.net\/wordpress\/wp-content\/uploads\/2023\/10\/Mauro-De-Bettio-Life-in-Balance-Kibera-slum-Nairobi-Kenya-2021.jpg'><img loading=\"lazy\" decoding=\"async\" width=\"150\" height=\"150\" src=\"https:\/\/www.radiopiu.net\/wordpress\/wp-content\/uploads\/2023\/10\/Mauro-De-Bettio-Life-in-Balance-Kibera-slum-Nairobi-Kenya-2021-150x150.jpg\" class=\"attachment-thumbnail size-thumbnail\" alt=\"\" \/><\/a>\n\t\t\t\t<\/dt><\/dl><dl class='gallery-item'>\n\t\t\t\t<dt class='gallery-icon portrait'>\n\t\t\t\t\t<a class=\"rollover rollover-zoom dt-pswp-item\" title=\"Mauro De Bettio, Washina, Gombe State, Nigeria 2022\" data-dt-img-description=\"\" data-large_image_width=\"843\" data-large_image_height=\"1024\"href='https:\/\/www.radiopiu.net\/wordpress\/wp-content\/uploads\/2023\/10\/Mauro-De-Bettio-Washina-Gombe-State-Nigeria-2022.jpg'><img loading=\"lazy\" decoding=\"async\" width=\"150\" height=\"150\" src=\"https:\/\/www.radiopiu.net\/wordpress\/wp-content\/uploads\/2023\/10\/Mauro-De-Bettio-Washina-Gombe-State-Nigeria-2022-150x150.jpg\" class=\"attachment-thumbnail size-thumbnail\" alt=\"\" \/><\/a>\n\t\t\t\t<\/dt><\/dl><dl class='gallery-item'>\n\t\t\t\t<dt class='gallery-icon portrait'>\n\t\t\t\t\t<a class=\"rollover rollover-zoom dt-pswp-item\" title=\"Mauro De Bettio\" data-dt-img-description=\"\" data-large_image_width=\"843\" data-large_image_height=\"1024\"href='https:\/\/www.radiopiu.net\/wordpress\/wp-content\/uploads\/2023\/10\/Mauro-De-Bettio.jpg'><img loading=\"lazy\" decoding=\"async\" width=\"150\" height=\"150\" src=\"https:\/\/www.radiopiu.net\/wordpress\/wp-content\/uploads\/2023\/10\/Mauro-De-Bettio-150x150.jpg\" class=\"attachment-thumbnail size-thumbnail\" alt=\"\" \/><\/a>\n\t\t\t\t<\/dt><\/dl><br style=\"clear: both\" \/>\n\t\t\t<\/div>\n\n<h2><strong>Il fotografo di Longarone Mauro De Bettio <\/strong><strong>al BIG EVENT di Milano<\/strong><\/h2>\n<\/blockquote>\n<p>&nbsp;<\/p>\n<p>Fra gli oltre trenta autori presenti ci sar\u00e0 anche il fotografo<strong> bellunese Mauro De Bettio<\/strong> che parteciper\u00e0 con le sue opere al <strong>BIG EVENT, l\u2019importante <\/strong><strong>Fiera Mercato della Fotografia<\/strong> in programma <strong>sabato 14 e domenica 15 ottobre<\/strong> <strong>2023<\/strong> alle <strong>Officine del Volo<\/strong> di <strong>Milano <\/strong>in <strong>via Mecenate 76\/5<\/strong>. <strong>Nato a Longarone<\/strong>, Mauro De Bettio \u00e8 oggi un affermato fotografo che vive a Barcellona, in Spagna, ma gira il mondo tutto l\u2019anno, illuminando situazioni difficili per portare bellezza. La prospettiva intima di De Bettio vede l\u2019essenza di un individuo e la fa emergere attraverso ogni fotografia. Ogni suo singolo lavoro rivela la forza e la resilienza dell&#8217;umanit\u00e0 nel suo insieme.<\/p>\n<p>&nbsp;<\/p>\n<p>&nbsp;<\/p>\n<hr \/>\n<p>&nbsp;<\/p>\n<blockquote>\n<h1><span style=\"font-size: small;\"><b>Il Vajont al Piccolo Teatro Strehler <\/b><b>Coinvolta anche la Famiglia Bellunese di Milano per il 60\u00b0<\/b><\/span><\/h1>\n<\/blockquote>\n\n\t\t\t<style type='text\/css'>\n\t\t\t\t#gallery-8 {\n\t\t\t\t\tmargin: auto;\n\t\t\t\t}\n\t\t\t\t#gallery-8 .gallery-item {\n\t\t\t\t\tfloat: left;\n\t\t\t\t\tmargin-top: 10px;\n\t\t\t\t\ttext-align: center;\n\t\t\t\t\twidth: 25%;\n\t\t\t\t}\n\t\t\t\t#gallery-8 img {\n\t\t\t\t\tborder: 2px solid #cfcfcf;\n\t\t\t\t}\n\t\t\t\t#gallery-8 .gallery-caption {\n\t\t\t\t\tmargin-left: 0;\n\t\t\t\t}\n\t\t\t\t\/* see gallery_shortcode() in wp-includes\/media.php *\/\n\t\t\t<\/style>\n\t\t<div id='gallery-8' class='dt-gallery-container gallery galleryid-356412 gallery-columns-4 gallery-size-thumbnail'><dl class='gallery-item'>\n\t\t\t\t<dt class='gallery-icon landscape'>\n\t\t\t\t\t<a class=\"rollover rollover-zoom dt-pswp-item\" title=\"mostra_vajont2\" data-dt-img-description=\"\" data-large_image_width=\"1600\" data-large_image_height=\"900\"href='https:\/\/www.radiopiu.net\/wordpress\/wp-content\/uploads\/2023\/10\/mostra_vajont2.jpeg'><img loading=\"lazy\" decoding=\"async\" width=\"150\" height=\"150\" src=\"https:\/\/www.radiopiu.net\/wordpress\/wp-content\/uploads\/2023\/10\/mostra_vajont2-150x150.jpeg\" class=\"attachment-thumbnail size-thumbnail\" alt=\"\" \/><\/a>\n\t\t\t\t<\/dt><\/dl><dl class='gallery-item'>\n\t\t\t\t<dt class='gallery-icon landscape'>\n\t\t\t\t\t<a class=\"rollover rollover-zoom dt-pswp-item\" title=\"mostra_vajont_piccolo\" data-dt-img-description=\"\" data-large_image_width=\"1600\" data-large_image_height=\"900\"href='https:\/\/www.radiopiu.net\/wordpress\/wp-content\/uploads\/2023\/10\/mostra_vajont_piccolo.jpeg'><img loading=\"lazy\" decoding=\"async\" width=\"150\" height=\"150\" src=\"https:\/\/www.radiopiu.net\/wordpress\/wp-content\/uploads\/2023\/10\/mostra_vajont_piccolo-150x150.jpeg\" class=\"attachment-thumbnail size-thumbnail\" alt=\"\" \/><\/a>\n\t\t\t\t<\/dt><\/dl><dl class='gallery-item'>\n\t\t\t\t<dt class='gallery-icon landscape'>\n\t\t\t\t\t<a class=\"rollover rollover-zoom dt-pswp-item\" title=\"vajonts2_\" data-dt-img-description=\"\" data-large_image_width=\"1920\" data-large_image_height=\"1280\"href='https:\/\/www.radiopiu.net\/wordpress\/wp-content\/uploads\/2023\/10\/vajonts2_.jpeg'><img loading=\"lazy\" decoding=\"async\" width=\"150\" height=\"150\" src=\"https:\/\/www.radiopiu.net\/wordpress\/wp-content\/uploads\/2023\/10\/vajonts2_-150x150.jpeg\" class=\"attachment-thumbnail size-thumbnail\" alt=\"\" \/><\/a>\n\t\t\t\t<\/dt><\/dl><dl class='gallery-item'>\n\t\t\t\t<dt class='gallery-icon landscape'>\n\t\t\t\t\t<a class=\"rollover rollover-zoom dt-pswp-item\" title=\"vajonts_\" data-dt-img-description=\"\" data-large_image_width=\"1920\" data-large_image_height=\"1280\"href='https:\/\/www.radiopiu.net\/wordpress\/wp-content\/uploads\/2023\/10\/vajonts_.jpeg'><img loading=\"lazy\" decoding=\"async\" width=\"150\" height=\"150\" src=\"https:\/\/www.radiopiu.net\/wordpress\/wp-content\/uploads\/2023\/10\/vajonts_-150x150.jpeg\" class=\"attachment-thumbnail size-thumbnail\" alt=\"\" \/><\/a>\n\t\t\t\t<\/dt><\/dl><br style=\"clear: both\" \/>\n\t\t\t<\/div>\n\n<p>Luned\u00ec 9 ottobre, per il 60\u00b0 anniversario della tragedia del Vajont, in occasione dello spettacolo VajontS23 di Marco Paolini, al PiccoloTeatro Strehler la Famiglia Bellunese di Milano ha inaugurato la mostra fotografica \u201cVajont, per non dimenticare\u201d. Il percorso fotografico, curato dalla Pro Loco di Longarone, \u00e8 un excursus storico che racconta, attraverso immagini d\u2019epoca, la Longarone agli inizi del \u2018900, la progettazione, costruzione, realizzazione della diga, il disastro del 9 ottobre 1963, le opere di soccorso, la ricostruzione urbanistica, la fase processuale e la ricostruzione della cittadina attuale.<\/p>\n<p>&nbsp;<\/p>\n<p>&nbsp;<\/p>\n<hr \/>\n<div class=\"page-title-head hgroup\">\n<blockquote>\n<h3 class=\"entry-title\"><\/h3>\n<h3 class=\"entry-title\">C\u2019ERA UNA VOLTA IN ITALIA AL CENTRO PARROCCHIALE<\/h3>\n<\/blockquote>\n<\/div>\n<div class=\"page-title-breadcrumbs\">\n<blockquote>\n<h3 class=\"articlePlainSubHead\"><a class=\"dt-pswp-item\" href=\"https:\/\/www.radiopiu.net\/wordpress\/wp-content\/uploads\/2023\/10\/0c5cd37f-61bd-433b-861a-a8da6318b3dc.jpg\" data-dt-img-description=\"\" data-large_image_width=\"1654\" data-large_image_height=\"1170\"><img loading=\"lazy\" decoding=\"async\" class=\" wp-image-356230 alignleft\" src=\"https:\/\/www.radiopiu.net\/wordpress\/wp-content\/uploads\/2023\/10\/0c5cd37f-61bd-433b-861a-a8da6318b3dc-300x212.jpg\" alt=\"\" width=\"200\" height=\"141\" srcset=\"https:\/\/www.radiopiu.net\/wordpress\/wp-content\/uploads\/2023\/10\/0c5cd37f-61bd-433b-861a-a8da6318b3dc-300x212.jpg 300w, https:\/\/www.radiopiu.net\/wordpress\/wp-content\/uploads\/2023\/10\/0c5cd37f-61bd-433b-861a-a8da6318b3dc-1024x724.jpg 1024w, https:\/\/www.radiopiu.net\/wordpress\/wp-content\/uploads\/2023\/10\/0c5cd37f-61bd-433b-861a-a8da6318b3dc-768x543.jpg 768w, https:\/\/www.radiopiu.net\/wordpress\/wp-content\/uploads\/2023\/10\/0c5cd37f-61bd-433b-861a-a8da6318b3dc-1536x1087.jpg 1536w, https:\/\/www.radiopiu.net\/wordpress\/wp-content\/uploads\/2023\/10\/0c5cd37f-61bd-433b-861a-a8da6318b3dc.jpg 1654w\" sizes=\"auto, (max-width: 200px) 100vw, 200px\" \/><\/a><\/h3>\n<\/blockquote>\n<div class=\"articlePlainText\"><strong>AGORDO <\/strong>\u00abAvevamo una delle migliori sanit\u00e0 del mondo, ma con gli anni \u00e8 stata distrutta\u00bb. Cos\u00ec Federico Greco e Mirko Melchiorre hanno spiegato il titolo che hanno scelto (&#8220;C&#8217;era una volta in Italia&#8221;) per il loro film-inchiesta sulla sanit\u00e0 italiana che verr\u00e0 proiettato anche al Centro parrocchiale di Agordo, sabato alle 20, per iniziativa del Comitato per la salvaguardia della salute Cadore-Agordino (ingresso libero e gratuito). Un film\u00a0 che mette\u00a0 in luce \u00able vere responsabilit\u00e0 locali e globali dell&#8217;attacco alla salute pubblica&#8221;.<\/div>\n<div><\/div>\n<div><strong>DI GIANNI SANTOMASO\u00a0<\/strong><\/div>\n<div><\/div>\n<audio class=\"wp-audio-shortcode\" id=\"audio-356412-4\" preload=\"none\" style=\"width: 100%;\" controls=\"controls\"><source type=\"audio\/mpeg\" src=\"https:\/\/www.radiopiu.net\/wordpress\/wp-content\/uploads\/2023\/10\/gianni-1-agordo.mp3?_=4\" \/><a href=\"https:\/\/www.radiopiu.net\/wordpress\/wp-content\/uploads\/2023\/10\/gianni-1-agordo.mp3\">https:\/\/www.radiopiu.net\/wordpress\/wp-content\/uploads\/2023\/10\/gianni-1-agordo.mp3<\/a><\/audio>\n<p>&nbsp;<\/p>\n<\/div>\n<p>&nbsp;<\/p>\n<p>&nbsp;<\/p>\n<hr \/>\n<p>&nbsp;<\/p>\n<h2><span style=\"color: #ff6600;\">IERI ALLA RADIO<\/span><\/h2>\n<h2><a class=\"dt-pswp-item\" href=\"https:\/\/www.radiopiu.net\/wordpress\/wp-content\/uploads\/2022\/11\/scuola-zaino.jpeg\" data-dt-img-description=\"\" data-large_image_width=\"626\" data-large_image_height=\"417\"><img loading=\"lazy\" decoding=\"async\" class=\" wp-image-306830 alignleft\" src=\"https:\/\/www.radiopiu.net\/wordpress\/wp-content\/uploads\/2022\/11\/scuola-zaino-300x200.jpeg\" alt=\"\" width=\"168\" height=\"112\" srcset=\"https:\/\/www.radiopiu.net\/wordpress\/wp-content\/uploads\/2022\/11\/scuola-zaino-300x200.jpeg 300w, https:\/\/www.radiopiu.net\/wordpress\/wp-content\/uploads\/2022\/11\/scuola-zaino.jpeg 626w\" sizes=\"auto, (max-width: 168px) 100vw, 168px\" \/><\/a><span style=\"color: #ff00ff;\">SE NON LA SMETTI TI MANDO DAL PRESIDE<\/span><\/h2>\n<p><strong>di Mirko Mezzacasa<\/strong><\/p>\n<p>con Maria Rosa Salmazo<\/p>\n<audio class=\"wp-audio-shortcode\" id=\"audio-356412-5\" preload=\"none\" style=\"width: 100%;\" controls=\"controls\"><source type=\"audio\/mpeg\" src=\"https:\/\/www.radiopiu.net\/wordpress\/wp-content\/uploads\/2023\/10\/se-non-la-smetti-5-2023.mp3?_=5\" \/><a href=\"https:\/\/www.radiopiu.net\/wordpress\/wp-content\/uploads\/2023\/10\/se-non-la-smetti-5-2023.mp3\">https:\/\/www.radiopiu.net\/wordpress\/wp-content\/uploads\/2023\/10\/se-non-la-smetti-5-2023.mp3<\/a><\/audio>\n<p>&nbsp;<\/p>\n<p>&nbsp;<\/p>\n<h2><span style=\"color: #99cc00;\">PROLOCO NELL&#8217;AGORDINO: EVENTI E VOLONTARI<\/span><\/h2>\n<blockquote><p><a class=\"dt-pswp-item\" href=\"https:\/\/www.radiopiu.net\/wordpress\/wp-content\/uploads\/2023\/07\/th-4-150x150-2.jpg\" data-dt-img-description=\"\" data-large_image_width=\"150\" data-large_image_height=\"150\"><img loading=\"lazy\" decoding=\"async\" class=\"size-full wp-image-346216 alignleft\" src=\"https:\/\/www.radiopiu.net\/wordpress\/wp-content\/uploads\/2023\/07\/th-4-150x150-2.jpg\" alt=\"\" width=\"150\" height=\"150\" \/><\/a><\/p><\/blockquote>\n<p><strong>AGORDINO, UN TERRITORIO UNICO le pro loco della vallata unite nella promozione della loro montagna. Incontro promosso dal Consorzio Proloco dell&#8217;Agordino SEGUI LE INIZIATIVE DELLE PROLOCO LOCALI SUI CANALI SOCIAL E SCARICA L&#8217;APPLICAZIONE. VISITA IL SITO DI DOLOMITINEWS iniziativa realizzata con il contributo della Regione del Veneto, spesa sostenuta con i fondi di cui alla legge regionale 34 del 2014 D.G.R. 458 del 18\/04\/2023\u00a0 \u00a0\u00a0<\/strong><\/p>\n<p>&nbsp;<\/p>\n<p><strong><a class=\"dt-pswp-item\" href=\"https:\/\/www.radiopiu.net\/wordpress\/wp-content\/uploads\/2021\/11\/81aa72cc-d66b-44fa-afd5-7103ae531a24.jpg\" data-dt-img-description=\"\" data-large_image_width=\"512\" data-large_image_height=\"376\"><img loading=\"lazy\" decoding=\"async\" class=\" wp-image-243762 alignleft\" src=\"https:\/\/www.radiopiu.net\/wordpress\/wp-content\/uploads\/2021\/11\/81aa72cc-d66b-44fa-afd5-7103ae531a24-300x220.jpg\" alt=\"\" width=\"136\" height=\"100\" srcset=\"https:\/\/www.radiopiu.net\/wordpress\/wp-content\/uploads\/2021\/11\/81aa72cc-d66b-44fa-afd5-7103ae531a24-300x220.jpg 300w, https:\/\/www.radiopiu.net\/wordpress\/wp-content\/uploads\/2021\/11\/81aa72cc-d66b-44fa-afd5-7103ae531a24.jpg 512w\" sizes=\"auto, (max-width: 136px) 100vw, 136px\" \/><\/a>PUNTATA DEL 11 OTTOBRE\u00a0 &#8211; RENATO ROSSI PRESIDENTE PRO LOCO DI SAN TOMASO<\/strong><\/p>\n<audio class=\"wp-audio-shortcode\" id=\"audio-356412-6\" preload=\"none\" style=\"width: 100%;\" controls=\"controls\"><source type=\"audio\/mpeg\" src=\"https:\/\/www.radiopiu.net\/wordpress\/wp-content\/uploads\/2023\/10\/UNPLI-RENATO-ROSSI.mp3?_=6\" \/><a href=\"https:\/\/www.radiopiu.net\/wordpress\/wp-content\/uploads\/2023\/10\/UNPLI-RENATO-ROSSI.mp3\">https:\/\/www.radiopiu.net\/wordpress\/wp-content\/uploads\/2023\/10\/UNPLI-RENATO-ROSSI.mp3<\/a><\/audio>\n<p>&nbsp;<\/p>\n<p><strong>LA RACCOLTA COMPLETA <a href=\"https:\/\/www.radiopiu.net\/wordpress\/proloco-nellagordino-eventi-e-volontari\/\">CLICCA QUI<\/a><\/strong><\/p>\n<p>&nbsp;<\/p>\n<p>&nbsp;<\/p>\n<h2><span style=\"color: #008080;\">LIBER, IL NUOVO PROGRAMMA DI LIANA CAVALLET<\/span><\/h2>\n<p><strong>PUNTATA 5 &#8211; 11 OTTOBRE 2023 &#8220;La Ladra Di Parole&#8221; ABI DARE&#8217;<\/strong><\/p>\n<p><a class=\"dt-pswp-item\" href=\"https:\/\/www.radiopiu.net\/wordpress\/wp-content\/uploads\/2023\/10\/d4e4c8ad-7b03-470d-a485-b8162c46a951-1.jpg\" data-dt-img-description=\"\" data-large_image_width=\"323\" data-large_image_height=\"454\"><img loading=\"lazy\" decoding=\"async\" class=\"size-medium wp-image-356409 aligncenter\" src=\"https:\/\/www.radiopiu.net\/wordpress\/wp-content\/uploads\/2023\/10\/d4e4c8ad-7b03-470d-a485-b8162c46a951-1-213x300.jpg\" alt=\"\" width=\"213\" height=\"300\" srcset=\"https:\/\/www.radiopiu.net\/wordpress\/wp-content\/uploads\/2023\/10\/d4e4c8ad-7b03-470d-a485-b8162c46a951-1-213x300.jpg 213w, https:\/\/www.radiopiu.net\/wordpress\/wp-content\/uploads\/2023\/10\/d4e4c8ad-7b03-470d-a485-b8162c46a951-1.jpg 323w\" sizes=\"auto, (max-width: 213px) 100vw, 213px\" \/><\/a><strong>AUDIO<\/strong><\/p>\n<audio class=\"wp-audio-shortcode\" id=\"audio-356412-7\" preload=\"none\" style=\"width: 100%;\" controls=\"controls\"><source type=\"audio\/mpeg\" src=\"https:\/\/www.radiopiu.net\/wordpress\/wp-content\/uploads\/2023\/10\/LIANA-1.mp3?_=7\" \/><a href=\"https:\/\/www.radiopiu.net\/wordpress\/wp-content\/uploads\/2023\/10\/LIANA-1.mp3\">https:\/\/www.radiopiu.net\/wordpress\/wp-content\/uploads\/2023\/10\/LIANA-1.mp3<\/a><\/audio>\n<p>&nbsp;<\/p>\n<p><strong>LA RACCOLTA COMPLETA <a href=\"https:\/\/www.radiopiu.net\/wordpress\/liber-il-nuovo-programma-di-liana-cavalet-la-raccolta-2\/\">CLICCA QUI\u00a0<\/a><\/strong><\/p>\n<p>&nbsp;<\/p>\n<hr \/>\n<p>&nbsp;<\/p>\n<blockquote class=\"wp-embedded-content\" data-secret=\"lrbVl94qlc\"><p><a href=\"https:\/\/www.radiopiu.net\/wordpress\/rimasti-piu-avanti-p15a\/\">&#8220;RIMASTI PIU&#8217; AVANTI&#8221;, ALLA SCOPERTA DELLA MUSICA BELLUNESE CON MARCO V. DAL FARRA<\/a><\/p><\/blockquote>\n<p><iframe loading=\"lazy\" class=\"wp-embedded-content\" sandbox=\"allow-scripts\" security=\"restricted\" style=\"position: absolute; clip: rect(1px, 1px, 1px, 1px);\" title=\"&#8220;&#8220;RIMASTI PIU&#8217; AVANTI&#8221;, ALLA SCOPERTA DELLA MUSICA BELLUNESE CON MARCO V. DAL FARRA&#8221; &#8212; Radio Pi\u00f9\" src=\"https:\/\/www.radiopiu.net\/wordpress\/rimasti-piu-avanti-p15a\/embed\/#?secret=qfIe267XDL#?secret=lrbVl94qlc\" data-secret=\"lrbVl94qlc\" width=\"600\" height=\"338\" frameborder=\"0\" marginwidth=\"0\" marginheight=\"0\" scrolling=\"no\"><\/iframe><\/p>\n<p>&nbsp;<\/p>\n<p>&nbsp;<\/p>\n<hr \/>\n<p>&nbsp;<\/p>\n<h2><span style=\"color: #ff0000;\">GLI APPUNTAMENTI DELLA SETTIMANA\u00a0<\/span><\/h2>\n<blockquote>\n<h3>SERE D&#8217;AUTUNNO<\/h3>\n<p><em><strong><a class=\"dt-pswp-item\" href=\"https:\/\/www.radiopiu.net\/wordpress\/wp-content\/uploads\/2023\/09\/Senza-nome-75.png\" data-dt-img-description=\"\" data-large_image_width=\"478\" data-large_image_height=\"179\"><img loading=\"lazy\" decoding=\"async\" class=\"size-medium wp-image-354485 alignleft\" src=\"https:\/\/www.radiopiu.net\/wordpress\/wp-content\/uploads\/2023\/09\/Senza-nome-75-300x112.png\" alt=\"\" width=\"300\" height=\"112\" srcset=\"https:\/\/www.radiopiu.net\/wordpress\/wp-content\/uploads\/2023\/09\/Senza-nome-75-300x112.png 300w, https:\/\/www.radiopiu.net\/wordpress\/wp-content\/uploads\/2023\/09\/Senza-nome-75.png 478w\" sizes=\"auto, (max-width: 300px) 100vw, 300px\" \/><\/a>SERE D&#8217;AUTUNNO, SERATE DI INCONTRI, DIBATTITI, IMMAGINI FILMATI E MULTIVISIONI. AD AGORDO TUTTI I VENERDI DI OTTOBRE, IN SALA DON TAMIS ALLE 20.45, INGRESSO LIBERO. PRESENTA GIANPAOLO SORATROI.\u00a0<\/strong><\/em><\/p>\n<p>Interessante serie di incontri, dibattiti, proiezioni inerenti al mondo della montagna &#8211; ma non solo &#8211; che si svolgono tutti i venerd\u00ec di ottobre nella prestigiosa e capiente Sala don F. Tamis messaci a disposizione per l\u2019occasione dall\u2019Unione Montana Agordina. Nato nel 2007, quest\u2019anno, raggiunge la 15\u00b0 edizione; i temi trattati durante le serate sono diversi tra loro per offrire una visione della montagna a 360\u00b0. Questa edizione \u00e8 dedicata interamente alle donne con quattro ospiti femminili.<\/p><\/blockquote>\n<p><strong>DOMANI, ALESSANDRA MASI &#8211; ATMOSFERE E VISIONI DI LUOGHI VICINI E LONTANI una fotografa, un percorso emozionale<\/strong><\/p>\n<p>VENERDI 20 OTTOBRE MARIKA FAE&#8217; &#8211; SPORT E MONTAGNA, SCELTA DI VITA Marika, maestra di sci e guida alpina<\/p>\n<p>VENERDI 27 OTTOBRE ANGELIKA RAINER, SOGNI VERTICALI. arrampicando su fantasie divenute realt\u00e0<\/p>\n<p>&nbsp;<\/p>\n<blockquote>\n<h3>OGGI L&#8217;INCONTRO CON SCUOLE IN RETE<\/h3>\n<\/blockquote>\n<p><strong>BELLUNO <\/strong>\u201cUn muro non ci divider\u00e0. Amore e cultura per la rinascita\u201d: \u00e8 questo il titolo dell\u2019importante incontro di venerd\u00ec sera. Fattoruso, Lanzalaco e Losito incontreranno anche la cittadinanza in un incontro a ingresso libero presso la Sala Bianchi \u201cEliseo Dal Pont\u201d, in viale Fantuzzi 11 a Belluno, alle ore 20.30.<\/p>\n<p>&nbsp;<\/p>\n<blockquote>\n<h3>CINEMINO PER AVVICINARE NONNI E NIPOTI<\/h3>\n<\/blockquote>\n<p><strong><a class=\"dt-pswp-item\" href=\"https:\/\/www.radiopiu.net\/wordpress\/wp-content\/uploads\/2023\/10\/Senza-nome-25.png\" data-dt-img-description=\"\" data-large_image_width=\"283\" data-large_image_height=\"167\"><img loading=\"lazy\" decoding=\"async\" class=\" wp-image-356478 alignleft\" src=\"https:\/\/www.radiopiu.net\/wordpress\/wp-content\/uploads\/2023\/10\/Senza-nome-25.png\" alt=\"\" width=\"246\" height=\"145\" \/><\/a>FONZASO<\/strong> Otto film dedicati ai pi\u00f9 piccoli da vedere .con i pi\u00f9 grandi. Un modo per stimolare l&#8217;immaginazione dei bambini regalando agli anziani il piacere di stare in compagnia con i propri nipoti. E&#8217; questo il filo conduttore dalla rassegna cinematografica &#8220;Il Cinemino &#8211; il cinema dei bambini&#8221;, iniziativa promossa in collaborazione con il sindacato dei pensionati della Cgil di Belluno che ne sposa in pieno lo spirito e gli obiettivi. La rassegna &#8211; organizzata nella sala Visioni di Fonzaso &#8211; si apre sabato alle 17.30 con il film cult di Enzo Dal\u00f2, La Gabbianella e il gatto. La partecipazione dello Spi Cgil di Belluno assume un significato particolare in un mondo sempre pi\u00f9 tecnologico che acuisce le distanze fra giovani e anziani.<em> &#8220;Siamo molto contenti di collaborare alla realizzazione di questa importante iniziativa &#8211; commenta Maria Rita Gentilin &#8211;\u00a0 il cinemino rappresenta un&#8217;occasione speciale di sogno e di cultura per le nuove generazioni e un pretesto per offrire una giornata speciale soprattutto per nonni e nipoti visto che questo \u00e8 un appuntamento pensato soprattutto per loro&#8221;.\u00a0<\/em><\/p>\n<blockquote>\n<h3 class=\"wp-block-heading\"><em><a class=\"dt-pswp-item\" href=\"https:\/\/www.radiopiu.net\/wordpress\/wp-content\/uploads\/2023\/09\/6cb03d14-50c0-4391-9537-f6e817a51572.jpg\" data-dt-img-description=\"\" data-large_image_width=\"1132\" data-large_image_height=\"1600\"><img loading=\"lazy\" decoding=\"async\" class=\" wp-image-354501 alignleft\" src=\"https:\/\/www.radiopiu.net\/wordpress\/wp-content\/uploads\/2023\/09\/6cb03d14-50c0-4391-9537-f6e817a51572-212x300.jpg\" alt=\"\" width=\"91\" height=\"129\" srcset=\"https:\/\/www.radiopiu.net\/wordpress\/wp-content\/uploads\/2023\/09\/6cb03d14-50c0-4391-9537-f6e817a51572-212x300.jpg 212w, https:\/\/www.radiopiu.net\/wordpress\/wp-content\/uploads\/2023\/09\/6cb03d14-50c0-4391-9537-f6e817a51572-724x1024.jpg 724w, https:\/\/www.radiopiu.net\/wordpress\/wp-content\/uploads\/2023\/09\/6cb03d14-50c0-4391-9537-f6e817a51572-768x1086.jpg 768w, https:\/\/www.radiopiu.net\/wordpress\/wp-content\/uploads\/2023\/09\/6cb03d14-50c0-4391-9537-f6e817a51572-1087x1536.jpg 1087w, https:\/\/www.radiopiu.net\/wordpress\/wp-content\/uploads\/2023\/09\/6cb03d14-50c0-4391-9537-f6e817a51572.jpg 1132w\" sizes=\"auto, (max-width: 91px) 100vw, 91px\" \/><\/a>Un\u2019opera di divulgazione che torna sul grande schermo con l\u2019introduzione di Manuel Conedera<\/em><\/h3>\n<\/blockquote>\n<p><strong>SEDICO<\/strong> A 10 anni dalla sua realizzazione, il Gruppo Speleologico CAI Feltre \u00e8 pronto a riproporre al grande pubblico il DVD dedicato alle affascinanti miniere dell\u2019Alta Valle del Mis. Un\u2019opera di divulgazione che ha saputo conquistare il cuore degli appassionati e che ancora oggi rappresenta una preziosa testimonianza storica. La proiezione di questo avvincente documentario avr\u00e0 luogo sabato 14 Ottobre 2023, presso la suggestiva Sala Conferenze del Polo Culturale di Sedico.<\/p>\n<p>&nbsp;<\/p>\n<p>&nbsp;<\/p>\n<blockquote>\n<h3>DAL 13 AL 15 OTTOBRE RIVA L&#8217;OKTOBERFEST A RIVAMONTE<\/h3>\n<\/blockquote>\n<p><strong><a class=\"dt-pswp-item\" href=\"https:\/\/www.radiopiu.net\/wordpress\/wp-content\/uploads\/2023\/10\/30a2544f-ee8d-4a49-ae09-855f2b5d3400.jpg\" data-dt-img-description=\"\" data-large_image_width=\"1131\" data-large_image_height=\"1600\"><img loading=\"lazy\" decoding=\"async\" class=\" wp-image-355102 alignleft\" src=\"https:\/\/www.radiopiu.net\/wordpress\/wp-content\/uploads\/2023\/10\/30a2544f-ee8d-4a49-ae09-855f2b5d3400-212x300.jpg\" alt=\"\" width=\"136\" height=\"192\" srcset=\"https:\/\/www.radiopiu.net\/wordpress\/wp-content\/uploads\/2023\/10\/30a2544f-ee8d-4a49-ae09-855f2b5d3400-212x300.jpg 212w, https:\/\/www.radiopiu.net\/wordpress\/wp-content\/uploads\/2023\/10\/30a2544f-ee8d-4a49-ae09-855f2b5d3400-724x1024.jpg 724w, https:\/\/www.radiopiu.net\/wordpress\/wp-content\/uploads\/2023\/10\/30a2544f-ee8d-4a49-ae09-855f2b5d3400-768x1086.jpg 768w, https:\/\/www.radiopiu.net\/wordpress\/wp-content\/uploads\/2023\/10\/30a2544f-ee8d-4a49-ae09-855f2b5d3400-1086x1536.jpg 1086w, https:\/\/www.radiopiu.net\/wordpress\/wp-content\/uploads\/2023\/10\/30a2544f-ee8d-4a49-ae09-855f2b5d3400.jpg 1131w\" sizes=\"auto, (max-width: 136px) 100vw, 136px\" \/><\/a>RIVAMONTE<\/strong> Torna &#8220;Riva L&#8217;Oktoberfest&#8221; a Rivamonte. L&#8217;Associazione Pro Loco Rivamonte organizza un fine settimana di festa in stile bavarese sotto al tendone. Si inizia venerd\u00ec 13 ottobre. Alle 18 l&#8217;happy hour, dalle 19 apertura dello stand gastronomico e a seguire musica con Spritz Band. Sabato 14 ottobre apertura del tendone alle 17 e alle 19 al via con i piatti tipici bavaresi. Alla sera &#8220;Suona il Fusto&#8221;, ogni volta che finisce un fusto suona la campana e chi sta aspettando la birra riceve un buono pranzo pi\u00f9 birra per la domenica. Alla sera musica con Koa Quintett e dalla mezzanotte DJ Luca. Domenica 15 dalle 10 apertura del tendone e dimostrazione dei lavori di una volta. Alle 12 pranzo con porchetta allo spiedo e piatti bavaresi. Intrattenimento musicale con Letemar Quintett. E&#8217; gradita la presenza in abito tradizionale tirolese.<\/p>\n<p><span style=\"color: #ff0000;\"><strong>l&#8217;intervista di mirko mezzacasa<\/strong><\/span><\/p>\n<p><strong>PUNTATA 3 OTTOBRE &#8211; OKTOBER FEST . Giacomo Bressan presidente Pro loco Rivamonte.<\/strong><\/p>\n<audio class=\"wp-audio-shortcode\" id=\"audio-356412-8\" preload=\"none\" style=\"width: 100%;\" controls=\"controls\"><source type=\"audio\/mpeg\" src=\"https:\/\/www.radiopiu.net\/wordpress\/wp-content\/uploads\/2023\/10\/GIACOMO-BRESSAN.mp3?_=8\" \/><a href=\"https:\/\/www.radiopiu.net\/wordpress\/wp-content\/uploads\/2023\/10\/GIACOMO-BRESSAN.mp3\">https:\/\/www.radiopiu.net\/wordpress\/wp-content\/uploads\/2023\/10\/GIACOMO-BRESSAN.mp3<\/a><\/audio>\n<p>&nbsp;<\/p>\n<p>&nbsp;<\/p>\n<blockquote>\n<h3>\u00a0ALLA FESTA DEL MIELE LETTURE PER BAMBINI<\/h3>\n<\/blockquote>\n<p><strong>LIMANA<\/strong> Sabato &#8220;Letture per bambini&#8221; nell&#8217;ambito della Festa del Miele, iniziativa del Centro Internazionale del Libro Parlato di Feltre Adriano Sernagiotto. Dalle 15.30 presso l&#8217;Ottica 2D, di via Roma, appuntamento per i pi\u00f9 piccoli con merenda offerta da Ottica 2D.<\/p>\n<p>&nbsp;<\/p>\n<h2><strong><a class=\"dt-pswp-item\" href=\"https:\/\/www.radiopiu.net\/wordpress\/wp-content\/uploads\/2023\/09\/db8bfdca-6229-438e-95d5-3e4f5f945da0.jpg\" data-dt-img-description=\"\" data-large_image_width=\"1599\" data-large_image_height=\"1187\"><img loading=\"lazy\" decoding=\"async\" class=\" wp-image-354438 alignleft\" src=\"https:\/\/www.radiopiu.net\/wordpress\/wp-content\/uploads\/2023\/09\/db8bfdca-6229-438e-95d5-3e4f5f945da0-300x223.jpg\" alt=\"\" width=\"180\" height=\"134\" srcset=\"https:\/\/www.radiopiu.net\/wordpress\/wp-content\/uploads\/2023\/09\/db8bfdca-6229-438e-95d5-3e4f5f945da0-300x223.jpg 300w, https:\/\/www.radiopiu.net\/wordpress\/wp-content\/uploads\/2023\/09\/db8bfdca-6229-438e-95d5-3e4f5f945da0-1024x760.jpg 1024w, https:\/\/www.radiopiu.net\/wordpress\/wp-content\/uploads\/2023\/09\/db8bfdca-6229-438e-95d5-3e4f5f945da0-768x570.jpg 768w, https:\/\/www.radiopiu.net\/wordpress\/wp-content\/uploads\/2023\/09\/db8bfdca-6229-438e-95d5-3e4f5f945da0-1536x1140.jpg 1536w, https:\/\/www.radiopiu.net\/wordpress\/wp-content\/uploads\/2023\/09\/db8bfdca-6229-438e-95d5-3e4f5f945da0.jpg 1599w\" sizes=\"auto, (max-width: 180px) 100vw, 180px\" \/><\/a><span style=\"color: #339966;\">100 DI QUESTI GIORNI: LA FESTA A VILLA SAN GIUSEPPE DI LIVINALLONGO DEL COL DI LANA<\/span><\/strong><\/h2>\n<p><strong>LIVINALLONGO<\/strong> Grande festa a Villa San Giuseppe di Livinallongo. Sabato 14 ottobre sar\u00e0 un lungo pomeriggio tra cultura, musica e convivialit\u00e0. Ad aprire l&#8217;evento l&#8217;intervista a Manolo, Maurizio Zanolla si racconter\u00e0 al pubblico. Dalle 18 la musica dei Tirataie e alle 19 l&#8217;apricena con piatti tipici.<\/p>\n<p><strong>L&#8217;INTERVISTA ALLA RADIO<\/strong><\/p>\n<audio class=\"wp-audio-shortcode\" id=\"audio-356412-9\" preload=\"none\" style=\"width: 100%;\" controls=\"controls\"><source type=\"audio\/mpeg\" src=\"https:\/\/www.radiopiu.net\/wordpress\/wp-content\/uploads\/2023\/06\/CENTO-DI-QUESTI-GIORNI-14-OTTOBRE.mp3?_=9\" \/><a href=\"https:\/\/www.radiopiu.net\/wordpress\/wp-content\/uploads\/2023\/06\/CENTO-DI-QUESTI-GIORNI-14-OTTOBRE.mp3\">https:\/\/www.radiopiu.net\/wordpress\/wp-content\/uploads\/2023\/06\/CENTO-DI-QUESTI-GIORNI-14-OTTOBRE.mp3<\/a><\/audio>\n<p>&nbsp;<\/p>\n<blockquote>\n<h3>LA TRAGEDIA DEL VAJONT DA TINA MERLIN A DINO BUZZATI<\/h3>\n<\/blockquote>\n<p><strong>BORGO VALBELLUNA<\/strong> <span style=\"font-family: 'Arial',sans-serif; color: #222222;\">&#8220;Raccontare la tragedia del Vajont. Da Tina Merlin a Dino Buzzati, tra inchieste, polemiche e memoria&#8221;<\/span><span style=\"font-family: 'Arial',sans-serif; color: #222222;\">, verr\u00e0 ospitata a al Palazzo delle Contesse di Mel, Borgo Valbelluna, sabato dalle 9:30 e che \u00e8 accreditata come formazione per i giornalisti.<\/span><\/p>\n<p>&nbsp;<\/p>\n<blockquote>\n<h3>DUE MORI A CONCERTO<\/h3>\n<\/blockquote>\n<p><strong>BELLUNO<\/strong> Ritorna puntuale l\u2019appuntamento annuale proposto dall\u2019Associazione Medici cattolici Belluno, a favore di Medici con l\u2019Africa CUAMM (Collegio universitario aspiranti medici missionari). Organizzato con la collaborazione dell\u2019Auser provinciale di Belluno e con il fondamentale supporto della Fondazione Giuseppe Cervo, sabato prossimo, con inizio alle ore 20.30, si terra\u0300 infatti l\u2019atteso concerto nella Cattedrale di Belluno:all\u2019organo come consuetudine il maestro Fiorenzo Mori ma, in questa occasione, accompagnato all\u2019oboe da Davide Mori.<\/p>\n<p>&nbsp;<\/p>\n<h2><span style=\"color: #ff0000;\">PROSSIMAMENTE&#8230;\u00a0 \u00a0<\/span><\/h2>\n<blockquote>\n<h3>GLI APPUNTAMENTI CON LA PRO LOCO CASTIONESE<\/h3>\n<\/blockquote>\n<p><strong><a class=\"dt-pswp-item\" href=\"https:\/\/www.radiopiu.net\/wordpress\/wp-content\/uploads\/2023\/10\/th-1-1.jpg\" data-dt-img-description=\"\" data-large_image_width=\"220\" data-large_image_height=\"165\"><img loading=\"lazy\" decoding=\"async\" class=\" wp-image-355483 alignleft\" src=\"https:\/\/www.radiopiu.net\/wordpress\/wp-content\/uploads\/2023\/10\/th-1-1.jpg\" alt=\"\" width=\"156\" height=\"117\" \/><\/a><\/strong><strong>SABATO 21 OTTOBRE 2023\u00a0 &#8211; BELLUNO A FERRO E FUOCO <\/strong>Terza edizione per la rassegna &#8220;Veneto\u00a0 Spettacoli di Mistero&#8221; promossa dall&#8217;Unpli e sostenuta dalla Regione Veneto, denominata quest&#8217;anno &#8220;Belluno a ferro e fuoco&#8221;. Si parler\u00e0 di ferro, di fuoco, di spade, di santi protettori&#8230; tutto all&#8217;interno della magica cornice del centro storico di Belluno, Citt\u00e0 Splendente. Una passeggiata negli angoli pi\u00f9 suggestivi di Belluno, dove si potranno incontrare mangiafuoco, santi, fabbricanti di spade, dolci fanciulle, commercianti di spade&#8230;.Sette tappe, con partenza dalla meravigliosa Piazza Duomo e ritorno nella suggestiva Piazza delle Erbe dove insieme si potr\u00e0 degustare uno squisito banchetto. Ci saranno cinque gruppi che partiranno in orari diversi: 17.30, 17.50, 18.10, 18.30, 18.50. Durante il tragitto si potr\u00e0 sostare per degustare una prelibata bevanda&#8230; e molte altre sorprese.<\/p>\n<p><strong>DAL 28 OTTOBRE PER 5 APPUNTAMENTI &#8211; RASSEGNA TEATRALE CINQUE VIE\u00a0 &#8211; XIV EDIZIONE<\/strong><strong>, <\/strong><strong>TEATRO SAN GAETANO <\/strong>Cinque spettacoli, cinque percorsi emotivi, cinque vie diverse da attraversare e ad ogni via sentirsi pi\u00f9 \u201cricchi\u201d di prima. Alla XIV edizione &#8220;manteniamo la rotta&#8221; in direzione del teatro &#8220;scomodo&#8221;, per generare emozioni, confronti e riflessioni. 5 Vie tra i sogni di un grande alpinista, tra i pensieri nascosti e troppo spesso malati dei giovani, tra l&#8217;incantevole grazia di un mondo al femminile, tra la visione del male agli occhi di un&#8217;anima candida e tra le seducenti ma terribili azioni di una intramontabile Lady Macbeth.<\/p>\n<p>&nbsp;<\/p>\n<p>GALA&#8217; BOLLICINA, QUARTA EDIZIONE. DOMENICA 22 OTTOBRE DALLE 11 ALLE 17 AL NOF FILO&#8217; DI CENCENIGHE. OSPITE D&#8217;ONORE IL SOMMELIER PLURIPREMIATO, LUCA GARDINI, MIGLIOR SOMMELIER AL MONDO 2020 E OGGI AMBASCIATORE DEL METODO CLASSICO. UN EVENTO &#8220;OH PER BACCO, VINI E SAPORI DELLE DOLOMITI.<br \/>\nGALA&#8217; BOLLICINA, DOMENICA 22 OTTOBRE DALLE 11 ALLE 17 AL NOF FILO&#8217; DI CENCENIGHE: 80 BOLLICINE IN DEGUSTAZIONE, 60 AZIENDE PRESENTI, CICCHETTERIA OH PER BACCO, FINGER FOOD E CUCINA &#8220;COSTA&#8221; (o chiusa, come costicina). diretta su radio piu&#8217; E DALLE 17 ALL&#8217;OH PER BACCO AFTER PARTY CON MORGAN DJ info 348 2779135<\/p>\n<p>&nbsp;<\/p>\n<p><a class=\"dt-pswp-item\" href=\"https:\/\/www.radiopiu.net\/wordpress\/wp-content\/uploads\/2023\/09\/880aa720-47e8-48f2-a5b8-7382d84557b2.jpg\" data-dt-img-description=\"\" data-large_image_width=\"1080\" data-large_image_height=\"1533\"><img loading=\"lazy\" decoding=\"async\" class=\"size-medium wp-image-353010 aligncenter\" src=\"https:\/\/www.radiopiu.net\/wordpress\/wp-content\/uploads\/2023\/09\/880aa720-47e8-48f2-a5b8-7382d84557b2-211x300.jpg\" alt=\"\" width=\"211\" height=\"300\" srcset=\"https:\/\/www.radiopiu.net\/wordpress\/wp-content\/uploads\/2023\/09\/880aa720-47e8-48f2-a5b8-7382d84557b2-211x300.jpg 211w, https:\/\/www.radiopiu.net\/wordpress\/wp-content\/uploads\/2023\/09\/880aa720-47e8-48f2-a5b8-7382d84557b2-721x1024.jpg 721w, https:\/\/www.radiopiu.net\/wordpress\/wp-content\/uploads\/2023\/09\/880aa720-47e8-48f2-a5b8-7382d84557b2-768x1090.jpg 768w, https:\/\/www.radiopiu.net\/wordpress\/wp-content\/uploads\/2023\/09\/880aa720-47e8-48f2-a5b8-7382d84557b2.jpg 1080w\" sizes=\"auto, (max-width: 211px) 100vw, 211px\" \/><\/a><\/p>\n<p>&nbsp;<\/p>\n<hr \/>\n<p>&nbsp;<\/p>\n<div class=\"message spoilers-container\" dir=\"auto\">\n<div class=\"column\">\n<div class=\"message spoilers-container\" dir=\"auto\">\n<div class=\"column\">\n<p><img loading=\"lazy\" decoding=\"async\" class=\"aligncenter wp-image-61954 size-full\" src=\"https:\/\/www.radiopiu.net\/wordpress\/wp-content\/uploads\/2018\/09\/viabilita.jpeg\" sizes=\"auto, (max-width: 800px) 100vw, 800px\" srcset=\"https:\/\/www.radiopiu.net\/wordpress\/wp-content\/uploads\/2018\/09\/viabilita.jpeg 800w, https:\/\/www.radiopiu.net\/wordpress\/wp-content\/uploads\/2018\/09\/viabilita-300x38.jpeg 300w, https:\/\/www.radiopiu.net\/wordpress\/wp-content\/uploads\/2018\/09\/viabilita-768x96.jpeg 768w\" alt=\"\" width=\"800\" height=\"100\" \/><\/p>\n<\/div>\n<\/div>\n<div class=\"message spoilers-container\" dir=\"auto\">\n<div class=\"column\">\n<p>&nbsp;<\/p>\n<\/div>\n<\/div>\n<\/div>\n<\/div>\n<blockquote class=\"wp-embedded-content\" data-secret=\"xL9jsq6HUL\"><p><a href=\"https:\/\/www.radiopiu.net\/wordpress\/viabilita\/\">viabilita<\/a><\/p><\/blockquote>\n<p><iframe loading=\"lazy\" class=\"wp-embedded-content\" sandbox=\"allow-scripts\" security=\"restricted\" style=\"position: absolute; clip: rect(1px, 1px, 1px, 1px);\" title=\"&#8220;viabilita&#8221; &#8212; Radio Pi\u00f9\" src=\"https:\/\/www.radiopiu.net\/wordpress\/viabilita\/embed\/#?secret=sydYb4iOF6#?secret=xL9jsq6HUL\" data-secret=\"xL9jsq6HUL\" width=\"600\" height=\"338\" frameborder=\"0\" marginwidth=\"0\" marginheight=\"0\" scrolling=\"no\"><\/iframe><\/p>\n<div class=\"message spoilers-container\" dir=\"auto\">\n<div class=\"column\">\n<div class=\"message spoilers-container\" dir=\"auto\">\n<div class=\"column\">\n<div>\n<div dir=\"ltr\">\n<div class=\"gmail_quote\">\n<div dir=\"ltr\">\n<div><\/div>\n<div><\/div>\n<div><\/div>\n<\/div>\n<\/div>\n<\/div>\n<\/div>\n<hr \/>\n<p>&nbsp;<\/p>\n<p><a class=\"dt-pswp-item\" href=\"https:\/\/www.radiopiu.net\/wordpress\/wp-content\/uploads\/2018\/09\/WhatsApp-Image-2018-09-20-at-16.04.06.jpeg\" data-dt-img-description=\"\" data-large_image_width=\"800\" data-large_image_height=\"100\"><img loading=\"lazy\" decoding=\"async\" class=\"wp-image-61378 size-full aligncenter\" src=\"https:\/\/www.radiopiu.net\/wordpress\/wp-content\/uploads\/2018\/09\/WhatsApp-Image-2018-09-20-at-16.04.06.jpeg\" alt=\"\" width=\"800\" height=\"100\" srcset=\"https:\/\/www.radiopiu.net\/wordpress\/wp-content\/uploads\/2018\/09\/WhatsApp-Image-2018-09-20-at-16.04.06.jpeg 800w, https:\/\/www.radiopiu.net\/wordpress\/wp-content\/uploads\/2018\/09\/WhatsApp-Image-2018-09-20-at-16.04.06-300x38.jpeg 300w, https:\/\/www.radiopiu.net\/wordpress\/wp-content\/uploads\/2018\/09\/WhatsApp-Image-2018-09-20-at-16.04.06-768x96.jpeg 768w\" sizes=\"auto, (max-width: 800px) 100vw, 800px\" \/><\/a><\/p>\n<\/div>\n<\/div>\n<p>&nbsp;<\/p>\n<\/div>\n<\/div>\n<div id=\"dolomitimeteo_div_testi\"><center><b>OGGI<\/b><\/center>Tempo in prevalenza soleggiato, con ampi tratti di sereno e qualche temporaneo annuvolamento alto stratiforme. Probabile formazione di foschie o locali nebbie mattutine nelle conche prealpine e sugli altopiani, senza escludere qualche banco di nubi basse sulla fascia prealpina.<br \/>\n<b>Precipitazioni: <\/b>Assenza (0%).<br \/>\n<b>Temperature: <\/b>Senza notevoli variazioni, salvo lieve calo delle massime sia in quote che nelle valli, ma sempre ben superiori alla norma.<\/p>\n<hr \/>\n<p><center><b>DOMANI<\/b><\/center>Tempo solo in parte soleggiato per velature, spesso estese, e per maggiore presenza di nubi medie al pomeriggio. Crescente insidia di foschie, locali nebbie o nubi basse nelle valli e conche prealpine nelle ore pi\u00f9 fredde.<br \/>\n<b>Precipitazioni: <\/b>Assenti (0%).<br \/>\n<b>Temperature: <\/b>Contesto termico sempre mite, nonostante la lieve flessione delle temperature massime, specie nelle valli.<\/p>\n<hr \/>\n<p><center><b>SABATO<\/b><\/center>Riduzione del soleggiamento rispetto ai giorni precedenti per incremento della nuvolosit\u00e0 medio-alta in arrivo da ovest e per l&#8217;insediamento di nubi basse, le quali potrebbero limitare notevolmente il soleggiamento su alcuni settori. Non escluso alcune deboli o debolissime piogge verso sera, specie sulle Prealpi. Temperature in generale lieve flessione, salvo rialzo delle minime in alcune valli.<\/p>\n<hr \/>\n<p><center><b>DOMENICA<\/b><\/center>Peggioramento del tempo con cielo da nuvoloso a molto nuvoloso e deboli precipitazioni intermittenti e sparse sulle Dolomiti, pi\u00f9 frequenti e diffuse sulle Prealpi. Il limite della neve scender\u00e0 dai 2500\/2600 m iniziali fino a 2000 m. Probabili schiarite serali. Temperature in generale calo con minime alla sera<\/p>\n<\/div>\n<p>&nbsp;<\/p>\n<p>&nbsp;<\/p>\n<div class=\"message spoilers-container\" dir=\"auto\">\n<hr \/>\n<p>&nbsp;<\/p>\n<p><img loading=\"lazy\" decoding=\"async\" class=\"wp-image-60761 size-full aligncenter\" src=\"https:\/\/www.radiopiu.net\/wordpress\/wp-content\/uploads\/2018\/09\/sport.jpg\" alt=\"\" width=\"800\" height=\"100\" srcset=\"https:\/\/www.radiopiu.net\/wordpress\/wp-content\/uploads\/2018\/09\/sport.jpg 800w, https:\/\/www.radiopiu.net\/wordpress\/wp-content\/uploads\/2018\/09\/sport-300x38.jpg 300w, https:\/\/www.radiopiu.net\/wordpress\/wp-content\/uploads\/2018\/09\/sport-768x96.jpg 768w\" sizes=\"auto, (max-width: 800px) 100vw, 800px\" \/><\/p>\n<p>&nbsp;<\/p>\n<p><span style=\"color: #0000ff;\"><strong>HOCKEY SU GHIACCIO<\/strong><\/span><\/p>\n<blockquote>\n<h3>E&#8217; ARRIVATO AD ALLEGHE JUHO MAKELA<\/h3>\n<\/blockquote>\n<p><strong><a class=\"dt-pswp-item\" href=\"https:\/\/www.radiopiu.net\/wordpress\/wp-content\/uploads\/2023\/10\/c6adff65-ab39-439f-bca6-9af71ec87960.jpg\" data-dt-img-description=\"\" data-large_image_width=\"742\" data-large_image_height=\"1024\"><img loading=\"lazy\" decoding=\"async\" class=\" wp-image-356450 alignleft\" src=\"https:\/\/www.radiopiu.net\/wordpress\/wp-content\/uploads\/2023\/10\/c6adff65-ab39-439f-bca6-9af71ec87960-217x300.jpg\" alt=\"\" width=\"94\" height=\"130\" srcset=\"https:\/\/www.radiopiu.net\/wordpress\/wp-content\/uploads\/2023\/10\/c6adff65-ab39-439f-bca6-9af71ec87960-217x300.jpg 217w, https:\/\/www.radiopiu.net\/wordpress\/wp-content\/uploads\/2023\/10\/c6adff65-ab39-439f-bca6-9af71ec87960.jpg 742w\" sizes=\"auto, (max-width: 94px) 100vw, 94px\" \/><\/a>di Roberto Miana, portavoce dell&#8217;Alleghe Hockey<\/strong><\/p>\n<p>\u00c8 atterrato all&#8217;aeroporto &#8220;Marco Polo&#8221; di Venezia, direttamente dalla Finlandia, il secondo straniero delle Civette che andr\u00e0 a rinforzare l\u2019attacco biancorosso. Juho M\u00e4kel\u00e4, accolto dal nostro Manuel De Toni, ha subito fatto una buona impressione con tanta voglia di far bene in riva al lago. Juho potrebbe fare il suo esordio con la maglia biancorossa gi\u00e0 sabato, nella partita casalinga contro il Dobbiaco, si attende solo il nulla osta della federazione finlandese.Ben arrivato ad Alleghe Juho. Terventuloa Juho<\/p>\n<p>&nbsp;<\/p>\n<blockquote>\n<h3>ALLEGHE IN VAL DI FIEMME IN CERCA DI RISCATTO<\/h3>\n<\/blockquote>\n<p><strong><a class=\"dt-pswp-item\" href=\"https:\/\/www.radiopiu.net\/wordpress\/wp-content\/uploads\/2023\/09\/alleghe-logo-2023.jpg\" data-dt-img-description=\"\" data-large_image_width=\"1024\" data-large_image_height=\"576\"><img loading=\"lazy\" decoding=\"async\" class=\" wp-image-352035 alignleft\" src=\"https:\/\/www.radiopiu.net\/wordpress\/wp-content\/uploads\/2023\/09\/alleghe-logo-2023-300x169.jpg\" alt=\"\" width=\"179\" height=\"101\" srcset=\"https:\/\/www.radiopiu.net\/wordpress\/wp-content\/uploads\/2023\/09\/alleghe-logo-2023-300x169.jpg 300w, https:\/\/www.radiopiu.net\/wordpress\/wp-content\/uploads\/2023\/09\/alleghe-logo-2023-768x432.jpg 768w, https:\/\/www.radiopiu.net\/wordpress\/wp-content\/uploads\/2023\/09\/alleghe-logo-2023.jpg 1024w\" sizes=\"auto, (max-width: 179px) 100vw, 179px\" \/><\/a>di Roberto Miana, portavoce dell&#8217;Alleghe Hockey<\/strong><\/p>\n<p>Quinta giornata del campionato di Italian Hockey League 2023\/2024. Gioved\u00ec 12 ottobre alle 20:30 l\u2019Alleghe gioca all\u2019Ice Stadion di Cavalese contro il Valdifiemme. Ancora una trasferta per le Civette, per dimenticare l\u2019amara sconfitta 1-5 maturata sul ghiaccio di un ottimo Caldaro. Alleghe che ha lottato ed \u00e8 rimasto in partita per i primi due tempi arrendendosi alla distanza, complici le numerose penalit\u00e0 subite ed i power play non sfruttati, denotando un passo indietro rispetto alle prestazioni precedenti. Il Primo tempo \u00e8 terminato a reti inviolate, con il goalie biancorosso Scola sempre pronto a sventare le conclusioni avversarie. Secondo parziale nel quale fioccano le penalit\u00e0 ai danni degli Agordini che subiscono due marcature entrambe in inferiorit\u00e0 numerica. Sul finale di tempo accorcia le distanze in mischia il solito Gabriel Vinatzer. Nell\u2019ultimo drittel i Biancorossi provano a riequilibrare l\u2019incontro, ma i padroni di casa, pi\u00f9 cinici sottoporta, la chiudono con altre tre marcature, due delle quali negli ultimissimi minuti di gioco ancora in superiorit\u00e0 numerica. Il Valdifiemme \u00e8 terzo in classifica con 9 punti, dietro a Caldaro e Varese, con un bilancio di tre vittorie ed una sola sconfitta, subita in rimonta in casa contro il Feltreghiaccio. Miglior attacco del torneo con 19 reti segnate in quattro gare, grazie ad una prima linea devastante, formata dalla coppia Moucka\/Mlynar. Nell\u2019ultimo turno i Fiemmesi hanno battuto il Valpellice 4-2. Top scorer della squadra e del campionato il Cieco Jaroslav Moucka con 6 reti e altrettanti assist, seguito dal connazionale Tomas Mlynar con 3 marcature e 5 assist. Rilevante anche l\u2019apporto del difensore Enrico Chelodi, che alla sua nona stagione in Giallonero ha gi\u00e0 messo a referto 3 gol e 4 assistenze per i compagni. Dalla stagione 2015\/2016, da quando Alleghe e Valdifiemme si affrontano nel campionato di serie B di hockey su ghiaccio (IHL), le Civette hanno incrociato le stecche con i Gialloneri 24 volte. Il bilancio generale conta 7 vittorie Alleghesi e 17 dei Fiemmesi. Se prendiamo in considerazione le sole gare disputate all\u2019Ice Stadion di Cavalese, nelle 12 sfide si sono registrati 9 successi dei padroni di casa e 3 degli Agordini. Nell&#8217;ultima gara giocata in Trentino, il 6 gennaio di quest\u2019anno, si sono imposti i padroni di casa con un netto 8-1. I Biancorossi non vincono in trasferta contro il Valdifiemme dal 5-2 del febbraio 2020. Conteggiando le reti totali segnate in questa sfida, l\u2019Alleghe ha messo a referto 63 marcature contro 97 del Valdifiemme.<br \/>\n<strong>VALDIFIEMME HC &#8211; ALLEGHE<\/strong> hockey Gioved\u00ec 12 ottobre ore 20:30 \u2013 Ice Stadion di Cavalese (Tn). Arbitri: Patrick Theo Gruber e Alessio Bedana con giudici di linea Alberto Plancher e Thomas Formaioni Collegamenti in DIRETTA RADIOFONICA su Radio Pi\u00f9 (www.radiopiu.net) con \u201cHockey al punto giusto\u201d, in studio Marco Gaz e da Cavalese interventi di Federico Paganin<\/p>\n<p>&nbsp;<\/p>\n<p><span style=\"color: #0000ff;\"><strong>QUIDDITCH<\/strong><\/span><\/p>\n<blockquote>\n<h3>UN AGORDINO NELLA NAZIONALE ITALIANA DI QUIDDITCH<\/h3>\n<\/blockquote>\n<p><strong>REDAZIONE<\/strong> Parla anche agordino la nazionale di Qudditch, lo sport che deriva dalla saga di Harry Potter. Anche Matteo Ganz tra i giocatori italiani che hanno giocato la Nations Cup a Salou vicino a Barcellona in Spagna. Oltre a tutte le squadre europee anche Giappone e Vietnam. Matteo ha 18 anni vissuti tra Roma e Verona passando per Agordo e Falcade appena possibile. \u00c8 in quinta liceo scientifico ed \u00e8 sempre stato molto sportivo: sci, pallavolo, arrampicata e atletica praticati per anni, da un po\u2019 ha scoperto il Quadball versione umana del Quidditch di Harry Potter che combina elementi del rugby e pallamano con un handicap rappresentato dalla \u201cscopa\u201d che va cavalcata durante tutta l\u2019azione. Il quidditch \u00e8 uno sport di squadra nato nel 2005 e si gioca sull\u2019erba con sette giocatori per squadra e sono consentiti i cambi volanti. Ganz gioca nel Hydras Verona e da qualche mese \u00e8 entrato in Nazionale partecipando alla Nations Cup vicino a Barcellona con nazionali di 18 paesi dove hanno raggiunto il miglior risultato di sempre arrivando secondi perdendo in finale contro i campioni di casa della Spagna.<\/p>\n\n\t\t\t<style type='text\/css'>\n\t\t\t\t#gallery-9 {\n\t\t\t\t\tmargin: auto;\n\t\t\t\t}\n\t\t\t\t#gallery-9 .gallery-item {\n\t\t\t\t\tfloat: left;\n\t\t\t\t\tmargin-top: 10px;\n\t\t\t\t\ttext-align: center;\n\t\t\t\t\twidth: 50%;\n\t\t\t\t}\n\t\t\t\t#gallery-9 img {\n\t\t\t\t\tborder: 2px solid #cfcfcf;\n\t\t\t\t}\n\t\t\t\t#gallery-9 .gallery-caption {\n\t\t\t\t\tmargin-left: 0;\n\t\t\t\t}\n\t\t\t\t\/* see gallery_shortcode() in wp-includes\/media.php *\/\n\t\t\t<\/style>\n\t\t<div id='gallery-9' class='dt-gallery-container gallery galleryid-356412 gallery-columns-2 gallery-size-medium'><dl class='gallery-item'>\n\t\t\t\t<dt class='gallery-icon landscape'>\n\t\t\t\t\t<a class=\"rollover rollover-zoom dt-pswp-item\" title=\"d2cdbf23-f4ca-4a0e-af92-c26330ffbbdf\" data-dt-img-description=\"\" data-large_image_width=\"2048\" data-large_image_height=\"2048\"href='https:\/\/www.radiopiu.net\/wordpress\/wp-content\/uploads\/2023\/10\/d2cdbf23-f4ca-4a0e-af92-c26330ffbbdf.jpg'><img loading=\"lazy\" decoding=\"async\" width=\"300\" height=\"300\" src=\"https:\/\/www.radiopiu.net\/wordpress\/wp-content\/uploads\/2023\/10\/d2cdbf23-f4ca-4a0e-af92-c26330ffbbdf-300x300.jpg\" class=\"attachment-medium size-medium\" alt=\"\" srcset=\"https:\/\/www.radiopiu.net\/wordpress\/wp-content\/uploads\/2023\/10\/d2cdbf23-f4ca-4a0e-af92-c26330ffbbdf-300x300.jpg 300w, https:\/\/www.radiopiu.net\/wordpress\/wp-content\/uploads\/2023\/10\/d2cdbf23-f4ca-4a0e-af92-c26330ffbbdf-1024x1024.jpg 1024w, https:\/\/www.radiopiu.net\/wordpress\/wp-content\/uploads\/2023\/10\/d2cdbf23-f4ca-4a0e-af92-c26330ffbbdf-150x150.jpg 150w, https:\/\/www.radiopiu.net\/wordpress\/wp-content\/uploads\/2023\/10\/d2cdbf23-f4ca-4a0e-af92-c26330ffbbdf-768x768.jpg 768w, https:\/\/www.radiopiu.net\/wordpress\/wp-content\/uploads\/2023\/10\/d2cdbf23-f4ca-4a0e-af92-c26330ffbbdf-1536x1536.jpg 1536w, https:\/\/www.radiopiu.net\/wordpress\/wp-content\/uploads\/2023\/10\/d2cdbf23-f4ca-4a0e-af92-c26330ffbbdf.jpg 2048w\" sizes=\"auto, (max-width: 300px) 100vw, 300px\" \/><\/a>\n\t\t\t\t<\/dt><\/dl><dl class='gallery-item'>\n\t\t\t\t<dt class='gallery-icon landscape'>\n\t\t\t\t\t<a class=\"rollover rollover-zoom dt-pswp-item\" title=\"71bc1842-3382-4f31-a62d-9bd8d2a45d7b\" data-dt-img-description=\"\" data-large_image_width=\"2048\" data-large_image_height=\"1366\"href='https:\/\/www.radiopiu.net\/wordpress\/wp-content\/uploads\/2023\/10\/71bc1842-3382-4f31-a62d-9bd8d2a45d7b.jpg'><img loading=\"lazy\" decoding=\"async\" width=\"300\" height=\"200\" src=\"https:\/\/www.radiopiu.net\/wordpress\/wp-content\/uploads\/2023\/10\/71bc1842-3382-4f31-a62d-9bd8d2a45d7b-300x200.jpg\" class=\"attachment-medium size-medium\" alt=\"\" srcset=\"https:\/\/www.radiopiu.net\/wordpress\/wp-content\/uploads\/2023\/10\/71bc1842-3382-4f31-a62d-9bd8d2a45d7b-300x200.jpg 300w, https:\/\/www.radiopiu.net\/wordpress\/wp-content\/uploads\/2023\/10\/71bc1842-3382-4f31-a62d-9bd8d2a45d7b-1024x683.jpg 1024w, https:\/\/www.radiopiu.net\/wordpress\/wp-content\/uploads\/2023\/10\/71bc1842-3382-4f31-a62d-9bd8d2a45d7b-768x512.jpg 768w, https:\/\/www.radiopiu.net\/wordpress\/wp-content\/uploads\/2023\/10\/71bc1842-3382-4f31-a62d-9bd8d2a45d7b-1536x1025.jpg 1536w, https:\/\/www.radiopiu.net\/wordpress\/wp-content\/uploads\/2023\/10\/71bc1842-3382-4f31-a62d-9bd8d2a45d7b.jpg 2048w\" sizes=\"auto, (max-width: 300px) 100vw, 300px\" \/><\/a>\n\t\t\t\t<\/dt><\/dl><br style=\"clear: both\" \/>\n\t\t\t<\/div>\n\n<p>&nbsp;<\/p>\n<blockquote>\n<h3>RALLY CITTA&#8217; DI BASSANO CON LA PEUGEOT di D&#8217;AGOSTINI E COLETTI<\/h3>\n<\/blockquote>\n<p><img loading=\"lazy\" decoding=\"async\" class=\"aligncenter\" src=\"https:\/\/www.radiopiu.net\/wordpress\/wp-content\/uploads\/2023\/10\/WhatsApp-Image-2023-10-11-at-17.36.15.jpeg\" width=\"299\" height=\"199\" \/><\/p>\n<p><strong>di ROBERTO BONA<\/strong><\/p>\n<audio class=\"wp-audio-shortcode\" id=\"audio-356412-10\" preload=\"none\" style=\"width: 100%;\" controls=\"controls\"><source type=\"audio\/mpeg\" src=\"https:\/\/www.radiopiu.net\/wordpress\/wp-content\/uploads\/2023\/10\/RallyBassanoXMotors.mp3?_=10\" \/><a href=\"https:\/\/www.radiopiu.net\/wordpress\/wp-content\/uploads\/2023\/10\/RallyBassanoXMotors.mp3\">https:\/\/www.radiopiu.net\/wordpress\/wp-content\/uploads\/2023\/10\/RallyBassanoXMotors.mp3<\/a><\/audio>\n<p>&nbsp;<\/p>\n<p><span style=\"color: #0000ff;\"><strong>PALLAVOLO\u00a0<\/strong><\/span><\/p>\n<div>\n<blockquote>\n<h2><b>Un pareggio fa calare il sipario sul pre-campionato dei rinoceronti<\/b><\/h2>\n<\/blockquote>\n<p><span class=\"gmail-Apple-converted-space\"> <a class=\"dt-pswp-item\" href=\"https:\/\/www.radiopiu.net\/wordpress\/wp-content\/uploads\/2023\/10\/Gonzalo_Martinez_in_ricezione.jpg\" data-dt-img-description=\"\" data-large_image_width=\"1265\" data-large_image_height=\"787\"><img loading=\"lazy\" decoding=\"async\" class=\" wp-image-356540 alignleft\" src=\"https:\/\/www.radiopiu.net\/wordpress\/wp-content\/uploads\/2023\/10\/Gonzalo_Martinez_in_ricezione-300x187.jpg\" alt=\"\" width=\"250\" height=\"156\" srcset=\"https:\/\/www.radiopiu.net\/wordpress\/wp-content\/uploads\/2023\/10\/Gonzalo_Martinez_in_ricezione-300x187.jpg 300w, https:\/\/www.radiopiu.net\/wordpress\/wp-content\/uploads\/2023\/10\/Gonzalo_Martinez_in_ricezione-1024x637.jpg 1024w, https:\/\/www.radiopiu.net\/wordpress\/wp-content\/uploads\/2023\/10\/Gonzalo_Martinez_in_ricezione-768x478.jpg 768w, https:\/\/www.radiopiu.net\/wordpress\/wp-content\/uploads\/2023\/10\/Gonzalo_Martinez_in_ricezione.jpg 1265w\" sizes=\"auto, (max-width: 250px) 100vw, 250px\" \/><\/a><\/span><b>PALLAVOLO MOTTA-BELLUNO VOLLEY 2-2<span class=\"gmail-Apple-converted-space\"> \u00a0<\/span><\/b><b>PARZIALI: <\/b>25-20, 22-25, 24-26, 25-16.<span class=\"gmail-Apple-converted-space\"> \u00a0<\/span><b>BELLUNO VOLLEY:<\/b> Maccabruni 4, Bisi 4, Schiro 20, Bucko 5, Mozzato 3, Antonaci 7; Orto (L), Fraccaro (L), Stufano 4, G. Martinez 4, Guolla 3, De Col 1. Allenatore: G. Colussi.<\/p>\n<p>&nbsp;<\/p>\n<p>Si chiude con un pareggio il pre-campionato del Belluno Volley. Ed \u00e8 il secondo, su cinque test disputati, dopo quello maturato alla Spes Arena contro il San Don\u00e0: 2-2 al palasport \u201cGrassato\u201d, di fronte ai padroni di casa della Pallavolo Motta, con i quali i rinoceronti si ritroveranno pure il giorno di Santo Stefano, in una sfida che metter\u00e0 in palio i tre punti. E completer\u00e0 il girone d\u2019andata della Serie A3.<span class=\"gmail-Apple-converted-space\">\u00a0<\/span><\/p>\n<p><span class=\"gmail-Apple-converted-space\">\u00a0<\/span><\/p>\n<hr \/>\n<\/div>\n<p>&nbsp;<\/p>\n<p>&nbsp;<\/p>\n<\/div>\n","protected":false},"excerpt":{"rendered":"<p>40esimo di RADIOPIU\u2026. LA VOCE DELL\u2019EMOZIONE ISCRIVITI AL NOSTRO CANALE\u00a0\u00a0YOUTUBE PER SEGUIRE IN DIRETTA I PRINCIPALI PROGRAMMI DI RADIO PIU\u2019 E LE FUTURE DIRETTE IN ESTERNA. PER ISCRIVERTI\u00a0CLICCA QUI\u00a0E PREMI\u00a0 \u201cIscriviti\u201d\u00a0\u00a0\u00a0 OGGI ALLA RADIO ALLE 10.30 E 1900 Maurizio Fontanelle presidente @pro loco pieve castionese alle 7 la rassegna stampa per chi va di fretta,&hellip;<\/p>\n","protected":false},"author":4,"featured_media":356504,"comment_status":"closed","ping_status":"closed","sticky":false,"template":"","format":"standard","meta":{"_monsterinsights_skip_tracking":false,"_monsterinsights_sitenote_active":false,"_monsterinsights_sitenote_note":"","_monsterinsights_sitenote_category":0,"footnotes":""},"categories":[51,86,49],"tags":[],"class_list":["post-356412","post","type-post","status-publish","format-standard","has-post-thumbnail","hentry","category-evidenza-top","category-gr","category-news-18","category-51","category-86","category-49","description-off"],"img_url":"https:\/\/www.radiopiu.net\/wordpress\/wp-content\/uploads\/2023\/10\/7ef3d67a-3a50-4c03-a8af-1937baccf163.jpg","_links":{"self":[{"href":"https:\/\/www.radiopiu.net\/wordpress\/wp-json\/wp\/v2\/posts\/356412","targetHints":{"allow":["GET"]}}],"collection":[{"href":"https:\/\/www.radiopiu.net\/wordpress\/wp-json\/wp\/v2\/posts"}],"about":[{"href":"https:\/\/www.radiopiu.net\/wordpress\/wp-json\/wp\/v2\/types\/post"}],"author":[{"embeddable":true,"href":"https:\/\/www.radiopiu.net\/wordpress\/wp-json\/wp\/v2\/users\/4"}],"replies":[{"embeddable":true,"href":"https:\/\/www.radiopiu.net\/wordpress\/wp-json\/wp\/v2\/comments?post=356412"}],"version-history":[{"count":0,"href":"https:\/\/www.radiopiu.net\/wordpress\/wp-json\/wp\/v2\/posts\/356412\/revisions"}],"wp:featuredmedia":[{"embeddable":true,"href":"https:\/\/www.radiopiu.net\/wordpress\/wp-json\/wp\/v2\/media\/356504"}],"wp:attachment":[{"href":"https:\/\/www.radiopiu.net\/wordpress\/wp-json\/wp\/v2\/media?parent=356412"}],"wp:term":[{"taxonomy":"category","embeddable":true,"href":"https:\/\/www.radiopiu.net\/wordpress\/wp-json\/wp\/v2\/categories?post=356412"},{"taxonomy":"post_tag","embeddable":true,"href":"https:\/\/www.radiopiu.net\/wordpress\/wp-json\/wp\/v2\/tags?post=356412"}],"curies":[{"name":"wp","href":"https:\/\/api.w.org\/{rel}","templated":true}]}}