{"id":356491,"date":"2023-10-11T15:13:27","date_gmt":"2023-10-11T13:13:27","guid":{"rendered":"https:\/\/www.radiopiu.net\/wordpress\/?p=356491"},"modified":"2023-10-11T15:14:36","modified_gmt":"2023-10-11T13:14:36","slug":"cisl_-obiettivo-oltre-300-mila-firme","status":"publish","type":"post","link":"https:\/\/www.radiopiu.net\/wordpress\/cisl_-obiettivo-oltre-300-mila-firme\/","title":{"rendered":"CISL_ OBIETTIVO OLTRE 300 MILA FIRME"},"content":{"rendered":"<blockquote>\n<h2><a class=\"dt-pswp-item\" href=\"https:\/\/www.radiopiu.net\/wordpress\/wp-content\/uploads\/2023\/10\/4d764b8b-0b17-4d65-ad4e-9b3813b76af4.jpg\" data-dt-img-description=\"\" data-large_image_width=\"2048\" data-large_image_height=\"1536\"><img loading=\"lazy\" decoding=\"async\" class=\"size-medium wp-image-356495 alignleft\" src=\"https:\/\/www.radiopiu.net\/wordpress\/wp-content\/uploads\/2023\/10\/4d764b8b-0b17-4d65-ad4e-9b3813b76af4-300x225.jpg\" alt=\"\" width=\"300\" height=\"225\" srcset=\"https:\/\/www.radiopiu.net\/wordpress\/wp-content\/uploads\/2023\/10\/4d764b8b-0b17-4d65-ad4e-9b3813b76af4-300x225.jpg 300w, https:\/\/www.radiopiu.net\/wordpress\/wp-content\/uploads\/2023\/10\/4d764b8b-0b17-4d65-ad4e-9b3813b76af4-1024x768.jpg 1024w, https:\/\/www.radiopiu.net\/wordpress\/wp-content\/uploads\/2023\/10\/4d764b8b-0b17-4d65-ad4e-9b3813b76af4-768x576.jpg 768w, https:\/\/www.radiopiu.net\/wordpress\/wp-content\/uploads\/2023\/10\/4d764b8b-0b17-4d65-ad4e-9b3813b76af4-1536x1152.jpg 1536w, https:\/\/www.radiopiu.net\/wordpress\/wp-content\/uploads\/2023\/10\/4d764b8b-0b17-4d65-ad4e-9b3813b76af4.jpg 2048w\" sizes=\"auto, (max-width: 300px) 100vw, 300px\" \/><\/a>Partecipare al cambiamento: il 13 e 14 ottobre la Festa della Partecipazione<\/h2>\n<\/blockquote>\n<p><strong>TREVISO\u00a0<\/strong> Non si ferma il cammino della raccolta firme per la legge di iniziativa popolare che propone una partecipazione pi\u00f9 attiva di lavoratrici e lavoratori nelle scelte e negli utili delle aziende. La partecipazione \u00e8 un valore del metodo della Cisl e verr\u00e0 celebrata venerd\u00ec 13 e sabato 14 ottobre in tutta Italia con la Festa della Partecipazione. Sabato dalle 9 alle 12.30 a Treviso (Porta San Tomaso), Belluno (piazza dei Martiri) e Valdobbiadene (Viale Mazzini) saranno presenti i gazebo<\/p>\n<p><strong>DI DANIELE DALVIT<\/strong><\/p>\n<audio class=\"wp-audio-shortcode\" id=\"audio-356491-1\" preload=\"none\" style=\"width: 100%;\" controls=\"controls\"><source type=\"audio\/mpeg\" src=\"https:\/\/www.radiopiu.net\/wordpress\/wp-content\/uploads\/2023\/10\/Radio-Piu-Servizio-Firme-CISL-partecipazione.mp3?_=1\" \/><a href=\"https:\/\/www.radiopiu.net\/wordpress\/wp-content\/uploads\/2023\/10\/Radio-Piu-Servizio-Firme-CISL-partecipazione.mp3\">https:\/\/www.radiopiu.net\/wordpress\/wp-content\/uploads\/2023\/10\/Radio-Piu-Servizio-Firme-CISL-partecipazione.mp3<\/a><\/audio>\n<p>&nbsp;<\/p>\n<p>&nbsp;<\/p>\n<hr \/>\n<p>&nbsp;<\/p>\n","protected":false},"excerpt":{"rendered":"<p>Partecipare al cambiamento: il 13 e 14 ottobre la Festa della Partecipazione TREVISO\u00a0 Non si ferma il cammino della raccolta firme per la legge di iniziativa popolare che propone una partecipazione pi\u00f9 attiva di lavoratrici e lavoratori nelle scelte e negli utili delle aziende. La partecipazione \u00e8 un valore del metodo della Cisl e verr\u00e0&hellip;<\/p>\n","protected":false},"author":4,"featured_media":356493,"comment_status":"closed","ping_status":"closed","sticky":false,"template":"","format":"standard","meta":{"_monsterinsights_skip_tracking":false,"_monsterinsights_sitenote_active":false,"_monsterinsights_sitenote_note":"","_monsterinsights_sitenote_category":0,"footnotes":""},"categories":[49],"tags":[],"class_list":["post-356491","post","type-post","status-publish","format-standard","has-post-thumbnail","hentry","category-news-18","category-49","description-off"],"img_url":"https:\/\/www.radiopiu.net\/wordpress\/wp-content\/uploads\/2023\/10\/th-10.jpg","_links":{"self":[{"href":"https:\/\/www.radiopiu.net\/wordpress\/wp-json\/wp\/v2\/posts\/356491","targetHints":{"allow":["GET"]}}],"collection":[{"href":"https:\/\/www.radiopiu.net\/wordpress\/wp-json\/wp\/v2\/posts"}],"about":[{"href":"https:\/\/www.radiopiu.net\/wordpress\/wp-json\/wp\/v2\/types\/post"}],"author":[{"embeddable":true,"href":"https:\/\/www.radiopiu.net\/wordpress\/wp-json\/wp\/v2\/users\/4"}],"replies":[{"embeddable":true,"href":"https:\/\/www.radiopiu.net\/wordpress\/wp-json\/wp\/v2\/comments?post=356491"}],"version-history":[{"count":0,"href":"https:\/\/www.radiopiu.net\/wordpress\/wp-json\/wp\/v2\/posts\/356491\/revisions"}],"wp:featuredmedia":[{"embeddable":true,"href":"https:\/\/www.radiopiu.net\/wordpress\/wp-json\/wp\/v2\/media\/356493"}],"wp:attachment":[{"href":"https:\/\/www.radiopiu.net\/wordpress\/wp-json\/wp\/v2\/media?parent=356491"}],"wp:term":[{"taxonomy":"category","embeddable":true,"href":"https:\/\/www.radiopiu.net\/wordpress\/wp-json\/wp\/v2\/categories?post=356491"},{"taxonomy":"post_tag","embeddable":true,"href":"https:\/\/www.radiopiu.net\/wordpress\/wp-json\/wp\/v2\/tags?post=356491"}],"curies":[{"name":"wp","href":"https:\/\/api.w.org\/{rel}","templated":true}]}}