{"id":356538,"date":"2023-10-12T05:09:16","date_gmt":"2023-10-12T03:09:16","guid":{"rendered":"https:\/\/www.radiopiu.net\/wordpress\/?p=356538"},"modified":"2023-10-12T05:09:16","modified_gmt":"2023-10-12T03:09:16","slug":"cerimonia-di-conferimento-della-cittadinanza-onoraria-alla-croce-rossa-italiana","status":"publish","type":"post","link":"https:\/\/www.radiopiu.net\/wordpress\/cerimonia-di-conferimento-della-cittadinanza-onoraria-alla-croce-rossa-italiana\/","title":{"rendered":"CERIMONIA DI CONFERIMENTO DELLA CITTADINANZA ONORARIA ALLA CROCE ROSSA ITALIANA"},"content":{"rendered":"<blockquote><p><em>LONGARONE <strong>15 ottobre 2023<\/strong><strong>Piazza Mazzol\u00e0<\/strong><strong>Ore 10:00\u00a0<\/strong><\/em><\/p><\/blockquote>\n<div class=\"flex-1 overflow-hidden\">\n<div class=\"react-scroll-to-bottom--css-xhhdm-79elbk h-full dark:bg-gray-800\">\n<div class=\"react-scroll-to-bottom--css-xhhdm-1n7m0yu\">\n<div class=\"flex flex-col text-sm dark:bg-gray-800\">\n<div class=\"group final-completion w-full text-token-text-primary border-b border-black\/10 gizmo:border-0 dark:border-gray-900\/50 gizmo:dark:border-0 bg-gray-50 gizmo:bg-transparent dark:bg-[#444654] gizmo:dark:bg-transparent\" data-testid=\"conversation-turn-3\">\n<div class=\"p-4 justify-center text-base md:gap-6 md:py-6 m-auto\">\n<div class=\"flex flex-1 gap-4 text-base mx-auto md:gap-6 gizmo:gap-3 gizmo:md:px-5 gizmo:lg:px-1 gizmo:xl:px-5 md:max-w-2xl lg:max-w-[38rem] gizmo:md:max-w-3xl gizmo:lg:max-w-[40rem] gizmo:xl:max-w-[48rem] xl:max-w-3xl }\">\n<div class=\"relative flex w-[calc(100%-50px)] flex-col gizmo:w-full lg:w-[calc(100%-115px)] agent-turn\">\n<div class=\"flex-col gap-1 md:gap-3\">\n<div class=\"flex flex-grow flex-col gap-3 max-w-full\">\n<div class=\"min-h-[20px] flex flex-col items-start gap-3 whitespace-pre-wrap break-words overflow-x-auto\">\n<div class=\"markdown prose w-full break-words dark:prose-invert dark\">\n<p><img decoding=\"async\" class=\"alignleft\" src=\"https:\/\/www.radiopiu.net\/wordpress\/wp-content\/uploads\/2018\/05\/croce-rossa-1.png\" \/>Nella splendida cornice di Piazza Mazzol\u00e0,\u00a0 sabato si terr\u00e0 una significativa cerimonia di conferimento della cittadinanza onoraria alla Croce Rossa Italiana. L&#8217;evento \u00e8 un riconoscimento speciale per l&#8217;importante ruolo svolto da questa istituzione nel supporto e nell&#8217;assistenza alla comunit\u00e0, e si svolger\u00e0 secondo il seguente programma: 10 &#8211; Esecuzione degli inni da parte della Fanfara Nazionale Croce Rossa Italiana\u00a0 10:15 &#8211; Palazzo Municipale, Aula Consiglio Comunale 11 &#8211; Intervento del Presidente Nazionale Croce Rossa Italiana, Rosario Maria Gianluca Valastro. Un momento toccante della cerimonia sar\u00e0 l&#8217;atto ufficiale di conferimento della cittadinanza onoraria alla Croce Rossa Italiana. Il Sindaco di Longarone conferir\u00e0 una pergamena commemorativa e registrer\u00e0 l&#8217;istituzione nell&#8217;Albo Comunale dei Cittadini Onorari.Dopo la cerimonia ufficiale, si former\u00e0 un corteo che si diriger\u00e0 da Piazza Mazzol\u00e0 a Piazza Jacopo Tasso.In questa piazza, un momento di riflessione e commemorazione si concentrer\u00e0 su due gesti simbolici: deposizione di un omaggio floreale alle vittime della frana del Vajont e deposizione di una zolla di terra del Memoriale della Croce Rossa Italiana a Solferino.<\/p>\n<\/div>\n<\/div>\n<p>&#8212;-<\/p>\n<\/div>\n<div class=\"flex justify-between empty:hidden gizmo:justify-start gizmo:gap-3 lg:block\">\n<div class=\"text-gray-400 flex self-end lg:self-center justify-center gizmo:lg:justify-start mt-2 gizmo:mt-0 visible lg:gap-1 lg:absolute lg:top-0 lg:translate-x-full lg:right-0 lg:mt-0 lg:pl-2 gap-2 md:gap-3\"><button class=\"flex ml-auto gizmo:ml-0 gap-2 items-center rounded-md p-1 text-xs gizmo:gap-1.5 gizmo:pl-0 dark:text-gray-400 dark:hover:bg-gray-700 dark:hover:text-gray-200 disabled:dark:hover:text-gray-400 hover:bg-gray-100 hover:text-gray-700\"><\/button><\/p>\n<div class=\"flex gap-1 gizmo:gap-3\"><\/div>\n<\/div>\n<\/div>\n<\/div>\n<\/div>\n<\/div>\n<\/div>\n<\/div>\n<div class=\"h-32 md:h-48 flex-shrink-0\"><\/div>\n<p><button class=\"cursor-pointer absolute z-10 rounded-full border text-gray-600 dark:border-white\/10 dark:bg-white\/10 dark:text-gray-200 right-6 bottom-[124px] md:bottom-[180px] gizmo:md:bottom-[143px] lg:bottom-[120px] border-gray-200 bg-gray-50\"><\/button><\/div>\n<\/div>\n<\/div>\n<\/div>\n<div class=\"w-full pt-2 border-t md:border-t-0 dark:border-white\/20 md:border-transparent md:dark:border-transparent md:pl-2 md:w-[calc(100%-.5rem)] absolute bottom-0 left-0 md:bg-vert-light-gradient bg-white dark:bg-gray-800 md:!bg-transparent dark:md:bg-vert-dark-gradient\">\n<form class=\"stretch mx-2 flex flex-row gap-3 last:mb-2 md:mx-4 md:last:mb-6 lg:mx-auto lg:max-w-2xl xl:max-w-3xl\">\n<div class=\"relative flex h-full flex-1 items-stretch md:flex-col\">\n<div>\n<div class=\"h-full flex ml-1 md:w-full md:m-auto md:mb-4 gap-0 md:gap-2 justify-center\"><\/div>\n<\/div>\n<\/div>\n<\/form>\n<\/div>\n","protected":false},"excerpt":{"rendered":"<p>LONGARONE 15 ottobre 2023Piazza Mazzol\u00e0Ore 10:00\u00a0 Nella splendida cornice di Piazza Mazzol\u00e0,\u00a0 sabato si terr\u00e0 una significativa cerimonia di conferimento della cittadinanza onoraria alla Croce Rossa Italiana. L&#8217;evento \u00e8 un riconoscimento speciale per l&#8217;importante ruolo svolto da questa istituzione nel supporto e nell&#8217;assistenza alla comunit\u00e0, e si svolger\u00e0 secondo il seguente programma: 10 &#8211; Esecuzione&hellip;<\/p>\n","protected":false},"author":4,"featured_media":47472,"comment_status":"closed","ping_status":"closed","sticky":false,"template":"","format":"standard","meta":{"_monsterinsights_skip_tracking":false,"_monsterinsights_sitenote_active":false,"_monsterinsights_sitenote_note":"","_monsterinsights_sitenote_category":0,"footnotes":""},"categories":[51,49],"tags":[],"class_list":["post-356538","post","type-post","status-publish","format-standard","has-post-thumbnail","hentry","category-evidenza-top","category-news-18","category-51","category-49","description-off"],"img_url":"https:\/\/www.radiopiu.net\/wordpress\/wp-content\/uploads\/2018\/05\/croce-rossa-1.png","_links":{"self":[{"href":"https:\/\/www.radiopiu.net\/wordpress\/wp-json\/wp\/v2\/posts\/356538","targetHints":{"allow":["GET"]}}],"collection":[{"href":"https:\/\/www.radiopiu.net\/wordpress\/wp-json\/wp\/v2\/posts"}],"about":[{"href":"https:\/\/www.radiopiu.net\/wordpress\/wp-json\/wp\/v2\/types\/post"}],"author":[{"embeddable":true,"href":"https:\/\/www.radiopiu.net\/wordpress\/wp-json\/wp\/v2\/users\/4"}],"replies":[{"embeddable":true,"href":"https:\/\/www.radiopiu.net\/wordpress\/wp-json\/wp\/v2\/comments?post=356538"}],"version-history":[{"count":0,"href":"https:\/\/www.radiopiu.net\/wordpress\/wp-json\/wp\/v2\/posts\/356538\/revisions"}],"wp:featuredmedia":[{"embeddable":true,"href":"https:\/\/www.radiopiu.net\/wordpress\/wp-json\/wp\/v2\/media\/47472"}],"wp:attachment":[{"href":"https:\/\/www.radiopiu.net\/wordpress\/wp-json\/wp\/v2\/media?parent=356538"}],"wp:term":[{"taxonomy":"category","embeddable":true,"href":"https:\/\/www.radiopiu.net\/wordpress\/wp-json\/wp\/v2\/categories?post=356538"},{"taxonomy":"post_tag","embeddable":true,"href":"https:\/\/www.radiopiu.net\/wordpress\/wp-json\/wp\/v2\/tags?post=356538"}],"curies":[{"name":"wp","href":"https:\/\/api.w.org\/{rel}","templated":true}]}}