{"id":356550,"date":"2023-10-12T05:41:54","date_gmt":"2023-10-12T03:41:54","guid":{"rendered":"https:\/\/www.radiopiu.net\/wordpress\/?p=356550"},"modified":"2023-10-12T13:49:07","modified_gmt":"2023-10-12T11:49:07","slug":"incontro-medico-farmacistico-con-il-prof-stefano-pretolani-per-approfondire-le-tematiche-gastroenterologiche","status":"publish","type":"post","link":"https:\/\/www.radiopiu.net\/wordpress\/incontro-medico-farmacistico-con-il-prof-stefano-pretolani-per-approfondire-le-tematiche-gastroenterologiche\/","title":{"rendered":"Incontro Medico-Farmacistico con il Prof. Stefano Pretolani per Approfondire le Tematiche Gastroenterologiche"},"content":{"rendered":"<div class=\"page-title-head hgroup\">\n<blockquote><p><strong>SABATO ALLE 17<\/strong> al Poliambulatorio Agordino medici e farmacisti sono invitati ad un incontro col Professor Stefano Pretolani gastroenterologo presso l&#8217;ospedale Mggiore di Bologna. L&#8217;incontro verter\u00e0 su temi attuali e importanti quali: Sindrome metabolica-Steatosi epatica-Intestino irritabile-Disbiosi intestinale e patologie correlate. Sabato 14 ottobre alle 17 al Poliambulatorio Agordino Localit\u00e0 Valcozzena Agordo. <span style=\"color: #ff0000;\">PARTECIPAZIONE LIBERA, PRENOTAZIONE NON RICHIESTA.<\/span><\/p><\/blockquote>\n<\/div>\n<div class=\"page-title-breadcrumbs\">\n<p><strong><img loading=\"lazy\" decoding=\"async\" class=\"alignleft\" src=\"https:\/\/www.radiopiu.net\/wordpress\/wp-content\/uploads\/2020\/05\/poliambulatorio.png\" width=\"258\" height=\"180\" \/>AGORDO <\/strong>Il Poliambulatorio Agordino \u00e8 lieto di annunciare un incontro speciale rivolto a medici e farmacisti, con l&#8217;importante partecipazione del Professor Stefano Pretolani, eminente gastroenterologo presso l&#8217;Ospedale Maggiore di Bologna. L&#8217;evento, che si terr\u00e0 sabato 14 ottobre alle ore 17 presso il Poliambulatorio Agordino, Localit\u00e0 Valcozzena ad Agordo, promette di essere un&#8217;occasione unica per esplorare temi di grande rilevanza nell&#8217;ambito della salute intestinale e metabolica. Il Professore Pretolani \u00e8 un&#8217;autorit\u00e0 riconosciuta nel campo della gastroenterologia e porter\u00e0 la sua vasta esperienza per discutere una serie di argomenti di attualit\u00e0 che affliggono molte persone: <strong>1. Sindrome Metabolica:<\/strong> L&#8217;obesit\u00e0, l&#8217;ipertensione, l&#8217;insulino-resistenza e altre condizioni metaboliche rappresentano una sfida crescente per la salute pubblica. L&#8217;incontro fornir\u00e0 preziose informazioni sul riconoscimento e la gestione di questa sindrome. <strong>2. Steatosi Epatica:<\/strong> La steatosi epatica non alcolica \u00e8 una patologia in crescita legata all&#8217;accumulo di grasso nel fegato. Il Prof. Pretolani esplorer\u00e0 le cause, i rischi e le strategie di gestione di questa condizione. <strong>3. Intestino Irritabile:<\/strong> Il disturbo dell&#8217;intestino irritabile \u00e8 un problema comune che pu\u00f2 causare notevoli disagi. L&#8217;incontro si concentrer\u00e0 su come riconoscere i sintomi e sviluppare piani di trattamento efficaci. <strong>4. Disbiosi Intestinale e Patologie Correlate:<\/strong> La salute dell&#8217;intestino gioca un ruolo cruciale nel benessere generale del corpo. Il Prof. Pretolani esaminer\u00e0 l&#8217;importanza dell&#8217;equilibrio della flora intestinale e le patologie associate a disbiosi.<\/p>\n<div class=\"flex-1 overflow-hidden\">\n<div class=\"react-scroll-to-bottom--css-dguzv-79elbk h-full dark:bg-gray-800\">\n<div class=\"react-scroll-to-bottom--css-dguzv-1n7m0yu\">\n<div class=\"flex flex-col text-sm dark:bg-gray-800\">\n<div class=\"group final-completion w-full text-token-text-primary border-b border-black\/10 gizmo:border-0 dark:border-gray-900\/50 gizmo:dark:border-0 bg-gray-50 gizmo:bg-transparent dark:bg-[#444654] gizmo:dark:bg-transparent\" data-testid=\"conversation-turn-3\">\n<div class=\"p-4 justify-center text-base md:gap-6 md:py-6 m-auto\">\n<div class=\"flex flex-1 gap-4 text-base mx-auto md:gap-6 gizmo:gap-3 gizmo:md:px-5 gizmo:lg:px-1 gizmo:xl:px-5 md:max-w-2xl lg:max-w-[38rem] gizmo:md:max-w-3xl gizmo:lg:max-w-[40rem] gizmo:xl:max-w-[48rem] xl:max-w-3xl }\">\n<div class=\"relative flex w-[calc(100%-50px)] flex-col gizmo:w-full lg:w-[calc(100%-115px)] agent-turn\">\n<div class=\"flex-col gap-1 md:gap-3\">\n<div class=\"flex flex-grow flex-col gap-3 max-w-full\">\n<div class=\"min-h-[20px] flex flex-col items-start gap-3 whitespace-pre-wrap break-words overflow-x-auto\">\n<div class=\"markdown prose w-full break-words dark:prose-invert dark\">\n<p>Questo incontro rappresenta un&#8217;opportunit\u00e0 unica per i professionisti della salute di ottenere informazioni di alto livello su queste tematiche e porre domande dirette al Prof. Pretolani. La condivisione di conoscenze e l&#8217;aggiornamento sulle ultime scoperte in campo medico possono aiutare a migliorare la qualit\u00e0 delle cure offerte ai pazienti. L&#8217;incontro si terr\u00e0 presso il Poliambulatorio Agordino, un centro medico di eccellenza noto per la sua dedizione all&#8217;assistenza sanitaria di alta qualit\u00e0. L&#8217;incontro del 14 ottobre promette di essere un momento di scambio prezioso tra medici, farmacisti e un esperto rinomato nel campo della gastroenterologia. Non perdete questa occasione unica per approfondire le tematiche pi\u00f9 importanti che riguardano la salute intestinale e metabolica.<\/p>\n<\/div>\n<\/div>\n<\/div>\n<\/div>\n<\/div>\n<\/div>\n<\/div>\n<\/div>\n<\/div>\n<\/div>\n<\/div>\n<\/div>\n<\/div>\n<p>&nbsp;<\/p>\n<div class=\"flex-1 overflow-hidden\">\n<div class=\"react-scroll-to-bottom--css-dguzv-79elbk h-full dark:bg-gray-800\">\n<div class=\"react-scroll-to-bottom--css-dguzv-1n7m0yu\">\n<div class=\"flex flex-col text-sm dark:bg-gray-800\">\n<div class=\"group final-completion w-full text-token-text-primary border-b border-black\/10 gizmo:border-0 dark:border-gray-900\/50 gizmo:dark:border-0 bg-gray-50 gizmo:bg-transparent dark:bg-[#444654] gizmo:dark:bg-transparent\" data-testid=\"conversation-turn-3\">\n<div class=\"p-4 justify-center text-base md:gap-6 md:py-6 m-auto\">\n<div class=\"flex flex-1 gap-4 text-base mx-auto md:gap-6 gizmo:gap-3 gizmo:md:px-5 gizmo:lg:px-1 gizmo:xl:px-5 md:max-w-2xl lg:max-w-[38rem] gizmo:md:max-w-3xl gizmo:lg:max-w-[40rem] gizmo:xl:max-w-[48rem] xl:max-w-3xl }\">\n<div class=\"relative flex w-[calc(100%-50px)] flex-col gizmo:w-full lg:w-[calc(100%-115px)] agent-turn\">\n<div class=\"flex-col gap-1 md:gap-3\">\n<div class=\"flex justify-between empty:hidden gizmo:justify-start gizmo:gap-3 lg:block\">\n<div class=\"text-gray-400 flex self-end lg:self-center justify-center gizmo:lg:justify-start mt-2 gizmo:mt-0 visible lg:gap-1 lg:absolute lg:top-0 lg:translate-x-full lg:right-0 lg:mt-0 lg:pl-2 gap-2 md:gap-3\">\n<p>&nbsp;<\/p>\n<div class=\"flex gap-1 gizmo:gap-3\"><\/div>\n<\/div>\n<\/div>\n<\/div>\n<\/div>\n<\/div>\n<\/div>\n<\/div>\n<div class=\"h-32 md:h-48 flex-shrink-0\"><\/div>\n<p>&nbsp;<\/p>\n<\/div>\n<\/div>\n<\/div>\n<\/div>\n<div class=\"w-full pt-2 border-t md:border-t-0 dark:border-white\/20 md:border-transparent md:dark:border-transparent md:pl-2 md:w-[calc(100%-.5rem)] absolute bottom-0 left-0 md:bg-vert-light-gradient bg-white dark:bg-gray-800 md:!bg-transparent dark:md:bg-vert-dark-gradient\">\n<form class=\"stretch mx-2 flex flex-row gap-3 last:mb-2 md:mx-4 md:last:mb-6 lg:mx-auto lg:max-w-2xl xl:max-w-3xl\">\n<div class=\"relative flex h-full flex-1 items-stretch md:flex-col\">\n<div>\n<div class=\"h-full flex ml-1 md:w-full md:m-auto md:mb-4 gap-0 md:gap-2 justify-center\"><\/div>\n<\/div>\n<\/div>\n<\/form>\n<\/div>\n<p>&nbsp;<\/p>\n<p>___<\/p>\n<div dir=\"auto\"><\/div>\n","protected":false},"excerpt":{"rendered":"<p>SABATO ALLE 17 al Poliambulatorio Agordino medici e farmacisti sono invitati ad un incontro col Professor Stefano Pretolani gastroenterologo presso l&#8217;ospedale Mggiore di Bologna. L&#8217;incontro verter\u00e0 su temi attuali e importanti quali: Sindrome metabolica-Steatosi epatica-Intestino irritabile-Disbiosi intestinale e patologie correlate. Sabato 14 ottobre alle 17 al Poliambulatorio Agordino Localit\u00e0 Valcozzena Agordo. PARTECIPAZIONE LIBERA, PRENOTAZIONE NON&hellip;<\/p>\n","protected":false},"author":4,"featured_media":141183,"comment_status":"closed","ping_status":"closed","sticky":false,"template":"","format":"standard","meta":{"_monsterinsights_skip_tracking":false,"_monsterinsights_sitenote_active":false,"_monsterinsights_sitenote_note":"","_monsterinsights_sitenote_category":0,"footnotes":""},"categories":[104,49],"tags":[],"class_list":["post-356550","post","type-post","status-publish","format-standard","has-post-thumbnail","hentry","category-evidenza_3","category-news-18","category-104","category-49","description-off"],"img_url":"https:\/\/www.radiopiu.net\/wordpress\/wp-content\/uploads\/2020\/05\/poliambulatorio.png","_links":{"self":[{"href":"https:\/\/www.radiopiu.net\/wordpress\/wp-json\/wp\/v2\/posts\/356550","targetHints":{"allow":["GET"]}}],"collection":[{"href":"https:\/\/www.radiopiu.net\/wordpress\/wp-json\/wp\/v2\/posts"}],"about":[{"href":"https:\/\/www.radiopiu.net\/wordpress\/wp-json\/wp\/v2\/types\/post"}],"author":[{"embeddable":true,"href":"https:\/\/www.radiopiu.net\/wordpress\/wp-json\/wp\/v2\/users\/4"}],"replies":[{"embeddable":true,"href":"https:\/\/www.radiopiu.net\/wordpress\/wp-json\/wp\/v2\/comments?post=356550"}],"version-history":[{"count":0,"href":"https:\/\/www.radiopiu.net\/wordpress\/wp-json\/wp\/v2\/posts\/356550\/revisions"}],"wp:featuredmedia":[{"embeddable":true,"href":"https:\/\/www.radiopiu.net\/wordpress\/wp-json\/wp\/v2\/media\/141183"}],"wp:attachment":[{"href":"https:\/\/www.radiopiu.net\/wordpress\/wp-json\/wp\/v2\/media?parent=356550"}],"wp:term":[{"taxonomy":"category","embeddable":true,"href":"https:\/\/www.radiopiu.net\/wordpress\/wp-json\/wp\/v2\/categories?post=356550"},{"taxonomy":"post_tag","embeddable":true,"href":"https:\/\/www.radiopiu.net\/wordpress\/wp-json\/wp\/v2\/tags?post=356550"}],"curies":[{"name":"wp","href":"https:\/\/api.w.org\/{rel}","templated":true}]}}