{"id":356554,"date":"2023-10-12T06:01:10","date_gmt":"2023-10-12T04:01:10","guid":{"rendered":"https:\/\/www.radiopiu.net\/wordpress\/?p=356554"},"modified":"2023-10-12T06:25:03","modified_gmt":"2023-10-12T04:25:03","slug":"malore-mortale-per-una-giovane-di-33-anni","status":"publish","type":"post","link":"https:\/\/www.radiopiu.net\/wordpress\/malore-mortale-per-una-giovane-di-33-anni\/","title":{"rendered":"MALORE MORTALE PER UNA GIOVANE DI 33 ANNI\u00a0"},"content":{"rendered":"<blockquote>\n<h2><\/h2>\n<\/blockquote>\n<div><strong><a class=\"dt-pswp-item\" href=\"https:\/\/www.radiopiu.net\/wordpress\/wp-content\/uploads\/2018\/09\/PIEVE-DI-CADORE.jpg\" data-dt-img-description=\"\" data-large_image_width=\"289\" data-large_image_height=\"175\"><img loading=\"lazy\" decoding=\"async\" class=\"size-full wp-image-61015 alignleft\" src=\"https:\/\/www.radiopiu.net\/wordpress\/wp-content\/uploads\/2018\/09\/PIEVE-DI-CADORE.jpg\" alt=\"\" width=\"289\" height=\"175\" \/><\/a>PIEVE DI CADORE<\/strong>\u00a0 \u00a0Anna Da Vi\u00e0 si \u00e8 sentita male luned\u00ec sera: chiamata l&#8217;ambulanza \u00e8 stata poi elitrasportata al pronto soccorso di Belluno dove per\u00f2 per lei non c&#8217;\u00e8 stato nulla da fare. L&#8217;Ulss ha richiesto l&#8217;avvio di ulteriori indagini per capire le cause del decesso. Intanto la famiglia Da Vi\u00e0, distrutta dal dolore, attende la conclusione dell&#8217;autopsia per poter salutare per l&#8217;ultima volta la sua amata Anna. La donna si era presentata in Pronto Soccorso a Pieve di Cadore domenica\u00a0 e trattenuta in osservazione breve intensiva fino alla mattina di luned\u00ec quando, una volta risolta la sintomatologia che l&#8217;aveva portata all&#8217;ospedale, \u00e8 stata dimessa. Poi nel tardo pomeriggio il malore.\u00a0Sull&#8217;accaduto il Comitato per la salvaguardia della sanit\u00e0 di Pieve e Agordo ha richiamato l&#8217;attenzione sull&#8217;importanza di dotare gli ospedali periferici dei reparti utili per intervenire su patologie tempo dipendenti.<\/div>\n","protected":false},"excerpt":{"rendered":"<p>PIEVE DI CADORE\u00a0 \u00a0Anna Da Vi\u00e0 si \u00e8 sentita male luned\u00ec sera: chiamata l&#8217;ambulanza \u00e8 stata poi elitrasportata al pronto soccorso di Belluno dove per\u00f2 per lei non c&#8217;\u00e8 stato nulla da fare. L&#8217;Ulss ha richiesto l&#8217;avvio di ulteriori indagini per capire le cause del decesso. Intanto la famiglia Da Vi\u00e0, distrutta dal dolore, attende&hellip;<\/p>\n","protected":false},"author":4,"featured_media":61015,"comment_status":"closed","ping_status":"closed","sticky":false,"template":"","format":"standard","meta":{"_monsterinsights_skip_tracking":false,"_monsterinsights_sitenote_active":false,"_monsterinsights_sitenote_note":"","_monsterinsights_sitenote_category":0,"footnotes":""},"categories":[51,49],"tags":[],"class_list":["post-356554","post","type-post","status-publish","format-standard","has-post-thumbnail","hentry","category-evidenza-top","category-news-18","category-51","category-49","description-off"],"img_url":"https:\/\/www.radiopiu.net\/wordpress\/wp-content\/uploads\/2018\/09\/PIEVE-DI-CADORE.jpg","_links":{"self":[{"href":"https:\/\/www.radiopiu.net\/wordpress\/wp-json\/wp\/v2\/posts\/356554","targetHints":{"allow":["GET"]}}],"collection":[{"href":"https:\/\/www.radiopiu.net\/wordpress\/wp-json\/wp\/v2\/posts"}],"about":[{"href":"https:\/\/www.radiopiu.net\/wordpress\/wp-json\/wp\/v2\/types\/post"}],"author":[{"embeddable":true,"href":"https:\/\/www.radiopiu.net\/wordpress\/wp-json\/wp\/v2\/users\/4"}],"replies":[{"embeddable":true,"href":"https:\/\/www.radiopiu.net\/wordpress\/wp-json\/wp\/v2\/comments?post=356554"}],"version-history":[{"count":0,"href":"https:\/\/www.radiopiu.net\/wordpress\/wp-json\/wp\/v2\/posts\/356554\/revisions"}],"wp:featuredmedia":[{"embeddable":true,"href":"https:\/\/www.radiopiu.net\/wordpress\/wp-json\/wp\/v2\/media\/61015"}],"wp:attachment":[{"href":"https:\/\/www.radiopiu.net\/wordpress\/wp-json\/wp\/v2\/media?parent=356554"}],"wp:term":[{"taxonomy":"category","embeddable":true,"href":"https:\/\/www.radiopiu.net\/wordpress\/wp-json\/wp\/v2\/categories?post=356554"},{"taxonomy":"post_tag","embeddable":true,"href":"https:\/\/www.radiopiu.net\/wordpress\/wp-json\/wp\/v2\/tags?post=356554"}],"curies":[{"name":"wp","href":"https:\/\/api.w.org\/{rel}","templated":true}]}}