{"id":356569,"date":"2023-10-12T07:55:01","date_gmt":"2023-10-12T05:55:01","guid":{"rendered":"https:\/\/www.radiopiu.net\/wordpress\/?p=356569"},"modified":"2023-10-12T07:57:31","modified_gmt":"2023-10-12T05:57:31","slug":"dal-1983-la-rassegna-stampa-locale-e-alle-7-ogni-giorno-le-anticipazioni-per-chi-va-in-fretta","status":"publish","type":"post","link":"https:\/\/www.radiopiu.net\/wordpress\/dal-1983-la-rassegna-stampa-locale-e-alle-7-ogni-giorno-le-anticipazioni-per-chi-va-in-fretta\/","title":{"rendered":"DAL 1983 LA RASSEGNA STAMPA LOCALE, E ALLE 7 OGNI GIORNO LE ANTICIPAZIONI PER CHI VA IN FRETTA"},"content":{"rendered":"<p><iframe loading=\"lazy\" title=\"DAL 1983 LA RASSEGNA STAMPA LOCALE, E ALLE 7 OGNI GIORNO LE ANTICIPAZIONI PER CHI VA IN FRETTA\" width=\"1200\" height=\"675\" src=\"https:\/\/www.youtube.com\/embed\/HbFP-QmyTlg?feature=oembed\" frameborder=\"0\" allow=\"accelerometer; autoplay; clipboard-write; encrypted-media; gyroscope; picture-in-picture; web-share\" allowfullscreen><\/iframe><\/p>\n<p>C&#8217;ERA UNA VOLTA LE ECCELLENZE BELLUNESI&#8230; TRASPORTO PUBBLICO LOCALE, LA PENTOLA CONTINUA A BOLLIRE, I DIRIGENTI TAGLIANO DAI LORO COMODI UFFICI, I &#8220;SUDDITI&#8221; MINACCIANO DI SCENDERE IN PIAZZA E CHIEDONO LA RESTITUZIONE DEL DENARO PRETESO NEI GIORNI DEL SOLLEONE CON AUMENTI A FRONTE DI UN SERVIZIO CHE ANCHE OGGI TAGLIERA&#8217; 50 CORSE.<br \/>\nPONTE NELLE ALPI Sono entrate in collisione una moto e un&#8217;auto. Ad avere la peggio il centauro, 33 anni di Thiene (VI), che \u00e8 stato portato all&#8217;ospedale di Belluno<br \/>\nAGORDO Ambulanza del Papa Luciani di Agordo e Vigili del fuoco alla rotonda di Brugnach ieri alle 15 per un incidente tra un&#8217;auto e il camper. Due persone in ospedale con ferite leggere.<br \/>\nPIEVE DI CADORE Nunzio Da Vi\u00e0, architetto cadorino titolare del Tecnostudio di Cortina, ha perso la vita durante un periodo di ferie con la moglie Grazia alle isole Canarie, in Spagna. Aveva 64 anni.<br \/>\nPIEVE DI CADORE\u00a0 \u00a0Anna Da Vi\u00e0 si \u00e8 sentita male luned\u00ec sera: chiamata l&#8217;ambulanza \u00e8 stata poi elitrasportata al pronto soccorso di Belluno dove per\u00f2 per lei non c&#8217;\u00e8 stato nulla da fare. L&#8217;Ulss ha richiesto l&#8217;avvio di ulteriori indagini per capire le cause del decesso.<br \/>\nFELTRE Nel\u00a0 feltrino non \u00e8 una novit\u00e0, quando la stagione dei furti inizia, visti i precedenti, meglio alzare l&#8217;asticella dell&#8217;attenzione. Nelle ultime ore furti a Fener ed Alano di Piave. Prese di mira tre attivit\u00e0 commerciali<br \/>\nVENEZIA In un clima di grande preoccupazione e dolore, l\u2019arrivo all\u2019aeroporto di Verona di un folto gruppo di cittadini rimasti bloccati a Gerusalemme segna una importante tappa nell\u2019impegno per riuscire a rimpatriare rapidamente tutti i veneti che ancora si trovano in Israele<br \/>\nVAJONT: ZAIA SI CHIEDE SE SI E&#8217; FATTO ABBASTANZA NELLE SCUOLE VENEZIA Il Presidente della Regione del Veneto, Luca Zaia, ritorna sul tema della commemorazione del 60esimo della tragedia del Vajont.<br \/>\nps AD AGORDO, ISTITUTO FOLLADOR IL GEOLOGO DANILO GIORDANO (COME DOCUMENTATO DA RADIO PIU&#8217;) NON HA MANCATO DI RIUNIRE GLI STUDENTI DI QUINTA IN SALA AUDITORIUM PER UN&#8217;IMPORTANTE LEZIONE SUL VAJONT.<br \/>\nTURISMO A BELLUNO, ALL&#8217;UFFICIO TURISTICO AUMENTO DEL 43%<br \/>\nL&#8217;AQUILA &#8220;Chiara Richiesta dall&#8217;Assemblea Upi: Il Sistema del Paese non pu\u00f2 Fare a Meno delle Province&#8221;<br \/>\nPONTE NELLE ALPI\u00a0 L\u2019istituto comprensivo di Ponte nelle Alpi ha lanciato un\u2019iniziativa: i ragazzi di alcune classi della scuola \u201cSandro Pertini\u201d, coordinati dal professor Federico Palazzin e in collaborazione con l\u2019amministrazione comunale, trascorreranno tre giornate nelle vie e piazze di Losego, ascoltando i racconti dei residenti e realizzando disegni sulla vita e storia del paese<br \/>\nCISL Partecipare al cambiamento: il 13 e 14 ottobre la Festa della Partecipazione<br \/>\nPIEVE DI CADORE DOLOMIA 2023, IL RADUNO DEI GRUPPI ALPINISTICI SABATO A VALLE DI CADORE<br \/>\nCERIMONIA DI CONFERIMENTO DELLA CITTADINANZA ONORARIA ALLA CROCE ROSSA ITALIANA LONGARONE 15 ottobre 2023Piazza Mazzol\u00e0 Ore 10:00\u00a0 Nella splendida cornice di Piazza Mazzol\u00e0,\u00a0 sabato si terr\u00e0 una significativa cerimonia di conferimento della cittadinanza onoraria alla Croce Rossa Italiana.<br \/>\nAGORDO Il Poliambulatorio Agordino \u00e8 lieto di annunciare un incontro speciale rivolto a medici e farmacisti, con l&#8217;importante partecipazione del Professor Stefano Pretolani, eminente gastroenterologo presso l&#8217;Ospedale Maggiore di Bologna. L&#8217;evento, che si terr\u00e0 sabato 14 ottobre alle ore 17 presso il Poliambulatorio Agordino<br \/>\nREDAZIONE \u00a0LA MONGOLFIERA DI GIORGIA ONLUS \u00c8 PRONTA PER IL PROSSIMO VIAGGIOCon l&#8217;uscita del nuovo bando, sono disponibili ulteriori 10.000 euro per finanziare iniziative dedicate a giovani residenti in Veneto o seguiti da strutture pubbliche sanitarie della regione<br \/>\nAGORDO ASCA ha pubblicato un bando per la formazione di una graduatoria per l\u2019assunzione di FISIOTERAPISTA. Il bando \u00e8 pubblicato nel sito www.servizisocialiasca.it e la scadenza di presentazione delle domande \u00e8 entro le ore 12:00 del giorno 16 ottobre 2023.<br \/>\nFALCADE Domenica 22 ottobre alle 17 alla sala Dolomiti di Falcade 46a edizione della Rassegna dei cori Agordini. Un coro femminile, uno misto e tre maschili. Al Palafalcade si esibiranno il Coro Femminile Col di Lana, il Coro Alpino Monte Civetta, il Coro Agordo, Il Coro Fodom e il Coro Val Biois<br \/>\nDAL 6 AL 15 OTTOBRE RITORNA &#8220;OLTRE LE VETTE&#8221; A BELLUNO OGGI due eventi a Palazzo Bembo tra squilibri dell\u2019antropocene e esplorazioni speleologiche<br \/>\nDUE MINISTERI SU TRE PAGANO IN RITARDO Per la Cgia necessaria una legge che preveda la compensazione tra i crediti delle imprese e i debiti fiscali e contributivi dell&#8217;azienda verso l&#8217;erario.<br \/>\nIl fotografo di Longarone Mauro De Bettio al BIG EVENT di Milano<br \/>\nIl Vajont al Piccolo Teatro Strehler Coinvolta anche la Famiglia Bellunese di Milano per il 60\u00b0<\/p>\n<p>HOCKEY SU GHIACCIO E&#8217; ARRIVATO AD ALLEGHE JUHO MAKELA<br \/>\nALLEGHE IN VAL DI FIEMME IN CERCA DI RISCATTO<br \/>\nQUIDDITCH UN AGORDINO NELLA NAZIONALE ITALIANA DI QUIDDITCH, Matteo Ganz 18 anni vissuti tra Roma e Verona passando per Agordo e Falcade.<br \/>\nRALLY CITTA&#8217; DI BASSANO CON LA PEUGEOT di D&#8217;AGOSTINI E COLETTI<br \/>\nPALLAVOLO\u00a0 Un pareggio fa calare il sipario sul pre-campionato dei rinoceronti<\/p>\n<p>&nbsp;<\/p>\n<p>&nbsp;<\/p>\n<p>&nbsp;<\/p>\n<p>&nbsp;<\/p>\n<p>&nbsp;<\/p>\n<p>&nbsp;<\/p>\n<p>&nbsp;<\/p>\n<p>&nbsp;<\/p>\n<p>&nbsp;<\/p>\n<p>&nbsp;<\/p>\n<p>&nbsp;<\/p>\n<p>&nbsp;<\/p>\n<p>&nbsp;<\/p>\n<p>&nbsp;<\/p>\n<p>&nbsp;<\/p>\n<p>&nbsp;<\/p>\n","protected":false},"excerpt":{"rendered":"<p>C&#8217;ERA UNA VOLTA LE ECCELLENZE BELLUNESI&#8230; TRASPORTO PUBBLICO LOCALE, LA PENTOLA CONTINUA A BOLLIRE, I DIRIGENTI TAGLIANO DAI LORO COMODI UFFICI, I &#8220;SUDDITI&#8221; MINACCIANO DI SCENDERE IN PIAZZA E CHIEDONO LA RESTITUZIONE DEL DENARO PRETESO NEI GIORNI DEL SOLLEONE CON AUMENTI A FRONTE DI UN SERVIZIO CHE ANCHE OGGI TAGLIERA&#8217; 50 CORSE. PONTE NELLE ALPI&hellip;<\/p>\n","protected":false},"author":4,"featured_media":356570,"comment_status":"closed","ping_status":"closed","sticky":false,"template":"","format":"standard","meta":{"_monsterinsights_skip_tracking":false,"_monsterinsights_sitenote_active":false,"_monsterinsights_sitenote_note":"","_monsterinsights_sitenote_category":0,"footnotes":""},"categories":[49],"tags":[],"class_list":["post-356569","post","type-post","status-publish","format-standard","has-post-thumbnail","hentry","category-news-18","category-49","description-off"],"img_url":"https:\/\/www.radiopiu.net\/wordpress\/wp-content\/uploads\/2023\/10\/copertina-4.png","_links":{"self":[{"href":"https:\/\/www.radiopiu.net\/wordpress\/wp-json\/wp\/v2\/posts\/356569","targetHints":{"allow":["GET"]}}],"collection":[{"href":"https:\/\/www.radiopiu.net\/wordpress\/wp-json\/wp\/v2\/posts"}],"about":[{"href":"https:\/\/www.radiopiu.net\/wordpress\/wp-json\/wp\/v2\/types\/post"}],"author":[{"embeddable":true,"href":"https:\/\/www.radiopiu.net\/wordpress\/wp-json\/wp\/v2\/users\/4"}],"replies":[{"embeddable":true,"href":"https:\/\/www.radiopiu.net\/wordpress\/wp-json\/wp\/v2\/comments?post=356569"}],"version-history":[{"count":0,"href":"https:\/\/www.radiopiu.net\/wordpress\/wp-json\/wp\/v2\/posts\/356569\/revisions"}],"wp:featuredmedia":[{"embeddable":true,"href":"https:\/\/www.radiopiu.net\/wordpress\/wp-json\/wp\/v2\/media\/356570"}],"wp:attachment":[{"href":"https:\/\/www.radiopiu.net\/wordpress\/wp-json\/wp\/v2\/media?parent=356569"}],"wp:term":[{"taxonomy":"category","embeddable":true,"href":"https:\/\/www.radiopiu.net\/wordpress\/wp-json\/wp\/v2\/categories?post=356569"},{"taxonomy":"post_tag","embeddable":true,"href":"https:\/\/www.radiopiu.net\/wordpress\/wp-json\/wp\/v2\/tags?post=356569"}],"curies":[{"name":"wp","href":"https:\/\/api.w.org\/{rel}","templated":true}]}}