{"id":356589,"date":"2023-10-13T05:29:01","date_gmt":"2023-10-13T03:29:01","guid":{"rendered":"https:\/\/www.radiopiu.net\/wordpress\/?p=356589"},"modified":"2023-10-13T05:33:09","modified_gmt":"2023-10-13T03:33:09","slug":"dillo-a-radio-piu-gsp-dove-sei-da-14-giorni-acqua-inquinata-nel-capoluogo-di-vallata","status":"publish","type":"post","link":"https:\/\/www.radiopiu.net\/wordpress\/dillo-a-radio-piu-gsp-dove-sei-da-14-giorni-acqua-inquinata-nel-capoluogo-di-vallata\/","title":{"rendered":"DILLO A RADIO PIU&#8217;&#8230; GSP DOVE SEI? DA 14 GIORNI ACQUA INQUINATA NEL CAPOLUOGO DI VALLATA"},"content":{"rendered":"<blockquote><p><strong>ULTIM&#8217;ORA 16.00 DEL 12 OTTOBRE 2023 :\u00a0 Ad AGORDO nelle localit\u00e0 PIASENT, COLVIGNAS, CAMPON e LE FOCHE acqua non potabile ed utilizzabile per scopi alimentari SOLO PREVIA bollitura.<\/strong><\/p>\n<p><em>Agordo capoluogo di vallata, sede della multinazionale EssilorLuxottica, e dell&#8217;ospedale Papa Luciani senz&#8217;acqua potabile,\u00a0 tra le perplessit\u00e0 di chi vive e lavora nel capoluogo e guarda con invidia a quanto succede in altre parti della provincia dove, lo abbiamo sottolineato spesso, soprattutto nei grandi centri, il problema &#8220;inquinamento-bollitura&#8221; viene risolto in pochi giorni, non in due settimane&#8230; e non \u00e8 ancora finita<\/em><\/p><\/blockquote>\n<p>&nbsp;<\/p>\n<p><strong>REDAZIONE<\/strong> poche parole dal nostro ascoltatore, tante altre non servono con la speranza il messaggio arrivi a GSP che forse invier\u00e0 due righe di scuse. Come \u00e8 possibile? 14 giorni senza acqua potabile per la zona di Agordo fornita dall&#8217;acquedotto della Val Corpassa. E non sono quattro case&#8230;. Non \u00e8 un po&#8217; troppo? &#8221;<\/p>\n<p>&nbsp;<\/p>\n<p><img loading=\"lazy\" decoding=\"async\" class=\"alignleft\" src=\"https:\/\/www.radiopiu.net\/wordpress\/wp-content\/uploads\/2022\/05\/download-2.jpg\" width=\"74\" height=\"74\" \/>Gestione Servizi Pubblici informa che ad <strong>AGORDO<\/strong> nelle localit\u00e0 VERAN, CROSTOLIN, PRA GRANDE, COL DI FOGLIA, CASE NAGOL, POLANE E VIA FAION\u00a0 e a <strong>FALCADE<\/strong> nelle localit\u00e0 FALCADE ALTO, VILLOTTA, LA FOCA E VIA MAS DE LE MOLE l&#8217;acqua erogata dall&#8217;acquedotto non \u00e8 potabile e pu\u00f2 essere usata per scopi alimentari SOLO PREVIA bollitura.<\/p>\n<p>&nbsp;<\/p>\n<p>&nbsp;<\/p>\n<hr \/>\n<p>&nbsp;<\/p>\n","protected":false},"excerpt":{"rendered":"<p>ULTIM&#8217;ORA 16.00 DEL 12 OTTOBRE 2023 :\u00a0 Ad AGORDO nelle localit\u00e0 PIASENT, COLVIGNAS, CAMPON e LE FOCHE acqua non potabile ed utilizzabile per scopi alimentari SOLO PREVIA bollitura. Agordo capoluogo di vallata, sede della multinazionale EssilorLuxottica, e dell&#8217;ospedale Papa Luciani senz&#8217;acqua potabile,\u00a0 tra le perplessit\u00e0 di chi vive e lavora nel capoluogo e guarda con&hellip;<\/p>\n","protected":false},"author":4,"featured_media":347077,"comment_status":"closed","ping_status":"closed","sticky":false,"template":"","format":"standard","meta":{"_monsterinsights_skip_tracking":false,"_monsterinsights_sitenote_active":false,"_monsterinsights_sitenote_note":"","_monsterinsights_sitenote_category":0,"footnotes":""},"categories":[51,49],"tags":[],"class_list":["post-356589","post","type-post","status-publish","format-standard","has-post-thumbnail","hentry","category-evidenza-top","category-news-18","category-51","category-49","description-off"],"img_url":"https:\/\/www.radiopiu.net\/wordpress\/wp-content\/uploads\/2023\/08\/4_autobotte-Gsp.jpg","_links":{"self":[{"href":"https:\/\/www.radiopiu.net\/wordpress\/wp-json\/wp\/v2\/posts\/356589","targetHints":{"allow":["GET"]}}],"collection":[{"href":"https:\/\/www.radiopiu.net\/wordpress\/wp-json\/wp\/v2\/posts"}],"about":[{"href":"https:\/\/www.radiopiu.net\/wordpress\/wp-json\/wp\/v2\/types\/post"}],"author":[{"embeddable":true,"href":"https:\/\/www.radiopiu.net\/wordpress\/wp-json\/wp\/v2\/users\/4"}],"replies":[{"embeddable":true,"href":"https:\/\/www.radiopiu.net\/wordpress\/wp-json\/wp\/v2\/comments?post=356589"}],"version-history":[{"count":0,"href":"https:\/\/www.radiopiu.net\/wordpress\/wp-json\/wp\/v2\/posts\/356589\/revisions"}],"wp:featuredmedia":[{"embeddable":true,"href":"https:\/\/www.radiopiu.net\/wordpress\/wp-json\/wp\/v2\/media\/347077"}],"wp:attachment":[{"href":"https:\/\/www.radiopiu.net\/wordpress\/wp-json\/wp\/v2\/media?parent=356589"}],"wp:term":[{"taxonomy":"category","embeddable":true,"href":"https:\/\/www.radiopiu.net\/wordpress\/wp-json\/wp\/v2\/categories?post=356589"},{"taxonomy":"post_tag","embeddable":true,"href":"https:\/\/www.radiopiu.net\/wordpress\/wp-json\/wp\/v2\/tags?post=356589"}],"curies":[{"name":"wp","href":"https:\/\/api.w.org\/{rel}","templated":true}]}}