{"id":356669,"date":"2023-10-13T05:30:14","date_gmt":"2023-10-13T03:30:14","guid":{"rendered":"https:\/\/www.radiopiu.net\/wordpress\/?p=356669"},"modified":"2023-10-13T07:14:38","modified_gmt":"2023-10-13T05:14:38","slug":"dolomitibus-siamo-agli-insulti-da-mezza-provincia","status":"publish","type":"post","link":"https:\/\/www.radiopiu.net\/wordpress\/dolomitibus-siamo-agli-insulti-da-mezza-provincia\/","title":{"rendered":"DOLOMITIBUS: SIAMO AGLI INSULTI DA MEZZA PROVINCIA\u00a0"},"content":{"rendered":"<p>&nbsp;<\/p>\n<blockquote>\n<h3><a class=\"dt-pswp-item\" href=\"https:\/\/www.radiopiu.net\/wordpress\/wp-content\/uploads\/2021\/10\/9d1e264f-0772-472e-94d9-473a8e2a9cd1.jpg\" data-dt-img-description=\"\" data-large_image_width=\"1599\" data-large_image_height=\"899\"><img loading=\"lazy\" decoding=\"async\" class=\" wp-image-237484 alignleft\" src=\"https:\/\/www.radiopiu.net\/wordpress\/wp-content\/uploads\/2021\/10\/9d1e264f-0772-472e-94d9-473a8e2a9cd1-300x169.jpg\" alt=\"\" width=\"272\" height=\"153\" srcset=\"https:\/\/www.radiopiu.net\/wordpress\/wp-content\/uploads\/2021\/10\/9d1e264f-0772-472e-94d9-473a8e2a9cd1-300x169.jpg 300w, https:\/\/www.radiopiu.net\/wordpress\/wp-content\/uploads\/2021\/10\/9d1e264f-0772-472e-94d9-473a8e2a9cd1-1024x576.jpg 1024w, https:\/\/www.radiopiu.net\/wordpress\/wp-content\/uploads\/2021\/10\/9d1e264f-0772-472e-94d9-473a8e2a9cd1-768x432.jpg 768w, https:\/\/www.radiopiu.net\/wordpress\/wp-content\/uploads\/2021\/10\/9d1e264f-0772-472e-94d9-473a8e2a9cd1-1536x864.jpg 1536w, https:\/\/www.radiopiu.net\/wordpress\/wp-content\/uploads\/2021\/10\/9d1e264f-0772-472e-94d9-473a8e2a9cd1.jpg 1599w\" sizes=\"auto, (max-width: 272px) 100vw, 272px\" \/><\/a><\/h3>\n<p><em>Vi assicuro che quel pap\u00e0 aveva gli occhi rossi di rabbia, spero non decida mai di andare in quell&#8217;ufficio da quel dirigente,<\/em><\/p><\/blockquote>\n<p><strong>BELLUNO<\/strong> Per il momento i &#8220;sudditi&#8221; insultano sotto voce, in piazza, al bar, nella redazione di Radio Pi\u00f9 (tutti i giorni pi\u00f9 volte al giorno) ma cresce di giorno in giorno la rabbia e la protesta monta.<\/p>\n<p><em>&#8220;Avrei voglia di entrare in quell&#8217;ufficio &#8211; dice a Radio Piu&#8217; un padre di un minorenne gi\u00e0 pi\u00f9 volte lasciato a piedi &#8211; vorrei guardarlo negli occhi quel dirigente e chiedergli perch\u00e9 non cambia lavoro. Che almeno abbia il coraggio di chiedere scusa per i disagi che ci sta creando, per le ulteriori spese che stanno gravando sulla mia famiglia. Ma possibile che la politica pensi solo ai fondi di confine, alla pista da Bob di Cortina, alle gite d&#8217;istruzione all&#8217;Aquila o in altre parti del Paese da Roma a Canicatti? Abbiamo eletto i nostri sindaci perch\u00e9 ci risolvano i problemi non perch\u00e9 facciano spallucce attendendo il prossimo pranzo di lavoro o organizzino eventi e mostre tra l&#8217;altro irraggiungibili grazie al pessimo servizio pubblico bellunese&#8221;.\u00a0<\/em><\/p>\n<p>Mezza provincia lasciata a piedi da chi il trasporto pubblico locale lo dovrebbe garantire. Mezza provincia vessata dagli aumenti, famiglie in difficolt\u00e0 e il silenzio \u00e8 imbarazzante. Sono 64 le corse che oggi verranno tagliate da Dolomitibus, perch\u00e9 mancano gli autisti necessari a condurre i mezzi, sia sulle tratte urbane del capoluogo che sulle extraurbane. Le zone pi\u00f9 colpite dai tagli\u00a0 tanto per cambiare sono quelle del Comelico, del Longaronese, di Zoldo, del Feltrino e dell&#8217;Agordino. E anche oggi silenzio totale dalle Istituzioni. Silenzio dagli uffici di Dolomitibus e anche oggi non arriver\u00e0 nessuna scusa. Chiss\u00e0 se a fine anno sono previsti i &#8220;premi&#8221; per chi \u00e8 stato nominato a dirigere quella che era un&#8217;eccellenza bellunese e oggi \u00e8 invece sulla bocca di tutti come esempio da non imitare. Imbarazzante.<\/p>\n<p>mm<\/p>\n","protected":false},"excerpt":{"rendered":"<p>&nbsp; Vi assicuro che quel pap\u00e0 aveva gli occhi rossi di rabbia, spero non decida mai di andare in quell&#8217;ufficio da quel dirigente, BELLUNO Per il momento i &#8220;sudditi&#8221; insultano sotto voce, in piazza, al bar, nella redazione di Radio Pi\u00f9 (tutti i giorni pi\u00f9 volte al giorno) ma cresce di giorno in giorno la&hellip;<\/p>\n","protected":false},"author":4,"featured_media":145519,"comment_status":"closed","ping_status":"closed","sticky":false,"template":"","format":"standard","meta":{"_monsterinsights_skip_tracking":false,"_monsterinsights_sitenote_active":false,"_monsterinsights_sitenote_note":"","_monsterinsights_sitenote_category":0,"footnotes":""},"categories":[51,49],"tags":[],"class_list":["post-356669","post","type-post","status-publish","format-standard","has-post-thumbnail","hentry","category-evidenza-top","category-news-18","category-51","category-49","description-off"],"img_url":"https:\/\/www.radiopiu.net\/wordpress\/wp-content\/uploads\/2020\/06\/f662441c-c6a1-40df-8978-3ff5202173f9.jpg","_links":{"self":[{"href":"https:\/\/www.radiopiu.net\/wordpress\/wp-json\/wp\/v2\/posts\/356669","targetHints":{"allow":["GET"]}}],"collection":[{"href":"https:\/\/www.radiopiu.net\/wordpress\/wp-json\/wp\/v2\/posts"}],"about":[{"href":"https:\/\/www.radiopiu.net\/wordpress\/wp-json\/wp\/v2\/types\/post"}],"author":[{"embeddable":true,"href":"https:\/\/www.radiopiu.net\/wordpress\/wp-json\/wp\/v2\/users\/4"}],"replies":[{"embeddable":true,"href":"https:\/\/www.radiopiu.net\/wordpress\/wp-json\/wp\/v2\/comments?post=356669"}],"version-history":[{"count":0,"href":"https:\/\/www.radiopiu.net\/wordpress\/wp-json\/wp\/v2\/posts\/356669\/revisions"}],"wp:featuredmedia":[{"embeddable":true,"href":"https:\/\/www.radiopiu.net\/wordpress\/wp-json\/wp\/v2\/media\/145519"}],"wp:attachment":[{"href":"https:\/\/www.radiopiu.net\/wordpress\/wp-json\/wp\/v2\/media?parent=356669"}],"wp:term":[{"taxonomy":"category","embeddable":true,"href":"https:\/\/www.radiopiu.net\/wordpress\/wp-json\/wp\/v2\/categories?post=356669"},{"taxonomy":"post_tag","embeddable":true,"href":"https:\/\/www.radiopiu.net\/wordpress\/wp-json\/wp\/v2\/tags?post=356669"}],"curies":[{"name":"wp","href":"https:\/\/api.w.org\/{rel}","templated":true}]}}