{"id":356679,"date":"2023-10-13T05:28:34","date_gmt":"2023-10-13T03:28:34","guid":{"rendered":"https:\/\/www.radiopiu.net\/wordpress\/?p=356679"},"modified":"2023-10-13T05:34:10","modified_gmt":"2023-10-13T03:34:10","slug":"diga-del-vanoi-pd-zaia-ambiguo","status":"publish","type":"post","link":"https:\/\/www.radiopiu.net\/wordpress\/diga-del-vanoi-pd-zaia-ambiguo\/","title":{"rendered":"DIGA DEL VANOI, PD &#8220;&#8221;Zaia ambiguo."},"content":{"rendered":"<blockquote>\n<h3>Dopo le parole di conmemorazione per il sessantesimo del Vajon oggi dica con chiarezza cosa vuole fare sul Vanoi&#8221;.<\/h3>\n<\/blockquote>\n<div dir=\"auto\"><a class=\"dt-pswp-item\" href=\"https:\/\/www.radiopiu.net\/wordpress\/wp-content\/uploads\/2023\/10\/th-14.jpg\" data-dt-img-description=\"\" data-large_image_width=\"320\" data-large_image_height=\"180\"><img loading=\"lazy\" decoding=\"async\" class=\" wp-image-356642 alignleft\" src=\"https:\/\/www.radiopiu.net\/wordpress\/wp-content\/uploads\/2023\/10\/th-14-300x169.jpg\" alt=\"\" width=\"178\" height=\"100\" srcset=\"https:\/\/www.radiopiu.net\/wordpress\/wp-content\/uploads\/2023\/10\/th-14-300x169.jpg 300w, https:\/\/www.radiopiu.net\/wordpress\/wp-content\/uploads\/2023\/10\/th-14.jpg 320w\" sizes=\"auto, (max-width: 178px) 100vw, 178px\" \/><\/a><strong>VENEZIA\u00a0<\/strong> <em>&#8220;Preoccupa l&#8217;atteggiamento del presidente Zaia che in merito alla Diga del Vanoi si limita a precisare che il progetto non \u00e8 di sua invenzione. Un modo, peraltro tutto da discutere, per allontanare da s\u00e9 ogni responsabilit\u00e0. Ma nella realt\u00e0 da Zaia bisogna esigere la massima assunzione di responsabilit\u00e0. Perch\u00e9 \u00e8 inutile parlare della tragica memoria storica che la strage del Vajont ci ha consegnato per poi assumere una posizione ambigua. L&#8217;imperativo nella vicenda Vanoi \u00e8 quello di allontanare ogni errore&#8221;. <\/em>A dirlo, a nome del gruppo dei consiglieri regionali del PD Veneto, la capogruppo Vanessa Camani.<\/div>\n<div dir=\"auto\"><\/div>\n<div dir=\"auto\">\n<hr \/>\n<\/div>\n<p>&nbsp;<\/p>\n","protected":false},"excerpt":{"rendered":"<p>Dopo le parole di conmemorazione per il sessantesimo del Vajon oggi dica con chiarezza cosa vuole fare sul Vanoi&#8221;. VENEZIA\u00a0 &#8220;Preoccupa l&#8217;atteggiamento del presidente Zaia che in merito alla Diga del Vanoi si limita a precisare che il progetto non \u00e8 di sua invenzione. Un modo, peraltro tutto da discutere, per allontanare da s\u00e9 ogni&hellip;<\/p>\n","protected":false},"author":4,"featured_media":356662,"comment_status":"closed","ping_status":"closed","sticky":false,"template":"","format":"standard","meta":{"_monsterinsights_skip_tracking":false,"_monsterinsights_sitenote_active":false,"_monsterinsights_sitenote_note":"","_monsterinsights_sitenote_category":0,"footnotes":""},"categories":[51,49],"tags":[],"class_list":["post-356679","post","type-post","status-publish","format-standard","has-post-thumbnail","hentry","category-evidenza-top","category-news-18","category-51","category-49","description-off"],"img_url":"https:\/\/www.radiopiu.net\/wordpress\/wp-content\/uploads\/2023\/10\/th-15.jpg","_links":{"self":[{"href":"https:\/\/www.radiopiu.net\/wordpress\/wp-json\/wp\/v2\/posts\/356679","targetHints":{"allow":["GET"]}}],"collection":[{"href":"https:\/\/www.radiopiu.net\/wordpress\/wp-json\/wp\/v2\/posts"}],"about":[{"href":"https:\/\/www.radiopiu.net\/wordpress\/wp-json\/wp\/v2\/types\/post"}],"author":[{"embeddable":true,"href":"https:\/\/www.radiopiu.net\/wordpress\/wp-json\/wp\/v2\/users\/4"}],"replies":[{"embeddable":true,"href":"https:\/\/www.radiopiu.net\/wordpress\/wp-json\/wp\/v2\/comments?post=356679"}],"version-history":[{"count":0,"href":"https:\/\/www.radiopiu.net\/wordpress\/wp-json\/wp\/v2\/posts\/356679\/revisions"}],"wp:featuredmedia":[{"embeddable":true,"href":"https:\/\/www.radiopiu.net\/wordpress\/wp-json\/wp\/v2\/media\/356662"}],"wp:attachment":[{"href":"https:\/\/www.radiopiu.net\/wordpress\/wp-json\/wp\/v2\/media?parent=356679"}],"wp:term":[{"taxonomy":"category","embeddable":true,"href":"https:\/\/www.radiopiu.net\/wordpress\/wp-json\/wp\/v2\/categories?post=356679"},{"taxonomy":"post_tag","embeddable":true,"href":"https:\/\/www.radiopiu.net\/wordpress\/wp-json\/wp\/v2\/tags?post=356679"}],"curies":[{"name":"wp","href":"https:\/\/api.w.org\/{rel}","templated":true}]}}