{"id":356724,"date":"2023-10-13T23:59:17","date_gmt":"2023-10-13T21:59:17","guid":{"rendered":"https:\/\/www.radiopiu.net\/wordpress\/?p=356724"},"modified":"2023-10-13T10:56:18","modified_gmt":"2023-10-13T08:56:18","slug":"agordina-e-piave-in-campo-per-la-terza-categoria-giocano-anche-le-giovanili-dellagordina","status":"publish","type":"post","link":"https:\/\/www.radiopiu.net\/wordpress\/agordina-e-piave-in-campo-per-la-terza-categoria-giocano-anche-le-giovanili-dellagordina\/","title":{"rendered":"AGORDINA E PIAVE IN CAMPO PER LA TERZA CATEGORIA. GIOCANO ANCHE LE GIOVANILI DELL&#8217;AGORDINA"},"content":{"rendered":"<p><strong><a class=\"dt-pswp-item\" href=\"https:\/\/www.radiopiu.net\/wordpress\/wp-content\/uploads\/2023\/02\/CALCIO-PALLONE.png\" data-dt-img-description=\"\" data-large_image_width=\"769\" data-large_image_height=\"495\"><img loading=\"lazy\" decoding=\"async\" class=\" wp-image-322076 alignleft\" src=\"https:\/\/www.radiopiu.net\/wordpress\/wp-content\/uploads\/2023\/02\/CALCIO-PALLONE-300x193.png\" alt=\"\" width=\"160\" height=\"103\" srcset=\"https:\/\/www.radiopiu.net\/wordpress\/wp-content\/uploads\/2023\/02\/CALCIO-PALLONE-300x193.png 300w, https:\/\/www.radiopiu.net\/wordpress\/wp-content\/uploads\/2023\/02\/CALCIO-PALLONE.png 769w\" sizes=\"auto, (max-width: 160px) 100vw, 160px\" \/><\/a>di Marco Gaz<\/strong><\/p>\n<p><strong>REDAZIONE<\/strong> Continuano i fine settimana calcistici delle squadre dell\u2019Agordina Calcio nei vari campionati provinciali LND. Dal settore giovanile alla prima squadra tutte le compagini di Agordo saranno impegnate tra oggi e domani sui campi della provincia. Ad aprire il fine settimana calcistico degli agordini sono i Giovanissimi Provinciali con le due squadre di Agordo. L\u2019Agordina squadra A giocher\u00e0 in casa alle 15:30 sul campo di Canale d\u2019Agordo dove ospiter\u00e0 i bellunesi della LG Vallbelluna. Trasferta invece per la squadra B che alla stessa ora sar\u00e0 impegnata con il Limana. Alle 16:30 sar\u00e0 il turno della Juniores. La compagine di De Zaiacomo esce da una serie di vittorie consecutive e cercher\u00e0 la conferma all\u2019Ivano Dorigo di Agordo contro i trevigiani del Santa Lucia. Domani mattina alle 10 in campo gli Allievi di Renato Orzetti, altra compagine che si sta comportando bene dopo le prime partite giocate. I ragazzi di Agordo giocheranno in trasferta con la Dynamo. Nel pomeriggio di domani si gioca la quinta giornata della Terza Categoria. La squadra di Elvio Chiea non ha mai perso fino ad ora e prover\u00e0 a racimolare punti anche domani nella sfida con il San Vittore. Si gioca ad Agordo con calcio d\u2019inizio alle 15:30. Alla stessa ora in campo anche il Piave per una partita che si preannuncia combattuta contro la Dynamo Vellai.<\/p>\n<p><strong>ANDREA BALDASSI PORTAVOCE DEL PIAVE CALCIO<\/strong><\/p>\n<audio class=\"wp-audio-shortcode\" id=\"audio-356724-1\" preload=\"none\" style=\"width: 100%;\" controls=\"controls\"><source type=\"audio\/mpeg\" src=\"https:\/\/www.radiopiu.net\/wordpress\/wp-content\/uploads\/2023\/10\/balda-cerra.mp3?_=1\" \/><a href=\"https:\/\/www.radiopiu.net\/wordpress\/wp-content\/uploads\/2023\/10\/balda-cerra.mp3\">https:\/\/www.radiopiu.net\/wordpress\/wp-content\/uploads\/2023\/10\/balda-cerra.mp3<\/a><\/audio>\n<p>&nbsp;<\/p>\n<p>&nbsp;<\/p>\n<p>*******<\/p>\n","protected":false},"excerpt":{"rendered":"<p>di Marco Gaz REDAZIONE Continuano i fine settimana calcistici delle squadre dell\u2019Agordina Calcio nei vari campionati provinciali LND. Dal settore giovanile alla prima squadra tutte le compagini di Agordo saranno impegnate tra oggi e domani sui campi della provincia. Ad aprire il fine settimana calcistico degli agordini sono i Giovanissimi Provinciali con le due squadre&hellip;<\/p>\n","protected":false},"author":4,"featured_media":322076,"comment_status":"closed","ping_status":"closed","sticky":false,"template":"","format":"standard","meta":{"_monsterinsights_skip_tracking":false,"_monsterinsights_sitenote_active":false,"_monsterinsights_sitenote_note":"","_monsterinsights_sitenote_category":0,"footnotes":""},"categories":[49],"tags":[],"class_list":["post-356724","post","type-post","status-publish","format-standard","has-post-thumbnail","hentry","category-news-18","category-49","description-off"],"img_url":"https:\/\/www.radiopiu.net\/wordpress\/wp-content\/uploads\/2023\/02\/CALCIO-PALLONE.png","_links":{"self":[{"href":"https:\/\/www.radiopiu.net\/wordpress\/wp-json\/wp\/v2\/posts\/356724","targetHints":{"allow":["GET"]}}],"collection":[{"href":"https:\/\/www.radiopiu.net\/wordpress\/wp-json\/wp\/v2\/posts"}],"about":[{"href":"https:\/\/www.radiopiu.net\/wordpress\/wp-json\/wp\/v2\/types\/post"}],"author":[{"embeddable":true,"href":"https:\/\/www.radiopiu.net\/wordpress\/wp-json\/wp\/v2\/users\/4"}],"replies":[{"embeddable":true,"href":"https:\/\/www.radiopiu.net\/wordpress\/wp-json\/wp\/v2\/comments?post=356724"}],"version-history":[{"count":0,"href":"https:\/\/www.radiopiu.net\/wordpress\/wp-json\/wp\/v2\/posts\/356724\/revisions"}],"wp:featuredmedia":[{"embeddable":true,"href":"https:\/\/www.radiopiu.net\/wordpress\/wp-json\/wp\/v2\/media\/322076"}],"wp:attachment":[{"href":"https:\/\/www.radiopiu.net\/wordpress\/wp-json\/wp\/v2\/media?parent=356724"}],"wp:term":[{"taxonomy":"category","embeddable":true,"href":"https:\/\/www.radiopiu.net\/wordpress\/wp-json\/wp\/v2\/categories?post=356724"},{"taxonomy":"post_tag","embeddable":true,"href":"https:\/\/www.radiopiu.net\/wordpress\/wp-json\/wp\/v2\/tags?post=356724"}],"curies":[{"name":"wp","href":"https:\/\/api.w.org\/{rel}","templated":true}]}}