{"id":356745,"date":"2023-10-13T16:35:41","date_gmt":"2023-10-13T14:35:41","guid":{"rendered":"https:\/\/www.radiopiu.net\/wordpress\/?p=356745"},"modified":"2023-10-13T16:35:41","modified_gmt":"2023-10-13T14:35:41","slug":"stefania-e-il-carillon-degli-u2","status":"publish","type":"post","link":"https:\/\/www.radiopiu.net\/wordpress\/stefania-e-il-carillon-degli-u2\/","title":{"rendered":"STEFANIA E IL CARILLON DEGLI U2"},"content":{"rendered":"<p><strong>REDAZIONE<\/strong> Stefania \u00e8 una fan degli U2 e tra qualche giorno sar\u00e0 il suo compleanno. Stefania vive a Ponte nelle alpi ed ogni anno in occasione del compleanno di Bono Vox prepara una torta per festeggiare la data. Ora il regalo \u00e8 arrivato a lei dal fans club del gruppo. Una scatoletta con una piccola maniglietta da girare in cui si sentono le note di Stay. A creare questo oggetto Davide Caccavale di Caserta. Davide gestiva un pub tutto dedicato agli U2. Ad inizio anno Davide decide di ricreare questo carillon, carillon che si vede e si sente nel video clip di Stay (Faraway, So Close). Davide riesce a maggio a consegnare questo piccolo oggetto creato interamente a mano a Bono a Napoli quando Bono era l\u00ec per la presentazione del suo libro . E questo piccolo oggetto grazie a Davide diventa un pezzo da collezione che nessun fan degli U2 non pu\u00f2 non avere.<\/p>\n<div style=\"width: 848px;\" class=\"wp-video\"><video class=\"wp-video-shortcode\" id=\"video-356745-1\" width=\"848\" height=\"480\" preload=\"metadata\" controls=\"controls\"><source type=\"video\/mp4\" src=\"https:\/\/www.radiopiu.net\/wordpress\/wp-content\/uploads\/2023\/10\/WhatsApp-Video-2023-10-13-at-12.01.38.mp4?_=1\" \/><a href=\"https:\/\/www.radiopiu.net\/wordpress\/wp-content\/uploads\/2023\/10\/WhatsApp-Video-2023-10-13-at-12.01.38.mp4\">https:\/\/www.radiopiu.net\/wordpress\/wp-content\/uploads\/2023\/10\/WhatsApp-Video-2023-10-13-at-12.01.38.mp4<\/a><\/video><\/div>\n<p>&nbsp;<\/p>\n\n\t\t\t<style type='text\/css'>\n\t\t\t\t#gallery-1 {\n\t\t\t\t\tmargin: auto;\n\t\t\t\t}\n\t\t\t\t#gallery-1 .gallery-item {\n\t\t\t\t\tfloat: left;\n\t\t\t\t\tmargin-top: 10px;\n\t\t\t\t\ttext-align: center;\n\t\t\t\t\twidth: 50%;\n\t\t\t\t}\n\t\t\t\t#gallery-1 img {\n\t\t\t\t\tborder: 2px solid #cfcfcf;\n\t\t\t\t}\n\t\t\t\t#gallery-1 .gallery-caption {\n\t\t\t\t\tmargin-left: 0;\n\t\t\t\t}\n\t\t\t\t\/* see gallery_shortcode() in wp-includes\/media.php *\/\n\t\t\t<\/style>\n\t\t<div id='gallery-1' class='dt-gallery-container gallery galleryid-356745 gallery-columns-2 gallery-size-thumbnail'><dl class='gallery-item'>\n\t\t\t\t<dt class='gallery-icon portrait'>\n\t\t\t\t\t<a class=\"rollover rollover-zoom dt-pswp-item\" title=\"5ac72acd-12fe-4f9d-90bc-0f9c05f56d43\" data-dt-img-description=\"\" data-large_image_width=\"1536\" data-large_image_height=\"2048\"href='https:\/\/www.radiopiu.net\/wordpress\/wp-content\/uploads\/2023\/10\/5ac72acd-12fe-4f9d-90bc-0f9c05f56d43.jpg'><img loading=\"lazy\" decoding=\"async\" width=\"150\" height=\"150\" src=\"https:\/\/www.radiopiu.net\/wordpress\/wp-content\/uploads\/2023\/10\/5ac72acd-12fe-4f9d-90bc-0f9c05f56d43-150x150.jpg\" class=\"attachment-thumbnail size-thumbnail\" alt=\"\" \/><\/a>\n\t\t\t\t<\/dt><\/dl><dl class='gallery-item'>\n\t\t\t\t<dt class='gallery-icon portrait'>\n\t\t\t\t\t<a class=\"rollover rollover-zoom dt-pswp-item\" title=\"365b6d26-5f42-4efe-93ba-1ff074c40aff\" data-dt-img-description=\"\" data-large_image_width=\"1536\" data-large_image_height=\"2048\"href='https:\/\/www.radiopiu.net\/wordpress\/wp-content\/uploads\/2023\/10\/365b6d26-5f42-4efe-93ba-1ff074c40aff.jpg'><img loading=\"lazy\" decoding=\"async\" width=\"150\" height=\"150\" src=\"https:\/\/www.radiopiu.net\/wordpress\/wp-content\/uploads\/2023\/10\/365b6d26-5f42-4efe-93ba-1ff074c40aff-150x150.jpg\" class=\"attachment-thumbnail size-thumbnail\" alt=\"\" \/><\/a>\n\t\t\t\t<\/dt><\/dl><br style=\"clear: both\" \/>\n\t\t\t<\/div>\n\n<hr \/>\n<p>&nbsp;<\/p>\n<p>ARCHIVIO RADIOPIU maggio 2023<\/p>\n<div class=\"page-title-head hgroup\">\n<h3 class=\"entry-title\">DA DEDICHE E RICHIESTE\u2026STEFANIA E LA SUA PASSIONE PER BONO VOX<\/h3>\n<\/div>\n<div class=\"page-title-breadcrumbs\"><\/div>\n<p><strong><a class=\"dt-pswp-item\" href=\"https:\/\/www.radiopiu.net\/wordpress\/wp-content\/uploads\/2022\/05\/b385cf17-8354-4498-a771-3d82c1fc9486.jpg\" data-dt-img-description=\"\" data-large_image_width=\"1600\" data-large_image_height=\"1200\"><img loading=\"lazy\" decoding=\"async\" class=\" wp-image-335231 alignleft\" src=\"https:\/\/www.radiopiu.net\/wordpress\/wp-content\/uploads\/2022\/05\/b385cf17-8354-4498-a771-3d82c1fc9486-300x225.jpg\" alt=\"\" width=\"133\" height=\"100\" srcset=\"https:\/\/www.radiopiu.net\/wordpress\/wp-content\/uploads\/2022\/05\/b385cf17-8354-4498-a771-3d82c1fc9486-300x225.jpg 300w, https:\/\/www.radiopiu.net\/wordpress\/wp-content\/uploads\/2022\/05\/b385cf17-8354-4498-a771-3d82c1fc9486-1024x768.jpg 1024w, https:\/\/www.radiopiu.net\/wordpress\/wp-content\/uploads\/2022\/05\/b385cf17-8354-4498-a771-3d82c1fc9486-768x576.jpg 768w, https:\/\/www.radiopiu.net\/wordpress\/wp-content\/uploads\/2022\/05\/b385cf17-8354-4498-a771-3d82c1fc9486-1536x1152.jpg 1536w, https:\/\/www.radiopiu.net\/wordpress\/wp-content\/uploads\/2022\/05\/b385cf17-8354-4498-a771-3d82c1fc9486.jpg 1600w\" sizes=\"auto, (max-width: 133px) 100vw, 133px\" \/><\/a>REDAZIONE<\/strong> Stefania \u00e8 una fan degli U2 e pi\u00f9 precisamente del frontman Bono Vox. Ogni 10 maggio si fa fare una torta dal suo pasticciere di fiducia, Cristiano Gaggion di Bastia D&#8217;Alpago,\u00a0 per festeggiare il suo idolo nel giorno del compleanno del cantante irlandese. Stefania ha mandato la foto della torta per informarci del compleanno di Bono e in automatico \u00e8 stata ospite di dediche e richieste dove ci ha fatto capire che \u00e8 una vera fan degli U2. Chiss\u00e0 che la notizia che abbiamo pubblicato non arrivi veramente a Bono e che un giorno non ci sia l&#8217;occasione per farli incontrare&#8230;.<\/p>\n<p><strong>STEFANIA<\/strong><\/p>\n<audio class=\"wp-audio-shortcode\" id=\"audio-356745-1\" preload=\"none\" style=\"width: 100%;\" controls=\"controls\"><source type=\"audio\/mpeg\" src=\"https:\/\/www.radiopiu.net\/wordpress\/wp-content\/uploads\/2023\/05\/DEDICHE-STEFANIA.mp3?_=1\" \/><a href=\"https:\/\/www.radiopiu.net\/wordpress\/wp-content\/uploads\/2023\/05\/DEDICHE-STEFANIA.mp3\">https:\/\/www.radiopiu.net\/wordpress\/wp-content\/uploads\/2023\/05\/DEDICHE-STEFANIA.mp3<\/a><\/audio>\n<p>&nbsp;<\/p>\n<p>&nbsp;<\/p>\n<p>*******<\/p>\n","protected":false},"excerpt":{"rendered":"<p>REDAZIONE Stefania \u00e8 una fan degli U2 e tra qualche giorno sar\u00e0 il suo compleanno. Stefania vive a Ponte nelle alpi ed ogni anno in occasione del compleanno di Bono Vox prepara una torta per festeggiare la data. Ora il regalo \u00e8 arrivato a lei dal fans club del gruppo. Una scatoletta con una piccola&hellip;<\/p>\n","protected":false},"author":4,"featured_media":356749,"comment_status":"closed","ping_status":"closed","sticky":false,"template":"","format":"standard","meta":{"_monsterinsights_skip_tracking":false,"_monsterinsights_sitenote_active":false,"_monsterinsights_sitenote_note":"","_monsterinsights_sitenote_category":0,"footnotes":""},"categories":[104,49],"tags":[],"class_list":["post-356745","post","type-post","status-publish","format-standard","has-post-thumbnail","hentry","category-evidenza_3","category-news-18","category-104","category-49","description-off"],"img_url":"https:\/\/www.radiopiu.net\/wordpress\/wp-content\/uploads\/2023\/10\/SCR-20231013-kyze.jpeg","_links":{"self":[{"href":"https:\/\/www.radiopiu.net\/wordpress\/wp-json\/wp\/v2\/posts\/356745","targetHints":{"allow":["GET"]}}],"collection":[{"href":"https:\/\/www.radiopiu.net\/wordpress\/wp-json\/wp\/v2\/posts"}],"about":[{"href":"https:\/\/www.radiopiu.net\/wordpress\/wp-json\/wp\/v2\/types\/post"}],"author":[{"embeddable":true,"href":"https:\/\/www.radiopiu.net\/wordpress\/wp-json\/wp\/v2\/users\/4"}],"replies":[{"embeddable":true,"href":"https:\/\/www.radiopiu.net\/wordpress\/wp-json\/wp\/v2\/comments?post=356745"}],"version-history":[{"count":0,"href":"https:\/\/www.radiopiu.net\/wordpress\/wp-json\/wp\/v2\/posts\/356745\/revisions"}],"wp:featuredmedia":[{"embeddable":true,"href":"https:\/\/www.radiopiu.net\/wordpress\/wp-json\/wp\/v2\/media\/356749"}],"wp:attachment":[{"href":"https:\/\/www.radiopiu.net\/wordpress\/wp-json\/wp\/v2\/media?parent=356745"}],"wp:term":[{"taxonomy":"category","embeddable":true,"href":"https:\/\/www.radiopiu.net\/wordpress\/wp-json\/wp\/v2\/categories?post=356745"},{"taxonomy":"post_tag","embeddable":true,"href":"https:\/\/www.radiopiu.net\/wordpress\/wp-json\/wp\/v2\/tags?post=356745"}],"curies":[{"name":"wp","href":"https:\/\/api.w.org\/{rel}","templated":true}]}}