{"id":356757,"date":"2023-10-14T05:27:20","date_gmt":"2023-10-14T03:27:20","guid":{"rendered":"https:\/\/www.radiopiu.net\/wordpress\/?p=356757"},"modified":"2023-10-14T05:39:59","modified_gmt":"2023-10-14T03:39:59","slug":"soccorsa-escursionista-sul-pelmo","status":"publish","type":"post","link":"https:\/\/www.radiopiu.net\/wordpress\/soccorsa-escursionista-sul-pelmo\/","title":{"rendered":"SOCCORSA ESCURSIONISTA SUL PELMO\u00a0"},"content":{"rendered":"<p>Attorno alle 13.30 l&#8217;elicottero del Suem di Pieve di Cadore \u00e8 volato lungo la normale al Pelmo, poich\u00e9 un&#8217;escursionista era caduta sul sentiero facendosi male. La 63enne di Selva di Cadore (BL), che si trovava con un&#8217;amica a 2.500 metri di quota, \u00e8 stata raggiunta da equipe medica e tecnico di elisoccorso, sbarcati nelle vicinanze con il verricello. Prestate le prime cure per un sospetto trauma alla gamba, la donna \u00e8 stata imbarellata e issata a bordo assieme alla compagna, lasciata a Zopp\u00e8 di Cadore dove aveva la macchina. L&#8217;infortunata \u00e8 stata trasportata all&#8217;ospedale di Belluno.<\/p>\n<p>&nbsp;<\/p>\n<p>&nbsp;<\/p>\n<p>&nbsp;<\/p>\n<hr \/>\n<p>&nbsp;<\/p>\n","protected":false},"excerpt":{"rendered":"<p>Attorno alle 13.30 l&#8217;elicottero del Suem di Pieve di Cadore \u00e8 volato lungo la normale al Pelmo, poich\u00e9 un&#8217;escursionista era caduta sul sentiero facendosi male. La 63enne di Selva di Cadore (BL), che si trovava con un&#8217;amica a 2.500 metri di quota, \u00e8 stata raggiunta da equipe medica e tecnico di elisoccorso, sbarcati nelle vicinanze&hellip;<\/p>\n","protected":false},"author":4,"featured_media":356756,"comment_status":"closed","ping_status":"closed","sticky":false,"template":"","format":"standard","meta":{"_monsterinsights_skip_tracking":false,"_monsterinsights_sitenote_active":false,"_monsterinsights_sitenote_note":"","_monsterinsights_sitenote_category":0,"footnotes":""},"categories":[51,49],"tags":[],"class_list":["post-356757","post","type-post","status-publish","format-standard","has-post-thumbnail","hentry","category-evidenza-top","category-news-18","category-51","category-49","description-off"],"img_url":"https:\/\/www.radiopiu.net\/wordpress\/wp-content\/uploads\/2023\/08\/Watermark_20231013_155241_363.jpg","_links":{"self":[{"href":"https:\/\/www.radiopiu.net\/wordpress\/wp-json\/wp\/v2\/posts\/356757","targetHints":{"allow":["GET"]}}],"collection":[{"href":"https:\/\/www.radiopiu.net\/wordpress\/wp-json\/wp\/v2\/posts"}],"about":[{"href":"https:\/\/www.radiopiu.net\/wordpress\/wp-json\/wp\/v2\/types\/post"}],"author":[{"embeddable":true,"href":"https:\/\/www.radiopiu.net\/wordpress\/wp-json\/wp\/v2\/users\/4"}],"replies":[{"embeddable":true,"href":"https:\/\/www.radiopiu.net\/wordpress\/wp-json\/wp\/v2\/comments?post=356757"}],"version-history":[{"count":0,"href":"https:\/\/www.radiopiu.net\/wordpress\/wp-json\/wp\/v2\/posts\/356757\/revisions"}],"wp:featuredmedia":[{"embeddable":true,"href":"https:\/\/www.radiopiu.net\/wordpress\/wp-json\/wp\/v2\/media\/356756"}],"wp:attachment":[{"href":"https:\/\/www.radiopiu.net\/wordpress\/wp-json\/wp\/v2\/media?parent=356757"}],"wp:term":[{"taxonomy":"category","embeddable":true,"href":"https:\/\/www.radiopiu.net\/wordpress\/wp-json\/wp\/v2\/categories?post=356757"},{"taxonomy":"post_tag","embeddable":true,"href":"https:\/\/www.radiopiu.net\/wordpress\/wp-json\/wp\/v2\/tags?post=356757"}],"curies":[{"name":"wp","href":"https:\/\/api.w.org\/{rel}","templated":true}]}}