{"id":356777,"date":"2023-10-13T17:09:51","date_gmt":"2023-10-13T15:09:51","guid":{"rendered":"https:\/\/www.radiopiu.net\/wordpress\/?p=356777"},"modified":"2023-10-14T04:44:38","modified_gmt":"2023-10-14T02:44:38","slug":"dillo-a-radio-piu-quando-valpe-si-dimentica-di-noi","status":"publish","type":"post","link":"https:\/\/www.radiopiu.net\/wordpress\/dillo-a-radio-piu-quando-valpe-si-dimentica-di-noi\/","title":{"rendered":"DILLO A RADIO PIU &#8220;QUANDO VALPE SI DIMENTICA DI NOI&#8230;&#8221;"},"content":{"rendered":"<p>Da San Tomaso e Cencenighe , riceviamo e pubblichiamo<\/p>\n<p><em><strong>Nella solita via Vare di San Tomaso&#8230; <\/strong><\/em><\/p>\n<p>Ogni\u00a0 tot mesi questa Via viene dimenticata. Ormai \u00e8 un annoso dejavou\u00a0 Speriamo che&#8221; fino a luned\u00ec i cervi e altri animali selvatici (che&#8221; non hanno colpe &#8220;) non mettano a soqquadro i bidoni&#8230;allora li sar\u00e0 tutto per terra.<br \/>\nUn utente stufo dell&#8217;ennesimo disagio<\/p>\n<p><strong>e non solo a San Tomaso<\/strong><\/p>\n<div dir=\"auto\">Vedendo la notizia che a Vare di San Tomaso Agordino non son passati a fare la raccolta delle umido gli operatori Valpe, segnalo lo stesso disservizio a Pra di Mezzo,frazione di Cencenighe. Da notare che essendo noi utenti &#8220;periferici&#8221; passano solo il venerd\u00ec per la raccolta umido. Adesso aspettiamo venerd\u00ec prossimo? Ho gi\u00e0 mandato email a Valpe nel primo pomeriggio ho provato a telefonare purtroppo senza ricevere alcuna risposta.<\/div>\n<div dir=\"auto\">Alfonso<\/div>\n\n\t\t\t<style type='text\/css'>\n\t\t\t\t#gallery-1 {\n\t\t\t\t\tmargin: auto;\n\t\t\t\t}\n\t\t\t\t#gallery-1 .gallery-item {\n\t\t\t\t\tfloat: left;\n\t\t\t\t\tmargin-top: 10px;\n\t\t\t\t\ttext-align: center;\n\t\t\t\t\twidth: 50%;\n\t\t\t\t}\n\t\t\t\t#gallery-1 img {\n\t\t\t\t\tborder: 2px solid #cfcfcf;\n\t\t\t\t}\n\t\t\t\t#gallery-1 .gallery-caption {\n\t\t\t\t\tmargin-left: 0;\n\t\t\t\t}\n\t\t\t\t\/* see gallery_shortcode() in wp-includes\/media.php *\/\n\t\t\t<\/style>\n\t\t<div id='gallery-1' class='dt-gallery-container gallery galleryid-356777 gallery-columns-2 gallery-size-medium'><dl class='gallery-item'>\n\t\t\t\t<dt class='gallery-icon portrait'>\n\t\t\t\t\t<a class=\"rollover rollover-zoom dt-pswp-item\" title=\"89f00418-542a-41a0-be7b-9c70f5283b55\" data-dt-img-description=\"\" data-large_image_width=\"980\" data-large_image_height=\"2016\"href='https:\/\/www.radiopiu.net\/wordpress\/wp-content\/uploads\/2023\/10\/89f00418-542a-41a0-be7b-9c70f5283b55.jpg'><img loading=\"lazy\" decoding=\"async\" width=\"146\" height=\"300\" src=\"https:\/\/www.radiopiu.net\/wordpress\/wp-content\/uploads\/2023\/10\/89f00418-542a-41a0-be7b-9c70f5283b55-146x300.jpg\" class=\"attachment-medium size-medium\" alt=\"\" srcset=\"https:\/\/www.radiopiu.net\/wordpress\/wp-content\/uploads\/2023\/10\/89f00418-542a-41a0-be7b-9c70f5283b55-146x300.jpg 146w, https:\/\/www.radiopiu.net\/wordpress\/wp-content\/uploads\/2023\/10\/89f00418-542a-41a0-be7b-9c70f5283b55-498x1024.jpg 498w, https:\/\/www.radiopiu.net\/wordpress\/wp-content\/uploads\/2023\/10\/89f00418-542a-41a0-be7b-9c70f5283b55-768x1580.jpg 768w, https:\/\/www.radiopiu.net\/wordpress\/wp-content\/uploads\/2023\/10\/89f00418-542a-41a0-be7b-9c70f5283b55-747x1536.jpg 747w, https:\/\/www.radiopiu.net\/wordpress\/wp-content\/uploads\/2023\/10\/89f00418-542a-41a0-be7b-9c70f5283b55.jpg 980w\" sizes=\"auto, (max-width: 146px) 100vw, 146px\" \/><\/a>\n\t\t\t\t<\/dt><\/dl><dl class='gallery-item'>\n\t\t\t\t<dt class='gallery-icon portrait'>\n\t\t\t\t\t<a class=\"rollover rollover-zoom dt-pswp-item\" title=\"b3d6a751-f3b5-48b4-99b2-864aa9414083\" data-dt-img-description=\"\" data-large_image_width=\"980\" data-large_image_height=\"2016\"href='https:\/\/www.radiopiu.net\/wordpress\/wp-content\/uploads\/2023\/10\/b3d6a751-f3b5-48b4-99b2-864aa9414083.jpg'><img loading=\"lazy\" decoding=\"async\" width=\"146\" height=\"300\" src=\"https:\/\/www.radiopiu.net\/wordpress\/wp-content\/uploads\/2023\/10\/b3d6a751-f3b5-48b4-99b2-864aa9414083-146x300.jpg\" class=\"attachment-medium size-medium\" alt=\"\" srcset=\"https:\/\/www.radiopiu.net\/wordpress\/wp-content\/uploads\/2023\/10\/b3d6a751-f3b5-48b4-99b2-864aa9414083-146x300.jpg 146w, https:\/\/www.radiopiu.net\/wordpress\/wp-content\/uploads\/2023\/10\/b3d6a751-f3b5-48b4-99b2-864aa9414083-498x1024.jpg 498w, https:\/\/www.radiopiu.net\/wordpress\/wp-content\/uploads\/2023\/10\/b3d6a751-f3b5-48b4-99b2-864aa9414083-768x1580.jpg 768w, https:\/\/www.radiopiu.net\/wordpress\/wp-content\/uploads\/2023\/10\/b3d6a751-f3b5-48b4-99b2-864aa9414083-747x1536.jpg 747w, https:\/\/www.radiopiu.net\/wordpress\/wp-content\/uploads\/2023\/10\/b3d6a751-f3b5-48b4-99b2-864aa9414083.jpg 980w\" sizes=\"auto, (max-width: 146px) 100vw, 146px\" \/><\/a>\n\t\t\t\t<\/dt><\/dl><br style=\"clear: both\" \/>\n\t\t\t<\/div>\n\n<p>&nbsp;<\/p>\n<hr \/>\n<p>&nbsp;<\/p>\n<p>&nbsp;<\/p>\n<p>..<\/p>\n","protected":false},"excerpt":{"rendered":"<p>Da San Tomaso e Cencenighe , riceviamo e pubblichiamo Nella solita via Vare di San Tomaso&#8230; Ogni\u00a0 tot mesi questa Via viene dimenticata. Ormai \u00e8 un annoso dejavou\u00a0 Speriamo che&#8221; fino a luned\u00ec i cervi e altri animali selvatici (che&#8221; non hanno colpe &#8220;) non mettano a soqquadro i bidoni&#8230;allora li sar\u00e0 tutto per terra.&hellip;<\/p>\n","protected":false},"author":4,"featured_media":356776,"comment_status":"closed","ping_status":"closed","sticky":false,"template":"","format":"standard","meta":{"_monsterinsights_skip_tracking":false,"_monsterinsights_sitenote_active":false,"_monsterinsights_sitenote_note":"","_monsterinsights_sitenote_category":0,"footnotes":""},"categories":[51,49],"tags":[],"class_list":["post-356777","post","type-post","status-publish","format-standard","has-post-thumbnail","hentry","category-evidenza-top","category-news-18","category-51","category-49","description-off"],"img_url":"https:\/\/www.radiopiu.net\/wordpress\/wp-content\/uploads\/2023\/10\/b3d6a751-f3b5-48b4-99b2-864aa9414083.jpg","_links":{"self":[{"href":"https:\/\/www.radiopiu.net\/wordpress\/wp-json\/wp\/v2\/posts\/356777","targetHints":{"allow":["GET"]}}],"collection":[{"href":"https:\/\/www.radiopiu.net\/wordpress\/wp-json\/wp\/v2\/posts"}],"about":[{"href":"https:\/\/www.radiopiu.net\/wordpress\/wp-json\/wp\/v2\/types\/post"}],"author":[{"embeddable":true,"href":"https:\/\/www.radiopiu.net\/wordpress\/wp-json\/wp\/v2\/users\/4"}],"replies":[{"embeddable":true,"href":"https:\/\/www.radiopiu.net\/wordpress\/wp-json\/wp\/v2\/comments?post=356777"}],"version-history":[{"count":0,"href":"https:\/\/www.radiopiu.net\/wordpress\/wp-json\/wp\/v2\/posts\/356777\/revisions"}],"wp:featuredmedia":[{"embeddable":true,"href":"https:\/\/www.radiopiu.net\/wordpress\/wp-json\/wp\/v2\/media\/356776"}],"wp:attachment":[{"href":"https:\/\/www.radiopiu.net\/wordpress\/wp-json\/wp\/v2\/media?parent=356777"}],"wp:term":[{"taxonomy":"category","embeddable":true,"href":"https:\/\/www.radiopiu.net\/wordpress\/wp-json\/wp\/v2\/categories?post=356777"},{"taxonomy":"post_tag","embeddable":true,"href":"https:\/\/www.radiopiu.net\/wordpress\/wp-json\/wp\/v2\/tags?post=356777"}],"curies":[{"name":"wp","href":"https:\/\/api.w.org\/{rel}","templated":true}]}}