{"id":356787,"date":"2023-10-13T17:44:10","date_gmt":"2023-10-13T15:44:10","guid":{"rendered":"https:\/\/www.radiopiu.net\/wordpress\/?p=356787"},"modified":"2023-10-13T17:44:10","modified_gmt":"2023-10-13T15:44:10","slug":"un-anno-di-impegno-e-crescita-per-siamo-belluno-dallattualita-a-progetti-futuri","status":"publish","type":"post","link":"https:\/\/www.radiopiu.net\/wordpress\/un-anno-di-impegno-e-crescita-per-siamo-belluno-dallattualita-a-progetti-futuri\/","title":{"rendered":"Un anno di impegno e crescita per SiAmo Belluno: dall&#8217;attualit\u00e0 a progetti futuri"},"content":{"rendered":"<p><strong><img loading=\"lazy\" decoding=\"async\" class=\"alignleft\" src=\"https:\/\/www.radiopiu.net\/wordpress\/wp-content\/uploads\/2022\/10\/SIAMO-BELLUNO.png\" width=\"161\" height=\"169\" \/>BELLUNO<\/strong> Un anno fa, nasceva SiAmo Belluno, associazione cittadina con l&#8217;obiettivo di affrontare le questioni pi\u00f9 urgenti che interessano la comunit\u00e0. Nel settore dei trasporti, SiAmo Belluno ha proposto un&#8217;innovativa soluzione: il trasporto a chiamata, mettendo in luce l&#8217;importanza di rispondere tempestivamente alla carenza di autisti, anzich\u00e9 rimandare l&#8217;azione. La discussione sulla situazione del sistema scolastico \u00e8 stata altrettanto rilevante, evidenziando la necessit\u00e0 di affrontare tematiche conosciute da tempo e sulle quali poco \u00e8 stato fatto. In merito alla sanit\u00e0 provinciale, l&#8217;associazione ha sollevato legittime perplessit\u00e0 riguardo alla scelta del Direttore Generale dell&#8217;ULSS, considerando le specificit\u00e0 dell&#8217;area montana. Tuttavia, \u00e8 incoraggiante notare un &#8220;fermento positivo&#8221; nelle attivit\u00e0 amministrative sanitarie di Belluno dopo queste discussioni. Un altro argomento caldo \u00e8 stato il Neveg\u00e0l, trattato in un incontro con una sala affollata di 70 persone. SiAmo Belluno ha anche collaborato con Belluno Donna,\u00a0 ha affrontato altre questioni comunali.\u00a0 Il gruppo ha annunciato la prossima proposta di un evento culturale e un progetto sociale.<\/p>\n<p>&nbsp;<\/p>\n<p>&nbsp;<\/p>\n<p>___<\/p>\n","protected":false},"excerpt":{"rendered":"<p>BELLUNO Un anno fa, nasceva SiAmo Belluno, associazione cittadina con l&#8217;obiettivo di affrontare le questioni pi\u00f9 urgenti che interessano la comunit\u00e0. Nel settore dei trasporti, SiAmo Belluno ha proposto un&#8217;innovativa soluzione: il trasporto a chiamata, mettendo in luce l&#8217;importanza di rispondere tempestivamente alla carenza di autisti, anzich\u00e9 rimandare l&#8217;azione. La discussione sulla situazione del sistema&hellip;<\/p>\n","protected":false},"author":4,"featured_media":300132,"comment_status":"closed","ping_status":"closed","sticky":false,"template":"","format":"standard","meta":{"_monsterinsights_skip_tracking":false,"_monsterinsights_sitenote_active":false,"_monsterinsights_sitenote_note":"","_monsterinsights_sitenote_category":0,"footnotes":""},"categories":[49],"tags":[],"class_list":["post-356787","post","type-post","status-publish","format-standard","has-post-thumbnail","hentry","category-news-18","category-49","description-off"],"img_url":"https:\/\/www.radiopiu.net\/wordpress\/wp-content\/uploads\/2022\/10\/SIAMO-BELLUNO.png","_links":{"self":[{"href":"https:\/\/www.radiopiu.net\/wordpress\/wp-json\/wp\/v2\/posts\/356787","targetHints":{"allow":["GET"]}}],"collection":[{"href":"https:\/\/www.radiopiu.net\/wordpress\/wp-json\/wp\/v2\/posts"}],"about":[{"href":"https:\/\/www.radiopiu.net\/wordpress\/wp-json\/wp\/v2\/types\/post"}],"author":[{"embeddable":true,"href":"https:\/\/www.radiopiu.net\/wordpress\/wp-json\/wp\/v2\/users\/4"}],"replies":[{"embeddable":true,"href":"https:\/\/www.radiopiu.net\/wordpress\/wp-json\/wp\/v2\/comments?post=356787"}],"version-history":[{"count":0,"href":"https:\/\/www.radiopiu.net\/wordpress\/wp-json\/wp\/v2\/posts\/356787\/revisions"}],"wp:featuredmedia":[{"embeddable":true,"href":"https:\/\/www.radiopiu.net\/wordpress\/wp-json\/wp\/v2\/media\/300132"}],"wp:attachment":[{"href":"https:\/\/www.radiopiu.net\/wordpress\/wp-json\/wp\/v2\/media?parent=356787"}],"wp:term":[{"taxonomy":"category","embeddable":true,"href":"https:\/\/www.radiopiu.net\/wordpress\/wp-json\/wp\/v2\/categories?post=356787"},{"taxonomy":"post_tag","embeddable":true,"href":"https:\/\/www.radiopiu.net\/wordpress\/wp-json\/wp\/v2\/tags?post=356787"}],"curies":[{"name":"wp","href":"https:\/\/api.w.org\/{rel}","templated":true}]}}